{"id":324600,"date":"2020-11-15T08:54:57","date_gmt":"2020-11-15T07:54:57","guid":{"rendered":"http:\/\/kapitalis.com\/tunisie\/?p=324600"},"modified":"2020-11-15T08:55:01","modified_gmt":"2020-11-15T07:55:01","slug":"le-poeme-du-dimanche-la-lumiere-point-la-ou-le-soleil-ne-brille-pas-de-dylan-thomas","status":"publish","type":"post","link":"https:\/\/kapitalis.com\/tunisie\/2020\/11\/15\/le-poeme-du-dimanche-la-lumiere-point-la-ou-le-soleil-ne-brille-pas-de-dylan-thomas\/","title":{"rendered":"Le po\u00e8me du dimanche: \u00abLa lumi\u00e8re point l\u00e0 o\u00f9 le soleil ne brille pas\u00bb de Dylan Thomas"},"content":{"rendered":"\n<figure class=\"wp-block-image size-large\"><img decoding=\"async\" src=\"http:\/\/kapitalis.com\/tunisie\/wp-content\/uploads\/2020\/11\/Dylan-Thomas.jpg\" alt=\"\" class=\"wp-image-324601\"\/><\/figure>\n\n\n\n<p><strong><em>Dylan Marlais Thomas n\u00e9 Swansea, ville c\u00f4ti\u00e8re du pays de Galles (Royaume-Uni) le 27 octobre 1914 et d\u00e9c\u00e9d\u00e9 le 9 novembre 1953 \u00e0 New York est un po\u00e8te et \u00e9crivain gallois. Il se d\u00e9finissait ainsi: \u00abJe contiens en moi une b\u00eate, un ange et un fou, et mon travail est leur expression\u00bb, en le confiant dans une lettre \u00e0 un ami. Le pr\u00e9sent po\u00e8me est traduit de l\u2019anglais par Patrick Reumaux.<\/em><\/strong><\/p>\n\n\n\n<!--more-->\n\n\n\n<p>Dylan Thomas est n\u00e9 d\u2019un p\u00e8re \u00e9crivain, David, dipl\u00f4m\u00e9 en anglais, qui poussa son fils \u00e0 parler anglais plut\u00f4t que le gallois que parlait sa m\u00e8re. Thomas fr\u00e9quenta la Swansea Grammar School (maintenant connue sous le nom de Bishop Gore School), \u00e9cole pour gar\u00e7ons o\u00f9 son p\u00e8re enseignait la litt\u00e9rature anglaise. C\u2019est dans un magazine scolaire que le jeune Thomas publie son premier po\u00e8me. Il quitta l\u2019\u00e9cole \u00e0 16 ans pour devenir reporter durant un an et demi.<\/p>\n\n\n\n<p>Thomas passa la majeure partie de son enfance \u00e0 Swansea, hormis de r\u00e9guliers voyages \u00e0 la ferme de Carmathen que poss\u00e9dait la famille de sa m\u00e8re. Ces s\u00e9jours ruraux, diff\u00e9rents de l\u2019atmosph\u00e8re de la ville, influenc\u00e8rent beaucoup son travail ce qu\u2019on remarque dans de nombreuses histoires courtes, dans des \u0153uvres radiophoniques ou encore dans le po\u00e8me \u2018\u2018Fern hill\u2019\u2019.<\/p>\n\n\n\n<p>Thomas \u00e9crivit la moiti\u00e9 de son \u0153uvre alors qu\u2019il vivait dans la maison familiale du 5 Cwmdonkin Drive (le po\u00e8me le plus connu \u00e9tant <em>\u2018\u2018And death shall have no dominion\u2019\u2019<\/em>). En novembre 1934, son premier recueil de po\u00e9sie, <em>\u2018\u201818 Poems\u2019\u2019<\/em>, est publi\u00e9. C\u2019\u00e9tait \u00e0 l\u2019\u00e9poque l\u2019un des jeunes po\u00e8tes les plus excitants \u00e9crivant en langue anglaise.<\/p>\n\n\n\n<p>En 1937, Thomas se marie avec Caitlin Macnamara (1913-1994). Le couple a trois enfants malgr\u00e9 une relation houleuse et entach\u00e9e par des \u00e9carts conjugaux. De cette Union naquirent trois enfants: Llewelyn (1939-2000), Aeronwy Thomas (1943-2009) et Colm Garan (1949-2012).<\/p>\n\n\n\n<p>Thomas aimait se vanter de sa consommation d\u2019alcool. Durant un accident survenu le 3 novembre 1953, il retourna au Chelsea Hotel de New York et d\u00e9clara:<em> \u00abI\u2019ve had 18 straight whiskies, I think this is a record\u00bb (\u00abJ\u2019ai bu 18 whiskies, je pense que c\u2019est un record\u00bb)<\/em>. Six jours plus tard, pendant sa tourn\u00e9e promotionnelle new-yorkaise \u00e0 la White Horse Tavern, de Greenwich Village (Manhattan,\u00c9tats-Unis), il s\u2019\u00e9vanouit apr\u00e8s avoir trop bu.<\/p>\n\n\n\n<p>Plus tard, Thomas mourut au St Vincent Hospital (New York) \u00e0 l\u2019\u00e2ge de 39 ans. La cause premi\u00e8re fut une pneumonie, accompagn\u00e9e d\u2019une faiblesse du foie et d\u2019une hypertension intra-cr\u00e2nienne en causes aggravantes. D\u2019apr\u00e8s Jack Heliker, ses derniers mots ont \u00e9t\u00e9 : <em>\u00abAfter 39 years, this is all I\u2019ve done\u00bb<\/em> (<em>\u00abEn 39 ans, c\u2019est tout ce que j\u2019ai fait\u00bb<\/em>). \u00c0 la suite de son d\u00e9c\u00e8s, son corps fut rapatri\u00e9 au pays de Galles pour \u00eatre enterr\u00e9 \u00e0 Laugharne, ville qu\u2019il appr\u00e9ciait. En 1994, sa femme Caitlin fut mise en terre \u00e0 ses c\u00f4t\u00e9s. Le caract\u00e8re et les hommes de Laugharne sont d\u00e9peints dans son \u0153uvre <em>\u2018\u2018Under Milk Wood\u2019\u2019.<\/em><\/p>\n\n\n\n<p><em>La lumi\u00e8re point l\u00e0 o\u00f9 le soleil ne brille pas<br>L\u00e0 o\u00f9 la mer ne s\u2019\u00e9tend pas, les eaux du c\u0153ur<br>Epandent leurs mar\u00e9es.<br>Et, spectres bris\u00e9s, des vers luisants plein la t\u00eate,<br>Les choses de lumi\u00e8re<br>Passent \u00e0 travers la chair l\u00e0 o\u00f9 la chair n\u2019habille pas les os.<\/em><\/p>\n\n\n\n<p><em>Une chandelle dans les cuisses<br>Echauffe la jeunesse et la graine et br\u00fble les graines de la vie.<br>L\u00e0 o\u00f9 la graine ne l\u00e8ve pas<br>Le fruit de l\u2019homme s\u2019ouvre dans les \u00e9toiles<br>Brillant comme une figue.<br>L\u00e0 o\u00f9 la cire n\u2019est pas, la chandelle montre ses cheveux.<\/em><\/p>\n\n\n\n<p><em>L\u2019aube point derri\u00e8re les yeux.<br>Des p\u00f4les du cr\u00e2ne et de l\u2019orteil, le sang venteux<br>Glisse comme une mer.<br>Ni cl\u00f4tur\u00e9es, ni jalonn\u00e9es, les gicl\u00e9es du ciel<br>Fusent \u00e0 la verge<br>R\u00e9v\u00e9lant dans un sourire l\u2019huile des larmes.<\/em><\/p>\n\n\n\n<p><em>La nuit dans les orbites arrondit<br>Comme une lune de poix la limite des globes.<br>Le jour \u00e9claire l\u2019os.<br>L\u00e0 o\u00f9 le froid n\u2019est pas, la morsure des vents fait tomber les \u00e9pingles<br>Qui retiennent les robes de l\u2019hiver ;<br>La taie du printemps pend au bord des paupi\u00e8res.<\/em><\/p>\n\n\n\n<p><em>La lumi\u00e8re point sur des lots secrets<br>Sur des cr\u00eates de pens\u00e9e o\u00f9 les pens\u00e9es sentent dans la pluie.<br>Quand meurent toutes les logiques<br>Le secret de la gl\u00e8be pousse \u00e0 travers l\u2019\u0153il<br>Et le sang saute dans le soleil.<br>Au-dessus des lopins incultes l\u2019aube fait halte.<\/em><\/p>\n\n\n\n<figure class=\"wp-block-embed-wordpress wp-block-embed is-type-wp-embed is-provider-kapitalis\"><div class=\"wp-block-embed__wrapper\">\n<blockquote class=\"wp-embedded-content\" data-secret=\"UgkQnjwHua\"><a href=\"https:\/\/kapitalis.com\/tunisie\/2020\/05\/03\/le-poeme-du-dimanche-elle-marche-dans-sa-beaute-de-lord-byron\/\">Le po\u00e8me du dimanche: \u2018\u2018Elle marche dans sa beaut\u00e9\u2019\u2019 de Lord Byron<\/a><\/blockquote><iframe loading=\"lazy\" class=\"wp-embedded-content\" sandbox=\"allow-scripts\" security=\"restricted\" style=\"position: absolute; clip: rect(1px, 1px, 1px, 1px);\" title=\"\u00ab\u00a0Le po\u00e8me du dimanche: \u2018\u2018Elle marche dans sa beaut\u00e9\u2019\u2019 de Lord Byron\u00a0\u00bb &#8212; Kapitalis\" src=\"https:\/\/kapitalis.com\/tunisie\/2020\/05\/03\/le-poeme-du-dimanche-elle-marche-dans-sa-beaute-de-lord-byron\/embed\/#?secret=NVWYyfNlDw#?secret=UgkQnjwHua\" data-secret=\"UgkQnjwHua\" width=\"600\" height=\"338\" frameborder=\"0\" marginwidth=\"0\" marginheight=\"0\" scrolling=\"no\"><\/iframe>\n<\/div><\/figure>\n","protected":false},"excerpt":{"rendered":"<p>Dylan Marlais Thomas n\u00e9 Swansea, ville c\u00f4ti\u00e8re du pays de Galles (Royaume-Uni) le 27 octobre 1914 et d\u00e9c\u00e9d\u00e9 le 9 novembre 1953 \u00e0 New York est un po\u00e8te et \u00e9crivain gallois. Il se d\u00e9finissait ainsi: \u00abJe contiens en moi une b\u00eate, un ange et un fou, et mon travail est leur expression\u00bb, en le confiant&#8230;<\/p>\n","protected":false},"author":8,"featured_media":324601,"comment_status":"open","ping_status":"open","sticky":false,"template":"","format":"standard","meta":{"footnotes":""},"categories":[992,994],"tags":[84813,84816,84815,84814],"class_list":["post-324600","post","type-post","status-publish","format-standard","has-post-thumbnail","hentry","category-a-la-une","category-culture","tag-dylan-thomas","tag-patrick-reumaux","tag-pays-de-galles","tag-swansea"],"yoast_head":"<!-- This site is optimized with the Yoast SEO plugin v26.6 - https:\/\/yoast.com\/wordpress\/plugins\/seo\/ -->\n<title>Le po\u00e8me du dimanche: \u00abLa lumi\u00e8re point l\u00e0 o\u00f9 le soleil ne brille pas\u00bb de Dylan Thomas - Kapitalis<\/title>\n<meta name=\"robots\" content=\"index, follow, max-snippet:-1, max-image-preview:large, max-video-preview:-1\" \/>\n<link rel=\"canonical\" href=\"https:\/\/kapitalis.com\/tunisie\/2020\/11\/15\/le-poeme-du-dimanche-la-lumiere-point-la-ou-le-soleil-ne-brille-pas-de-dylan-thomas\/\" \/>\n<meta property=\"og:locale\" content=\"fr_FR\" \/>\n<meta property=\"og:type\" content=\"article\" \/>\n<meta property=\"og:title\" content=\"Le po\u00e8me du dimanche: \u00abLa lumi\u00e8re point l\u00e0 o\u00f9 le soleil ne brille pas\u00bb de Dylan Thomas - Kapitalis\" \/>\n<meta property=\"og:description\" content=\"Dylan Marlais Thomas n\u00e9 Swansea, ville c\u00f4ti\u00e8re du pays de Galles (Royaume-Uni) le 27 octobre 1914 et d\u00e9c\u00e9d\u00e9 le 9 novembre 1953 \u00e0 New York est un po\u00e8te et \u00e9crivain gallois. Il se d\u00e9finissait ainsi: \u00abJe contiens en moi une b\u00eate, un ange et un fou, et mon travail est leur expression\u00bb, en le confiant...\" \/>\n<meta property=\"og:url\" content=\"https:\/\/kapitalis.com\/tunisie\/2020\/11\/15\/le-poeme-du-dimanche-la-lumiere-point-la-ou-le-soleil-ne-brille-pas-de-dylan-thomas\/\" \/>\n<meta property=\"og:site_name\" content=\"Kapitalis\" \/>\n<meta property=\"article:publisher\" content=\"https:\/\/www.facebook.com\/KapitalisInfo\/\" \/>\n<meta property=\"article:published_time\" content=\"2020-11-15T07:54:57+00:00\" \/>\n<meta property=\"article:modified_time\" content=\"2020-11-15T07:55:01+00:00\" \/>\n<meta property=\"og:image\" content=\"https:\/\/kapitalis.com\/tunisie\/wp-content\/uploads\/2022\/05\/kapitalis-logo-fb.png\" \/>\n\t<meta property=\"og:image:width\" content=\"1200\" \/>\n\t<meta property=\"og:image:height\" content=\"630\" \/>\n\t<meta property=\"og:image:type\" content=\"image\/png\" \/>\n<meta name=\"author\" content=\"webmaster kapitalis\" \/>\n<meta name=\"twitter:card\" content=\"summary_large_image\" \/>\n<meta name=\"twitter:creator\" content=\"@KapitalisInfo\" \/>\n<meta name=\"twitter:site\" content=\"@KapitalisInfo\" \/>\n<meta name=\"twitter:label1\" content=\"\u00c9crit par\" \/>\n\t<meta name=\"twitter:data1\" content=\"webmaster kapitalis\" \/>\n\t<meta name=\"twitter:label2\" content=\"Dur\u00e9e de lecture estim\u00e9e\" \/>\n\t<meta name=\"twitter:data2\" content=\"4 minutes\" \/>\n<script type=\"application\/ld+json\" class=\"yoast-schema-graph\">{\"@context\":\"https:\/\/schema.org\",\"@graph\":[{\"@type\":\"Article\",\"@id\":\"https:\/\/kapitalis.com\/tunisie\/2020\/11\/15\/le-poeme-du-dimanche-la-lumiere-point-la-ou-le-soleil-ne-brille-pas-de-dylan-thomas\/#article\",\"isPartOf\":{\"@id\":\"https:\/\/kapitalis.com\/tunisie\/2020\/11\/15\/le-poeme-du-dimanche-la-lumiere-point-la-ou-le-soleil-ne-brille-pas-de-dylan-thomas\/\"},\"author\":{\"name\":\"webmaster kapitalis\",\"@id\":\"https:\/\/kapitalis.com\/tunisie\/#\/schema\/person\/d71f33a9ca44f7bad4698210b480c8e9\"},\"headline\":\"Le po\u00e8me du dimanche: \u00abLa lumi\u00e8re point l\u00e0 o\u00f9 le soleil ne brille pas\u00bb de Dylan Thomas\",\"datePublished\":\"2020-11-15T07:54:57+00:00\",\"dateModified\":\"2020-11-15T07:55:01+00:00\",\"mainEntityOfPage\":{\"@id\":\"https:\/\/kapitalis.com\/tunisie\/2020\/11\/15\/le-poeme-du-dimanche-la-lumiere-point-la-ou-le-soleil-ne-brille-pas-de-dylan-thomas\/\"},\"wordCount\":793,\"commentCount\":0,\"publisher\":{\"@id\":\"https:\/\/kapitalis.com\/tunisie\/#organization\"},\"image\":{\"@id\":\"https:\/\/kapitalis.com\/tunisie\/2020\/11\/15\/le-poeme-du-dimanche-la-lumiere-point-la-ou-le-soleil-ne-brille-pas-de-dylan-thomas\/#primaryimage\"},\"thumbnailUrl\":\"\",\"keywords\":[\"Dylan Thomas\",\"Patrick Reumaux\",\"pays de Galles\",\"Swansea\"],\"articleSection\":[\"A LA UNE\",\"CULTURE\"],\"inLanguage\":\"fr-FR\",\"potentialAction\":[{\"@type\":\"CommentAction\",\"name\":\"Comment\",\"target\":[\"https:\/\/kapitalis.com\/tunisie\/2020\/11\/15\/le-poeme-du-dimanche-la-lumiere-point-la-ou-le-soleil-ne-brille-pas-de-dylan-thomas\/#respond\"]}]},{\"@type\":\"WebPage\",\"@id\":\"https:\/\/kapitalis.com\/tunisie\/2020\/11\/15\/le-poeme-du-dimanche-la-lumiere-point-la-ou-le-soleil-ne-brille-pas-de-dylan-thomas\/\",\"url\":\"https:\/\/kapitalis.com\/tunisie\/2020\/11\/15\/le-poeme-du-dimanche-la-lumiere-point-la-ou-le-soleil-ne-brille-pas-de-dylan-thomas\/\",\"name\":\"Le po\u00e8me du dimanche: \u00abLa lumi\u00e8re point l\u00e0 o\u00f9 le soleil ne brille pas\u00bb de Dylan Thomas - Kapitalis\",\"isPartOf\":{\"@id\":\"https:\/\/kapitalis.com\/tunisie\/#website\"},\"primaryImageOfPage\":{\"@id\":\"https:\/\/kapitalis.com\/tunisie\/2020\/11\/15\/le-poeme-du-dimanche-la-lumiere-point-la-ou-le-soleil-ne-brille-pas-de-dylan-thomas\/#primaryimage\"},\"image\":{\"@id\":\"https:\/\/kapitalis.com\/tunisie\/2020\/11\/15\/le-poeme-du-dimanche-la-lumiere-point-la-ou-le-soleil-ne-brille-pas-de-dylan-thomas\/#primaryimage\"},\"thumbnailUrl\":\"\",\"datePublished\":\"2020-11-15T07:54:57+00:00\",\"dateModified\":\"2020-11-15T07:55:01+00:00\",\"breadcrumb\":{\"@id\":\"https:\/\/kapitalis.com\/tunisie\/2020\/11\/15\/le-poeme-du-dimanche-la-lumiere-point-la-ou-le-soleil-ne-brille-pas-de-dylan-thomas\/#breadcrumb\"},\"inLanguage\":\"fr-FR\",\"potentialAction\":[{\"@type\":\"ReadAction\",\"target\":[\"https:\/\/kapitalis.com\/tunisie\/2020\/11\/15\/le-poeme-du-dimanche-la-lumiere-point-la-ou-le-soleil-ne-brille-pas-de-dylan-thomas\/\"]}]},{\"@type\":\"ImageObject\",\"inLanguage\":\"fr-FR\",\"@id\":\"https:\/\/kapitalis.com\/tunisie\/2020\/11\/15\/le-poeme-du-dimanche-la-lumiere-point-la-ou-le-soleil-ne-brille-pas-de-dylan-thomas\/#primaryimage\",\"url\":\"\",\"contentUrl\":\"\"},{\"@type\":\"BreadcrumbList\",\"@id\":\"https:\/\/kapitalis.com\/tunisie\/2020\/11\/15\/le-poeme-du-dimanche-la-lumiere-point-la-ou-le-soleil-ne-brille-pas-de-dylan-thomas\/#breadcrumb\",\"itemListElement\":[{\"@type\":\"ListItem\",\"position\":1,\"name\":\"Accueil\",\"item\":\"https:\/\/kapitalis.com\/tunisie\/\"},{\"@type\":\"ListItem\",\"position\":2,\"name\":\"Le po\u00e8me du dimanche: \u00abLa lumi\u00e8re point l\u00e0 o\u00f9 le soleil ne brille pas\u00bb de Dylan Thomas\"}]},{\"@type\":\"WebSite\",\"@id\":\"https:\/\/kapitalis.com\/tunisie\/#website\",\"url\":\"https:\/\/kapitalis.com\/tunisie\/\",\"name\":\"Kapitalis\",\"description\":\"L&#039;actualit\u00e9 en Tunisie et dans le monde\",\"publisher\":{\"@id\":\"https:\/\/kapitalis.com\/tunisie\/#organization\"},\"potentialAction\":[{\"@type\":\"SearchAction\",\"target\":{\"@type\":\"EntryPoint\",\"urlTemplate\":\"https:\/\/kapitalis.com\/tunisie\/?s={search_term_string}\"},\"query-input\":{\"@type\":\"PropertyValueSpecification\",\"valueRequired\":true,\"valueName\":\"search_term_string\"}}],\"inLanguage\":\"fr-FR\"},{\"@type\":\"Organization\",\"@id\":\"https:\/\/kapitalis.com\/tunisie\/#organization\",\"name\":\"Kapitalis\",\"url\":\"https:\/\/kapitalis.com\/tunisie\/\",\"logo\":{\"@type\":\"ImageObject\",\"inLanguage\":\"fr-FR\",\"@id\":\"https:\/\/kapitalis.com\/tunisie\/#\/schema\/logo\/image\/\",\"url\":\"https:\/\/kapitalis.com\/tunisie\/wp-content\/uploads\/2022\/05\/Kapitalis-big-size.png\",\"contentUrl\":\"https:\/\/kapitalis.com\/tunisie\/wp-content\/uploads\/2022\/05\/Kapitalis-big-size.png\",\"width\":5000,\"height\":1500,\"caption\":\"Kapitalis\"},\"image\":{\"@id\":\"https:\/\/kapitalis.com\/tunisie\/#\/schema\/logo\/image\/\"},\"sameAs\":[\"https:\/\/www.facebook.com\/KapitalisInfo\/\",\"https:\/\/x.com\/KapitalisInfo\",\"https:\/\/www.youtube.com\/channel\/UC-yDYrHyfFBWWZaOw3FPg9Q\"]},{\"@type\":\"Person\",\"@id\":\"https:\/\/kapitalis.com\/tunisie\/#\/schema\/person\/d71f33a9ca44f7bad4698210b480c8e9\",\"name\":\"webmaster kapitalis\",\"url\":\"https:\/\/kapitalis.com\/tunisie\/author\/webmaster-kapitalis\/\"}]}<\/script>\n<!-- \/ Yoast SEO plugin. -->","yoast_head_json":{"title":"Le po\u00e8me du dimanche: \u00abLa lumi\u00e8re point l\u00e0 o\u00f9 le soleil ne brille pas\u00bb de Dylan Thomas - Kapitalis","robots":{"index":"index","follow":"follow","max-snippet":"max-snippet:-1","max-image-preview":"max-image-preview:large","max-video-preview":"max-video-preview:-1"},"canonical":"https:\/\/kapitalis.com\/tunisie\/2020\/11\/15\/le-poeme-du-dimanche-la-lumiere-point-la-ou-le-soleil-ne-brille-pas-de-dylan-thomas\/","og_locale":"fr_FR","og_type":"article","og_title":"Le po\u00e8me du dimanche: \u00abLa lumi\u00e8re point l\u00e0 o\u00f9 le soleil ne brille pas\u00bb de Dylan Thomas - Kapitalis","og_description":"Dylan Marlais Thomas n\u00e9 Swansea, ville c\u00f4ti\u00e8re du pays de Galles (Royaume-Uni) le 27 octobre 1914 et d\u00e9c\u00e9d\u00e9 le 9 novembre 1953 \u00e0 New York est un po\u00e8te et \u00e9crivain gallois. Il se d\u00e9finissait ainsi: \u00abJe contiens en moi une b\u00eate, un ange et un fou, et mon travail est leur expression\u00bb, en le confiant...","og_url":"https:\/\/kapitalis.com\/tunisie\/2020\/11\/15\/le-poeme-du-dimanche-la-lumiere-point-la-ou-le-soleil-ne-brille-pas-de-dylan-thomas\/","og_site_name":"Kapitalis","article_publisher":"https:\/\/www.facebook.com\/KapitalisInfo\/","article_published_time":"2020-11-15T07:54:57+00:00","article_modified_time":"2020-11-15T07:55:01+00:00","og_image":[{"width":1200,"height":630,"url":"https:\/\/kapitalis.com\/tunisie\/wp-content\/uploads\/2022\/05\/kapitalis-logo-fb.png","type":"image\/png"}],"author":"webmaster kapitalis","twitter_card":"summary_large_image","twitter_creator":"@KapitalisInfo","twitter_site":"@KapitalisInfo","twitter_misc":{"\u00c9crit par":"webmaster kapitalis","Dur\u00e9e de lecture estim\u00e9e":"4 minutes"},"schema":{"@context":"https:\/\/schema.org","@graph":[{"@type":"Article","@id":"https:\/\/kapitalis.com\/tunisie\/2020\/11\/15\/le-poeme-du-dimanche-la-lumiere-point-la-ou-le-soleil-ne-brille-pas-de-dylan-thomas\/#article","isPartOf":{"@id":"https:\/\/kapitalis.com\/tunisie\/2020\/11\/15\/le-poeme-du-dimanche-la-lumiere-point-la-ou-le-soleil-ne-brille-pas-de-dylan-thomas\/"},"author":{"name":"webmaster kapitalis","@id":"https:\/\/kapitalis.com\/tunisie\/#\/schema\/person\/d71f33a9ca44f7bad4698210b480c8e9"},"headline":"Le po\u00e8me du dimanche: \u00abLa lumi\u00e8re point l\u00e0 o\u00f9 le soleil ne brille pas\u00bb de Dylan Thomas","datePublished":"2020-11-15T07:54:57+00:00","dateModified":"2020-11-15T07:55:01+00:00","mainEntityOfPage":{"@id":"https:\/\/kapitalis.com\/tunisie\/2020\/11\/15\/le-poeme-du-dimanche-la-lumiere-point-la-ou-le-soleil-ne-brille-pas-de-dylan-thomas\/"},"wordCount":793,"commentCount":0,"publisher":{"@id":"https:\/\/kapitalis.com\/tunisie\/#organization"},"image":{"@id":"https:\/\/kapitalis.com\/tunisie\/2020\/11\/15\/le-poeme-du-dimanche-la-lumiere-point-la-ou-le-soleil-ne-brille-pas-de-dylan-thomas\/#primaryimage"},"thumbnailUrl":"","keywords":["Dylan Thomas","Patrick Reumaux","pays de Galles","Swansea"],"articleSection":["A LA UNE","CULTURE"],"inLanguage":"fr-FR","potentialAction":[{"@type":"CommentAction","name":"Comment","target":["https:\/\/kapitalis.com\/tunisie\/2020\/11\/15\/le-poeme-du-dimanche-la-lumiere-point-la-ou-le-soleil-ne-brille-pas-de-dylan-thomas\/#respond"]}]},{"@type":"WebPage","@id":"https:\/\/kapitalis.com\/tunisie\/2020\/11\/15\/le-poeme-du-dimanche-la-lumiere-point-la-ou-le-soleil-ne-brille-pas-de-dylan-thomas\/","url":"https:\/\/kapitalis.com\/tunisie\/2020\/11\/15\/le-poeme-du-dimanche-la-lumiere-point-la-ou-le-soleil-ne-brille-pas-de-dylan-thomas\/","name":"Le po\u00e8me du dimanche: \u00abLa lumi\u00e8re point l\u00e0 o\u00f9 le soleil ne brille pas\u00bb de Dylan Thomas - Kapitalis","isPartOf":{"@id":"https:\/\/kapitalis.com\/tunisie\/#website"},"primaryImageOfPage":{"@id":"https:\/\/kapitalis.com\/tunisie\/2020\/11\/15\/le-poeme-du-dimanche-la-lumiere-point-la-ou-le-soleil-ne-brille-pas-de-dylan-thomas\/#primaryimage"},"image":{"@id":"https:\/\/kapitalis.com\/tunisie\/2020\/11\/15\/le-poeme-du-dimanche-la-lumiere-point-la-ou-le-soleil-ne-brille-pas-de-dylan-thomas\/#primaryimage"},"thumbnailUrl":"","datePublished":"2020-11-15T07:54:57+00:00","dateModified":"2020-11-15T07:55:01+00:00","breadcrumb":{"@id":"https:\/\/kapitalis.com\/tunisie\/2020\/11\/15\/le-poeme-du-dimanche-la-lumiere-point-la-ou-le-soleil-ne-brille-pas-de-dylan-thomas\/#breadcrumb"},"inLanguage":"fr-FR","potentialAction":[{"@type":"ReadAction","target":["https:\/\/kapitalis.com\/tunisie\/2020\/11\/15\/le-poeme-du-dimanche-la-lumiere-point-la-ou-le-soleil-ne-brille-pas-de-dylan-thomas\/"]}]},{"@type":"ImageObject","inLanguage":"fr-FR","@id":"https:\/\/kapitalis.com\/tunisie\/2020\/11\/15\/le-poeme-du-dimanche-la-lumiere-point-la-ou-le-soleil-ne-brille-pas-de-dylan-thomas\/#primaryimage","url":"","contentUrl":""},{"@type":"BreadcrumbList","@id":"https:\/\/kapitalis.com\/tunisie\/2020\/11\/15\/le-poeme-du-dimanche-la-lumiere-point-la-ou-le-soleil-ne-brille-pas-de-dylan-thomas\/#breadcrumb","itemListElement":[{"@type":"ListItem","position":1,"name":"Accueil","item":"https:\/\/kapitalis.com\/tunisie\/"},{"@type":"ListItem","position":2,"name":"Le po\u00e8me du dimanche: \u00abLa lumi\u00e8re point l\u00e0 o\u00f9 le soleil ne brille pas\u00bb de Dylan Thomas"}]},{"@type":"WebSite","@id":"https:\/\/kapitalis.com\/tunisie\/#website","url":"https:\/\/kapitalis.com\/tunisie\/","name":"Kapitalis","description":"L&#039;actualit\u00e9 en Tunisie et dans le monde","publisher":{"@id":"https:\/\/kapitalis.com\/tunisie\/#organization"},"potentialAction":[{"@type":"SearchAction","target":{"@type":"EntryPoint","urlTemplate":"https:\/\/kapitalis.com\/tunisie\/?s={search_term_string}"},"query-input":{"@type":"PropertyValueSpecification","valueRequired":true,"valueName":"search_term_string"}}],"inLanguage":"fr-FR"},{"@type":"Organization","@id":"https:\/\/kapitalis.com\/tunisie\/#organization","name":"Kapitalis","url":"https:\/\/kapitalis.com\/tunisie\/","logo":{"@type":"ImageObject","inLanguage":"fr-FR","@id":"https:\/\/kapitalis.com\/tunisie\/#\/schema\/logo\/image\/","url":"https:\/\/kapitalis.com\/tunisie\/wp-content\/uploads\/2022\/05\/Kapitalis-big-size.png","contentUrl":"https:\/\/kapitalis.com\/tunisie\/wp-content\/uploads\/2022\/05\/Kapitalis-big-size.png","width":5000,"height":1500,"caption":"Kapitalis"},"image":{"@id":"https:\/\/kapitalis.com\/tunisie\/#\/schema\/logo\/image\/"},"sameAs":["https:\/\/www.facebook.com\/KapitalisInfo\/","https:\/\/x.com\/KapitalisInfo","https:\/\/www.youtube.com\/channel\/UC-yDYrHyfFBWWZaOw3FPg9Q"]},{"@type":"Person","@id":"https:\/\/kapitalis.com\/tunisie\/#\/schema\/person\/d71f33a9ca44f7bad4698210b480c8e9","name":"webmaster kapitalis","url":"https:\/\/kapitalis.com\/tunisie\/author\/webmaster-kapitalis\/"}]}},"_links":{"self":[{"href":"https:\/\/kapitalis.com\/tunisie\/wp-json\/wp\/v2\/posts\/324600","targetHints":{"allow":["GET"]}}],"collection":[{"href":"https:\/\/kapitalis.com\/tunisie\/wp-json\/wp\/v2\/posts"}],"about":[{"href":"https:\/\/kapitalis.com\/tunisie\/wp-json\/wp\/v2\/types\/post"}],"author":[{"embeddable":true,"href":"https:\/\/kapitalis.com\/tunisie\/wp-json\/wp\/v2\/users\/8"}],"replies":[{"embeddable":true,"href":"https:\/\/kapitalis.com\/tunisie\/wp-json\/wp\/v2\/comments?post=324600"}],"version-history":[{"count":0,"href":"https:\/\/kapitalis.com\/tunisie\/wp-json\/wp\/v2\/posts\/324600\/revisions"}],"wp:featuredmedia":[{"embeddable":true,"href":"https:\/\/kapitalis.com\/tunisie\/wp-json\/wp\/v2\/media\/324601"}],"wp:attachment":[{"href":"https:\/\/kapitalis.com\/tunisie\/wp-json\/wp\/v2\/media?parent=324600"}],"wp:term":[{"taxonomy":"category","embeddable":true,"href":"https:\/\/kapitalis.com\/tunisie\/wp-json\/wp\/v2\/categories?post=324600"},{"taxonomy":"post_tag","embeddable":true,"href":"https:\/\/kapitalis.com\/tunisie\/wp-json\/wp\/v2\/tags?post=324600"}],"curies":[{"name":"wp","href":"https:\/\/api.w.org\/{rel}","templated":true}]}}