{"id":324919,"date":"2020-11-18T12:37:16","date_gmt":"2020-11-18T11:37:16","guid":{"rendered":"http:\/\/kapitalis.com\/tunisie\/?p=324919"},"modified":"2020-11-18T12:37:18","modified_gmt":"2020-11-18T11:37:18","slug":"le-film-non-oui-de-mahmoud-jemni-representera-la-tunisie-au-festival-francais-primed","status":"publish","type":"post","link":"https:\/\/kapitalis.com\/tunisie\/2020\/11\/18\/le-film-non-oui-de-mahmoud-jemni-representera-la-tunisie-au-festival-francais-primed\/","title":{"rendered":"Le film \u00ab\u00a0Non, Oui\u00a0\u00bb de Mahmoud Jemni repr\u00e9sentera la Tunisie au Festival fran\u00e7ais PriMed"},"content":{"rendered":"\n<div class=\"wp-block-image\"><figure class=\"aligncenter size-large\"><img decoding=\"async\" src=\"http:\/\/kapitalis.com\/tunisie\/wp-content\/uploads\/2020\/11\/Untitled-4-2.jpg\" alt=\"\" class=\"wp-image-324932\"\/><\/figure><\/div>\n\n\n\n<p><em><strong>Le film documentaire \u00ab\u00a0Non, Oui\u00a0\u00bb de Mahmoud Jemni qui traite de la question du racisme en Tunisie, sera en comp\u00e9tition au Festival de la M\u00e9diterran\u00e9e en Images (PriMed) \u00e0 Marseille.<\/strong><\/em><\/p>\n\n\n\n<!--more-->\n\n\n\n<p>La 24<sup>e<\/sup> \u00e9dition du Festival fran\u00e7ais <em>PriMed <\/em>qui se tiendra du 28 novembre au 5 d\u00e9cembre 2020, vient de r\u00e9v\u00e9ler sa s\u00e9lection officielle\u00a0; parmi les 17 films programm\u00e9s, figure le long-m\u00e9trage documentaire tunisien \u00ab\u00a0Non, Oui\u00a0\u00bb du cin\u00e9aste Mahmoud Jemni.<\/p>\n\n\n\n<p><em>PriMed<\/em> est un festival comp\u00e9titif d\u00e9di\u00e9 au genre documentaire qui a pour but de donner une meilleure connaissance des pays m\u00e9diterran\u00e9ens \u00e0 travers le cin\u00e9ma. Le festival qui a pour habitude de se tenir chaque ann\u00e9e \u00e0 la ville de Marseille, s\u2019est trouv\u00e9 dans l\u2019obligation de renoncer aux projections et rencontres dans les salles de cin\u00e9ma \u00e0 cause de la pand\u00e9mie du Coronavirus, et a opt\u00e9 pour une \u00e9dition virtuelle o\u00f9 l\u2019ensemble du programme sera propos\u00e9 gratuitement sur la toile, offrant une plus large audience aux films.<\/p>\n\n\n\n<p>Le cin\u00e9ma tunisien est cette ann\u00e9e repr\u00e9sent\u00e9 par le documentaire \u00ab\u00a0Non, Oui\u00a0\u00bb o\u00f9 Mahmoud Jemni donne la parole \u00e0 des tunisiens victimes de racisme et de discrimination \u00e0 cause de leur couleur de peau. Le film a d\u00e9j\u00e0 fait partie de plusieurs festivals internationaux et a remport\u00e9 le Prix du public au Festival <em>Vues d\u2019Afrique<\/em> au Canada.<\/p>\n\n\n\n<p><strong>Fawz Benali<\/strong><\/p>\n","protected":false},"excerpt":{"rendered":"<p>Le film documentaire \u00ab\u00a0Non, Oui\u00a0\u00bb de Mahmoud Jemni qui traite de la question du racisme en Tunisie, sera en comp\u00e9tition au Festival de la M\u00e9diterran\u00e9e en Images (PriMed) \u00e0 Marseille.<\/p>\n","protected":false},"author":26,"featured_media":324932,"comment_status":"open","ping_status":"open","sticky":false,"template":"","format":"standard","meta":{"footnotes":""},"categories":[994,2433],"tags":[9668,78508,84885,82896,80045,82895],"class_list":["post-324919","post","type-post","status-publish","format-standard","has-post-thumbnail","hentry","category-culture","category-tunisie","tag-cinema-tunisien","tag-documentaire-tunisien","tag-festival-primed","tag-mahmoud-jemni","tag-non-oui-2","tag-racisme-en-tunisie"],"yoast_head":"<!-- This site is optimized with the Yoast SEO plugin v26.6 - https:\/\/yoast.com\/wordpress\/plugins\/seo\/ -->\n<title>Le film &quot;Non, Oui&quot; de Mahmoud Jemni repr\u00e9sentera la Tunisie au Festival fran\u00e7ais PriMed - Kapitalis<\/title>\n<meta name=\"robots\" content=\"index, follow, max-snippet:-1, max-image-preview:large, max-video-preview:-1\" \/>\n<link rel=\"canonical\" href=\"https:\/\/kapitalis.com\/tunisie\/2020\/11\/18\/le-film-non-oui-de-mahmoud-jemni-representera-la-tunisie-au-festival-francais-primed\/\" \/>\n<meta property=\"og:locale\" content=\"fr_FR\" \/>\n<meta property=\"og:type\" content=\"article\" \/>\n<meta property=\"og:title\" content=\"Le film &quot;Non, Oui&quot; de Mahmoud Jemni repr\u00e9sentera la Tunisie au Festival fran\u00e7ais PriMed - Kapitalis\" \/>\n<meta property=\"og:description\" content=\"Le film documentaire \u00ab\u00a0Non, Oui\u00a0\u00bb de Mahmoud Jemni qui traite de la question du racisme en Tunisie, sera en comp\u00e9tition au Festival de la M\u00e9diterran\u00e9e en Images (PriMed) \u00e0 Marseille.\" \/>\n<meta property=\"og:url\" content=\"https:\/\/kapitalis.com\/tunisie\/2020\/11\/18\/le-film-non-oui-de-mahmoud-jemni-representera-la-tunisie-au-festival-francais-primed\/\" \/>\n<meta property=\"og:site_name\" content=\"Kapitalis\" \/>\n<meta property=\"article:publisher\" content=\"https:\/\/www.facebook.com\/KapitalisInfo\/\" \/>\n<meta property=\"article:published_time\" content=\"2020-11-18T11:37:16+00:00\" \/>\n<meta property=\"article:modified_time\" content=\"2020-11-18T11:37:18+00:00\" \/>\n<meta property=\"og:image\" content=\"https:\/\/kapitalis.com\/tunisie\/wp-content\/uploads\/2022\/05\/kapitalis-logo-fb.png\" \/>\n\t<meta property=\"og:image:width\" content=\"1200\" \/>\n\t<meta property=\"og:image:height\" content=\"630\" \/>\n\t<meta property=\"og:image:type\" content=\"image\/png\" \/>\n<meta name=\"author\" content=\"Fawz BenAli\" \/>\n<meta name=\"twitter:card\" content=\"summary_large_image\" \/>\n<meta name=\"twitter:creator\" content=\"@KapitalisInfo\" \/>\n<meta name=\"twitter:site\" content=\"@KapitalisInfo\" \/>\n<meta name=\"twitter:label1\" content=\"\u00c9crit par\" \/>\n\t<meta name=\"twitter:data1\" content=\"Fawz BenAli\" \/>\n\t<meta name=\"twitter:label2\" content=\"Dur\u00e9e de lecture estim\u00e9e\" \/>\n\t<meta name=\"twitter:data2\" content=\"1 minute\" \/>\n<script type=\"application\/ld+json\" class=\"yoast-schema-graph\">{\"@context\":\"https:\/\/schema.org\",\"@graph\":[{\"@type\":\"Article\",\"@id\":\"https:\/\/kapitalis.com\/tunisie\/2020\/11\/18\/le-film-non-oui-de-mahmoud-jemni-representera-la-tunisie-au-festival-francais-primed\/#article\",\"isPartOf\":{\"@id\":\"https:\/\/kapitalis.com\/tunisie\/2020\/11\/18\/le-film-non-oui-de-mahmoud-jemni-representera-la-tunisie-au-festival-francais-primed\/\"},\"author\":{\"name\":\"Fawz BenAli\",\"@id\":\"https:\/\/kapitalis.com\/tunisie\/#\/schema\/person\/73a5ecc1f6ae540c6ed91342eadca948\"},\"headline\":\"Le film \u00ab\u00a0Non, Oui\u00a0\u00bb de Mahmoud Jemni repr\u00e9sentera la Tunisie au Festival fran\u00e7ais PriMed\",\"datePublished\":\"2020-11-18T11:37:16+00:00\",\"dateModified\":\"2020-11-18T11:37:18+00:00\",\"mainEntityOfPage\":{\"@id\":\"https:\/\/kapitalis.com\/tunisie\/2020\/11\/18\/le-film-non-oui-de-mahmoud-jemni-representera-la-tunisie-au-festival-francais-primed\/\"},\"wordCount\":248,\"commentCount\":0,\"publisher\":{\"@id\":\"https:\/\/kapitalis.com\/tunisie\/#organization\"},\"image\":{\"@id\":\"https:\/\/kapitalis.com\/tunisie\/2020\/11\/18\/le-film-non-oui-de-mahmoud-jemni-representera-la-tunisie-au-festival-francais-primed\/#primaryimage\"},\"thumbnailUrl\":\"\",\"keywords\":[\"cin\u00e9ma tunisien\",\"documentaire tunisien\",\"Festival PriMed\",\"Mahmoud Jemni\",\"Non Oui\",\"racisme en Tunisie\"],\"articleSection\":[\"CULTURE\",\"Tunisie\"],\"inLanguage\":\"fr-FR\",\"potentialAction\":[{\"@type\":\"CommentAction\",\"name\":\"Comment\",\"target\":[\"https:\/\/kapitalis.com\/tunisie\/2020\/11\/18\/le-film-non-oui-de-mahmoud-jemni-representera-la-tunisie-au-festival-francais-primed\/#respond\"]}]},{\"@type\":\"WebPage\",\"@id\":\"https:\/\/kapitalis.com\/tunisie\/2020\/11\/18\/le-film-non-oui-de-mahmoud-jemni-representera-la-tunisie-au-festival-francais-primed\/\",\"url\":\"https:\/\/kapitalis.com\/tunisie\/2020\/11\/18\/le-film-non-oui-de-mahmoud-jemni-representera-la-tunisie-au-festival-francais-primed\/\",\"name\":\"Le film \\\"Non, Oui\\\" de Mahmoud Jemni repr\u00e9sentera la Tunisie au Festival fran\u00e7ais PriMed - Kapitalis\",\"isPartOf\":{\"@id\":\"https:\/\/kapitalis.com\/tunisie\/#website\"},\"primaryImageOfPage\":{\"@id\":\"https:\/\/kapitalis.com\/tunisie\/2020\/11\/18\/le-film-non-oui-de-mahmoud-jemni-representera-la-tunisie-au-festival-francais-primed\/#primaryimage\"},\"image\":{\"@id\":\"https:\/\/kapitalis.com\/tunisie\/2020\/11\/18\/le-film-non-oui-de-mahmoud-jemni-representera-la-tunisie-au-festival-francais-primed\/#primaryimage\"},\"thumbnailUrl\":\"\",\"datePublished\":\"2020-11-18T11:37:16+00:00\",\"dateModified\":\"2020-11-18T11:37:18+00:00\",\"breadcrumb\":{\"@id\":\"https:\/\/kapitalis.com\/tunisie\/2020\/11\/18\/le-film-non-oui-de-mahmoud-jemni-representera-la-tunisie-au-festival-francais-primed\/#breadcrumb\"},\"inLanguage\":\"fr-FR\",\"potentialAction\":[{\"@type\":\"ReadAction\",\"target\":[\"https:\/\/kapitalis.com\/tunisie\/2020\/11\/18\/le-film-non-oui-de-mahmoud-jemni-representera-la-tunisie-au-festival-francais-primed\/\"]}]},{\"@type\":\"ImageObject\",\"inLanguage\":\"fr-FR\",\"@id\":\"https:\/\/kapitalis.com\/tunisie\/2020\/11\/18\/le-film-non-oui-de-mahmoud-jemni-representera-la-tunisie-au-festival-francais-primed\/#primaryimage\",\"url\":\"\",\"contentUrl\":\"\"},{\"@type\":\"BreadcrumbList\",\"@id\":\"https:\/\/kapitalis.com\/tunisie\/2020\/11\/18\/le-film-non-oui-de-mahmoud-jemni-representera-la-tunisie-au-festival-francais-primed\/#breadcrumb\",\"itemListElement\":[{\"@type\":\"ListItem\",\"position\":1,\"name\":\"Accueil\",\"item\":\"https:\/\/kapitalis.com\/tunisie\/\"},{\"@type\":\"ListItem\",\"position\":2,\"name\":\"Le film \u00ab\u00a0Non, Oui\u00a0\u00bb de Mahmoud Jemni repr\u00e9sentera la Tunisie au Festival fran\u00e7ais PriMed\"}]},{\"@type\":\"WebSite\",\"@id\":\"https:\/\/kapitalis.com\/tunisie\/#website\",\"url\":\"https:\/\/kapitalis.com\/tunisie\/\",\"name\":\"Kapitalis\",\"description\":\"L&#039;actualit\u00e9 en Tunisie et dans le monde\",\"publisher\":{\"@id\":\"https:\/\/kapitalis.com\/tunisie\/#organization\"},\"potentialAction\":[{\"@type\":\"SearchAction\",\"target\":{\"@type\":\"EntryPoint\",\"urlTemplate\":\"https:\/\/kapitalis.com\/tunisie\/?s={search_term_string}\"},\"query-input\":{\"@type\":\"PropertyValueSpecification\",\"valueRequired\":true,\"valueName\":\"search_term_string\"}}],\"inLanguage\":\"fr-FR\"},{\"@type\":\"Organization\",\"@id\":\"https:\/\/kapitalis.com\/tunisie\/#organization\",\"name\":\"Kapitalis\",\"url\":\"https:\/\/kapitalis.com\/tunisie\/\",\"logo\":{\"@type\":\"ImageObject\",\"inLanguage\":\"fr-FR\",\"@id\":\"https:\/\/kapitalis.com\/tunisie\/#\/schema\/logo\/image\/\",\"url\":\"https:\/\/kapitalis.com\/tunisie\/wp-content\/uploads\/2022\/05\/Kapitalis-big-size.png\",\"contentUrl\":\"https:\/\/kapitalis.com\/tunisie\/wp-content\/uploads\/2022\/05\/Kapitalis-big-size.png\",\"width\":5000,\"height\":1500,\"caption\":\"Kapitalis\"},\"image\":{\"@id\":\"https:\/\/kapitalis.com\/tunisie\/#\/schema\/logo\/image\/\"},\"sameAs\":[\"https:\/\/www.facebook.com\/KapitalisInfo\/\",\"https:\/\/x.com\/KapitalisInfo\",\"https:\/\/www.youtube.com\/channel\/UC-yDYrHyfFBWWZaOw3FPg9Q\"]},{\"@type\":\"Person\",\"@id\":\"https:\/\/kapitalis.com\/tunisie\/#\/schema\/person\/73a5ecc1f6ae540c6ed91342eadca948\",\"name\":\"Fawz BenAli\",\"url\":\"https:\/\/kapitalis.com\/tunisie\/author\/fawz\/\"}]}<\/script>\n<!-- \/ Yoast SEO plugin. -->","yoast_head_json":{"title":"Le film \"Non, Oui\" de Mahmoud Jemni repr\u00e9sentera la Tunisie au Festival fran\u00e7ais PriMed - Kapitalis","robots":{"index":"index","follow":"follow","max-snippet":"max-snippet:-1","max-image-preview":"max-image-preview:large","max-video-preview":"max-video-preview:-1"},"canonical":"https:\/\/kapitalis.com\/tunisie\/2020\/11\/18\/le-film-non-oui-de-mahmoud-jemni-representera-la-tunisie-au-festival-francais-primed\/","og_locale":"fr_FR","og_type":"article","og_title":"Le film \"Non, Oui\" de Mahmoud Jemni repr\u00e9sentera la Tunisie au Festival fran\u00e7ais PriMed - Kapitalis","og_description":"Le film documentaire \u00ab\u00a0Non, Oui\u00a0\u00bb de Mahmoud Jemni qui traite de la question du racisme en Tunisie, sera en comp\u00e9tition au Festival de la M\u00e9diterran\u00e9e en Images (PriMed) \u00e0 Marseille.","og_url":"https:\/\/kapitalis.com\/tunisie\/2020\/11\/18\/le-film-non-oui-de-mahmoud-jemni-representera-la-tunisie-au-festival-francais-primed\/","og_site_name":"Kapitalis","article_publisher":"https:\/\/www.facebook.com\/KapitalisInfo\/","article_published_time":"2020-11-18T11:37:16+00:00","article_modified_time":"2020-11-18T11:37:18+00:00","og_image":[{"width":1200,"height":630,"url":"https:\/\/kapitalis.com\/tunisie\/wp-content\/uploads\/2022\/05\/kapitalis-logo-fb.png","type":"image\/png"}],"author":"Fawz BenAli","twitter_card":"summary_large_image","twitter_creator":"@KapitalisInfo","twitter_site":"@KapitalisInfo","twitter_misc":{"\u00c9crit par":"Fawz BenAli","Dur\u00e9e de lecture estim\u00e9e":"1 minute"},"schema":{"@context":"https:\/\/schema.org","@graph":[{"@type":"Article","@id":"https:\/\/kapitalis.com\/tunisie\/2020\/11\/18\/le-film-non-oui-de-mahmoud-jemni-representera-la-tunisie-au-festival-francais-primed\/#article","isPartOf":{"@id":"https:\/\/kapitalis.com\/tunisie\/2020\/11\/18\/le-film-non-oui-de-mahmoud-jemni-representera-la-tunisie-au-festival-francais-primed\/"},"author":{"name":"Fawz BenAli","@id":"https:\/\/kapitalis.com\/tunisie\/#\/schema\/person\/73a5ecc1f6ae540c6ed91342eadca948"},"headline":"Le film \u00ab\u00a0Non, Oui\u00a0\u00bb de Mahmoud Jemni repr\u00e9sentera la Tunisie au Festival fran\u00e7ais PriMed","datePublished":"2020-11-18T11:37:16+00:00","dateModified":"2020-11-18T11:37:18+00:00","mainEntityOfPage":{"@id":"https:\/\/kapitalis.com\/tunisie\/2020\/11\/18\/le-film-non-oui-de-mahmoud-jemni-representera-la-tunisie-au-festival-francais-primed\/"},"wordCount":248,"commentCount":0,"publisher":{"@id":"https:\/\/kapitalis.com\/tunisie\/#organization"},"image":{"@id":"https:\/\/kapitalis.com\/tunisie\/2020\/11\/18\/le-film-non-oui-de-mahmoud-jemni-representera-la-tunisie-au-festival-francais-primed\/#primaryimage"},"thumbnailUrl":"","keywords":["cin\u00e9ma tunisien","documentaire tunisien","Festival PriMed","Mahmoud Jemni","Non Oui","racisme en Tunisie"],"articleSection":["CULTURE","Tunisie"],"inLanguage":"fr-FR","potentialAction":[{"@type":"CommentAction","name":"Comment","target":["https:\/\/kapitalis.com\/tunisie\/2020\/11\/18\/le-film-non-oui-de-mahmoud-jemni-representera-la-tunisie-au-festival-francais-primed\/#respond"]}]},{"@type":"WebPage","@id":"https:\/\/kapitalis.com\/tunisie\/2020\/11\/18\/le-film-non-oui-de-mahmoud-jemni-representera-la-tunisie-au-festival-francais-primed\/","url":"https:\/\/kapitalis.com\/tunisie\/2020\/11\/18\/le-film-non-oui-de-mahmoud-jemni-representera-la-tunisie-au-festival-francais-primed\/","name":"Le film \"Non, Oui\" de Mahmoud Jemni repr\u00e9sentera la Tunisie au Festival fran\u00e7ais PriMed - Kapitalis","isPartOf":{"@id":"https:\/\/kapitalis.com\/tunisie\/#website"},"primaryImageOfPage":{"@id":"https:\/\/kapitalis.com\/tunisie\/2020\/11\/18\/le-film-non-oui-de-mahmoud-jemni-representera-la-tunisie-au-festival-francais-primed\/#primaryimage"},"image":{"@id":"https:\/\/kapitalis.com\/tunisie\/2020\/11\/18\/le-film-non-oui-de-mahmoud-jemni-representera-la-tunisie-au-festival-francais-primed\/#primaryimage"},"thumbnailUrl":"","datePublished":"2020-11-18T11:37:16+00:00","dateModified":"2020-11-18T11:37:18+00:00","breadcrumb":{"@id":"https:\/\/kapitalis.com\/tunisie\/2020\/11\/18\/le-film-non-oui-de-mahmoud-jemni-representera-la-tunisie-au-festival-francais-primed\/#breadcrumb"},"inLanguage":"fr-FR","potentialAction":[{"@type":"ReadAction","target":["https:\/\/kapitalis.com\/tunisie\/2020\/11\/18\/le-film-non-oui-de-mahmoud-jemni-representera-la-tunisie-au-festival-francais-primed\/"]}]},{"@type":"ImageObject","inLanguage":"fr-FR","@id":"https:\/\/kapitalis.com\/tunisie\/2020\/11\/18\/le-film-non-oui-de-mahmoud-jemni-representera-la-tunisie-au-festival-francais-primed\/#primaryimage","url":"","contentUrl":""},{"@type":"BreadcrumbList","@id":"https:\/\/kapitalis.com\/tunisie\/2020\/11\/18\/le-film-non-oui-de-mahmoud-jemni-representera-la-tunisie-au-festival-francais-primed\/#breadcrumb","itemListElement":[{"@type":"ListItem","position":1,"name":"Accueil","item":"https:\/\/kapitalis.com\/tunisie\/"},{"@type":"ListItem","position":2,"name":"Le film \u00ab\u00a0Non, Oui\u00a0\u00bb de Mahmoud Jemni repr\u00e9sentera la Tunisie au Festival fran\u00e7ais PriMed"}]},{"@type":"WebSite","@id":"https:\/\/kapitalis.com\/tunisie\/#website","url":"https:\/\/kapitalis.com\/tunisie\/","name":"Kapitalis","description":"L&#039;actualit\u00e9 en Tunisie et dans le monde","publisher":{"@id":"https:\/\/kapitalis.com\/tunisie\/#organization"},"potentialAction":[{"@type":"SearchAction","target":{"@type":"EntryPoint","urlTemplate":"https:\/\/kapitalis.com\/tunisie\/?s={search_term_string}"},"query-input":{"@type":"PropertyValueSpecification","valueRequired":true,"valueName":"search_term_string"}}],"inLanguage":"fr-FR"},{"@type":"Organization","@id":"https:\/\/kapitalis.com\/tunisie\/#organization","name":"Kapitalis","url":"https:\/\/kapitalis.com\/tunisie\/","logo":{"@type":"ImageObject","inLanguage":"fr-FR","@id":"https:\/\/kapitalis.com\/tunisie\/#\/schema\/logo\/image\/","url":"https:\/\/kapitalis.com\/tunisie\/wp-content\/uploads\/2022\/05\/Kapitalis-big-size.png","contentUrl":"https:\/\/kapitalis.com\/tunisie\/wp-content\/uploads\/2022\/05\/Kapitalis-big-size.png","width":5000,"height":1500,"caption":"Kapitalis"},"image":{"@id":"https:\/\/kapitalis.com\/tunisie\/#\/schema\/logo\/image\/"},"sameAs":["https:\/\/www.facebook.com\/KapitalisInfo\/","https:\/\/x.com\/KapitalisInfo","https:\/\/www.youtube.com\/channel\/UC-yDYrHyfFBWWZaOw3FPg9Q"]},{"@type":"Person","@id":"https:\/\/kapitalis.com\/tunisie\/#\/schema\/person\/73a5ecc1f6ae540c6ed91342eadca948","name":"Fawz BenAli","url":"https:\/\/kapitalis.com\/tunisie\/author\/fawz\/"}]}},"_links":{"self":[{"href":"https:\/\/kapitalis.com\/tunisie\/wp-json\/wp\/v2\/posts\/324919","targetHints":{"allow":["GET"]}}],"collection":[{"href":"https:\/\/kapitalis.com\/tunisie\/wp-json\/wp\/v2\/posts"}],"about":[{"href":"https:\/\/kapitalis.com\/tunisie\/wp-json\/wp\/v2\/types\/post"}],"author":[{"embeddable":true,"href":"https:\/\/kapitalis.com\/tunisie\/wp-json\/wp\/v2\/users\/26"}],"replies":[{"embeddable":true,"href":"https:\/\/kapitalis.com\/tunisie\/wp-json\/wp\/v2\/comments?post=324919"}],"version-history":[{"count":0,"href":"https:\/\/kapitalis.com\/tunisie\/wp-json\/wp\/v2\/posts\/324919\/revisions"}],"wp:featuredmedia":[{"embeddable":true,"href":"https:\/\/kapitalis.com\/tunisie\/wp-json\/wp\/v2\/media\/324932"}],"wp:attachment":[{"href":"https:\/\/kapitalis.com\/tunisie\/wp-json\/wp\/v2\/media?parent=324919"}],"wp:term":[{"taxonomy":"category","embeddable":true,"href":"https:\/\/kapitalis.com\/tunisie\/wp-json\/wp\/v2\/categories?post=324919"},{"taxonomy":"post_tag","embeddable":true,"href":"https:\/\/kapitalis.com\/tunisie\/wp-json\/wp\/v2\/tags?post=324919"}],"curies":[{"name":"wp","href":"https:\/\/api.w.org\/{rel}","templated":true}]}}