{"id":324990,"date":"2020-11-19T10:27:50","date_gmt":"2020-11-19T09:27:50","guid":{"rendered":"http:\/\/kapitalis.com\/tunisie\/?p=324990"},"modified":"2020-11-19T12:39:20","modified_gmt":"2020-11-19T11:39:20","slug":"sondage-saied-en-tete-des-intentions-de-vote-pour-la-presidentielle-le-pdl-pour-les-legislatives","status":"publish","type":"post","link":"https:\/\/kapitalis.com\/tunisie\/2020\/11\/19\/sondage-saied-en-tete-des-intentions-de-vote-pour-la-presidentielle-le-pdl-pour-les-legislatives\/","title":{"rendered":"Sondage : Sa\u00efed en t\u00eate des intentions de vote pour la pr\u00e9sidentielle, le PDL pour les l\u00e9gislatives"},"content":{"rendered":"\n<figure class=\"wp-block-image size-large\"><img decoding=\"async\" src=\"http:\/\/kapitalis.com\/tunisie\/wp-content\/uploads\/2019\/10\/Ka\u00efs-Sa\u00efed-Abir-Moussi.jpg\" alt=\"\" class=\"wp-image-250560\"\/><\/figure>\n\n\n\n<p><em><strong>Selon le barom\u00e8tre politique du mois de novembre 2020 r\u00e9alis\u00e9 par Sigma conseil, relay\u00e9 par le journal \u00abAl Maghreb\u00bb, le Parti destourien libre (PDL) a conserv\u00e9 sa premi\u00e8re place dans les intentions de vote pour les prochaines \u00e9lections l\u00e9gislatives avec 35,4%, et Ka\u00efs Sa\u00efed pour la pr\u00e9sidentielle, avec 55,3%.<\/strong><\/em><\/p>\n\n\n\n<!--more-->\n\n\n\n<p>Le parti islamiste Ennahdha, qui a encore perdu des points par rapport au mois dernier, demeure \u00e0 la deuxi\u00e8me place des intentions de vote des l\u00e9gislatives avec 17%, suivi de Qalb Tounes (9,6%), Al-Karama (8,8%) et Attayar (5,9%).<\/p>\n\n\n\n<p>Quant \u00e0 l\u2019\u00e9lection pr\u00e9sidentielle, Ka\u00efs Sa\u00efed devance de loin ses concurrents, avec 55,3%, suivi de la pr\u00e9sidente du PDL Abir Moussi (11,5%), du d\u00e9put\u00e9 ind\u00e9pendant Safi Said (9,9%), puis du pr\u00e9sident de Qalb Tounes, Nabil Karoui (9,7%) et de l&rsquo;ancien pr\u00e9sident par int\u00e9rim, Monczf Marzouki (2%).<\/p>\n\n\n\n<p class=\"has-text-align-right\"><strong>Y. N.<\/strong><\/p>\n","protected":false},"excerpt":{"rendered":"<p>Selon le barom\u00e8tre politique du mois de novembre 2020 r\u00e9alis\u00e9 par Sigma conseil, relay\u00e9 par le journal \u00abAl Maghreb\u00bb, le Parti destourien libre (PDL) a conserv\u00e9 sa premi\u00e8re place dans les intentions de vote pour les prochaines \u00e9lections l\u00e9gislatives avec 35,4%, et Ka\u00efs Sa\u00efed pour la pr\u00e9sidentielle, avec 55,3%.<\/p>\n","protected":false},"author":6,"featured_media":0,"comment_status":"open","ping_status":"open","sticky":false,"template":"","format":"standard","meta":{"footnotes":""},"categories":[997,2433],"tags":[84894,313,79627,9031,33536,4797,1430],"class_list":["post-324990","post","type-post","status-publish","format-standard","hentry","category-politique","category-tunisie","tag-barometre-politique","tag-elections","tag-kais-saied","tag-legislatives","tag-pdl","tag-presidentielle","tag-sigma-conseil"],"yoast_head":"<!-- This site is optimized with the Yoast SEO plugin v26.6 - https:\/\/yoast.com\/wordpress\/plugins\/seo\/ -->\n<title>Sondage : Sa\u00efed en t\u00eate des intentions de vote pour la pr\u00e9sidentielle, le PDL pour les l\u00e9gislatives - Kapitalis<\/title>\n<meta name=\"robots\" content=\"index, follow, max-snippet:-1, max-image-preview:large, max-video-preview:-1\" \/>\n<link rel=\"canonical\" href=\"https:\/\/kapitalis.com\/tunisie\/2020\/11\/19\/sondage-saied-en-tete-des-intentions-de-vote-pour-la-presidentielle-le-pdl-pour-les-legislatives\/\" \/>\n<meta property=\"og:locale\" content=\"fr_FR\" \/>\n<meta property=\"og:type\" content=\"article\" \/>\n<meta property=\"og:title\" content=\"Sondage : Sa\u00efed en t\u00eate des intentions de vote pour la pr\u00e9sidentielle, le PDL pour les l\u00e9gislatives - Kapitalis\" \/>\n<meta property=\"og:description\" content=\"Selon le barom\u00e8tre politique du mois de novembre 2020 r\u00e9alis\u00e9 par Sigma conseil, relay\u00e9 par le journal \u00abAl Maghreb\u00bb, le Parti destourien libre (PDL) a conserv\u00e9 sa premi\u00e8re place dans les intentions de vote pour les prochaines \u00e9lections l\u00e9gislatives avec 35,4%, et Ka\u00efs Sa\u00efed pour la pr\u00e9sidentielle, avec 55,3%.\" \/>\n<meta property=\"og:url\" content=\"https:\/\/kapitalis.com\/tunisie\/2020\/11\/19\/sondage-saied-en-tete-des-intentions-de-vote-pour-la-presidentielle-le-pdl-pour-les-legislatives\/\" \/>\n<meta property=\"og:site_name\" content=\"Kapitalis\" \/>\n<meta property=\"article:publisher\" content=\"https:\/\/www.facebook.com\/KapitalisInfo\/\" \/>\n<meta property=\"article:published_time\" content=\"2020-11-19T09:27:50+00:00\" \/>\n<meta property=\"article:modified_time\" content=\"2020-11-19T11:39:20+00:00\" \/>\n<meta property=\"og:image\" content=\"https:\/\/kapitalis.com\/tunisie\/wp-content\/uploads\/2022\/05\/kapitalis-logo-fb.png\" \/>\n\t<meta property=\"og:image:width\" content=\"1200\" \/>\n\t<meta property=\"og:image:height\" content=\"630\" \/>\n\t<meta property=\"og:image:type\" content=\"image\/png\" \/>\n<meta name=\"author\" content=\"Yusra NY\" \/>\n<meta name=\"twitter:card\" content=\"summary_large_image\" \/>\n<meta name=\"twitter:creator\" content=\"@KapitalisInfo\" \/>\n<meta name=\"twitter:site\" content=\"@KapitalisInfo\" \/>\n<meta name=\"twitter:label1\" content=\"\u00c9crit par\" \/>\n\t<meta name=\"twitter:data1\" content=\"Yusra NY\" \/>\n\t<meta name=\"twitter:label2\" content=\"Dur\u00e9e de lecture estim\u00e9e\" \/>\n\t<meta name=\"twitter:data2\" content=\"1 minute\" \/>\n<script type=\"application\/ld+json\" class=\"yoast-schema-graph\">{\"@context\":\"https:\/\/schema.org\",\"@graph\":[{\"@type\":\"Article\",\"@id\":\"https:\/\/kapitalis.com\/tunisie\/2020\/11\/19\/sondage-saied-en-tete-des-intentions-de-vote-pour-la-presidentielle-le-pdl-pour-les-legislatives\/#article\",\"isPartOf\":{\"@id\":\"https:\/\/kapitalis.com\/tunisie\/2020\/11\/19\/sondage-saied-en-tete-des-intentions-de-vote-pour-la-presidentielle-le-pdl-pour-les-legislatives\/\"},\"author\":{\"name\":\"Yusra NY\",\"@id\":\"https:\/\/kapitalis.com\/tunisie\/#\/schema\/person\/74bbde0154d49d790a92aaeac5bc01d5\"},\"headline\":\"Sondage : Sa\u00efed en t\u00eate des intentions de vote pour la pr\u00e9sidentielle, le PDL pour les l\u00e9gislatives\",\"datePublished\":\"2020-11-19T09:27:50+00:00\",\"dateModified\":\"2020-11-19T11:39:20+00:00\",\"mainEntityOfPage\":{\"@id\":\"https:\/\/kapitalis.com\/tunisie\/2020\/11\/19\/sondage-saied-en-tete-des-intentions-de-vote-pour-la-presidentielle-le-pdl-pour-les-legislatives\/\"},\"wordCount\":160,\"commentCount\":5,\"publisher\":{\"@id\":\"https:\/\/kapitalis.com\/tunisie\/#organization\"},\"keywords\":[\"barom\u00e8tre politique\",\"\u00e9lections\",\"\u064fKa\u00efs Sa\u00efed\",\"l\u00e9gislatives\",\"PDL\",\"pr\u00e9sidentielle\",\"Sigma Conseil\"],\"articleSection\":[\"POLITIQUE\",\"Tunisie\"],\"inLanguage\":\"fr-FR\",\"potentialAction\":[{\"@type\":\"CommentAction\",\"name\":\"Comment\",\"target\":[\"https:\/\/kapitalis.com\/tunisie\/2020\/11\/19\/sondage-saied-en-tete-des-intentions-de-vote-pour-la-presidentielle-le-pdl-pour-les-legislatives\/#respond\"]}]},{\"@type\":\"WebPage\",\"@id\":\"https:\/\/kapitalis.com\/tunisie\/2020\/11\/19\/sondage-saied-en-tete-des-intentions-de-vote-pour-la-presidentielle-le-pdl-pour-les-legislatives\/\",\"url\":\"https:\/\/kapitalis.com\/tunisie\/2020\/11\/19\/sondage-saied-en-tete-des-intentions-de-vote-pour-la-presidentielle-le-pdl-pour-les-legislatives\/\",\"name\":\"Sondage : Sa\u00efed en t\u00eate des intentions de vote pour la pr\u00e9sidentielle, le PDL pour les l\u00e9gislatives - Kapitalis\",\"isPartOf\":{\"@id\":\"https:\/\/kapitalis.com\/tunisie\/#website\"},\"datePublished\":\"2020-11-19T09:27:50+00:00\",\"dateModified\":\"2020-11-19T11:39:20+00:00\",\"breadcrumb\":{\"@id\":\"https:\/\/kapitalis.com\/tunisie\/2020\/11\/19\/sondage-saied-en-tete-des-intentions-de-vote-pour-la-presidentielle-le-pdl-pour-les-legislatives\/#breadcrumb\"},\"inLanguage\":\"fr-FR\",\"potentialAction\":[{\"@type\":\"ReadAction\",\"target\":[\"https:\/\/kapitalis.com\/tunisie\/2020\/11\/19\/sondage-saied-en-tete-des-intentions-de-vote-pour-la-presidentielle-le-pdl-pour-les-legislatives\/\"]}]},{\"@type\":\"BreadcrumbList\",\"@id\":\"https:\/\/kapitalis.com\/tunisie\/2020\/11\/19\/sondage-saied-en-tete-des-intentions-de-vote-pour-la-presidentielle-le-pdl-pour-les-legislatives\/#breadcrumb\",\"itemListElement\":[{\"@type\":\"ListItem\",\"position\":1,\"name\":\"Accueil\",\"item\":\"https:\/\/kapitalis.com\/tunisie\/\"},{\"@type\":\"ListItem\",\"position\":2,\"name\":\"Sondage : Sa\u00efed en t\u00eate des intentions de vote pour la pr\u00e9sidentielle, le PDL pour les l\u00e9gislatives\"}]},{\"@type\":\"WebSite\",\"@id\":\"https:\/\/kapitalis.com\/tunisie\/#website\",\"url\":\"https:\/\/kapitalis.com\/tunisie\/\",\"name\":\"Kapitalis\",\"description\":\"L&#039;actualit\u00e9 en Tunisie et dans le monde\",\"publisher\":{\"@id\":\"https:\/\/kapitalis.com\/tunisie\/#organization\"},\"potentialAction\":[{\"@type\":\"SearchAction\",\"target\":{\"@type\":\"EntryPoint\",\"urlTemplate\":\"https:\/\/kapitalis.com\/tunisie\/?s={search_term_string}\"},\"query-input\":{\"@type\":\"PropertyValueSpecification\",\"valueRequired\":true,\"valueName\":\"search_term_string\"}}],\"inLanguage\":\"fr-FR\"},{\"@type\":\"Organization\",\"@id\":\"https:\/\/kapitalis.com\/tunisie\/#organization\",\"name\":\"Kapitalis\",\"url\":\"https:\/\/kapitalis.com\/tunisie\/\",\"logo\":{\"@type\":\"ImageObject\",\"inLanguage\":\"fr-FR\",\"@id\":\"https:\/\/kapitalis.com\/tunisie\/#\/schema\/logo\/image\/\",\"url\":\"https:\/\/kapitalis.com\/tunisie\/wp-content\/uploads\/2022\/05\/Kapitalis-big-size.png\",\"contentUrl\":\"https:\/\/kapitalis.com\/tunisie\/wp-content\/uploads\/2022\/05\/Kapitalis-big-size.png\",\"width\":5000,\"height\":1500,\"caption\":\"Kapitalis\"},\"image\":{\"@id\":\"https:\/\/kapitalis.com\/tunisie\/#\/schema\/logo\/image\/\"},\"sameAs\":[\"https:\/\/www.facebook.com\/KapitalisInfo\/\",\"https:\/\/x.com\/KapitalisInfo\",\"https:\/\/www.youtube.com\/channel\/UC-yDYrHyfFBWWZaOw3FPg9Q\"]},{\"@type\":\"Person\",\"@id\":\"https:\/\/kapitalis.com\/tunisie\/#\/schema\/person\/74bbde0154d49d790a92aaeac5bc01d5\",\"name\":\"Yusra NY\",\"url\":\"https:\/\/kapitalis.com\/tunisie\/author\/yuza_adam\/\"}]}<\/script>\n<!-- \/ Yoast SEO plugin. -->","yoast_head_json":{"title":"Sondage : Sa\u00efed en t\u00eate des intentions de vote pour la pr\u00e9sidentielle, le PDL pour les l\u00e9gislatives - Kapitalis","robots":{"index":"index","follow":"follow","max-snippet":"max-snippet:-1","max-image-preview":"max-image-preview:large","max-video-preview":"max-video-preview:-1"},"canonical":"https:\/\/kapitalis.com\/tunisie\/2020\/11\/19\/sondage-saied-en-tete-des-intentions-de-vote-pour-la-presidentielle-le-pdl-pour-les-legislatives\/","og_locale":"fr_FR","og_type":"article","og_title":"Sondage : Sa\u00efed en t\u00eate des intentions de vote pour la pr\u00e9sidentielle, le PDL pour les l\u00e9gislatives - Kapitalis","og_description":"Selon le barom\u00e8tre politique du mois de novembre 2020 r\u00e9alis\u00e9 par Sigma conseil, relay\u00e9 par le journal \u00abAl Maghreb\u00bb, le Parti destourien libre (PDL) a conserv\u00e9 sa premi\u00e8re place dans les intentions de vote pour les prochaines \u00e9lections l\u00e9gislatives avec 35,4%, et Ka\u00efs Sa\u00efed pour la pr\u00e9sidentielle, avec 55,3%.","og_url":"https:\/\/kapitalis.com\/tunisie\/2020\/11\/19\/sondage-saied-en-tete-des-intentions-de-vote-pour-la-presidentielle-le-pdl-pour-les-legislatives\/","og_site_name":"Kapitalis","article_publisher":"https:\/\/www.facebook.com\/KapitalisInfo\/","article_published_time":"2020-11-19T09:27:50+00:00","article_modified_time":"2020-11-19T11:39:20+00:00","og_image":[{"width":1200,"height":630,"url":"https:\/\/kapitalis.com\/tunisie\/wp-content\/uploads\/2022\/05\/kapitalis-logo-fb.png","type":"image\/png"}],"author":"Yusra NY","twitter_card":"summary_large_image","twitter_creator":"@KapitalisInfo","twitter_site":"@KapitalisInfo","twitter_misc":{"\u00c9crit par":"Yusra NY","Dur\u00e9e de lecture estim\u00e9e":"1 minute"},"schema":{"@context":"https:\/\/schema.org","@graph":[{"@type":"Article","@id":"https:\/\/kapitalis.com\/tunisie\/2020\/11\/19\/sondage-saied-en-tete-des-intentions-de-vote-pour-la-presidentielle-le-pdl-pour-les-legislatives\/#article","isPartOf":{"@id":"https:\/\/kapitalis.com\/tunisie\/2020\/11\/19\/sondage-saied-en-tete-des-intentions-de-vote-pour-la-presidentielle-le-pdl-pour-les-legislatives\/"},"author":{"name":"Yusra NY","@id":"https:\/\/kapitalis.com\/tunisie\/#\/schema\/person\/74bbde0154d49d790a92aaeac5bc01d5"},"headline":"Sondage : Sa\u00efed en t\u00eate des intentions de vote pour la pr\u00e9sidentielle, le PDL pour les l\u00e9gislatives","datePublished":"2020-11-19T09:27:50+00:00","dateModified":"2020-11-19T11:39:20+00:00","mainEntityOfPage":{"@id":"https:\/\/kapitalis.com\/tunisie\/2020\/11\/19\/sondage-saied-en-tete-des-intentions-de-vote-pour-la-presidentielle-le-pdl-pour-les-legislatives\/"},"wordCount":160,"commentCount":5,"publisher":{"@id":"https:\/\/kapitalis.com\/tunisie\/#organization"},"keywords":["barom\u00e8tre politique","\u00e9lections","\u064fKa\u00efs Sa\u00efed","l\u00e9gislatives","PDL","pr\u00e9sidentielle","Sigma Conseil"],"articleSection":["POLITIQUE","Tunisie"],"inLanguage":"fr-FR","potentialAction":[{"@type":"CommentAction","name":"Comment","target":["https:\/\/kapitalis.com\/tunisie\/2020\/11\/19\/sondage-saied-en-tete-des-intentions-de-vote-pour-la-presidentielle-le-pdl-pour-les-legislatives\/#respond"]}]},{"@type":"WebPage","@id":"https:\/\/kapitalis.com\/tunisie\/2020\/11\/19\/sondage-saied-en-tete-des-intentions-de-vote-pour-la-presidentielle-le-pdl-pour-les-legislatives\/","url":"https:\/\/kapitalis.com\/tunisie\/2020\/11\/19\/sondage-saied-en-tete-des-intentions-de-vote-pour-la-presidentielle-le-pdl-pour-les-legislatives\/","name":"Sondage : Sa\u00efed en t\u00eate des intentions de vote pour la pr\u00e9sidentielle, le PDL pour les l\u00e9gislatives - Kapitalis","isPartOf":{"@id":"https:\/\/kapitalis.com\/tunisie\/#website"},"datePublished":"2020-11-19T09:27:50+00:00","dateModified":"2020-11-19T11:39:20+00:00","breadcrumb":{"@id":"https:\/\/kapitalis.com\/tunisie\/2020\/11\/19\/sondage-saied-en-tete-des-intentions-de-vote-pour-la-presidentielle-le-pdl-pour-les-legislatives\/#breadcrumb"},"inLanguage":"fr-FR","potentialAction":[{"@type":"ReadAction","target":["https:\/\/kapitalis.com\/tunisie\/2020\/11\/19\/sondage-saied-en-tete-des-intentions-de-vote-pour-la-presidentielle-le-pdl-pour-les-legislatives\/"]}]},{"@type":"BreadcrumbList","@id":"https:\/\/kapitalis.com\/tunisie\/2020\/11\/19\/sondage-saied-en-tete-des-intentions-de-vote-pour-la-presidentielle-le-pdl-pour-les-legislatives\/#breadcrumb","itemListElement":[{"@type":"ListItem","position":1,"name":"Accueil","item":"https:\/\/kapitalis.com\/tunisie\/"},{"@type":"ListItem","position":2,"name":"Sondage : Sa\u00efed en t\u00eate des intentions de vote pour la pr\u00e9sidentielle, le PDL pour les l\u00e9gislatives"}]},{"@type":"WebSite","@id":"https:\/\/kapitalis.com\/tunisie\/#website","url":"https:\/\/kapitalis.com\/tunisie\/","name":"Kapitalis","description":"L&#039;actualit\u00e9 en Tunisie et dans le monde","publisher":{"@id":"https:\/\/kapitalis.com\/tunisie\/#organization"},"potentialAction":[{"@type":"SearchAction","target":{"@type":"EntryPoint","urlTemplate":"https:\/\/kapitalis.com\/tunisie\/?s={search_term_string}"},"query-input":{"@type":"PropertyValueSpecification","valueRequired":true,"valueName":"search_term_string"}}],"inLanguage":"fr-FR"},{"@type":"Organization","@id":"https:\/\/kapitalis.com\/tunisie\/#organization","name":"Kapitalis","url":"https:\/\/kapitalis.com\/tunisie\/","logo":{"@type":"ImageObject","inLanguage":"fr-FR","@id":"https:\/\/kapitalis.com\/tunisie\/#\/schema\/logo\/image\/","url":"https:\/\/kapitalis.com\/tunisie\/wp-content\/uploads\/2022\/05\/Kapitalis-big-size.png","contentUrl":"https:\/\/kapitalis.com\/tunisie\/wp-content\/uploads\/2022\/05\/Kapitalis-big-size.png","width":5000,"height":1500,"caption":"Kapitalis"},"image":{"@id":"https:\/\/kapitalis.com\/tunisie\/#\/schema\/logo\/image\/"},"sameAs":["https:\/\/www.facebook.com\/KapitalisInfo\/","https:\/\/x.com\/KapitalisInfo","https:\/\/www.youtube.com\/channel\/UC-yDYrHyfFBWWZaOw3FPg9Q"]},{"@type":"Person","@id":"https:\/\/kapitalis.com\/tunisie\/#\/schema\/person\/74bbde0154d49d790a92aaeac5bc01d5","name":"Yusra NY","url":"https:\/\/kapitalis.com\/tunisie\/author\/yuza_adam\/"}]}},"_links":{"self":[{"href":"https:\/\/kapitalis.com\/tunisie\/wp-json\/wp\/v2\/posts\/324990","targetHints":{"allow":["GET"]}}],"collection":[{"href":"https:\/\/kapitalis.com\/tunisie\/wp-json\/wp\/v2\/posts"}],"about":[{"href":"https:\/\/kapitalis.com\/tunisie\/wp-json\/wp\/v2\/types\/post"}],"author":[{"embeddable":true,"href":"https:\/\/kapitalis.com\/tunisie\/wp-json\/wp\/v2\/users\/6"}],"replies":[{"embeddable":true,"href":"https:\/\/kapitalis.com\/tunisie\/wp-json\/wp\/v2\/comments?post=324990"}],"version-history":[{"count":0,"href":"https:\/\/kapitalis.com\/tunisie\/wp-json\/wp\/v2\/posts\/324990\/revisions"}],"wp:attachment":[{"href":"https:\/\/kapitalis.com\/tunisie\/wp-json\/wp\/v2\/media?parent=324990"}],"wp:term":[{"taxonomy":"category","embeddable":true,"href":"https:\/\/kapitalis.com\/tunisie\/wp-json\/wp\/v2\/categories?post=324990"},{"taxonomy":"post_tag","embeddable":true,"href":"https:\/\/kapitalis.com\/tunisie\/wp-json\/wp\/v2\/tags?post=324990"}],"curies":[{"name":"wp","href":"https:\/\/api.w.org\/{rel}","templated":true}]}}