{"id":325026,"date":"2020-11-19T13:02:06","date_gmt":"2020-11-19T12:02:06","guid":{"rendered":"http:\/\/kapitalis.com\/tunisie\/?p=325026"},"modified":"2020-11-19T13:02:08","modified_gmt":"2020-11-19T12:02:08","slug":"2e-edition-des-rencontres-de-dar-sebastien-ezzedine-madani-a-lhonneur","status":"publish","type":"post","link":"https:\/\/kapitalis.com\/tunisie\/2020\/11\/19\/2e-edition-des-rencontres-de-dar-sebastien-ezzedine-madani-a-lhonneur\/","title":{"rendered":"2e \u00e9dition des Rencontres de Dar S\u00e9bastien: Ezzedine Madani \u00e0 l\u2019honneur"},"content":{"rendered":"\n<div class=\"wp-block-image\"><figure class=\"aligncenter size-large\"><img decoding=\"async\" src=\"http:\/\/kapitalis.com\/tunisie\/wp-content\/uploads\/2020\/11\/Untitled-1-7.jpg\" alt=\"\" class=\"wp-image-325029\"\/><\/figure><\/div>\n\n\n\n<p><strong><em>La 2<sup>e<\/sup> \u00e9dition des grandes rencontres de Dar S\u00e9bastien (Hammamet) se tiendra les 20 et 21 novembre 2020 et rendra hommage \u00e0 l\u2019\u00e9crivain et dramaturge tunisien Ezzedine Madani.<\/em><\/strong><\/p>\n\n\n\n<!--more-->\n\n\n\n<p>Consid\u00e9r\u00e9e comme l\u2019une des plus anciennes institutions culturelles en Tunisie et dans le bassin m\u00e9diterran\u00e9en (1964), ce centre, connu aussi comme \u00ab\u00a0Dar S\u00e9bastien\u00a0\u00bb, a souhait\u00e9 consolider cette m\u00e9moire autour d\u2019un art pluriel et engag\u00e9, et a ainsi lanc\u00e9 depuis le mois de f\u00e9vrier 2020 la premi\u00e8re \u00e9dition des \u00ab\u00a0Grandes rencontres de Dar S\u00e9bastien\u00a0\u00bb, une s\u00e9rie de conf\u00e9rences et de d\u00e9bats anim\u00e9s par des artistes et des penseurs pour raviver la m\u00e9moire de cette institution et rappeler la diversit\u00e9 de la cr\u00e9ation tunisienne.<\/p>\n\n\n\n<p>Ces rencontres avaient donn\u00e9 naissance aux \u00ab&nbsp;Cahiers de Dar S\u00e9bastien&nbsp;\u00bb dont le premier num\u00e9ro avait \u00e9t\u00e9 consacr\u00e9 au grand artiste plasticien et calligraphe tunisien Nja Mahdaoui.<\/p>\n\n\n\n<p>Dar S\u00e9bastien renouvelle l\u2019exp\u00e9rience et annonce la 2<sup>e<\/sup> \u00e9dition de ces grandes rencontres qui s\u2019\u00e9taleront sur deux journ\u00e9es (les 21 et 22 novembre) et qui porteront sur l&rsquo;oeuvre et le parcours du grand \u00e9crivain, dramaturge et nouvelliste tunisien Ezzedine Madani. Les travaux de ces rencontres seront publi\u00e9s dans le deuxi\u00e8me num\u00e9ro des \u00ab\u00a0Cahiers de Dar S\u00e9bastien\u00a0\u00bb.<\/p>\n\n\n\n<p><strong>Fawz Benali<\/strong><\/p>\n","protected":false},"excerpt":{"rendered":"<p>La 2e \u00e9dition des grandes rencontres de Dar S\u00e9bastien (Hammamet) se tiendra les 20 et 21 novembre 2020 et rendra hommage \u00e0 l\u2019\u00e9crivain et dramaturge tunisien Ezzedine Madani.<\/p>\n","protected":false},"author":26,"featured_media":325029,"comment_status":"open","ping_status":"open","sticky":false,"template":"","format":"standard","meta":{"footnotes":""},"categories":[994,2433],"tags":[26524,84902,84903,84904,24272],"class_list":["post-325026","post","type-post","status-publish","format-standard","has-post-thumbnail","hentry","category-culture","category-tunisie","tag-centre-culturel-international-de-hammamet","tag-dar-sebastien","tag-ezzedine-madani","tag-les-rencontres-de-dar-sebastien","tag-nja-mahdaoui"],"yoast_head":"<!-- This site is optimized with the Yoast SEO plugin v26.6 - https:\/\/yoast.com\/wordpress\/plugins\/seo\/ -->\n<title>2e \u00e9dition des Rencontres de Dar S\u00e9bastien: Ezzedine Madani \u00e0 l\u2019honneur - Kapitalis<\/title>\n<meta name=\"robots\" content=\"index, follow, max-snippet:-1, max-image-preview:large, max-video-preview:-1\" \/>\n<link rel=\"canonical\" href=\"https:\/\/kapitalis.com\/tunisie\/2020\/11\/19\/2e-edition-des-rencontres-de-dar-sebastien-ezzedine-madani-a-lhonneur\/\" \/>\n<meta property=\"og:locale\" content=\"fr_FR\" \/>\n<meta property=\"og:type\" content=\"article\" \/>\n<meta property=\"og:title\" content=\"2e \u00e9dition des Rencontres de Dar S\u00e9bastien: Ezzedine Madani \u00e0 l\u2019honneur - Kapitalis\" \/>\n<meta property=\"og:description\" content=\"La 2e \u00e9dition des grandes rencontres de Dar S\u00e9bastien (Hammamet) se tiendra les 20 et 21 novembre 2020 et rendra hommage \u00e0 l\u2019\u00e9crivain et dramaturge tunisien Ezzedine Madani.\" \/>\n<meta property=\"og:url\" content=\"https:\/\/kapitalis.com\/tunisie\/2020\/11\/19\/2e-edition-des-rencontres-de-dar-sebastien-ezzedine-madani-a-lhonneur\/\" \/>\n<meta property=\"og:site_name\" content=\"Kapitalis\" \/>\n<meta property=\"article:publisher\" content=\"https:\/\/www.facebook.com\/KapitalisInfo\/\" \/>\n<meta property=\"article:published_time\" content=\"2020-11-19T12:02:06+00:00\" \/>\n<meta property=\"article:modified_time\" content=\"2020-11-19T12:02:08+00:00\" \/>\n<meta property=\"og:image\" content=\"https:\/\/kapitalis.com\/tunisie\/wp-content\/uploads\/2022\/05\/kapitalis-logo-fb.png\" \/>\n\t<meta property=\"og:image:width\" content=\"1200\" \/>\n\t<meta property=\"og:image:height\" content=\"630\" \/>\n\t<meta property=\"og:image:type\" content=\"image\/png\" \/>\n<meta name=\"author\" content=\"Fawz BenAli\" \/>\n<meta name=\"twitter:card\" content=\"summary_large_image\" \/>\n<meta name=\"twitter:creator\" content=\"@KapitalisInfo\" \/>\n<meta name=\"twitter:site\" content=\"@KapitalisInfo\" \/>\n<meta name=\"twitter:label1\" content=\"\u00c9crit par\" \/>\n\t<meta name=\"twitter:data1\" content=\"Fawz BenAli\" \/>\n\t<meta name=\"twitter:label2\" content=\"Dur\u00e9e de lecture estim\u00e9e\" \/>\n\t<meta name=\"twitter:data2\" content=\"1 minute\" \/>\n<script type=\"application\/ld+json\" class=\"yoast-schema-graph\">{\"@context\":\"https:\/\/schema.org\",\"@graph\":[{\"@type\":\"Article\",\"@id\":\"https:\/\/kapitalis.com\/tunisie\/2020\/11\/19\/2e-edition-des-rencontres-de-dar-sebastien-ezzedine-madani-a-lhonneur\/#article\",\"isPartOf\":{\"@id\":\"https:\/\/kapitalis.com\/tunisie\/2020\/11\/19\/2e-edition-des-rencontres-de-dar-sebastien-ezzedine-madani-a-lhonneur\/\"},\"author\":{\"name\":\"Fawz BenAli\",\"@id\":\"https:\/\/kapitalis.com\/tunisie\/#\/schema\/person\/73a5ecc1f6ae540c6ed91342eadca948\"},\"headline\":\"2e \u00e9dition des Rencontres de Dar S\u00e9bastien: Ezzedine Madani \u00e0 l\u2019honneur\",\"datePublished\":\"2020-11-19T12:02:06+00:00\",\"dateModified\":\"2020-11-19T12:02:08+00:00\",\"mainEntityOfPage\":{\"@id\":\"https:\/\/kapitalis.com\/tunisie\/2020\/11\/19\/2e-edition-des-rencontres-de-dar-sebastien-ezzedine-madani-a-lhonneur\/\"},\"wordCount\":230,\"commentCount\":2,\"publisher\":{\"@id\":\"https:\/\/kapitalis.com\/tunisie\/#organization\"},\"image\":{\"@id\":\"https:\/\/kapitalis.com\/tunisie\/2020\/11\/19\/2e-edition-des-rencontres-de-dar-sebastien-ezzedine-madani-a-lhonneur\/#primaryimage\"},\"thumbnailUrl\":\"\",\"keywords\":[\"Centre culturel international de Hammamet\",\"Dar S\u00e9bastien\",\"Ezzedine Madani\",\"Les rencontres de Dar S\u00e9bastien\",\"Nja Mahdaoui\"],\"articleSection\":[\"CULTURE\",\"Tunisie\"],\"inLanguage\":\"fr-FR\",\"potentialAction\":[{\"@type\":\"CommentAction\",\"name\":\"Comment\",\"target\":[\"https:\/\/kapitalis.com\/tunisie\/2020\/11\/19\/2e-edition-des-rencontres-de-dar-sebastien-ezzedine-madani-a-lhonneur\/#respond\"]}]},{\"@type\":\"WebPage\",\"@id\":\"https:\/\/kapitalis.com\/tunisie\/2020\/11\/19\/2e-edition-des-rencontres-de-dar-sebastien-ezzedine-madani-a-lhonneur\/\",\"url\":\"https:\/\/kapitalis.com\/tunisie\/2020\/11\/19\/2e-edition-des-rencontres-de-dar-sebastien-ezzedine-madani-a-lhonneur\/\",\"name\":\"2e \u00e9dition des Rencontres de Dar S\u00e9bastien: Ezzedine Madani \u00e0 l\u2019honneur - Kapitalis\",\"isPartOf\":{\"@id\":\"https:\/\/kapitalis.com\/tunisie\/#website\"},\"primaryImageOfPage\":{\"@id\":\"https:\/\/kapitalis.com\/tunisie\/2020\/11\/19\/2e-edition-des-rencontres-de-dar-sebastien-ezzedine-madani-a-lhonneur\/#primaryimage\"},\"image\":{\"@id\":\"https:\/\/kapitalis.com\/tunisie\/2020\/11\/19\/2e-edition-des-rencontres-de-dar-sebastien-ezzedine-madani-a-lhonneur\/#primaryimage\"},\"thumbnailUrl\":\"\",\"datePublished\":\"2020-11-19T12:02:06+00:00\",\"dateModified\":\"2020-11-19T12:02:08+00:00\",\"breadcrumb\":{\"@id\":\"https:\/\/kapitalis.com\/tunisie\/2020\/11\/19\/2e-edition-des-rencontres-de-dar-sebastien-ezzedine-madani-a-lhonneur\/#breadcrumb\"},\"inLanguage\":\"fr-FR\",\"potentialAction\":[{\"@type\":\"ReadAction\",\"target\":[\"https:\/\/kapitalis.com\/tunisie\/2020\/11\/19\/2e-edition-des-rencontres-de-dar-sebastien-ezzedine-madani-a-lhonneur\/\"]}]},{\"@type\":\"ImageObject\",\"inLanguage\":\"fr-FR\",\"@id\":\"https:\/\/kapitalis.com\/tunisie\/2020\/11\/19\/2e-edition-des-rencontres-de-dar-sebastien-ezzedine-madani-a-lhonneur\/#primaryimage\",\"url\":\"\",\"contentUrl\":\"\"},{\"@type\":\"BreadcrumbList\",\"@id\":\"https:\/\/kapitalis.com\/tunisie\/2020\/11\/19\/2e-edition-des-rencontres-de-dar-sebastien-ezzedine-madani-a-lhonneur\/#breadcrumb\",\"itemListElement\":[{\"@type\":\"ListItem\",\"position\":1,\"name\":\"Accueil\",\"item\":\"https:\/\/kapitalis.com\/tunisie\/\"},{\"@type\":\"ListItem\",\"position\":2,\"name\":\"2e \u00e9dition des Rencontres de Dar S\u00e9bastien: Ezzedine Madani \u00e0 l\u2019honneur\"}]},{\"@type\":\"WebSite\",\"@id\":\"https:\/\/kapitalis.com\/tunisie\/#website\",\"url\":\"https:\/\/kapitalis.com\/tunisie\/\",\"name\":\"Kapitalis\",\"description\":\"L&#039;actualit\u00e9 en Tunisie et dans le monde\",\"publisher\":{\"@id\":\"https:\/\/kapitalis.com\/tunisie\/#organization\"},\"potentialAction\":[{\"@type\":\"SearchAction\",\"target\":{\"@type\":\"EntryPoint\",\"urlTemplate\":\"https:\/\/kapitalis.com\/tunisie\/?s={search_term_string}\"},\"query-input\":{\"@type\":\"PropertyValueSpecification\",\"valueRequired\":true,\"valueName\":\"search_term_string\"}}],\"inLanguage\":\"fr-FR\"},{\"@type\":\"Organization\",\"@id\":\"https:\/\/kapitalis.com\/tunisie\/#organization\",\"name\":\"Kapitalis\",\"url\":\"https:\/\/kapitalis.com\/tunisie\/\",\"logo\":{\"@type\":\"ImageObject\",\"inLanguage\":\"fr-FR\",\"@id\":\"https:\/\/kapitalis.com\/tunisie\/#\/schema\/logo\/image\/\",\"url\":\"https:\/\/kapitalis.com\/tunisie\/wp-content\/uploads\/2022\/05\/Kapitalis-big-size.png\",\"contentUrl\":\"https:\/\/kapitalis.com\/tunisie\/wp-content\/uploads\/2022\/05\/Kapitalis-big-size.png\",\"width\":5000,\"height\":1500,\"caption\":\"Kapitalis\"},\"image\":{\"@id\":\"https:\/\/kapitalis.com\/tunisie\/#\/schema\/logo\/image\/\"},\"sameAs\":[\"https:\/\/www.facebook.com\/KapitalisInfo\/\",\"https:\/\/x.com\/KapitalisInfo\",\"https:\/\/www.youtube.com\/channel\/UC-yDYrHyfFBWWZaOw3FPg9Q\"]},{\"@type\":\"Person\",\"@id\":\"https:\/\/kapitalis.com\/tunisie\/#\/schema\/person\/73a5ecc1f6ae540c6ed91342eadca948\",\"name\":\"Fawz BenAli\",\"url\":\"https:\/\/kapitalis.com\/tunisie\/author\/fawz\/\"}]}<\/script>\n<!-- \/ Yoast SEO plugin. -->","yoast_head_json":{"title":"2e \u00e9dition des Rencontres de Dar S\u00e9bastien: Ezzedine Madani \u00e0 l\u2019honneur - Kapitalis","robots":{"index":"index","follow":"follow","max-snippet":"max-snippet:-1","max-image-preview":"max-image-preview:large","max-video-preview":"max-video-preview:-1"},"canonical":"https:\/\/kapitalis.com\/tunisie\/2020\/11\/19\/2e-edition-des-rencontres-de-dar-sebastien-ezzedine-madani-a-lhonneur\/","og_locale":"fr_FR","og_type":"article","og_title":"2e \u00e9dition des Rencontres de Dar S\u00e9bastien: Ezzedine Madani \u00e0 l\u2019honneur - Kapitalis","og_description":"La 2e \u00e9dition des grandes rencontres de Dar S\u00e9bastien (Hammamet) se tiendra les 20 et 21 novembre 2020 et rendra hommage \u00e0 l\u2019\u00e9crivain et dramaturge tunisien Ezzedine Madani.","og_url":"https:\/\/kapitalis.com\/tunisie\/2020\/11\/19\/2e-edition-des-rencontres-de-dar-sebastien-ezzedine-madani-a-lhonneur\/","og_site_name":"Kapitalis","article_publisher":"https:\/\/www.facebook.com\/KapitalisInfo\/","article_published_time":"2020-11-19T12:02:06+00:00","article_modified_time":"2020-11-19T12:02:08+00:00","og_image":[{"width":1200,"height":630,"url":"https:\/\/kapitalis.com\/tunisie\/wp-content\/uploads\/2022\/05\/kapitalis-logo-fb.png","type":"image\/png"}],"author":"Fawz BenAli","twitter_card":"summary_large_image","twitter_creator":"@KapitalisInfo","twitter_site":"@KapitalisInfo","twitter_misc":{"\u00c9crit par":"Fawz BenAli","Dur\u00e9e de lecture estim\u00e9e":"1 minute"},"schema":{"@context":"https:\/\/schema.org","@graph":[{"@type":"Article","@id":"https:\/\/kapitalis.com\/tunisie\/2020\/11\/19\/2e-edition-des-rencontres-de-dar-sebastien-ezzedine-madani-a-lhonneur\/#article","isPartOf":{"@id":"https:\/\/kapitalis.com\/tunisie\/2020\/11\/19\/2e-edition-des-rencontres-de-dar-sebastien-ezzedine-madani-a-lhonneur\/"},"author":{"name":"Fawz BenAli","@id":"https:\/\/kapitalis.com\/tunisie\/#\/schema\/person\/73a5ecc1f6ae540c6ed91342eadca948"},"headline":"2e \u00e9dition des Rencontres de Dar S\u00e9bastien: Ezzedine Madani \u00e0 l\u2019honneur","datePublished":"2020-11-19T12:02:06+00:00","dateModified":"2020-11-19T12:02:08+00:00","mainEntityOfPage":{"@id":"https:\/\/kapitalis.com\/tunisie\/2020\/11\/19\/2e-edition-des-rencontres-de-dar-sebastien-ezzedine-madani-a-lhonneur\/"},"wordCount":230,"commentCount":2,"publisher":{"@id":"https:\/\/kapitalis.com\/tunisie\/#organization"},"image":{"@id":"https:\/\/kapitalis.com\/tunisie\/2020\/11\/19\/2e-edition-des-rencontres-de-dar-sebastien-ezzedine-madani-a-lhonneur\/#primaryimage"},"thumbnailUrl":"","keywords":["Centre culturel international de Hammamet","Dar S\u00e9bastien","Ezzedine Madani","Les rencontres de Dar S\u00e9bastien","Nja Mahdaoui"],"articleSection":["CULTURE","Tunisie"],"inLanguage":"fr-FR","potentialAction":[{"@type":"CommentAction","name":"Comment","target":["https:\/\/kapitalis.com\/tunisie\/2020\/11\/19\/2e-edition-des-rencontres-de-dar-sebastien-ezzedine-madani-a-lhonneur\/#respond"]}]},{"@type":"WebPage","@id":"https:\/\/kapitalis.com\/tunisie\/2020\/11\/19\/2e-edition-des-rencontres-de-dar-sebastien-ezzedine-madani-a-lhonneur\/","url":"https:\/\/kapitalis.com\/tunisie\/2020\/11\/19\/2e-edition-des-rencontres-de-dar-sebastien-ezzedine-madani-a-lhonneur\/","name":"2e \u00e9dition des Rencontres de Dar S\u00e9bastien: Ezzedine Madani \u00e0 l\u2019honneur - Kapitalis","isPartOf":{"@id":"https:\/\/kapitalis.com\/tunisie\/#website"},"primaryImageOfPage":{"@id":"https:\/\/kapitalis.com\/tunisie\/2020\/11\/19\/2e-edition-des-rencontres-de-dar-sebastien-ezzedine-madani-a-lhonneur\/#primaryimage"},"image":{"@id":"https:\/\/kapitalis.com\/tunisie\/2020\/11\/19\/2e-edition-des-rencontres-de-dar-sebastien-ezzedine-madani-a-lhonneur\/#primaryimage"},"thumbnailUrl":"","datePublished":"2020-11-19T12:02:06+00:00","dateModified":"2020-11-19T12:02:08+00:00","breadcrumb":{"@id":"https:\/\/kapitalis.com\/tunisie\/2020\/11\/19\/2e-edition-des-rencontres-de-dar-sebastien-ezzedine-madani-a-lhonneur\/#breadcrumb"},"inLanguage":"fr-FR","potentialAction":[{"@type":"ReadAction","target":["https:\/\/kapitalis.com\/tunisie\/2020\/11\/19\/2e-edition-des-rencontres-de-dar-sebastien-ezzedine-madani-a-lhonneur\/"]}]},{"@type":"ImageObject","inLanguage":"fr-FR","@id":"https:\/\/kapitalis.com\/tunisie\/2020\/11\/19\/2e-edition-des-rencontres-de-dar-sebastien-ezzedine-madani-a-lhonneur\/#primaryimage","url":"","contentUrl":""},{"@type":"BreadcrumbList","@id":"https:\/\/kapitalis.com\/tunisie\/2020\/11\/19\/2e-edition-des-rencontres-de-dar-sebastien-ezzedine-madani-a-lhonneur\/#breadcrumb","itemListElement":[{"@type":"ListItem","position":1,"name":"Accueil","item":"https:\/\/kapitalis.com\/tunisie\/"},{"@type":"ListItem","position":2,"name":"2e \u00e9dition des Rencontres de Dar S\u00e9bastien: Ezzedine Madani \u00e0 l\u2019honneur"}]},{"@type":"WebSite","@id":"https:\/\/kapitalis.com\/tunisie\/#website","url":"https:\/\/kapitalis.com\/tunisie\/","name":"Kapitalis","description":"L&#039;actualit\u00e9 en Tunisie et dans le monde","publisher":{"@id":"https:\/\/kapitalis.com\/tunisie\/#organization"},"potentialAction":[{"@type":"SearchAction","target":{"@type":"EntryPoint","urlTemplate":"https:\/\/kapitalis.com\/tunisie\/?s={search_term_string}"},"query-input":{"@type":"PropertyValueSpecification","valueRequired":true,"valueName":"search_term_string"}}],"inLanguage":"fr-FR"},{"@type":"Organization","@id":"https:\/\/kapitalis.com\/tunisie\/#organization","name":"Kapitalis","url":"https:\/\/kapitalis.com\/tunisie\/","logo":{"@type":"ImageObject","inLanguage":"fr-FR","@id":"https:\/\/kapitalis.com\/tunisie\/#\/schema\/logo\/image\/","url":"https:\/\/kapitalis.com\/tunisie\/wp-content\/uploads\/2022\/05\/Kapitalis-big-size.png","contentUrl":"https:\/\/kapitalis.com\/tunisie\/wp-content\/uploads\/2022\/05\/Kapitalis-big-size.png","width":5000,"height":1500,"caption":"Kapitalis"},"image":{"@id":"https:\/\/kapitalis.com\/tunisie\/#\/schema\/logo\/image\/"},"sameAs":["https:\/\/www.facebook.com\/KapitalisInfo\/","https:\/\/x.com\/KapitalisInfo","https:\/\/www.youtube.com\/channel\/UC-yDYrHyfFBWWZaOw3FPg9Q"]},{"@type":"Person","@id":"https:\/\/kapitalis.com\/tunisie\/#\/schema\/person\/73a5ecc1f6ae540c6ed91342eadca948","name":"Fawz BenAli","url":"https:\/\/kapitalis.com\/tunisie\/author\/fawz\/"}]}},"_links":{"self":[{"href":"https:\/\/kapitalis.com\/tunisie\/wp-json\/wp\/v2\/posts\/325026","targetHints":{"allow":["GET"]}}],"collection":[{"href":"https:\/\/kapitalis.com\/tunisie\/wp-json\/wp\/v2\/posts"}],"about":[{"href":"https:\/\/kapitalis.com\/tunisie\/wp-json\/wp\/v2\/types\/post"}],"author":[{"embeddable":true,"href":"https:\/\/kapitalis.com\/tunisie\/wp-json\/wp\/v2\/users\/26"}],"replies":[{"embeddable":true,"href":"https:\/\/kapitalis.com\/tunisie\/wp-json\/wp\/v2\/comments?post=325026"}],"version-history":[{"count":0,"href":"https:\/\/kapitalis.com\/tunisie\/wp-json\/wp\/v2\/posts\/325026\/revisions"}],"wp:featuredmedia":[{"embeddable":true,"href":"https:\/\/kapitalis.com\/tunisie\/wp-json\/wp\/v2\/media\/325029"}],"wp:attachment":[{"href":"https:\/\/kapitalis.com\/tunisie\/wp-json\/wp\/v2\/media?parent=325026"}],"wp:term":[{"taxonomy":"category","embeddable":true,"href":"https:\/\/kapitalis.com\/tunisie\/wp-json\/wp\/v2\/categories?post=325026"},{"taxonomy":"post_tag","embeddable":true,"href":"https:\/\/kapitalis.com\/tunisie\/wp-json\/wp\/v2\/tags?post=325026"}],"curies":[{"name":"wp","href":"https:\/\/api.w.org\/{rel}","templated":true}]}}