{"id":325104,"date":"2020-11-20T10:53:06","date_gmt":"2020-11-20T09:53:06","guid":{"rendered":"http:\/\/kapitalis.com\/tunisie\/?p=325104"},"modified":"2020-11-20T11:15:11","modified_gmt":"2020-11-20T10:15:11","slug":"affaire-des-dechets-italiens-le-ministre-de-lenvironnement-aurait-ete-mis-au-courant-depuis-septembre","status":"publish","type":"post","link":"https:\/\/kapitalis.com\/tunisie\/2020\/11\/20\/affaire-des-dechets-italiens-le-ministre-de-lenvironnement-aurait-ete-mis-au-courant-depuis-septembre\/","title":{"rendered":"Affaire des d\u00e9chets italiens : Le ministre de l&rsquo;Environnement aurait \u00e9t\u00e9 mis au courant depuis septembre"},"content":{"rendered":"\n<figure class=\"wp-block-image size-large\"><img decoding=\"async\" src=\"http:\/\/kapitalis.com\/tunisie\/wp-content\/uploads\/2020\/11\/dechets-2.jpg\" alt=\"\" class=\"wp-image-323320\"\/><\/figure>\n\n\n\n<p><strong><em>Si on en croit Fay\u00e7al Bedhiafi, ancien directeur g\u00e9n\u00e9ral de l\u2019Agence nationale de gestion des d\u00e9chets, <a href=\"http:\/\/kapitalis.com\/tunisie\/2020\/11\/12\/tunisie-limogeage-du-directeur-general-de-lagence-nationale-de-gestion-des-dechets\/\">limog\u00e9<\/a> la semaine derni\u00e8re par le chef du gouvernement, Hichem Mechichi, le minist\u00e8re des Affaires locales et de l&rsquo;Environnement a \u00e9t\u00e9 mis au courant de<a href=\"http:\/\/kapitalis.com\/tunisie\/2020\/11\/03\/dechets-italiens-importes-par-une-entreprise-tunisienne-le-ministre-de-lenvironnement-ouvre-une-enquete\/\"> <\/a>l&rsquo;affaire des d\u00e9chets import\u00e9s d&rsquo;Italie depuis le mois de septembre dernier, mais qu&rsquo;il n&rsquo;a pas bronch\u00e9\u2026<\/em><\/strong><\/p>\n\n\n\n<!--more-->\n\n\n\n<p>Pour rappel, le minist\u00e8re n&rsquo;a ouvert <a href=\"http:\/\/kapitalis.com\/tunisie\/2020\/11\/03\/dechets-italiens-importes-par-une-entreprise-tunisienne-le-ministre-de-lenvironnement-ouvre-une-enquete\/\"><strong>une enqu\u00eate<\/strong><\/a> concernant ce dossier qu&rsquo;apr\u00e8s la diffusion d&rsquo;un reportage \u00e0 ce sujet par la cha\u00eene El-Hiwar Ettounsi le 2 novembre dernier.<\/p>\n\n\n\n<p>\u00ab<em>J\u2019avais d\u00e9couvert le dossier d\u2019importation des d\u00e9chets d\u2019Italie par hasard, le 31 ao\u00fbt. J\u2019ai, suite \u00e0 cela, contact\u00e9 la Direction g\u00e9n\u00e9rale de l\u2019environnement et de la qualit\u00e9&nbsp;de la&nbsp;vie, relevant du minist\u00e8re de l\u2019Environnement, le 3 septembre, pour prendre les mesures n\u00e9cessaires, mais je n\u2019ai re\u00e7u aucune r\u00e9ponse<\/em>\u00bb, a d\u00e9clar\u00e9 Fay\u00e7al Bedhiafi, hier soir, 19 novembre 2020, sur la cha\u00eene Attesia TV.<\/p>\n\n\n\n<p>Et d&rsquo;ajouter qu&rsquo;il s&rsquo;\u00e9tait, par la suite, directement adress\u00e9 au ministre de l\u2019Environnement, Mustapha Aroui, le 16 septembre 2020, via une correspondance, qui demeure, \u00e0 ce jour, sans r\u00e9ponse.<\/p>\n\n\n\n<p>M. Bedhiafi a, par ailleurs, soulign\u00e9 que l\u2019importation des d\u00e9chets fait directement partie des pr\u00e9rogatives du ministre de l\u2019Environnement, assurant que l\u2019agence qu&rsquo;il dirigeait n\u2019a aucun lien avec ces op\u00e9rations, conform\u00e9ment au d\u00e9cret 2317 du 22 ao\u00fbt 2020.<\/p>\n\n\n\n<p>Si ses paroles s&rsquo;av\u00e9raient vraies, cela signifierait que le ministre de l&rsquo;Environnement doit \u00eatre sanctionn\u00e9, au moins pour son manquement \u00e0 son devoir, dans le cadre de cette affaire. Les d\u00e9clarations de Bedhiafi remettent \u00e9galement en question la pertinence de la mesure prise par le chef du gouvernement contre lui.<\/p>\n\n\n\n<p class=\"has-text-align-right\"><strong>C. B. Y.<\/strong><\/p>\n\n\n\n<figure class=\"wp-block-embed-wordpress wp-block-embed is-type-wp-embed is-provider-kapitalis\"><div class=\"wp-block-embed__wrapper\">\n<blockquote class=\"wp-embedded-content\" data-secret=\"ACeeWAf4Km\"><a href=\"https:\/\/kapitalis.com\/tunisie\/2020\/11\/12\/tunisie-limogeage-du-directeur-general-de-lagence-nationale-de-gestion-des-dechets\/\">Tunisie : Limogeage du directeur g\u00e9n\u00e9ral de l\u2019Agence nationale de gestion des d\u00e9chets<\/a><\/blockquote><iframe loading=\"lazy\" class=\"wp-embedded-content\" sandbox=\"allow-scripts\" security=\"restricted\" style=\"position: absolute; clip: rect(1px, 1px, 1px, 1px);\" title=\"\u00ab\u00a0Tunisie : Limogeage du directeur g\u00e9n\u00e9ral de l\u2019Agence nationale de gestion des d\u00e9chets\u00a0\u00bb &#8212; Kapitalis\" src=\"https:\/\/kapitalis.com\/tunisie\/2020\/11\/12\/tunisie-limogeage-du-directeur-general-de-lagence-nationale-de-gestion-des-dechets\/embed\/#?secret=1Inv8JHPNf#?secret=ACeeWAf4Km\" data-secret=\"ACeeWAf4Km\" width=\"600\" height=\"338\" frameborder=\"0\" marginwidth=\"0\" marginheight=\"0\" scrolling=\"no\"><\/iframe>\n<\/div><\/figure>\n\n\n\n<figure class=\"wp-block-embed-wordpress wp-block-embed is-type-wp-embed is-provider-kapitalis\"><div class=\"wp-block-embed__wrapper\">\n<blockquote class=\"wp-embedded-content\" data-secret=\"jYeBPF59gR\"><a href=\"https:\/\/kapitalis.com\/tunisie\/2020\/11\/03\/dechets-italiens-importes-par-une-entreprise-tunisienne-le-ministre-de-lenvironnement-ouvre-une-enquete\/\">D\u00e9chets italiens import\u00e9s par une entreprise tunisienne : Le ministre de l&rsquo;Environnement ouvre une enqu\u00eate<\/a><\/blockquote><iframe loading=\"lazy\" class=\"wp-embedded-content\" sandbox=\"allow-scripts\" security=\"restricted\" style=\"position: absolute; clip: rect(1px, 1px, 1px, 1px);\" title=\"\u00ab\u00a0D\u00e9chets italiens import\u00e9s par une entreprise tunisienne : Le ministre de l&rsquo;Environnement ouvre une enqu\u00eate\u00a0\u00bb &#8212; Kapitalis\" src=\"https:\/\/kapitalis.com\/tunisie\/2020\/11\/03\/dechets-italiens-importes-par-une-entreprise-tunisienne-le-ministre-de-lenvironnement-ouvre-une-enquete\/embed\/#?secret=RQH3D7Rwd4#?secret=jYeBPF59gR\" data-secret=\"jYeBPF59gR\" width=\"600\" height=\"338\" frameborder=\"0\" marginwidth=\"0\" marginheight=\"0\" scrolling=\"no\"><\/iframe>\n<\/div><\/figure>\n","protected":false},"excerpt":{"rendered":"<p>Si on en croit Fay\u00e7al Bedhiafi, ancien directeur g\u00e9n\u00e9ral de l\u2019Agence nationale de gestion des d\u00e9chets, limog\u00e9 la semaine derni\u00e8re par le chef du gouvernement, Hichem Mechichi, le minist\u00e8re des Affaires locales et de l&rsquo;Environnement a \u00e9t\u00e9 mis au courant de l&rsquo;affaire des d\u00e9chets import\u00e9s d&rsquo;Italie depuis le mois de septembre dernier, mais qu&rsquo;il n&rsquo;a&#8230;<\/p>\n","protected":false},"author":24,"featured_media":0,"comment_status":"open","ping_status":"open","sticky":false,"template":"","format":"standard","meta":{"footnotes":""},"categories":[997,2433],"tags":[84471,84918,84729,84919,84424],"class_list":["post-325104","post","type-post","status-publish","format-standard","hentry","category-politique","category-tunisie","tag-agence-nationale-de-gestion-des-dechets","tag-direction-generale-de-lenvironnement-et-de-la-qualite-de-la-vie","tag-faycal-bedhiafi","tag-ministere-de-lenvironnement","tag-mustapha-aroui"],"yoast_head":"<!-- This site is optimized with the Yoast SEO plugin v26.6 - https:\/\/yoast.com\/wordpress\/plugins\/seo\/ -->\n<title>Affaire des d\u00e9chets italiens : Le ministre de l&#039;Environnement aurait \u00e9t\u00e9 mis au courant depuis septembre - Kapitalis<\/title>\n<meta name=\"robots\" content=\"index, follow, max-snippet:-1, max-image-preview:large, max-video-preview:-1\" \/>\n<link rel=\"canonical\" href=\"https:\/\/kapitalis.com\/tunisie\/2020\/11\/20\/affaire-des-dechets-italiens-le-ministre-de-lenvironnement-aurait-ete-mis-au-courant-depuis-septembre\/\" \/>\n<meta property=\"og:locale\" content=\"fr_FR\" \/>\n<meta property=\"og:type\" content=\"article\" \/>\n<meta property=\"og:title\" content=\"Affaire des d\u00e9chets italiens : Le ministre de l&#039;Environnement aurait \u00e9t\u00e9 mis au courant depuis septembre - Kapitalis\" \/>\n<meta property=\"og:description\" content=\"Si on en croit Fay\u00e7al Bedhiafi, ancien directeur g\u00e9n\u00e9ral de l\u2019Agence nationale de gestion des d\u00e9chets, limog\u00e9 la semaine derni\u00e8re par le chef du gouvernement, Hichem Mechichi, le minist\u00e8re des Affaires locales et de l&rsquo;Environnement a \u00e9t\u00e9 mis au courant de l&rsquo;affaire des d\u00e9chets import\u00e9s d&rsquo;Italie depuis le mois de septembre dernier, mais qu&rsquo;il n&rsquo;a...\" \/>\n<meta property=\"og:url\" content=\"https:\/\/kapitalis.com\/tunisie\/2020\/11\/20\/affaire-des-dechets-italiens-le-ministre-de-lenvironnement-aurait-ete-mis-au-courant-depuis-septembre\/\" \/>\n<meta property=\"og:site_name\" content=\"Kapitalis\" \/>\n<meta property=\"article:publisher\" content=\"https:\/\/www.facebook.com\/KapitalisInfo\/\" \/>\n<meta property=\"article:published_time\" content=\"2020-11-20T09:53:06+00:00\" \/>\n<meta property=\"article:modified_time\" content=\"2020-11-20T10:15:11+00:00\" \/>\n<meta property=\"og:image\" content=\"http:\/\/kapitalis.com\/tunisie\/wp-content\/uploads\/2020\/11\/dechets-2.jpg\" \/>\n<meta name=\"author\" content=\"Cherif Benyounes\" \/>\n<meta name=\"twitter:card\" content=\"summary_large_image\" \/>\n<meta name=\"twitter:creator\" content=\"@KapitalisInfo\" \/>\n<meta name=\"twitter:site\" content=\"@KapitalisInfo\" \/>\n<meta name=\"twitter:label1\" content=\"\u00c9crit par\" \/>\n\t<meta name=\"twitter:data1\" content=\"Cherif Benyounes\" \/>\n\t<meta name=\"twitter:label2\" content=\"Dur\u00e9e de lecture estim\u00e9e\" \/>\n\t<meta name=\"twitter:data2\" content=\"2 minutes\" \/>\n<script type=\"application\/ld+json\" class=\"yoast-schema-graph\">{\"@context\":\"https:\/\/schema.org\",\"@graph\":[{\"@type\":\"Article\",\"@id\":\"https:\/\/kapitalis.com\/tunisie\/2020\/11\/20\/affaire-des-dechets-italiens-le-ministre-de-lenvironnement-aurait-ete-mis-au-courant-depuis-septembre\/#article\",\"isPartOf\":{\"@id\":\"https:\/\/kapitalis.com\/tunisie\/2020\/11\/20\/affaire-des-dechets-italiens-le-ministre-de-lenvironnement-aurait-ete-mis-au-courant-depuis-septembre\/\"},\"author\":{\"name\":\"Cherif Benyounes\",\"@id\":\"https:\/\/kapitalis.com\/tunisie\/#\/schema\/person\/b35b8d631961131107263178aeb8019e\"},\"headline\":\"Affaire des d\u00e9chets italiens : Le ministre de l&rsquo;Environnement aurait \u00e9t\u00e9 mis au courant depuis septembre\",\"datePublished\":\"2020-11-20T09:53:06+00:00\",\"dateModified\":\"2020-11-20T10:15:11+00:00\",\"mainEntityOfPage\":{\"@id\":\"https:\/\/kapitalis.com\/tunisie\/2020\/11\/20\/affaire-des-dechets-italiens-le-ministre-de-lenvironnement-aurait-ete-mis-au-courant-depuis-septembre\/\"},\"wordCount\":329,\"commentCount\":5,\"publisher\":{\"@id\":\"https:\/\/kapitalis.com\/tunisie\/#organization\"},\"image\":{\"@id\":\"https:\/\/kapitalis.com\/tunisie\/2020\/11\/20\/affaire-des-dechets-italiens-le-ministre-de-lenvironnement-aurait-ete-mis-au-courant-depuis-septembre\/#primaryimage\"},\"thumbnailUrl\":\"http:\/\/kapitalis.com\/tunisie\/wp-content\/uploads\/2020\/11\/dechets-2.jpg\",\"keywords\":[\"Agence nationale de gestion des d\u00e9chets\",\"Direction g\u00e9n\u00e9rale de l\u2019environnement et de la qualit\u00e9 de la vie\",\"Fay\u00e7al Bedhiafi\",\"minist\u00e8re de l\u2019Environnement\",\"Mustapha Aroui\"],\"articleSection\":[\"POLITIQUE\",\"Tunisie\"],\"inLanguage\":\"fr-FR\",\"potentialAction\":[{\"@type\":\"CommentAction\",\"name\":\"Comment\",\"target\":[\"https:\/\/kapitalis.com\/tunisie\/2020\/11\/20\/affaire-des-dechets-italiens-le-ministre-de-lenvironnement-aurait-ete-mis-au-courant-depuis-septembre\/#respond\"]}]},{\"@type\":\"WebPage\",\"@id\":\"https:\/\/kapitalis.com\/tunisie\/2020\/11\/20\/affaire-des-dechets-italiens-le-ministre-de-lenvironnement-aurait-ete-mis-au-courant-depuis-septembre\/\",\"url\":\"https:\/\/kapitalis.com\/tunisie\/2020\/11\/20\/affaire-des-dechets-italiens-le-ministre-de-lenvironnement-aurait-ete-mis-au-courant-depuis-septembre\/\",\"name\":\"Affaire des d\u00e9chets italiens : Le ministre de l'Environnement aurait \u00e9t\u00e9 mis au courant depuis septembre - Kapitalis\",\"isPartOf\":{\"@id\":\"https:\/\/kapitalis.com\/tunisie\/#website\"},\"primaryImageOfPage\":{\"@id\":\"https:\/\/kapitalis.com\/tunisie\/2020\/11\/20\/affaire-des-dechets-italiens-le-ministre-de-lenvironnement-aurait-ete-mis-au-courant-depuis-septembre\/#primaryimage\"},\"image\":{\"@id\":\"https:\/\/kapitalis.com\/tunisie\/2020\/11\/20\/affaire-des-dechets-italiens-le-ministre-de-lenvironnement-aurait-ete-mis-au-courant-depuis-septembre\/#primaryimage\"},\"thumbnailUrl\":\"http:\/\/kapitalis.com\/tunisie\/wp-content\/uploads\/2020\/11\/dechets-2.jpg\",\"datePublished\":\"2020-11-20T09:53:06+00:00\",\"dateModified\":\"2020-11-20T10:15:11+00:00\",\"breadcrumb\":{\"@id\":\"https:\/\/kapitalis.com\/tunisie\/2020\/11\/20\/affaire-des-dechets-italiens-le-ministre-de-lenvironnement-aurait-ete-mis-au-courant-depuis-septembre\/#breadcrumb\"},\"inLanguage\":\"fr-FR\",\"potentialAction\":[{\"@type\":\"ReadAction\",\"target\":[\"https:\/\/kapitalis.com\/tunisie\/2020\/11\/20\/affaire-des-dechets-italiens-le-ministre-de-lenvironnement-aurait-ete-mis-au-courant-depuis-septembre\/\"]}]},{\"@type\":\"ImageObject\",\"inLanguage\":\"fr-FR\",\"@id\":\"https:\/\/kapitalis.com\/tunisie\/2020\/11\/20\/affaire-des-dechets-italiens-le-ministre-de-lenvironnement-aurait-ete-mis-au-courant-depuis-septembre\/#primaryimage\",\"url\":\"\",\"contentUrl\":\"\"},{\"@type\":\"BreadcrumbList\",\"@id\":\"https:\/\/kapitalis.com\/tunisie\/2020\/11\/20\/affaire-des-dechets-italiens-le-ministre-de-lenvironnement-aurait-ete-mis-au-courant-depuis-septembre\/#breadcrumb\",\"itemListElement\":[{\"@type\":\"ListItem\",\"position\":1,\"name\":\"Accueil\",\"item\":\"https:\/\/kapitalis.com\/tunisie\/\"},{\"@type\":\"ListItem\",\"position\":2,\"name\":\"Affaire des d\u00e9chets italiens : Le ministre de l&rsquo;Environnement aurait \u00e9t\u00e9 mis au courant depuis septembre\"}]},{\"@type\":\"WebSite\",\"@id\":\"https:\/\/kapitalis.com\/tunisie\/#website\",\"url\":\"https:\/\/kapitalis.com\/tunisie\/\",\"name\":\"Kapitalis\",\"description\":\"L&#039;actualit\u00e9 en Tunisie et dans le monde\",\"publisher\":{\"@id\":\"https:\/\/kapitalis.com\/tunisie\/#organization\"},\"potentialAction\":[{\"@type\":\"SearchAction\",\"target\":{\"@type\":\"EntryPoint\",\"urlTemplate\":\"https:\/\/kapitalis.com\/tunisie\/?s={search_term_string}\"},\"query-input\":{\"@type\":\"PropertyValueSpecification\",\"valueRequired\":true,\"valueName\":\"search_term_string\"}}],\"inLanguage\":\"fr-FR\"},{\"@type\":\"Organization\",\"@id\":\"https:\/\/kapitalis.com\/tunisie\/#organization\",\"name\":\"Kapitalis\",\"url\":\"https:\/\/kapitalis.com\/tunisie\/\",\"logo\":{\"@type\":\"ImageObject\",\"inLanguage\":\"fr-FR\",\"@id\":\"https:\/\/kapitalis.com\/tunisie\/#\/schema\/logo\/image\/\",\"url\":\"https:\/\/kapitalis.com\/tunisie\/wp-content\/uploads\/2022\/05\/Kapitalis-big-size.png\",\"contentUrl\":\"https:\/\/kapitalis.com\/tunisie\/wp-content\/uploads\/2022\/05\/Kapitalis-big-size.png\",\"width\":5000,\"height\":1500,\"caption\":\"Kapitalis\"},\"image\":{\"@id\":\"https:\/\/kapitalis.com\/tunisie\/#\/schema\/logo\/image\/\"},\"sameAs\":[\"https:\/\/www.facebook.com\/KapitalisInfo\/\",\"https:\/\/x.com\/KapitalisInfo\",\"https:\/\/www.youtube.com\/channel\/UC-yDYrHyfFBWWZaOw3FPg9Q\"]},{\"@type\":\"Person\",\"@id\":\"https:\/\/kapitalis.com\/tunisie\/#\/schema\/person\/b35b8d631961131107263178aeb8019e\",\"name\":\"Cherif Benyounes\",\"url\":\"https:\/\/kapitalis.com\/tunisie\/author\/cherif\/\"}]}<\/script>\n<!-- \/ Yoast SEO plugin. -->","yoast_head_json":{"title":"Affaire des d\u00e9chets italiens : Le ministre de l'Environnement aurait \u00e9t\u00e9 mis au courant depuis septembre - Kapitalis","robots":{"index":"index","follow":"follow","max-snippet":"max-snippet:-1","max-image-preview":"max-image-preview:large","max-video-preview":"max-video-preview:-1"},"canonical":"https:\/\/kapitalis.com\/tunisie\/2020\/11\/20\/affaire-des-dechets-italiens-le-ministre-de-lenvironnement-aurait-ete-mis-au-courant-depuis-septembre\/","og_locale":"fr_FR","og_type":"article","og_title":"Affaire des d\u00e9chets italiens : Le ministre de l'Environnement aurait \u00e9t\u00e9 mis au courant depuis septembre - Kapitalis","og_description":"Si on en croit Fay\u00e7al Bedhiafi, ancien directeur g\u00e9n\u00e9ral de l\u2019Agence nationale de gestion des d\u00e9chets, limog\u00e9 la semaine derni\u00e8re par le chef du gouvernement, Hichem Mechichi, le minist\u00e8re des Affaires locales et de l&rsquo;Environnement a \u00e9t\u00e9 mis au courant de l&rsquo;affaire des d\u00e9chets import\u00e9s d&rsquo;Italie depuis le mois de septembre dernier, mais qu&rsquo;il n&rsquo;a...","og_url":"https:\/\/kapitalis.com\/tunisie\/2020\/11\/20\/affaire-des-dechets-italiens-le-ministre-de-lenvironnement-aurait-ete-mis-au-courant-depuis-septembre\/","og_site_name":"Kapitalis","article_publisher":"https:\/\/www.facebook.com\/KapitalisInfo\/","article_published_time":"2020-11-20T09:53:06+00:00","article_modified_time":"2020-11-20T10:15:11+00:00","og_image":[{"url":"http:\/\/kapitalis.com\/tunisie\/wp-content\/uploads\/2020\/11\/dechets-2.jpg","type":"","width":"","height":""}],"author":"Cherif Benyounes","twitter_card":"summary_large_image","twitter_creator":"@KapitalisInfo","twitter_site":"@KapitalisInfo","twitter_misc":{"\u00c9crit par":"Cherif Benyounes","Dur\u00e9e de lecture estim\u00e9e":"2 minutes"},"schema":{"@context":"https:\/\/schema.org","@graph":[{"@type":"Article","@id":"https:\/\/kapitalis.com\/tunisie\/2020\/11\/20\/affaire-des-dechets-italiens-le-ministre-de-lenvironnement-aurait-ete-mis-au-courant-depuis-septembre\/#article","isPartOf":{"@id":"https:\/\/kapitalis.com\/tunisie\/2020\/11\/20\/affaire-des-dechets-italiens-le-ministre-de-lenvironnement-aurait-ete-mis-au-courant-depuis-septembre\/"},"author":{"name":"Cherif Benyounes","@id":"https:\/\/kapitalis.com\/tunisie\/#\/schema\/person\/b35b8d631961131107263178aeb8019e"},"headline":"Affaire des d\u00e9chets italiens : Le ministre de l&rsquo;Environnement aurait \u00e9t\u00e9 mis au courant depuis septembre","datePublished":"2020-11-20T09:53:06+00:00","dateModified":"2020-11-20T10:15:11+00:00","mainEntityOfPage":{"@id":"https:\/\/kapitalis.com\/tunisie\/2020\/11\/20\/affaire-des-dechets-italiens-le-ministre-de-lenvironnement-aurait-ete-mis-au-courant-depuis-septembre\/"},"wordCount":329,"commentCount":5,"publisher":{"@id":"https:\/\/kapitalis.com\/tunisie\/#organization"},"image":{"@id":"https:\/\/kapitalis.com\/tunisie\/2020\/11\/20\/affaire-des-dechets-italiens-le-ministre-de-lenvironnement-aurait-ete-mis-au-courant-depuis-septembre\/#primaryimage"},"thumbnailUrl":"http:\/\/kapitalis.com\/tunisie\/wp-content\/uploads\/2020\/11\/dechets-2.jpg","keywords":["Agence nationale de gestion des d\u00e9chets","Direction g\u00e9n\u00e9rale de l\u2019environnement et de la qualit\u00e9 de la vie","Fay\u00e7al Bedhiafi","minist\u00e8re de l\u2019Environnement","Mustapha Aroui"],"articleSection":["POLITIQUE","Tunisie"],"inLanguage":"fr-FR","potentialAction":[{"@type":"CommentAction","name":"Comment","target":["https:\/\/kapitalis.com\/tunisie\/2020\/11\/20\/affaire-des-dechets-italiens-le-ministre-de-lenvironnement-aurait-ete-mis-au-courant-depuis-septembre\/#respond"]}]},{"@type":"WebPage","@id":"https:\/\/kapitalis.com\/tunisie\/2020\/11\/20\/affaire-des-dechets-italiens-le-ministre-de-lenvironnement-aurait-ete-mis-au-courant-depuis-septembre\/","url":"https:\/\/kapitalis.com\/tunisie\/2020\/11\/20\/affaire-des-dechets-italiens-le-ministre-de-lenvironnement-aurait-ete-mis-au-courant-depuis-septembre\/","name":"Affaire des d\u00e9chets italiens : Le ministre de l'Environnement aurait \u00e9t\u00e9 mis au courant depuis septembre - Kapitalis","isPartOf":{"@id":"https:\/\/kapitalis.com\/tunisie\/#website"},"primaryImageOfPage":{"@id":"https:\/\/kapitalis.com\/tunisie\/2020\/11\/20\/affaire-des-dechets-italiens-le-ministre-de-lenvironnement-aurait-ete-mis-au-courant-depuis-septembre\/#primaryimage"},"image":{"@id":"https:\/\/kapitalis.com\/tunisie\/2020\/11\/20\/affaire-des-dechets-italiens-le-ministre-de-lenvironnement-aurait-ete-mis-au-courant-depuis-septembre\/#primaryimage"},"thumbnailUrl":"http:\/\/kapitalis.com\/tunisie\/wp-content\/uploads\/2020\/11\/dechets-2.jpg","datePublished":"2020-11-20T09:53:06+00:00","dateModified":"2020-11-20T10:15:11+00:00","breadcrumb":{"@id":"https:\/\/kapitalis.com\/tunisie\/2020\/11\/20\/affaire-des-dechets-italiens-le-ministre-de-lenvironnement-aurait-ete-mis-au-courant-depuis-septembre\/#breadcrumb"},"inLanguage":"fr-FR","potentialAction":[{"@type":"ReadAction","target":["https:\/\/kapitalis.com\/tunisie\/2020\/11\/20\/affaire-des-dechets-italiens-le-ministre-de-lenvironnement-aurait-ete-mis-au-courant-depuis-septembre\/"]}]},{"@type":"ImageObject","inLanguage":"fr-FR","@id":"https:\/\/kapitalis.com\/tunisie\/2020\/11\/20\/affaire-des-dechets-italiens-le-ministre-de-lenvironnement-aurait-ete-mis-au-courant-depuis-septembre\/#primaryimage","url":"","contentUrl":""},{"@type":"BreadcrumbList","@id":"https:\/\/kapitalis.com\/tunisie\/2020\/11\/20\/affaire-des-dechets-italiens-le-ministre-de-lenvironnement-aurait-ete-mis-au-courant-depuis-septembre\/#breadcrumb","itemListElement":[{"@type":"ListItem","position":1,"name":"Accueil","item":"https:\/\/kapitalis.com\/tunisie\/"},{"@type":"ListItem","position":2,"name":"Affaire des d\u00e9chets italiens : Le ministre de l&rsquo;Environnement aurait \u00e9t\u00e9 mis au courant depuis septembre"}]},{"@type":"WebSite","@id":"https:\/\/kapitalis.com\/tunisie\/#website","url":"https:\/\/kapitalis.com\/tunisie\/","name":"Kapitalis","description":"L&#039;actualit\u00e9 en Tunisie et dans le monde","publisher":{"@id":"https:\/\/kapitalis.com\/tunisie\/#organization"},"potentialAction":[{"@type":"SearchAction","target":{"@type":"EntryPoint","urlTemplate":"https:\/\/kapitalis.com\/tunisie\/?s={search_term_string}"},"query-input":{"@type":"PropertyValueSpecification","valueRequired":true,"valueName":"search_term_string"}}],"inLanguage":"fr-FR"},{"@type":"Organization","@id":"https:\/\/kapitalis.com\/tunisie\/#organization","name":"Kapitalis","url":"https:\/\/kapitalis.com\/tunisie\/","logo":{"@type":"ImageObject","inLanguage":"fr-FR","@id":"https:\/\/kapitalis.com\/tunisie\/#\/schema\/logo\/image\/","url":"https:\/\/kapitalis.com\/tunisie\/wp-content\/uploads\/2022\/05\/Kapitalis-big-size.png","contentUrl":"https:\/\/kapitalis.com\/tunisie\/wp-content\/uploads\/2022\/05\/Kapitalis-big-size.png","width":5000,"height":1500,"caption":"Kapitalis"},"image":{"@id":"https:\/\/kapitalis.com\/tunisie\/#\/schema\/logo\/image\/"},"sameAs":["https:\/\/www.facebook.com\/KapitalisInfo\/","https:\/\/x.com\/KapitalisInfo","https:\/\/www.youtube.com\/channel\/UC-yDYrHyfFBWWZaOw3FPg9Q"]},{"@type":"Person","@id":"https:\/\/kapitalis.com\/tunisie\/#\/schema\/person\/b35b8d631961131107263178aeb8019e","name":"Cherif Benyounes","url":"https:\/\/kapitalis.com\/tunisie\/author\/cherif\/"}]}},"_links":{"self":[{"href":"https:\/\/kapitalis.com\/tunisie\/wp-json\/wp\/v2\/posts\/325104","targetHints":{"allow":["GET"]}}],"collection":[{"href":"https:\/\/kapitalis.com\/tunisie\/wp-json\/wp\/v2\/posts"}],"about":[{"href":"https:\/\/kapitalis.com\/tunisie\/wp-json\/wp\/v2\/types\/post"}],"author":[{"embeddable":true,"href":"https:\/\/kapitalis.com\/tunisie\/wp-json\/wp\/v2\/users\/24"}],"replies":[{"embeddable":true,"href":"https:\/\/kapitalis.com\/tunisie\/wp-json\/wp\/v2\/comments?post=325104"}],"version-history":[{"count":0,"href":"https:\/\/kapitalis.com\/tunisie\/wp-json\/wp\/v2\/posts\/325104\/revisions"}],"wp:attachment":[{"href":"https:\/\/kapitalis.com\/tunisie\/wp-json\/wp\/v2\/media?parent=325104"}],"wp:term":[{"taxonomy":"category","embeddable":true,"href":"https:\/\/kapitalis.com\/tunisie\/wp-json\/wp\/v2\/categories?post=325104"},{"taxonomy":"post_tag","embeddable":true,"href":"https:\/\/kapitalis.com\/tunisie\/wp-json\/wp\/v2\/tags?post=325104"}],"curies":[{"name":"wp","href":"https:\/\/api.w.org\/{rel}","templated":true}]}}