{"id":325260,"date":"2020-11-22T01:03:04","date_gmt":"2020-11-22T00:03:04","guid":{"rendered":"http:\/\/kapitalis.com\/tunisie\/?p=325260"},"modified":"2020-11-22T01:07:43","modified_gmt":"2020-11-22T00:07:43","slug":"enquete-sur-le-deces-dun-detenu-de-la-prison-de-monastir","status":"publish","type":"post","link":"https:\/\/kapitalis.com\/tunisie\/2020\/11\/22\/enquete-sur-le-deces-dun-detenu-de-la-prison-de-monastir\/","title":{"rendered":"Enqu\u00eate sur le d\u00e9c\u00e8s d\u2019un d\u00e9tenu de la prison de Monastir"},"content":{"rendered":"\n<figure class=\"wp-block-image size-large\"><img decoding=\"async\" src=\"http:\/\/kapitalis.com\/tunisie\/wp-content\/uploads\/2020\/11\/Teboulba-deces-detenu-monastir.jpg\" alt=\"\" class=\"wp-image-325263\"\/><\/figure>\n\n\n\n<p><strong><em>Le Comit\u00e9 g\u00e9n\u00e9ral des prisons et de la r\u00e9\u00e9ducation (CGPR) a annonc\u00e9 ce samedi 21 novembre 2020, l&rsquo;ouverture d&rsquo;une enqu\u00eate sur le d\u00e9c\u00e8s d\u2019un d\u00e9tenu de 21 ans, de la prison civile de Monastir, qui a rendu l&rsquo;\u00e2me jeudi dernier, deux jours apr\u00e8s son admission \u00e0 l&rsquo;h\u00f4pital Fatouma Bourguiba.<\/em><\/strong><\/p>\n\n\n\n<!--more-->\n\n\n\n<p>Le CGPR pr\u00e9cise que le d\u00e9tenu a eu un malaise mardi dernier et que le m\u00e9decin de l&rsquo;\u00e9tablissement p\u00e9nitentiaire a autoris\u00e9 son transfert \u00e0 l&rsquo;h\u00f4pital, o\u00f9 il a \u00e9t\u00e9 transf\u00e9r\u00e9 le jour-m\u00eame.<\/p>\n\n\n\n<p>Il est d\u00e9c\u00e9d\u00e9 le 19 novembre \u00e0 l&rsquo;h\u00f4pital et le parquet a ordonn\u00e9 l&rsquo;ouverture d&rsquo;une enqu\u00eate. Son corps a donc \u00e9t\u00e9 transf\u00e9r\u00e9 \u00e0 la m\u00e9decine l\u00e9gale pour une autopsie afin de d\u00e9terminer la cause exacte du d\u00e9c\u00e8s, indique le communiqu\u00e9.<\/p>\n\n\n\n<p>La m\u00eame source a fait savoir que l&rsquo;Inspection g\u00e9n\u00e9rale des prisons et de la r\u00e9forme a, \u00e0 son tour, ouvert une enqu\u00eate administrative.<\/p>\n\n\n\n<p>Notons que la famille et les proches du d\u00e9funt, Ghayth Nouira, ont manifest\u00e9 cet apr\u00e8s-midi \u00e0 T\u00e9boulba, sa ville d&rsquo;origine, afin d&rsquo;exiger les causes exactes du d\u00e9c\u00e8s.<\/p>\n\n\n\n<p>Ils estiment qu&rsquo;il a \u00e9t\u00e9 tu\u00e9 dans sa cellule : \u00ab<em>Il a succomb\u00e9 \u00e0 des coups<\/em>\u00bb, affirment-ils.<\/p>\n\n\n\n<p class=\"has-text-align-right\"><strong>Y. N.<\/strong><\/p>\n","protected":false},"excerpt":{"rendered":"<p>Le Comit\u00e9 g\u00e9n\u00e9ral des prisons et de la r\u00e9\u00e9ducation (CGPR) a annonc\u00e9 ce samedi 21 novembre 2020, l&rsquo;ouverture d&rsquo;une enqu\u00eate sur le d\u00e9c\u00e8s d\u2019un d\u00e9tenu de 21 ans, de la prison civile de Monastir, qui a rendu l&rsquo;\u00e2me jeudi dernier, deux jours apr\u00e8s son admission \u00e0 l&rsquo;h\u00f4pital Fatouma Bourguiba.<\/p>\n","protected":false},"author":6,"featured_media":325263,"comment_status":"open","ping_status":"open","sticky":false,"template":"","format":"standard","meta":{"footnotes":""},"categories":[998,2433],"tags":[64263,325,84954,451,633,1314],"class_list":["post-325260","post","type-post","status-publish","format-standard","has-post-thumbnail","hentry","category-societe","category-tunisie","tag-deces","tag-enquete","tag-fatouma-bourguiba","tag-hopital","tag-monastir","tag-prison"],"yoast_head":"<!-- This site is optimized with the Yoast SEO plugin v26.6 - https:\/\/yoast.com\/wordpress\/plugins\/seo\/ -->\n<title>Enqu\u00eate sur le d\u00e9c\u00e8s d\u2019un d\u00e9tenu de la prison de Monastir - Kapitalis<\/title>\n<meta name=\"robots\" content=\"index, follow, max-snippet:-1, max-image-preview:large, max-video-preview:-1\" \/>\n<link rel=\"canonical\" href=\"https:\/\/kapitalis.com\/tunisie\/2020\/11\/22\/enquete-sur-le-deces-dun-detenu-de-la-prison-de-monastir\/\" \/>\n<meta property=\"og:locale\" content=\"fr_FR\" \/>\n<meta property=\"og:type\" content=\"article\" \/>\n<meta property=\"og:title\" content=\"Enqu\u00eate sur le d\u00e9c\u00e8s d\u2019un d\u00e9tenu de la prison de Monastir - Kapitalis\" \/>\n<meta property=\"og:description\" content=\"Le Comit\u00e9 g\u00e9n\u00e9ral des prisons et de la r\u00e9\u00e9ducation (CGPR) a annonc\u00e9 ce samedi 21 novembre 2020, l&rsquo;ouverture d&rsquo;une enqu\u00eate sur le d\u00e9c\u00e8s d\u2019un d\u00e9tenu de 21 ans, de la prison civile de Monastir, qui a rendu l&rsquo;\u00e2me jeudi dernier, deux jours apr\u00e8s son admission \u00e0 l&rsquo;h\u00f4pital Fatouma Bourguiba.\" \/>\n<meta property=\"og:url\" content=\"https:\/\/kapitalis.com\/tunisie\/2020\/11\/22\/enquete-sur-le-deces-dun-detenu-de-la-prison-de-monastir\/\" \/>\n<meta property=\"og:site_name\" content=\"Kapitalis\" \/>\n<meta property=\"article:publisher\" content=\"https:\/\/www.facebook.com\/KapitalisInfo\/\" \/>\n<meta property=\"article:published_time\" content=\"2020-11-22T00:03:04+00:00\" \/>\n<meta property=\"article:modified_time\" content=\"2020-11-22T00:07:43+00:00\" \/>\n<meta property=\"og:image\" content=\"https:\/\/kapitalis.com\/tunisie\/wp-content\/uploads\/2022\/05\/kapitalis-logo-fb.png\" \/>\n\t<meta property=\"og:image:width\" content=\"1200\" \/>\n\t<meta property=\"og:image:height\" content=\"630\" \/>\n\t<meta property=\"og:image:type\" content=\"image\/png\" \/>\n<meta name=\"author\" content=\"Yusra NY\" \/>\n<meta name=\"twitter:card\" content=\"summary_large_image\" \/>\n<meta name=\"twitter:creator\" content=\"@KapitalisInfo\" \/>\n<meta name=\"twitter:site\" content=\"@KapitalisInfo\" \/>\n<meta name=\"twitter:label1\" content=\"\u00c9crit par\" \/>\n\t<meta name=\"twitter:data1\" content=\"Yusra NY\" \/>\n\t<meta name=\"twitter:label2\" content=\"Dur\u00e9e de lecture estim\u00e9e\" \/>\n\t<meta name=\"twitter:data2\" content=\"1 minute\" \/>\n<script type=\"application\/ld+json\" class=\"yoast-schema-graph\">{\"@context\":\"https:\/\/schema.org\",\"@graph\":[{\"@type\":\"Article\",\"@id\":\"https:\/\/kapitalis.com\/tunisie\/2020\/11\/22\/enquete-sur-le-deces-dun-detenu-de-la-prison-de-monastir\/#article\",\"isPartOf\":{\"@id\":\"https:\/\/kapitalis.com\/tunisie\/2020\/11\/22\/enquete-sur-le-deces-dun-detenu-de-la-prison-de-monastir\/\"},\"author\":{\"name\":\"Yusra NY\",\"@id\":\"https:\/\/kapitalis.com\/tunisie\/#\/schema\/person\/74bbde0154d49d790a92aaeac5bc01d5\"},\"headline\":\"Enqu\u00eate sur le d\u00e9c\u00e8s d\u2019un d\u00e9tenu de la prison de Monastir\",\"datePublished\":\"2020-11-22T00:03:04+00:00\",\"dateModified\":\"2020-11-22T00:07:43+00:00\",\"mainEntityOfPage\":{\"@id\":\"https:\/\/kapitalis.com\/tunisie\/2020\/11\/22\/enquete-sur-le-deces-dun-detenu-de-la-prison-de-monastir\/\"},\"wordCount\":233,\"commentCount\":1,\"publisher\":{\"@id\":\"https:\/\/kapitalis.com\/tunisie\/#organization\"},\"image\":{\"@id\":\"https:\/\/kapitalis.com\/tunisie\/2020\/11\/22\/enquete-sur-le-deces-dun-detenu-de-la-prison-de-monastir\/#primaryimage\"},\"thumbnailUrl\":\"\",\"keywords\":[\"d\u00e9c\u00e8s\",\"enqu\u00eate\",\"Fatouma Bourguiba\",\"h\u00f4pital\",\"Monastir\",\"prison\"],\"articleSection\":[\"SOCIETE\",\"Tunisie\"],\"inLanguage\":\"fr-FR\",\"potentialAction\":[{\"@type\":\"CommentAction\",\"name\":\"Comment\",\"target\":[\"https:\/\/kapitalis.com\/tunisie\/2020\/11\/22\/enquete-sur-le-deces-dun-detenu-de-la-prison-de-monastir\/#respond\"]}]},{\"@type\":\"WebPage\",\"@id\":\"https:\/\/kapitalis.com\/tunisie\/2020\/11\/22\/enquete-sur-le-deces-dun-detenu-de-la-prison-de-monastir\/\",\"url\":\"https:\/\/kapitalis.com\/tunisie\/2020\/11\/22\/enquete-sur-le-deces-dun-detenu-de-la-prison-de-monastir\/\",\"name\":\"Enqu\u00eate sur le d\u00e9c\u00e8s d\u2019un d\u00e9tenu de la prison de Monastir - Kapitalis\",\"isPartOf\":{\"@id\":\"https:\/\/kapitalis.com\/tunisie\/#website\"},\"primaryImageOfPage\":{\"@id\":\"https:\/\/kapitalis.com\/tunisie\/2020\/11\/22\/enquete-sur-le-deces-dun-detenu-de-la-prison-de-monastir\/#primaryimage\"},\"image\":{\"@id\":\"https:\/\/kapitalis.com\/tunisie\/2020\/11\/22\/enquete-sur-le-deces-dun-detenu-de-la-prison-de-monastir\/#primaryimage\"},\"thumbnailUrl\":\"\",\"datePublished\":\"2020-11-22T00:03:04+00:00\",\"dateModified\":\"2020-11-22T00:07:43+00:00\",\"breadcrumb\":{\"@id\":\"https:\/\/kapitalis.com\/tunisie\/2020\/11\/22\/enquete-sur-le-deces-dun-detenu-de-la-prison-de-monastir\/#breadcrumb\"},\"inLanguage\":\"fr-FR\",\"potentialAction\":[{\"@type\":\"ReadAction\",\"target\":[\"https:\/\/kapitalis.com\/tunisie\/2020\/11\/22\/enquete-sur-le-deces-dun-detenu-de-la-prison-de-monastir\/\"]}]},{\"@type\":\"ImageObject\",\"inLanguage\":\"fr-FR\",\"@id\":\"https:\/\/kapitalis.com\/tunisie\/2020\/11\/22\/enquete-sur-le-deces-dun-detenu-de-la-prison-de-monastir\/#primaryimage\",\"url\":\"\",\"contentUrl\":\"\"},{\"@type\":\"BreadcrumbList\",\"@id\":\"https:\/\/kapitalis.com\/tunisie\/2020\/11\/22\/enquete-sur-le-deces-dun-detenu-de-la-prison-de-monastir\/#breadcrumb\",\"itemListElement\":[{\"@type\":\"ListItem\",\"position\":1,\"name\":\"Accueil\",\"item\":\"https:\/\/kapitalis.com\/tunisie\/\"},{\"@type\":\"ListItem\",\"position\":2,\"name\":\"Enqu\u00eate sur le d\u00e9c\u00e8s d\u2019un d\u00e9tenu de la prison de Monastir\"}]},{\"@type\":\"WebSite\",\"@id\":\"https:\/\/kapitalis.com\/tunisie\/#website\",\"url\":\"https:\/\/kapitalis.com\/tunisie\/\",\"name\":\"Kapitalis\",\"description\":\"L&#039;actualit\u00e9 en Tunisie et dans le monde\",\"publisher\":{\"@id\":\"https:\/\/kapitalis.com\/tunisie\/#organization\"},\"potentialAction\":[{\"@type\":\"SearchAction\",\"target\":{\"@type\":\"EntryPoint\",\"urlTemplate\":\"https:\/\/kapitalis.com\/tunisie\/?s={search_term_string}\"},\"query-input\":{\"@type\":\"PropertyValueSpecification\",\"valueRequired\":true,\"valueName\":\"search_term_string\"}}],\"inLanguage\":\"fr-FR\"},{\"@type\":\"Organization\",\"@id\":\"https:\/\/kapitalis.com\/tunisie\/#organization\",\"name\":\"Kapitalis\",\"url\":\"https:\/\/kapitalis.com\/tunisie\/\",\"logo\":{\"@type\":\"ImageObject\",\"inLanguage\":\"fr-FR\",\"@id\":\"https:\/\/kapitalis.com\/tunisie\/#\/schema\/logo\/image\/\",\"url\":\"https:\/\/kapitalis.com\/tunisie\/wp-content\/uploads\/2022\/05\/Kapitalis-big-size.png\",\"contentUrl\":\"https:\/\/kapitalis.com\/tunisie\/wp-content\/uploads\/2022\/05\/Kapitalis-big-size.png\",\"width\":5000,\"height\":1500,\"caption\":\"Kapitalis\"},\"image\":{\"@id\":\"https:\/\/kapitalis.com\/tunisie\/#\/schema\/logo\/image\/\"},\"sameAs\":[\"https:\/\/www.facebook.com\/KapitalisInfo\/\",\"https:\/\/x.com\/KapitalisInfo\",\"https:\/\/www.youtube.com\/channel\/UC-yDYrHyfFBWWZaOw3FPg9Q\"]},{\"@type\":\"Person\",\"@id\":\"https:\/\/kapitalis.com\/tunisie\/#\/schema\/person\/74bbde0154d49d790a92aaeac5bc01d5\",\"name\":\"Yusra NY\",\"url\":\"https:\/\/kapitalis.com\/tunisie\/author\/yuza_adam\/\"}]}<\/script>\n<!-- \/ Yoast SEO plugin. -->","yoast_head_json":{"title":"Enqu\u00eate sur le d\u00e9c\u00e8s d\u2019un d\u00e9tenu de la prison de Monastir - Kapitalis","robots":{"index":"index","follow":"follow","max-snippet":"max-snippet:-1","max-image-preview":"max-image-preview:large","max-video-preview":"max-video-preview:-1"},"canonical":"https:\/\/kapitalis.com\/tunisie\/2020\/11\/22\/enquete-sur-le-deces-dun-detenu-de-la-prison-de-monastir\/","og_locale":"fr_FR","og_type":"article","og_title":"Enqu\u00eate sur le d\u00e9c\u00e8s d\u2019un d\u00e9tenu de la prison de Monastir - Kapitalis","og_description":"Le Comit\u00e9 g\u00e9n\u00e9ral des prisons et de la r\u00e9\u00e9ducation (CGPR) a annonc\u00e9 ce samedi 21 novembre 2020, l&rsquo;ouverture d&rsquo;une enqu\u00eate sur le d\u00e9c\u00e8s d\u2019un d\u00e9tenu de 21 ans, de la prison civile de Monastir, qui a rendu l&rsquo;\u00e2me jeudi dernier, deux jours apr\u00e8s son admission \u00e0 l&rsquo;h\u00f4pital Fatouma Bourguiba.","og_url":"https:\/\/kapitalis.com\/tunisie\/2020\/11\/22\/enquete-sur-le-deces-dun-detenu-de-la-prison-de-monastir\/","og_site_name":"Kapitalis","article_publisher":"https:\/\/www.facebook.com\/KapitalisInfo\/","article_published_time":"2020-11-22T00:03:04+00:00","article_modified_time":"2020-11-22T00:07:43+00:00","og_image":[{"width":1200,"height":630,"url":"https:\/\/kapitalis.com\/tunisie\/wp-content\/uploads\/2022\/05\/kapitalis-logo-fb.png","type":"image\/png"}],"author":"Yusra NY","twitter_card":"summary_large_image","twitter_creator":"@KapitalisInfo","twitter_site":"@KapitalisInfo","twitter_misc":{"\u00c9crit par":"Yusra NY","Dur\u00e9e de lecture estim\u00e9e":"1 minute"},"schema":{"@context":"https:\/\/schema.org","@graph":[{"@type":"Article","@id":"https:\/\/kapitalis.com\/tunisie\/2020\/11\/22\/enquete-sur-le-deces-dun-detenu-de-la-prison-de-monastir\/#article","isPartOf":{"@id":"https:\/\/kapitalis.com\/tunisie\/2020\/11\/22\/enquete-sur-le-deces-dun-detenu-de-la-prison-de-monastir\/"},"author":{"name":"Yusra NY","@id":"https:\/\/kapitalis.com\/tunisie\/#\/schema\/person\/74bbde0154d49d790a92aaeac5bc01d5"},"headline":"Enqu\u00eate sur le d\u00e9c\u00e8s d\u2019un d\u00e9tenu de la prison de Monastir","datePublished":"2020-11-22T00:03:04+00:00","dateModified":"2020-11-22T00:07:43+00:00","mainEntityOfPage":{"@id":"https:\/\/kapitalis.com\/tunisie\/2020\/11\/22\/enquete-sur-le-deces-dun-detenu-de-la-prison-de-monastir\/"},"wordCount":233,"commentCount":1,"publisher":{"@id":"https:\/\/kapitalis.com\/tunisie\/#organization"},"image":{"@id":"https:\/\/kapitalis.com\/tunisie\/2020\/11\/22\/enquete-sur-le-deces-dun-detenu-de-la-prison-de-monastir\/#primaryimage"},"thumbnailUrl":"","keywords":["d\u00e9c\u00e8s","enqu\u00eate","Fatouma Bourguiba","h\u00f4pital","Monastir","prison"],"articleSection":["SOCIETE","Tunisie"],"inLanguage":"fr-FR","potentialAction":[{"@type":"CommentAction","name":"Comment","target":["https:\/\/kapitalis.com\/tunisie\/2020\/11\/22\/enquete-sur-le-deces-dun-detenu-de-la-prison-de-monastir\/#respond"]}]},{"@type":"WebPage","@id":"https:\/\/kapitalis.com\/tunisie\/2020\/11\/22\/enquete-sur-le-deces-dun-detenu-de-la-prison-de-monastir\/","url":"https:\/\/kapitalis.com\/tunisie\/2020\/11\/22\/enquete-sur-le-deces-dun-detenu-de-la-prison-de-monastir\/","name":"Enqu\u00eate sur le d\u00e9c\u00e8s d\u2019un d\u00e9tenu de la prison de Monastir - Kapitalis","isPartOf":{"@id":"https:\/\/kapitalis.com\/tunisie\/#website"},"primaryImageOfPage":{"@id":"https:\/\/kapitalis.com\/tunisie\/2020\/11\/22\/enquete-sur-le-deces-dun-detenu-de-la-prison-de-monastir\/#primaryimage"},"image":{"@id":"https:\/\/kapitalis.com\/tunisie\/2020\/11\/22\/enquete-sur-le-deces-dun-detenu-de-la-prison-de-monastir\/#primaryimage"},"thumbnailUrl":"","datePublished":"2020-11-22T00:03:04+00:00","dateModified":"2020-11-22T00:07:43+00:00","breadcrumb":{"@id":"https:\/\/kapitalis.com\/tunisie\/2020\/11\/22\/enquete-sur-le-deces-dun-detenu-de-la-prison-de-monastir\/#breadcrumb"},"inLanguage":"fr-FR","potentialAction":[{"@type":"ReadAction","target":["https:\/\/kapitalis.com\/tunisie\/2020\/11\/22\/enquete-sur-le-deces-dun-detenu-de-la-prison-de-monastir\/"]}]},{"@type":"ImageObject","inLanguage":"fr-FR","@id":"https:\/\/kapitalis.com\/tunisie\/2020\/11\/22\/enquete-sur-le-deces-dun-detenu-de-la-prison-de-monastir\/#primaryimage","url":"","contentUrl":""},{"@type":"BreadcrumbList","@id":"https:\/\/kapitalis.com\/tunisie\/2020\/11\/22\/enquete-sur-le-deces-dun-detenu-de-la-prison-de-monastir\/#breadcrumb","itemListElement":[{"@type":"ListItem","position":1,"name":"Accueil","item":"https:\/\/kapitalis.com\/tunisie\/"},{"@type":"ListItem","position":2,"name":"Enqu\u00eate sur le d\u00e9c\u00e8s d\u2019un d\u00e9tenu de la prison de Monastir"}]},{"@type":"WebSite","@id":"https:\/\/kapitalis.com\/tunisie\/#website","url":"https:\/\/kapitalis.com\/tunisie\/","name":"Kapitalis","description":"L&#039;actualit\u00e9 en Tunisie et dans le monde","publisher":{"@id":"https:\/\/kapitalis.com\/tunisie\/#organization"},"potentialAction":[{"@type":"SearchAction","target":{"@type":"EntryPoint","urlTemplate":"https:\/\/kapitalis.com\/tunisie\/?s={search_term_string}"},"query-input":{"@type":"PropertyValueSpecification","valueRequired":true,"valueName":"search_term_string"}}],"inLanguage":"fr-FR"},{"@type":"Organization","@id":"https:\/\/kapitalis.com\/tunisie\/#organization","name":"Kapitalis","url":"https:\/\/kapitalis.com\/tunisie\/","logo":{"@type":"ImageObject","inLanguage":"fr-FR","@id":"https:\/\/kapitalis.com\/tunisie\/#\/schema\/logo\/image\/","url":"https:\/\/kapitalis.com\/tunisie\/wp-content\/uploads\/2022\/05\/Kapitalis-big-size.png","contentUrl":"https:\/\/kapitalis.com\/tunisie\/wp-content\/uploads\/2022\/05\/Kapitalis-big-size.png","width":5000,"height":1500,"caption":"Kapitalis"},"image":{"@id":"https:\/\/kapitalis.com\/tunisie\/#\/schema\/logo\/image\/"},"sameAs":["https:\/\/www.facebook.com\/KapitalisInfo\/","https:\/\/x.com\/KapitalisInfo","https:\/\/www.youtube.com\/channel\/UC-yDYrHyfFBWWZaOw3FPg9Q"]},{"@type":"Person","@id":"https:\/\/kapitalis.com\/tunisie\/#\/schema\/person\/74bbde0154d49d790a92aaeac5bc01d5","name":"Yusra NY","url":"https:\/\/kapitalis.com\/tunisie\/author\/yuza_adam\/"}]}},"_links":{"self":[{"href":"https:\/\/kapitalis.com\/tunisie\/wp-json\/wp\/v2\/posts\/325260","targetHints":{"allow":["GET"]}}],"collection":[{"href":"https:\/\/kapitalis.com\/tunisie\/wp-json\/wp\/v2\/posts"}],"about":[{"href":"https:\/\/kapitalis.com\/tunisie\/wp-json\/wp\/v2\/types\/post"}],"author":[{"embeddable":true,"href":"https:\/\/kapitalis.com\/tunisie\/wp-json\/wp\/v2\/users\/6"}],"replies":[{"embeddable":true,"href":"https:\/\/kapitalis.com\/tunisie\/wp-json\/wp\/v2\/comments?post=325260"}],"version-history":[{"count":0,"href":"https:\/\/kapitalis.com\/tunisie\/wp-json\/wp\/v2\/posts\/325260\/revisions"}],"wp:featuredmedia":[{"embeddable":true,"href":"https:\/\/kapitalis.com\/tunisie\/wp-json\/wp\/v2\/media\/325263"}],"wp:attachment":[{"href":"https:\/\/kapitalis.com\/tunisie\/wp-json\/wp\/v2\/media?parent=325260"}],"wp:term":[{"taxonomy":"category","embeddable":true,"href":"https:\/\/kapitalis.com\/tunisie\/wp-json\/wp\/v2\/categories?post=325260"},{"taxonomy":"post_tag","embeddable":true,"href":"https:\/\/kapitalis.com\/tunisie\/wp-json\/wp\/v2\/tags?post=325260"}],"curies":[{"name":"wp","href":"https:\/\/api.w.org\/{rel}","templated":true}]}}