{"id":32535,"date":"2015-12-29T14:39:49","date_gmt":"2015-12-29T13:39:49","guid":{"rendered":"http:\/\/kapitalis.com\/tunisie\/?p=32535"},"modified":"2015-12-29T14:39:49","modified_gmt":"2015-12-29T13:39:49","slug":"selon-mustapha-abdelkebir-abou-iyadh-est-toujours-en-vie","status":"publish","type":"post","link":"https:\/\/kapitalis.com\/tunisie\/2015\/12\/29\/selon-mustapha-abdelkebir-abou-iyadh-est-toujours-en-vie\/","title":{"rendered":"Selon Mustapha Abdelkebir, Abou Iyadh est toujours en vie"},"content":{"rendered":"<p><img loading=\"lazy\" decoding=\"async\" class=\"alignnone size-full wp-image-8797 aligncenter\" src=\"http:\/\/kapitalis.com\/tunisie\/wp-content\/uploads\/2015\/08\/Abou-Iyadh.jpg\" alt=\"Abou-Iyadh\" width=\"626\" height=\"380\" \/><\/p>\n<p><em><strong>Donn\u00e9 plusieurs fois pour mort, Abou Iyadh, le chef de l\u2019organisation terroriste Ansar Charia serait bien en vie, en Libye.<\/strong>\u00a0<\/em><\/p>\n<p><!--more--><\/p>\n<p>Seifallah Ben Hassine (alias Abou Iyadh), qui a fui la Tunisie en septembre 2013, avec la complicit\u00e9 active des services de s\u00e9curit\u00e9, a trouv\u00e9 refuge en Libye.<\/p>\n<p>Selon Mustapha Abdelkebir, sp\u00e9cialiste des affaires libyennes, Abou Iyadh a pass\u00e9 plusieurs mois au Sina\u00ef, en Egypte, avant de retourner r\u00e9cemment en Libye. Selon ce sp\u00e9cialiste des affaires libyennes, il n\u2019a pas \u00e9t\u00e9 tu\u00e9 lors du raid am\u00e9ricain contre des camps jihadistes Ajdabiya, \u00e0 160 km \u00e0 l\u2019ouest de Benghazi, en Libye.<\/p>\n<p>Ce raid, effectu\u00e9 dans la nuit du 13 au 14 juin 2015, a vis\u00e9 une ferme o\u00f9 devait se trouver le chef terroriste alg\u00e9rien Mokhtar Belmokhtar, alias Belaouar, chef du groupe des Signataires par le Sang, affili\u00e9 \u00e0 Al-Qa\u00efda au Maghreb islamique (Aqmi), qui n\u2019a pas \u00e9t\u00e9 tu\u00e9 dans ce raid.<\/p>\n<p>Les autorit\u00e9s tunisiennes, qui ont effectu\u00e9 des tests ADN \u00e0 des proches d\u2019Abou Iyadh, ont eu la confirmation que ce dernier n\u2019a pas trouv\u00e9 la mort, lui non plus, dans ce raid.<\/p>\n<p style=\"text-align: right;\"><strong>Z. A.<\/strong><\/p>\n","protected":false},"excerpt":{"rendered":"<p>Donn\u00e9 plusieurs fois pour mort, Abou Iyadh, le chef de l\u2019organisation terroriste Ansar Charia serait bien en vie, en Libye.\u00a0<\/p>\n","protected":false},"author":8,"featured_media":0,"comment_status":"open","ping_status":"open","sticky":false,"template":"","format":"standard","meta":{"footnotes":""},"categories":[998,2433],"tags":[2039,2009,1937,2563,2899,8942],"class_list":["post-32535","post","type-post","status-publish","format-standard","hentry","category-societe","category-tunisie","tag-ajdabiya","tag-al-qaida","tag-ansar-charia","tag-raid-americain","tag-seifallah-ben-hassine","tag-sinai"],"yoast_head":"<!-- This site is optimized with the Yoast SEO plugin v26.6 - https:\/\/yoast.com\/wordpress\/plugins\/seo\/ -->\n<title>Selon Mustapha Abdelkebir, Abou Iyadh est toujours en vie - Kapitalis<\/title>\n<meta name=\"robots\" content=\"index, follow, max-snippet:-1, max-image-preview:large, max-video-preview:-1\" \/>\n<link rel=\"canonical\" href=\"https:\/\/kapitalis.com\/tunisie\/2015\/12\/29\/selon-mustapha-abdelkebir-abou-iyadh-est-toujours-en-vie\/\" \/>\n<meta property=\"og:locale\" content=\"fr_FR\" \/>\n<meta property=\"og:type\" content=\"article\" \/>\n<meta property=\"og:title\" content=\"Selon Mustapha Abdelkebir, Abou Iyadh est toujours en vie - Kapitalis\" \/>\n<meta property=\"og:description\" content=\"Donn\u00e9 plusieurs fois pour mort, Abou Iyadh, le chef de l\u2019organisation terroriste Ansar Charia serait bien en vie, en Libye.\u00a0\" \/>\n<meta property=\"og:url\" content=\"https:\/\/kapitalis.com\/tunisie\/2015\/12\/29\/selon-mustapha-abdelkebir-abou-iyadh-est-toujours-en-vie\/\" \/>\n<meta property=\"og:site_name\" content=\"Kapitalis\" \/>\n<meta property=\"article:publisher\" content=\"https:\/\/www.facebook.com\/KapitalisInfo\/\" \/>\n<meta property=\"article:published_time\" content=\"2015-12-29T13:39:49+00:00\" \/>\n<meta property=\"og:image\" content=\"http:\/\/kapitalis.com\/tunisie\/wp-content\/uploads\/2015\/08\/Abou-Iyadh.jpg\" \/>\n<meta name=\"author\" content=\"webmaster kapitalis\" \/>\n<meta name=\"twitter:card\" content=\"summary_large_image\" \/>\n<meta name=\"twitter:creator\" content=\"@KapitalisInfo\" \/>\n<meta name=\"twitter:site\" content=\"@KapitalisInfo\" \/>\n<meta name=\"twitter:label1\" content=\"\u00c9crit par\" \/>\n\t<meta name=\"twitter:data1\" content=\"webmaster kapitalis\" \/>\n\t<meta name=\"twitter:label2\" content=\"Dur\u00e9e de lecture estim\u00e9e\" \/>\n\t<meta name=\"twitter:data2\" content=\"1 minute\" \/>\n<script type=\"application\/ld+json\" class=\"yoast-schema-graph\">{\"@context\":\"https:\/\/schema.org\",\"@graph\":[{\"@type\":\"Article\",\"@id\":\"https:\/\/kapitalis.com\/tunisie\/2015\/12\/29\/selon-mustapha-abdelkebir-abou-iyadh-est-toujours-en-vie\/#article\",\"isPartOf\":{\"@id\":\"https:\/\/kapitalis.com\/tunisie\/2015\/12\/29\/selon-mustapha-abdelkebir-abou-iyadh-est-toujours-en-vie\/\"},\"author\":{\"name\":\"webmaster kapitalis\",\"@id\":\"https:\/\/kapitalis.com\/tunisie\/#\/schema\/person\/d71f33a9ca44f7bad4698210b480c8e9\"},\"headline\":\"Selon Mustapha Abdelkebir, Abou Iyadh est toujours en vie\",\"datePublished\":\"2015-12-29T13:39:49+00:00\",\"mainEntityOfPage\":{\"@id\":\"https:\/\/kapitalis.com\/tunisie\/2015\/12\/29\/selon-mustapha-abdelkebir-abou-iyadh-est-toujours-en-vie\/\"},\"wordCount\":198,\"commentCount\":0,\"publisher\":{\"@id\":\"https:\/\/kapitalis.com\/tunisie\/#organization\"},\"image\":{\"@id\":\"https:\/\/kapitalis.com\/tunisie\/2015\/12\/29\/selon-mustapha-abdelkebir-abou-iyadh-est-toujours-en-vie\/#primaryimage\"},\"thumbnailUrl\":\"http:\/\/kapitalis.com\/tunisie\/wp-content\/uploads\/2015\/08\/Abou-Iyadh.jpg\",\"keywords\":[\"Ajdabiya\",\"Al-Qa\u00efda\",\"Ansar Charia\",\"raid am\u00e9ricain\",\"Seifallah Ben Hassine\",\"Sina\u00ef\"],\"articleSection\":[\"SOCIETE\",\"Tunisie\"],\"inLanguage\":\"fr-FR\",\"potentialAction\":[{\"@type\":\"CommentAction\",\"name\":\"Comment\",\"target\":[\"https:\/\/kapitalis.com\/tunisie\/2015\/12\/29\/selon-mustapha-abdelkebir-abou-iyadh-est-toujours-en-vie\/#respond\"]}]},{\"@type\":\"WebPage\",\"@id\":\"https:\/\/kapitalis.com\/tunisie\/2015\/12\/29\/selon-mustapha-abdelkebir-abou-iyadh-est-toujours-en-vie\/\",\"url\":\"https:\/\/kapitalis.com\/tunisie\/2015\/12\/29\/selon-mustapha-abdelkebir-abou-iyadh-est-toujours-en-vie\/\",\"name\":\"Selon Mustapha Abdelkebir, Abou Iyadh est toujours en vie - Kapitalis\",\"isPartOf\":{\"@id\":\"https:\/\/kapitalis.com\/tunisie\/#website\"},\"primaryImageOfPage\":{\"@id\":\"https:\/\/kapitalis.com\/tunisie\/2015\/12\/29\/selon-mustapha-abdelkebir-abou-iyadh-est-toujours-en-vie\/#primaryimage\"},\"image\":{\"@id\":\"https:\/\/kapitalis.com\/tunisie\/2015\/12\/29\/selon-mustapha-abdelkebir-abou-iyadh-est-toujours-en-vie\/#primaryimage\"},\"thumbnailUrl\":\"http:\/\/kapitalis.com\/tunisie\/wp-content\/uploads\/2015\/08\/Abou-Iyadh.jpg\",\"datePublished\":\"2015-12-29T13:39:49+00:00\",\"breadcrumb\":{\"@id\":\"https:\/\/kapitalis.com\/tunisie\/2015\/12\/29\/selon-mustapha-abdelkebir-abou-iyadh-est-toujours-en-vie\/#breadcrumb\"},\"inLanguage\":\"fr-FR\",\"potentialAction\":[{\"@type\":\"ReadAction\",\"target\":[\"https:\/\/kapitalis.com\/tunisie\/2015\/12\/29\/selon-mustapha-abdelkebir-abou-iyadh-est-toujours-en-vie\/\"]}]},{\"@type\":\"ImageObject\",\"inLanguage\":\"fr-FR\",\"@id\":\"https:\/\/kapitalis.com\/tunisie\/2015\/12\/29\/selon-mustapha-abdelkebir-abou-iyadh-est-toujours-en-vie\/#primaryimage\",\"url\":\"http:\/\/kapitalis.com\/tunisie\/wp-content\/uploads\/2015\/08\/Abou-Iyadh.jpg\",\"contentUrl\":\"http:\/\/kapitalis.com\/tunisie\/wp-content\/uploads\/2015\/08\/Abou-Iyadh.jpg\"},{\"@type\":\"BreadcrumbList\",\"@id\":\"https:\/\/kapitalis.com\/tunisie\/2015\/12\/29\/selon-mustapha-abdelkebir-abou-iyadh-est-toujours-en-vie\/#breadcrumb\",\"itemListElement\":[{\"@type\":\"ListItem\",\"position\":1,\"name\":\"Accueil\",\"item\":\"https:\/\/kapitalis.com\/tunisie\/\"},{\"@type\":\"ListItem\",\"position\":2,\"name\":\"Selon Mustapha Abdelkebir, Abou Iyadh est toujours en vie\"}]},{\"@type\":\"WebSite\",\"@id\":\"https:\/\/kapitalis.com\/tunisie\/#website\",\"url\":\"https:\/\/kapitalis.com\/tunisie\/\",\"name\":\"Kapitalis\",\"description\":\"L&#039;actualit\u00e9 en Tunisie et dans le monde\",\"publisher\":{\"@id\":\"https:\/\/kapitalis.com\/tunisie\/#organization\"},\"potentialAction\":[{\"@type\":\"SearchAction\",\"target\":{\"@type\":\"EntryPoint\",\"urlTemplate\":\"https:\/\/kapitalis.com\/tunisie\/?s={search_term_string}\"},\"query-input\":{\"@type\":\"PropertyValueSpecification\",\"valueRequired\":true,\"valueName\":\"search_term_string\"}}],\"inLanguage\":\"fr-FR\"},{\"@type\":\"Organization\",\"@id\":\"https:\/\/kapitalis.com\/tunisie\/#organization\",\"name\":\"Kapitalis\",\"url\":\"https:\/\/kapitalis.com\/tunisie\/\",\"logo\":{\"@type\":\"ImageObject\",\"inLanguage\":\"fr-FR\",\"@id\":\"https:\/\/kapitalis.com\/tunisie\/#\/schema\/logo\/image\/\",\"url\":\"https:\/\/kapitalis.com\/tunisie\/wp-content\/uploads\/2022\/05\/Kapitalis-big-size.png\",\"contentUrl\":\"https:\/\/kapitalis.com\/tunisie\/wp-content\/uploads\/2022\/05\/Kapitalis-big-size.png\",\"width\":5000,\"height\":1500,\"caption\":\"Kapitalis\"},\"image\":{\"@id\":\"https:\/\/kapitalis.com\/tunisie\/#\/schema\/logo\/image\/\"},\"sameAs\":[\"https:\/\/www.facebook.com\/KapitalisInfo\/\",\"https:\/\/x.com\/KapitalisInfo\",\"https:\/\/www.youtube.com\/channel\/UC-yDYrHyfFBWWZaOw3FPg9Q\"]},{\"@type\":\"Person\",\"@id\":\"https:\/\/kapitalis.com\/tunisie\/#\/schema\/person\/d71f33a9ca44f7bad4698210b480c8e9\",\"name\":\"webmaster kapitalis\",\"url\":\"https:\/\/kapitalis.com\/tunisie\/author\/webmaster-kapitalis\/\"}]}<\/script>\n<!-- \/ Yoast SEO plugin. -->","yoast_head_json":{"title":"Selon Mustapha Abdelkebir, Abou Iyadh est toujours en vie - Kapitalis","robots":{"index":"index","follow":"follow","max-snippet":"max-snippet:-1","max-image-preview":"max-image-preview:large","max-video-preview":"max-video-preview:-1"},"canonical":"https:\/\/kapitalis.com\/tunisie\/2015\/12\/29\/selon-mustapha-abdelkebir-abou-iyadh-est-toujours-en-vie\/","og_locale":"fr_FR","og_type":"article","og_title":"Selon Mustapha Abdelkebir, Abou Iyadh est toujours en vie - Kapitalis","og_description":"Donn\u00e9 plusieurs fois pour mort, Abou Iyadh, le chef de l\u2019organisation terroriste Ansar Charia serait bien en vie, en Libye.\u00a0","og_url":"https:\/\/kapitalis.com\/tunisie\/2015\/12\/29\/selon-mustapha-abdelkebir-abou-iyadh-est-toujours-en-vie\/","og_site_name":"Kapitalis","article_publisher":"https:\/\/www.facebook.com\/KapitalisInfo\/","article_published_time":"2015-12-29T13:39:49+00:00","og_image":[{"url":"http:\/\/kapitalis.com\/tunisie\/wp-content\/uploads\/2015\/08\/Abou-Iyadh.jpg","type":"","width":"","height":""}],"author":"webmaster kapitalis","twitter_card":"summary_large_image","twitter_creator":"@KapitalisInfo","twitter_site":"@KapitalisInfo","twitter_misc":{"\u00c9crit par":"webmaster kapitalis","Dur\u00e9e de lecture estim\u00e9e":"1 minute"},"schema":{"@context":"https:\/\/schema.org","@graph":[{"@type":"Article","@id":"https:\/\/kapitalis.com\/tunisie\/2015\/12\/29\/selon-mustapha-abdelkebir-abou-iyadh-est-toujours-en-vie\/#article","isPartOf":{"@id":"https:\/\/kapitalis.com\/tunisie\/2015\/12\/29\/selon-mustapha-abdelkebir-abou-iyadh-est-toujours-en-vie\/"},"author":{"name":"webmaster kapitalis","@id":"https:\/\/kapitalis.com\/tunisie\/#\/schema\/person\/d71f33a9ca44f7bad4698210b480c8e9"},"headline":"Selon Mustapha Abdelkebir, Abou Iyadh est toujours en vie","datePublished":"2015-12-29T13:39:49+00:00","mainEntityOfPage":{"@id":"https:\/\/kapitalis.com\/tunisie\/2015\/12\/29\/selon-mustapha-abdelkebir-abou-iyadh-est-toujours-en-vie\/"},"wordCount":198,"commentCount":0,"publisher":{"@id":"https:\/\/kapitalis.com\/tunisie\/#organization"},"image":{"@id":"https:\/\/kapitalis.com\/tunisie\/2015\/12\/29\/selon-mustapha-abdelkebir-abou-iyadh-est-toujours-en-vie\/#primaryimage"},"thumbnailUrl":"http:\/\/kapitalis.com\/tunisie\/wp-content\/uploads\/2015\/08\/Abou-Iyadh.jpg","keywords":["Ajdabiya","Al-Qa\u00efda","Ansar Charia","raid am\u00e9ricain","Seifallah Ben Hassine","Sina\u00ef"],"articleSection":["SOCIETE","Tunisie"],"inLanguage":"fr-FR","potentialAction":[{"@type":"CommentAction","name":"Comment","target":["https:\/\/kapitalis.com\/tunisie\/2015\/12\/29\/selon-mustapha-abdelkebir-abou-iyadh-est-toujours-en-vie\/#respond"]}]},{"@type":"WebPage","@id":"https:\/\/kapitalis.com\/tunisie\/2015\/12\/29\/selon-mustapha-abdelkebir-abou-iyadh-est-toujours-en-vie\/","url":"https:\/\/kapitalis.com\/tunisie\/2015\/12\/29\/selon-mustapha-abdelkebir-abou-iyadh-est-toujours-en-vie\/","name":"Selon Mustapha Abdelkebir, Abou Iyadh est toujours en vie - Kapitalis","isPartOf":{"@id":"https:\/\/kapitalis.com\/tunisie\/#website"},"primaryImageOfPage":{"@id":"https:\/\/kapitalis.com\/tunisie\/2015\/12\/29\/selon-mustapha-abdelkebir-abou-iyadh-est-toujours-en-vie\/#primaryimage"},"image":{"@id":"https:\/\/kapitalis.com\/tunisie\/2015\/12\/29\/selon-mustapha-abdelkebir-abou-iyadh-est-toujours-en-vie\/#primaryimage"},"thumbnailUrl":"http:\/\/kapitalis.com\/tunisie\/wp-content\/uploads\/2015\/08\/Abou-Iyadh.jpg","datePublished":"2015-12-29T13:39:49+00:00","breadcrumb":{"@id":"https:\/\/kapitalis.com\/tunisie\/2015\/12\/29\/selon-mustapha-abdelkebir-abou-iyadh-est-toujours-en-vie\/#breadcrumb"},"inLanguage":"fr-FR","potentialAction":[{"@type":"ReadAction","target":["https:\/\/kapitalis.com\/tunisie\/2015\/12\/29\/selon-mustapha-abdelkebir-abou-iyadh-est-toujours-en-vie\/"]}]},{"@type":"ImageObject","inLanguage":"fr-FR","@id":"https:\/\/kapitalis.com\/tunisie\/2015\/12\/29\/selon-mustapha-abdelkebir-abou-iyadh-est-toujours-en-vie\/#primaryimage","url":"http:\/\/kapitalis.com\/tunisie\/wp-content\/uploads\/2015\/08\/Abou-Iyadh.jpg","contentUrl":"http:\/\/kapitalis.com\/tunisie\/wp-content\/uploads\/2015\/08\/Abou-Iyadh.jpg"},{"@type":"BreadcrumbList","@id":"https:\/\/kapitalis.com\/tunisie\/2015\/12\/29\/selon-mustapha-abdelkebir-abou-iyadh-est-toujours-en-vie\/#breadcrumb","itemListElement":[{"@type":"ListItem","position":1,"name":"Accueil","item":"https:\/\/kapitalis.com\/tunisie\/"},{"@type":"ListItem","position":2,"name":"Selon Mustapha Abdelkebir, Abou Iyadh est toujours en vie"}]},{"@type":"WebSite","@id":"https:\/\/kapitalis.com\/tunisie\/#website","url":"https:\/\/kapitalis.com\/tunisie\/","name":"Kapitalis","description":"L&#039;actualit\u00e9 en Tunisie et dans le monde","publisher":{"@id":"https:\/\/kapitalis.com\/tunisie\/#organization"},"potentialAction":[{"@type":"SearchAction","target":{"@type":"EntryPoint","urlTemplate":"https:\/\/kapitalis.com\/tunisie\/?s={search_term_string}"},"query-input":{"@type":"PropertyValueSpecification","valueRequired":true,"valueName":"search_term_string"}}],"inLanguage":"fr-FR"},{"@type":"Organization","@id":"https:\/\/kapitalis.com\/tunisie\/#organization","name":"Kapitalis","url":"https:\/\/kapitalis.com\/tunisie\/","logo":{"@type":"ImageObject","inLanguage":"fr-FR","@id":"https:\/\/kapitalis.com\/tunisie\/#\/schema\/logo\/image\/","url":"https:\/\/kapitalis.com\/tunisie\/wp-content\/uploads\/2022\/05\/Kapitalis-big-size.png","contentUrl":"https:\/\/kapitalis.com\/tunisie\/wp-content\/uploads\/2022\/05\/Kapitalis-big-size.png","width":5000,"height":1500,"caption":"Kapitalis"},"image":{"@id":"https:\/\/kapitalis.com\/tunisie\/#\/schema\/logo\/image\/"},"sameAs":["https:\/\/www.facebook.com\/KapitalisInfo\/","https:\/\/x.com\/KapitalisInfo","https:\/\/www.youtube.com\/channel\/UC-yDYrHyfFBWWZaOw3FPg9Q"]},{"@type":"Person","@id":"https:\/\/kapitalis.com\/tunisie\/#\/schema\/person\/d71f33a9ca44f7bad4698210b480c8e9","name":"webmaster kapitalis","url":"https:\/\/kapitalis.com\/tunisie\/author\/webmaster-kapitalis\/"}]}},"_links":{"self":[{"href":"https:\/\/kapitalis.com\/tunisie\/wp-json\/wp\/v2\/posts\/32535","targetHints":{"allow":["GET"]}}],"collection":[{"href":"https:\/\/kapitalis.com\/tunisie\/wp-json\/wp\/v2\/posts"}],"about":[{"href":"https:\/\/kapitalis.com\/tunisie\/wp-json\/wp\/v2\/types\/post"}],"author":[{"embeddable":true,"href":"https:\/\/kapitalis.com\/tunisie\/wp-json\/wp\/v2\/users\/8"}],"replies":[{"embeddable":true,"href":"https:\/\/kapitalis.com\/tunisie\/wp-json\/wp\/v2\/comments?post=32535"}],"version-history":[{"count":0,"href":"https:\/\/kapitalis.com\/tunisie\/wp-json\/wp\/v2\/posts\/32535\/revisions"}],"wp:attachment":[{"href":"https:\/\/kapitalis.com\/tunisie\/wp-json\/wp\/v2\/media?parent=32535"}],"wp:term":[{"taxonomy":"category","embeddable":true,"href":"https:\/\/kapitalis.com\/tunisie\/wp-json\/wp\/v2\/categories?post=32535"},{"taxonomy":"post_tag","embeddable":true,"href":"https:\/\/kapitalis.com\/tunisie\/wp-json\/wp\/v2\/tags?post=32535"}],"curies":[{"name":"wp","href":"https:\/\/api.w.org\/{rel}","templated":true}]}}