{"id":3256,"date":"2015-06-05T18:35:03","date_gmt":"2015-06-05T17:35:03","guid":{"rendered":"http:\/\/kapitalis.com\/tunisie\/?p=3256"},"modified":"2015-06-05T18:35:03","modified_gmt":"2015-06-05T17:35:03","slug":"yaya-toure-au-pavillon-tunisie-a-lexpo-milan-2015","status":"publish","type":"post","link":"https:\/\/kapitalis.com\/tunisie\/2015\/06\/05\/yaya-toure-au-pavillon-tunisie-a-lexpo-milan-2015\/","title":{"rendered":"Yaya Tour\u00e9 au pavillon Tunisie \u00e0 l\u2019Expo Milan 2015"},"content":{"rendered":"<p><a href=\"http:\/\/kapitalis.com\/tunisie\/wp-content\/uploads\/2015\/06\/Yaya-Toure-Expo-Milan.jpg\"><img loading=\"lazy\" decoding=\"async\" class=\"aligncenter size-full wp-image-3257\" src=\"http:\/\/kapitalis.com\/tunisie\/wp-content\/uploads\/2015\/06\/Yaya-Toure-Expo-Milan.jpg\" alt=\"Yaya-Toure-Expo-Milan\" width=\"626\" height=\"380\" \/><\/a><em><strong>Yaya Tour\u00e9, le\u00a0 footballeur international ivoirien de Manchester City, a rendu visite, ce vendredi 5 juin 2015, au pavillon tunisien \u00e0 l\u2019Expo Milan 2015.<\/strong> <\/em><\/p>\n<p><!--more--><\/p>\n<p>Le milieu ivoirien de 32 ans a b\u00e9n\u00e9fici\u00e9 d\u2019une visite guid\u00e9e, qui lui a \u00e9t\u00e9 assur\u00e9e par les cadres du Cepex. Il a aussi visionn\u00e9 un film vid\u00e9o de quelques minutes, d\u00e9di\u00e9 \u00e0 l\u2019eau, comme source de vie, racontant l\u2019histoire de la naissance du palmier, et a appr\u00e9ci\u00e9 les effets sp\u00e9ciaux et vibr\u00e9 au rythme de la musique du film.<\/p>\n<p>Yaya Tour\u00e9 s\u2019est int\u00e9ress\u00e9 \u00e0 la Tunisie et \u00e0 ses sp\u00e9cificit\u00e9s culturelles et a \u00e9cout\u00e9 des indications concernant les \u00e9l\u00e9ments phares du pavillon,<\/p>\n<p><a href=\"http:\/\/kapitalis.com\/tunisie\/wp-content\/uploads\/2015\/06\/Yaya-Toure-Expo-Milan-2.jpg\"><img loading=\"lazy\" decoding=\"async\" class=\"aligncenter size-full wp-image-3258\" src=\"http:\/\/kapitalis.com\/tunisie\/wp-content\/uploads\/2015\/06\/Yaya-Toure-Expo-Milan-2.jpg\" alt=\"Yaya-Toure-Expo-Milan-2\" width=\"500\" height=\"500\" \/><\/a><\/p>\n<p>N\u00e9 le 13 mai 1983 \u00e0 Bouak\u00e9, Yaya Tour\u00e9 a sign\u00e9 r\u00e9cemment sign\u00e9 un nouveau contrat \u00e0 Manchester City, qui le liera jusqu&rsquo;en juin 2017 avec le champion d&rsquo;Angleterre en titre. Le salaire du milieu ivoirien ayant \u00e9t\u00e9 revu \u00e0 la hausse, il est d\u00e9sormais le troisi\u00e8me joueur le mieux pay\u00e9 au monde, derri\u00e8re Eto&rsquo;o et Ibrahimovic, mais devant Messi.<\/p>\n<p style=\"text-align: right;\"><strong>I. B.<\/strong><\/p>\n","protected":false},"excerpt":{"rendered":"<p>Yaya Tour\u00e9, le\u00a0 footballeur international ivoirien de Manchester City, a rendu visite, ce vendredi 5 juin 2015, au pavillon tunisien \u00e0 l\u2019Expo Milan 2015.<\/p>\n","protected":false},"author":5,"featured_media":3257,"comment_status":"open","ping_status":"open","sticky":false,"template":"","format":"standard","meta":{"footnotes":""},"categories":[999],"tags":[1575,1161,1574,1576,1572],"class_list":["post-3256","post","type-post","status-publish","format-standard","has-post-thumbnail","hentry","category-sport","tag-cepex","tag-footballeur","tag-manchester-city","tag-palmiers","tag-pavillon-tunisie"],"yoast_head":"<!-- This site is optimized with the Yoast SEO plugin v26.6 - https:\/\/yoast.com\/wordpress\/plugins\/seo\/ -->\n<title>Yaya Tour\u00e9 au pavillon Tunisie \u00e0 l\u2019Expo Milan 2015 - Kapitalis<\/title>\n<meta name=\"robots\" content=\"index, follow, max-snippet:-1, max-image-preview:large, max-video-preview:-1\" \/>\n<link rel=\"canonical\" href=\"https:\/\/kapitalis.com\/tunisie\/2015\/06\/05\/yaya-toure-au-pavillon-tunisie-a-lexpo-milan-2015\/\" \/>\n<meta property=\"og:locale\" content=\"fr_FR\" \/>\n<meta property=\"og:type\" content=\"article\" \/>\n<meta property=\"og:title\" content=\"Yaya Tour\u00e9 au pavillon Tunisie \u00e0 l\u2019Expo Milan 2015 - Kapitalis\" \/>\n<meta property=\"og:description\" content=\"Yaya Tour\u00e9, le\u00a0 footballeur international ivoirien de Manchester City, a rendu visite, ce vendredi 5 juin 2015, au pavillon tunisien \u00e0 l\u2019Expo Milan 2015.\" \/>\n<meta property=\"og:url\" content=\"https:\/\/kapitalis.com\/tunisie\/2015\/06\/05\/yaya-toure-au-pavillon-tunisie-a-lexpo-milan-2015\/\" \/>\n<meta property=\"og:site_name\" content=\"Kapitalis\" \/>\n<meta property=\"article:publisher\" content=\"https:\/\/www.facebook.com\/KapitalisInfo\/\" \/>\n<meta property=\"article:published_time\" content=\"2015-06-05T17:35:03+00:00\" \/>\n<meta property=\"og:image\" content=\"https:\/\/kapitalis.com\/tunisie\/wp-content\/uploads\/2022\/05\/kapitalis-logo-fb.png\" \/>\n\t<meta property=\"og:image:width\" content=\"1200\" \/>\n\t<meta property=\"og:image:height\" content=\"630\" \/>\n\t<meta property=\"og:image:type\" content=\"image\/png\" \/>\n<meta name=\"author\" content=\"Ridha Elkefi\" \/>\n<meta name=\"twitter:card\" content=\"summary_large_image\" \/>\n<meta name=\"twitter:creator\" content=\"@KapitalisInfo\" \/>\n<meta name=\"twitter:site\" content=\"@KapitalisInfo\" \/>\n<meta name=\"twitter:label1\" content=\"\u00c9crit par\" \/>\n\t<meta name=\"twitter:data1\" content=\"Ridha Elkefi\" \/>\n\t<meta name=\"twitter:label2\" content=\"Dur\u00e9e de lecture estim\u00e9e\" \/>\n\t<meta name=\"twitter:data2\" content=\"1 minute\" \/>\n<script type=\"application\/ld+json\" class=\"yoast-schema-graph\">{\"@context\":\"https:\/\/schema.org\",\"@graph\":[{\"@type\":\"Article\",\"@id\":\"https:\/\/kapitalis.com\/tunisie\/2015\/06\/05\/yaya-toure-au-pavillon-tunisie-a-lexpo-milan-2015\/#article\",\"isPartOf\":{\"@id\":\"https:\/\/kapitalis.com\/tunisie\/2015\/06\/05\/yaya-toure-au-pavillon-tunisie-a-lexpo-milan-2015\/\"},\"author\":{\"name\":\"Ridha Elkefi\",\"@id\":\"https:\/\/kapitalis.com\/tunisie\/#\/schema\/person\/16627fc9b2fc0116230e88af071eebab\"},\"headline\":\"Yaya Tour\u00e9 au pavillon Tunisie \u00e0 l\u2019Expo Milan 2015\",\"datePublished\":\"2015-06-05T17:35:03+00:00\",\"mainEntityOfPage\":{\"@id\":\"https:\/\/kapitalis.com\/tunisie\/2015\/06\/05\/yaya-toure-au-pavillon-tunisie-a-lexpo-milan-2015\/\"},\"wordCount\":184,\"commentCount\":0,\"publisher\":{\"@id\":\"https:\/\/kapitalis.com\/tunisie\/#organization\"},\"image\":{\"@id\":\"https:\/\/kapitalis.com\/tunisie\/2015\/06\/05\/yaya-toure-au-pavillon-tunisie-a-lexpo-milan-2015\/#primaryimage\"},\"thumbnailUrl\":\"\",\"keywords\":[\"Cepex\",\"footballeur\",\"Manchester City\",\"palmiers\",\"Pavillon Tunisie\"],\"articleSection\":[\"SPORT\"],\"inLanguage\":\"fr-FR\",\"potentialAction\":[{\"@type\":\"CommentAction\",\"name\":\"Comment\",\"target\":[\"https:\/\/kapitalis.com\/tunisie\/2015\/06\/05\/yaya-toure-au-pavillon-tunisie-a-lexpo-milan-2015\/#respond\"]}]},{\"@type\":\"WebPage\",\"@id\":\"https:\/\/kapitalis.com\/tunisie\/2015\/06\/05\/yaya-toure-au-pavillon-tunisie-a-lexpo-milan-2015\/\",\"url\":\"https:\/\/kapitalis.com\/tunisie\/2015\/06\/05\/yaya-toure-au-pavillon-tunisie-a-lexpo-milan-2015\/\",\"name\":\"Yaya Tour\u00e9 au pavillon Tunisie \u00e0 l\u2019Expo Milan 2015 - Kapitalis\",\"isPartOf\":{\"@id\":\"https:\/\/kapitalis.com\/tunisie\/#website\"},\"primaryImageOfPage\":{\"@id\":\"https:\/\/kapitalis.com\/tunisie\/2015\/06\/05\/yaya-toure-au-pavillon-tunisie-a-lexpo-milan-2015\/#primaryimage\"},\"image\":{\"@id\":\"https:\/\/kapitalis.com\/tunisie\/2015\/06\/05\/yaya-toure-au-pavillon-tunisie-a-lexpo-milan-2015\/#primaryimage\"},\"thumbnailUrl\":\"\",\"datePublished\":\"2015-06-05T17:35:03+00:00\",\"breadcrumb\":{\"@id\":\"https:\/\/kapitalis.com\/tunisie\/2015\/06\/05\/yaya-toure-au-pavillon-tunisie-a-lexpo-milan-2015\/#breadcrumb\"},\"inLanguage\":\"fr-FR\",\"potentialAction\":[{\"@type\":\"ReadAction\",\"target\":[\"https:\/\/kapitalis.com\/tunisie\/2015\/06\/05\/yaya-toure-au-pavillon-tunisie-a-lexpo-milan-2015\/\"]}]},{\"@type\":\"ImageObject\",\"inLanguage\":\"fr-FR\",\"@id\":\"https:\/\/kapitalis.com\/tunisie\/2015\/06\/05\/yaya-toure-au-pavillon-tunisie-a-lexpo-milan-2015\/#primaryimage\",\"url\":\"\",\"contentUrl\":\"\"},{\"@type\":\"BreadcrumbList\",\"@id\":\"https:\/\/kapitalis.com\/tunisie\/2015\/06\/05\/yaya-toure-au-pavillon-tunisie-a-lexpo-milan-2015\/#breadcrumb\",\"itemListElement\":[{\"@type\":\"ListItem\",\"position\":1,\"name\":\"Accueil\",\"item\":\"https:\/\/kapitalis.com\/tunisie\/\"},{\"@type\":\"ListItem\",\"position\":2,\"name\":\"Yaya Tour\u00e9 au pavillon Tunisie \u00e0 l\u2019Expo Milan 2015\"}]},{\"@type\":\"WebSite\",\"@id\":\"https:\/\/kapitalis.com\/tunisie\/#website\",\"url\":\"https:\/\/kapitalis.com\/tunisie\/\",\"name\":\"Kapitalis\",\"description\":\"L&#039;actualit\u00e9 en Tunisie et dans le monde\",\"publisher\":{\"@id\":\"https:\/\/kapitalis.com\/tunisie\/#organization\"},\"potentialAction\":[{\"@type\":\"SearchAction\",\"target\":{\"@type\":\"EntryPoint\",\"urlTemplate\":\"https:\/\/kapitalis.com\/tunisie\/?s={search_term_string}\"},\"query-input\":{\"@type\":\"PropertyValueSpecification\",\"valueRequired\":true,\"valueName\":\"search_term_string\"}}],\"inLanguage\":\"fr-FR\"},{\"@type\":\"Organization\",\"@id\":\"https:\/\/kapitalis.com\/tunisie\/#organization\",\"name\":\"Kapitalis\",\"url\":\"https:\/\/kapitalis.com\/tunisie\/\",\"logo\":{\"@type\":\"ImageObject\",\"inLanguage\":\"fr-FR\",\"@id\":\"https:\/\/kapitalis.com\/tunisie\/#\/schema\/logo\/image\/\",\"url\":\"https:\/\/kapitalis.com\/tunisie\/wp-content\/uploads\/2022\/05\/Kapitalis-big-size.png\",\"contentUrl\":\"https:\/\/kapitalis.com\/tunisie\/wp-content\/uploads\/2022\/05\/Kapitalis-big-size.png\",\"width\":5000,\"height\":1500,\"caption\":\"Kapitalis\"},\"image\":{\"@id\":\"https:\/\/kapitalis.com\/tunisie\/#\/schema\/logo\/image\/\"},\"sameAs\":[\"https:\/\/www.facebook.com\/KapitalisInfo\/\",\"https:\/\/x.com\/KapitalisInfo\",\"https:\/\/www.youtube.com\/channel\/UC-yDYrHyfFBWWZaOw3FPg9Q\"]},{\"@type\":\"Person\",\"@id\":\"https:\/\/kapitalis.com\/tunisie\/#\/schema\/person\/16627fc9b2fc0116230e88af071eebab\",\"name\":\"Ridha Elkefi\",\"url\":\"https:\/\/kapitalis.com\/tunisie\/author\/ridha-kefi\/\"}]}<\/script>\n<!-- \/ Yoast SEO plugin. -->","yoast_head_json":{"title":"Yaya Tour\u00e9 au pavillon Tunisie \u00e0 l\u2019Expo Milan 2015 - Kapitalis","robots":{"index":"index","follow":"follow","max-snippet":"max-snippet:-1","max-image-preview":"max-image-preview:large","max-video-preview":"max-video-preview:-1"},"canonical":"https:\/\/kapitalis.com\/tunisie\/2015\/06\/05\/yaya-toure-au-pavillon-tunisie-a-lexpo-milan-2015\/","og_locale":"fr_FR","og_type":"article","og_title":"Yaya Tour\u00e9 au pavillon Tunisie \u00e0 l\u2019Expo Milan 2015 - Kapitalis","og_description":"Yaya Tour\u00e9, le\u00a0 footballeur international ivoirien de Manchester City, a rendu visite, ce vendredi 5 juin 2015, au pavillon tunisien \u00e0 l\u2019Expo Milan 2015.","og_url":"https:\/\/kapitalis.com\/tunisie\/2015\/06\/05\/yaya-toure-au-pavillon-tunisie-a-lexpo-milan-2015\/","og_site_name":"Kapitalis","article_publisher":"https:\/\/www.facebook.com\/KapitalisInfo\/","article_published_time":"2015-06-05T17:35:03+00:00","og_image":[{"width":1200,"height":630,"url":"https:\/\/kapitalis.com\/tunisie\/wp-content\/uploads\/2022\/05\/kapitalis-logo-fb.png","type":"image\/png"}],"author":"Ridha Elkefi","twitter_card":"summary_large_image","twitter_creator":"@KapitalisInfo","twitter_site":"@KapitalisInfo","twitter_misc":{"\u00c9crit par":"Ridha Elkefi","Dur\u00e9e de lecture estim\u00e9e":"1 minute"},"schema":{"@context":"https:\/\/schema.org","@graph":[{"@type":"Article","@id":"https:\/\/kapitalis.com\/tunisie\/2015\/06\/05\/yaya-toure-au-pavillon-tunisie-a-lexpo-milan-2015\/#article","isPartOf":{"@id":"https:\/\/kapitalis.com\/tunisie\/2015\/06\/05\/yaya-toure-au-pavillon-tunisie-a-lexpo-milan-2015\/"},"author":{"name":"Ridha Elkefi","@id":"https:\/\/kapitalis.com\/tunisie\/#\/schema\/person\/16627fc9b2fc0116230e88af071eebab"},"headline":"Yaya Tour\u00e9 au pavillon Tunisie \u00e0 l\u2019Expo Milan 2015","datePublished":"2015-06-05T17:35:03+00:00","mainEntityOfPage":{"@id":"https:\/\/kapitalis.com\/tunisie\/2015\/06\/05\/yaya-toure-au-pavillon-tunisie-a-lexpo-milan-2015\/"},"wordCount":184,"commentCount":0,"publisher":{"@id":"https:\/\/kapitalis.com\/tunisie\/#organization"},"image":{"@id":"https:\/\/kapitalis.com\/tunisie\/2015\/06\/05\/yaya-toure-au-pavillon-tunisie-a-lexpo-milan-2015\/#primaryimage"},"thumbnailUrl":"","keywords":["Cepex","footballeur","Manchester City","palmiers","Pavillon Tunisie"],"articleSection":["SPORT"],"inLanguage":"fr-FR","potentialAction":[{"@type":"CommentAction","name":"Comment","target":["https:\/\/kapitalis.com\/tunisie\/2015\/06\/05\/yaya-toure-au-pavillon-tunisie-a-lexpo-milan-2015\/#respond"]}]},{"@type":"WebPage","@id":"https:\/\/kapitalis.com\/tunisie\/2015\/06\/05\/yaya-toure-au-pavillon-tunisie-a-lexpo-milan-2015\/","url":"https:\/\/kapitalis.com\/tunisie\/2015\/06\/05\/yaya-toure-au-pavillon-tunisie-a-lexpo-milan-2015\/","name":"Yaya Tour\u00e9 au pavillon Tunisie \u00e0 l\u2019Expo Milan 2015 - Kapitalis","isPartOf":{"@id":"https:\/\/kapitalis.com\/tunisie\/#website"},"primaryImageOfPage":{"@id":"https:\/\/kapitalis.com\/tunisie\/2015\/06\/05\/yaya-toure-au-pavillon-tunisie-a-lexpo-milan-2015\/#primaryimage"},"image":{"@id":"https:\/\/kapitalis.com\/tunisie\/2015\/06\/05\/yaya-toure-au-pavillon-tunisie-a-lexpo-milan-2015\/#primaryimage"},"thumbnailUrl":"","datePublished":"2015-06-05T17:35:03+00:00","breadcrumb":{"@id":"https:\/\/kapitalis.com\/tunisie\/2015\/06\/05\/yaya-toure-au-pavillon-tunisie-a-lexpo-milan-2015\/#breadcrumb"},"inLanguage":"fr-FR","potentialAction":[{"@type":"ReadAction","target":["https:\/\/kapitalis.com\/tunisie\/2015\/06\/05\/yaya-toure-au-pavillon-tunisie-a-lexpo-milan-2015\/"]}]},{"@type":"ImageObject","inLanguage":"fr-FR","@id":"https:\/\/kapitalis.com\/tunisie\/2015\/06\/05\/yaya-toure-au-pavillon-tunisie-a-lexpo-milan-2015\/#primaryimage","url":"","contentUrl":""},{"@type":"BreadcrumbList","@id":"https:\/\/kapitalis.com\/tunisie\/2015\/06\/05\/yaya-toure-au-pavillon-tunisie-a-lexpo-milan-2015\/#breadcrumb","itemListElement":[{"@type":"ListItem","position":1,"name":"Accueil","item":"https:\/\/kapitalis.com\/tunisie\/"},{"@type":"ListItem","position":2,"name":"Yaya Tour\u00e9 au pavillon Tunisie \u00e0 l\u2019Expo Milan 2015"}]},{"@type":"WebSite","@id":"https:\/\/kapitalis.com\/tunisie\/#website","url":"https:\/\/kapitalis.com\/tunisie\/","name":"Kapitalis","description":"L&#039;actualit\u00e9 en Tunisie et dans le monde","publisher":{"@id":"https:\/\/kapitalis.com\/tunisie\/#organization"},"potentialAction":[{"@type":"SearchAction","target":{"@type":"EntryPoint","urlTemplate":"https:\/\/kapitalis.com\/tunisie\/?s={search_term_string}"},"query-input":{"@type":"PropertyValueSpecification","valueRequired":true,"valueName":"search_term_string"}}],"inLanguage":"fr-FR"},{"@type":"Organization","@id":"https:\/\/kapitalis.com\/tunisie\/#organization","name":"Kapitalis","url":"https:\/\/kapitalis.com\/tunisie\/","logo":{"@type":"ImageObject","inLanguage":"fr-FR","@id":"https:\/\/kapitalis.com\/tunisie\/#\/schema\/logo\/image\/","url":"https:\/\/kapitalis.com\/tunisie\/wp-content\/uploads\/2022\/05\/Kapitalis-big-size.png","contentUrl":"https:\/\/kapitalis.com\/tunisie\/wp-content\/uploads\/2022\/05\/Kapitalis-big-size.png","width":5000,"height":1500,"caption":"Kapitalis"},"image":{"@id":"https:\/\/kapitalis.com\/tunisie\/#\/schema\/logo\/image\/"},"sameAs":["https:\/\/www.facebook.com\/KapitalisInfo\/","https:\/\/x.com\/KapitalisInfo","https:\/\/www.youtube.com\/channel\/UC-yDYrHyfFBWWZaOw3FPg9Q"]},{"@type":"Person","@id":"https:\/\/kapitalis.com\/tunisie\/#\/schema\/person\/16627fc9b2fc0116230e88af071eebab","name":"Ridha Elkefi","url":"https:\/\/kapitalis.com\/tunisie\/author\/ridha-kefi\/"}]}},"_links":{"self":[{"href":"https:\/\/kapitalis.com\/tunisie\/wp-json\/wp\/v2\/posts\/3256","targetHints":{"allow":["GET"]}}],"collection":[{"href":"https:\/\/kapitalis.com\/tunisie\/wp-json\/wp\/v2\/posts"}],"about":[{"href":"https:\/\/kapitalis.com\/tunisie\/wp-json\/wp\/v2\/types\/post"}],"author":[{"embeddable":true,"href":"https:\/\/kapitalis.com\/tunisie\/wp-json\/wp\/v2\/users\/5"}],"replies":[{"embeddable":true,"href":"https:\/\/kapitalis.com\/tunisie\/wp-json\/wp\/v2\/comments?post=3256"}],"version-history":[{"count":0,"href":"https:\/\/kapitalis.com\/tunisie\/wp-json\/wp\/v2\/posts\/3256\/revisions"}],"wp:featuredmedia":[{"embeddable":true,"href":"https:\/\/kapitalis.com\/tunisie\/wp-json\/wp\/v2\/media\/3257"}],"wp:attachment":[{"href":"https:\/\/kapitalis.com\/tunisie\/wp-json\/wp\/v2\/media?parent=3256"}],"wp:term":[{"taxonomy":"category","embeddable":true,"href":"https:\/\/kapitalis.com\/tunisie\/wp-json\/wp\/v2\/categories?post=3256"},{"taxonomy":"post_tag","embeddable":true,"href":"https:\/\/kapitalis.com\/tunisie\/wp-json\/wp\/v2\/tags?post=3256"}],"curies":[{"name":"wp","href":"https:\/\/api.w.org\/{rel}","templated":true}]}}