{"id":325672,"date":"2020-11-25T13:54:17","date_gmt":"2020-11-25T12:54:17","guid":{"rendered":"http:\/\/kapitalis.com\/tunisie\/?p=325672"},"modified":"2020-11-25T14:22:10","modified_gmt":"2020-11-25T13:22:10","slug":"coronavirus-tunisie-le-pic-de-la-2e-vague-de-lepidemie-attendu-fin-decembre-et-une-3e-vague-envisagee-video","status":"publish","type":"post","link":"https:\/\/kapitalis.com\/tunisie\/2020\/11\/25\/coronavirus-tunisie-le-pic-de-la-2e-vague-de-lepidemie-attendu-fin-decembre-et-une-3e-vague-envisagee-video\/","title":{"rendered":"Coronavirus-Tunisie : Le pic de la 2e vague de l&rsquo;\u00e9pid\u00e9mie attendu fin d\u00e9cembre, et une 3e vague envisag\u00e9e (Vid\u00e9o)"},"content":{"rendered":"\n<figure class=\"wp-block-image size-large\"><img decoding=\"async\" src=\"http:\/\/kapitalis.com\/tunisie\/wp-content\/uploads\/2020\/04\/gu\u00e9rison-corona.jpg\" alt=\"\" class=\"wp-image-292909\"\/><\/figure>\n\n\n\n<p><em><strong>\u00abSi nous continuons \u00e0 appliquer les mesures contre le coronavirus, nous atteindrons le pic de la pand\u00e9mie d\u2019ici fin d\u00e9cembre. En revanche, si les mesures sont all\u00e9g\u00e9es ou non respect\u00e9es, le pic sera retard\u00e9 pour janvier ou f\u00e9vrier 2021, et nous enregistrerons de nombreux cas de contaminations et de d\u00e9c\u00e8s\u00bb, annonce le ministre de la Sant\u00e9, Faouzi Mehdi, lors d\u2019une conf\u00e9rence de presse organis\u00e9e, aujourd&rsquo;hui, mercredi 25 novembre 2020.<\/strong><\/em><\/p>\n\n\n\n<!--more-->\n\n\n\n<p>De ce fait, le comit\u00e9 scientifique de lutte contre le coronavirus a d\u00e9cid\u00e9 de maintenir les m\u00eames mesures afin de faire face \u00e0 la propagation de la pand\u00e9mie, a-t-il ajout\u00e9 en affirmant que des comit\u00e9s sectoriels seront mis en place afin d&rsquo;\u00e9valuer la situation et de d\u00e9terminer les consignes relatives \u00e0 chaque secteur.<\/p>\n\n\n\n<p>Le ministre a affirm\u00e9 dans ce sens, qu&rsquo;\u00e0 ce jour, le protocole relatif aux caf\u00e9s et aux salons de th\u00e9 (fermeture \u00e0 16h)  ainsi qu&rsquo;au secteurs culturel et sportif reste inchang\u00e9 et que la pri\u00e8re du vendredi ne reprendra pas, non plus.<\/p>\n\n\n\n<figure class=\"wp-block-image size-large is-resized\"><img loading=\"lazy\" decoding=\"async\" src=\"http:\/\/kapitalis.com\/tunisie\/wp-content\/uploads\/2020\/11\/sa-1024x674.jpg\" alt=\"\" class=\"wp-image-325684\" width=\"512\" height=\"337\"\/><\/figure>\n\n\n\n<p>Faouzi Mehdi a \u00e9galement soulign\u00e9 que plusieurs patients \u00e9vitaient les \u00e9tablissements sanitaires :<em> \u00abCela complique leur prise en charge m\u00e9dicale et ils sont donc appel\u00e9s \u00e0 se rendre rapidement \u00e0 l&rsquo;h\u00f4pital pour \u00e9viter que leur \u00e9tat ne se d\u00e9grade\u00bb.<\/em><\/p>\n\n\n\n<p>Faouzi Mehdi a \u00e9galement indiqu\u00e9, qu&rsquo;\u00e0 ce jour, 12% des Tunisiens ont \u00e9t\u00e9 contamin\u00e9s au coronavirus, et que  nous ne pouvons donc pas parler d&rsquo;immunit\u00e9 collective.<\/p>\n\n\n\n<p>\u00ab<em>De ce fait, nous ne sommes pas \u00e0 l&rsquo;abri d&rsquo;une \u00e9ventuelle 3e vague de l&rsquo;\u00e9pid\u00e9mie, en f\u00e9vrier ou mars prochain<\/em>\u00bb, a-t-il dit.<\/p>\n\n\n\n<div class=\"embed\">\n<div class=\"video\">\n<iframe loading=\"lazy\" title=\"\u0646\u062f\u0648\u0629 \u0635\u062d\u0641\u064a\u0629 \u0644\u0648\u0632\u0627\u0631\u0629 \u0627\u0644\u0635\u062d\u0629\" width=\"1160\" height=\"870\" src=\"https:\/\/www.youtube.com\/embed\/DDC-xfU7qQQ?feature=oembed\" frameborder=\"0\" allow=\"accelerometer; autoplay; clipboard-write; encrypted-media; gyroscope; picture-in-picture\" allowfullscreen><\/iframe>\n<\/div>\n<\/div>\n&nbsp;\n\n\n\n<p><\/p>\n\n\n\n<p>De son c\u00f4t\u00e9, Hechmi Louzir, directeur de l\u2019Institut Pasteur de Tunis, a affirm\u00e9 que la Tunisie suit de pr\u00e8s l\u2019\u00e9volution des vaccins d\u00e9velopp\u00e9s et qui sont en phase finale, tout en annon\u00e7ant que les premiers vaccins pourraient \u00eatre disponibles \u00e0 partir du deuxi\u00e8me trimestre de l&rsquo;an prochain.<\/p>\n\n\n\n<p>Il a ajout\u00e9 que les personnes \u00e2g\u00e9es et vuln\u00e9rables, les professionnels de la sant\u00e9 et de l&rsquo;\u00e9ducation, les s\u00e9curitaires et militaires ainsi que ceux qui sont en premi\u00e8re ligne seront prioritaires pour la vaccination, qui ne sera, cependant pas, obligatoire.<\/p>\n\n\n\n<p class=\"has-text-align-right\"><strong>Y. N.<\/strong><\/p>\n","protected":false},"excerpt":{"rendered":"<p>\u00abSi nous continuons \u00e0 appliquer les mesures contre le coronavirus, nous atteindrons le pic de la pand\u00e9mie d\u2019ici fin d\u00e9cembre. En revanche, si les mesures sont all\u00e9g\u00e9es ou non respect\u00e9es, le pic sera retard\u00e9 pour janvier ou f\u00e9vrier 2021, et nous enregistrerons de nombreux cas de contaminations et de d\u00e9c\u00e8s\u00bb, annonce le ministre de la&#8230;<\/p>\n","protected":false},"author":6,"featured_media":325684,"comment_status":"open","ping_status":"open","sticky":false,"template":"","format":"standard","meta":{"footnotes":""},"categories":[998,2433,4806],"tags":[85045,73060,85046,810,62643,8168],"class_list":["post-325672","post","type-post","status-publish","format-standard","has-post-thumbnail","hentry","category-societe","category-tunisie","category-videos","tag-3e-vague","tag-coronavirus","tag-pic-epidemie","tag-sante","tag-tunisie","tag-vaccin"],"yoast_head":"<!-- This site is optimized with the Yoast SEO plugin v26.6 - https:\/\/yoast.com\/wordpress\/plugins\/seo\/ -->\n<title>Coronavirus-Tunisie : Le pic de la 2e vague de l&#039;\u00e9pid\u00e9mie attendu fin d\u00e9cembre, et une 3e vague envisag\u00e9e (Vid\u00e9o) - Kapitalis<\/title>\n<meta name=\"robots\" content=\"index, follow, max-snippet:-1, max-image-preview:large, max-video-preview:-1\" \/>\n<link rel=\"canonical\" href=\"https:\/\/kapitalis.com\/tunisie\/2020\/11\/25\/coronavirus-tunisie-le-pic-de-la-2e-vague-de-lepidemie-attendu-fin-decembre-et-une-3e-vague-envisagee-video\/\" \/>\n<meta property=\"og:locale\" content=\"fr_FR\" \/>\n<meta property=\"og:type\" content=\"article\" \/>\n<meta property=\"og:title\" content=\"Coronavirus-Tunisie : Le pic de la 2e vague de l&#039;\u00e9pid\u00e9mie attendu fin d\u00e9cembre, et une 3e vague envisag\u00e9e (Vid\u00e9o) - Kapitalis\" \/>\n<meta property=\"og:description\" content=\"\u00abSi nous continuons \u00e0 appliquer les mesures contre le coronavirus, nous atteindrons le pic de la pand\u00e9mie d\u2019ici fin d\u00e9cembre. En revanche, si les mesures sont all\u00e9g\u00e9es ou non respect\u00e9es, le pic sera retard\u00e9 pour janvier ou f\u00e9vrier 2021, et nous enregistrerons de nombreux cas de contaminations et de d\u00e9c\u00e8s\u00bb, annonce le ministre de la...\" \/>\n<meta property=\"og:url\" content=\"https:\/\/kapitalis.com\/tunisie\/2020\/11\/25\/coronavirus-tunisie-le-pic-de-la-2e-vague-de-lepidemie-attendu-fin-decembre-et-une-3e-vague-envisagee-video\/\" \/>\n<meta property=\"og:site_name\" content=\"Kapitalis\" \/>\n<meta property=\"article:publisher\" content=\"https:\/\/www.facebook.com\/KapitalisInfo\/\" \/>\n<meta property=\"article:published_time\" content=\"2020-11-25T12:54:17+00:00\" \/>\n<meta property=\"article:modified_time\" content=\"2020-11-25T13:22:10+00:00\" \/>\n<meta property=\"og:image\" content=\"https:\/\/kapitalis.com\/tunisie\/wp-content\/uploads\/2022\/05\/kapitalis-logo-fb.png\" \/>\n\t<meta property=\"og:image:width\" content=\"1200\" \/>\n\t<meta property=\"og:image:height\" content=\"630\" \/>\n\t<meta property=\"og:image:type\" content=\"image\/png\" \/>\n<meta name=\"author\" content=\"Yusra NY\" \/>\n<meta name=\"twitter:card\" content=\"summary_large_image\" \/>\n<meta name=\"twitter:creator\" content=\"@KapitalisInfo\" \/>\n<meta name=\"twitter:site\" content=\"@KapitalisInfo\" \/>\n<meta name=\"twitter:label1\" content=\"\u00c9crit par\" \/>\n\t<meta name=\"twitter:data1\" content=\"Yusra NY\" \/>\n\t<meta name=\"twitter:label2\" content=\"Dur\u00e9e de lecture estim\u00e9e\" \/>\n\t<meta name=\"twitter:data2\" content=\"2 minutes\" \/>\n<script type=\"application\/ld+json\" class=\"yoast-schema-graph\">{\"@context\":\"https:\/\/schema.org\",\"@graph\":[{\"@type\":\"Article\",\"@id\":\"https:\/\/kapitalis.com\/tunisie\/2020\/11\/25\/coronavirus-tunisie-le-pic-de-la-2e-vague-de-lepidemie-attendu-fin-decembre-et-une-3e-vague-envisagee-video\/#article\",\"isPartOf\":{\"@id\":\"https:\/\/kapitalis.com\/tunisie\/2020\/11\/25\/coronavirus-tunisie-le-pic-de-la-2e-vague-de-lepidemie-attendu-fin-decembre-et-une-3e-vague-envisagee-video\/\"},\"author\":{\"name\":\"Yusra NY\",\"@id\":\"https:\/\/kapitalis.com\/tunisie\/#\/schema\/person\/74bbde0154d49d790a92aaeac5bc01d5\"},\"headline\":\"Coronavirus-Tunisie : Le pic de la 2e vague de l&rsquo;\u00e9pid\u00e9mie attendu fin d\u00e9cembre, et une 3e vague envisag\u00e9e (Vid\u00e9o)\",\"datePublished\":\"2020-11-25T12:54:17+00:00\",\"dateModified\":\"2020-11-25T13:22:10+00:00\",\"mainEntityOfPage\":{\"@id\":\"https:\/\/kapitalis.com\/tunisie\/2020\/11\/25\/coronavirus-tunisie-le-pic-de-la-2e-vague-de-lepidemie-attendu-fin-decembre-et-une-3e-vague-envisagee-video\/\"},\"wordCount\":400,\"commentCount\":3,\"publisher\":{\"@id\":\"https:\/\/kapitalis.com\/tunisie\/#organization\"},\"image\":{\"@id\":\"https:\/\/kapitalis.com\/tunisie\/2020\/11\/25\/coronavirus-tunisie-le-pic-de-la-2e-vague-de-lepidemie-attendu-fin-decembre-et-une-3e-vague-envisagee-video\/#primaryimage\"},\"thumbnailUrl\":\"\",\"keywords\":[\"3e vague\",\"Coronavirus\",\"pic \u00e9pid\u00e9mie\",\"Sant\u00e9\",\"Tunisie\",\"vaccin\"],\"articleSection\":[\"SOCIETE\",\"Tunisie\",\"VIDEOS\"],\"inLanguage\":\"fr-FR\",\"potentialAction\":[{\"@type\":\"CommentAction\",\"name\":\"Comment\",\"target\":[\"https:\/\/kapitalis.com\/tunisie\/2020\/11\/25\/coronavirus-tunisie-le-pic-de-la-2e-vague-de-lepidemie-attendu-fin-decembre-et-une-3e-vague-envisagee-video\/#respond\"]}]},{\"@type\":\"WebPage\",\"@id\":\"https:\/\/kapitalis.com\/tunisie\/2020\/11\/25\/coronavirus-tunisie-le-pic-de-la-2e-vague-de-lepidemie-attendu-fin-decembre-et-une-3e-vague-envisagee-video\/\",\"url\":\"https:\/\/kapitalis.com\/tunisie\/2020\/11\/25\/coronavirus-tunisie-le-pic-de-la-2e-vague-de-lepidemie-attendu-fin-decembre-et-une-3e-vague-envisagee-video\/\",\"name\":\"Coronavirus-Tunisie : Le pic de la 2e vague de l'\u00e9pid\u00e9mie attendu fin d\u00e9cembre, et une 3e vague envisag\u00e9e (Vid\u00e9o) - Kapitalis\",\"isPartOf\":{\"@id\":\"https:\/\/kapitalis.com\/tunisie\/#website\"},\"primaryImageOfPage\":{\"@id\":\"https:\/\/kapitalis.com\/tunisie\/2020\/11\/25\/coronavirus-tunisie-le-pic-de-la-2e-vague-de-lepidemie-attendu-fin-decembre-et-une-3e-vague-envisagee-video\/#primaryimage\"},\"image\":{\"@id\":\"https:\/\/kapitalis.com\/tunisie\/2020\/11\/25\/coronavirus-tunisie-le-pic-de-la-2e-vague-de-lepidemie-attendu-fin-decembre-et-une-3e-vague-envisagee-video\/#primaryimage\"},\"thumbnailUrl\":\"\",\"datePublished\":\"2020-11-25T12:54:17+00:00\",\"dateModified\":\"2020-11-25T13:22:10+00:00\",\"breadcrumb\":{\"@id\":\"https:\/\/kapitalis.com\/tunisie\/2020\/11\/25\/coronavirus-tunisie-le-pic-de-la-2e-vague-de-lepidemie-attendu-fin-decembre-et-une-3e-vague-envisagee-video\/#breadcrumb\"},\"inLanguage\":\"fr-FR\",\"potentialAction\":[{\"@type\":\"ReadAction\",\"target\":[\"https:\/\/kapitalis.com\/tunisie\/2020\/11\/25\/coronavirus-tunisie-le-pic-de-la-2e-vague-de-lepidemie-attendu-fin-decembre-et-une-3e-vague-envisagee-video\/\"]}]},{\"@type\":\"ImageObject\",\"inLanguage\":\"fr-FR\",\"@id\":\"https:\/\/kapitalis.com\/tunisie\/2020\/11\/25\/coronavirus-tunisie-le-pic-de-la-2e-vague-de-lepidemie-attendu-fin-decembre-et-une-3e-vague-envisagee-video\/#primaryimage\",\"url\":\"\",\"contentUrl\":\"\"},{\"@type\":\"BreadcrumbList\",\"@id\":\"https:\/\/kapitalis.com\/tunisie\/2020\/11\/25\/coronavirus-tunisie-le-pic-de-la-2e-vague-de-lepidemie-attendu-fin-decembre-et-une-3e-vague-envisagee-video\/#breadcrumb\",\"itemListElement\":[{\"@type\":\"ListItem\",\"position\":1,\"name\":\"Accueil\",\"item\":\"https:\/\/kapitalis.com\/tunisie\/\"},{\"@type\":\"ListItem\",\"position\":2,\"name\":\"Coronavirus-Tunisie : Le pic de la 2e vague de l&rsquo;\u00e9pid\u00e9mie attendu fin d\u00e9cembre, et une 3e vague envisag\u00e9e (Vid\u00e9o)\"}]},{\"@type\":\"WebSite\",\"@id\":\"https:\/\/kapitalis.com\/tunisie\/#website\",\"url\":\"https:\/\/kapitalis.com\/tunisie\/\",\"name\":\"Kapitalis\",\"description\":\"L&#039;actualit\u00e9 en Tunisie et dans le monde\",\"publisher\":{\"@id\":\"https:\/\/kapitalis.com\/tunisie\/#organization\"},\"potentialAction\":[{\"@type\":\"SearchAction\",\"target\":{\"@type\":\"EntryPoint\",\"urlTemplate\":\"https:\/\/kapitalis.com\/tunisie\/?s={search_term_string}\"},\"query-input\":{\"@type\":\"PropertyValueSpecification\",\"valueRequired\":true,\"valueName\":\"search_term_string\"}}],\"inLanguage\":\"fr-FR\"},{\"@type\":\"Organization\",\"@id\":\"https:\/\/kapitalis.com\/tunisie\/#organization\",\"name\":\"Kapitalis\",\"url\":\"https:\/\/kapitalis.com\/tunisie\/\",\"logo\":{\"@type\":\"ImageObject\",\"inLanguage\":\"fr-FR\",\"@id\":\"https:\/\/kapitalis.com\/tunisie\/#\/schema\/logo\/image\/\",\"url\":\"https:\/\/kapitalis.com\/tunisie\/wp-content\/uploads\/2022\/05\/Kapitalis-big-size.png\",\"contentUrl\":\"https:\/\/kapitalis.com\/tunisie\/wp-content\/uploads\/2022\/05\/Kapitalis-big-size.png\",\"width\":5000,\"height\":1500,\"caption\":\"Kapitalis\"},\"image\":{\"@id\":\"https:\/\/kapitalis.com\/tunisie\/#\/schema\/logo\/image\/\"},\"sameAs\":[\"https:\/\/www.facebook.com\/KapitalisInfo\/\",\"https:\/\/x.com\/KapitalisInfo\",\"https:\/\/www.youtube.com\/channel\/UC-yDYrHyfFBWWZaOw3FPg9Q\"]},{\"@type\":\"Person\",\"@id\":\"https:\/\/kapitalis.com\/tunisie\/#\/schema\/person\/74bbde0154d49d790a92aaeac5bc01d5\",\"name\":\"Yusra NY\",\"url\":\"https:\/\/kapitalis.com\/tunisie\/author\/yuza_adam\/\"}]}<\/script>\n<!-- \/ Yoast SEO plugin. -->","yoast_head_json":{"title":"Coronavirus-Tunisie : Le pic de la 2e vague de l'\u00e9pid\u00e9mie attendu fin d\u00e9cembre, et une 3e vague envisag\u00e9e (Vid\u00e9o) - Kapitalis","robots":{"index":"index","follow":"follow","max-snippet":"max-snippet:-1","max-image-preview":"max-image-preview:large","max-video-preview":"max-video-preview:-1"},"canonical":"https:\/\/kapitalis.com\/tunisie\/2020\/11\/25\/coronavirus-tunisie-le-pic-de-la-2e-vague-de-lepidemie-attendu-fin-decembre-et-une-3e-vague-envisagee-video\/","og_locale":"fr_FR","og_type":"article","og_title":"Coronavirus-Tunisie : Le pic de la 2e vague de l'\u00e9pid\u00e9mie attendu fin d\u00e9cembre, et une 3e vague envisag\u00e9e (Vid\u00e9o) - Kapitalis","og_description":"\u00abSi nous continuons \u00e0 appliquer les mesures contre le coronavirus, nous atteindrons le pic de la pand\u00e9mie d\u2019ici fin d\u00e9cembre. En revanche, si les mesures sont all\u00e9g\u00e9es ou non respect\u00e9es, le pic sera retard\u00e9 pour janvier ou f\u00e9vrier 2021, et nous enregistrerons de nombreux cas de contaminations et de d\u00e9c\u00e8s\u00bb, annonce le ministre de la...","og_url":"https:\/\/kapitalis.com\/tunisie\/2020\/11\/25\/coronavirus-tunisie-le-pic-de-la-2e-vague-de-lepidemie-attendu-fin-decembre-et-une-3e-vague-envisagee-video\/","og_site_name":"Kapitalis","article_publisher":"https:\/\/www.facebook.com\/KapitalisInfo\/","article_published_time":"2020-11-25T12:54:17+00:00","article_modified_time":"2020-11-25T13:22:10+00:00","og_image":[{"width":1200,"height":630,"url":"https:\/\/kapitalis.com\/tunisie\/wp-content\/uploads\/2022\/05\/kapitalis-logo-fb.png","type":"image\/png"}],"author":"Yusra NY","twitter_card":"summary_large_image","twitter_creator":"@KapitalisInfo","twitter_site":"@KapitalisInfo","twitter_misc":{"\u00c9crit par":"Yusra NY","Dur\u00e9e de lecture estim\u00e9e":"2 minutes"},"schema":{"@context":"https:\/\/schema.org","@graph":[{"@type":"Article","@id":"https:\/\/kapitalis.com\/tunisie\/2020\/11\/25\/coronavirus-tunisie-le-pic-de-la-2e-vague-de-lepidemie-attendu-fin-decembre-et-une-3e-vague-envisagee-video\/#article","isPartOf":{"@id":"https:\/\/kapitalis.com\/tunisie\/2020\/11\/25\/coronavirus-tunisie-le-pic-de-la-2e-vague-de-lepidemie-attendu-fin-decembre-et-une-3e-vague-envisagee-video\/"},"author":{"name":"Yusra NY","@id":"https:\/\/kapitalis.com\/tunisie\/#\/schema\/person\/74bbde0154d49d790a92aaeac5bc01d5"},"headline":"Coronavirus-Tunisie : Le pic de la 2e vague de l&rsquo;\u00e9pid\u00e9mie attendu fin d\u00e9cembre, et une 3e vague envisag\u00e9e (Vid\u00e9o)","datePublished":"2020-11-25T12:54:17+00:00","dateModified":"2020-11-25T13:22:10+00:00","mainEntityOfPage":{"@id":"https:\/\/kapitalis.com\/tunisie\/2020\/11\/25\/coronavirus-tunisie-le-pic-de-la-2e-vague-de-lepidemie-attendu-fin-decembre-et-une-3e-vague-envisagee-video\/"},"wordCount":400,"commentCount":3,"publisher":{"@id":"https:\/\/kapitalis.com\/tunisie\/#organization"},"image":{"@id":"https:\/\/kapitalis.com\/tunisie\/2020\/11\/25\/coronavirus-tunisie-le-pic-de-la-2e-vague-de-lepidemie-attendu-fin-decembre-et-une-3e-vague-envisagee-video\/#primaryimage"},"thumbnailUrl":"","keywords":["3e vague","Coronavirus","pic \u00e9pid\u00e9mie","Sant\u00e9","Tunisie","vaccin"],"articleSection":["SOCIETE","Tunisie","VIDEOS"],"inLanguage":"fr-FR","potentialAction":[{"@type":"CommentAction","name":"Comment","target":["https:\/\/kapitalis.com\/tunisie\/2020\/11\/25\/coronavirus-tunisie-le-pic-de-la-2e-vague-de-lepidemie-attendu-fin-decembre-et-une-3e-vague-envisagee-video\/#respond"]}]},{"@type":"WebPage","@id":"https:\/\/kapitalis.com\/tunisie\/2020\/11\/25\/coronavirus-tunisie-le-pic-de-la-2e-vague-de-lepidemie-attendu-fin-decembre-et-une-3e-vague-envisagee-video\/","url":"https:\/\/kapitalis.com\/tunisie\/2020\/11\/25\/coronavirus-tunisie-le-pic-de-la-2e-vague-de-lepidemie-attendu-fin-decembre-et-une-3e-vague-envisagee-video\/","name":"Coronavirus-Tunisie : Le pic de la 2e vague de l'\u00e9pid\u00e9mie attendu fin d\u00e9cembre, et une 3e vague envisag\u00e9e (Vid\u00e9o) - Kapitalis","isPartOf":{"@id":"https:\/\/kapitalis.com\/tunisie\/#website"},"primaryImageOfPage":{"@id":"https:\/\/kapitalis.com\/tunisie\/2020\/11\/25\/coronavirus-tunisie-le-pic-de-la-2e-vague-de-lepidemie-attendu-fin-decembre-et-une-3e-vague-envisagee-video\/#primaryimage"},"image":{"@id":"https:\/\/kapitalis.com\/tunisie\/2020\/11\/25\/coronavirus-tunisie-le-pic-de-la-2e-vague-de-lepidemie-attendu-fin-decembre-et-une-3e-vague-envisagee-video\/#primaryimage"},"thumbnailUrl":"","datePublished":"2020-11-25T12:54:17+00:00","dateModified":"2020-11-25T13:22:10+00:00","breadcrumb":{"@id":"https:\/\/kapitalis.com\/tunisie\/2020\/11\/25\/coronavirus-tunisie-le-pic-de-la-2e-vague-de-lepidemie-attendu-fin-decembre-et-une-3e-vague-envisagee-video\/#breadcrumb"},"inLanguage":"fr-FR","potentialAction":[{"@type":"ReadAction","target":["https:\/\/kapitalis.com\/tunisie\/2020\/11\/25\/coronavirus-tunisie-le-pic-de-la-2e-vague-de-lepidemie-attendu-fin-decembre-et-une-3e-vague-envisagee-video\/"]}]},{"@type":"ImageObject","inLanguage":"fr-FR","@id":"https:\/\/kapitalis.com\/tunisie\/2020\/11\/25\/coronavirus-tunisie-le-pic-de-la-2e-vague-de-lepidemie-attendu-fin-decembre-et-une-3e-vague-envisagee-video\/#primaryimage","url":"","contentUrl":""},{"@type":"BreadcrumbList","@id":"https:\/\/kapitalis.com\/tunisie\/2020\/11\/25\/coronavirus-tunisie-le-pic-de-la-2e-vague-de-lepidemie-attendu-fin-decembre-et-une-3e-vague-envisagee-video\/#breadcrumb","itemListElement":[{"@type":"ListItem","position":1,"name":"Accueil","item":"https:\/\/kapitalis.com\/tunisie\/"},{"@type":"ListItem","position":2,"name":"Coronavirus-Tunisie : Le pic de la 2e vague de l&rsquo;\u00e9pid\u00e9mie attendu fin d\u00e9cembre, et une 3e vague envisag\u00e9e (Vid\u00e9o)"}]},{"@type":"WebSite","@id":"https:\/\/kapitalis.com\/tunisie\/#website","url":"https:\/\/kapitalis.com\/tunisie\/","name":"Kapitalis","description":"L&#039;actualit\u00e9 en Tunisie et dans le monde","publisher":{"@id":"https:\/\/kapitalis.com\/tunisie\/#organization"},"potentialAction":[{"@type":"SearchAction","target":{"@type":"EntryPoint","urlTemplate":"https:\/\/kapitalis.com\/tunisie\/?s={search_term_string}"},"query-input":{"@type":"PropertyValueSpecification","valueRequired":true,"valueName":"search_term_string"}}],"inLanguage":"fr-FR"},{"@type":"Organization","@id":"https:\/\/kapitalis.com\/tunisie\/#organization","name":"Kapitalis","url":"https:\/\/kapitalis.com\/tunisie\/","logo":{"@type":"ImageObject","inLanguage":"fr-FR","@id":"https:\/\/kapitalis.com\/tunisie\/#\/schema\/logo\/image\/","url":"https:\/\/kapitalis.com\/tunisie\/wp-content\/uploads\/2022\/05\/Kapitalis-big-size.png","contentUrl":"https:\/\/kapitalis.com\/tunisie\/wp-content\/uploads\/2022\/05\/Kapitalis-big-size.png","width":5000,"height":1500,"caption":"Kapitalis"},"image":{"@id":"https:\/\/kapitalis.com\/tunisie\/#\/schema\/logo\/image\/"},"sameAs":["https:\/\/www.facebook.com\/KapitalisInfo\/","https:\/\/x.com\/KapitalisInfo","https:\/\/www.youtube.com\/channel\/UC-yDYrHyfFBWWZaOw3FPg9Q"]},{"@type":"Person","@id":"https:\/\/kapitalis.com\/tunisie\/#\/schema\/person\/74bbde0154d49d790a92aaeac5bc01d5","name":"Yusra NY","url":"https:\/\/kapitalis.com\/tunisie\/author\/yuza_adam\/"}]}},"_links":{"self":[{"href":"https:\/\/kapitalis.com\/tunisie\/wp-json\/wp\/v2\/posts\/325672","targetHints":{"allow":["GET"]}}],"collection":[{"href":"https:\/\/kapitalis.com\/tunisie\/wp-json\/wp\/v2\/posts"}],"about":[{"href":"https:\/\/kapitalis.com\/tunisie\/wp-json\/wp\/v2\/types\/post"}],"author":[{"embeddable":true,"href":"https:\/\/kapitalis.com\/tunisie\/wp-json\/wp\/v2\/users\/6"}],"replies":[{"embeddable":true,"href":"https:\/\/kapitalis.com\/tunisie\/wp-json\/wp\/v2\/comments?post=325672"}],"version-history":[{"count":0,"href":"https:\/\/kapitalis.com\/tunisie\/wp-json\/wp\/v2\/posts\/325672\/revisions"}],"wp:featuredmedia":[{"embeddable":true,"href":"https:\/\/kapitalis.com\/tunisie\/wp-json\/wp\/v2\/media\/325684"}],"wp:attachment":[{"href":"https:\/\/kapitalis.com\/tunisie\/wp-json\/wp\/v2\/media?parent=325672"}],"wp:term":[{"taxonomy":"category","embeddable":true,"href":"https:\/\/kapitalis.com\/tunisie\/wp-json\/wp\/v2\/categories?post=325672"},{"taxonomy":"post_tag","embeddable":true,"href":"https:\/\/kapitalis.com\/tunisie\/wp-json\/wp\/v2\/tags?post=325672"}],"curies":[{"name":"wp","href":"https:\/\/api.w.org\/{rel}","templated":true}]}}