{"id":325713,"date":"2020-11-25T17:17:06","date_gmt":"2020-11-25T16:17:06","guid":{"rendered":"http:\/\/kapitalis.com\/tunisie\/?p=325713"},"modified":"2020-11-25T17:17:09","modified_gmt":"2020-11-25T16:17:09","slug":"signature-du-contrat-de-subvention-pour-le-financement-dun-projet-collaboratif-a-jendouba-dans-le-cadre-du-programme-initiative-regionale-dappui-au-developpement-economique-durable","status":"publish","type":"post","link":"https:\/\/kapitalis.com\/tunisie\/2020\/11\/25\/signature-du-contrat-de-subvention-pour-le-financement-dun-projet-collaboratif-a-jendouba-dans-le-cadre-du-programme-initiative-regionale-dappui-au-developpement-economique-durable\/","title":{"rendered":"Signature du contrat de subvention pour le financement d\u2019un projet collaboratif \u00e0 Jendouba dans le cadre du Programme Initiative r\u00e9gionale d\u2019appui au d\u00e9veloppement \u00e9conomique durable \u00ab IRADA \u00bb"},"content":{"rendered":"\n<figure class=\"wp-block-image size-large\"><img decoding=\"async\" src=\"http:\/\/kapitalis.com\/tunisie\/wp-content\/uploads\/2020\/11\/irada1.jpg\" alt=\"\" class=\"wp-image-325714\"\/><\/figure>\n\n\n\n<p><strong>Sous\u00a0 la\u00a0 pr\u00e9sidence\u00a0 de\u00a0 Mr\u00a0 Ali\u00a0 Marmouri,\u00a0 gouverneur\u00a0 de\u00a0 Jendouba,\u00a0 s\u2019est\u00a0\u00a0 tenue\u00a0\u00a0 ce\u00a0 mardi 24 novembre 2020 \u00e0 10 h du matin, au si\u00e8ge du gouvernorat, la c\u00e9r\u00e9monie de signature du contrat de financement du projet collaboratif de d\u00e9veloppement \u00e9conomique durable entre l\u2019ODNO\/l\u2019ODS et l\u2019ODESYPANO, et ce dans le cadre de la mise en \u0153uvre du Programme Initiative r\u00e9gionale d\u2019appui au d\u00e9veloppement \u00e9conomique durable \u00ab IRADA \u00bb<\/strong><\/p>\n\n\n\n<!--more-->\n\n\n\n<p>Ce projet collaboratif vise \u00e0 contribuer au d\u00e9veloppement des fili\u00e8res \u00e9conomiques identifi\u00e9es par la r\u00e9gion de Jendouba, \u00e0 savoir la fili\u00e8re de l\u2019apiculture.<\/p>\n\n\n\n<p>Une subvention de plus de 1,5 million de Dinars financ\u00e9e par l\u2019Union europ\u00e9enne a \u00e9t\u00e9 accord\u00e9e pour la mise en \u0153uvre du projet collaboratif \u00ab Cr\u00e9ation d\u2019un p\u00f4le de d\u00e9veloppement et de promotion de la fili\u00e8re apicole dans le gouvernorat de Jendouba \u00bb visant \u00e0 :<\/p>\n\n\n\n<ul class=\"wp-block-list\"><li>Structurer la fili\u00e8re apicole et regrouper les acteurs autour d\u2019une organisation professionnelle fonctionnelle (Cluster, groupement d\u2019int\u00e9r\u00eat \u00e9conomique\u2026),<\/li><li>Appuyer le d\u00e9veloppement et l\u2019am\u00e9lioration de la qualit\u00e9 des productions apicoles,<\/li><li>Appuyer la professionnalisation et le d\u00e9veloppement des capacit\u00e9s des acteurs cl\u00e9s de la fili\u00e8re,<\/li><li>Mettre en valeur les produits apicoles de Jendouba et assoir une strat\u00e9gie marketing et des circuits commerciaux performants.<\/li><\/ul>\n\n\n\n<p>La plateforme de dialogue public-priv\u00e9 (PDPP), initi\u00e9e par le programme IRADA dans la r\u00e9gion, a identifi\u00e9 ce domaine d\u2019intervention comme prioritaire bas\u00e9 sur une approche Bottom-Up. Des \u00e9tudes de cartographie et de diagnostic ont \u00e9t\u00e9 effectu\u00e9es, des plans strat\u00e9giques de d\u00e9veloppement ont \u00e9t\u00e9 identifi\u00e9s et valid\u00e9s par les diff\u00e9rents acteurs \u00e9conomiques concern\u00e9s qui se sont organis\u00e9s dans des groupes th\u00e9matiques d\u00e9di\u00e9s.<\/p>\n\n\n\n<p>Le choix s\u2019est port\u00e9 sur ce projet collaboratif, inscrit dans l\u2019objectif de contribuer \u00e0 l\u2019am\u00e9lioration du secteur priv\u00e9 et de l\u2019employabilit\u00e9 \u00e0 travers le d\u00e9veloppement de la fili\u00e8re apicole, bas\u00e9 sur la structuration, la valorisation des produits de la ruche et la cr\u00e9ation de valeur ajout\u00e9e tout en tenant compte des bonnes pratiques.<\/p>\n\n\n\n<figure class=\"wp-block-gallery columns-1 is-cropped wp-block-gallery-1 is-layout-flex wp-block-gallery-is-layout-flex\"><ul class=\"blocks-gallery-grid\"><li class=\"blocks-gallery-item\"><figure><img decoding=\"async\" src=\"http:\/\/kapitalis.com\/tunisie\/wp-content\/uploads\/2020\/11\/irada-1.jpg\" alt=\"\" data-id=\"325719\" data-link=\"http:\/\/kapitalis.com\/tunisie\/?attachment_id=325719\" class=\"wp-image-325719\"\/><\/figure><\/li><\/ul><\/figure>\n\n\n\n<figure class=\"wp-block-gallery columns-1 is-cropped wp-block-gallery-2 is-layout-flex wp-block-gallery-is-layout-flex\"><ul class=\"blocks-gallery-grid\"><li class=\"blocks-gallery-item\"><figure><img decoding=\"async\" src=\"http:\/\/kapitalis.com\/tunisie\/wp-content\/uploads\/2020\/11\/irada-2-1-1024x480.jpg\" alt=\"\" data-id=\"325721\" data-link=\"http:\/\/kapitalis.com\/tunisie\/?attachment_id=325721\" class=\"wp-image-325721\"\/><\/figure><\/li><\/ul><\/figure>\n\n\n\n<figure class=\"wp-block-gallery columns-1 is-cropped wp-block-gallery-3 is-layout-flex wp-block-gallery-is-layout-flex\"><ul class=\"blocks-gallery-grid\"><li class=\"blocks-gallery-item\"><figure><img decoding=\"async\" src=\"http:\/\/kapitalis.com\/tunisie\/wp-content\/uploads\/2020\/11\/irada-3-1-1024x481.jpg\" alt=\"\" data-id=\"325723\" data-full-url=\"http:\/\/kapitalis.com\/tunisie\/wp-content\/uploads\/2020\/11\/irada-3-1.jpg\" data-link=\"http:\/\/kapitalis.com\/tunisie\/?attachment_id=325723\" class=\"wp-image-325723\"\/><\/figure><\/li><\/ul><\/figure>\n","protected":false},"excerpt":{"rendered":"<p>Sous\u00a0 la\u00a0 pr\u00e9sidence\u00a0 de\u00a0 Mr\u00a0 Ali\u00a0 Marmouri,\u00a0 gouverneur\u00a0 de\u00a0 Jendouba,\u00a0 s\u2019est\u00a0\u00a0 tenue\u00a0\u00a0 ce\u00a0 mardi 24 novembre 2020 \u00e0 10 h du matin, au si\u00e8ge du gouvernorat, la c\u00e9r\u00e9monie de signature du contrat de financement du projet collaboratif de d\u00e9veloppement \u00e9conomique durable entre l\u2019ODNO\/l\u2019ODS et l\u2019ODESYPANO, et ce dans le cadre de la mise en \u0153uvre&#8230;<\/p>\n","protected":false},"author":29,"featured_media":325714,"comment_status":"open","ping_status":"open","sticky":false,"template":"","format":"standard","meta":{"footnotes":""},"categories":[995,998,2433],"tags":[],"class_list":["post-325713","post","type-post","status-publish","format-standard","has-post-thumbnail","hentry","category-economie","category-societe","category-tunisie"],"yoast_head":"<!-- This site is optimized with the Yoast SEO plugin v26.6 - https:\/\/yoast.com\/wordpress\/plugins\/seo\/ -->\n<title>Signature du contrat de subvention pour le financement d\u2019un projet collaboratif \u00e0 Jendouba dans le cadre du Programme Initiative r\u00e9gionale d\u2019appui au d\u00e9veloppement \u00e9conomique durable \u00ab IRADA \u00bb - Kapitalis<\/title>\n<meta name=\"robots\" content=\"index, follow, max-snippet:-1, max-image-preview:large, max-video-preview:-1\" \/>\n<link rel=\"canonical\" href=\"https:\/\/kapitalis.com\/tunisie\/2020\/11\/25\/signature-du-contrat-de-subvention-pour-le-financement-dun-projet-collaboratif-a-jendouba-dans-le-cadre-du-programme-initiative-regionale-dappui-au-developpement-economique-durable\/\" \/>\n<meta property=\"og:locale\" content=\"fr_FR\" \/>\n<meta property=\"og:type\" content=\"article\" \/>\n<meta property=\"og:title\" content=\"Signature du contrat de subvention pour le financement d\u2019un projet collaboratif \u00e0 Jendouba dans le cadre du Programme Initiative r\u00e9gionale d\u2019appui au d\u00e9veloppement \u00e9conomique durable \u00ab IRADA \u00bb - Kapitalis\" \/>\n<meta property=\"og:description\" content=\"Sous\u00a0 la\u00a0 pr\u00e9sidence\u00a0 de\u00a0 Mr\u00a0 Ali\u00a0 Marmouri,\u00a0 gouverneur\u00a0 de\u00a0 Jendouba,\u00a0 s\u2019est\u00a0\u00a0 tenue\u00a0\u00a0 ce\u00a0 mardi 24 novembre 2020 \u00e0 10 h du matin, au si\u00e8ge du gouvernorat, la c\u00e9r\u00e9monie de signature du contrat de financement du projet collaboratif de d\u00e9veloppement \u00e9conomique durable entre l\u2019ODNO\/l\u2019ODS et l\u2019ODESYPANO, et ce dans le cadre de la mise en \u0153uvre...\" \/>\n<meta property=\"og:url\" content=\"https:\/\/kapitalis.com\/tunisie\/2020\/11\/25\/signature-du-contrat-de-subvention-pour-le-financement-dun-projet-collaboratif-a-jendouba-dans-le-cadre-du-programme-initiative-regionale-dappui-au-developpement-economique-durable\/\" \/>\n<meta property=\"og:site_name\" content=\"Kapitalis\" \/>\n<meta property=\"article:publisher\" content=\"https:\/\/www.facebook.com\/KapitalisInfo\/\" \/>\n<meta property=\"article:published_time\" content=\"2020-11-25T16:17:06+00:00\" \/>\n<meta property=\"article:modified_time\" content=\"2020-11-25T16:17:09+00:00\" \/>\n<meta property=\"og:image\" content=\"https:\/\/kapitalis.com\/tunisie\/wp-content\/uploads\/2022\/05\/kapitalis-logo-fb.png\" \/>\n\t<meta property=\"og:image:width\" content=\"1200\" \/>\n\t<meta property=\"og:image:height\" content=\"630\" \/>\n\t<meta property=\"og:image:type\" content=\"image\/png\" \/>\n<meta name=\"author\" content=\"Aicha Gharbi\" \/>\n<meta name=\"twitter:card\" content=\"summary_large_image\" \/>\n<meta name=\"twitter:creator\" content=\"@KapitalisInfo\" \/>\n<meta name=\"twitter:site\" content=\"@KapitalisInfo\" \/>\n<meta name=\"twitter:label1\" content=\"\u00c9crit par\" \/>\n\t<meta name=\"twitter:data1\" content=\"Aicha Gharbi\" \/>\n\t<meta name=\"twitter:label2\" content=\"Dur\u00e9e de lecture estim\u00e9e\" \/>\n\t<meta name=\"twitter:data2\" content=\"2 minutes\" \/>\n<script type=\"application\/ld+json\" class=\"yoast-schema-graph\">{\"@context\":\"https:\/\/schema.org\",\"@graph\":[{\"@type\":\"Article\",\"@id\":\"https:\/\/kapitalis.com\/tunisie\/2020\/11\/25\/signature-du-contrat-de-subvention-pour-le-financement-dun-projet-collaboratif-a-jendouba-dans-le-cadre-du-programme-initiative-regionale-dappui-au-developpement-economique-durable\/#article\",\"isPartOf\":{\"@id\":\"https:\/\/kapitalis.com\/tunisie\/2020\/11\/25\/signature-du-contrat-de-subvention-pour-le-financement-dun-projet-collaboratif-a-jendouba-dans-le-cadre-du-programme-initiative-regionale-dappui-au-developpement-economique-durable\/\"},\"author\":{\"name\":\"Aicha Gharbi\",\"@id\":\"https:\/\/kapitalis.com\/tunisie\/#\/schema\/person\/94ab1d1d5adae1aa5868e9aea09ff9a7\"},\"headline\":\"Signature du contrat de subvention pour le financement d\u2019un projet collaboratif \u00e0 Jendouba dans le cadre du Programme Initiative r\u00e9gionale d\u2019appui au d\u00e9veloppement \u00e9conomique durable \u00ab IRADA \u00bb\",\"datePublished\":\"2020-11-25T16:17:06+00:00\",\"dateModified\":\"2020-11-25T16:17:09+00:00\",\"mainEntityOfPage\":{\"@id\":\"https:\/\/kapitalis.com\/tunisie\/2020\/11\/25\/signature-du-contrat-de-subvention-pour-le-financement-dun-projet-collaboratif-a-jendouba-dans-le-cadre-du-programme-initiative-regionale-dappui-au-developpement-economique-durable\/\"},\"wordCount\":388,\"commentCount\":0,\"publisher\":{\"@id\":\"https:\/\/kapitalis.com\/tunisie\/#organization\"},\"image\":{\"@id\":\"https:\/\/kapitalis.com\/tunisie\/2020\/11\/25\/signature-du-contrat-de-subvention-pour-le-financement-dun-projet-collaboratif-a-jendouba-dans-le-cadre-du-programme-initiative-regionale-dappui-au-developpement-economique-durable\/#primaryimage\"},\"thumbnailUrl\":\"\",\"articleSection\":[\"ECONOMIE\",\"SOCIETE\",\"Tunisie\"],\"inLanguage\":\"fr-FR\",\"potentialAction\":[{\"@type\":\"CommentAction\",\"name\":\"Comment\",\"target\":[\"https:\/\/kapitalis.com\/tunisie\/2020\/11\/25\/signature-du-contrat-de-subvention-pour-le-financement-dun-projet-collaboratif-a-jendouba-dans-le-cadre-du-programme-initiative-regionale-dappui-au-developpement-economique-durable\/#respond\"]}]},{\"@type\":\"WebPage\",\"@id\":\"https:\/\/kapitalis.com\/tunisie\/2020\/11\/25\/signature-du-contrat-de-subvention-pour-le-financement-dun-projet-collaboratif-a-jendouba-dans-le-cadre-du-programme-initiative-regionale-dappui-au-developpement-economique-durable\/\",\"url\":\"https:\/\/kapitalis.com\/tunisie\/2020\/11\/25\/signature-du-contrat-de-subvention-pour-le-financement-dun-projet-collaboratif-a-jendouba-dans-le-cadre-du-programme-initiative-regionale-dappui-au-developpement-economique-durable\/\",\"name\":\"Signature du contrat de subvention pour le financement d\u2019un projet collaboratif \u00e0 Jendouba dans le cadre du Programme Initiative r\u00e9gionale d\u2019appui au d\u00e9veloppement \u00e9conomique durable \u00ab IRADA \u00bb - Kapitalis\",\"isPartOf\":{\"@id\":\"https:\/\/kapitalis.com\/tunisie\/#website\"},\"primaryImageOfPage\":{\"@id\":\"https:\/\/kapitalis.com\/tunisie\/2020\/11\/25\/signature-du-contrat-de-subvention-pour-le-financement-dun-projet-collaboratif-a-jendouba-dans-le-cadre-du-programme-initiative-regionale-dappui-au-developpement-economique-durable\/#primaryimage\"},\"image\":{\"@id\":\"https:\/\/kapitalis.com\/tunisie\/2020\/11\/25\/signature-du-contrat-de-subvention-pour-le-financement-dun-projet-collaboratif-a-jendouba-dans-le-cadre-du-programme-initiative-regionale-dappui-au-developpement-economique-durable\/#primaryimage\"},\"thumbnailUrl\":\"\",\"datePublished\":\"2020-11-25T16:17:06+00:00\",\"dateModified\":\"2020-11-25T16:17:09+00:00\",\"breadcrumb\":{\"@id\":\"https:\/\/kapitalis.com\/tunisie\/2020\/11\/25\/signature-du-contrat-de-subvention-pour-le-financement-dun-projet-collaboratif-a-jendouba-dans-le-cadre-du-programme-initiative-regionale-dappui-au-developpement-economique-durable\/#breadcrumb\"},\"inLanguage\":\"fr-FR\",\"potentialAction\":[{\"@type\":\"ReadAction\",\"target\":[\"https:\/\/kapitalis.com\/tunisie\/2020\/11\/25\/signature-du-contrat-de-subvention-pour-le-financement-dun-projet-collaboratif-a-jendouba-dans-le-cadre-du-programme-initiative-regionale-dappui-au-developpement-economique-durable\/\"]}]},{\"@type\":\"ImageObject\",\"inLanguage\":\"fr-FR\",\"@id\":\"https:\/\/kapitalis.com\/tunisie\/2020\/11\/25\/signature-du-contrat-de-subvention-pour-le-financement-dun-projet-collaboratif-a-jendouba-dans-le-cadre-du-programme-initiative-regionale-dappui-au-developpement-economique-durable\/#primaryimage\",\"url\":\"\",\"contentUrl\":\"\"},{\"@type\":\"BreadcrumbList\",\"@id\":\"https:\/\/kapitalis.com\/tunisie\/2020\/11\/25\/signature-du-contrat-de-subvention-pour-le-financement-dun-projet-collaboratif-a-jendouba-dans-le-cadre-du-programme-initiative-regionale-dappui-au-developpement-economique-durable\/#breadcrumb\",\"itemListElement\":[{\"@type\":\"ListItem\",\"position\":1,\"name\":\"Accueil\",\"item\":\"https:\/\/kapitalis.com\/tunisie\/\"},{\"@type\":\"ListItem\",\"position\":2,\"name\":\"Signature du contrat de subvention pour le financement d\u2019un projet collaboratif \u00e0 Jendouba dans le cadre du Programme Initiative r\u00e9gionale d\u2019appui au d\u00e9veloppement \u00e9conomique durable \u00ab IRADA \u00bb\"}]},{\"@type\":\"WebSite\",\"@id\":\"https:\/\/kapitalis.com\/tunisie\/#website\",\"url\":\"https:\/\/kapitalis.com\/tunisie\/\",\"name\":\"Kapitalis\",\"description\":\"L&#039;actualit\u00e9 en Tunisie et dans le monde\",\"publisher\":{\"@id\":\"https:\/\/kapitalis.com\/tunisie\/#organization\"},\"potentialAction\":[{\"@type\":\"SearchAction\",\"target\":{\"@type\":\"EntryPoint\",\"urlTemplate\":\"https:\/\/kapitalis.com\/tunisie\/?s={search_term_string}\"},\"query-input\":{\"@type\":\"PropertyValueSpecification\",\"valueRequired\":true,\"valueName\":\"search_term_string\"}}],\"inLanguage\":\"fr-FR\"},{\"@type\":\"Organization\",\"@id\":\"https:\/\/kapitalis.com\/tunisie\/#organization\",\"name\":\"Kapitalis\",\"url\":\"https:\/\/kapitalis.com\/tunisie\/\",\"logo\":{\"@type\":\"ImageObject\",\"inLanguage\":\"fr-FR\",\"@id\":\"https:\/\/kapitalis.com\/tunisie\/#\/schema\/logo\/image\/\",\"url\":\"https:\/\/kapitalis.com\/tunisie\/wp-content\/uploads\/2022\/05\/Kapitalis-big-size.png\",\"contentUrl\":\"https:\/\/kapitalis.com\/tunisie\/wp-content\/uploads\/2022\/05\/Kapitalis-big-size.png\",\"width\":5000,\"height\":1500,\"caption\":\"Kapitalis\"},\"image\":{\"@id\":\"https:\/\/kapitalis.com\/tunisie\/#\/schema\/logo\/image\/\"},\"sameAs\":[\"https:\/\/www.facebook.com\/KapitalisInfo\/\",\"https:\/\/x.com\/KapitalisInfo\",\"https:\/\/www.youtube.com\/channel\/UC-yDYrHyfFBWWZaOw3FPg9Q\"]},{\"@type\":\"Person\",\"@id\":\"https:\/\/kapitalis.com\/tunisie\/#\/schema\/person\/94ab1d1d5adae1aa5868e9aea09ff9a7\",\"name\":\"Aicha Gharbi\",\"url\":\"https:\/\/kapitalis.com\/tunisie\/author\/aicha\/\"}]}<\/script>\n<!-- \/ Yoast SEO plugin. -->","yoast_head_json":{"title":"Signature du contrat de subvention pour le financement d\u2019un projet collaboratif \u00e0 Jendouba dans le cadre du Programme Initiative r\u00e9gionale d\u2019appui au d\u00e9veloppement \u00e9conomique durable \u00ab IRADA \u00bb - Kapitalis","robots":{"index":"index","follow":"follow","max-snippet":"max-snippet:-1","max-image-preview":"max-image-preview:large","max-video-preview":"max-video-preview:-1"},"canonical":"https:\/\/kapitalis.com\/tunisie\/2020\/11\/25\/signature-du-contrat-de-subvention-pour-le-financement-dun-projet-collaboratif-a-jendouba-dans-le-cadre-du-programme-initiative-regionale-dappui-au-developpement-economique-durable\/","og_locale":"fr_FR","og_type":"article","og_title":"Signature du contrat de subvention pour le financement d\u2019un projet collaboratif \u00e0 Jendouba dans le cadre du Programme Initiative r\u00e9gionale d\u2019appui au d\u00e9veloppement \u00e9conomique durable \u00ab IRADA \u00bb - Kapitalis","og_description":"Sous\u00a0 la\u00a0 pr\u00e9sidence\u00a0 de\u00a0 Mr\u00a0 Ali\u00a0 Marmouri,\u00a0 gouverneur\u00a0 de\u00a0 Jendouba,\u00a0 s\u2019est\u00a0\u00a0 tenue\u00a0\u00a0 ce\u00a0 mardi 24 novembre 2020 \u00e0 10 h du matin, au si\u00e8ge du gouvernorat, la c\u00e9r\u00e9monie de signature du contrat de financement du projet collaboratif de d\u00e9veloppement \u00e9conomique durable entre l\u2019ODNO\/l\u2019ODS et l\u2019ODESYPANO, et ce dans le cadre de la mise en \u0153uvre...","og_url":"https:\/\/kapitalis.com\/tunisie\/2020\/11\/25\/signature-du-contrat-de-subvention-pour-le-financement-dun-projet-collaboratif-a-jendouba-dans-le-cadre-du-programme-initiative-regionale-dappui-au-developpement-economique-durable\/","og_site_name":"Kapitalis","article_publisher":"https:\/\/www.facebook.com\/KapitalisInfo\/","article_published_time":"2020-11-25T16:17:06+00:00","article_modified_time":"2020-11-25T16:17:09+00:00","og_image":[{"width":1200,"height":630,"url":"https:\/\/kapitalis.com\/tunisie\/wp-content\/uploads\/2022\/05\/kapitalis-logo-fb.png","type":"image\/png"}],"author":"Aicha Gharbi","twitter_card":"summary_large_image","twitter_creator":"@KapitalisInfo","twitter_site":"@KapitalisInfo","twitter_misc":{"\u00c9crit par":"Aicha Gharbi","Dur\u00e9e de lecture estim\u00e9e":"2 minutes"},"schema":{"@context":"https:\/\/schema.org","@graph":[{"@type":"Article","@id":"https:\/\/kapitalis.com\/tunisie\/2020\/11\/25\/signature-du-contrat-de-subvention-pour-le-financement-dun-projet-collaboratif-a-jendouba-dans-le-cadre-du-programme-initiative-regionale-dappui-au-developpement-economique-durable\/#article","isPartOf":{"@id":"https:\/\/kapitalis.com\/tunisie\/2020\/11\/25\/signature-du-contrat-de-subvention-pour-le-financement-dun-projet-collaboratif-a-jendouba-dans-le-cadre-du-programme-initiative-regionale-dappui-au-developpement-economique-durable\/"},"author":{"name":"Aicha Gharbi","@id":"https:\/\/kapitalis.com\/tunisie\/#\/schema\/person\/94ab1d1d5adae1aa5868e9aea09ff9a7"},"headline":"Signature du contrat de subvention pour le financement d\u2019un projet collaboratif \u00e0 Jendouba dans le cadre du Programme Initiative r\u00e9gionale d\u2019appui au d\u00e9veloppement \u00e9conomique durable \u00ab IRADA \u00bb","datePublished":"2020-11-25T16:17:06+00:00","dateModified":"2020-11-25T16:17:09+00:00","mainEntityOfPage":{"@id":"https:\/\/kapitalis.com\/tunisie\/2020\/11\/25\/signature-du-contrat-de-subvention-pour-le-financement-dun-projet-collaboratif-a-jendouba-dans-le-cadre-du-programme-initiative-regionale-dappui-au-developpement-economique-durable\/"},"wordCount":388,"commentCount":0,"publisher":{"@id":"https:\/\/kapitalis.com\/tunisie\/#organization"},"image":{"@id":"https:\/\/kapitalis.com\/tunisie\/2020\/11\/25\/signature-du-contrat-de-subvention-pour-le-financement-dun-projet-collaboratif-a-jendouba-dans-le-cadre-du-programme-initiative-regionale-dappui-au-developpement-economique-durable\/#primaryimage"},"thumbnailUrl":"","articleSection":["ECONOMIE","SOCIETE","Tunisie"],"inLanguage":"fr-FR","potentialAction":[{"@type":"CommentAction","name":"Comment","target":["https:\/\/kapitalis.com\/tunisie\/2020\/11\/25\/signature-du-contrat-de-subvention-pour-le-financement-dun-projet-collaboratif-a-jendouba-dans-le-cadre-du-programme-initiative-regionale-dappui-au-developpement-economique-durable\/#respond"]}]},{"@type":"WebPage","@id":"https:\/\/kapitalis.com\/tunisie\/2020\/11\/25\/signature-du-contrat-de-subvention-pour-le-financement-dun-projet-collaboratif-a-jendouba-dans-le-cadre-du-programme-initiative-regionale-dappui-au-developpement-economique-durable\/","url":"https:\/\/kapitalis.com\/tunisie\/2020\/11\/25\/signature-du-contrat-de-subvention-pour-le-financement-dun-projet-collaboratif-a-jendouba-dans-le-cadre-du-programme-initiative-regionale-dappui-au-developpement-economique-durable\/","name":"Signature du contrat de subvention pour le financement d\u2019un projet collaboratif \u00e0 Jendouba dans le cadre du Programme Initiative r\u00e9gionale d\u2019appui au d\u00e9veloppement \u00e9conomique durable \u00ab IRADA \u00bb - Kapitalis","isPartOf":{"@id":"https:\/\/kapitalis.com\/tunisie\/#website"},"primaryImageOfPage":{"@id":"https:\/\/kapitalis.com\/tunisie\/2020\/11\/25\/signature-du-contrat-de-subvention-pour-le-financement-dun-projet-collaboratif-a-jendouba-dans-le-cadre-du-programme-initiative-regionale-dappui-au-developpement-economique-durable\/#primaryimage"},"image":{"@id":"https:\/\/kapitalis.com\/tunisie\/2020\/11\/25\/signature-du-contrat-de-subvention-pour-le-financement-dun-projet-collaboratif-a-jendouba-dans-le-cadre-du-programme-initiative-regionale-dappui-au-developpement-economique-durable\/#primaryimage"},"thumbnailUrl":"","datePublished":"2020-11-25T16:17:06+00:00","dateModified":"2020-11-25T16:17:09+00:00","breadcrumb":{"@id":"https:\/\/kapitalis.com\/tunisie\/2020\/11\/25\/signature-du-contrat-de-subvention-pour-le-financement-dun-projet-collaboratif-a-jendouba-dans-le-cadre-du-programme-initiative-regionale-dappui-au-developpement-economique-durable\/#breadcrumb"},"inLanguage":"fr-FR","potentialAction":[{"@type":"ReadAction","target":["https:\/\/kapitalis.com\/tunisie\/2020\/11\/25\/signature-du-contrat-de-subvention-pour-le-financement-dun-projet-collaboratif-a-jendouba-dans-le-cadre-du-programme-initiative-regionale-dappui-au-developpement-economique-durable\/"]}]},{"@type":"ImageObject","inLanguage":"fr-FR","@id":"https:\/\/kapitalis.com\/tunisie\/2020\/11\/25\/signature-du-contrat-de-subvention-pour-le-financement-dun-projet-collaboratif-a-jendouba-dans-le-cadre-du-programme-initiative-regionale-dappui-au-developpement-economique-durable\/#primaryimage","url":"","contentUrl":""},{"@type":"BreadcrumbList","@id":"https:\/\/kapitalis.com\/tunisie\/2020\/11\/25\/signature-du-contrat-de-subvention-pour-le-financement-dun-projet-collaboratif-a-jendouba-dans-le-cadre-du-programme-initiative-regionale-dappui-au-developpement-economique-durable\/#breadcrumb","itemListElement":[{"@type":"ListItem","position":1,"name":"Accueil","item":"https:\/\/kapitalis.com\/tunisie\/"},{"@type":"ListItem","position":2,"name":"Signature du contrat de subvention pour le financement d\u2019un projet collaboratif \u00e0 Jendouba dans le cadre du Programme Initiative r\u00e9gionale d\u2019appui au d\u00e9veloppement \u00e9conomique durable \u00ab IRADA \u00bb"}]},{"@type":"WebSite","@id":"https:\/\/kapitalis.com\/tunisie\/#website","url":"https:\/\/kapitalis.com\/tunisie\/","name":"Kapitalis","description":"L&#039;actualit\u00e9 en Tunisie et dans le monde","publisher":{"@id":"https:\/\/kapitalis.com\/tunisie\/#organization"},"potentialAction":[{"@type":"SearchAction","target":{"@type":"EntryPoint","urlTemplate":"https:\/\/kapitalis.com\/tunisie\/?s={search_term_string}"},"query-input":{"@type":"PropertyValueSpecification","valueRequired":true,"valueName":"search_term_string"}}],"inLanguage":"fr-FR"},{"@type":"Organization","@id":"https:\/\/kapitalis.com\/tunisie\/#organization","name":"Kapitalis","url":"https:\/\/kapitalis.com\/tunisie\/","logo":{"@type":"ImageObject","inLanguage":"fr-FR","@id":"https:\/\/kapitalis.com\/tunisie\/#\/schema\/logo\/image\/","url":"https:\/\/kapitalis.com\/tunisie\/wp-content\/uploads\/2022\/05\/Kapitalis-big-size.png","contentUrl":"https:\/\/kapitalis.com\/tunisie\/wp-content\/uploads\/2022\/05\/Kapitalis-big-size.png","width":5000,"height":1500,"caption":"Kapitalis"},"image":{"@id":"https:\/\/kapitalis.com\/tunisie\/#\/schema\/logo\/image\/"},"sameAs":["https:\/\/www.facebook.com\/KapitalisInfo\/","https:\/\/x.com\/KapitalisInfo","https:\/\/www.youtube.com\/channel\/UC-yDYrHyfFBWWZaOw3FPg9Q"]},{"@type":"Person","@id":"https:\/\/kapitalis.com\/tunisie\/#\/schema\/person\/94ab1d1d5adae1aa5868e9aea09ff9a7","name":"Aicha Gharbi","url":"https:\/\/kapitalis.com\/tunisie\/author\/aicha\/"}]}},"_links":{"self":[{"href":"https:\/\/kapitalis.com\/tunisie\/wp-json\/wp\/v2\/posts\/325713","targetHints":{"allow":["GET"]}}],"collection":[{"href":"https:\/\/kapitalis.com\/tunisie\/wp-json\/wp\/v2\/posts"}],"about":[{"href":"https:\/\/kapitalis.com\/tunisie\/wp-json\/wp\/v2\/types\/post"}],"author":[{"embeddable":true,"href":"https:\/\/kapitalis.com\/tunisie\/wp-json\/wp\/v2\/users\/29"}],"replies":[{"embeddable":true,"href":"https:\/\/kapitalis.com\/tunisie\/wp-json\/wp\/v2\/comments?post=325713"}],"version-history":[{"count":0,"href":"https:\/\/kapitalis.com\/tunisie\/wp-json\/wp\/v2\/posts\/325713\/revisions"}],"wp:featuredmedia":[{"embeddable":true,"href":"https:\/\/kapitalis.com\/tunisie\/wp-json\/wp\/v2\/media\/325714"}],"wp:attachment":[{"href":"https:\/\/kapitalis.com\/tunisie\/wp-json\/wp\/v2\/media?parent=325713"}],"wp:term":[{"taxonomy":"category","embeddable":true,"href":"https:\/\/kapitalis.com\/tunisie\/wp-json\/wp\/v2\/categories?post=325713"},{"taxonomy":"post_tag","embeddable":true,"href":"https:\/\/kapitalis.com\/tunisie\/wp-json\/wp\/v2\/tags?post=325713"}],"curies":[{"name":"wp","href":"https:\/\/api.w.org\/{rel}","templated":true}]}}