{"id":326173,"date":"2020-11-30T14:18:47","date_gmt":"2020-11-30T13:18:47","guid":{"rendered":"http:\/\/kapitalis.com\/tunisie\/?p=326173"},"modified":"2020-11-30T14:26:11","modified_gmt":"2020-11-30T13:26:11","slug":"covid-19-la-tunisie-a-commande-5-millions-de-doses-de-vaccin-affirme-le-ministre-de-la-sante","status":"publish","type":"post","link":"https:\/\/kapitalis.com\/tunisie\/2020\/11\/30\/covid-19-la-tunisie-a-commande-5-millions-de-doses-de-vaccin-affirme-le-ministre-de-la-sante\/","title":{"rendered":"Covid-19 : La Tunisie a command\u00e9 5 millions de doses de vaccin, affirme le ministre de la Sant\u00e9"},"content":{"rendered":"\n<figure class=\"wp-block-image size-large\"><img decoding=\"async\" src=\"http:\/\/kapitalis.com\/tunisie\/wp-content\/uploads\/2020\/11\/Tunisie-vaccin.jpg\" alt=\"\" class=\"wp-image-326179\"\/><\/figure>\n\n\n\n<p><strong><em>Le ministre de la Sant\u00e9, Faouzi Mehdi, a indiqu\u00e9 aujourd&rsquo;hui, lundi 30 novembre 2020, que la Tunisie a adress\u00e9 des demandes pour l\u2019acquisition de 5 millions de doses du vaccin contre le coronavirus.<\/em><\/strong><\/p>\n\n\n\n<!--more-->\n\n\n\n<p>C&rsquo;est ce qu&rsquo;il a d\u00e9clar\u00e9 \u00e0 l&rsquo;agence Tap, en marge du lancement de la campagne nationale de vaccination contre l\u2019h\u00e9patite A, au Centre de protection de la m\u00e8re et de l\u2019enfant \u00e0 cit\u00e9 Ezzouhour, en ajoutant que la Tunisie esp\u00e8re couvrir ses besoins en vaccin, sachant que le pic de la pand\u00e9mie sera atteint \u00e0 la fin du mois de d\u00e9cembre, si l&rsquo;on continue \u00e0 respecter les mesures pr\u00e9ventives et fin janvier voire d\u00e9but f\u00e9vrier, si les protocoles sanitaires ne sont pas respect\u00e9s.<\/p>\n\n\n\n<p>Rappelons que Hechmi Louzir, directeur de l\u2019Institut Pasteur de Tunis, avait affirm\u00e9 pour sa part, la semaine derni\u00e8re, lors d&rsquo;un point de presse organis\u00e9 par le minist\u00e8re de la Sant\u00e9, que la Tunisie vise la vaccination de 20% des citoyens, sachant que la priorit\u00e9 sera donn\u00e9e aux personnes \u00e2g\u00e9es et vuln\u00e9rables, ceux qui sont en premi\u00e8re ligne, notamment le personnel de la sant\u00e9 et des secteurs vitaux,  les forces s\u00e9curitaires et arm\u00e9es.<\/p>\n\n\n\n<p>Rappelons que depuis l&rsquo;apparition de la pand\u00e9mie en Tunisie, en mars dernier, 96.251 cas positifs ont \u00e9t\u00e9 d\u00e9pist\u00e9s (sur 458.743 tests), sachant que 3.219 personnes ont succomb\u00e9 au coronavirus, et 69.624 autre ont pu en gu\u00e9rir.<\/p>\n\n\n\n<p class=\"has-text-align-right\"><strong>Y. N.<\/strong><\/p>\n\n\n\n<figure class=\"wp-block-embed-wordpress wp-block-embed is-type-wp-embed is-provider-kapitalis\"><div class=\"wp-block-embed__wrapper\">\n<blockquote class=\"wp-embedded-content\" data-secret=\"v0tYCDKvEA\"><a href=\"https:\/\/kapitalis.com\/tunisie\/2020\/11\/25\/coronavirus-tunisie-le-pic-de-la-2e-vague-de-lepidemie-attendu-fin-decembre-et-une-3e-vague-envisagee-video\/\">Coronavirus-Tunisie : Le pic de la 2e vague de l&rsquo;\u00e9pid\u00e9mie attendu fin d\u00e9cembre, et une 3e vague envisag\u00e9e (Vid\u00e9o)<\/a><\/blockquote><iframe loading=\"lazy\" class=\"wp-embedded-content\" sandbox=\"allow-scripts\" security=\"restricted\" style=\"position: absolute; clip: rect(1px, 1px, 1px, 1px);\" title=\"\u00ab\u00a0Coronavirus-Tunisie : Le pic de la 2e vague de l&rsquo;\u00e9pid\u00e9mie attendu fin d\u00e9cembre, et une 3e vague envisag\u00e9e (Vid\u00e9o)\u00a0\u00bb &#8212; Kapitalis\" src=\"https:\/\/kapitalis.com\/tunisie\/2020\/11\/25\/coronavirus-tunisie-le-pic-de-la-2e-vague-de-lepidemie-attendu-fin-decembre-et-une-3e-vague-envisagee-video\/embed\/#?secret=6CIFJzKjxa#?secret=v0tYCDKvEA\" data-secret=\"v0tYCDKvEA\" width=\"600\" height=\"338\" frameborder=\"0\" marginwidth=\"0\" marginheight=\"0\" scrolling=\"no\"><\/iframe>\n<\/div><\/figure>\n","protected":false},"excerpt":{"rendered":"<p>Le ministre de la Sant\u00e9, Faouzi Mehdi, a indiqu\u00e9 aujourd&rsquo;hui, lundi 30 novembre 2020, que la Tunisie a adress\u00e9 des demandes pour l\u2019acquisition de 5 millions de doses du vaccin contre le coronavirus.<\/p>\n","protected":false},"author":6,"featured_media":326179,"comment_status":"open","ping_status":"open","sticky":false,"template":"","format":"standard","meta":{"footnotes":""},"categories":[998,2433],"tags":[73060,82120,810,62643,84690],"class_list":["post-326173","post","type-post","status-publish","format-standard","has-post-thumbnail","hentry","category-societe","category-tunisie","tag-coronavirus","tag-faouzi-mehdi","tag-sante","tag-tunisie","tag-vaccin-covid-19"],"yoast_head":"<!-- This site is optimized with the Yoast SEO plugin v26.6 - https:\/\/yoast.com\/wordpress\/plugins\/seo\/ -->\n<title>Covid-19 : La Tunisie a command\u00e9 5 millions de doses de vaccin, affirme le ministre de la Sant\u00e9 - Kapitalis<\/title>\n<meta name=\"robots\" content=\"index, follow, max-snippet:-1, max-image-preview:large, max-video-preview:-1\" \/>\n<link rel=\"canonical\" href=\"https:\/\/kapitalis.com\/tunisie\/2020\/11\/30\/covid-19-la-tunisie-a-commande-5-millions-de-doses-de-vaccin-affirme-le-ministre-de-la-sante\/\" \/>\n<meta property=\"og:locale\" content=\"fr_FR\" \/>\n<meta property=\"og:type\" content=\"article\" \/>\n<meta property=\"og:title\" content=\"Covid-19 : La Tunisie a command\u00e9 5 millions de doses de vaccin, affirme le ministre de la Sant\u00e9 - Kapitalis\" \/>\n<meta property=\"og:description\" content=\"Le ministre de la Sant\u00e9, Faouzi Mehdi, a indiqu\u00e9 aujourd&rsquo;hui, lundi 30 novembre 2020, que la Tunisie a adress\u00e9 des demandes pour l\u2019acquisition de 5 millions de doses du vaccin contre le coronavirus.\" \/>\n<meta property=\"og:url\" content=\"https:\/\/kapitalis.com\/tunisie\/2020\/11\/30\/covid-19-la-tunisie-a-commande-5-millions-de-doses-de-vaccin-affirme-le-ministre-de-la-sante\/\" \/>\n<meta property=\"og:site_name\" content=\"Kapitalis\" \/>\n<meta property=\"article:publisher\" content=\"https:\/\/www.facebook.com\/KapitalisInfo\/\" \/>\n<meta property=\"article:published_time\" content=\"2020-11-30T13:18:47+00:00\" \/>\n<meta property=\"article:modified_time\" content=\"2020-11-30T13:26:11+00:00\" \/>\n<meta property=\"og:image\" content=\"https:\/\/kapitalis.com\/tunisie\/wp-content\/uploads\/2022\/05\/kapitalis-logo-fb.png\" \/>\n\t<meta property=\"og:image:width\" content=\"1200\" \/>\n\t<meta property=\"og:image:height\" content=\"630\" \/>\n\t<meta property=\"og:image:type\" content=\"image\/png\" \/>\n<meta name=\"author\" content=\"Yusra NY\" \/>\n<meta name=\"twitter:card\" content=\"summary_large_image\" \/>\n<meta name=\"twitter:creator\" content=\"@KapitalisInfo\" \/>\n<meta name=\"twitter:site\" content=\"@KapitalisInfo\" \/>\n<meta name=\"twitter:label1\" content=\"\u00c9crit par\" \/>\n\t<meta name=\"twitter:data1\" content=\"Yusra NY\" \/>\n\t<meta name=\"twitter:label2\" content=\"Dur\u00e9e de lecture estim\u00e9e\" \/>\n\t<meta name=\"twitter:data2\" content=\"1 minute\" \/>\n<script type=\"application\/ld+json\" class=\"yoast-schema-graph\">{\"@context\":\"https:\/\/schema.org\",\"@graph\":[{\"@type\":\"Article\",\"@id\":\"https:\/\/kapitalis.com\/tunisie\/2020\/11\/30\/covid-19-la-tunisie-a-commande-5-millions-de-doses-de-vaccin-affirme-le-ministre-de-la-sante\/#article\",\"isPartOf\":{\"@id\":\"https:\/\/kapitalis.com\/tunisie\/2020\/11\/30\/covid-19-la-tunisie-a-commande-5-millions-de-doses-de-vaccin-affirme-le-ministre-de-la-sante\/\"},\"author\":{\"name\":\"Yusra NY\",\"@id\":\"https:\/\/kapitalis.com\/tunisie\/#\/schema\/person\/74bbde0154d49d790a92aaeac5bc01d5\"},\"headline\":\"Covid-19 : La Tunisie a command\u00e9 5 millions de doses de vaccin, affirme le ministre de la Sant\u00e9\",\"datePublished\":\"2020-11-30T13:18:47+00:00\",\"dateModified\":\"2020-11-30T13:26:11+00:00\",\"mainEntityOfPage\":{\"@id\":\"https:\/\/kapitalis.com\/tunisie\/2020\/11\/30\/covid-19-la-tunisie-a-commande-5-millions-de-doses-de-vaccin-affirme-le-ministre-de-la-sante\/\"},\"wordCount\":263,\"commentCount\":2,\"publisher\":{\"@id\":\"https:\/\/kapitalis.com\/tunisie\/#organization\"},\"image\":{\"@id\":\"https:\/\/kapitalis.com\/tunisie\/2020\/11\/30\/covid-19-la-tunisie-a-commande-5-millions-de-doses-de-vaccin-affirme-le-ministre-de-la-sante\/#primaryimage\"},\"thumbnailUrl\":\"\",\"keywords\":[\"Coronavirus\",\"Faouzi Mehdi\",\"Sant\u00e9\",\"Tunisie\",\"vaccin covid-19\"],\"articleSection\":[\"SOCIETE\",\"Tunisie\"],\"inLanguage\":\"fr-FR\",\"potentialAction\":[{\"@type\":\"CommentAction\",\"name\":\"Comment\",\"target\":[\"https:\/\/kapitalis.com\/tunisie\/2020\/11\/30\/covid-19-la-tunisie-a-commande-5-millions-de-doses-de-vaccin-affirme-le-ministre-de-la-sante\/#respond\"]}]},{\"@type\":\"WebPage\",\"@id\":\"https:\/\/kapitalis.com\/tunisie\/2020\/11\/30\/covid-19-la-tunisie-a-commande-5-millions-de-doses-de-vaccin-affirme-le-ministre-de-la-sante\/\",\"url\":\"https:\/\/kapitalis.com\/tunisie\/2020\/11\/30\/covid-19-la-tunisie-a-commande-5-millions-de-doses-de-vaccin-affirme-le-ministre-de-la-sante\/\",\"name\":\"Covid-19 : La Tunisie a command\u00e9 5 millions de doses de vaccin, affirme le ministre de la Sant\u00e9 - Kapitalis\",\"isPartOf\":{\"@id\":\"https:\/\/kapitalis.com\/tunisie\/#website\"},\"primaryImageOfPage\":{\"@id\":\"https:\/\/kapitalis.com\/tunisie\/2020\/11\/30\/covid-19-la-tunisie-a-commande-5-millions-de-doses-de-vaccin-affirme-le-ministre-de-la-sante\/#primaryimage\"},\"image\":{\"@id\":\"https:\/\/kapitalis.com\/tunisie\/2020\/11\/30\/covid-19-la-tunisie-a-commande-5-millions-de-doses-de-vaccin-affirme-le-ministre-de-la-sante\/#primaryimage\"},\"thumbnailUrl\":\"\",\"datePublished\":\"2020-11-30T13:18:47+00:00\",\"dateModified\":\"2020-11-30T13:26:11+00:00\",\"breadcrumb\":{\"@id\":\"https:\/\/kapitalis.com\/tunisie\/2020\/11\/30\/covid-19-la-tunisie-a-commande-5-millions-de-doses-de-vaccin-affirme-le-ministre-de-la-sante\/#breadcrumb\"},\"inLanguage\":\"fr-FR\",\"potentialAction\":[{\"@type\":\"ReadAction\",\"target\":[\"https:\/\/kapitalis.com\/tunisie\/2020\/11\/30\/covid-19-la-tunisie-a-commande-5-millions-de-doses-de-vaccin-affirme-le-ministre-de-la-sante\/\"]}]},{\"@type\":\"ImageObject\",\"inLanguage\":\"fr-FR\",\"@id\":\"https:\/\/kapitalis.com\/tunisie\/2020\/11\/30\/covid-19-la-tunisie-a-commande-5-millions-de-doses-de-vaccin-affirme-le-ministre-de-la-sante\/#primaryimage\",\"url\":\"\",\"contentUrl\":\"\"},{\"@type\":\"BreadcrumbList\",\"@id\":\"https:\/\/kapitalis.com\/tunisie\/2020\/11\/30\/covid-19-la-tunisie-a-commande-5-millions-de-doses-de-vaccin-affirme-le-ministre-de-la-sante\/#breadcrumb\",\"itemListElement\":[{\"@type\":\"ListItem\",\"position\":1,\"name\":\"Accueil\",\"item\":\"https:\/\/kapitalis.com\/tunisie\/\"},{\"@type\":\"ListItem\",\"position\":2,\"name\":\"Covid-19 : La Tunisie a command\u00e9 5 millions de doses de vaccin, affirme le ministre de la Sant\u00e9\"}]},{\"@type\":\"WebSite\",\"@id\":\"https:\/\/kapitalis.com\/tunisie\/#website\",\"url\":\"https:\/\/kapitalis.com\/tunisie\/\",\"name\":\"Kapitalis\",\"description\":\"L&#039;actualit\u00e9 en Tunisie et dans le monde\",\"publisher\":{\"@id\":\"https:\/\/kapitalis.com\/tunisie\/#organization\"},\"potentialAction\":[{\"@type\":\"SearchAction\",\"target\":{\"@type\":\"EntryPoint\",\"urlTemplate\":\"https:\/\/kapitalis.com\/tunisie\/?s={search_term_string}\"},\"query-input\":{\"@type\":\"PropertyValueSpecification\",\"valueRequired\":true,\"valueName\":\"search_term_string\"}}],\"inLanguage\":\"fr-FR\"},{\"@type\":\"Organization\",\"@id\":\"https:\/\/kapitalis.com\/tunisie\/#organization\",\"name\":\"Kapitalis\",\"url\":\"https:\/\/kapitalis.com\/tunisie\/\",\"logo\":{\"@type\":\"ImageObject\",\"inLanguage\":\"fr-FR\",\"@id\":\"https:\/\/kapitalis.com\/tunisie\/#\/schema\/logo\/image\/\",\"url\":\"https:\/\/kapitalis.com\/tunisie\/wp-content\/uploads\/2022\/05\/Kapitalis-big-size.png\",\"contentUrl\":\"https:\/\/kapitalis.com\/tunisie\/wp-content\/uploads\/2022\/05\/Kapitalis-big-size.png\",\"width\":5000,\"height\":1500,\"caption\":\"Kapitalis\"},\"image\":{\"@id\":\"https:\/\/kapitalis.com\/tunisie\/#\/schema\/logo\/image\/\"},\"sameAs\":[\"https:\/\/www.facebook.com\/KapitalisInfo\/\",\"https:\/\/x.com\/KapitalisInfo\",\"https:\/\/www.youtube.com\/channel\/UC-yDYrHyfFBWWZaOw3FPg9Q\"]},{\"@type\":\"Person\",\"@id\":\"https:\/\/kapitalis.com\/tunisie\/#\/schema\/person\/74bbde0154d49d790a92aaeac5bc01d5\",\"name\":\"Yusra NY\",\"url\":\"https:\/\/kapitalis.com\/tunisie\/author\/yuza_adam\/\"}]}<\/script>\n<!-- \/ Yoast SEO plugin. -->","yoast_head_json":{"title":"Covid-19 : La Tunisie a command\u00e9 5 millions de doses de vaccin, affirme le ministre de la Sant\u00e9 - Kapitalis","robots":{"index":"index","follow":"follow","max-snippet":"max-snippet:-1","max-image-preview":"max-image-preview:large","max-video-preview":"max-video-preview:-1"},"canonical":"https:\/\/kapitalis.com\/tunisie\/2020\/11\/30\/covid-19-la-tunisie-a-commande-5-millions-de-doses-de-vaccin-affirme-le-ministre-de-la-sante\/","og_locale":"fr_FR","og_type":"article","og_title":"Covid-19 : La Tunisie a command\u00e9 5 millions de doses de vaccin, affirme le ministre de la Sant\u00e9 - Kapitalis","og_description":"Le ministre de la Sant\u00e9, Faouzi Mehdi, a indiqu\u00e9 aujourd&rsquo;hui, lundi 30 novembre 2020, que la Tunisie a adress\u00e9 des demandes pour l\u2019acquisition de 5 millions de doses du vaccin contre le coronavirus.","og_url":"https:\/\/kapitalis.com\/tunisie\/2020\/11\/30\/covid-19-la-tunisie-a-commande-5-millions-de-doses-de-vaccin-affirme-le-ministre-de-la-sante\/","og_site_name":"Kapitalis","article_publisher":"https:\/\/www.facebook.com\/KapitalisInfo\/","article_published_time":"2020-11-30T13:18:47+00:00","article_modified_time":"2020-11-30T13:26:11+00:00","og_image":[{"width":1200,"height":630,"url":"https:\/\/kapitalis.com\/tunisie\/wp-content\/uploads\/2022\/05\/kapitalis-logo-fb.png","type":"image\/png"}],"author":"Yusra NY","twitter_card":"summary_large_image","twitter_creator":"@KapitalisInfo","twitter_site":"@KapitalisInfo","twitter_misc":{"\u00c9crit par":"Yusra NY","Dur\u00e9e de lecture estim\u00e9e":"1 minute"},"schema":{"@context":"https:\/\/schema.org","@graph":[{"@type":"Article","@id":"https:\/\/kapitalis.com\/tunisie\/2020\/11\/30\/covid-19-la-tunisie-a-commande-5-millions-de-doses-de-vaccin-affirme-le-ministre-de-la-sante\/#article","isPartOf":{"@id":"https:\/\/kapitalis.com\/tunisie\/2020\/11\/30\/covid-19-la-tunisie-a-commande-5-millions-de-doses-de-vaccin-affirme-le-ministre-de-la-sante\/"},"author":{"name":"Yusra NY","@id":"https:\/\/kapitalis.com\/tunisie\/#\/schema\/person\/74bbde0154d49d790a92aaeac5bc01d5"},"headline":"Covid-19 : La Tunisie a command\u00e9 5 millions de doses de vaccin, affirme le ministre de la Sant\u00e9","datePublished":"2020-11-30T13:18:47+00:00","dateModified":"2020-11-30T13:26:11+00:00","mainEntityOfPage":{"@id":"https:\/\/kapitalis.com\/tunisie\/2020\/11\/30\/covid-19-la-tunisie-a-commande-5-millions-de-doses-de-vaccin-affirme-le-ministre-de-la-sante\/"},"wordCount":263,"commentCount":2,"publisher":{"@id":"https:\/\/kapitalis.com\/tunisie\/#organization"},"image":{"@id":"https:\/\/kapitalis.com\/tunisie\/2020\/11\/30\/covid-19-la-tunisie-a-commande-5-millions-de-doses-de-vaccin-affirme-le-ministre-de-la-sante\/#primaryimage"},"thumbnailUrl":"","keywords":["Coronavirus","Faouzi Mehdi","Sant\u00e9","Tunisie","vaccin covid-19"],"articleSection":["SOCIETE","Tunisie"],"inLanguage":"fr-FR","potentialAction":[{"@type":"CommentAction","name":"Comment","target":["https:\/\/kapitalis.com\/tunisie\/2020\/11\/30\/covid-19-la-tunisie-a-commande-5-millions-de-doses-de-vaccin-affirme-le-ministre-de-la-sante\/#respond"]}]},{"@type":"WebPage","@id":"https:\/\/kapitalis.com\/tunisie\/2020\/11\/30\/covid-19-la-tunisie-a-commande-5-millions-de-doses-de-vaccin-affirme-le-ministre-de-la-sante\/","url":"https:\/\/kapitalis.com\/tunisie\/2020\/11\/30\/covid-19-la-tunisie-a-commande-5-millions-de-doses-de-vaccin-affirme-le-ministre-de-la-sante\/","name":"Covid-19 : La Tunisie a command\u00e9 5 millions de doses de vaccin, affirme le ministre de la Sant\u00e9 - Kapitalis","isPartOf":{"@id":"https:\/\/kapitalis.com\/tunisie\/#website"},"primaryImageOfPage":{"@id":"https:\/\/kapitalis.com\/tunisie\/2020\/11\/30\/covid-19-la-tunisie-a-commande-5-millions-de-doses-de-vaccin-affirme-le-ministre-de-la-sante\/#primaryimage"},"image":{"@id":"https:\/\/kapitalis.com\/tunisie\/2020\/11\/30\/covid-19-la-tunisie-a-commande-5-millions-de-doses-de-vaccin-affirme-le-ministre-de-la-sante\/#primaryimage"},"thumbnailUrl":"","datePublished":"2020-11-30T13:18:47+00:00","dateModified":"2020-11-30T13:26:11+00:00","breadcrumb":{"@id":"https:\/\/kapitalis.com\/tunisie\/2020\/11\/30\/covid-19-la-tunisie-a-commande-5-millions-de-doses-de-vaccin-affirme-le-ministre-de-la-sante\/#breadcrumb"},"inLanguage":"fr-FR","potentialAction":[{"@type":"ReadAction","target":["https:\/\/kapitalis.com\/tunisie\/2020\/11\/30\/covid-19-la-tunisie-a-commande-5-millions-de-doses-de-vaccin-affirme-le-ministre-de-la-sante\/"]}]},{"@type":"ImageObject","inLanguage":"fr-FR","@id":"https:\/\/kapitalis.com\/tunisie\/2020\/11\/30\/covid-19-la-tunisie-a-commande-5-millions-de-doses-de-vaccin-affirme-le-ministre-de-la-sante\/#primaryimage","url":"","contentUrl":""},{"@type":"BreadcrumbList","@id":"https:\/\/kapitalis.com\/tunisie\/2020\/11\/30\/covid-19-la-tunisie-a-commande-5-millions-de-doses-de-vaccin-affirme-le-ministre-de-la-sante\/#breadcrumb","itemListElement":[{"@type":"ListItem","position":1,"name":"Accueil","item":"https:\/\/kapitalis.com\/tunisie\/"},{"@type":"ListItem","position":2,"name":"Covid-19 : La Tunisie a command\u00e9 5 millions de doses de vaccin, affirme le ministre de la Sant\u00e9"}]},{"@type":"WebSite","@id":"https:\/\/kapitalis.com\/tunisie\/#website","url":"https:\/\/kapitalis.com\/tunisie\/","name":"Kapitalis","description":"L&#039;actualit\u00e9 en Tunisie et dans le monde","publisher":{"@id":"https:\/\/kapitalis.com\/tunisie\/#organization"},"potentialAction":[{"@type":"SearchAction","target":{"@type":"EntryPoint","urlTemplate":"https:\/\/kapitalis.com\/tunisie\/?s={search_term_string}"},"query-input":{"@type":"PropertyValueSpecification","valueRequired":true,"valueName":"search_term_string"}}],"inLanguage":"fr-FR"},{"@type":"Organization","@id":"https:\/\/kapitalis.com\/tunisie\/#organization","name":"Kapitalis","url":"https:\/\/kapitalis.com\/tunisie\/","logo":{"@type":"ImageObject","inLanguage":"fr-FR","@id":"https:\/\/kapitalis.com\/tunisie\/#\/schema\/logo\/image\/","url":"https:\/\/kapitalis.com\/tunisie\/wp-content\/uploads\/2022\/05\/Kapitalis-big-size.png","contentUrl":"https:\/\/kapitalis.com\/tunisie\/wp-content\/uploads\/2022\/05\/Kapitalis-big-size.png","width":5000,"height":1500,"caption":"Kapitalis"},"image":{"@id":"https:\/\/kapitalis.com\/tunisie\/#\/schema\/logo\/image\/"},"sameAs":["https:\/\/www.facebook.com\/KapitalisInfo\/","https:\/\/x.com\/KapitalisInfo","https:\/\/www.youtube.com\/channel\/UC-yDYrHyfFBWWZaOw3FPg9Q"]},{"@type":"Person","@id":"https:\/\/kapitalis.com\/tunisie\/#\/schema\/person\/74bbde0154d49d790a92aaeac5bc01d5","name":"Yusra NY","url":"https:\/\/kapitalis.com\/tunisie\/author\/yuza_adam\/"}]}},"_links":{"self":[{"href":"https:\/\/kapitalis.com\/tunisie\/wp-json\/wp\/v2\/posts\/326173","targetHints":{"allow":["GET"]}}],"collection":[{"href":"https:\/\/kapitalis.com\/tunisie\/wp-json\/wp\/v2\/posts"}],"about":[{"href":"https:\/\/kapitalis.com\/tunisie\/wp-json\/wp\/v2\/types\/post"}],"author":[{"embeddable":true,"href":"https:\/\/kapitalis.com\/tunisie\/wp-json\/wp\/v2\/users\/6"}],"replies":[{"embeddable":true,"href":"https:\/\/kapitalis.com\/tunisie\/wp-json\/wp\/v2\/comments?post=326173"}],"version-history":[{"count":0,"href":"https:\/\/kapitalis.com\/tunisie\/wp-json\/wp\/v2\/posts\/326173\/revisions"}],"wp:featuredmedia":[{"embeddable":true,"href":"https:\/\/kapitalis.com\/tunisie\/wp-json\/wp\/v2\/media\/326179"}],"wp:attachment":[{"href":"https:\/\/kapitalis.com\/tunisie\/wp-json\/wp\/v2\/media?parent=326173"}],"wp:term":[{"taxonomy":"category","embeddable":true,"href":"https:\/\/kapitalis.com\/tunisie\/wp-json\/wp\/v2\/categories?post=326173"},{"taxonomy":"post_tag","embeddable":true,"href":"https:\/\/kapitalis.com\/tunisie\/wp-json\/wp\/v2\/tags?post=326173"}],"curies":[{"name":"wp","href":"https:\/\/api.w.org\/{rel}","templated":true}]}}