{"id":326289,"date":"2020-12-01T11:33:22","date_gmt":"2020-12-01T10:33:22","guid":{"rendered":"http:\/\/kapitalis.com\/tunisie\/?p=326289"},"modified":"2020-12-01T12:11:47","modified_gmt":"2020-12-01T11:11:47","slug":"tozeur-rassemblement-de-protestation-a-cause-de-la-penurie-du-gaz","status":"publish","type":"post","link":"https:\/\/kapitalis.com\/tunisie\/2020\/12\/01\/tozeur-rassemblement-de-protestation-a-cause-de-la-penurie-du-gaz\/","title":{"rendered":"Tozeur : Rassemblement de protestation \u00e0 cause de la p\u00e9nurie du gaz"},"content":{"rendered":"\n<figure class=\"wp-block-image size-large\"><img decoding=\"async\" src=\"http:\/\/kapitalis.com\/tunisie\/wp-content\/uploads\/2020\/12\/Tozeur-protestations-gaz.jpg\" alt=\"\" class=\"wp-image-326295\"\/><\/figure>\n\n\n\n<p><em><strong>Des habitants de Tozeur, ont organis\u00e9 un rassemblement, ce mardi 1er d\u00e9cembre 2020, devant le si\u00e8ge du gouvernorat afin de protester contre la p\u00e9nurie de gaz. Ils ont notamment appel\u00e9 les autorit\u00e9s \u00e0 intervenir pour assurer la protection des camions de distribution des bouteilles de gaz<\/strong><\/em>.<\/p>\n\n\n\n<!--more-->\n\n\n\n<p>Apr\u00e8s avoir d\u00e9clench\u00e9 une s\u00e9rie de protestations dans de nombreuses r\u00e9gions, \u00e0 l&rsquo;instar de Kairouan et Sfax, la p\u00e9nurie de gaz caus\u00e9e par le r\u00e9cent sit-in dans la zone industrielle de Gabes, a regagn\u00e9 Tozeur, aujourd&rsquo;hui, o\u00f9 les habitants affirment <em>\u00abne plus avoir les moyens de cuisiner et de se r\u00e9chauffer\u00bb.<\/em><\/p>\n\n\n\n<p>Ils se sont rassembl\u00e9s devant le si\u00e8ge du gouvernorat, o\u00f9 ils ont br\u00fbl\u00e9 des pneus, pour d\u00e9noncer cette situation en demandant aux autorit\u00e9s d&rsquo;assumer leurs responsabilit\u00e9 et de mettre fin \u00e0 la crise.<\/p>\n\n\n\n<p>Rappelons aussi que cette situation est une des cons\u00e9quences du sit-in d&rsquo;El-Kamou, o\u00f9 les protestataires avaient bloqu\u00e9 la production gazi\u00e8re et p\u00e9troli\u00e8re durant 4 long mois.<\/p>\n\n\n\n<p>Le 31 juillet dernier, le minist\u00e8re de l\u2019Energie, des Mines et de la Transition \u00e9nerg\u00e9tique a tir\u00e9 la sonnette d\u2019alarme, en affirmant que <em>\u00abla Tunisie entre dans une phase assez sensible dans la mesure o\u00f9 des difficult\u00e9s au niveau de l\u2019approvisionnement en gaz naturel sont \u00e0 pr\u00e9voir\u00bb<\/em>.<\/p>\n\n\n\n<p>De plus ce mouvement a entra\u00een\u00e9 un effet boule de neige, d&rsquo;autant que le gouvernement a fini par c\u00e9der \u00e0 la pression de Tarek Haddad et les siens, et depuis, la grogne sociale a regagn\u00e9 d&rsquo;autres r\u00e9gions.<\/p>\n\n\n\n<p class=\"has-text-align-right\"><strong>Y. N.<\/strong><\/p>\n\n\n\n<figure class=\"wp-block-embed-wordpress wp-block-embed is-type-wp-embed is-provider-kapitalis\"><div class=\"wp-block-embed__wrapper\">\n<blockquote class=\"wp-embedded-content\" data-secret=\"TqTI8YDaak\"><a href=\"https:\/\/kapitalis.com\/tunisie\/2020\/11\/07\/fin-de-la-crise-del-kamour-mechichi-ouvre-les-portes-de-lenfer\/\">Fin de la crise d\u2019El-Kamour : Mechichi ouvre les portes de l\u2019enfer<\/a><\/blockquote><iframe loading=\"lazy\" class=\"wp-embedded-content\" sandbox=\"allow-scripts\" security=\"restricted\" style=\"position: absolute; clip: rect(1px, 1px, 1px, 1px);\" title=\"\u00ab\u00a0Fin de la crise d\u2019El-Kamour : Mechichi ouvre les portes de l\u2019enfer\u00a0\u00bb &#8212; Kapitalis\" src=\"https:\/\/kapitalis.com\/tunisie\/2020\/11\/07\/fin-de-la-crise-del-kamour-mechichi-ouvre-les-portes-de-lenfer\/embed\/#?secret=7ZcUHdk1te#?secret=TqTI8YDaak\" data-secret=\"TqTI8YDaak\" width=\"600\" height=\"338\" frameborder=\"0\" marginwidth=\"0\" marginheight=\"0\" scrolling=\"no\"><\/iframe>\n<\/div><\/figure>\n\n\n\n<figure class=\"wp-block-embed-wordpress wp-block-embed is-type-wp-embed is-provider-kapitalis\"><div class=\"wp-block-embed__wrapper\">\n<blockquote class=\"wp-embedded-content\" data-secret=\"0ORKccPuCO\"><a href=\"https:\/\/kapitalis.com\/tunisie\/2020\/11\/28\/penurie-de-gaz-route-fermee-et-embouteillage-a-kairouan\/\">P\u00e9nurie de gaz : Route ferm\u00e9e et embouteillage \u00e0 Kairouan<\/a><\/blockquote><iframe loading=\"lazy\" class=\"wp-embedded-content\" sandbox=\"allow-scripts\" security=\"restricted\" style=\"position: absolute; clip: rect(1px, 1px, 1px, 1px);\" title=\"\u00ab\u00a0P\u00e9nurie de gaz : Route ferm\u00e9e et embouteillage \u00e0 Kairouan\u00a0\u00bb &#8212; Kapitalis\" src=\"https:\/\/kapitalis.com\/tunisie\/2020\/11\/28\/penurie-de-gaz-route-fermee-et-embouteillage-a-kairouan\/embed\/#?secret=bUv4v8PfoP#?secret=0ORKccPuCO\" data-secret=\"0ORKccPuCO\" width=\"600\" height=\"338\" frameborder=\"0\" marginwidth=\"0\" marginheight=\"0\" scrolling=\"no\"><\/iframe>\n<\/div><\/figure>\n","protected":false},"excerpt":{"rendered":"<p>Des habitants de Tozeur, ont organis\u00e9 un rassemblement, ce mardi 1er d\u00e9cembre 2020, devant le si\u00e8ge du gouvernorat afin de protester contre la p\u00e9nurie de gaz. Ils ont notamment appel\u00e9 les autorit\u00e9s \u00e0 intervenir pour assurer la protection des camions de distribution des bouteilles de gaz.<\/p>\n","protected":false},"author":6,"featured_media":326295,"comment_status":"open","ping_status":"open","sticky":false,"template":"","format":"standard","meta":{"footnotes":""},"categories":[998,2433],"tags":[85183,30512,411,2538,2926,1208],"class_list":["post-326289","post","type-post","status-publish","format-standard","has-post-thumbnail","hentry","category-societe","category-tunisie","tag-blocage-production","tag-el-kamour","tag-gaz","tag-penurie","tag-protestation","tag-tozeur"],"yoast_head":"<!-- This site is optimized with the Yoast SEO plugin v26.6 - https:\/\/yoast.com\/wordpress\/plugins\/seo\/ -->\n<title>Tozeur : Rassemblement de protestation \u00e0 cause de la p\u00e9nurie du gaz - Kapitalis<\/title>\n<meta name=\"robots\" content=\"index, follow, max-snippet:-1, max-image-preview:large, max-video-preview:-1\" \/>\n<link rel=\"canonical\" href=\"https:\/\/kapitalis.com\/tunisie\/2020\/12\/01\/tozeur-rassemblement-de-protestation-a-cause-de-la-penurie-du-gaz\/\" \/>\n<meta property=\"og:locale\" content=\"fr_FR\" \/>\n<meta property=\"og:type\" content=\"article\" \/>\n<meta property=\"og:title\" content=\"Tozeur : Rassemblement de protestation \u00e0 cause de la p\u00e9nurie du gaz - Kapitalis\" \/>\n<meta property=\"og:description\" content=\"Des habitants de Tozeur, ont organis\u00e9 un rassemblement, ce mardi 1er d\u00e9cembre 2020, devant le si\u00e8ge du gouvernorat afin de protester contre la p\u00e9nurie de gaz. Ils ont notamment appel\u00e9 les autorit\u00e9s \u00e0 intervenir pour assurer la protection des camions de distribution des bouteilles de gaz.\" \/>\n<meta property=\"og:url\" content=\"https:\/\/kapitalis.com\/tunisie\/2020\/12\/01\/tozeur-rassemblement-de-protestation-a-cause-de-la-penurie-du-gaz\/\" \/>\n<meta property=\"og:site_name\" content=\"Kapitalis\" \/>\n<meta property=\"article:publisher\" content=\"https:\/\/www.facebook.com\/KapitalisInfo\/\" \/>\n<meta property=\"article:published_time\" content=\"2020-12-01T10:33:22+00:00\" \/>\n<meta property=\"article:modified_time\" content=\"2020-12-01T11:11:47+00:00\" \/>\n<meta property=\"og:image\" content=\"https:\/\/kapitalis.com\/tunisie\/wp-content\/uploads\/2022\/05\/kapitalis-logo-fb.png\" \/>\n\t<meta property=\"og:image:width\" content=\"1200\" \/>\n\t<meta property=\"og:image:height\" content=\"630\" \/>\n\t<meta property=\"og:image:type\" content=\"image\/png\" \/>\n<meta name=\"author\" content=\"Yusra NY\" \/>\n<meta name=\"twitter:card\" content=\"summary_large_image\" \/>\n<meta name=\"twitter:creator\" content=\"@KapitalisInfo\" \/>\n<meta name=\"twitter:site\" content=\"@KapitalisInfo\" \/>\n<meta name=\"twitter:label1\" content=\"\u00c9crit par\" \/>\n\t<meta name=\"twitter:data1\" content=\"Yusra NY\" \/>\n\t<meta name=\"twitter:label2\" content=\"Dur\u00e9e de lecture estim\u00e9e\" \/>\n\t<meta name=\"twitter:data2\" content=\"1 minute\" \/>\n<script type=\"application\/ld+json\" class=\"yoast-schema-graph\">{\"@context\":\"https:\/\/schema.org\",\"@graph\":[{\"@type\":\"Article\",\"@id\":\"https:\/\/kapitalis.com\/tunisie\/2020\/12\/01\/tozeur-rassemblement-de-protestation-a-cause-de-la-penurie-du-gaz\/#article\",\"isPartOf\":{\"@id\":\"https:\/\/kapitalis.com\/tunisie\/2020\/12\/01\/tozeur-rassemblement-de-protestation-a-cause-de-la-penurie-du-gaz\/\"},\"author\":{\"name\":\"Yusra NY\",\"@id\":\"https:\/\/kapitalis.com\/tunisie\/#\/schema\/person\/74bbde0154d49d790a92aaeac5bc01d5\"},\"headline\":\"Tozeur : Rassemblement de protestation \u00e0 cause de la p\u00e9nurie du gaz\",\"datePublished\":\"2020-12-01T10:33:22+00:00\",\"dateModified\":\"2020-12-01T11:11:47+00:00\",\"mainEntityOfPage\":{\"@id\":\"https:\/\/kapitalis.com\/tunisie\/2020\/12\/01\/tozeur-rassemblement-de-protestation-a-cause-de-la-penurie-du-gaz\/\"},\"wordCount\":286,\"commentCount\":0,\"publisher\":{\"@id\":\"https:\/\/kapitalis.com\/tunisie\/#organization\"},\"image\":{\"@id\":\"https:\/\/kapitalis.com\/tunisie\/2020\/12\/01\/tozeur-rassemblement-de-protestation-a-cause-de-la-penurie-du-gaz\/#primaryimage\"},\"thumbnailUrl\":\"\",\"keywords\":[\"blocage production\",\"El-Kamour\",\"gaz\",\"p\u00e9nurie\",\"protestation\",\"Tozeur\"],\"articleSection\":[\"SOCIETE\",\"Tunisie\"],\"inLanguage\":\"fr-FR\",\"potentialAction\":[{\"@type\":\"CommentAction\",\"name\":\"Comment\",\"target\":[\"https:\/\/kapitalis.com\/tunisie\/2020\/12\/01\/tozeur-rassemblement-de-protestation-a-cause-de-la-penurie-du-gaz\/#respond\"]}]},{\"@type\":\"WebPage\",\"@id\":\"https:\/\/kapitalis.com\/tunisie\/2020\/12\/01\/tozeur-rassemblement-de-protestation-a-cause-de-la-penurie-du-gaz\/\",\"url\":\"https:\/\/kapitalis.com\/tunisie\/2020\/12\/01\/tozeur-rassemblement-de-protestation-a-cause-de-la-penurie-du-gaz\/\",\"name\":\"Tozeur : Rassemblement de protestation \u00e0 cause de la p\u00e9nurie du gaz - Kapitalis\",\"isPartOf\":{\"@id\":\"https:\/\/kapitalis.com\/tunisie\/#website\"},\"primaryImageOfPage\":{\"@id\":\"https:\/\/kapitalis.com\/tunisie\/2020\/12\/01\/tozeur-rassemblement-de-protestation-a-cause-de-la-penurie-du-gaz\/#primaryimage\"},\"image\":{\"@id\":\"https:\/\/kapitalis.com\/tunisie\/2020\/12\/01\/tozeur-rassemblement-de-protestation-a-cause-de-la-penurie-du-gaz\/#primaryimage\"},\"thumbnailUrl\":\"\",\"datePublished\":\"2020-12-01T10:33:22+00:00\",\"dateModified\":\"2020-12-01T11:11:47+00:00\",\"breadcrumb\":{\"@id\":\"https:\/\/kapitalis.com\/tunisie\/2020\/12\/01\/tozeur-rassemblement-de-protestation-a-cause-de-la-penurie-du-gaz\/#breadcrumb\"},\"inLanguage\":\"fr-FR\",\"potentialAction\":[{\"@type\":\"ReadAction\",\"target\":[\"https:\/\/kapitalis.com\/tunisie\/2020\/12\/01\/tozeur-rassemblement-de-protestation-a-cause-de-la-penurie-du-gaz\/\"]}]},{\"@type\":\"ImageObject\",\"inLanguage\":\"fr-FR\",\"@id\":\"https:\/\/kapitalis.com\/tunisie\/2020\/12\/01\/tozeur-rassemblement-de-protestation-a-cause-de-la-penurie-du-gaz\/#primaryimage\",\"url\":\"\",\"contentUrl\":\"\"},{\"@type\":\"BreadcrumbList\",\"@id\":\"https:\/\/kapitalis.com\/tunisie\/2020\/12\/01\/tozeur-rassemblement-de-protestation-a-cause-de-la-penurie-du-gaz\/#breadcrumb\",\"itemListElement\":[{\"@type\":\"ListItem\",\"position\":1,\"name\":\"Accueil\",\"item\":\"https:\/\/kapitalis.com\/tunisie\/\"},{\"@type\":\"ListItem\",\"position\":2,\"name\":\"Tozeur : Rassemblement de protestation \u00e0 cause de la p\u00e9nurie du gaz\"}]},{\"@type\":\"WebSite\",\"@id\":\"https:\/\/kapitalis.com\/tunisie\/#website\",\"url\":\"https:\/\/kapitalis.com\/tunisie\/\",\"name\":\"Kapitalis\",\"description\":\"L&#039;actualit\u00e9 en Tunisie et dans le monde\",\"publisher\":{\"@id\":\"https:\/\/kapitalis.com\/tunisie\/#organization\"},\"potentialAction\":[{\"@type\":\"SearchAction\",\"target\":{\"@type\":\"EntryPoint\",\"urlTemplate\":\"https:\/\/kapitalis.com\/tunisie\/?s={search_term_string}\"},\"query-input\":{\"@type\":\"PropertyValueSpecification\",\"valueRequired\":true,\"valueName\":\"search_term_string\"}}],\"inLanguage\":\"fr-FR\"},{\"@type\":\"Organization\",\"@id\":\"https:\/\/kapitalis.com\/tunisie\/#organization\",\"name\":\"Kapitalis\",\"url\":\"https:\/\/kapitalis.com\/tunisie\/\",\"logo\":{\"@type\":\"ImageObject\",\"inLanguage\":\"fr-FR\",\"@id\":\"https:\/\/kapitalis.com\/tunisie\/#\/schema\/logo\/image\/\",\"url\":\"https:\/\/kapitalis.com\/tunisie\/wp-content\/uploads\/2022\/05\/Kapitalis-big-size.png\",\"contentUrl\":\"https:\/\/kapitalis.com\/tunisie\/wp-content\/uploads\/2022\/05\/Kapitalis-big-size.png\",\"width\":5000,\"height\":1500,\"caption\":\"Kapitalis\"},\"image\":{\"@id\":\"https:\/\/kapitalis.com\/tunisie\/#\/schema\/logo\/image\/\"},\"sameAs\":[\"https:\/\/www.facebook.com\/KapitalisInfo\/\",\"https:\/\/x.com\/KapitalisInfo\",\"https:\/\/www.youtube.com\/channel\/UC-yDYrHyfFBWWZaOw3FPg9Q\"]},{\"@type\":\"Person\",\"@id\":\"https:\/\/kapitalis.com\/tunisie\/#\/schema\/person\/74bbde0154d49d790a92aaeac5bc01d5\",\"name\":\"Yusra NY\",\"url\":\"https:\/\/kapitalis.com\/tunisie\/author\/yuza_adam\/\"}]}<\/script>\n<!-- \/ Yoast SEO plugin. -->","yoast_head_json":{"title":"Tozeur : Rassemblement de protestation \u00e0 cause de la p\u00e9nurie du gaz - Kapitalis","robots":{"index":"index","follow":"follow","max-snippet":"max-snippet:-1","max-image-preview":"max-image-preview:large","max-video-preview":"max-video-preview:-1"},"canonical":"https:\/\/kapitalis.com\/tunisie\/2020\/12\/01\/tozeur-rassemblement-de-protestation-a-cause-de-la-penurie-du-gaz\/","og_locale":"fr_FR","og_type":"article","og_title":"Tozeur : Rassemblement de protestation \u00e0 cause de la p\u00e9nurie du gaz - Kapitalis","og_description":"Des habitants de Tozeur, ont organis\u00e9 un rassemblement, ce mardi 1er d\u00e9cembre 2020, devant le si\u00e8ge du gouvernorat afin de protester contre la p\u00e9nurie de gaz. Ils ont notamment appel\u00e9 les autorit\u00e9s \u00e0 intervenir pour assurer la protection des camions de distribution des bouteilles de gaz.","og_url":"https:\/\/kapitalis.com\/tunisie\/2020\/12\/01\/tozeur-rassemblement-de-protestation-a-cause-de-la-penurie-du-gaz\/","og_site_name":"Kapitalis","article_publisher":"https:\/\/www.facebook.com\/KapitalisInfo\/","article_published_time":"2020-12-01T10:33:22+00:00","article_modified_time":"2020-12-01T11:11:47+00:00","og_image":[{"width":1200,"height":630,"url":"https:\/\/kapitalis.com\/tunisie\/wp-content\/uploads\/2022\/05\/kapitalis-logo-fb.png","type":"image\/png"}],"author":"Yusra NY","twitter_card":"summary_large_image","twitter_creator":"@KapitalisInfo","twitter_site":"@KapitalisInfo","twitter_misc":{"\u00c9crit par":"Yusra NY","Dur\u00e9e de lecture estim\u00e9e":"1 minute"},"schema":{"@context":"https:\/\/schema.org","@graph":[{"@type":"Article","@id":"https:\/\/kapitalis.com\/tunisie\/2020\/12\/01\/tozeur-rassemblement-de-protestation-a-cause-de-la-penurie-du-gaz\/#article","isPartOf":{"@id":"https:\/\/kapitalis.com\/tunisie\/2020\/12\/01\/tozeur-rassemblement-de-protestation-a-cause-de-la-penurie-du-gaz\/"},"author":{"name":"Yusra NY","@id":"https:\/\/kapitalis.com\/tunisie\/#\/schema\/person\/74bbde0154d49d790a92aaeac5bc01d5"},"headline":"Tozeur : Rassemblement de protestation \u00e0 cause de la p\u00e9nurie du gaz","datePublished":"2020-12-01T10:33:22+00:00","dateModified":"2020-12-01T11:11:47+00:00","mainEntityOfPage":{"@id":"https:\/\/kapitalis.com\/tunisie\/2020\/12\/01\/tozeur-rassemblement-de-protestation-a-cause-de-la-penurie-du-gaz\/"},"wordCount":286,"commentCount":0,"publisher":{"@id":"https:\/\/kapitalis.com\/tunisie\/#organization"},"image":{"@id":"https:\/\/kapitalis.com\/tunisie\/2020\/12\/01\/tozeur-rassemblement-de-protestation-a-cause-de-la-penurie-du-gaz\/#primaryimage"},"thumbnailUrl":"","keywords":["blocage production","El-Kamour","gaz","p\u00e9nurie","protestation","Tozeur"],"articleSection":["SOCIETE","Tunisie"],"inLanguage":"fr-FR","potentialAction":[{"@type":"CommentAction","name":"Comment","target":["https:\/\/kapitalis.com\/tunisie\/2020\/12\/01\/tozeur-rassemblement-de-protestation-a-cause-de-la-penurie-du-gaz\/#respond"]}]},{"@type":"WebPage","@id":"https:\/\/kapitalis.com\/tunisie\/2020\/12\/01\/tozeur-rassemblement-de-protestation-a-cause-de-la-penurie-du-gaz\/","url":"https:\/\/kapitalis.com\/tunisie\/2020\/12\/01\/tozeur-rassemblement-de-protestation-a-cause-de-la-penurie-du-gaz\/","name":"Tozeur : Rassemblement de protestation \u00e0 cause de la p\u00e9nurie du gaz - Kapitalis","isPartOf":{"@id":"https:\/\/kapitalis.com\/tunisie\/#website"},"primaryImageOfPage":{"@id":"https:\/\/kapitalis.com\/tunisie\/2020\/12\/01\/tozeur-rassemblement-de-protestation-a-cause-de-la-penurie-du-gaz\/#primaryimage"},"image":{"@id":"https:\/\/kapitalis.com\/tunisie\/2020\/12\/01\/tozeur-rassemblement-de-protestation-a-cause-de-la-penurie-du-gaz\/#primaryimage"},"thumbnailUrl":"","datePublished":"2020-12-01T10:33:22+00:00","dateModified":"2020-12-01T11:11:47+00:00","breadcrumb":{"@id":"https:\/\/kapitalis.com\/tunisie\/2020\/12\/01\/tozeur-rassemblement-de-protestation-a-cause-de-la-penurie-du-gaz\/#breadcrumb"},"inLanguage":"fr-FR","potentialAction":[{"@type":"ReadAction","target":["https:\/\/kapitalis.com\/tunisie\/2020\/12\/01\/tozeur-rassemblement-de-protestation-a-cause-de-la-penurie-du-gaz\/"]}]},{"@type":"ImageObject","inLanguage":"fr-FR","@id":"https:\/\/kapitalis.com\/tunisie\/2020\/12\/01\/tozeur-rassemblement-de-protestation-a-cause-de-la-penurie-du-gaz\/#primaryimage","url":"","contentUrl":""},{"@type":"BreadcrumbList","@id":"https:\/\/kapitalis.com\/tunisie\/2020\/12\/01\/tozeur-rassemblement-de-protestation-a-cause-de-la-penurie-du-gaz\/#breadcrumb","itemListElement":[{"@type":"ListItem","position":1,"name":"Accueil","item":"https:\/\/kapitalis.com\/tunisie\/"},{"@type":"ListItem","position":2,"name":"Tozeur : Rassemblement de protestation \u00e0 cause de la p\u00e9nurie du gaz"}]},{"@type":"WebSite","@id":"https:\/\/kapitalis.com\/tunisie\/#website","url":"https:\/\/kapitalis.com\/tunisie\/","name":"Kapitalis","description":"L&#039;actualit\u00e9 en Tunisie et dans le monde","publisher":{"@id":"https:\/\/kapitalis.com\/tunisie\/#organization"},"potentialAction":[{"@type":"SearchAction","target":{"@type":"EntryPoint","urlTemplate":"https:\/\/kapitalis.com\/tunisie\/?s={search_term_string}"},"query-input":{"@type":"PropertyValueSpecification","valueRequired":true,"valueName":"search_term_string"}}],"inLanguage":"fr-FR"},{"@type":"Organization","@id":"https:\/\/kapitalis.com\/tunisie\/#organization","name":"Kapitalis","url":"https:\/\/kapitalis.com\/tunisie\/","logo":{"@type":"ImageObject","inLanguage":"fr-FR","@id":"https:\/\/kapitalis.com\/tunisie\/#\/schema\/logo\/image\/","url":"https:\/\/kapitalis.com\/tunisie\/wp-content\/uploads\/2022\/05\/Kapitalis-big-size.png","contentUrl":"https:\/\/kapitalis.com\/tunisie\/wp-content\/uploads\/2022\/05\/Kapitalis-big-size.png","width":5000,"height":1500,"caption":"Kapitalis"},"image":{"@id":"https:\/\/kapitalis.com\/tunisie\/#\/schema\/logo\/image\/"},"sameAs":["https:\/\/www.facebook.com\/KapitalisInfo\/","https:\/\/x.com\/KapitalisInfo","https:\/\/www.youtube.com\/channel\/UC-yDYrHyfFBWWZaOw3FPg9Q"]},{"@type":"Person","@id":"https:\/\/kapitalis.com\/tunisie\/#\/schema\/person\/74bbde0154d49d790a92aaeac5bc01d5","name":"Yusra NY","url":"https:\/\/kapitalis.com\/tunisie\/author\/yuza_adam\/"}]}},"_links":{"self":[{"href":"https:\/\/kapitalis.com\/tunisie\/wp-json\/wp\/v2\/posts\/326289","targetHints":{"allow":["GET"]}}],"collection":[{"href":"https:\/\/kapitalis.com\/tunisie\/wp-json\/wp\/v2\/posts"}],"about":[{"href":"https:\/\/kapitalis.com\/tunisie\/wp-json\/wp\/v2\/types\/post"}],"author":[{"embeddable":true,"href":"https:\/\/kapitalis.com\/tunisie\/wp-json\/wp\/v2\/users\/6"}],"replies":[{"embeddable":true,"href":"https:\/\/kapitalis.com\/tunisie\/wp-json\/wp\/v2\/comments?post=326289"}],"version-history":[{"count":0,"href":"https:\/\/kapitalis.com\/tunisie\/wp-json\/wp\/v2\/posts\/326289\/revisions"}],"wp:featuredmedia":[{"embeddable":true,"href":"https:\/\/kapitalis.com\/tunisie\/wp-json\/wp\/v2\/media\/326295"}],"wp:attachment":[{"href":"https:\/\/kapitalis.com\/tunisie\/wp-json\/wp\/v2\/media?parent=326289"}],"wp:term":[{"taxonomy":"category","embeddable":true,"href":"https:\/\/kapitalis.com\/tunisie\/wp-json\/wp\/v2\/categories?post=326289"},{"taxonomy":"post_tag","embeddable":true,"href":"https:\/\/kapitalis.com\/tunisie\/wp-json\/wp\/v2\/tags?post=326289"}],"curies":[{"name":"wp","href":"https:\/\/api.w.org\/{rel}","templated":true}]}}