{"id":326291,"date":"2020-12-01T11:23:57","date_gmt":"2020-12-01T10:23:57","guid":{"rendered":"http:\/\/kapitalis.com\/tunisie\/?p=326291"},"modified":"2020-12-02T11:25:19","modified_gmt":"2020-12-02T10:25:19","slug":"ce-que-la-paix-en-libye-pourrait-apporter-a-une-economie-tunisienne-a-bout-de-souffle","status":"publish","type":"post","link":"https:\/\/kapitalis.com\/tunisie\/2020\/12\/01\/ce-que-la-paix-en-libye-pourrait-apporter-a-une-economie-tunisienne-a-bout-de-souffle\/","title":{"rendered":"Ce que la paix en Libye pourrait apporter \u00e0 une \u00e9conomie tunisienne \u00e0 bout de souffle"},"content":{"rendered":"\n<figure class=\"wp-block-image size-large\"><img decoding=\"async\" src=\"http:\/\/kapitalis.com\/tunisie\/wp-content\/uploads\/2015\/11\/Ras-Jedir.jpg\" alt=\"\" class=\"wp-image-27342\"\/><figcaption><em>Poste frontalier de Ras Jedir, poumon \u00e9conomique des zones frontali\u00e8res entre la Tunisie et la Libye.<\/em><\/figcaption><\/figure>\n\n\n\n<p><strong><em>La Tunisie doit \u0153uvrer plus efficacement pour le retour de la paix civile en Libye, car une Libye plus stable pourrait lui apporter 2 points de croissance, offrir des emplois \u00e0 ses nombreux ch\u00f4meurs et l\u2019aider ainsi \u00e0 sortir de la crise \u00e9conomique et sociale o\u00f9 elle se morfond depuis 2011.<\/em><\/strong><\/p>\n\n\n\n<p>Par <strong>Amine Ben Gamra<\/strong> *<\/p>\n\n\n\n<!--more-->\n\n\n\n<div class=\"wp-block-image\"><figure class=\"alignleft size-large\"><img decoding=\"async\" src=\"http:\/\/kapitalis.com\/tunisie\/wp-content\/uploads\/2019\/11\/Amine-Ben-Gamra.jpg\" alt=\"\" class=\"wp-image-254464\"\/><\/figure><\/div>\n\n\n\n<p>La poursuite des troubles en Libye reste une source d\u2019inqui\u00e9tude pour la Tunisie, qui en subit les cons\u00e9quences depuis une dizaine d\u2019ann\u00e9es et qui tente de rapprocher les positions des diff\u00e9rents protagonistes dans l\u2019espoir d\u2019aider \u00e0 trouver une issue pacifique permettant d\u2019\u00e9carter toute solution militaire au conflit et de stabiliser la situation politique dans ce pays voisin.<\/p>\n\n\n\n<p>Les liens traditionnels entre les peuples des deux c\u00f4t\u00e9s de la fronti\u00e8re et leurs \u00e9changes commerciaux, en particulier entre la Tripolitaine et les r\u00e9gions sud de la Tunisie, pourraient se d\u00e9velopper davantage et d\u00e9passer le cadre de la contrebande s\u00e9vissant actuellement dans les r\u00e9gions frontali\u00e8res. Le d\u00e9veloppement de ces \u00e9changes pourrait valoir \u00e0 la Tunisie 2 points de croissance du PIB et lui offrir des dizaines de milliers d\u2019emplois dont elle a besoin pour ses cohortes de ch\u00f4meurs.<\/p>\n\n\n\n<p>Certaines entreprises tunisiennes poss\u00e8dent des usines en Libye qui fonctionnent au ralenti, si elles n\u2019ont pas carr\u00e9ment ferm\u00e9 leurs portes, et qui gagneraient \u00e0 exploiter leur pleine capacit\u00e9.<\/p>\n\n\n\n<p>Autre atout \u00e0 exploiter davantage: les r\u00e9sidents libyens de longue date en Tunisie, qui constituent une importante source de revenus pour notre pays, surtout apr\u00e8s le ralentissement des activit\u00e9s dans de nombreux secteurs \u00e9conomiques des suites de la crise sanitaire induite par l\u2019\u00e9pid\u00e9mie de la Covid-19.<\/p>\n\n\n\n<p>Rappelons que, selon les donn\u00e9es de l\u2019Institut national de la statistique (INS), les \u00e9changes commerciaux de la Tunisie avec l\u2019ext\u00e9rieur durant les sept premiers mois de 2020 ont enregistr\u00e9 une contraction de 18,1% au plan des exportations et de 20,8% \u00e0 celui des importations, compar\u00e9s \u00e0 la m\u00eame p\u00e9riode de l\u2019ann\u00e9e 2019. La baisse du volume des exportations a touch\u00e9 la majorit\u00e9 des secteurs, notamment celui du textile, de l\u2019habillement et du cuir, marqu\u00e9 par un recul de 23,2% des quantit\u00e9s export\u00e9es, et de 27% pour les industries m\u00e9caniques et de l\u2019\u00e9lectricit\u00e9.<\/p>\n\n\n\n<p>Rappelons \u00e9galement que le nombre de touristes libyens et alg\u00e9riens visitant la Tunisie a baiss\u00e9, au premier semestre de 2020, de 56% par rapport \u00e0 la m\u00eame p\u00e9riode en 2019, et ce, en raison de ladite \u00e9pid\u00e9mie, la circulation entre les trois pays voisins ayant \u00e9t\u00e9 drastiquement r\u00e9duite par les autorit\u00e9s.<\/p>\n\n\n\n<p>Tout cela pour dire qu\u2019une Libye pacifi\u00e9 et stabilis\u00e9 agira comme un puissant moteur de croissance pour l\u2019\u00e9conomie tunisienne, actuellement \u00e0 bout de souffle et manque de solutions.<\/p>\n\n\n\n<p><em>* Expert comptable, commissaire aux comptes, membre de l&rsquo;Ordre des experts comptable de Tunisie.<\/em><\/p>\n","protected":false},"excerpt":{"rendered":"<p>La Tunisie doit \u0153uvrer plus efficacement pour le retour de la paix civile en Libye, car une Libye plus stable pourrait lui apporter 2 points de croissance, offrir des emplois \u00e0 ses nombreux ch\u00f4meurs et l\u2019aider ainsi \u00e0 sortir de la crise \u00e9conomique et sociale o\u00f9 elle se morfond depuis 2011. Par Amine Ben Gamra&#8230;<\/p>\n","protected":false},"author":8,"featured_media":326416,"comment_status":"open","ping_status":"open","sticky":false,"template":"","format":"standard","meta":{"footnotes":""},"categories":[992,995,1000,2433],"tags":[303,544,766,62643],"class_list":["post-326291","post","type-post","status-publish","format-standard","has-post-thumbnail","hentry","category-a-la-une","category-economie","category-tribune","category-tunisie","tag-economie-tunisienne","tag-libye","tag-ras-jedir","tag-tunisie"],"yoast_head":"<!-- This site is optimized with the Yoast SEO plugin v26.6 - https:\/\/yoast.com\/wordpress\/plugins\/seo\/ -->\n<title>Ce que la paix en Libye pourrait apporter \u00e0 une \u00e9conomie tunisienne \u00e0 bout de souffle - Kapitalis<\/title>\n<meta name=\"robots\" content=\"index, follow, max-snippet:-1, max-image-preview:large, max-video-preview:-1\" \/>\n<link rel=\"canonical\" href=\"https:\/\/kapitalis.com\/tunisie\/2020\/12\/01\/ce-que-la-paix-en-libye-pourrait-apporter-a-une-economie-tunisienne-a-bout-de-souffle\/\" \/>\n<meta property=\"og:locale\" content=\"fr_FR\" \/>\n<meta property=\"og:type\" content=\"article\" \/>\n<meta property=\"og:title\" content=\"Ce que la paix en Libye pourrait apporter \u00e0 une \u00e9conomie tunisienne \u00e0 bout de souffle - Kapitalis\" \/>\n<meta property=\"og:description\" content=\"La Tunisie doit \u0153uvrer plus efficacement pour le retour de la paix civile en Libye, car une Libye plus stable pourrait lui apporter 2 points de croissance, offrir des emplois \u00e0 ses nombreux ch\u00f4meurs et l\u2019aider ainsi \u00e0 sortir de la crise \u00e9conomique et sociale o\u00f9 elle se morfond depuis 2011. Par Amine Ben Gamra...\" \/>\n<meta property=\"og:url\" content=\"https:\/\/kapitalis.com\/tunisie\/2020\/12\/01\/ce-que-la-paix-en-libye-pourrait-apporter-a-une-economie-tunisienne-a-bout-de-souffle\/\" \/>\n<meta property=\"og:site_name\" content=\"Kapitalis\" \/>\n<meta property=\"article:publisher\" content=\"https:\/\/www.facebook.com\/KapitalisInfo\/\" \/>\n<meta property=\"article:published_time\" content=\"2020-12-01T10:23:57+00:00\" \/>\n<meta property=\"article:modified_time\" content=\"2020-12-02T10:25:19+00:00\" \/>\n<meta property=\"og:image\" content=\"https:\/\/kapitalis.com\/tunisie\/wp-content\/uploads\/2022\/05\/kapitalis-logo-fb.png\" \/>\n\t<meta property=\"og:image:width\" content=\"1200\" \/>\n\t<meta property=\"og:image:height\" content=\"630\" \/>\n\t<meta property=\"og:image:type\" content=\"image\/png\" \/>\n<meta name=\"author\" content=\"webmaster kapitalis\" \/>\n<meta name=\"twitter:card\" content=\"summary_large_image\" \/>\n<meta name=\"twitter:creator\" content=\"@KapitalisInfo\" \/>\n<meta name=\"twitter:site\" content=\"@KapitalisInfo\" \/>\n<meta name=\"twitter:label1\" content=\"\u00c9crit par\" \/>\n\t<meta name=\"twitter:data1\" content=\"webmaster kapitalis\" \/>\n\t<meta name=\"twitter:label2\" content=\"Dur\u00e9e de lecture estim\u00e9e\" \/>\n\t<meta name=\"twitter:data2\" content=\"2 minutes\" \/>\n<script type=\"application\/ld+json\" class=\"yoast-schema-graph\">{\"@context\":\"https:\/\/schema.org\",\"@graph\":[{\"@type\":\"Article\",\"@id\":\"https:\/\/kapitalis.com\/tunisie\/2020\/12\/01\/ce-que-la-paix-en-libye-pourrait-apporter-a-une-economie-tunisienne-a-bout-de-souffle\/#article\",\"isPartOf\":{\"@id\":\"https:\/\/kapitalis.com\/tunisie\/2020\/12\/01\/ce-que-la-paix-en-libye-pourrait-apporter-a-une-economie-tunisienne-a-bout-de-souffle\/\"},\"author\":{\"name\":\"webmaster kapitalis\",\"@id\":\"https:\/\/kapitalis.com\/tunisie\/#\/schema\/person\/d71f33a9ca44f7bad4698210b480c8e9\"},\"headline\":\"Ce que la paix en Libye pourrait apporter \u00e0 une \u00e9conomie tunisienne \u00e0 bout de souffle\",\"datePublished\":\"2020-12-01T10:23:57+00:00\",\"dateModified\":\"2020-12-02T10:25:19+00:00\",\"mainEntityOfPage\":{\"@id\":\"https:\/\/kapitalis.com\/tunisie\/2020\/12\/01\/ce-que-la-paix-en-libye-pourrait-apporter-a-une-economie-tunisienne-a-bout-de-souffle\/\"},\"wordCount\":510,\"commentCount\":4,\"publisher\":{\"@id\":\"https:\/\/kapitalis.com\/tunisie\/#organization\"},\"image\":{\"@id\":\"https:\/\/kapitalis.com\/tunisie\/2020\/12\/01\/ce-que-la-paix-en-libye-pourrait-apporter-a-une-economie-tunisienne-a-bout-de-souffle\/#primaryimage\"},\"thumbnailUrl\":\"\",\"keywords\":[\"\u00e9conomie tunisienne\",\"Libye\",\"Ras Jedir\",\"Tunisie\"],\"articleSection\":[\"A LA UNE\",\"ECONOMIE\",\"TRIBUNE\",\"Tunisie\"],\"inLanguage\":\"fr-FR\",\"potentialAction\":[{\"@type\":\"CommentAction\",\"name\":\"Comment\",\"target\":[\"https:\/\/kapitalis.com\/tunisie\/2020\/12\/01\/ce-que-la-paix-en-libye-pourrait-apporter-a-une-economie-tunisienne-a-bout-de-souffle\/#respond\"]}]},{\"@type\":\"WebPage\",\"@id\":\"https:\/\/kapitalis.com\/tunisie\/2020\/12\/01\/ce-que-la-paix-en-libye-pourrait-apporter-a-une-economie-tunisienne-a-bout-de-souffle\/\",\"url\":\"https:\/\/kapitalis.com\/tunisie\/2020\/12\/01\/ce-que-la-paix-en-libye-pourrait-apporter-a-une-economie-tunisienne-a-bout-de-souffle\/\",\"name\":\"Ce que la paix en Libye pourrait apporter \u00e0 une \u00e9conomie tunisienne \u00e0 bout de souffle - Kapitalis\",\"isPartOf\":{\"@id\":\"https:\/\/kapitalis.com\/tunisie\/#website\"},\"primaryImageOfPage\":{\"@id\":\"https:\/\/kapitalis.com\/tunisie\/2020\/12\/01\/ce-que-la-paix-en-libye-pourrait-apporter-a-une-economie-tunisienne-a-bout-de-souffle\/#primaryimage\"},\"image\":{\"@id\":\"https:\/\/kapitalis.com\/tunisie\/2020\/12\/01\/ce-que-la-paix-en-libye-pourrait-apporter-a-une-economie-tunisienne-a-bout-de-souffle\/#primaryimage\"},\"thumbnailUrl\":\"\",\"datePublished\":\"2020-12-01T10:23:57+00:00\",\"dateModified\":\"2020-12-02T10:25:19+00:00\",\"breadcrumb\":{\"@id\":\"https:\/\/kapitalis.com\/tunisie\/2020\/12\/01\/ce-que-la-paix-en-libye-pourrait-apporter-a-une-economie-tunisienne-a-bout-de-souffle\/#breadcrumb\"},\"inLanguage\":\"fr-FR\",\"potentialAction\":[{\"@type\":\"ReadAction\",\"target\":[\"https:\/\/kapitalis.com\/tunisie\/2020\/12\/01\/ce-que-la-paix-en-libye-pourrait-apporter-a-une-economie-tunisienne-a-bout-de-souffle\/\"]}]},{\"@type\":\"ImageObject\",\"inLanguage\":\"fr-FR\",\"@id\":\"https:\/\/kapitalis.com\/tunisie\/2020\/12\/01\/ce-que-la-paix-en-libye-pourrait-apporter-a-une-economie-tunisienne-a-bout-de-souffle\/#primaryimage\",\"url\":\"\",\"contentUrl\":\"\"},{\"@type\":\"BreadcrumbList\",\"@id\":\"https:\/\/kapitalis.com\/tunisie\/2020\/12\/01\/ce-que-la-paix-en-libye-pourrait-apporter-a-une-economie-tunisienne-a-bout-de-souffle\/#breadcrumb\",\"itemListElement\":[{\"@type\":\"ListItem\",\"position\":1,\"name\":\"Accueil\",\"item\":\"https:\/\/kapitalis.com\/tunisie\/\"},{\"@type\":\"ListItem\",\"position\":2,\"name\":\"Ce que la paix en Libye pourrait apporter \u00e0 une \u00e9conomie tunisienne \u00e0 bout de souffle\"}]},{\"@type\":\"WebSite\",\"@id\":\"https:\/\/kapitalis.com\/tunisie\/#website\",\"url\":\"https:\/\/kapitalis.com\/tunisie\/\",\"name\":\"Kapitalis\",\"description\":\"L&#039;actualit\u00e9 en Tunisie et dans le monde\",\"publisher\":{\"@id\":\"https:\/\/kapitalis.com\/tunisie\/#organization\"},\"potentialAction\":[{\"@type\":\"SearchAction\",\"target\":{\"@type\":\"EntryPoint\",\"urlTemplate\":\"https:\/\/kapitalis.com\/tunisie\/?s={search_term_string}\"},\"query-input\":{\"@type\":\"PropertyValueSpecification\",\"valueRequired\":true,\"valueName\":\"search_term_string\"}}],\"inLanguage\":\"fr-FR\"},{\"@type\":\"Organization\",\"@id\":\"https:\/\/kapitalis.com\/tunisie\/#organization\",\"name\":\"Kapitalis\",\"url\":\"https:\/\/kapitalis.com\/tunisie\/\",\"logo\":{\"@type\":\"ImageObject\",\"inLanguage\":\"fr-FR\",\"@id\":\"https:\/\/kapitalis.com\/tunisie\/#\/schema\/logo\/image\/\",\"url\":\"https:\/\/kapitalis.com\/tunisie\/wp-content\/uploads\/2022\/05\/Kapitalis-big-size.png\",\"contentUrl\":\"https:\/\/kapitalis.com\/tunisie\/wp-content\/uploads\/2022\/05\/Kapitalis-big-size.png\",\"width\":5000,\"height\":1500,\"caption\":\"Kapitalis\"},\"image\":{\"@id\":\"https:\/\/kapitalis.com\/tunisie\/#\/schema\/logo\/image\/\"},\"sameAs\":[\"https:\/\/www.facebook.com\/KapitalisInfo\/\",\"https:\/\/x.com\/KapitalisInfo\",\"https:\/\/www.youtube.com\/channel\/UC-yDYrHyfFBWWZaOw3FPg9Q\"]},{\"@type\":\"Person\",\"@id\":\"https:\/\/kapitalis.com\/tunisie\/#\/schema\/person\/d71f33a9ca44f7bad4698210b480c8e9\",\"name\":\"webmaster kapitalis\",\"url\":\"https:\/\/kapitalis.com\/tunisie\/author\/webmaster-kapitalis\/\"}]}<\/script>\n<!-- \/ Yoast SEO plugin. -->","yoast_head_json":{"title":"Ce que la paix en Libye pourrait apporter \u00e0 une \u00e9conomie tunisienne \u00e0 bout de souffle - Kapitalis","robots":{"index":"index","follow":"follow","max-snippet":"max-snippet:-1","max-image-preview":"max-image-preview:large","max-video-preview":"max-video-preview:-1"},"canonical":"https:\/\/kapitalis.com\/tunisie\/2020\/12\/01\/ce-que-la-paix-en-libye-pourrait-apporter-a-une-economie-tunisienne-a-bout-de-souffle\/","og_locale":"fr_FR","og_type":"article","og_title":"Ce que la paix en Libye pourrait apporter \u00e0 une \u00e9conomie tunisienne \u00e0 bout de souffle - Kapitalis","og_description":"La Tunisie doit \u0153uvrer plus efficacement pour le retour de la paix civile en Libye, car une Libye plus stable pourrait lui apporter 2 points de croissance, offrir des emplois \u00e0 ses nombreux ch\u00f4meurs et l\u2019aider ainsi \u00e0 sortir de la crise \u00e9conomique et sociale o\u00f9 elle se morfond depuis 2011. Par Amine Ben Gamra...","og_url":"https:\/\/kapitalis.com\/tunisie\/2020\/12\/01\/ce-que-la-paix-en-libye-pourrait-apporter-a-une-economie-tunisienne-a-bout-de-souffle\/","og_site_name":"Kapitalis","article_publisher":"https:\/\/www.facebook.com\/KapitalisInfo\/","article_published_time":"2020-12-01T10:23:57+00:00","article_modified_time":"2020-12-02T10:25:19+00:00","og_image":[{"width":1200,"height":630,"url":"https:\/\/kapitalis.com\/tunisie\/wp-content\/uploads\/2022\/05\/kapitalis-logo-fb.png","type":"image\/png"}],"author":"webmaster kapitalis","twitter_card":"summary_large_image","twitter_creator":"@KapitalisInfo","twitter_site":"@KapitalisInfo","twitter_misc":{"\u00c9crit par":"webmaster kapitalis","Dur\u00e9e de lecture estim\u00e9e":"2 minutes"},"schema":{"@context":"https:\/\/schema.org","@graph":[{"@type":"Article","@id":"https:\/\/kapitalis.com\/tunisie\/2020\/12\/01\/ce-que-la-paix-en-libye-pourrait-apporter-a-une-economie-tunisienne-a-bout-de-souffle\/#article","isPartOf":{"@id":"https:\/\/kapitalis.com\/tunisie\/2020\/12\/01\/ce-que-la-paix-en-libye-pourrait-apporter-a-une-economie-tunisienne-a-bout-de-souffle\/"},"author":{"name":"webmaster kapitalis","@id":"https:\/\/kapitalis.com\/tunisie\/#\/schema\/person\/d71f33a9ca44f7bad4698210b480c8e9"},"headline":"Ce que la paix en Libye pourrait apporter \u00e0 une \u00e9conomie tunisienne \u00e0 bout de souffle","datePublished":"2020-12-01T10:23:57+00:00","dateModified":"2020-12-02T10:25:19+00:00","mainEntityOfPage":{"@id":"https:\/\/kapitalis.com\/tunisie\/2020\/12\/01\/ce-que-la-paix-en-libye-pourrait-apporter-a-une-economie-tunisienne-a-bout-de-souffle\/"},"wordCount":510,"commentCount":4,"publisher":{"@id":"https:\/\/kapitalis.com\/tunisie\/#organization"},"image":{"@id":"https:\/\/kapitalis.com\/tunisie\/2020\/12\/01\/ce-que-la-paix-en-libye-pourrait-apporter-a-une-economie-tunisienne-a-bout-de-souffle\/#primaryimage"},"thumbnailUrl":"","keywords":["\u00e9conomie tunisienne","Libye","Ras Jedir","Tunisie"],"articleSection":["A LA UNE","ECONOMIE","TRIBUNE","Tunisie"],"inLanguage":"fr-FR","potentialAction":[{"@type":"CommentAction","name":"Comment","target":["https:\/\/kapitalis.com\/tunisie\/2020\/12\/01\/ce-que-la-paix-en-libye-pourrait-apporter-a-une-economie-tunisienne-a-bout-de-souffle\/#respond"]}]},{"@type":"WebPage","@id":"https:\/\/kapitalis.com\/tunisie\/2020\/12\/01\/ce-que-la-paix-en-libye-pourrait-apporter-a-une-economie-tunisienne-a-bout-de-souffle\/","url":"https:\/\/kapitalis.com\/tunisie\/2020\/12\/01\/ce-que-la-paix-en-libye-pourrait-apporter-a-une-economie-tunisienne-a-bout-de-souffle\/","name":"Ce que la paix en Libye pourrait apporter \u00e0 une \u00e9conomie tunisienne \u00e0 bout de souffle - Kapitalis","isPartOf":{"@id":"https:\/\/kapitalis.com\/tunisie\/#website"},"primaryImageOfPage":{"@id":"https:\/\/kapitalis.com\/tunisie\/2020\/12\/01\/ce-que-la-paix-en-libye-pourrait-apporter-a-une-economie-tunisienne-a-bout-de-souffle\/#primaryimage"},"image":{"@id":"https:\/\/kapitalis.com\/tunisie\/2020\/12\/01\/ce-que-la-paix-en-libye-pourrait-apporter-a-une-economie-tunisienne-a-bout-de-souffle\/#primaryimage"},"thumbnailUrl":"","datePublished":"2020-12-01T10:23:57+00:00","dateModified":"2020-12-02T10:25:19+00:00","breadcrumb":{"@id":"https:\/\/kapitalis.com\/tunisie\/2020\/12\/01\/ce-que-la-paix-en-libye-pourrait-apporter-a-une-economie-tunisienne-a-bout-de-souffle\/#breadcrumb"},"inLanguage":"fr-FR","potentialAction":[{"@type":"ReadAction","target":["https:\/\/kapitalis.com\/tunisie\/2020\/12\/01\/ce-que-la-paix-en-libye-pourrait-apporter-a-une-economie-tunisienne-a-bout-de-souffle\/"]}]},{"@type":"ImageObject","inLanguage":"fr-FR","@id":"https:\/\/kapitalis.com\/tunisie\/2020\/12\/01\/ce-que-la-paix-en-libye-pourrait-apporter-a-une-economie-tunisienne-a-bout-de-souffle\/#primaryimage","url":"","contentUrl":""},{"@type":"BreadcrumbList","@id":"https:\/\/kapitalis.com\/tunisie\/2020\/12\/01\/ce-que-la-paix-en-libye-pourrait-apporter-a-une-economie-tunisienne-a-bout-de-souffle\/#breadcrumb","itemListElement":[{"@type":"ListItem","position":1,"name":"Accueil","item":"https:\/\/kapitalis.com\/tunisie\/"},{"@type":"ListItem","position":2,"name":"Ce que la paix en Libye pourrait apporter \u00e0 une \u00e9conomie tunisienne \u00e0 bout de souffle"}]},{"@type":"WebSite","@id":"https:\/\/kapitalis.com\/tunisie\/#website","url":"https:\/\/kapitalis.com\/tunisie\/","name":"Kapitalis","description":"L&#039;actualit\u00e9 en Tunisie et dans le monde","publisher":{"@id":"https:\/\/kapitalis.com\/tunisie\/#organization"},"potentialAction":[{"@type":"SearchAction","target":{"@type":"EntryPoint","urlTemplate":"https:\/\/kapitalis.com\/tunisie\/?s={search_term_string}"},"query-input":{"@type":"PropertyValueSpecification","valueRequired":true,"valueName":"search_term_string"}}],"inLanguage":"fr-FR"},{"@type":"Organization","@id":"https:\/\/kapitalis.com\/tunisie\/#organization","name":"Kapitalis","url":"https:\/\/kapitalis.com\/tunisie\/","logo":{"@type":"ImageObject","inLanguage":"fr-FR","@id":"https:\/\/kapitalis.com\/tunisie\/#\/schema\/logo\/image\/","url":"https:\/\/kapitalis.com\/tunisie\/wp-content\/uploads\/2022\/05\/Kapitalis-big-size.png","contentUrl":"https:\/\/kapitalis.com\/tunisie\/wp-content\/uploads\/2022\/05\/Kapitalis-big-size.png","width":5000,"height":1500,"caption":"Kapitalis"},"image":{"@id":"https:\/\/kapitalis.com\/tunisie\/#\/schema\/logo\/image\/"},"sameAs":["https:\/\/www.facebook.com\/KapitalisInfo\/","https:\/\/x.com\/KapitalisInfo","https:\/\/www.youtube.com\/channel\/UC-yDYrHyfFBWWZaOw3FPg9Q"]},{"@type":"Person","@id":"https:\/\/kapitalis.com\/tunisie\/#\/schema\/person\/d71f33a9ca44f7bad4698210b480c8e9","name":"webmaster kapitalis","url":"https:\/\/kapitalis.com\/tunisie\/author\/webmaster-kapitalis\/"}]}},"_links":{"self":[{"href":"https:\/\/kapitalis.com\/tunisie\/wp-json\/wp\/v2\/posts\/326291","targetHints":{"allow":["GET"]}}],"collection":[{"href":"https:\/\/kapitalis.com\/tunisie\/wp-json\/wp\/v2\/posts"}],"about":[{"href":"https:\/\/kapitalis.com\/tunisie\/wp-json\/wp\/v2\/types\/post"}],"author":[{"embeddable":true,"href":"https:\/\/kapitalis.com\/tunisie\/wp-json\/wp\/v2\/users\/8"}],"replies":[{"embeddable":true,"href":"https:\/\/kapitalis.com\/tunisie\/wp-json\/wp\/v2\/comments?post=326291"}],"version-history":[{"count":0,"href":"https:\/\/kapitalis.com\/tunisie\/wp-json\/wp\/v2\/posts\/326291\/revisions"}],"wp:featuredmedia":[{"embeddable":true,"href":"https:\/\/kapitalis.com\/tunisie\/wp-json\/wp\/v2\/media\/326416"}],"wp:attachment":[{"href":"https:\/\/kapitalis.com\/tunisie\/wp-json\/wp\/v2\/media?parent=326291"}],"wp:term":[{"taxonomy":"category","embeddable":true,"href":"https:\/\/kapitalis.com\/tunisie\/wp-json\/wp\/v2\/categories?post=326291"},{"taxonomy":"post_tag","embeddable":true,"href":"https:\/\/kapitalis.com\/tunisie\/wp-json\/wp\/v2\/tags?post=326291"}],"curies":[{"name":"wp","href":"https:\/\/api.w.org\/{rel}","templated":true}]}}