{"id":32640,"date":"2015-12-30T09:58:27","date_gmt":"2015-12-30T08:58:27","guid":{"rendered":"http:\/\/kapitalis.com\/tunisie\/?p=32640"},"modified":"2015-12-30T09:58:27","modified_gmt":"2015-12-30T08:58:27","slug":"sonede-coupure-deau-a-jebel-lahmar-et-franceville","status":"publish","type":"post","link":"https:\/\/kapitalis.com\/tunisie\/2015\/12\/30\/sonede-coupure-deau-a-jebel-lahmar-et-franceville\/","title":{"rendered":"Sonede : Coupure d\u2019eau \u00e0 Jebel Lahmar et Franceville"},"content":{"rendered":"<p><img loading=\"lazy\" decoding=\"async\" class=\"alignnone size-full wp-image-32641 aligncenter\" src=\"http:\/\/kapitalis.com\/tunisie\/wp-content\/uploads\/2015\/12\/Robinet.jpg\" alt=\"Robinet\" width=\"626\" height=\"380\" \/><\/p>\n<p><em><strong>La Sonede a annonc\u00e9, hier, la coupure de l\u2019eau potable, aujourd\u2019hui, pendant 8 heures, dans les quartiers de Jebel Lahmar et Franceville (El-Omrane), \u00e0 Tunis.<\/strong> <\/em><\/p>\n<p><!--more--><\/p>\n<p>Selon la Soci\u00e9t\u00e9 nationale d&rsquo;exploitation et de distribution des eaux (Sonede), cette coupure est n\u00e9cessit\u00e9e par les travaux, qui d\u00e9marreront, aujourd\u2019hui, \u00e0 partir de 10 heures pour la r\u00e9paration de la conduite principale de l\u2019eau dans cette zone.<\/p>\n<p>L\u2019eau sera r\u00e9tablie aujourd\u2019hui vers 19 heures.<\/p>\n<p style=\"text-align: right;\"><strong>Z. A.<\/strong><\/p>\n","protected":false},"excerpt":{"rendered":"<p>La Sonede a annonc\u00e9, hier, la coupure de l\u2019eau potable, aujourd\u2019hui, pendant 8 heures, dans les quartiers de Jebel Lahmar et Franceville (El-Omrane), \u00e0 Tunis.<\/p>\n","protected":false},"author":8,"featured_media":32641,"comment_status":"open","ping_status":"open","sticky":false,"template":"","format":"standard","meta":{"footnotes":""},"categories":[993,2433],"tags":[8921,3042,3514,3515,849,2120],"class_list":["post-32640","post","type-post","status-publish","format-standard","has-post-thumbnail","hentry","category-conso","category-tunisie","tag-coupure","tag-eau-potable","tag-el-omrane","tag-jebel-lahmar","tag-sonede","tag-travaux"],"yoast_head":"<!-- This site is optimized with the Yoast SEO plugin v26.6 - https:\/\/yoast.com\/wordpress\/plugins\/seo\/ -->\n<title>Sonede : Coupure d\u2019eau \u00e0 Jebel Lahmar et Franceville - Kapitalis<\/title>\n<meta name=\"robots\" content=\"index, follow, max-snippet:-1, max-image-preview:large, max-video-preview:-1\" \/>\n<link rel=\"canonical\" href=\"https:\/\/kapitalis.com\/tunisie\/2015\/12\/30\/sonede-coupure-deau-a-jebel-lahmar-et-franceville\/\" \/>\n<meta property=\"og:locale\" content=\"fr_FR\" \/>\n<meta property=\"og:type\" content=\"article\" \/>\n<meta property=\"og:title\" content=\"Sonede : Coupure d\u2019eau \u00e0 Jebel Lahmar et Franceville - Kapitalis\" \/>\n<meta property=\"og:description\" content=\"La Sonede a annonc\u00e9, hier, la coupure de l\u2019eau potable, aujourd\u2019hui, pendant 8 heures, dans les quartiers de Jebel Lahmar et Franceville (El-Omrane), \u00e0 Tunis.\" \/>\n<meta property=\"og:url\" content=\"https:\/\/kapitalis.com\/tunisie\/2015\/12\/30\/sonede-coupure-deau-a-jebel-lahmar-et-franceville\/\" \/>\n<meta property=\"og:site_name\" content=\"Kapitalis\" \/>\n<meta property=\"article:publisher\" content=\"https:\/\/www.facebook.com\/KapitalisInfo\/\" \/>\n<meta property=\"article:published_time\" content=\"2015-12-30T08:58:27+00:00\" \/>\n<meta property=\"og:image\" content=\"https:\/\/kapitalis.com\/tunisie\/wp-content\/uploads\/2022\/05\/kapitalis-logo-fb.png\" \/>\n\t<meta property=\"og:image:width\" content=\"1200\" \/>\n\t<meta property=\"og:image:height\" content=\"630\" \/>\n\t<meta property=\"og:image:type\" content=\"image\/png\" \/>\n<meta name=\"author\" content=\"webmaster kapitalis\" \/>\n<meta name=\"twitter:card\" content=\"summary_large_image\" \/>\n<meta name=\"twitter:creator\" content=\"@KapitalisInfo\" \/>\n<meta name=\"twitter:site\" content=\"@KapitalisInfo\" \/>\n<meta name=\"twitter:label1\" content=\"\u00c9crit par\" \/>\n\t<meta name=\"twitter:data1\" content=\"webmaster kapitalis\" \/>\n<script type=\"application\/ld+json\" class=\"yoast-schema-graph\">{\"@context\":\"https:\/\/schema.org\",\"@graph\":[{\"@type\":\"Article\",\"@id\":\"https:\/\/kapitalis.com\/tunisie\/2015\/12\/30\/sonede-coupure-deau-a-jebel-lahmar-et-franceville\/#article\",\"isPartOf\":{\"@id\":\"https:\/\/kapitalis.com\/tunisie\/2015\/12\/30\/sonede-coupure-deau-a-jebel-lahmar-et-franceville\/\"},\"author\":{\"name\":\"webmaster kapitalis\",\"@id\":\"https:\/\/kapitalis.com\/tunisie\/#\/schema\/person\/d71f33a9ca44f7bad4698210b480c8e9\"},\"headline\":\"Sonede : Coupure d\u2019eau \u00e0 Jebel Lahmar et Franceville\",\"datePublished\":\"2015-12-30T08:58:27+00:00\",\"mainEntityOfPage\":{\"@id\":\"https:\/\/kapitalis.com\/tunisie\/2015\/12\/30\/sonede-coupure-deau-a-jebel-lahmar-et-franceville\/\"},\"wordCount\":87,\"commentCount\":0,\"publisher\":{\"@id\":\"https:\/\/kapitalis.com\/tunisie\/#organization\"},\"image\":{\"@id\":\"https:\/\/kapitalis.com\/tunisie\/2015\/12\/30\/sonede-coupure-deau-a-jebel-lahmar-et-franceville\/#primaryimage\"},\"thumbnailUrl\":\"\",\"keywords\":[\"coupure\",\"eau potable\",\"El-Omrane\",\"Jebel Lahmar\",\"Sonede\",\"travaux\"],\"articleSection\":[\"CONSO\",\"Tunisie\"],\"inLanguage\":\"fr-FR\",\"potentialAction\":[{\"@type\":\"CommentAction\",\"name\":\"Comment\",\"target\":[\"https:\/\/kapitalis.com\/tunisie\/2015\/12\/30\/sonede-coupure-deau-a-jebel-lahmar-et-franceville\/#respond\"]}]},{\"@type\":\"WebPage\",\"@id\":\"https:\/\/kapitalis.com\/tunisie\/2015\/12\/30\/sonede-coupure-deau-a-jebel-lahmar-et-franceville\/\",\"url\":\"https:\/\/kapitalis.com\/tunisie\/2015\/12\/30\/sonede-coupure-deau-a-jebel-lahmar-et-franceville\/\",\"name\":\"Sonede : Coupure d\u2019eau \u00e0 Jebel Lahmar et Franceville - Kapitalis\",\"isPartOf\":{\"@id\":\"https:\/\/kapitalis.com\/tunisie\/#website\"},\"primaryImageOfPage\":{\"@id\":\"https:\/\/kapitalis.com\/tunisie\/2015\/12\/30\/sonede-coupure-deau-a-jebel-lahmar-et-franceville\/#primaryimage\"},\"image\":{\"@id\":\"https:\/\/kapitalis.com\/tunisie\/2015\/12\/30\/sonede-coupure-deau-a-jebel-lahmar-et-franceville\/#primaryimage\"},\"thumbnailUrl\":\"\",\"datePublished\":\"2015-12-30T08:58:27+00:00\",\"breadcrumb\":{\"@id\":\"https:\/\/kapitalis.com\/tunisie\/2015\/12\/30\/sonede-coupure-deau-a-jebel-lahmar-et-franceville\/#breadcrumb\"},\"inLanguage\":\"fr-FR\",\"potentialAction\":[{\"@type\":\"ReadAction\",\"target\":[\"https:\/\/kapitalis.com\/tunisie\/2015\/12\/30\/sonede-coupure-deau-a-jebel-lahmar-et-franceville\/\"]}]},{\"@type\":\"ImageObject\",\"inLanguage\":\"fr-FR\",\"@id\":\"https:\/\/kapitalis.com\/tunisie\/2015\/12\/30\/sonede-coupure-deau-a-jebel-lahmar-et-franceville\/#primaryimage\",\"url\":\"\",\"contentUrl\":\"\"},{\"@type\":\"BreadcrumbList\",\"@id\":\"https:\/\/kapitalis.com\/tunisie\/2015\/12\/30\/sonede-coupure-deau-a-jebel-lahmar-et-franceville\/#breadcrumb\",\"itemListElement\":[{\"@type\":\"ListItem\",\"position\":1,\"name\":\"Accueil\",\"item\":\"https:\/\/kapitalis.com\/tunisie\/\"},{\"@type\":\"ListItem\",\"position\":2,\"name\":\"Sonede : Coupure d\u2019eau \u00e0 Jebel Lahmar et Franceville\"}]},{\"@type\":\"WebSite\",\"@id\":\"https:\/\/kapitalis.com\/tunisie\/#website\",\"url\":\"https:\/\/kapitalis.com\/tunisie\/\",\"name\":\"Kapitalis\",\"description\":\"L&#039;actualit\u00e9 en Tunisie et dans le monde\",\"publisher\":{\"@id\":\"https:\/\/kapitalis.com\/tunisie\/#organization\"},\"potentialAction\":[{\"@type\":\"SearchAction\",\"target\":{\"@type\":\"EntryPoint\",\"urlTemplate\":\"https:\/\/kapitalis.com\/tunisie\/?s={search_term_string}\"},\"query-input\":{\"@type\":\"PropertyValueSpecification\",\"valueRequired\":true,\"valueName\":\"search_term_string\"}}],\"inLanguage\":\"fr-FR\"},{\"@type\":\"Organization\",\"@id\":\"https:\/\/kapitalis.com\/tunisie\/#organization\",\"name\":\"Kapitalis\",\"url\":\"https:\/\/kapitalis.com\/tunisie\/\",\"logo\":{\"@type\":\"ImageObject\",\"inLanguage\":\"fr-FR\",\"@id\":\"https:\/\/kapitalis.com\/tunisie\/#\/schema\/logo\/image\/\",\"url\":\"https:\/\/kapitalis.com\/tunisie\/wp-content\/uploads\/2022\/05\/Kapitalis-big-size.png\",\"contentUrl\":\"https:\/\/kapitalis.com\/tunisie\/wp-content\/uploads\/2022\/05\/Kapitalis-big-size.png\",\"width\":5000,\"height\":1500,\"caption\":\"Kapitalis\"},\"image\":{\"@id\":\"https:\/\/kapitalis.com\/tunisie\/#\/schema\/logo\/image\/\"},\"sameAs\":[\"https:\/\/www.facebook.com\/KapitalisInfo\/\",\"https:\/\/x.com\/KapitalisInfo\",\"https:\/\/www.youtube.com\/channel\/UC-yDYrHyfFBWWZaOw3FPg9Q\"]},{\"@type\":\"Person\",\"@id\":\"https:\/\/kapitalis.com\/tunisie\/#\/schema\/person\/d71f33a9ca44f7bad4698210b480c8e9\",\"name\":\"webmaster kapitalis\",\"url\":\"https:\/\/kapitalis.com\/tunisie\/author\/webmaster-kapitalis\/\"}]}<\/script>\n<!-- \/ Yoast SEO plugin. -->","yoast_head_json":{"title":"Sonede : Coupure d\u2019eau \u00e0 Jebel Lahmar et Franceville - Kapitalis","robots":{"index":"index","follow":"follow","max-snippet":"max-snippet:-1","max-image-preview":"max-image-preview:large","max-video-preview":"max-video-preview:-1"},"canonical":"https:\/\/kapitalis.com\/tunisie\/2015\/12\/30\/sonede-coupure-deau-a-jebel-lahmar-et-franceville\/","og_locale":"fr_FR","og_type":"article","og_title":"Sonede : Coupure d\u2019eau \u00e0 Jebel Lahmar et Franceville - Kapitalis","og_description":"La Sonede a annonc\u00e9, hier, la coupure de l\u2019eau potable, aujourd\u2019hui, pendant 8 heures, dans les quartiers de Jebel Lahmar et Franceville (El-Omrane), \u00e0 Tunis.","og_url":"https:\/\/kapitalis.com\/tunisie\/2015\/12\/30\/sonede-coupure-deau-a-jebel-lahmar-et-franceville\/","og_site_name":"Kapitalis","article_publisher":"https:\/\/www.facebook.com\/KapitalisInfo\/","article_published_time":"2015-12-30T08:58:27+00:00","og_image":[{"width":1200,"height":630,"url":"https:\/\/kapitalis.com\/tunisie\/wp-content\/uploads\/2022\/05\/kapitalis-logo-fb.png","type":"image\/png"}],"author":"webmaster kapitalis","twitter_card":"summary_large_image","twitter_creator":"@KapitalisInfo","twitter_site":"@KapitalisInfo","twitter_misc":{"\u00c9crit par":"webmaster kapitalis"},"schema":{"@context":"https:\/\/schema.org","@graph":[{"@type":"Article","@id":"https:\/\/kapitalis.com\/tunisie\/2015\/12\/30\/sonede-coupure-deau-a-jebel-lahmar-et-franceville\/#article","isPartOf":{"@id":"https:\/\/kapitalis.com\/tunisie\/2015\/12\/30\/sonede-coupure-deau-a-jebel-lahmar-et-franceville\/"},"author":{"name":"webmaster kapitalis","@id":"https:\/\/kapitalis.com\/tunisie\/#\/schema\/person\/d71f33a9ca44f7bad4698210b480c8e9"},"headline":"Sonede : Coupure d\u2019eau \u00e0 Jebel Lahmar et Franceville","datePublished":"2015-12-30T08:58:27+00:00","mainEntityOfPage":{"@id":"https:\/\/kapitalis.com\/tunisie\/2015\/12\/30\/sonede-coupure-deau-a-jebel-lahmar-et-franceville\/"},"wordCount":87,"commentCount":0,"publisher":{"@id":"https:\/\/kapitalis.com\/tunisie\/#organization"},"image":{"@id":"https:\/\/kapitalis.com\/tunisie\/2015\/12\/30\/sonede-coupure-deau-a-jebel-lahmar-et-franceville\/#primaryimage"},"thumbnailUrl":"","keywords":["coupure","eau potable","El-Omrane","Jebel Lahmar","Sonede","travaux"],"articleSection":["CONSO","Tunisie"],"inLanguage":"fr-FR","potentialAction":[{"@type":"CommentAction","name":"Comment","target":["https:\/\/kapitalis.com\/tunisie\/2015\/12\/30\/sonede-coupure-deau-a-jebel-lahmar-et-franceville\/#respond"]}]},{"@type":"WebPage","@id":"https:\/\/kapitalis.com\/tunisie\/2015\/12\/30\/sonede-coupure-deau-a-jebel-lahmar-et-franceville\/","url":"https:\/\/kapitalis.com\/tunisie\/2015\/12\/30\/sonede-coupure-deau-a-jebel-lahmar-et-franceville\/","name":"Sonede : Coupure d\u2019eau \u00e0 Jebel Lahmar et Franceville - Kapitalis","isPartOf":{"@id":"https:\/\/kapitalis.com\/tunisie\/#website"},"primaryImageOfPage":{"@id":"https:\/\/kapitalis.com\/tunisie\/2015\/12\/30\/sonede-coupure-deau-a-jebel-lahmar-et-franceville\/#primaryimage"},"image":{"@id":"https:\/\/kapitalis.com\/tunisie\/2015\/12\/30\/sonede-coupure-deau-a-jebel-lahmar-et-franceville\/#primaryimage"},"thumbnailUrl":"","datePublished":"2015-12-30T08:58:27+00:00","breadcrumb":{"@id":"https:\/\/kapitalis.com\/tunisie\/2015\/12\/30\/sonede-coupure-deau-a-jebel-lahmar-et-franceville\/#breadcrumb"},"inLanguage":"fr-FR","potentialAction":[{"@type":"ReadAction","target":["https:\/\/kapitalis.com\/tunisie\/2015\/12\/30\/sonede-coupure-deau-a-jebel-lahmar-et-franceville\/"]}]},{"@type":"ImageObject","inLanguage":"fr-FR","@id":"https:\/\/kapitalis.com\/tunisie\/2015\/12\/30\/sonede-coupure-deau-a-jebel-lahmar-et-franceville\/#primaryimage","url":"","contentUrl":""},{"@type":"BreadcrumbList","@id":"https:\/\/kapitalis.com\/tunisie\/2015\/12\/30\/sonede-coupure-deau-a-jebel-lahmar-et-franceville\/#breadcrumb","itemListElement":[{"@type":"ListItem","position":1,"name":"Accueil","item":"https:\/\/kapitalis.com\/tunisie\/"},{"@type":"ListItem","position":2,"name":"Sonede : Coupure d\u2019eau \u00e0 Jebel Lahmar et Franceville"}]},{"@type":"WebSite","@id":"https:\/\/kapitalis.com\/tunisie\/#website","url":"https:\/\/kapitalis.com\/tunisie\/","name":"Kapitalis","description":"L&#039;actualit\u00e9 en Tunisie et dans le monde","publisher":{"@id":"https:\/\/kapitalis.com\/tunisie\/#organization"},"potentialAction":[{"@type":"SearchAction","target":{"@type":"EntryPoint","urlTemplate":"https:\/\/kapitalis.com\/tunisie\/?s={search_term_string}"},"query-input":{"@type":"PropertyValueSpecification","valueRequired":true,"valueName":"search_term_string"}}],"inLanguage":"fr-FR"},{"@type":"Organization","@id":"https:\/\/kapitalis.com\/tunisie\/#organization","name":"Kapitalis","url":"https:\/\/kapitalis.com\/tunisie\/","logo":{"@type":"ImageObject","inLanguage":"fr-FR","@id":"https:\/\/kapitalis.com\/tunisie\/#\/schema\/logo\/image\/","url":"https:\/\/kapitalis.com\/tunisie\/wp-content\/uploads\/2022\/05\/Kapitalis-big-size.png","contentUrl":"https:\/\/kapitalis.com\/tunisie\/wp-content\/uploads\/2022\/05\/Kapitalis-big-size.png","width":5000,"height":1500,"caption":"Kapitalis"},"image":{"@id":"https:\/\/kapitalis.com\/tunisie\/#\/schema\/logo\/image\/"},"sameAs":["https:\/\/www.facebook.com\/KapitalisInfo\/","https:\/\/x.com\/KapitalisInfo","https:\/\/www.youtube.com\/channel\/UC-yDYrHyfFBWWZaOw3FPg9Q"]},{"@type":"Person","@id":"https:\/\/kapitalis.com\/tunisie\/#\/schema\/person\/d71f33a9ca44f7bad4698210b480c8e9","name":"webmaster kapitalis","url":"https:\/\/kapitalis.com\/tunisie\/author\/webmaster-kapitalis\/"}]}},"_links":{"self":[{"href":"https:\/\/kapitalis.com\/tunisie\/wp-json\/wp\/v2\/posts\/32640","targetHints":{"allow":["GET"]}}],"collection":[{"href":"https:\/\/kapitalis.com\/tunisie\/wp-json\/wp\/v2\/posts"}],"about":[{"href":"https:\/\/kapitalis.com\/tunisie\/wp-json\/wp\/v2\/types\/post"}],"author":[{"embeddable":true,"href":"https:\/\/kapitalis.com\/tunisie\/wp-json\/wp\/v2\/users\/8"}],"replies":[{"embeddable":true,"href":"https:\/\/kapitalis.com\/tunisie\/wp-json\/wp\/v2\/comments?post=32640"}],"version-history":[{"count":0,"href":"https:\/\/kapitalis.com\/tunisie\/wp-json\/wp\/v2\/posts\/32640\/revisions"}],"wp:featuredmedia":[{"embeddable":true,"href":"https:\/\/kapitalis.com\/tunisie\/wp-json\/wp\/v2\/media\/32641"}],"wp:attachment":[{"href":"https:\/\/kapitalis.com\/tunisie\/wp-json\/wp\/v2\/media?parent=32640"}],"wp:term":[{"taxonomy":"category","embeddable":true,"href":"https:\/\/kapitalis.com\/tunisie\/wp-json\/wp\/v2\/categories?post=32640"},{"taxonomy":"post_tag","embeddable":true,"href":"https:\/\/kapitalis.com\/tunisie\/wp-json\/wp\/v2\/tags?post=32640"}],"curies":[{"name":"wp","href":"https:\/\/api.w.org\/{rel}","templated":true}]}}