{"id":326492,"date":"2020-12-02T17:53:12","date_gmt":"2020-12-02T16:53:12","guid":{"rendered":"http:\/\/kapitalis.com\/tunisie\/?p=326492"},"modified":"2020-12-02T17:53:15","modified_gmt":"2020-12-02T16:53:15","slug":"cite-des-sciences-de-tunis-2e-edition-des-journees-de-laeronautique","status":"publish","type":"post","link":"https:\/\/kapitalis.com\/tunisie\/2020\/12\/02\/cite-des-sciences-de-tunis-2e-edition-des-journees-de-laeronautique\/","title":{"rendered":"Cit\u00e9 des Sciences de Tunis : 2e \u00e9dition des Journ\u00e9es de l&rsquo;a\u00e9ronautique"},"content":{"rendered":"\n<div class=\"wp-block-image\"><figure class=\"aligncenter size-large\"><img decoding=\"async\" src=\"http:\/\/kapitalis.com\/tunisie\/wp-content\/uploads\/2020\/12\/Untitled-1-1.jpg\" alt=\"\" class=\"wp-image-326493\"\/><\/figure><\/div>\n\n\n\n<p><strong><em>La 2<sup>e<\/sup> \u00e9dition des Journ\u00e9es de l\u2019A\u00e9ronautique se tiendra les 23 et 24 d\u00e9cembre 2020 \u00e0 la Cit\u00e9 des Sciences de Tunis.<\/em><\/strong><\/p>\n\n\n\n<!--more-->\n\n\n\n<p>La Cit\u00e9 des Sciences de Tunis avait lanc\u00e9 l\u2019ann\u00e9e derni\u00e8re la premi\u00e8re \u00e9dition des Journ\u00e9es de l\u2019a\u00e9ronautique&nbsp;; au vue de son succ\u00e8s aupr\u00e8s du public, l\u2019\u00e9v\u00e9nement se renouvelle encore cette ann\u00e9e avec une deuxi\u00e8me \u00e9dition qui portera le slogan&nbsp;\u00ab&nbsp;<em>Les ailes de la Cit\u00e9<\/em>&nbsp;\u00bb.<\/p>\n\n\n\n<p>Organis\u00e9 par la Cit\u00e9 des Sciences en partenariat avec le minist\u00e8re de la D\u00e9fense nationale et l\u2019Association tunisienne de l\u2019a\u00e9ronautique (ATA), l\u2019\u00e9v\u00e9nement sera l\u2019occasion de c\u00e9l\u00e9brer la Journ\u00e9e internationale de l\u2019aviation civile (7 d\u00e9cembre), ainsi que le 110<sup>e<\/sup> anniversaire du premier vol en Tunisie, ayant eu lieu en septembre 1910.<\/p>\n\n\n\n<p>L\u2019\u00e9v\u00e9nement s\u2019\u00e9talera sur deux journ\u00e9es, il sera ouvert au grand public et comprendra des conf\u00e9rences assur\u00e9es par des professionnels du m\u00e9tier, des d\u00e9bats, des expositions, des stands, une projection de film, des ateliers de d\u00e9monstration autour de la m\u00e9canique, ainsi qu\u2019un concours de construction d\u2019avion avec essai de vol, et un concours de peinture.<\/p>\n\n\n\n<p><strong>Fawz Benali<\/strong><\/p>\n","protected":false},"excerpt":{"rendered":"<p>La 2e \u00e9dition des Journ\u00e9es de l\u2019A\u00e9ronautique se tiendra les 23 et 24 d\u00e9cembre 2020 \u00e0 la Cit\u00e9 des Sciences de Tunis.<\/p>\n","protected":false},"author":26,"featured_media":326493,"comment_status":"open","ping_status":"open","sticky":false,"template":"","format":"standard","meta":{"footnotes":""},"categories":[994,2433],"tags":[5505,30522,85229,30462],"class_list":["post-326492","post","type-post","status-publish","format-standard","has-post-thumbnail","hentry","category-culture","category-tunisie","tag-aviation-civile","tag-cite-des-sciences-de-tunis","tag-journees-aeronautique","tag-ministere-de-la-defense-nationale"],"yoast_head":"<!-- This site is optimized with the Yoast SEO plugin v26.6 - https:\/\/yoast.com\/wordpress\/plugins\/seo\/ -->\n<title>Cit\u00e9 des Sciences de Tunis : 2e \u00e9dition des Journ\u00e9es de l&#039;a\u00e9ronautique - Kapitalis<\/title>\n<meta name=\"robots\" content=\"index, follow, max-snippet:-1, max-image-preview:large, max-video-preview:-1\" \/>\n<link rel=\"canonical\" href=\"https:\/\/kapitalis.com\/tunisie\/2020\/12\/02\/cite-des-sciences-de-tunis-2e-edition-des-journees-de-laeronautique\/\" \/>\n<meta property=\"og:locale\" content=\"fr_FR\" \/>\n<meta property=\"og:type\" content=\"article\" \/>\n<meta property=\"og:title\" content=\"Cit\u00e9 des Sciences de Tunis : 2e \u00e9dition des Journ\u00e9es de l&#039;a\u00e9ronautique - Kapitalis\" \/>\n<meta property=\"og:description\" content=\"La 2e \u00e9dition des Journ\u00e9es de l\u2019A\u00e9ronautique se tiendra les 23 et 24 d\u00e9cembre 2020 \u00e0 la Cit\u00e9 des Sciences de Tunis.\" \/>\n<meta property=\"og:url\" content=\"https:\/\/kapitalis.com\/tunisie\/2020\/12\/02\/cite-des-sciences-de-tunis-2e-edition-des-journees-de-laeronautique\/\" \/>\n<meta property=\"og:site_name\" content=\"Kapitalis\" \/>\n<meta property=\"article:publisher\" content=\"https:\/\/www.facebook.com\/KapitalisInfo\/\" \/>\n<meta property=\"article:published_time\" content=\"2020-12-02T16:53:12+00:00\" \/>\n<meta property=\"article:modified_time\" content=\"2020-12-02T16:53:15+00:00\" \/>\n<meta property=\"og:image\" content=\"https:\/\/kapitalis.com\/tunisie\/wp-content\/uploads\/2022\/05\/kapitalis-logo-fb.png\" \/>\n\t<meta property=\"og:image:width\" content=\"1200\" \/>\n\t<meta property=\"og:image:height\" content=\"630\" \/>\n\t<meta property=\"og:image:type\" content=\"image\/png\" \/>\n<meta name=\"author\" content=\"Fawz BenAli\" \/>\n<meta name=\"twitter:card\" content=\"summary_large_image\" \/>\n<meta name=\"twitter:creator\" content=\"@KapitalisInfo\" \/>\n<meta name=\"twitter:site\" content=\"@KapitalisInfo\" \/>\n<meta name=\"twitter:label1\" content=\"\u00c9crit par\" \/>\n\t<meta name=\"twitter:data1\" content=\"Fawz BenAli\" \/>\n\t<meta name=\"twitter:label2\" content=\"Dur\u00e9e de lecture estim\u00e9e\" \/>\n\t<meta name=\"twitter:data2\" content=\"1 minute\" \/>\n<script type=\"application\/ld+json\" class=\"yoast-schema-graph\">{\"@context\":\"https:\/\/schema.org\",\"@graph\":[{\"@type\":\"Article\",\"@id\":\"https:\/\/kapitalis.com\/tunisie\/2020\/12\/02\/cite-des-sciences-de-tunis-2e-edition-des-journees-de-laeronautique\/#article\",\"isPartOf\":{\"@id\":\"https:\/\/kapitalis.com\/tunisie\/2020\/12\/02\/cite-des-sciences-de-tunis-2e-edition-des-journees-de-laeronautique\/\"},\"author\":{\"name\":\"Fawz BenAli\",\"@id\":\"https:\/\/kapitalis.com\/tunisie\/#\/schema\/person\/73a5ecc1f6ae540c6ed91342eadca948\"},\"headline\":\"Cit\u00e9 des Sciences de Tunis : 2e \u00e9dition des Journ\u00e9es de l&rsquo;a\u00e9ronautique\",\"datePublished\":\"2020-12-02T16:53:12+00:00\",\"dateModified\":\"2020-12-02T16:53:15+00:00\",\"mainEntityOfPage\":{\"@id\":\"https:\/\/kapitalis.com\/tunisie\/2020\/12\/02\/cite-des-sciences-de-tunis-2e-edition-des-journees-de-laeronautique\/\"},\"wordCount\":225,\"commentCount\":0,\"publisher\":{\"@id\":\"https:\/\/kapitalis.com\/tunisie\/#organization\"},\"image\":{\"@id\":\"https:\/\/kapitalis.com\/tunisie\/2020\/12\/02\/cite-des-sciences-de-tunis-2e-edition-des-journees-de-laeronautique\/#primaryimage\"},\"thumbnailUrl\":\"\",\"keywords\":[\"aviation civile\",\"Cit\u00e9 des sciences de Tunis\",\"Journ\u00e9es a\u00e9ronautique\",\"minist\u00e8re de la D\u00e9fense nationale\"],\"articleSection\":[\"CULTURE\",\"Tunisie\"],\"inLanguage\":\"fr-FR\",\"potentialAction\":[{\"@type\":\"CommentAction\",\"name\":\"Comment\",\"target\":[\"https:\/\/kapitalis.com\/tunisie\/2020\/12\/02\/cite-des-sciences-de-tunis-2e-edition-des-journees-de-laeronautique\/#respond\"]}]},{\"@type\":\"WebPage\",\"@id\":\"https:\/\/kapitalis.com\/tunisie\/2020\/12\/02\/cite-des-sciences-de-tunis-2e-edition-des-journees-de-laeronautique\/\",\"url\":\"https:\/\/kapitalis.com\/tunisie\/2020\/12\/02\/cite-des-sciences-de-tunis-2e-edition-des-journees-de-laeronautique\/\",\"name\":\"Cit\u00e9 des Sciences de Tunis : 2e \u00e9dition des Journ\u00e9es de l'a\u00e9ronautique - Kapitalis\",\"isPartOf\":{\"@id\":\"https:\/\/kapitalis.com\/tunisie\/#website\"},\"primaryImageOfPage\":{\"@id\":\"https:\/\/kapitalis.com\/tunisie\/2020\/12\/02\/cite-des-sciences-de-tunis-2e-edition-des-journees-de-laeronautique\/#primaryimage\"},\"image\":{\"@id\":\"https:\/\/kapitalis.com\/tunisie\/2020\/12\/02\/cite-des-sciences-de-tunis-2e-edition-des-journees-de-laeronautique\/#primaryimage\"},\"thumbnailUrl\":\"\",\"datePublished\":\"2020-12-02T16:53:12+00:00\",\"dateModified\":\"2020-12-02T16:53:15+00:00\",\"breadcrumb\":{\"@id\":\"https:\/\/kapitalis.com\/tunisie\/2020\/12\/02\/cite-des-sciences-de-tunis-2e-edition-des-journees-de-laeronautique\/#breadcrumb\"},\"inLanguage\":\"fr-FR\",\"potentialAction\":[{\"@type\":\"ReadAction\",\"target\":[\"https:\/\/kapitalis.com\/tunisie\/2020\/12\/02\/cite-des-sciences-de-tunis-2e-edition-des-journees-de-laeronautique\/\"]}]},{\"@type\":\"ImageObject\",\"inLanguage\":\"fr-FR\",\"@id\":\"https:\/\/kapitalis.com\/tunisie\/2020\/12\/02\/cite-des-sciences-de-tunis-2e-edition-des-journees-de-laeronautique\/#primaryimage\",\"url\":\"\",\"contentUrl\":\"\"},{\"@type\":\"BreadcrumbList\",\"@id\":\"https:\/\/kapitalis.com\/tunisie\/2020\/12\/02\/cite-des-sciences-de-tunis-2e-edition-des-journees-de-laeronautique\/#breadcrumb\",\"itemListElement\":[{\"@type\":\"ListItem\",\"position\":1,\"name\":\"Accueil\",\"item\":\"https:\/\/kapitalis.com\/tunisie\/\"},{\"@type\":\"ListItem\",\"position\":2,\"name\":\"Cit\u00e9 des Sciences de Tunis : 2e \u00e9dition des Journ\u00e9es de l&rsquo;a\u00e9ronautique\"}]},{\"@type\":\"WebSite\",\"@id\":\"https:\/\/kapitalis.com\/tunisie\/#website\",\"url\":\"https:\/\/kapitalis.com\/tunisie\/\",\"name\":\"Kapitalis\",\"description\":\"L&#039;actualit\u00e9 en Tunisie et dans le monde\",\"publisher\":{\"@id\":\"https:\/\/kapitalis.com\/tunisie\/#organization\"},\"potentialAction\":[{\"@type\":\"SearchAction\",\"target\":{\"@type\":\"EntryPoint\",\"urlTemplate\":\"https:\/\/kapitalis.com\/tunisie\/?s={search_term_string}\"},\"query-input\":{\"@type\":\"PropertyValueSpecification\",\"valueRequired\":true,\"valueName\":\"search_term_string\"}}],\"inLanguage\":\"fr-FR\"},{\"@type\":\"Organization\",\"@id\":\"https:\/\/kapitalis.com\/tunisie\/#organization\",\"name\":\"Kapitalis\",\"url\":\"https:\/\/kapitalis.com\/tunisie\/\",\"logo\":{\"@type\":\"ImageObject\",\"inLanguage\":\"fr-FR\",\"@id\":\"https:\/\/kapitalis.com\/tunisie\/#\/schema\/logo\/image\/\",\"url\":\"https:\/\/kapitalis.com\/tunisie\/wp-content\/uploads\/2022\/05\/Kapitalis-big-size.png\",\"contentUrl\":\"https:\/\/kapitalis.com\/tunisie\/wp-content\/uploads\/2022\/05\/Kapitalis-big-size.png\",\"width\":5000,\"height\":1500,\"caption\":\"Kapitalis\"},\"image\":{\"@id\":\"https:\/\/kapitalis.com\/tunisie\/#\/schema\/logo\/image\/\"},\"sameAs\":[\"https:\/\/www.facebook.com\/KapitalisInfo\/\",\"https:\/\/x.com\/KapitalisInfo\",\"https:\/\/www.youtube.com\/channel\/UC-yDYrHyfFBWWZaOw3FPg9Q\"]},{\"@type\":\"Person\",\"@id\":\"https:\/\/kapitalis.com\/tunisie\/#\/schema\/person\/73a5ecc1f6ae540c6ed91342eadca948\",\"name\":\"Fawz BenAli\",\"url\":\"https:\/\/kapitalis.com\/tunisie\/author\/fawz\/\"}]}<\/script>\n<!-- \/ Yoast SEO plugin. -->","yoast_head_json":{"title":"Cit\u00e9 des Sciences de Tunis : 2e \u00e9dition des Journ\u00e9es de l'a\u00e9ronautique - Kapitalis","robots":{"index":"index","follow":"follow","max-snippet":"max-snippet:-1","max-image-preview":"max-image-preview:large","max-video-preview":"max-video-preview:-1"},"canonical":"https:\/\/kapitalis.com\/tunisie\/2020\/12\/02\/cite-des-sciences-de-tunis-2e-edition-des-journees-de-laeronautique\/","og_locale":"fr_FR","og_type":"article","og_title":"Cit\u00e9 des Sciences de Tunis : 2e \u00e9dition des Journ\u00e9es de l'a\u00e9ronautique - Kapitalis","og_description":"La 2e \u00e9dition des Journ\u00e9es de l\u2019A\u00e9ronautique se tiendra les 23 et 24 d\u00e9cembre 2020 \u00e0 la Cit\u00e9 des Sciences de Tunis.","og_url":"https:\/\/kapitalis.com\/tunisie\/2020\/12\/02\/cite-des-sciences-de-tunis-2e-edition-des-journees-de-laeronautique\/","og_site_name":"Kapitalis","article_publisher":"https:\/\/www.facebook.com\/KapitalisInfo\/","article_published_time":"2020-12-02T16:53:12+00:00","article_modified_time":"2020-12-02T16:53:15+00:00","og_image":[{"width":1200,"height":630,"url":"https:\/\/kapitalis.com\/tunisie\/wp-content\/uploads\/2022\/05\/kapitalis-logo-fb.png","type":"image\/png"}],"author":"Fawz BenAli","twitter_card":"summary_large_image","twitter_creator":"@KapitalisInfo","twitter_site":"@KapitalisInfo","twitter_misc":{"\u00c9crit par":"Fawz BenAli","Dur\u00e9e de lecture estim\u00e9e":"1 minute"},"schema":{"@context":"https:\/\/schema.org","@graph":[{"@type":"Article","@id":"https:\/\/kapitalis.com\/tunisie\/2020\/12\/02\/cite-des-sciences-de-tunis-2e-edition-des-journees-de-laeronautique\/#article","isPartOf":{"@id":"https:\/\/kapitalis.com\/tunisie\/2020\/12\/02\/cite-des-sciences-de-tunis-2e-edition-des-journees-de-laeronautique\/"},"author":{"name":"Fawz BenAli","@id":"https:\/\/kapitalis.com\/tunisie\/#\/schema\/person\/73a5ecc1f6ae540c6ed91342eadca948"},"headline":"Cit\u00e9 des Sciences de Tunis : 2e \u00e9dition des Journ\u00e9es de l&rsquo;a\u00e9ronautique","datePublished":"2020-12-02T16:53:12+00:00","dateModified":"2020-12-02T16:53:15+00:00","mainEntityOfPage":{"@id":"https:\/\/kapitalis.com\/tunisie\/2020\/12\/02\/cite-des-sciences-de-tunis-2e-edition-des-journees-de-laeronautique\/"},"wordCount":225,"commentCount":0,"publisher":{"@id":"https:\/\/kapitalis.com\/tunisie\/#organization"},"image":{"@id":"https:\/\/kapitalis.com\/tunisie\/2020\/12\/02\/cite-des-sciences-de-tunis-2e-edition-des-journees-de-laeronautique\/#primaryimage"},"thumbnailUrl":"","keywords":["aviation civile","Cit\u00e9 des sciences de Tunis","Journ\u00e9es a\u00e9ronautique","minist\u00e8re de la D\u00e9fense nationale"],"articleSection":["CULTURE","Tunisie"],"inLanguage":"fr-FR","potentialAction":[{"@type":"CommentAction","name":"Comment","target":["https:\/\/kapitalis.com\/tunisie\/2020\/12\/02\/cite-des-sciences-de-tunis-2e-edition-des-journees-de-laeronautique\/#respond"]}]},{"@type":"WebPage","@id":"https:\/\/kapitalis.com\/tunisie\/2020\/12\/02\/cite-des-sciences-de-tunis-2e-edition-des-journees-de-laeronautique\/","url":"https:\/\/kapitalis.com\/tunisie\/2020\/12\/02\/cite-des-sciences-de-tunis-2e-edition-des-journees-de-laeronautique\/","name":"Cit\u00e9 des Sciences de Tunis : 2e \u00e9dition des Journ\u00e9es de l'a\u00e9ronautique - Kapitalis","isPartOf":{"@id":"https:\/\/kapitalis.com\/tunisie\/#website"},"primaryImageOfPage":{"@id":"https:\/\/kapitalis.com\/tunisie\/2020\/12\/02\/cite-des-sciences-de-tunis-2e-edition-des-journees-de-laeronautique\/#primaryimage"},"image":{"@id":"https:\/\/kapitalis.com\/tunisie\/2020\/12\/02\/cite-des-sciences-de-tunis-2e-edition-des-journees-de-laeronautique\/#primaryimage"},"thumbnailUrl":"","datePublished":"2020-12-02T16:53:12+00:00","dateModified":"2020-12-02T16:53:15+00:00","breadcrumb":{"@id":"https:\/\/kapitalis.com\/tunisie\/2020\/12\/02\/cite-des-sciences-de-tunis-2e-edition-des-journees-de-laeronautique\/#breadcrumb"},"inLanguage":"fr-FR","potentialAction":[{"@type":"ReadAction","target":["https:\/\/kapitalis.com\/tunisie\/2020\/12\/02\/cite-des-sciences-de-tunis-2e-edition-des-journees-de-laeronautique\/"]}]},{"@type":"ImageObject","inLanguage":"fr-FR","@id":"https:\/\/kapitalis.com\/tunisie\/2020\/12\/02\/cite-des-sciences-de-tunis-2e-edition-des-journees-de-laeronautique\/#primaryimage","url":"","contentUrl":""},{"@type":"BreadcrumbList","@id":"https:\/\/kapitalis.com\/tunisie\/2020\/12\/02\/cite-des-sciences-de-tunis-2e-edition-des-journees-de-laeronautique\/#breadcrumb","itemListElement":[{"@type":"ListItem","position":1,"name":"Accueil","item":"https:\/\/kapitalis.com\/tunisie\/"},{"@type":"ListItem","position":2,"name":"Cit\u00e9 des Sciences de Tunis : 2e \u00e9dition des Journ\u00e9es de l&rsquo;a\u00e9ronautique"}]},{"@type":"WebSite","@id":"https:\/\/kapitalis.com\/tunisie\/#website","url":"https:\/\/kapitalis.com\/tunisie\/","name":"Kapitalis","description":"L&#039;actualit\u00e9 en Tunisie et dans le monde","publisher":{"@id":"https:\/\/kapitalis.com\/tunisie\/#organization"},"potentialAction":[{"@type":"SearchAction","target":{"@type":"EntryPoint","urlTemplate":"https:\/\/kapitalis.com\/tunisie\/?s={search_term_string}"},"query-input":{"@type":"PropertyValueSpecification","valueRequired":true,"valueName":"search_term_string"}}],"inLanguage":"fr-FR"},{"@type":"Organization","@id":"https:\/\/kapitalis.com\/tunisie\/#organization","name":"Kapitalis","url":"https:\/\/kapitalis.com\/tunisie\/","logo":{"@type":"ImageObject","inLanguage":"fr-FR","@id":"https:\/\/kapitalis.com\/tunisie\/#\/schema\/logo\/image\/","url":"https:\/\/kapitalis.com\/tunisie\/wp-content\/uploads\/2022\/05\/Kapitalis-big-size.png","contentUrl":"https:\/\/kapitalis.com\/tunisie\/wp-content\/uploads\/2022\/05\/Kapitalis-big-size.png","width":5000,"height":1500,"caption":"Kapitalis"},"image":{"@id":"https:\/\/kapitalis.com\/tunisie\/#\/schema\/logo\/image\/"},"sameAs":["https:\/\/www.facebook.com\/KapitalisInfo\/","https:\/\/x.com\/KapitalisInfo","https:\/\/www.youtube.com\/channel\/UC-yDYrHyfFBWWZaOw3FPg9Q"]},{"@type":"Person","@id":"https:\/\/kapitalis.com\/tunisie\/#\/schema\/person\/73a5ecc1f6ae540c6ed91342eadca948","name":"Fawz BenAli","url":"https:\/\/kapitalis.com\/tunisie\/author\/fawz\/"}]}},"_links":{"self":[{"href":"https:\/\/kapitalis.com\/tunisie\/wp-json\/wp\/v2\/posts\/326492","targetHints":{"allow":["GET"]}}],"collection":[{"href":"https:\/\/kapitalis.com\/tunisie\/wp-json\/wp\/v2\/posts"}],"about":[{"href":"https:\/\/kapitalis.com\/tunisie\/wp-json\/wp\/v2\/types\/post"}],"author":[{"embeddable":true,"href":"https:\/\/kapitalis.com\/tunisie\/wp-json\/wp\/v2\/users\/26"}],"replies":[{"embeddable":true,"href":"https:\/\/kapitalis.com\/tunisie\/wp-json\/wp\/v2\/comments?post=326492"}],"version-history":[{"count":0,"href":"https:\/\/kapitalis.com\/tunisie\/wp-json\/wp\/v2\/posts\/326492\/revisions"}],"wp:featuredmedia":[{"embeddable":true,"href":"https:\/\/kapitalis.com\/tunisie\/wp-json\/wp\/v2\/media\/326493"}],"wp:attachment":[{"href":"https:\/\/kapitalis.com\/tunisie\/wp-json\/wp\/v2\/media?parent=326492"}],"wp:term":[{"taxonomy":"category","embeddable":true,"href":"https:\/\/kapitalis.com\/tunisie\/wp-json\/wp\/v2\/categories?post=326492"},{"taxonomy":"post_tag","embeddable":true,"href":"https:\/\/kapitalis.com\/tunisie\/wp-json\/wp\/v2\/tags?post=326492"}],"curies":[{"name":"wp","href":"https:\/\/api.w.org\/{rel}","templated":true}]}}