{"id":326519,"date":"2020-12-02T23:45:29","date_gmt":"2020-12-02T22:45:29","guid":{"rendered":"http:\/\/kapitalis.com\/tunisie\/?p=326519"},"modified":"2020-12-03T15:43:46","modified_gmt":"2020-12-03T14:43:46","slug":"la-constituante-salma-baccar-soutient-le-sit-in-de-la-colere-organise-par-le-pdl","status":"publish","type":"post","link":"https:\/\/kapitalis.com\/tunisie\/2020\/12\/02\/la-constituante-salma-baccar-soutient-le-sit-in-de-la-colere-organise-par-le-pdl\/","title":{"rendered":"La constituante Salma Baccar soutient le sit-in de la col\u00e8re, organis\u00e9 par le PDL"},"content":{"rendered":"\n<figure class=\"wp-block-image size-large\"><img decoding=\"async\" src=\"http:\/\/kapitalis.com\/tunisie\/wp-content\/uploads\/2020\/12\/Abir-Moussi-Salma-Baccar.jpg\" alt=\"\" class=\"wp-image-326528\"\/><\/figure>\n\n\n\n<p><strong><em>La constituante et cin\u00e9aste, Salma Baccar, ancienne dirigeante du parti Al-Massar s&rsquo;est rendue dans la soir\u00e9e de ce mercredi 2 d\u00e9cembre 2020, au sit-in de la col\u00e8re, organis\u00e9 par le Parti destourien libre (PDL) pr\u00e9sid\u00e9 Abir Moussi, contre l\u2019Union des Oul\u00e9mas musulmans. \u00abJe soutiens toute d\u00e9marche d\u00e9fendant l\u2019Etat civil et la\u00efc<strong><em>\u00bb<\/em><\/strong>, a-t-elle dit, en ajoutant : \u00abIl s&rsquo;agit d&rsquo;un combat qui me repr\u00e9sente, un combat qui concerne tous les Tunisiens d\u00e9sireux de d\u00e9fendre leur pays\u00bb.<\/em><\/strong><\/p>\n\n\n\n<!--more-->\n\n\n\n<p>\u00ab<em>Je suis ici, bien plus que pour soutenir Abir ou vous autres, mais pour d\u00e9fendre cette affaire, d\u00e9fendre mon pays<\/em>\u00bb, a lanc\u00e9 Salma Baccar, qui a \u00e9galement affirm\u00e9 qu&rsquo;elle s&rsquo;attend \u00e0 \u00eatre critiqu\u00e9e mais qu&rsquo;elle r\u00e9pondra \u00e0 ses d\u00e9tracteurs et leur expliquera, dit-elle en ajoutant : <em>\u00abPeu importe la partie initiatrice, l&rsquo;essentiel c&rsquo;est de d\u00e9fendre l&rsquo;Etat civil et de combattre l&rsquo;obscurantisme. Cette affaire me concerne et concerne toutes les femmes et tous les hommes qui aiment le pays. D&rsquo;ailleurs je me demande pourquoi de 2012 \u00e0 ce jour aucune force politique n&rsquo;a eu l&rsquo;id\u00e9e de d\u00e9fendre cette cause, en demandant la fermeture de cette filiale tunisienne de l\u2019Union de Qaradawi<\/em>\u00bb.<\/p>\n\n\n\n<p>Salma Baccar affirme que sa vie durant, elle a lutt\u00e9 contre l&rsquo;obscurantisme et l&rsquo;islam politique et ce qu&rsquo;il lui importe le plus c&rsquo;est de gagner ce combat et pr\u00e9server l&rsquo;Etat civil.<\/p>\n\n\n\n<div class=\"wp-block-image\"><figure class=\"aligncenter size-large is-resized\"><img loading=\"lazy\" decoding=\"async\" src=\"http:\/\/kapitalis.com\/tunisie\/wp-content\/uploads\/2020\/12\/Salma-Baccar.jpg\" alt=\"\" class=\"wp-image-326529\" width=\"313\" height=\"190\"\/><\/figure><\/div>\n\n\n\n<p>Elle a rappel\u00e9 que le bloc d\u00e9mocratique de l&rsquo;Assembl\u00e9e nationale constituante (ANC), dont elle \u00e9tait la pr\u00e9sidente, s&rsquo;est oppos\u00e9 \u00e0 l&rsquo;islam politique depuis 2011, et a toujours men\u00e9 les combats civils et d\u00e9fendu une Tunisie libre et d\u00e9mocrate.<\/p>\n\n\n\n<p>\u00ab<em>Venez soutenir ce sit-in, cela nous concerne tous. Surtout nous les femmes, car si ces gens l\u00e0 (extr\u00e9mistes religieux) venaient \u00e0 prendre le pouvoir, que dieu vous en pr\u00e9serve, les premi\u00e8res \u00e0 payer la facture, seront les Tunisiennes<\/em>\u00bb, a appel\u00e9 la cin\u00e9aste et militante pour les droits de l&rsquo;homme et l&rsquo;\u00e9galit\u00e9.<\/p>\n\n\n\n<p>De son c\u00f4t\u00e9 Abir Moussi a remerci\u00e9 Salma Baccar et affirm\u00e9 que peu importe les divergences entre les partis et les orientations, il y aura toujours des grandes lignes qui r\u00e9uniront les forces d\u00e9mocratiques.<\/p>\n\n\n\n<p class=\"has-text-align-right\"><strong>Y. N.<\/strong><\/p>\n","protected":false},"excerpt":{"rendered":"<p>La constituante et cin\u00e9aste, Salma Baccar, ancienne dirigeante du parti Al-Massar s&rsquo;est rendue dans la soir\u00e9e de ce mercredi 2 d\u00e9cembre 2020, au sit-in de la col\u00e8re, organis\u00e9 par le Parti destourien libre (PDL) pr\u00e9sid\u00e9 Abir Moussi, contre l\u2019Union des Oul\u00e9mas musulmans. \u00abJe soutiens toute d\u00e9marche d\u00e9fendant l\u2019Etat civil et la\u00efc\u00bb, a-t-elle dit, en ajoutant&#8230;<\/p>\n","protected":false},"author":6,"featured_media":326528,"comment_status":"open","ping_status":"open","sticky":false,"template":"","format":"standard","meta":{"footnotes":""},"categories":[997,2433],"tags":[15144,16282,85235,84925,23927,33536,4486],"class_list":["post-326519","post","type-post","status-publish","format-standard","has-post-thumbnail","hentry","category-politique","category-tunisie","tag-abir-moussi","tag-etat-civil","tag-massar","tag-oulemas-musulmans","tag-parti-destourien-libre","tag-pdl","tag-salma-baccar"],"yoast_head":"<!-- This site is optimized with the Yoast SEO plugin v26.6 - https:\/\/yoast.com\/wordpress\/plugins\/seo\/ -->\n<title>La constituante Salma Baccar soutient le sit-in de la col\u00e8re, organis\u00e9 par le PDL - Kapitalis<\/title>\n<meta name=\"robots\" content=\"index, follow, max-snippet:-1, max-image-preview:large, max-video-preview:-1\" \/>\n<link rel=\"canonical\" href=\"https:\/\/kapitalis.com\/tunisie\/2020\/12\/02\/la-constituante-salma-baccar-soutient-le-sit-in-de-la-colere-organise-par-le-pdl\/\" \/>\n<meta property=\"og:locale\" content=\"fr_FR\" \/>\n<meta property=\"og:type\" content=\"article\" \/>\n<meta property=\"og:title\" content=\"La constituante Salma Baccar soutient le sit-in de la col\u00e8re, organis\u00e9 par le PDL - Kapitalis\" \/>\n<meta property=\"og:description\" content=\"La constituante et cin\u00e9aste, Salma Baccar, ancienne dirigeante du parti Al-Massar s&rsquo;est rendue dans la soir\u00e9e de ce mercredi 2 d\u00e9cembre 2020, au sit-in de la col\u00e8re, organis\u00e9 par le Parti destourien libre (PDL) pr\u00e9sid\u00e9 Abir Moussi, contre l\u2019Union des Oul\u00e9mas musulmans. \u00abJe soutiens toute d\u00e9marche d\u00e9fendant l\u2019Etat civil et la\u00efc\u00bb, a-t-elle dit, en ajoutant...\" \/>\n<meta property=\"og:url\" content=\"https:\/\/kapitalis.com\/tunisie\/2020\/12\/02\/la-constituante-salma-baccar-soutient-le-sit-in-de-la-colere-organise-par-le-pdl\/\" \/>\n<meta property=\"og:site_name\" content=\"Kapitalis\" \/>\n<meta property=\"article:publisher\" content=\"https:\/\/www.facebook.com\/KapitalisInfo\/\" \/>\n<meta property=\"article:published_time\" content=\"2020-12-02T22:45:29+00:00\" \/>\n<meta property=\"article:modified_time\" content=\"2020-12-03T14:43:46+00:00\" \/>\n<meta property=\"og:image\" content=\"https:\/\/kapitalis.com\/tunisie\/wp-content\/uploads\/2022\/05\/kapitalis-logo-fb.png\" \/>\n\t<meta property=\"og:image:width\" content=\"1200\" \/>\n\t<meta property=\"og:image:height\" content=\"630\" \/>\n\t<meta property=\"og:image:type\" content=\"image\/png\" \/>\n<meta name=\"author\" content=\"Yusra NY\" \/>\n<meta name=\"twitter:card\" content=\"summary_large_image\" \/>\n<meta name=\"twitter:creator\" content=\"@KapitalisInfo\" \/>\n<meta name=\"twitter:site\" content=\"@KapitalisInfo\" \/>\n<meta name=\"twitter:label1\" content=\"\u00c9crit par\" \/>\n\t<meta name=\"twitter:data1\" content=\"Yusra NY\" \/>\n\t<meta name=\"twitter:label2\" content=\"Dur\u00e9e de lecture estim\u00e9e\" \/>\n\t<meta name=\"twitter:data2\" content=\"2 minutes\" \/>\n<script type=\"application\/ld+json\" class=\"yoast-schema-graph\">{\"@context\":\"https:\/\/schema.org\",\"@graph\":[{\"@type\":\"Article\",\"@id\":\"https:\/\/kapitalis.com\/tunisie\/2020\/12\/02\/la-constituante-salma-baccar-soutient-le-sit-in-de-la-colere-organise-par-le-pdl\/#article\",\"isPartOf\":{\"@id\":\"https:\/\/kapitalis.com\/tunisie\/2020\/12\/02\/la-constituante-salma-baccar-soutient-le-sit-in-de-la-colere-organise-par-le-pdl\/\"},\"author\":{\"name\":\"Yusra NY\",\"@id\":\"https:\/\/kapitalis.com\/tunisie\/#\/schema\/person\/74bbde0154d49d790a92aaeac5bc01d5\"},\"headline\":\"La constituante Salma Baccar soutient le sit-in de la col\u00e8re, organis\u00e9 par le PDL\",\"datePublished\":\"2020-12-02T22:45:29+00:00\",\"dateModified\":\"2020-12-03T14:43:46+00:00\",\"mainEntityOfPage\":{\"@id\":\"https:\/\/kapitalis.com\/tunisie\/2020\/12\/02\/la-constituante-salma-baccar-soutient-le-sit-in-de-la-colere-organise-par-le-pdl\/\"},\"wordCount\":381,\"commentCount\":2,\"publisher\":{\"@id\":\"https:\/\/kapitalis.com\/tunisie\/#organization\"},\"image\":{\"@id\":\"https:\/\/kapitalis.com\/tunisie\/2020\/12\/02\/la-constituante-salma-baccar-soutient-le-sit-in-de-la-colere-organise-par-le-pdl\/#primaryimage\"},\"thumbnailUrl\":\"\",\"keywords\":[\"Abir Moussi\",\"\u00e9tat civil\",\"Massar\",\"Oul\u00e9mas musulmans\",\"Parti destourien libre\",\"PDL\",\"Salma Baccar\"],\"articleSection\":[\"POLITIQUE\",\"Tunisie\"],\"inLanguage\":\"fr-FR\",\"potentialAction\":[{\"@type\":\"CommentAction\",\"name\":\"Comment\",\"target\":[\"https:\/\/kapitalis.com\/tunisie\/2020\/12\/02\/la-constituante-salma-baccar-soutient-le-sit-in-de-la-colere-organise-par-le-pdl\/#respond\"]}]},{\"@type\":\"WebPage\",\"@id\":\"https:\/\/kapitalis.com\/tunisie\/2020\/12\/02\/la-constituante-salma-baccar-soutient-le-sit-in-de-la-colere-organise-par-le-pdl\/\",\"url\":\"https:\/\/kapitalis.com\/tunisie\/2020\/12\/02\/la-constituante-salma-baccar-soutient-le-sit-in-de-la-colere-organise-par-le-pdl\/\",\"name\":\"La constituante Salma Baccar soutient le sit-in de la col\u00e8re, organis\u00e9 par le PDL - Kapitalis\",\"isPartOf\":{\"@id\":\"https:\/\/kapitalis.com\/tunisie\/#website\"},\"primaryImageOfPage\":{\"@id\":\"https:\/\/kapitalis.com\/tunisie\/2020\/12\/02\/la-constituante-salma-baccar-soutient-le-sit-in-de-la-colere-organise-par-le-pdl\/#primaryimage\"},\"image\":{\"@id\":\"https:\/\/kapitalis.com\/tunisie\/2020\/12\/02\/la-constituante-salma-baccar-soutient-le-sit-in-de-la-colere-organise-par-le-pdl\/#primaryimage\"},\"thumbnailUrl\":\"\",\"datePublished\":\"2020-12-02T22:45:29+00:00\",\"dateModified\":\"2020-12-03T14:43:46+00:00\",\"breadcrumb\":{\"@id\":\"https:\/\/kapitalis.com\/tunisie\/2020\/12\/02\/la-constituante-salma-baccar-soutient-le-sit-in-de-la-colere-organise-par-le-pdl\/#breadcrumb\"},\"inLanguage\":\"fr-FR\",\"potentialAction\":[{\"@type\":\"ReadAction\",\"target\":[\"https:\/\/kapitalis.com\/tunisie\/2020\/12\/02\/la-constituante-salma-baccar-soutient-le-sit-in-de-la-colere-organise-par-le-pdl\/\"]}]},{\"@type\":\"ImageObject\",\"inLanguage\":\"fr-FR\",\"@id\":\"https:\/\/kapitalis.com\/tunisie\/2020\/12\/02\/la-constituante-salma-baccar-soutient-le-sit-in-de-la-colere-organise-par-le-pdl\/#primaryimage\",\"url\":\"\",\"contentUrl\":\"\"},{\"@type\":\"BreadcrumbList\",\"@id\":\"https:\/\/kapitalis.com\/tunisie\/2020\/12\/02\/la-constituante-salma-baccar-soutient-le-sit-in-de-la-colere-organise-par-le-pdl\/#breadcrumb\",\"itemListElement\":[{\"@type\":\"ListItem\",\"position\":1,\"name\":\"Accueil\",\"item\":\"https:\/\/kapitalis.com\/tunisie\/\"},{\"@type\":\"ListItem\",\"position\":2,\"name\":\"La constituante Salma Baccar soutient le sit-in de la col\u00e8re, organis\u00e9 par le PDL\"}]},{\"@type\":\"WebSite\",\"@id\":\"https:\/\/kapitalis.com\/tunisie\/#website\",\"url\":\"https:\/\/kapitalis.com\/tunisie\/\",\"name\":\"Kapitalis\",\"description\":\"L&#039;actualit\u00e9 en Tunisie et dans le monde\",\"publisher\":{\"@id\":\"https:\/\/kapitalis.com\/tunisie\/#organization\"},\"potentialAction\":[{\"@type\":\"SearchAction\",\"target\":{\"@type\":\"EntryPoint\",\"urlTemplate\":\"https:\/\/kapitalis.com\/tunisie\/?s={search_term_string}\"},\"query-input\":{\"@type\":\"PropertyValueSpecification\",\"valueRequired\":true,\"valueName\":\"search_term_string\"}}],\"inLanguage\":\"fr-FR\"},{\"@type\":\"Organization\",\"@id\":\"https:\/\/kapitalis.com\/tunisie\/#organization\",\"name\":\"Kapitalis\",\"url\":\"https:\/\/kapitalis.com\/tunisie\/\",\"logo\":{\"@type\":\"ImageObject\",\"inLanguage\":\"fr-FR\",\"@id\":\"https:\/\/kapitalis.com\/tunisie\/#\/schema\/logo\/image\/\",\"url\":\"https:\/\/kapitalis.com\/tunisie\/wp-content\/uploads\/2022\/05\/Kapitalis-big-size.png\",\"contentUrl\":\"https:\/\/kapitalis.com\/tunisie\/wp-content\/uploads\/2022\/05\/Kapitalis-big-size.png\",\"width\":5000,\"height\":1500,\"caption\":\"Kapitalis\"},\"image\":{\"@id\":\"https:\/\/kapitalis.com\/tunisie\/#\/schema\/logo\/image\/\"},\"sameAs\":[\"https:\/\/www.facebook.com\/KapitalisInfo\/\",\"https:\/\/x.com\/KapitalisInfo\",\"https:\/\/www.youtube.com\/channel\/UC-yDYrHyfFBWWZaOw3FPg9Q\"]},{\"@type\":\"Person\",\"@id\":\"https:\/\/kapitalis.com\/tunisie\/#\/schema\/person\/74bbde0154d49d790a92aaeac5bc01d5\",\"name\":\"Yusra NY\",\"url\":\"https:\/\/kapitalis.com\/tunisie\/author\/yuza_adam\/\"}]}<\/script>\n<!-- \/ Yoast SEO plugin. -->","yoast_head_json":{"title":"La constituante Salma Baccar soutient le sit-in de la col\u00e8re, organis\u00e9 par le PDL - Kapitalis","robots":{"index":"index","follow":"follow","max-snippet":"max-snippet:-1","max-image-preview":"max-image-preview:large","max-video-preview":"max-video-preview:-1"},"canonical":"https:\/\/kapitalis.com\/tunisie\/2020\/12\/02\/la-constituante-salma-baccar-soutient-le-sit-in-de-la-colere-organise-par-le-pdl\/","og_locale":"fr_FR","og_type":"article","og_title":"La constituante Salma Baccar soutient le sit-in de la col\u00e8re, organis\u00e9 par le PDL - Kapitalis","og_description":"La constituante et cin\u00e9aste, Salma Baccar, ancienne dirigeante du parti Al-Massar s&rsquo;est rendue dans la soir\u00e9e de ce mercredi 2 d\u00e9cembre 2020, au sit-in de la col\u00e8re, organis\u00e9 par le Parti destourien libre (PDL) pr\u00e9sid\u00e9 Abir Moussi, contre l\u2019Union des Oul\u00e9mas musulmans. \u00abJe soutiens toute d\u00e9marche d\u00e9fendant l\u2019Etat civil et la\u00efc\u00bb, a-t-elle dit, en ajoutant...","og_url":"https:\/\/kapitalis.com\/tunisie\/2020\/12\/02\/la-constituante-salma-baccar-soutient-le-sit-in-de-la-colere-organise-par-le-pdl\/","og_site_name":"Kapitalis","article_publisher":"https:\/\/www.facebook.com\/KapitalisInfo\/","article_published_time":"2020-12-02T22:45:29+00:00","article_modified_time":"2020-12-03T14:43:46+00:00","og_image":[{"width":1200,"height":630,"url":"https:\/\/kapitalis.com\/tunisie\/wp-content\/uploads\/2022\/05\/kapitalis-logo-fb.png","type":"image\/png"}],"author":"Yusra NY","twitter_card":"summary_large_image","twitter_creator":"@KapitalisInfo","twitter_site":"@KapitalisInfo","twitter_misc":{"\u00c9crit par":"Yusra NY","Dur\u00e9e de lecture estim\u00e9e":"2 minutes"},"schema":{"@context":"https:\/\/schema.org","@graph":[{"@type":"Article","@id":"https:\/\/kapitalis.com\/tunisie\/2020\/12\/02\/la-constituante-salma-baccar-soutient-le-sit-in-de-la-colere-organise-par-le-pdl\/#article","isPartOf":{"@id":"https:\/\/kapitalis.com\/tunisie\/2020\/12\/02\/la-constituante-salma-baccar-soutient-le-sit-in-de-la-colere-organise-par-le-pdl\/"},"author":{"name":"Yusra NY","@id":"https:\/\/kapitalis.com\/tunisie\/#\/schema\/person\/74bbde0154d49d790a92aaeac5bc01d5"},"headline":"La constituante Salma Baccar soutient le sit-in de la col\u00e8re, organis\u00e9 par le PDL","datePublished":"2020-12-02T22:45:29+00:00","dateModified":"2020-12-03T14:43:46+00:00","mainEntityOfPage":{"@id":"https:\/\/kapitalis.com\/tunisie\/2020\/12\/02\/la-constituante-salma-baccar-soutient-le-sit-in-de-la-colere-organise-par-le-pdl\/"},"wordCount":381,"commentCount":2,"publisher":{"@id":"https:\/\/kapitalis.com\/tunisie\/#organization"},"image":{"@id":"https:\/\/kapitalis.com\/tunisie\/2020\/12\/02\/la-constituante-salma-baccar-soutient-le-sit-in-de-la-colere-organise-par-le-pdl\/#primaryimage"},"thumbnailUrl":"","keywords":["Abir Moussi","\u00e9tat civil","Massar","Oul\u00e9mas musulmans","Parti destourien libre","PDL","Salma Baccar"],"articleSection":["POLITIQUE","Tunisie"],"inLanguage":"fr-FR","potentialAction":[{"@type":"CommentAction","name":"Comment","target":["https:\/\/kapitalis.com\/tunisie\/2020\/12\/02\/la-constituante-salma-baccar-soutient-le-sit-in-de-la-colere-organise-par-le-pdl\/#respond"]}]},{"@type":"WebPage","@id":"https:\/\/kapitalis.com\/tunisie\/2020\/12\/02\/la-constituante-salma-baccar-soutient-le-sit-in-de-la-colere-organise-par-le-pdl\/","url":"https:\/\/kapitalis.com\/tunisie\/2020\/12\/02\/la-constituante-salma-baccar-soutient-le-sit-in-de-la-colere-organise-par-le-pdl\/","name":"La constituante Salma Baccar soutient le sit-in de la col\u00e8re, organis\u00e9 par le PDL - Kapitalis","isPartOf":{"@id":"https:\/\/kapitalis.com\/tunisie\/#website"},"primaryImageOfPage":{"@id":"https:\/\/kapitalis.com\/tunisie\/2020\/12\/02\/la-constituante-salma-baccar-soutient-le-sit-in-de-la-colere-organise-par-le-pdl\/#primaryimage"},"image":{"@id":"https:\/\/kapitalis.com\/tunisie\/2020\/12\/02\/la-constituante-salma-baccar-soutient-le-sit-in-de-la-colere-organise-par-le-pdl\/#primaryimage"},"thumbnailUrl":"","datePublished":"2020-12-02T22:45:29+00:00","dateModified":"2020-12-03T14:43:46+00:00","breadcrumb":{"@id":"https:\/\/kapitalis.com\/tunisie\/2020\/12\/02\/la-constituante-salma-baccar-soutient-le-sit-in-de-la-colere-organise-par-le-pdl\/#breadcrumb"},"inLanguage":"fr-FR","potentialAction":[{"@type":"ReadAction","target":["https:\/\/kapitalis.com\/tunisie\/2020\/12\/02\/la-constituante-salma-baccar-soutient-le-sit-in-de-la-colere-organise-par-le-pdl\/"]}]},{"@type":"ImageObject","inLanguage":"fr-FR","@id":"https:\/\/kapitalis.com\/tunisie\/2020\/12\/02\/la-constituante-salma-baccar-soutient-le-sit-in-de-la-colere-organise-par-le-pdl\/#primaryimage","url":"","contentUrl":""},{"@type":"BreadcrumbList","@id":"https:\/\/kapitalis.com\/tunisie\/2020\/12\/02\/la-constituante-salma-baccar-soutient-le-sit-in-de-la-colere-organise-par-le-pdl\/#breadcrumb","itemListElement":[{"@type":"ListItem","position":1,"name":"Accueil","item":"https:\/\/kapitalis.com\/tunisie\/"},{"@type":"ListItem","position":2,"name":"La constituante Salma Baccar soutient le sit-in de la col\u00e8re, organis\u00e9 par le PDL"}]},{"@type":"WebSite","@id":"https:\/\/kapitalis.com\/tunisie\/#website","url":"https:\/\/kapitalis.com\/tunisie\/","name":"Kapitalis","description":"L&#039;actualit\u00e9 en Tunisie et dans le monde","publisher":{"@id":"https:\/\/kapitalis.com\/tunisie\/#organization"},"potentialAction":[{"@type":"SearchAction","target":{"@type":"EntryPoint","urlTemplate":"https:\/\/kapitalis.com\/tunisie\/?s={search_term_string}"},"query-input":{"@type":"PropertyValueSpecification","valueRequired":true,"valueName":"search_term_string"}}],"inLanguage":"fr-FR"},{"@type":"Organization","@id":"https:\/\/kapitalis.com\/tunisie\/#organization","name":"Kapitalis","url":"https:\/\/kapitalis.com\/tunisie\/","logo":{"@type":"ImageObject","inLanguage":"fr-FR","@id":"https:\/\/kapitalis.com\/tunisie\/#\/schema\/logo\/image\/","url":"https:\/\/kapitalis.com\/tunisie\/wp-content\/uploads\/2022\/05\/Kapitalis-big-size.png","contentUrl":"https:\/\/kapitalis.com\/tunisie\/wp-content\/uploads\/2022\/05\/Kapitalis-big-size.png","width":5000,"height":1500,"caption":"Kapitalis"},"image":{"@id":"https:\/\/kapitalis.com\/tunisie\/#\/schema\/logo\/image\/"},"sameAs":["https:\/\/www.facebook.com\/KapitalisInfo\/","https:\/\/x.com\/KapitalisInfo","https:\/\/www.youtube.com\/channel\/UC-yDYrHyfFBWWZaOw3FPg9Q"]},{"@type":"Person","@id":"https:\/\/kapitalis.com\/tunisie\/#\/schema\/person\/74bbde0154d49d790a92aaeac5bc01d5","name":"Yusra NY","url":"https:\/\/kapitalis.com\/tunisie\/author\/yuza_adam\/"}]}},"_links":{"self":[{"href":"https:\/\/kapitalis.com\/tunisie\/wp-json\/wp\/v2\/posts\/326519","targetHints":{"allow":["GET"]}}],"collection":[{"href":"https:\/\/kapitalis.com\/tunisie\/wp-json\/wp\/v2\/posts"}],"about":[{"href":"https:\/\/kapitalis.com\/tunisie\/wp-json\/wp\/v2\/types\/post"}],"author":[{"embeddable":true,"href":"https:\/\/kapitalis.com\/tunisie\/wp-json\/wp\/v2\/users\/6"}],"replies":[{"embeddable":true,"href":"https:\/\/kapitalis.com\/tunisie\/wp-json\/wp\/v2\/comments?post=326519"}],"version-history":[{"count":0,"href":"https:\/\/kapitalis.com\/tunisie\/wp-json\/wp\/v2\/posts\/326519\/revisions"}],"wp:featuredmedia":[{"embeddable":true,"href":"https:\/\/kapitalis.com\/tunisie\/wp-json\/wp\/v2\/media\/326528"}],"wp:attachment":[{"href":"https:\/\/kapitalis.com\/tunisie\/wp-json\/wp\/v2\/media?parent=326519"}],"wp:term":[{"taxonomy":"category","embeddable":true,"href":"https:\/\/kapitalis.com\/tunisie\/wp-json\/wp\/v2\/categories?post=326519"},{"taxonomy":"post_tag","embeddable":true,"href":"https:\/\/kapitalis.com\/tunisie\/wp-json\/wp\/v2\/tags?post=326519"}],"curies":[{"name":"wp","href":"https:\/\/api.w.org\/{rel}","templated":true}]}}