{"id":326569,"date":"2020-12-03T13:55:49","date_gmt":"2020-12-03T12:55:49","guid":{"rendered":"http:\/\/kapitalis.com\/tunisie\/?p=326569"},"modified":"2020-12-03T13:55:51","modified_gmt":"2020-12-03T12:55:51","slug":"face-a-la-crise-sanitaire-tunisair-resserre-ses-depenses-et-espere-se-remettre-sur-pied-en-2021","status":"publish","type":"post","link":"https:\/\/kapitalis.com\/tunisie\/2020\/12\/03\/face-a-la-crise-sanitaire-tunisair-resserre-ses-depenses-et-espere-se-remettre-sur-pied-en-2021\/","title":{"rendered":"Face \u00e0 la crise sanitaire, Tunisair resserre ses d\u00e9penses et esp\u00e8re se remettre sur pied en 2021"},"content":{"rendered":"\n<figure class=\"wp-block-image size-large\"><img decoding=\"async\" src=\"http:\/\/kapitalis.com\/tunisie\/wp-content\/uploads\/2020\/07\/Tunisair-Remboursement.jpg\" alt=\"\" class=\"wp-image-308500\"\/><\/figure>\n\n\n\n<p><strong><em>En crise financi\u00e8re depuis plusieurs ann\u00e9es, Tunisair a vu sa situation empirer en 2020 en raison de la propagation de la pand\u00e9mie du coronavirus, qui a particuli\u00e8rement impacter le secteur du transport a\u00e9rien. Les responsables de la\u00a0compagnie a\u00e9rienne\u00a0nationale semblent, par ailleurs, confiants par rapport \u00e0 l&rsquo;avenir.<\/em><\/strong><\/p>\n\n\n\n<!--more-->\n\n\n\n<p>Alors que des bruits sont en train de circuler sur la possibilit\u00e9 d&rsquo;une faillite, Tunisair a tenu \u00e0 rassurer l&rsquo;opinion publique et d\u00e9mentir ces rumeurs, implicitement, hier, mercredi 3 d\u00e9cembre 2020, via un communiqu\u00e9 publi\u00e9 sur Facebook. <\/p>\n\n\n\n<p>La compagnie a en effet, indiqu\u00e9 qu&rsquo;elle a resserr\u00e9 ses d\u00e9penses, notamment en annulant les vols non rentables et en se limitant \u00e0 l\u2019exploitation des avions qui r\u00e9pondent aux conditions de s\u00e9curit\u00e9 et de s\u00fbret\u00e9 a\u00e9rienne.<\/p>\n\n\n\n<p>Le transporteur national s\u2019engage \u00e9galement \u00e0 la mise en \u0153uvre, d\u00e8s la reprise de son activit\u00e9 normale pr\u00e9vue en 2021, d\u2019un programme de r\u00e9forme et de d\u00e9veloppement, et compte, pour ce faire, sur l\u2019appui de l\u2019\u00c9tat.<\/p>\n\n\n\n<p>Tunisair a, par ailleurs, soulign\u00e9 la chute du nombre de ses passagers en 2020 : moins de 70% par rapport \u00e0 2019.<\/p>\n\n\n\n<p class=\"has-text-align-right\"><strong>C. B. Y.<\/strong><\/p>\n","protected":false},"excerpt":{"rendered":"<p>En crise financi\u00e8re depuis plusieurs ann\u00e9es, Tunisair a vu sa situation empirer en 2020 en raison de la propagation de la pand\u00e9mie du coronavirus, qui a particuli\u00e8rement impacter le secteur du transport a\u00e9rien. Les responsables de la\u00a0compagnie a\u00e9rienne\u00a0nationale semblent, par ailleurs, confiants par rapport \u00e0 l&rsquo;avenir.<\/p>\n","protected":false},"author":24,"featured_media":0,"comment_status":"open","ping_status":"open","sticky":false,"template":"","format":"standard","meta":{"footnotes":""},"categories":[995,2433],"tags":[1501],"class_list":["post-326569","post","type-post","status-publish","format-standard","hentry","category-economie","category-tunisie","tag-tunisair"],"yoast_head":"<!-- This site is optimized with the Yoast SEO plugin v26.6 - https:\/\/yoast.com\/wordpress\/plugins\/seo\/ -->\n<title>Face \u00e0 la crise sanitaire, Tunisair resserre ses d\u00e9penses et esp\u00e8re se remettre sur pied en 2021 - Kapitalis<\/title>\n<meta name=\"robots\" content=\"index, follow, max-snippet:-1, max-image-preview:large, max-video-preview:-1\" \/>\n<link rel=\"canonical\" href=\"https:\/\/kapitalis.com\/tunisie\/2020\/12\/03\/face-a-la-crise-sanitaire-tunisair-resserre-ses-depenses-et-espere-se-remettre-sur-pied-en-2021\/\" \/>\n<meta property=\"og:locale\" content=\"fr_FR\" \/>\n<meta property=\"og:type\" content=\"article\" \/>\n<meta property=\"og:title\" content=\"Face \u00e0 la crise sanitaire, Tunisair resserre ses d\u00e9penses et esp\u00e8re se remettre sur pied en 2021 - Kapitalis\" \/>\n<meta property=\"og:description\" content=\"En crise financi\u00e8re depuis plusieurs ann\u00e9es, Tunisair a vu sa situation empirer en 2020 en raison de la propagation de la pand\u00e9mie du coronavirus, qui a particuli\u00e8rement impacter le secteur du transport a\u00e9rien. Les responsables de la\u00a0compagnie a\u00e9rienne\u00a0nationale semblent, par ailleurs, confiants par rapport \u00e0 l&rsquo;avenir.\" \/>\n<meta property=\"og:url\" content=\"https:\/\/kapitalis.com\/tunisie\/2020\/12\/03\/face-a-la-crise-sanitaire-tunisair-resserre-ses-depenses-et-espere-se-remettre-sur-pied-en-2021\/\" \/>\n<meta property=\"og:site_name\" content=\"Kapitalis\" \/>\n<meta property=\"article:publisher\" content=\"https:\/\/www.facebook.com\/KapitalisInfo\/\" \/>\n<meta property=\"article:published_time\" content=\"2020-12-03T12:55:49+00:00\" \/>\n<meta property=\"article:modified_time\" content=\"2020-12-03T12:55:51+00:00\" \/>\n<meta property=\"og:image\" content=\"http:\/\/kapitalis.com\/tunisie\/wp-content\/uploads\/2020\/07\/Tunisair-Remboursement.jpg\" \/>\n<meta name=\"author\" content=\"Cherif Benyounes\" \/>\n<meta name=\"twitter:card\" content=\"summary_large_image\" \/>\n<meta name=\"twitter:creator\" content=\"@KapitalisInfo\" \/>\n<meta name=\"twitter:site\" content=\"@KapitalisInfo\" \/>\n<meta name=\"twitter:label1\" content=\"\u00c9crit par\" \/>\n\t<meta name=\"twitter:data1\" content=\"Cherif Benyounes\" \/>\n\t<meta name=\"twitter:label2\" content=\"Dur\u00e9e de lecture estim\u00e9e\" \/>\n\t<meta name=\"twitter:data2\" content=\"1 minute\" \/>\n<script type=\"application\/ld+json\" class=\"yoast-schema-graph\">{\"@context\":\"https:\/\/schema.org\",\"@graph\":[{\"@type\":\"Article\",\"@id\":\"https:\/\/kapitalis.com\/tunisie\/2020\/12\/03\/face-a-la-crise-sanitaire-tunisair-resserre-ses-depenses-et-espere-se-remettre-sur-pied-en-2021\/#article\",\"isPartOf\":{\"@id\":\"https:\/\/kapitalis.com\/tunisie\/2020\/12\/03\/face-a-la-crise-sanitaire-tunisair-resserre-ses-depenses-et-espere-se-remettre-sur-pied-en-2021\/\"},\"author\":{\"name\":\"Cherif Benyounes\",\"@id\":\"https:\/\/kapitalis.com\/tunisie\/#\/schema\/person\/b35b8d631961131107263178aeb8019e\"},\"headline\":\"Face \u00e0 la crise sanitaire, Tunisair resserre ses d\u00e9penses et esp\u00e8re se remettre sur pied en 2021\",\"datePublished\":\"2020-12-03T12:55:49+00:00\",\"dateModified\":\"2020-12-03T12:55:51+00:00\",\"mainEntityOfPage\":{\"@id\":\"https:\/\/kapitalis.com\/tunisie\/2020\/12\/03\/face-a-la-crise-sanitaire-tunisair-resserre-ses-depenses-et-espere-se-remettre-sur-pied-en-2021\/\"},\"wordCount\":208,\"commentCount\":2,\"publisher\":{\"@id\":\"https:\/\/kapitalis.com\/tunisie\/#organization\"},\"image\":{\"@id\":\"https:\/\/kapitalis.com\/tunisie\/2020\/12\/03\/face-a-la-crise-sanitaire-tunisair-resserre-ses-depenses-et-espere-se-remettre-sur-pied-en-2021\/#primaryimage\"},\"thumbnailUrl\":\"http:\/\/kapitalis.com\/tunisie\/wp-content\/uploads\/2020\/07\/Tunisair-Remboursement.jpg\",\"keywords\":[\"Tunisair\"],\"articleSection\":[\"ECONOMIE\",\"Tunisie\"],\"inLanguage\":\"fr-FR\",\"potentialAction\":[{\"@type\":\"CommentAction\",\"name\":\"Comment\",\"target\":[\"https:\/\/kapitalis.com\/tunisie\/2020\/12\/03\/face-a-la-crise-sanitaire-tunisair-resserre-ses-depenses-et-espere-se-remettre-sur-pied-en-2021\/#respond\"]}]},{\"@type\":\"WebPage\",\"@id\":\"https:\/\/kapitalis.com\/tunisie\/2020\/12\/03\/face-a-la-crise-sanitaire-tunisair-resserre-ses-depenses-et-espere-se-remettre-sur-pied-en-2021\/\",\"url\":\"https:\/\/kapitalis.com\/tunisie\/2020\/12\/03\/face-a-la-crise-sanitaire-tunisair-resserre-ses-depenses-et-espere-se-remettre-sur-pied-en-2021\/\",\"name\":\"Face \u00e0 la crise sanitaire, Tunisair resserre ses d\u00e9penses et esp\u00e8re se remettre sur pied en 2021 - Kapitalis\",\"isPartOf\":{\"@id\":\"https:\/\/kapitalis.com\/tunisie\/#website\"},\"primaryImageOfPage\":{\"@id\":\"https:\/\/kapitalis.com\/tunisie\/2020\/12\/03\/face-a-la-crise-sanitaire-tunisair-resserre-ses-depenses-et-espere-se-remettre-sur-pied-en-2021\/#primaryimage\"},\"image\":{\"@id\":\"https:\/\/kapitalis.com\/tunisie\/2020\/12\/03\/face-a-la-crise-sanitaire-tunisair-resserre-ses-depenses-et-espere-se-remettre-sur-pied-en-2021\/#primaryimage\"},\"thumbnailUrl\":\"http:\/\/kapitalis.com\/tunisie\/wp-content\/uploads\/2020\/07\/Tunisair-Remboursement.jpg\",\"datePublished\":\"2020-12-03T12:55:49+00:00\",\"dateModified\":\"2020-12-03T12:55:51+00:00\",\"breadcrumb\":{\"@id\":\"https:\/\/kapitalis.com\/tunisie\/2020\/12\/03\/face-a-la-crise-sanitaire-tunisair-resserre-ses-depenses-et-espere-se-remettre-sur-pied-en-2021\/#breadcrumb\"},\"inLanguage\":\"fr-FR\",\"potentialAction\":[{\"@type\":\"ReadAction\",\"target\":[\"https:\/\/kapitalis.com\/tunisie\/2020\/12\/03\/face-a-la-crise-sanitaire-tunisair-resserre-ses-depenses-et-espere-se-remettre-sur-pied-en-2021\/\"]}]},{\"@type\":\"ImageObject\",\"inLanguage\":\"fr-FR\",\"@id\":\"https:\/\/kapitalis.com\/tunisie\/2020\/12\/03\/face-a-la-crise-sanitaire-tunisair-resserre-ses-depenses-et-espere-se-remettre-sur-pied-en-2021\/#primaryimage\",\"url\":\"\",\"contentUrl\":\"\"},{\"@type\":\"BreadcrumbList\",\"@id\":\"https:\/\/kapitalis.com\/tunisie\/2020\/12\/03\/face-a-la-crise-sanitaire-tunisair-resserre-ses-depenses-et-espere-se-remettre-sur-pied-en-2021\/#breadcrumb\",\"itemListElement\":[{\"@type\":\"ListItem\",\"position\":1,\"name\":\"Accueil\",\"item\":\"https:\/\/kapitalis.com\/tunisie\/\"},{\"@type\":\"ListItem\",\"position\":2,\"name\":\"Face \u00e0 la crise sanitaire, Tunisair resserre ses d\u00e9penses et esp\u00e8re se remettre sur pied en 2021\"}]},{\"@type\":\"WebSite\",\"@id\":\"https:\/\/kapitalis.com\/tunisie\/#website\",\"url\":\"https:\/\/kapitalis.com\/tunisie\/\",\"name\":\"Kapitalis\",\"description\":\"L&#039;actualit\u00e9 en Tunisie et dans le monde\",\"publisher\":{\"@id\":\"https:\/\/kapitalis.com\/tunisie\/#organization\"},\"potentialAction\":[{\"@type\":\"SearchAction\",\"target\":{\"@type\":\"EntryPoint\",\"urlTemplate\":\"https:\/\/kapitalis.com\/tunisie\/?s={search_term_string}\"},\"query-input\":{\"@type\":\"PropertyValueSpecification\",\"valueRequired\":true,\"valueName\":\"search_term_string\"}}],\"inLanguage\":\"fr-FR\"},{\"@type\":\"Organization\",\"@id\":\"https:\/\/kapitalis.com\/tunisie\/#organization\",\"name\":\"Kapitalis\",\"url\":\"https:\/\/kapitalis.com\/tunisie\/\",\"logo\":{\"@type\":\"ImageObject\",\"inLanguage\":\"fr-FR\",\"@id\":\"https:\/\/kapitalis.com\/tunisie\/#\/schema\/logo\/image\/\",\"url\":\"https:\/\/kapitalis.com\/tunisie\/wp-content\/uploads\/2022\/05\/Kapitalis-big-size.png\",\"contentUrl\":\"https:\/\/kapitalis.com\/tunisie\/wp-content\/uploads\/2022\/05\/Kapitalis-big-size.png\",\"width\":5000,\"height\":1500,\"caption\":\"Kapitalis\"},\"image\":{\"@id\":\"https:\/\/kapitalis.com\/tunisie\/#\/schema\/logo\/image\/\"},\"sameAs\":[\"https:\/\/www.facebook.com\/KapitalisInfo\/\",\"https:\/\/x.com\/KapitalisInfo\",\"https:\/\/www.youtube.com\/channel\/UC-yDYrHyfFBWWZaOw3FPg9Q\"]},{\"@type\":\"Person\",\"@id\":\"https:\/\/kapitalis.com\/tunisie\/#\/schema\/person\/b35b8d631961131107263178aeb8019e\",\"name\":\"Cherif Benyounes\",\"url\":\"https:\/\/kapitalis.com\/tunisie\/author\/cherif\/\"}]}<\/script>\n<!-- \/ Yoast SEO plugin. -->","yoast_head_json":{"title":"Face \u00e0 la crise sanitaire, Tunisair resserre ses d\u00e9penses et esp\u00e8re se remettre sur pied en 2021 - Kapitalis","robots":{"index":"index","follow":"follow","max-snippet":"max-snippet:-1","max-image-preview":"max-image-preview:large","max-video-preview":"max-video-preview:-1"},"canonical":"https:\/\/kapitalis.com\/tunisie\/2020\/12\/03\/face-a-la-crise-sanitaire-tunisair-resserre-ses-depenses-et-espere-se-remettre-sur-pied-en-2021\/","og_locale":"fr_FR","og_type":"article","og_title":"Face \u00e0 la crise sanitaire, Tunisair resserre ses d\u00e9penses et esp\u00e8re se remettre sur pied en 2021 - Kapitalis","og_description":"En crise financi\u00e8re depuis plusieurs ann\u00e9es, Tunisair a vu sa situation empirer en 2020 en raison de la propagation de la pand\u00e9mie du coronavirus, qui a particuli\u00e8rement impacter le secteur du transport a\u00e9rien. Les responsables de la\u00a0compagnie a\u00e9rienne\u00a0nationale semblent, par ailleurs, confiants par rapport \u00e0 l&rsquo;avenir.","og_url":"https:\/\/kapitalis.com\/tunisie\/2020\/12\/03\/face-a-la-crise-sanitaire-tunisair-resserre-ses-depenses-et-espere-se-remettre-sur-pied-en-2021\/","og_site_name":"Kapitalis","article_publisher":"https:\/\/www.facebook.com\/KapitalisInfo\/","article_published_time":"2020-12-03T12:55:49+00:00","article_modified_time":"2020-12-03T12:55:51+00:00","og_image":[{"url":"http:\/\/kapitalis.com\/tunisie\/wp-content\/uploads\/2020\/07\/Tunisair-Remboursement.jpg","type":"","width":"","height":""}],"author":"Cherif Benyounes","twitter_card":"summary_large_image","twitter_creator":"@KapitalisInfo","twitter_site":"@KapitalisInfo","twitter_misc":{"\u00c9crit par":"Cherif Benyounes","Dur\u00e9e de lecture estim\u00e9e":"1 minute"},"schema":{"@context":"https:\/\/schema.org","@graph":[{"@type":"Article","@id":"https:\/\/kapitalis.com\/tunisie\/2020\/12\/03\/face-a-la-crise-sanitaire-tunisair-resserre-ses-depenses-et-espere-se-remettre-sur-pied-en-2021\/#article","isPartOf":{"@id":"https:\/\/kapitalis.com\/tunisie\/2020\/12\/03\/face-a-la-crise-sanitaire-tunisair-resserre-ses-depenses-et-espere-se-remettre-sur-pied-en-2021\/"},"author":{"name":"Cherif Benyounes","@id":"https:\/\/kapitalis.com\/tunisie\/#\/schema\/person\/b35b8d631961131107263178aeb8019e"},"headline":"Face \u00e0 la crise sanitaire, Tunisair resserre ses d\u00e9penses et esp\u00e8re se remettre sur pied en 2021","datePublished":"2020-12-03T12:55:49+00:00","dateModified":"2020-12-03T12:55:51+00:00","mainEntityOfPage":{"@id":"https:\/\/kapitalis.com\/tunisie\/2020\/12\/03\/face-a-la-crise-sanitaire-tunisair-resserre-ses-depenses-et-espere-se-remettre-sur-pied-en-2021\/"},"wordCount":208,"commentCount":2,"publisher":{"@id":"https:\/\/kapitalis.com\/tunisie\/#organization"},"image":{"@id":"https:\/\/kapitalis.com\/tunisie\/2020\/12\/03\/face-a-la-crise-sanitaire-tunisair-resserre-ses-depenses-et-espere-se-remettre-sur-pied-en-2021\/#primaryimage"},"thumbnailUrl":"http:\/\/kapitalis.com\/tunisie\/wp-content\/uploads\/2020\/07\/Tunisair-Remboursement.jpg","keywords":["Tunisair"],"articleSection":["ECONOMIE","Tunisie"],"inLanguage":"fr-FR","potentialAction":[{"@type":"CommentAction","name":"Comment","target":["https:\/\/kapitalis.com\/tunisie\/2020\/12\/03\/face-a-la-crise-sanitaire-tunisair-resserre-ses-depenses-et-espere-se-remettre-sur-pied-en-2021\/#respond"]}]},{"@type":"WebPage","@id":"https:\/\/kapitalis.com\/tunisie\/2020\/12\/03\/face-a-la-crise-sanitaire-tunisair-resserre-ses-depenses-et-espere-se-remettre-sur-pied-en-2021\/","url":"https:\/\/kapitalis.com\/tunisie\/2020\/12\/03\/face-a-la-crise-sanitaire-tunisair-resserre-ses-depenses-et-espere-se-remettre-sur-pied-en-2021\/","name":"Face \u00e0 la crise sanitaire, Tunisair resserre ses d\u00e9penses et esp\u00e8re se remettre sur pied en 2021 - Kapitalis","isPartOf":{"@id":"https:\/\/kapitalis.com\/tunisie\/#website"},"primaryImageOfPage":{"@id":"https:\/\/kapitalis.com\/tunisie\/2020\/12\/03\/face-a-la-crise-sanitaire-tunisair-resserre-ses-depenses-et-espere-se-remettre-sur-pied-en-2021\/#primaryimage"},"image":{"@id":"https:\/\/kapitalis.com\/tunisie\/2020\/12\/03\/face-a-la-crise-sanitaire-tunisair-resserre-ses-depenses-et-espere-se-remettre-sur-pied-en-2021\/#primaryimage"},"thumbnailUrl":"http:\/\/kapitalis.com\/tunisie\/wp-content\/uploads\/2020\/07\/Tunisair-Remboursement.jpg","datePublished":"2020-12-03T12:55:49+00:00","dateModified":"2020-12-03T12:55:51+00:00","breadcrumb":{"@id":"https:\/\/kapitalis.com\/tunisie\/2020\/12\/03\/face-a-la-crise-sanitaire-tunisair-resserre-ses-depenses-et-espere-se-remettre-sur-pied-en-2021\/#breadcrumb"},"inLanguage":"fr-FR","potentialAction":[{"@type":"ReadAction","target":["https:\/\/kapitalis.com\/tunisie\/2020\/12\/03\/face-a-la-crise-sanitaire-tunisair-resserre-ses-depenses-et-espere-se-remettre-sur-pied-en-2021\/"]}]},{"@type":"ImageObject","inLanguage":"fr-FR","@id":"https:\/\/kapitalis.com\/tunisie\/2020\/12\/03\/face-a-la-crise-sanitaire-tunisair-resserre-ses-depenses-et-espere-se-remettre-sur-pied-en-2021\/#primaryimage","url":"","contentUrl":""},{"@type":"BreadcrumbList","@id":"https:\/\/kapitalis.com\/tunisie\/2020\/12\/03\/face-a-la-crise-sanitaire-tunisair-resserre-ses-depenses-et-espere-se-remettre-sur-pied-en-2021\/#breadcrumb","itemListElement":[{"@type":"ListItem","position":1,"name":"Accueil","item":"https:\/\/kapitalis.com\/tunisie\/"},{"@type":"ListItem","position":2,"name":"Face \u00e0 la crise sanitaire, Tunisair resserre ses d\u00e9penses et esp\u00e8re se remettre sur pied en 2021"}]},{"@type":"WebSite","@id":"https:\/\/kapitalis.com\/tunisie\/#website","url":"https:\/\/kapitalis.com\/tunisie\/","name":"Kapitalis","description":"L&#039;actualit\u00e9 en Tunisie et dans le monde","publisher":{"@id":"https:\/\/kapitalis.com\/tunisie\/#organization"},"potentialAction":[{"@type":"SearchAction","target":{"@type":"EntryPoint","urlTemplate":"https:\/\/kapitalis.com\/tunisie\/?s={search_term_string}"},"query-input":{"@type":"PropertyValueSpecification","valueRequired":true,"valueName":"search_term_string"}}],"inLanguage":"fr-FR"},{"@type":"Organization","@id":"https:\/\/kapitalis.com\/tunisie\/#organization","name":"Kapitalis","url":"https:\/\/kapitalis.com\/tunisie\/","logo":{"@type":"ImageObject","inLanguage":"fr-FR","@id":"https:\/\/kapitalis.com\/tunisie\/#\/schema\/logo\/image\/","url":"https:\/\/kapitalis.com\/tunisie\/wp-content\/uploads\/2022\/05\/Kapitalis-big-size.png","contentUrl":"https:\/\/kapitalis.com\/tunisie\/wp-content\/uploads\/2022\/05\/Kapitalis-big-size.png","width":5000,"height":1500,"caption":"Kapitalis"},"image":{"@id":"https:\/\/kapitalis.com\/tunisie\/#\/schema\/logo\/image\/"},"sameAs":["https:\/\/www.facebook.com\/KapitalisInfo\/","https:\/\/x.com\/KapitalisInfo","https:\/\/www.youtube.com\/channel\/UC-yDYrHyfFBWWZaOw3FPg9Q"]},{"@type":"Person","@id":"https:\/\/kapitalis.com\/tunisie\/#\/schema\/person\/b35b8d631961131107263178aeb8019e","name":"Cherif Benyounes","url":"https:\/\/kapitalis.com\/tunisie\/author\/cherif\/"}]}},"_links":{"self":[{"href":"https:\/\/kapitalis.com\/tunisie\/wp-json\/wp\/v2\/posts\/326569","targetHints":{"allow":["GET"]}}],"collection":[{"href":"https:\/\/kapitalis.com\/tunisie\/wp-json\/wp\/v2\/posts"}],"about":[{"href":"https:\/\/kapitalis.com\/tunisie\/wp-json\/wp\/v2\/types\/post"}],"author":[{"embeddable":true,"href":"https:\/\/kapitalis.com\/tunisie\/wp-json\/wp\/v2\/users\/24"}],"replies":[{"embeddable":true,"href":"https:\/\/kapitalis.com\/tunisie\/wp-json\/wp\/v2\/comments?post=326569"}],"version-history":[{"count":0,"href":"https:\/\/kapitalis.com\/tunisie\/wp-json\/wp\/v2\/posts\/326569\/revisions"}],"wp:attachment":[{"href":"https:\/\/kapitalis.com\/tunisie\/wp-json\/wp\/v2\/media?parent=326569"}],"wp:term":[{"taxonomy":"category","embeddable":true,"href":"https:\/\/kapitalis.com\/tunisie\/wp-json\/wp\/v2\/categories?post=326569"},{"taxonomy":"post_tag","embeddable":true,"href":"https:\/\/kapitalis.com\/tunisie\/wp-json\/wp\/v2\/tags?post=326569"}],"curies":[{"name":"wp","href":"https:\/\/api.w.org\/{rel}","templated":true}]}}