{"id":326664,"date":"2020-12-04T09:43:49","date_gmt":"2020-12-04T08:43:49","guid":{"rendered":"http:\/\/kapitalis.com\/tunisie\/?p=326664"},"modified":"2020-12-04T09:43:51","modified_gmt":"2020-12-04T08:43:51","slug":"deces-de-badreddine-aloui-protestations-et-greve-presentielle-des-jeunes-medecins","status":"publish","type":"post","link":"https:\/\/kapitalis.com\/tunisie\/2020\/12\/04\/deces-de-badreddine-aloui-protestations-et-greve-presentielle-des-jeunes-medecins\/","title":{"rendered":"D\u00e9c\u00e8s de Badreddine Aloui : Protestations et gr\u00e8ve pr\u00e9sentielle des jeunes m\u00e9decins"},"content":{"rendered":"\n<figure class=\"wp-block-image size-large\"><img decoding=\"async\" src=\"http:\/\/kapitalis.com\/tunisie\/wp-content\/uploads\/2020\/04\/Medecins.jpg\" alt=\"\" class=\"wp-image-292725\"\/><\/figure>\n\n\n\n<p><em><strong>En deuil \u00e0 partir de ce vendredi 4 d\u00e9cembre 2020, en raison du d\u00e9c\u00e8s tragique du m\u00e9decin Badreddine Aloui, <a href=\"http:\/\/kapitalis.com\/tunisie\/2020\/12\/04\/deces-de-dr-aloui-apres-une-chute-dans-une-cage-dascenseur-a-lhopital-de-jendouba-le-ministere-de-la-sante-ouvre-une-enquete\/\">tomb\u00e9 dans une cage d&rsquo;ascenseur<\/a> vide \u00e0 l&rsquo;h\u00f4pital r\u00e9gional de Jendouba, l\u2019Organisation tunisienne des jeunes m\u00e9decins (OTJM) a annonc\u00e9, via un communiqu\u00e9, des mouvements de protestation.<\/strong><\/em><\/p>\n\n\n\n<!--more-->\n\n\n\n<p>L\u2019OTJM a notamment annonc\u00e9 une gr\u00e8ve pr\u00e9sentielle des r\u00e9sidents et internes en m\u00e9decine avec l\u2019arr\u00eat de toute activit\u00e9 de soins m\u00e9dicaux \u00e0 10h, heure \u00e0 laquelle ses membres se rendront aux facult\u00e9s de m\u00e9decine afin de d\u00e9cider des mouvements de protestation \u00e0 venir.<\/p>\n\n\n\n<p>L\u2019organisation a, par ailleurs, assur\u00e9 qu\u2019elle pr\u00e9voyait de recourir \u00e0 l\u2019escalade tant que les autorit\u00e9s concern\u00e9es n\u2019auront pas assum\u00e9 leurs responsabilit\u00e9s en garantissant aux m\u00e9decins de la s\u00e9curit\u00e9 et des conditions de travail dignes.<\/p>\n\n\n\n<p class=\"has-text-align-right\"><strong>C. B. Y.<\/strong><\/p>\n","protected":false},"excerpt":{"rendered":"<p>En deuil \u00e0 partir de ce vendredi 4 d\u00e9cembre 2020, en raison du d\u00e9c\u00e8s tragique du m\u00e9decin Badreddine Aloui, tomb\u00e9 dans une cage d&rsquo;ascenseur vide \u00e0 l&rsquo;h\u00f4pital r\u00e9gional de Jendouba, l\u2019Organisation tunisienne des jeunes m\u00e9decins (OTJM) a annonc\u00e9, via un communiqu\u00e9, des mouvements de protestation.<\/p>\n","protected":false},"author":24,"featured_media":0,"comment_status":"open","ping_status":"open","sticky":false,"template":"","format":"standard","meta":{"footnotes":""},"categories":[998,2433],"tags":[85274,85283,67948,25814],"class_list":["post-326664","post","type-post","status-publish","format-standard","hentry","category-societe","category-tunisie","tag-badreddine-aloui","tag-hopital-regional-de-jendouba","tag-jeunes-medecins","tag-otjm"],"yoast_head":"<!-- This site is optimized with the Yoast SEO plugin v26.6 - https:\/\/yoast.com\/wordpress\/plugins\/seo\/ -->\n<title>D\u00e9c\u00e8s de Badreddine Aloui : Protestations et gr\u00e8ve pr\u00e9sentielle des jeunes m\u00e9decins - Kapitalis<\/title>\n<meta name=\"robots\" content=\"index, follow, max-snippet:-1, max-image-preview:large, max-video-preview:-1\" \/>\n<link rel=\"canonical\" href=\"https:\/\/kapitalis.com\/tunisie\/2020\/12\/04\/deces-de-badreddine-aloui-protestations-et-greve-presentielle-des-jeunes-medecins\/\" \/>\n<meta property=\"og:locale\" content=\"fr_FR\" \/>\n<meta property=\"og:type\" content=\"article\" \/>\n<meta property=\"og:title\" content=\"D\u00e9c\u00e8s de Badreddine Aloui : Protestations et gr\u00e8ve pr\u00e9sentielle des jeunes m\u00e9decins - Kapitalis\" \/>\n<meta property=\"og:description\" content=\"En deuil \u00e0 partir de ce vendredi 4 d\u00e9cembre 2020, en raison du d\u00e9c\u00e8s tragique du m\u00e9decin Badreddine Aloui, tomb\u00e9 dans une cage d&rsquo;ascenseur vide \u00e0 l&rsquo;h\u00f4pital r\u00e9gional de Jendouba, l\u2019Organisation tunisienne des jeunes m\u00e9decins (OTJM) a annonc\u00e9, via un communiqu\u00e9, des mouvements de protestation.\" \/>\n<meta property=\"og:url\" content=\"https:\/\/kapitalis.com\/tunisie\/2020\/12\/04\/deces-de-badreddine-aloui-protestations-et-greve-presentielle-des-jeunes-medecins\/\" \/>\n<meta property=\"og:site_name\" content=\"Kapitalis\" \/>\n<meta property=\"article:publisher\" content=\"https:\/\/www.facebook.com\/KapitalisInfo\/\" \/>\n<meta property=\"article:published_time\" content=\"2020-12-04T08:43:49+00:00\" \/>\n<meta property=\"article:modified_time\" content=\"2020-12-04T08:43:51+00:00\" \/>\n<meta property=\"og:image\" content=\"http:\/\/kapitalis.com\/tunisie\/wp-content\/uploads\/2020\/04\/Medecins.jpg\" \/>\n<meta name=\"author\" content=\"Cherif Benyounes\" \/>\n<meta name=\"twitter:card\" content=\"summary_large_image\" \/>\n<meta name=\"twitter:creator\" content=\"@KapitalisInfo\" \/>\n<meta name=\"twitter:site\" content=\"@KapitalisInfo\" \/>\n<meta name=\"twitter:label1\" content=\"\u00c9crit par\" \/>\n\t<meta name=\"twitter:data1\" content=\"Cherif Benyounes\" \/>\n\t<meta name=\"twitter:label2\" content=\"Dur\u00e9e de lecture estim\u00e9e\" \/>\n\t<meta name=\"twitter:data2\" content=\"1 minute\" \/>\n<script type=\"application\/ld+json\" class=\"yoast-schema-graph\">{\"@context\":\"https:\/\/schema.org\",\"@graph\":[{\"@type\":\"Article\",\"@id\":\"https:\/\/kapitalis.com\/tunisie\/2020\/12\/04\/deces-de-badreddine-aloui-protestations-et-greve-presentielle-des-jeunes-medecins\/#article\",\"isPartOf\":{\"@id\":\"https:\/\/kapitalis.com\/tunisie\/2020\/12\/04\/deces-de-badreddine-aloui-protestations-et-greve-presentielle-des-jeunes-medecins\/\"},\"author\":{\"name\":\"Cherif Benyounes\",\"@id\":\"https:\/\/kapitalis.com\/tunisie\/#\/schema\/person\/b35b8d631961131107263178aeb8019e\"},\"headline\":\"D\u00e9c\u00e8s de Badreddine Aloui : Protestations et gr\u00e8ve pr\u00e9sentielle des jeunes m\u00e9decins\",\"datePublished\":\"2020-12-04T08:43:49+00:00\",\"dateModified\":\"2020-12-04T08:43:51+00:00\",\"mainEntityOfPage\":{\"@id\":\"https:\/\/kapitalis.com\/tunisie\/2020\/12\/04\/deces-de-badreddine-aloui-protestations-et-greve-presentielle-des-jeunes-medecins\/\"},\"wordCount\":162,\"commentCount\":0,\"publisher\":{\"@id\":\"https:\/\/kapitalis.com\/tunisie\/#organization\"},\"image\":{\"@id\":\"https:\/\/kapitalis.com\/tunisie\/2020\/12\/04\/deces-de-badreddine-aloui-protestations-et-greve-presentielle-des-jeunes-medecins\/#primaryimage\"},\"thumbnailUrl\":\"http:\/\/kapitalis.com\/tunisie\/wp-content\/uploads\/2020\/04\/Medecins.jpg\",\"keywords\":[\"Badreddine Aloui\",\"h\u00f4pital r\u00e9gional de Jendouba\",\"jeunes m\u00e9decins\",\"OTJM\"],\"articleSection\":[\"SOCIETE\",\"Tunisie\"],\"inLanguage\":\"fr-FR\",\"potentialAction\":[{\"@type\":\"CommentAction\",\"name\":\"Comment\",\"target\":[\"https:\/\/kapitalis.com\/tunisie\/2020\/12\/04\/deces-de-badreddine-aloui-protestations-et-greve-presentielle-des-jeunes-medecins\/#respond\"]}]},{\"@type\":\"WebPage\",\"@id\":\"https:\/\/kapitalis.com\/tunisie\/2020\/12\/04\/deces-de-badreddine-aloui-protestations-et-greve-presentielle-des-jeunes-medecins\/\",\"url\":\"https:\/\/kapitalis.com\/tunisie\/2020\/12\/04\/deces-de-badreddine-aloui-protestations-et-greve-presentielle-des-jeunes-medecins\/\",\"name\":\"D\u00e9c\u00e8s de Badreddine Aloui : Protestations et gr\u00e8ve pr\u00e9sentielle des jeunes m\u00e9decins - Kapitalis\",\"isPartOf\":{\"@id\":\"https:\/\/kapitalis.com\/tunisie\/#website\"},\"primaryImageOfPage\":{\"@id\":\"https:\/\/kapitalis.com\/tunisie\/2020\/12\/04\/deces-de-badreddine-aloui-protestations-et-greve-presentielle-des-jeunes-medecins\/#primaryimage\"},\"image\":{\"@id\":\"https:\/\/kapitalis.com\/tunisie\/2020\/12\/04\/deces-de-badreddine-aloui-protestations-et-greve-presentielle-des-jeunes-medecins\/#primaryimage\"},\"thumbnailUrl\":\"http:\/\/kapitalis.com\/tunisie\/wp-content\/uploads\/2020\/04\/Medecins.jpg\",\"datePublished\":\"2020-12-04T08:43:49+00:00\",\"dateModified\":\"2020-12-04T08:43:51+00:00\",\"breadcrumb\":{\"@id\":\"https:\/\/kapitalis.com\/tunisie\/2020\/12\/04\/deces-de-badreddine-aloui-protestations-et-greve-presentielle-des-jeunes-medecins\/#breadcrumb\"},\"inLanguage\":\"fr-FR\",\"potentialAction\":[{\"@type\":\"ReadAction\",\"target\":[\"https:\/\/kapitalis.com\/tunisie\/2020\/12\/04\/deces-de-badreddine-aloui-protestations-et-greve-presentielle-des-jeunes-medecins\/\"]}]},{\"@type\":\"ImageObject\",\"inLanguage\":\"fr-FR\",\"@id\":\"https:\/\/kapitalis.com\/tunisie\/2020\/12\/04\/deces-de-badreddine-aloui-protestations-et-greve-presentielle-des-jeunes-medecins\/#primaryimage\",\"url\":\"\",\"contentUrl\":\"\"},{\"@type\":\"BreadcrumbList\",\"@id\":\"https:\/\/kapitalis.com\/tunisie\/2020\/12\/04\/deces-de-badreddine-aloui-protestations-et-greve-presentielle-des-jeunes-medecins\/#breadcrumb\",\"itemListElement\":[{\"@type\":\"ListItem\",\"position\":1,\"name\":\"Accueil\",\"item\":\"https:\/\/kapitalis.com\/tunisie\/\"},{\"@type\":\"ListItem\",\"position\":2,\"name\":\"D\u00e9c\u00e8s de Badreddine Aloui : Protestations et gr\u00e8ve pr\u00e9sentielle des jeunes m\u00e9decins\"}]},{\"@type\":\"WebSite\",\"@id\":\"https:\/\/kapitalis.com\/tunisie\/#website\",\"url\":\"https:\/\/kapitalis.com\/tunisie\/\",\"name\":\"Kapitalis\",\"description\":\"L&#039;actualit\u00e9 en Tunisie et dans le monde\",\"publisher\":{\"@id\":\"https:\/\/kapitalis.com\/tunisie\/#organization\"},\"potentialAction\":[{\"@type\":\"SearchAction\",\"target\":{\"@type\":\"EntryPoint\",\"urlTemplate\":\"https:\/\/kapitalis.com\/tunisie\/?s={search_term_string}\"},\"query-input\":{\"@type\":\"PropertyValueSpecification\",\"valueRequired\":true,\"valueName\":\"search_term_string\"}}],\"inLanguage\":\"fr-FR\"},{\"@type\":\"Organization\",\"@id\":\"https:\/\/kapitalis.com\/tunisie\/#organization\",\"name\":\"Kapitalis\",\"url\":\"https:\/\/kapitalis.com\/tunisie\/\",\"logo\":{\"@type\":\"ImageObject\",\"inLanguage\":\"fr-FR\",\"@id\":\"https:\/\/kapitalis.com\/tunisie\/#\/schema\/logo\/image\/\",\"url\":\"https:\/\/kapitalis.com\/tunisie\/wp-content\/uploads\/2022\/05\/Kapitalis-big-size.png\",\"contentUrl\":\"https:\/\/kapitalis.com\/tunisie\/wp-content\/uploads\/2022\/05\/Kapitalis-big-size.png\",\"width\":5000,\"height\":1500,\"caption\":\"Kapitalis\"},\"image\":{\"@id\":\"https:\/\/kapitalis.com\/tunisie\/#\/schema\/logo\/image\/\"},\"sameAs\":[\"https:\/\/www.facebook.com\/KapitalisInfo\/\",\"https:\/\/x.com\/KapitalisInfo\",\"https:\/\/www.youtube.com\/channel\/UC-yDYrHyfFBWWZaOw3FPg9Q\"]},{\"@type\":\"Person\",\"@id\":\"https:\/\/kapitalis.com\/tunisie\/#\/schema\/person\/b35b8d631961131107263178aeb8019e\",\"name\":\"Cherif Benyounes\",\"url\":\"https:\/\/kapitalis.com\/tunisie\/author\/cherif\/\"}]}<\/script>\n<!-- \/ Yoast SEO plugin. -->","yoast_head_json":{"title":"D\u00e9c\u00e8s de Badreddine Aloui : Protestations et gr\u00e8ve pr\u00e9sentielle des jeunes m\u00e9decins - Kapitalis","robots":{"index":"index","follow":"follow","max-snippet":"max-snippet:-1","max-image-preview":"max-image-preview:large","max-video-preview":"max-video-preview:-1"},"canonical":"https:\/\/kapitalis.com\/tunisie\/2020\/12\/04\/deces-de-badreddine-aloui-protestations-et-greve-presentielle-des-jeunes-medecins\/","og_locale":"fr_FR","og_type":"article","og_title":"D\u00e9c\u00e8s de Badreddine Aloui : Protestations et gr\u00e8ve pr\u00e9sentielle des jeunes m\u00e9decins - Kapitalis","og_description":"En deuil \u00e0 partir de ce vendredi 4 d\u00e9cembre 2020, en raison du d\u00e9c\u00e8s tragique du m\u00e9decin Badreddine Aloui, tomb\u00e9 dans une cage d&rsquo;ascenseur vide \u00e0 l&rsquo;h\u00f4pital r\u00e9gional de Jendouba, l\u2019Organisation tunisienne des jeunes m\u00e9decins (OTJM) a annonc\u00e9, via un communiqu\u00e9, des mouvements de protestation.","og_url":"https:\/\/kapitalis.com\/tunisie\/2020\/12\/04\/deces-de-badreddine-aloui-protestations-et-greve-presentielle-des-jeunes-medecins\/","og_site_name":"Kapitalis","article_publisher":"https:\/\/www.facebook.com\/KapitalisInfo\/","article_published_time":"2020-12-04T08:43:49+00:00","article_modified_time":"2020-12-04T08:43:51+00:00","og_image":[{"url":"http:\/\/kapitalis.com\/tunisie\/wp-content\/uploads\/2020\/04\/Medecins.jpg","type":"","width":"","height":""}],"author":"Cherif Benyounes","twitter_card":"summary_large_image","twitter_creator":"@KapitalisInfo","twitter_site":"@KapitalisInfo","twitter_misc":{"\u00c9crit par":"Cherif Benyounes","Dur\u00e9e de lecture estim\u00e9e":"1 minute"},"schema":{"@context":"https:\/\/schema.org","@graph":[{"@type":"Article","@id":"https:\/\/kapitalis.com\/tunisie\/2020\/12\/04\/deces-de-badreddine-aloui-protestations-et-greve-presentielle-des-jeunes-medecins\/#article","isPartOf":{"@id":"https:\/\/kapitalis.com\/tunisie\/2020\/12\/04\/deces-de-badreddine-aloui-protestations-et-greve-presentielle-des-jeunes-medecins\/"},"author":{"name":"Cherif Benyounes","@id":"https:\/\/kapitalis.com\/tunisie\/#\/schema\/person\/b35b8d631961131107263178aeb8019e"},"headline":"D\u00e9c\u00e8s de Badreddine Aloui : Protestations et gr\u00e8ve pr\u00e9sentielle des jeunes m\u00e9decins","datePublished":"2020-12-04T08:43:49+00:00","dateModified":"2020-12-04T08:43:51+00:00","mainEntityOfPage":{"@id":"https:\/\/kapitalis.com\/tunisie\/2020\/12\/04\/deces-de-badreddine-aloui-protestations-et-greve-presentielle-des-jeunes-medecins\/"},"wordCount":162,"commentCount":0,"publisher":{"@id":"https:\/\/kapitalis.com\/tunisie\/#organization"},"image":{"@id":"https:\/\/kapitalis.com\/tunisie\/2020\/12\/04\/deces-de-badreddine-aloui-protestations-et-greve-presentielle-des-jeunes-medecins\/#primaryimage"},"thumbnailUrl":"http:\/\/kapitalis.com\/tunisie\/wp-content\/uploads\/2020\/04\/Medecins.jpg","keywords":["Badreddine Aloui","h\u00f4pital r\u00e9gional de Jendouba","jeunes m\u00e9decins","OTJM"],"articleSection":["SOCIETE","Tunisie"],"inLanguage":"fr-FR","potentialAction":[{"@type":"CommentAction","name":"Comment","target":["https:\/\/kapitalis.com\/tunisie\/2020\/12\/04\/deces-de-badreddine-aloui-protestations-et-greve-presentielle-des-jeunes-medecins\/#respond"]}]},{"@type":"WebPage","@id":"https:\/\/kapitalis.com\/tunisie\/2020\/12\/04\/deces-de-badreddine-aloui-protestations-et-greve-presentielle-des-jeunes-medecins\/","url":"https:\/\/kapitalis.com\/tunisie\/2020\/12\/04\/deces-de-badreddine-aloui-protestations-et-greve-presentielle-des-jeunes-medecins\/","name":"D\u00e9c\u00e8s de Badreddine Aloui : Protestations et gr\u00e8ve pr\u00e9sentielle des jeunes m\u00e9decins - Kapitalis","isPartOf":{"@id":"https:\/\/kapitalis.com\/tunisie\/#website"},"primaryImageOfPage":{"@id":"https:\/\/kapitalis.com\/tunisie\/2020\/12\/04\/deces-de-badreddine-aloui-protestations-et-greve-presentielle-des-jeunes-medecins\/#primaryimage"},"image":{"@id":"https:\/\/kapitalis.com\/tunisie\/2020\/12\/04\/deces-de-badreddine-aloui-protestations-et-greve-presentielle-des-jeunes-medecins\/#primaryimage"},"thumbnailUrl":"http:\/\/kapitalis.com\/tunisie\/wp-content\/uploads\/2020\/04\/Medecins.jpg","datePublished":"2020-12-04T08:43:49+00:00","dateModified":"2020-12-04T08:43:51+00:00","breadcrumb":{"@id":"https:\/\/kapitalis.com\/tunisie\/2020\/12\/04\/deces-de-badreddine-aloui-protestations-et-greve-presentielle-des-jeunes-medecins\/#breadcrumb"},"inLanguage":"fr-FR","potentialAction":[{"@type":"ReadAction","target":["https:\/\/kapitalis.com\/tunisie\/2020\/12\/04\/deces-de-badreddine-aloui-protestations-et-greve-presentielle-des-jeunes-medecins\/"]}]},{"@type":"ImageObject","inLanguage":"fr-FR","@id":"https:\/\/kapitalis.com\/tunisie\/2020\/12\/04\/deces-de-badreddine-aloui-protestations-et-greve-presentielle-des-jeunes-medecins\/#primaryimage","url":"","contentUrl":""},{"@type":"BreadcrumbList","@id":"https:\/\/kapitalis.com\/tunisie\/2020\/12\/04\/deces-de-badreddine-aloui-protestations-et-greve-presentielle-des-jeunes-medecins\/#breadcrumb","itemListElement":[{"@type":"ListItem","position":1,"name":"Accueil","item":"https:\/\/kapitalis.com\/tunisie\/"},{"@type":"ListItem","position":2,"name":"D\u00e9c\u00e8s de Badreddine Aloui : Protestations et gr\u00e8ve pr\u00e9sentielle des jeunes m\u00e9decins"}]},{"@type":"WebSite","@id":"https:\/\/kapitalis.com\/tunisie\/#website","url":"https:\/\/kapitalis.com\/tunisie\/","name":"Kapitalis","description":"L&#039;actualit\u00e9 en Tunisie et dans le monde","publisher":{"@id":"https:\/\/kapitalis.com\/tunisie\/#organization"},"potentialAction":[{"@type":"SearchAction","target":{"@type":"EntryPoint","urlTemplate":"https:\/\/kapitalis.com\/tunisie\/?s={search_term_string}"},"query-input":{"@type":"PropertyValueSpecification","valueRequired":true,"valueName":"search_term_string"}}],"inLanguage":"fr-FR"},{"@type":"Organization","@id":"https:\/\/kapitalis.com\/tunisie\/#organization","name":"Kapitalis","url":"https:\/\/kapitalis.com\/tunisie\/","logo":{"@type":"ImageObject","inLanguage":"fr-FR","@id":"https:\/\/kapitalis.com\/tunisie\/#\/schema\/logo\/image\/","url":"https:\/\/kapitalis.com\/tunisie\/wp-content\/uploads\/2022\/05\/Kapitalis-big-size.png","contentUrl":"https:\/\/kapitalis.com\/tunisie\/wp-content\/uploads\/2022\/05\/Kapitalis-big-size.png","width":5000,"height":1500,"caption":"Kapitalis"},"image":{"@id":"https:\/\/kapitalis.com\/tunisie\/#\/schema\/logo\/image\/"},"sameAs":["https:\/\/www.facebook.com\/KapitalisInfo\/","https:\/\/x.com\/KapitalisInfo","https:\/\/www.youtube.com\/channel\/UC-yDYrHyfFBWWZaOw3FPg9Q"]},{"@type":"Person","@id":"https:\/\/kapitalis.com\/tunisie\/#\/schema\/person\/b35b8d631961131107263178aeb8019e","name":"Cherif Benyounes","url":"https:\/\/kapitalis.com\/tunisie\/author\/cherif\/"}]}},"_links":{"self":[{"href":"https:\/\/kapitalis.com\/tunisie\/wp-json\/wp\/v2\/posts\/326664","targetHints":{"allow":["GET"]}}],"collection":[{"href":"https:\/\/kapitalis.com\/tunisie\/wp-json\/wp\/v2\/posts"}],"about":[{"href":"https:\/\/kapitalis.com\/tunisie\/wp-json\/wp\/v2\/types\/post"}],"author":[{"embeddable":true,"href":"https:\/\/kapitalis.com\/tunisie\/wp-json\/wp\/v2\/users\/24"}],"replies":[{"embeddable":true,"href":"https:\/\/kapitalis.com\/tunisie\/wp-json\/wp\/v2\/comments?post=326664"}],"version-history":[{"count":0,"href":"https:\/\/kapitalis.com\/tunisie\/wp-json\/wp\/v2\/posts\/326664\/revisions"}],"wp:attachment":[{"href":"https:\/\/kapitalis.com\/tunisie\/wp-json\/wp\/v2\/media?parent=326664"}],"wp:term":[{"taxonomy":"category","embeddable":true,"href":"https:\/\/kapitalis.com\/tunisie\/wp-json\/wp\/v2\/categories?post=326664"},{"taxonomy":"post_tag","embeddable":true,"href":"https:\/\/kapitalis.com\/tunisie\/wp-json\/wp\/v2\/tags?post=326664"}],"curies":[{"name":"wp","href":"https:\/\/api.w.org\/{rel}","templated":true}]}}