{"id":326869,"date":"2020-12-05T12:05:14","date_gmt":"2020-12-05T11:05:14","guid":{"rendered":"http:\/\/kapitalis.com\/tunisie\/?p=326869"},"modified":"2020-12-05T12:05:17","modified_gmt":"2020-12-05T11:05:17","slug":"reouverture-de-la-cinematheque-avec-la-3e-edition-denvirofest","status":"publish","type":"post","link":"https:\/\/kapitalis.com\/tunisie\/2020\/12\/05\/reouverture-de-la-cinematheque-avec-la-3e-edition-denvirofest\/","title":{"rendered":"R\u00e9ouverture de la Cin\u00e9math\u00e8que avec la 3e \u00e9dition d&rsquo;Envirofest"},"content":{"rendered":"\n<div class=\"wp-block-image\"><figure class=\"aligncenter size-large\"><img decoding=\"async\" src=\"http:\/\/kapitalis.com\/tunisie\/wp-content\/uploads\/2020\/12\/Untitled-1-3.jpg\" alt=\"\" class=\"wp-image-326889\"\/><\/figure><\/div>\n\n\n\n<p><strong><em>La Cin\u00e9math\u00e8que tunisienne rouvre de nouveau ses portes et accueille, du 11 au 16 d\u00e9cembre 2020, la 3<sup>e<\/sup> \u00e9dition du Festival international du Film environnemental de Tunisie (Envirofest).<\/em><\/strong><\/p>\n\n\n\n<!--more-->\n\n\n\n<p>Apr\u00e8s neuf mois de fermeture \u00e0 cause de la pand\u00e9mie du Coronavirus (Covid-19), la Cin\u00e9math\u00e8que tunisienne, sous la nouvelle direction de Tarek Ben Chaabane (succ\u00e9dant \u00e0 Hichem Ben Ammar), accueillera de nouveau les cin\u00e9philes, et ce, dans le cadre de la 3<sup>e<\/sup> \u00e9dition du festival Envirofest, qui devait se tenir au mois de mars dans diff\u00e9rentes r\u00e9gions du pays, mais qui a d\u00fb \u00eatre annul\u00e9 comme l\u2019ensemble des manifestations culturelles programm\u00e9es en cette p\u00e9riode marqu\u00e9e par l\u2019apparition de la Covid-19 en Tunisie.<\/p>\n\n\n\n<p>Neuf films de diff\u00e9rents pays sont au programme de cette \u00e9dition, o\u00f9 il s\u2019agira d\u2019aborder des questions li\u00e9es \u00e0 l\u2019environnement, notamment le r\u00e9chauffement climatique, la d\u00e9sertification, l\u2019usage du plastique \u2026<\/p>\n\n\n\n<p>L\u2019ouverture se fera avec le film d\u2019animation japonais &nbsp;\u00ab&nbsp;Les enfants du temps&nbsp;\u00bb de Makoto Shinka\u00ef, pr\u00e9sent\u00e9 en partenariat avec l\u2019ambassade du Japon \u00e0 Tunis.<\/p>\n\n\n\n<p>Le festival comprendra \u00e9galement la section parall\u00e8le \u00ab&nbsp;Envirofest Kids&nbsp;\u00bb afin de sensibiliser les enfants \u00e0 la cause environnementale, \u00e0 travers des projections de films, mais aussi des ateliers de recyclage.<\/p>\n\n\n\n<p>Le hall central de la Cit\u00e9 de la Culture accueillera les 12 et 13 d\u00e9cembre un village environnemental qui r\u00e9unira des associations qui travaillent sur la question \u00e9cologique, ainsi qu\u2019une exposition photographique autour des fonds marins m\u00e9diterran\u00e9ens.<\/p>\n\n\n\n<p><strong>Fawz Benali<\/strong><\/p>\n","protected":false},"excerpt":{"rendered":"<p>La Cin\u00e9math\u00e8que tunisienne rouvre de nouveau ses portes et accueille, du 11 au 16 d\u00e9cembre 2020, la 3e \u00e9dition du Festival international du Film environnemental de Tunisie (Envirofest).<\/p>\n","protected":false},"author":26,"featured_media":326889,"comment_status":"open","ping_status":"open","sticky":false,"template":"","format":"standard","meta":{"footnotes":""},"categories":[994,2433],"tags":[80173,34406,85335,85337,85336],"class_list":["post-326869","post","type-post","status-publish","format-standard","has-post-thumbnail","hentry","category-culture","category-tunisie","tag-cinema-environnemental","tag-cinematheque-tunisienne","tag-envirofest-2020","tag-festival-du-film-environnemental","tag-reouverture-cinematheque"],"yoast_head":"<!-- This site is optimized with the Yoast SEO plugin v26.6 - https:\/\/yoast.com\/wordpress\/plugins\/seo\/ -->\n<title>R\u00e9ouverture de la Cin\u00e9math\u00e8que avec la 3e \u00e9dition d&#039;Envirofest - Kapitalis<\/title>\n<meta name=\"robots\" content=\"index, follow, max-snippet:-1, max-image-preview:large, max-video-preview:-1\" \/>\n<link rel=\"canonical\" href=\"https:\/\/kapitalis.com\/tunisie\/2020\/12\/05\/reouverture-de-la-cinematheque-avec-la-3e-edition-denvirofest\/\" \/>\n<meta property=\"og:locale\" content=\"fr_FR\" \/>\n<meta property=\"og:type\" content=\"article\" \/>\n<meta property=\"og:title\" content=\"R\u00e9ouverture de la Cin\u00e9math\u00e8que avec la 3e \u00e9dition d&#039;Envirofest - Kapitalis\" \/>\n<meta property=\"og:description\" content=\"La Cin\u00e9math\u00e8que tunisienne rouvre de nouveau ses portes et accueille, du 11 au 16 d\u00e9cembre 2020, la 3e \u00e9dition du Festival international du Film environnemental de Tunisie (Envirofest).\" \/>\n<meta property=\"og:url\" content=\"https:\/\/kapitalis.com\/tunisie\/2020\/12\/05\/reouverture-de-la-cinematheque-avec-la-3e-edition-denvirofest\/\" \/>\n<meta property=\"og:site_name\" content=\"Kapitalis\" \/>\n<meta property=\"article:publisher\" content=\"https:\/\/www.facebook.com\/KapitalisInfo\/\" \/>\n<meta property=\"article:published_time\" content=\"2020-12-05T11:05:14+00:00\" \/>\n<meta property=\"article:modified_time\" content=\"2020-12-05T11:05:17+00:00\" \/>\n<meta property=\"og:image\" content=\"https:\/\/kapitalis.com\/tunisie\/wp-content\/uploads\/2022\/05\/kapitalis-logo-fb.png\" \/>\n\t<meta property=\"og:image:width\" content=\"1200\" \/>\n\t<meta property=\"og:image:height\" content=\"630\" \/>\n\t<meta property=\"og:image:type\" content=\"image\/png\" \/>\n<meta name=\"author\" content=\"Fawz BenAli\" \/>\n<meta name=\"twitter:card\" content=\"summary_large_image\" \/>\n<meta name=\"twitter:creator\" content=\"@KapitalisInfo\" \/>\n<meta name=\"twitter:site\" content=\"@KapitalisInfo\" \/>\n<meta name=\"twitter:label1\" content=\"\u00c9crit par\" \/>\n\t<meta name=\"twitter:data1\" content=\"Fawz BenAli\" \/>\n\t<meta name=\"twitter:label2\" content=\"Dur\u00e9e de lecture estim\u00e9e\" \/>\n\t<meta name=\"twitter:data2\" content=\"1 minute\" \/>\n<script type=\"application\/ld+json\" class=\"yoast-schema-graph\">{\"@context\":\"https:\/\/schema.org\",\"@graph\":[{\"@type\":\"Article\",\"@id\":\"https:\/\/kapitalis.com\/tunisie\/2020\/12\/05\/reouverture-de-la-cinematheque-avec-la-3e-edition-denvirofest\/#article\",\"isPartOf\":{\"@id\":\"https:\/\/kapitalis.com\/tunisie\/2020\/12\/05\/reouverture-de-la-cinematheque-avec-la-3e-edition-denvirofest\/\"},\"author\":{\"name\":\"Fawz BenAli\",\"@id\":\"https:\/\/kapitalis.com\/tunisie\/#\/schema\/person\/73a5ecc1f6ae540c6ed91342eadca948\"},\"headline\":\"R\u00e9ouverture de la Cin\u00e9math\u00e8que avec la 3e \u00e9dition d&rsquo;Envirofest\",\"datePublished\":\"2020-12-05T11:05:14+00:00\",\"dateModified\":\"2020-12-05T11:05:17+00:00\",\"mainEntityOfPage\":{\"@id\":\"https:\/\/kapitalis.com\/tunisie\/2020\/12\/05\/reouverture-de-la-cinematheque-avec-la-3e-edition-denvirofest\/\"},\"wordCount\":272,\"commentCount\":0,\"publisher\":{\"@id\":\"https:\/\/kapitalis.com\/tunisie\/#organization\"},\"image\":{\"@id\":\"https:\/\/kapitalis.com\/tunisie\/2020\/12\/05\/reouverture-de-la-cinematheque-avec-la-3e-edition-denvirofest\/#primaryimage\"},\"thumbnailUrl\":\"\",\"keywords\":[\"cin\u00e9ma environnemental\",\"Cin\u00e9math\u00e8que tunisienne\",\"Envirofest 2020\",\"Festival du film environnemental\",\"r\u00e9ouverture cin\u00e9math\u00e8que\"],\"articleSection\":[\"CULTURE\",\"Tunisie\"],\"inLanguage\":\"fr-FR\",\"potentialAction\":[{\"@type\":\"CommentAction\",\"name\":\"Comment\",\"target\":[\"https:\/\/kapitalis.com\/tunisie\/2020\/12\/05\/reouverture-de-la-cinematheque-avec-la-3e-edition-denvirofest\/#respond\"]}]},{\"@type\":\"WebPage\",\"@id\":\"https:\/\/kapitalis.com\/tunisie\/2020\/12\/05\/reouverture-de-la-cinematheque-avec-la-3e-edition-denvirofest\/\",\"url\":\"https:\/\/kapitalis.com\/tunisie\/2020\/12\/05\/reouverture-de-la-cinematheque-avec-la-3e-edition-denvirofest\/\",\"name\":\"R\u00e9ouverture de la Cin\u00e9math\u00e8que avec la 3e \u00e9dition d'Envirofest - Kapitalis\",\"isPartOf\":{\"@id\":\"https:\/\/kapitalis.com\/tunisie\/#website\"},\"primaryImageOfPage\":{\"@id\":\"https:\/\/kapitalis.com\/tunisie\/2020\/12\/05\/reouverture-de-la-cinematheque-avec-la-3e-edition-denvirofest\/#primaryimage\"},\"image\":{\"@id\":\"https:\/\/kapitalis.com\/tunisie\/2020\/12\/05\/reouverture-de-la-cinematheque-avec-la-3e-edition-denvirofest\/#primaryimage\"},\"thumbnailUrl\":\"\",\"datePublished\":\"2020-12-05T11:05:14+00:00\",\"dateModified\":\"2020-12-05T11:05:17+00:00\",\"breadcrumb\":{\"@id\":\"https:\/\/kapitalis.com\/tunisie\/2020\/12\/05\/reouverture-de-la-cinematheque-avec-la-3e-edition-denvirofest\/#breadcrumb\"},\"inLanguage\":\"fr-FR\",\"potentialAction\":[{\"@type\":\"ReadAction\",\"target\":[\"https:\/\/kapitalis.com\/tunisie\/2020\/12\/05\/reouverture-de-la-cinematheque-avec-la-3e-edition-denvirofest\/\"]}]},{\"@type\":\"ImageObject\",\"inLanguage\":\"fr-FR\",\"@id\":\"https:\/\/kapitalis.com\/tunisie\/2020\/12\/05\/reouverture-de-la-cinematheque-avec-la-3e-edition-denvirofest\/#primaryimage\",\"url\":\"\",\"contentUrl\":\"\"},{\"@type\":\"BreadcrumbList\",\"@id\":\"https:\/\/kapitalis.com\/tunisie\/2020\/12\/05\/reouverture-de-la-cinematheque-avec-la-3e-edition-denvirofest\/#breadcrumb\",\"itemListElement\":[{\"@type\":\"ListItem\",\"position\":1,\"name\":\"Accueil\",\"item\":\"https:\/\/kapitalis.com\/tunisie\/\"},{\"@type\":\"ListItem\",\"position\":2,\"name\":\"R\u00e9ouverture de la Cin\u00e9math\u00e8que avec la 3e \u00e9dition d&rsquo;Envirofest\"}]},{\"@type\":\"WebSite\",\"@id\":\"https:\/\/kapitalis.com\/tunisie\/#website\",\"url\":\"https:\/\/kapitalis.com\/tunisie\/\",\"name\":\"Kapitalis\",\"description\":\"L&#039;actualit\u00e9 en Tunisie et dans le monde\",\"publisher\":{\"@id\":\"https:\/\/kapitalis.com\/tunisie\/#organization\"},\"potentialAction\":[{\"@type\":\"SearchAction\",\"target\":{\"@type\":\"EntryPoint\",\"urlTemplate\":\"https:\/\/kapitalis.com\/tunisie\/?s={search_term_string}\"},\"query-input\":{\"@type\":\"PropertyValueSpecification\",\"valueRequired\":true,\"valueName\":\"search_term_string\"}}],\"inLanguage\":\"fr-FR\"},{\"@type\":\"Organization\",\"@id\":\"https:\/\/kapitalis.com\/tunisie\/#organization\",\"name\":\"Kapitalis\",\"url\":\"https:\/\/kapitalis.com\/tunisie\/\",\"logo\":{\"@type\":\"ImageObject\",\"inLanguage\":\"fr-FR\",\"@id\":\"https:\/\/kapitalis.com\/tunisie\/#\/schema\/logo\/image\/\",\"url\":\"https:\/\/kapitalis.com\/tunisie\/wp-content\/uploads\/2022\/05\/Kapitalis-big-size.png\",\"contentUrl\":\"https:\/\/kapitalis.com\/tunisie\/wp-content\/uploads\/2022\/05\/Kapitalis-big-size.png\",\"width\":5000,\"height\":1500,\"caption\":\"Kapitalis\"},\"image\":{\"@id\":\"https:\/\/kapitalis.com\/tunisie\/#\/schema\/logo\/image\/\"},\"sameAs\":[\"https:\/\/www.facebook.com\/KapitalisInfo\/\",\"https:\/\/x.com\/KapitalisInfo\",\"https:\/\/www.youtube.com\/channel\/UC-yDYrHyfFBWWZaOw3FPg9Q\"]},{\"@type\":\"Person\",\"@id\":\"https:\/\/kapitalis.com\/tunisie\/#\/schema\/person\/73a5ecc1f6ae540c6ed91342eadca948\",\"name\":\"Fawz BenAli\",\"url\":\"https:\/\/kapitalis.com\/tunisie\/author\/fawz\/\"}]}<\/script>\n<!-- \/ Yoast SEO plugin. -->","yoast_head_json":{"title":"R\u00e9ouverture de la Cin\u00e9math\u00e8que avec la 3e \u00e9dition d'Envirofest - Kapitalis","robots":{"index":"index","follow":"follow","max-snippet":"max-snippet:-1","max-image-preview":"max-image-preview:large","max-video-preview":"max-video-preview:-1"},"canonical":"https:\/\/kapitalis.com\/tunisie\/2020\/12\/05\/reouverture-de-la-cinematheque-avec-la-3e-edition-denvirofest\/","og_locale":"fr_FR","og_type":"article","og_title":"R\u00e9ouverture de la Cin\u00e9math\u00e8que avec la 3e \u00e9dition d'Envirofest - Kapitalis","og_description":"La Cin\u00e9math\u00e8que tunisienne rouvre de nouveau ses portes et accueille, du 11 au 16 d\u00e9cembre 2020, la 3e \u00e9dition du Festival international du Film environnemental de Tunisie (Envirofest).","og_url":"https:\/\/kapitalis.com\/tunisie\/2020\/12\/05\/reouverture-de-la-cinematheque-avec-la-3e-edition-denvirofest\/","og_site_name":"Kapitalis","article_publisher":"https:\/\/www.facebook.com\/KapitalisInfo\/","article_published_time":"2020-12-05T11:05:14+00:00","article_modified_time":"2020-12-05T11:05:17+00:00","og_image":[{"width":1200,"height":630,"url":"https:\/\/kapitalis.com\/tunisie\/wp-content\/uploads\/2022\/05\/kapitalis-logo-fb.png","type":"image\/png"}],"author":"Fawz BenAli","twitter_card":"summary_large_image","twitter_creator":"@KapitalisInfo","twitter_site":"@KapitalisInfo","twitter_misc":{"\u00c9crit par":"Fawz BenAli","Dur\u00e9e de lecture estim\u00e9e":"1 minute"},"schema":{"@context":"https:\/\/schema.org","@graph":[{"@type":"Article","@id":"https:\/\/kapitalis.com\/tunisie\/2020\/12\/05\/reouverture-de-la-cinematheque-avec-la-3e-edition-denvirofest\/#article","isPartOf":{"@id":"https:\/\/kapitalis.com\/tunisie\/2020\/12\/05\/reouverture-de-la-cinematheque-avec-la-3e-edition-denvirofest\/"},"author":{"name":"Fawz BenAli","@id":"https:\/\/kapitalis.com\/tunisie\/#\/schema\/person\/73a5ecc1f6ae540c6ed91342eadca948"},"headline":"R\u00e9ouverture de la Cin\u00e9math\u00e8que avec la 3e \u00e9dition d&rsquo;Envirofest","datePublished":"2020-12-05T11:05:14+00:00","dateModified":"2020-12-05T11:05:17+00:00","mainEntityOfPage":{"@id":"https:\/\/kapitalis.com\/tunisie\/2020\/12\/05\/reouverture-de-la-cinematheque-avec-la-3e-edition-denvirofest\/"},"wordCount":272,"commentCount":0,"publisher":{"@id":"https:\/\/kapitalis.com\/tunisie\/#organization"},"image":{"@id":"https:\/\/kapitalis.com\/tunisie\/2020\/12\/05\/reouverture-de-la-cinematheque-avec-la-3e-edition-denvirofest\/#primaryimage"},"thumbnailUrl":"","keywords":["cin\u00e9ma environnemental","Cin\u00e9math\u00e8que tunisienne","Envirofest 2020","Festival du film environnemental","r\u00e9ouverture cin\u00e9math\u00e8que"],"articleSection":["CULTURE","Tunisie"],"inLanguage":"fr-FR","potentialAction":[{"@type":"CommentAction","name":"Comment","target":["https:\/\/kapitalis.com\/tunisie\/2020\/12\/05\/reouverture-de-la-cinematheque-avec-la-3e-edition-denvirofest\/#respond"]}]},{"@type":"WebPage","@id":"https:\/\/kapitalis.com\/tunisie\/2020\/12\/05\/reouverture-de-la-cinematheque-avec-la-3e-edition-denvirofest\/","url":"https:\/\/kapitalis.com\/tunisie\/2020\/12\/05\/reouverture-de-la-cinematheque-avec-la-3e-edition-denvirofest\/","name":"R\u00e9ouverture de la Cin\u00e9math\u00e8que avec la 3e \u00e9dition d'Envirofest - Kapitalis","isPartOf":{"@id":"https:\/\/kapitalis.com\/tunisie\/#website"},"primaryImageOfPage":{"@id":"https:\/\/kapitalis.com\/tunisie\/2020\/12\/05\/reouverture-de-la-cinematheque-avec-la-3e-edition-denvirofest\/#primaryimage"},"image":{"@id":"https:\/\/kapitalis.com\/tunisie\/2020\/12\/05\/reouverture-de-la-cinematheque-avec-la-3e-edition-denvirofest\/#primaryimage"},"thumbnailUrl":"","datePublished":"2020-12-05T11:05:14+00:00","dateModified":"2020-12-05T11:05:17+00:00","breadcrumb":{"@id":"https:\/\/kapitalis.com\/tunisie\/2020\/12\/05\/reouverture-de-la-cinematheque-avec-la-3e-edition-denvirofest\/#breadcrumb"},"inLanguage":"fr-FR","potentialAction":[{"@type":"ReadAction","target":["https:\/\/kapitalis.com\/tunisie\/2020\/12\/05\/reouverture-de-la-cinematheque-avec-la-3e-edition-denvirofest\/"]}]},{"@type":"ImageObject","inLanguage":"fr-FR","@id":"https:\/\/kapitalis.com\/tunisie\/2020\/12\/05\/reouverture-de-la-cinematheque-avec-la-3e-edition-denvirofest\/#primaryimage","url":"","contentUrl":""},{"@type":"BreadcrumbList","@id":"https:\/\/kapitalis.com\/tunisie\/2020\/12\/05\/reouverture-de-la-cinematheque-avec-la-3e-edition-denvirofest\/#breadcrumb","itemListElement":[{"@type":"ListItem","position":1,"name":"Accueil","item":"https:\/\/kapitalis.com\/tunisie\/"},{"@type":"ListItem","position":2,"name":"R\u00e9ouverture de la Cin\u00e9math\u00e8que avec la 3e \u00e9dition d&rsquo;Envirofest"}]},{"@type":"WebSite","@id":"https:\/\/kapitalis.com\/tunisie\/#website","url":"https:\/\/kapitalis.com\/tunisie\/","name":"Kapitalis","description":"L&#039;actualit\u00e9 en Tunisie et dans le monde","publisher":{"@id":"https:\/\/kapitalis.com\/tunisie\/#organization"},"potentialAction":[{"@type":"SearchAction","target":{"@type":"EntryPoint","urlTemplate":"https:\/\/kapitalis.com\/tunisie\/?s={search_term_string}"},"query-input":{"@type":"PropertyValueSpecification","valueRequired":true,"valueName":"search_term_string"}}],"inLanguage":"fr-FR"},{"@type":"Organization","@id":"https:\/\/kapitalis.com\/tunisie\/#organization","name":"Kapitalis","url":"https:\/\/kapitalis.com\/tunisie\/","logo":{"@type":"ImageObject","inLanguage":"fr-FR","@id":"https:\/\/kapitalis.com\/tunisie\/#\/schema\/logo\/image\/","url":"https:\/\/kapitalis.com\/tunisie\/wp-content\/uploads\/2022\/05\/Kapitalis-big-size.png","contentUrl":"https:\/\/kapitalis.com\/tunisie\/wp-content\/uploads\/2022\/05\/Kapitalis-big-size.png","width":5000,"height":1500,"caption":"Kapitalis"},"image":{"@id":"https:\/\/kapitalis.com\/tunisie\/#\/schema\/logo\/image\/"},"sameAs":["https:\/\/www.facebook.com\/KapitalisInfo\/","https:\/\/x.com\/KapitalisInfo","https:\/\/www.youtube.com\/channel\/UC-yDYrHyfFBWWZaOw3FPg9Q"]},{"@type":"Person","@id":"https:\/\/kapitalis.com\/tunisie\/#\/schema\/person\/73a5ecc1f6ae540c6ed91342eadca948","name":"Fawz BenAli","url":"https:\/\/kapitalis.com\/tunisie\/author\/fawz\/"}]}},"_links":{"self":[{"href":"https:\/\/kapitalis.com\/tunisie\/wp-json\/wp\/v2\/posts\/326869","targetHints":{"allow":["GET"]}}],"collection":[{"href":"https:\/\/kapitalis.com\/tunisie\/wp-json\/wp\/v2\/posts"}],"about":[{"href":"https:\/\/kapitalis.com\/tunisie\/wp-json\/wp\/v2\/types\/post"}],"author":[{"embeddable":true,"href":"https:\/\/kapitalis.com\/tunisie\/wp-json\/wp\/v2\/users\/26"}],"replies":[{"embeddable":true,"href":"https:\/\/kapitalis.com\/tunisie\/wp-json\/wp\/v2\/comments?post=326869"}],"version-history":[{"count":0,"href":"https:\/\/kapitalis.com\/tunisie\/wp-json\/wp\/v2\/posts\/326869\/revisions"}],"wp:featuredmedia":[{"embeddable":true,"href":"https:\/\/kapitalis.com\/tunisie\/wp-json\/wp\/v2\/media\/326889"}],"wp:attachment":[{"href":"https:\/\/kapitalis.com\/tunisie\/wp-json\/wp\/v2\/media?parent=326869"}],"wp:term":[{"taxonomy":"category","embeddable":true,"href":"https:\/\/kapitalis.com\/tunisie\/wp-json\/wp\/v2\/categories?post=326869"},{"taxonomy":"post_tag","embeddable":true,"href":"https:\/\/kapitalis.com\/tunisie\/wp-json\/wp\/v2\/tags?post=326869"}],"curies":[{"name":"wp","href":"https:\/\/api.w.org\/{rel}","templated":true}]}}