{"id":326894,"date":"2020-12-05T12:43:37","date_gmt":"2020-12-05T11:43:37","guid":{"rendered":"http:\/\/kapitalis.com\/tunisie\/?p=326894"},"modified":"2020-12-05T12:43:40","modified_gmt":"2020-12-05T11:43:40","slug":"cs-chebbien-ftf-le-tribunal-administratif-renonce-a-lexamen-de-laffaire","status":"publish","type":"post","link":"https:\/\/kapitalis.com\/tunisie\/2020\/12\/05\/cs-chebbien-ftf-le-tribunal-administratif-renonce-a-lexamen-de-laffaire\/","title":{"rendered":"CS Chebbien &#8211; FTF : Le tribunal administratif renonce \u00e0 l&rsquo;examen de l&rsquo;affaire"},"content":{"rendered":"\n<figure class=\"wp-block-image size-large\"><img decoding=\"async\" src=\"http:\/\/kapitalis.com\/tunisie\/wp-content\/uploads\/2020\/12\/ftf-chebba.jpg\" alt=\"\" class=\"wp-image-326902\"\/><\/figure>\n\n\n\n<p><strong><em>Le tribunal administratif a d\u00e9cid\u00e9 de renoncer \u00e0 l\u2019examen de la demande du Croissant sportif chebbien (CSCH), qui consiste \u00e0 suspendre la d\u00e9cision de la F\u00e9d\u00e9ration tunisienne de football (FTF) d&rsquo;organiser un tournoi de barrages pour le remplacement du club dans la Ligue I professionnelle de football.<\/em><\/strong><\/p>\n\n\n\n<!--more-->\n\n\n\n<p>C&rsquo;est ce qu&rsquo;a indiqu\u00e9 la FTF, hier, vendredi 4 d\u00e9cembre 2020, via un communiqu\u00e9, pr\u00e9cisant que le tribunal administratif s&rsquo;est d\u00e9clar\u00e9 incomp\u00e9tent pour cette affaire.<\/p>\n\n\n\n<p>Rappelons que la FTF avait d\u00e9cid\u00e9, le 17 octobre 2020, de suspendre les activit\u00e9s du CS Chebbien et de lui interdire de participer \u00e0 toutes les comp\u00e9titions organis\u00e9es par la f\u00e9d\u00e9ration pour la saison 2020-2021, suite au non-paiement de ses amendes, qui sont de l&rsquo;ordre de 203.000 dinars.<\/p>\n\n\n\n<p class=\"has-text-align-right\"><strong>C. B. Y.<\/strong><\/p>\n","protected":false},"excerpt":{"rendered":"<p>Le tribunal administratif a d\u00e9cid\u00e9 de renoncer \u00e0 l\u2019examen de la demande du Croissant sportif chebbien (CSCH), qui consiste \u00e0 suspendre la d\u00e9cision de la F\u00e9d\u00e9ration tunisienne de football (FTF) d&rsquo;organiser un tournoi de barrages pour le remplacement du club dans la Ligue I professionnelle de football.<\/p>\n","protected":false},"author":24,"featured_media":326902,"comment_status":"open","ping_status":"open","sticky":false,"template":"","format":"standard","meta":{"footnotes":""},"categories":[999,2433],"tags":[1183,84178,376,5208],"class_list":["post-326894","post","type-post","status-publish","format-standard","has-post-thumbnail","hentry","category-sport","category-tunisie","tag-chebba","tag-cs-chebbien","tag-federation-tunisienne-de-football","tag-ftf"],"yoast_head":"<!-- This site is optimized with the Yoast SEO plugin v26.6 - https:\/\/yoast.com\/wordpress\/plugins\/seo\/ -->\n<title>CS Chebbien - FTF : Le tribunal administratif renonce \u00e0 l&#039;examen de l&#039;affaire - Kapitalis<\/title>\n<meta name=\"robots\" content=\"index, follow, max-snippet:-1, max-image-preview:large, max-video-preview:-1\" \/>\n<link rel=\"canonical\" href=\"https:\/\/kapitalis.com\/tunisie\/2020\/12\/05\/cs-chebbien-ftf-le-tribunal-administratif-renonce-a-lexamen-de-laffaire\/\" \/>\n<meta property=\"og:locale\" content=\"fr_FR\" \/>\n<meta property=\"og:type\" content=\"article\" \/>\n<meta property=\"og:title\" content=\"CS Chebbien - FTF : Le tribunal administratif renonce \u00e0 l&#039;examen de l&#039;affaire - Kapitalis\" \/>\n<meta property=\"og:description\" content=\"Le tribunal administratif a d\u00e9cid\u00e9 de renoncer \u00e0 l\u2019examen de la demande du Croissant sportif chebbien (CSCH), qui consiste \u00e0 suspendre la d\u00e9cision de la F\u00e9d\u00e9ration tunisienne de football (FTF) d&rsquo;organiser un tournoi de barrages pour le remplacement du club dans la Ligue I professionnelle de football.\" \/>\n<meta property=\"og:url\" content=\"https:\/\/kapitalis.com\/tunisie\/2020\/12\/05\/cs-chebbien-ftf-le-tribunal-administratif-renonce-a-lexamen-de-laffaire\/\" \/>\n<meta property=\"og:site_name\" content=\"Kapitalis\" \/>\n<meta property=\"article:publisher\" content=\"https:\/\/www.facebook.com\/KapitalisInfo\/\" \/>\n<meta property=\"article:published_time\" content=\"2020-12-05T11:43:37+00:00\" \/>\n<meta property=\"article:modified_time\" content=\"2020-12-05T11:43:40+00:00\" \/>\n<meta property=\"og:image\" content=\"https:\/\/kapitalis.com\/tunisie\/wp-content\/uploads\/2022\/05\/kapitalis-logo-fb.png\" \/>\n\t<meta property=\"og:image:width\" content=\"1200\" \/>\n\t<meta property=\"og:image:height\" content=\"630\" \/>\n\t<meta property=\"og:image:type\" content=\"image\/png\" \/>\n<meta name=\"author\" content=\"Cherif Benyounes\" \/>\n<meta name=\"twitter:card\" content=\"summary_large_image\" \/>\n<meta name=\"twitter:creator\" content=\"@KapitalisInfo\" \/>\n<meta name=\"twitter:site\" content=\"@KapitalisInfo\" \/>\n<meta name=\"twitter:label1\" content=\"\u00c9crit par\" \/>\n\t<meta name=\"twitter:data1\" content=\"Cherif Benyounes\" \/>\n\t<meta name=\"twitter:label2\" content=\"Dur\u00e9e de lecture estim\u00e9e\" \/>\n\t<meta name=\"twitter:data2\" content=\"1 minute\" \/>\n<script type=\"application\/ld+json\" class=\"yoast-schema-graph\">{\"@context\":\"https:\/\/schema.org\",\"@graph\":[{\"@type\":\"Article\",\"@id\":\"https:\/\/kapitalis.com\/tunisie\/2020\/12\/05\/cs-chebbien-ftf-le-tribunal-administratif-renonce-a-lexamen-de-laffaire\/#article\",\"isPartOf\":{\"@id\":\"https:\/\/kapitalis.com\/tunisie\/2020\/12\/05\/cs-chebbien-ftf-le-tribunal-administratif-renonce-a-lexamen-de-laffaire\/\"},\"author\":{\"name\":\"Cherif Benyounes\",\"@id\":\"https:\/\/kapitalis.com\/tunisie\/#\/schema\/person\/b35b8d631961131107263178aeb8019e\"},\"headline\":\"CS Chebbien &#8211; FTF : Le tribunal administratif renonce \u00e0 l&rsquo;examen de l&rsquo;affaire\",\"datePublished\":\"2020-12-05T11:43:37+00:00\",\"dateModified\":\"2020-12-05T11:43:40+00:00\",\"mainEntityOfPage\":{\"@id\":\"https:\/\/kapitalis.com\/tunisie\/2020\/12\/05\/cs-chebbien-ftf-le-tribunal-administratif-renonce-a-lexamen-de-laffaire\/\"},\"wordCount\":141,\"commentCount\":1,\"publisher\":{\"@id\":\"https:\/\/kapitalis.com\/tunisie\/#organization\"},\"image\":{\"@id\":\"https:\/\/kapitalis.com\/tunisie\/2020\/12\/05\/cs-chebbien-ftf-le-tribunal-administratif-renonce-a-lexamen-de-laffaire\/#primaryimage\"},\"thumbnailUrl\":\"\",\"keywords\":[\"Chebba\",\"CS Chebbien\",\"F\u00e9d\u00e9ration tunisienne de football\",\"FTF\"],\"articleSection\":[\"SPORT\",\"Tunisie\"],\"inLanguage\":\"fr-FR\",\"potentialAction\":[{\"@type\":\"CommentAction\",\"name\":\"Comment\",\"target\":[\"https:\/\/kapitalis.com\/tunisie\/2020\/12\/05\/cs-chebbien-ftf-le-tribunal-administratif-renonce-a-lexamen-de-laffaire\/#respond\"]}]},{\"@type\":\"WebPage\",\"@id\":\"https:\/\/kapitalis.com\/tunisie\/2020\/12\/05\/cs-chebbien-ftf-le-tribunal-administratif-renonce-a-lexamen-de-laffaire\/\",\"url\":\"https:\/\/kapitalis.com\/tunisie\/2020\/12\/05\/cs-chebbien-ftf-le-tribunal-administratif-renonce-a-lexamen-de-laffaire\/\",\"name\":\"CS Chebbien - FTF : Le tribunal administratif renonce \u00e0 l'examen de l'affaire - Kapitalis\",\"isPartOf\":{\"@id\":\"https:\/\/kapitalis.com\/tunisie\/#website\"},\"primaryImageOfPage\":{\"@id\":\"https:\/\/kapitalis.com\/tunisie\/2020\/12\/05\/cs-chebbien-ftf-le-tribunal-administratif-renonce-a-lexamen-de-laffaire\/#primaryimage\"},\"image\":{\"@id\":\"https:\/\/kapitalis.com\/tunisie\/2020\/12\/05\/cs-chebbien-ftf-le-tribunal-administratif-renonce-a-lexamen-de-laffaire\/#primaryimage\"},\"thumbnailUrl\":\"\",\"datePublished\":\"2020-12-05T11:43:37+00:00\",\"dateModified\":\"2020-12-05T11:43:40+00:00\",\"breadcrumb\":{\"@id\":\"https:\/\/kapitalis.com\/tunisie\/2020\/12\/05\/cs-chebbien-ftf-le-tribunal-administratif-renonce-a-lexamen-de-laffaire\/#breadcrumb\"},\"inLanguage\":\"fr-FR\",\"potentialAction\":[{\"@type\":\"ReadAction\",\"target\":[\"https:\/\/kapitalis.com\/tunisie\/2020\/12\/05\/cs-chebbien-ftf-le-tribunal-administratif-renonce-a-lexamen-de-laffaire\/\"]}]},{\"@type\":\"ImageObject\",\"inLanguage\":\"fr-FR\",\"@id\":\"https:\/\/kapitalis.com\/tunisie\/2020\/12\/05\/cs-chebbien-ftf-le-tribunal-administratif-renonce-a-lexamen-de-laffaire\/#primaryimage\",\"url\":\"\",\"contentUrl\":\"\"},{\"@type\":\"BreadcrumbList\",\"@id\":\"https:\/\/kapitalis.com\/tunisie\/2020\/12\/05\/cs-chebbien-ftf-le-tribunal-administratif-renonce-a-lexamen-de-laffaire\/#breadcrumb\",\"itemListElement\":[{\"@type\":\"ListItem\",\"position\":1,\"name\":\"Accueil\",\"item\":\"https:\/\/kapitalis.com\/tunisie\/\"},{\"@type\":\"ListItem\",\"position\":2,\"name\":\"CS Chebbien &#8211; FTF : Le tribunal administratif renonce \u00e0 l&rsquo;examen de l&rsquo;affaire\"}]},{\"@type\":\"WebSite\",\"@id\":\"https:\/\/kapitalis.com\/tunisie\/#website\",\"url\":\"https:\/\/kapitalis.com\/tunisie\/\",\"name\":\"Kapitalis\",\"description\":\"L&#039;actualit\u00e9 en Tunisie et dans le monde\",\"publisher\":{\"@id\":\"https:\/\/kapitalis.com\/tunisie\/#organization\"},\"potentialAction\":[{\"@type\":\"SearchAction\",\"target\":{\"@type\":\"EntryPoint\",\"urlTemplate\":\"https:\/\/kapitalis.com\/tunisie\/?s={search_term_string}\"},\"query-input\":{\"@type\":\"PropertyValueSpecification\",\"valueRequired\":true,\"valueName\":\"search_term_string\"}}],\"inLanguage\":\"fr-FR\"},{\"@type\":\"Organization\",\"@id\":\"https:\/\/kapitalis.com\/tunisie\/#organization\",\"name\":\"Kapitalis\",\"url\":\"https:\/\/kapitalis.com\/tunisie\/\",\"logo\":{\"@type\":\"ImageObject\",\"inLanguage\":\"fr-FR\",\"@id\":\"https:\/\/kapitalis.com\/tunisie\/#\/schema\/logo\/image\/\",\"url\":\"https:\/\/kapitalis.com\/tunisie\/wp-content\/uploads\/2022\/05\/Kapitalis-big-size.png\",\"contentUrl\":\"https:\/\/kapitalis.com\/tunisie\/wp-content\/uploads\/2022\/05\/Kapitalis-big-size.png\",\"width\":5000,\"height\":1500,\"caption\":\"Kapitalis\"},\"image\":{\"@id\":\"https:\/\/kapitalis.com\/tunisie\/#\/schema\/logo\/image\/\"},\"sameAs\":[\"https:\/\/www.facebook.com\/KapitalisInfo\/\",\"https:\/\/x.com\/KapitalisInfo\",\"https:\/\/www.youtube.com\/channel\/UC-yDYrHyfFBWWZaOw3FPg9Q\"]},{\"@type\":\"Person\",\"@id\":\"https:\/\/kapitalis.com\/tunisie\/#\/schema\/person\/b35b8d631961131107263178aeb8019e\",\"name\":\"Cherif Benyounes\",\"url\":\"https:\/\/kapitalis.com\/tunisie\/author\/cherif\/\"}]}<\/script>\n<!-- \/ Yoast SEO plugin. -->","yoast_head_json":{"title":"CS Chebbien - FTF : Le tribunal administratif renonce \u00e0 l'examen de l'affaire - Kapitalis","robots":{"index":"index","follow":"follow","max-snippet":"max-snippet:-1","max-image-preview":"max-image-preview:large","max-video-preview":"max-video-preview:-1"},"canonical":"https:\/\/kapitalis.com\/tunisie\/2020\/12\/05\/cs-chebbien-ftf-le-tribunal-administratif-renonce-a-lexamen-de-laffaire\/","og_locale":"fr_FR","og_type":"article","og_title":"CS Chebbien - FTF : Le tribunal administratif renonce \u00e0 l'examen de l'affaire - Kapitalis","og_description":"Le tribunal administratif a d\u00e9cid\u00e9 de renoncer \u00e0 l\u2019examen de la demande du Croissant sportif chebbien (CSCH), qui consiste \u00e0 suspendre la d\u00e9cision de la F\u00e9d\u00e9ration tunisienne de football (FTF) d&rsquo;organiser un tournoi de barrages pour le remplacement du club dans la Ligue I professionnelle de football.","og_url":"https:\/\/kapitalis.com\/tunisie\/2020\/12\/05\/cs-chebbien-ftf-le-tribunal-administratif-renonce-a-lexamen-de-laffaire\/","og_site_name":"Kapitalis","article_publisher":"https:\/\/www.facebook.com\/KapitalisInfo\/","article_published_time":"2020-12-05T11:43:37+00:00","article_modified_time":"2020-12-05T11:43:40+00:00","og_image":[{"width":1200,"height":630,"url":"https:\/\/kapitalis.com\/tunisie\/wp-content\/uploads\/2022\/05\/kapitalis-logo-fb.png","type":"image\/png"}],"author":"Cherif Benyounes","twitter_card":"summary_large_image","twitter_creator":"@KapitalisInfo","twitter_site":"@KapitalisInfo","twitter_misc":{"\u00c9crit par":"Cherif Benyounes","Dur\u00e9e de lecture estim\u00e9e":"1 minute"},"schema":{"@context":"https:\/\/schema.org","@graph":[{"@type":"Article","@id":"https:\/\/kapitalis.com\/tunisie\/2020\/12\/05\/cs-chebbien-ftf-le-tribunal-administratif-renonce-a-lexamen-de-laffaire\/#article","isPartOf":{"@id":"https:\/\/kapitalis.com\/tunisie\/2020\/12\/05\/cs-chebbien-ftf-le-tribunal-administratif-renonce-a-lexamen-de-laffaire\/"},"author":{"name":"Cherif Benyounes","@id":"https:\/\/kapitalis.com\/tunisie\/#\/schema\/person\/b35b8d631961131107263178aeb8019e"},"headline":"CS Chebbien &#8211; FTF : Le tribunal administratif renonce \u00e0 l&rsquo;examen de l&rsquo;affaire","datePublished":"2020-12-05T11:43:37+00:00","dateModified":"2020-12-05T11:43:40+00:00","mainEntityOfPage":{"@id":"https:\/\/kapitalis.com\/tunisie\/2020\/12\/05\/cs-chebbien-ftf-le-tribunal-administratif-renonce-a-lexamen-de-laffaire\/"},"wordCount":141,"commentCount":1,"publisher":{"@id":"https:\/\/kapitalis.com\/tunisie\/#organization"},"image":{"@id":"https:\/\/kapitalis.com\/tunisie\/2020\/12\/05\/cs-chebbien-ftf-le-tribunal-administratif-renonce-a-lexamen-de-laffaire\/#primaryimage"},"thumbnailUrl":"","keywords":["Chebba","CS Chebbien","F\u00e9d\u00e9ration tunisienne de football","FTF"],"articleSection":["SPORT","Tunisie"],"inLanguage":"fr-FR","potentialAction":[{"@type":"CommentAction","name":"Comment","target":["https:\/\/kapitalis.com\/tunisie\/2020\/12\/05\/cs-chebbien-ftf-le-tribunal-administratif-renonce-a-lexamen-de-laffaire\/#respond"]}]},{"@type":"WebPage","@id":"https:\/\/kapitalis.com\/tunisie\/2020\/12\/05\/cs-chebbien-ftf-le-tribunal-administratif-renonce-a-lexamen-de-laffaire\/","url":"https:\/\/kapitalis.com\/tunisie\/2020\/12\/05\/cs-chebbien-ftf-le-tribunal-administratif-renonce-a-lexamen-de-laffaire\/","name":"CS Chebbien - FTF : Le tribunal administratif renonce \u00e0 l'examen de l'affaire - Kapitalis","isPartOf":{"@id":"https:\/\/kapitalis.com\/tunisie\/#website"},"primaryImageOfPage":{"@id":"https:\/\/kapitalis.com\/tunisie\/2020\/12\/05\/cs-chebbien-ftf-le-tribunal-administratif-renonce-a-lexamen-de-laffaire\/#primaryimage"},"image":{"@id":"https:\/\/kapitalis.com\/tunisie\/2020\/12\/05\/cs-chebbien-ftf-le-tribunal-administratif-renonce-a-lexamen-de-laffaire\/#primaryimage"},"thumbnailUrl":"","datePublished":"2020-12-05T11:43:37+00:00","dateModified":"2020-12-05T11:43:40+00:00","breadcrumb":{"@id":"https:\/\/kapitalis.com\/tunisie\/2020\/12\/05\/cs-chebbien-ftf-le-tribunal-administratif-renonce-a-lexamen-de-laffaire\/#breadcrumb"},"inLanguage":"fr-FR","potentialAction":[{"@type":"ReadAction","target":["https:\/\/kapitalis.com\/tunisie\/2020\/12\/05\/cs-chebbien-ftf-le-tribunal-administratif-renonce-a-lexamen-de-laffaire\/"]}]},{"@type":"ImageObject","inLanguage":"fr-FR","@id":"https:\/\/kapitalis.com\/tunisie\/2020\/12\/05\/cs-chebbien-ftf-le-tribunal-administratif-renonce-a-lexamen-de-laffaire\/#primaryimage","url":"","contentUrl":""},{"@type":"BreadcrumbList","@id":"https:\/\/kapitalis.com\/tunisie\/2020\/12\/05\/cs-chebbien-ftf-le-tribunal-administratif-renonce-a-lexamen-de-laffaire\/#breadcrumb","itemListElement":[{"@type":"ListItem","position":1,"name":"Accueil","item":"https:\/\/kapitalis.com\/tunisie\/"},{"@type":"ListItem","position":2,"name":"CS Chebbien &#8211; FTF : Le tribunal administratif renonce \u00e0 l&rsquo;examen de l&rsquo;affaire"}]},{"@type":"WebSite","@id":"https:\/\/kapitalis.com\/tunisie\/#website","url":"https:\/\/kapitalis.com\/tunisie\/","name":"Kapitalis","description":"L&#039;actualit\u00e9 en Tunisie et dans le monde","publisher":{"@id":"https:\/\/kapitalis.com\/tunisie\/#organization"},"potentialAction":[{"@type":"SearchAction","target":{"@type":"EntryPoint","urlTemplate":"https:\/\/kapitalis.com\/tunisie\/?s={search_term_string}"},"query-input":{"@type":"PropertyValueSpecification","valueRequired":true,"valueName":"search_term_string"}}],"inLanguage":"fr-FR"},{"@type":"Organization","@id":"https:\/\/kapitalis.com\/tunisie\/#organization","name":"Kapitalis","url":"https:\/\/kapitalis.com\/tunisie\/","logo":{"@type":"ImageObject","inLanguage":"fr-FR","@id":"https:\/\/kapitalis.com\/tunisie\/#\/schema\/logo\/image\/","url":"https:\/\/kapitalis.com\/tunisie\/wp-content\/uploads\/2022\/05\/Kapitalis-big-size.png","contentUrl":"https:\/\/kapitalis.com\/tunisie\/wp-content\/uploads\/2022\/05\/Kapitalis-big-size.png","width":5000,"height":1500,"caption":"Kapitalis"},"image":{"@id":"https:\/\/kapitalis.com\/tunisie\/#\/schema\/logo\/image\/"},"sameAs":["https:\/\/www.facebook.com\/KapitalisInfo\/","https:\/\/x.com\/KapitalisInfo","https:\/\/www.youtube.com\/channel\/UC-yDYrHyfFBWWZaOw3FPg9Q"]},{"@type":"Person","@id":"https:\/\/kapitalis.com\/tunisie\/#\/schema\/person\/b35b8d631961131107263178aeb8019e","name":"Cherif Benyounes","url":"https:\/\/kapitalis.com\/tunisie\/author\/cherif\/"}]}},"_links":{"self":[{"href":"https:\/\/kapitalis.com\/tunisie\/wp-json\/wp\/v2\/posts\/326894","targetHints":{"allow":["GET"]}}],"collection":[{"href":"https:\/\/kapitalis.com\/tunisie\/wp-json\/wp\/v2\/posts"}],"about":[{"href":"https:\/\/kapitalis.com\/tunisie\/wp-json\/wp\/v2\/types\/post"}],"author":[{"embeddable":true,"href":"https:\/\/kapitalis.com\/tunisie\/wp-json\/wp\/v2\/users\/24"}],"replies":[{"embeddable":true,"href":"https:\/\/kapitalis.com\/tunisie\/wp-json\/wp\/v2\/comments?post=326894"}],"version-history":[{"count":0,"href":"https:\/\/kapitalis.com\/tunisie\/wp-json\/wp\/v2\/posts\/326894\/revisions"}],"wp:featuredmedia":[{"embeddable":true,"href":"https:\/\/kapitalis.com\/tunisie\/wp-json\/wp\/v2\/media\/326902"}],"wp:attachment":[{"href":"https:\/\/kapitalis.com\/tunisie\/wp-json\/wp\/v2\/media?parent=326894"}],"wp:term":[{"taxonomy":"category","embeddable":true,"href":"https:\/\/kapitalis.com\/tunisie\/wp-json\/wp\/v2\/categories?post=326894"},{"taxonomy":"post_tag","embeddable":true,"href":"https:\/\/kapitalis.com\/tunisie\/wp-json\/wp\/v2\/tags?post=326894"}],"curies":[{"name":"wp","href":"https:\/\/api.w.org\/{rel}","templated":true}]}}