{"id":327018,"date":"2020-12-06T15:26:43","date_gmt":"2020-12-06T14:26:43","guid":{"rendered":"http:\/\/kapitalis.com\/tunisie\/?p=327018"},"modified":"2020-12-06T20:03:28","modified_gmt":"2020-12-06T19:03:28","slug":"tunis-dr-moncef-aouayeb-emporte-par-le-coronavirus","status":"publish","type":"post","link":"https:\/\/kapitalis.com\/tunisie\/2020\/12\/06\/tunis-dr-moncef-aouayeb-emporte-par-le-coronavirus\/","title":{"rendered":"Tunis : Dr Moncef Aouayeb emport\u00e9 par le coronavirus"},"content":{"rendered":"\n<figure class=\"wp-block-image size-large\"><img decoding=\"async\" src=\"http:\/\/kapitalis.com\/tunisie\/wp-content\/uploads\/2020\/12\/Dr-Moncef-Aouayeb.jpg\" alt=\"\" class=\"wp-image-327021\"\/><\/figure>\n\n\n\n<p><strong><em>\u00abUne autre disparition d\u00e9plor\u00e9e parmi nos blouses blanches des suites de la Covid-19\u00bb, regrette le Conseil r\u00e9gional de l&rsquo;Ordre des m\u00e9decins de Tunis, en annon\u00e7ant, ce dimanche 6 d\u00e9cembre 2020, le d\u00e9c\u00e8s de Dr Moncef Aouayeb.<\/em><\/strong><\/p>\n\n\n\n<!--more-->\n\n\n\n<p>Le CROM de Tunis, pr\u00e9cise que Dr Moncef Aouayeb, m\u00e9decin g\u00e9n\u00e9raliste install\u00e9 \u00e0 El-Kabbaria, est d\u00e9c\u00e9d\u00e9 vendredi dernier, \u00ab<em>apr\u00e8s un court passage en r\u00e9animation\u00bb.<\/em><\/p>\n\n\n\n<p><em>\u00abNos condol\u00e9ances les plus attrist\u00e9es pour sa famille et pour ses amis. Allah yarhmou !\u00bb.<\/em><\/p>\n\n\n\n<p>Notons que le nombre de d\u00e9c\u00e8s dans les rangs des blouses blanches s\u2019acc\u00e9l\u00e8re ces derniers jours, en Tunisie, et que des professionnels de la Sant\u00e9 ont appel\u00e9 \u00e0 identifier les circonstances exactes de la contamination de leurs confr\u00e8res afin de renforcer les mesures pouvant limiter la propagation de la pand\u00e9mie.<\/p>\n\n\n\n<p class=\"has-text-align-right\"><strong>Y. N.<\/strong><\/p>\n","protected":false},"excerpt":{"rendered":"<p>\u00abUne autre disparition d\u00e9plor\u00e9e parmi nos blouses blanches des suites de la Covid-19\u00bb, regrette le Conseil r\u00e9gional de l&rsquo;Ordre des m\u00e9decins de Tunis, en annon\u00e7ant, ce dimanche 6 d\u00e9cembre 2020, le d\u00e9c\u00e8s de Dr Moncef Aouayeb.<\/p>\n","protected":false},"author":6,"featured_media":327021,"comment_status":"open","ping_status":"open","sticky":false,"template":"","format":"standard","meta":{"footnotes":""},"categories":[998,2433],"tags":[77449,73060,75291,64263,1337,85375,64491],"class_list":["post-327018","post","type-post","status-publish","format-standard","has-post-thumbnail","hentry","category-societe","category-tunisie","tag-blouses-blanches","tag-coronavirus","tag-covid-19","tag-deces","tag-medecins","tag-moncef-aouayeb","tag-tunis"],"yoast_head":"<!-- This site is optimized with the Yoast SEO plugin v26.6 - https:\/\/yoast.com\/wordpress\/plugins\/seo\/ -->\n<title>Tunis : Dr Moncef Aouayeb emport\u00e9 par le coronavirus - Kapitalis<\/title>\n<meta name=\"robots\" content=\"index, follow, max-snippet:-1, max-image-preview:large, max-video-preview:-1\" \/>\n<link rel=\"canonical\" href=\"https:\/\/kapitalis.com\/tunisie\/2020\/12\/06\/tunis-dr-moncef-aouayeb-emporte-par-le-coronavirus\/\" \/>\n<meta property=\"og:locale\" content=\"fr_FR\" \/>\n<meta property=\"og:type\" content=\"article\" \/>\n<meta property=\"og:title\" content=\"Tunis : Dr Moncef Aouayeb emport\u00e9 par le coronavirus - Kapitalis\" \/>\n<meta property=\"og:description\" content=\"\u00abUne autre disparition d\u00e9plor\u00e9e parmi nos blouses blanches des suites de la Covid-19\u00bb, regrette le Conseil r\u00e9gional de l&rsquo;Ordre des m\u00e9decins de Tunis, en annon\u00e7ant, ce dimanche 6 d\u00e9cembre 2020, le d\u00e9c\u00e8s de Dr Moncef Aouayeb.\" \/>\n<meta property=\"og:url\" content=\"https:\/\/kapitalis.com\/tunisie\/2020\/12\/06\/tunis-dr-moncef-aouayeb-emporte-par-le-coronavirus\/\" \/>\n<meta property=\"og:site_name\" content=\"Kapitalis\" \/>\n<meta property=\"article:publisher\" content=\"https:\/\/www.facebook.com\/KapitalisInfo\/\" \/>\n<meta property=\"article:published_time\" content=\"2020-12-06T14:26:43+00:00\" \/>\n<meta property=\"article:modified_time\" content=\"2020-12-06T19:03:28+00:00\" \/>\n<meta property=\"og:image\" content=\"https:\/\/kapitalis.com\/tunisie\/wp-content\/uploads\/2022\/05\/kapitalis-logo-fb.png\" \/>\n\t<meta property=\"og:image:width\" content=\"1200\" \/>\n\t<meta property=\"og:image:height\" content=\"630\" \/>\n\t<meta property=\"og:image:type\" content=\"image\/png\" \/>\n<meta name=\"author\" content=\"Yusra NY\" \/>\n<meta name=\"twitter:card\" content=\"summary_large_image\" \/>\n<meta name=\"twitter:creator\" content=\"@KapitalisInfo\" \/>\n<meta name=\"twitter:site\" content=\"@KapitalisInfo\" \/>\n<meta name=\"twitter:label1\" content=\"\u00c9crit par\" \/>\n\t<meta name=\"twitter:data1\" content=\"Yusra NY\" \/>\n\t<meta name=\"twitter:label2\" content=\"Dur\u00e9e de lecture estim\u00e9e\" \/>\n\t<meta name=\"twitter:data2\" content=\"1 minute\" \/>\n<script type=\"application\/ld+json\" class=\"yoast-schema-graph\">{\"@context\":\"https:\/\/schema.org\",\"@graph\":[{\"@type\":\"Article\",\"@id\":\"https:\/\/kapitalis.com\/tunisie\/2020\/12\/06\/tunis-dr-moncef-aouayeb-emporte-par-le-coronavirus\/#article\",\"isPartOf\":{\"@id\":\"https:\/\/kapitalis.com\/tunisie\/2020\/12\/06\/tunis-dr-moncef-aouayeb-emporte-par-le-coronavirus\/\"},\"author\":{\"name\":\"Yusra NY\",\"@id\":\"https:\/\/kapitalis.com\/tunisie\/#\/schema\/person\/74bbde0154d49d790a92aaeac5bc01d5\"},\"headline\":\"Tunis : Dr Moncef Aouayeb emport\u00e9 par le coronavirus\",\"datePublished\":\"2020-12-06T14:26:43+00:00\",\"dateModified\":\"2020-12-06T19:03:28+00:00\",\"mainEntityOfPage\":{\"@id\":\"https:\/\/kapitalis.com\/tunisie\/2020\/12\/06\/tunis-dr-moncef-aouayeb-emporte-par-le-coronavirus\/\"},\"wordCount\":155,\"commentCount\":1,\"publisher\":{\"@id\":\"https:\/\/kapitalis.com\/tunisie\/#organization\"},\"image\":{\"@id\":\"https:\/\/kapitalis.com\/tunisie\/2020\/12\/06\/tunis-dr-moncef-aouayeb-emporte-par-le-coronavirus\/#primaryimage\"},\"thumbnailUrl\":\"\",\"keywords\":[\"blouses blanches\",\"Coronavirus\",\"Covid-19\",\"d\u00e9c\u00e8s\",\"m\u00e9decins\",\"Moncef Aouayeb\",\"Tunis\"],\"articleSection\":[\"SOCIETE\",\"Tunisie\"],\"inLanguage\":\"fr-FR\",\"potentialAction\":[{\"@type\":\"CommentAction\",\"name\":\"Comment\",\"target\":[\"https:\/\/kapitalis.com\/tunisie\/2020\/12\/06\/tunis-dr-moncef-aouayeb-emporte-par-le-coronavirus\/#respond\"]}]},{\"@type\":\"WebPage\",\"@id\":\"https:\/\/kapitalis.com\/tunisie\/2020\/12\/06\/tunis-dr-moncef-aouayeb-emporte-par-le-coronavirus\/\",\"url\":\"https:\/\/kapitalis.com\/tunisie\/2020\/12\/06\/tunis-dr-moncef-aouayeb-emporte-par-le-coronavirus\/\",\"name\":\"Tunis : Dr Moncef Aouayeb emport\u00e9 par le coronavirus - Kapitalis\",\"isPartOf\":{\"@id\":\"https:\/\/kapitalis.com\/tunisie\/#website\"},\"primaryImageOfPage\":{\"@id\":\"https:\/\/kapitalis.com\/tunisie\/2020\/12\/06\/tunis-dr-moncef-aouayeb-emporte-par-le-coronavirus\/#primaryimage\"},\"image\":{\"@id\":\"https:\/\/kapitalis.com\/tunisie\/2020\/12\/06\/tunis-dr-moncef-aouayeb-emporte-par-le-coronavirus\/#primaryimage\"},\"thumbnailUrl\":\"\",\"datePublished\":\"2020-12-06T14:26:43+00:00\",\"dateModified\":\"2020-12-06T19:03:28+00:00\",\"breadcrumb\":{\"@id\":\"https:\/\/kapitalis.com\/tunisie\/2020\/12\/06\/tunis-dr-moncef-aouayeb-emporte-par-le-coronavirus\/#breadcrumb\"},\"inLanguage\":\"fr-FR\",\"potentialAction\":[{\"@type\":\"ReadAction\",\"target\":[\"https:\/\/kapitalis.com\/tunisie\/2020\/12\/06\/tunis-dr-moncef-aouayeb-emporte-par-le-coronavirus\/\"]}]},{\"@type\":\"ImageObject\",\"inLanguage\":\"fr-FR\",\"@id\":\"https:\/\/kapitalis.com\/tunisie\/2020\/12\/06\/tunis-dr-moncef-aouayeb-emporte-par-le-coronavirus\/#primaryimage\",\"url\":\"\",\"contentUrl\":\"\"},{\"@type\":\"BreadcrumbList\",\"@id\":\"https:\/\/kapitalis.com\/tunisie\/2020\/12\/06\/tunis-dr-moncef-aouayeb-emporte-par-le-coronavirus\/#breadcrumb\",\"itemListElement\":[{\"@type\":\"ListItem\",\"position\":1,\"name\":\"Accueil\",\"item\":\"https:\/\/kapitalis.com\/tunisie\/\"},{\"@type\":\"ListItem\",\"position\":2,\"name\":\"Tunis : Dr Moncef Aouayeb emport\u00e9 par le coronavirus\"}]},{\"@type\":\"WebSite\",\"@id\":\"https:\/\/kapitalis.com\/tunisie\/#website\",\"url\":\"https:\/\/kapitalis.com\/tunisie\/\",\"name\":\"Kapitalis\",\"description\":\"L&#039;actualit\u00e9 en Tunisie et dans le monde\",\"publisher\":{\"@id\":\"https:\/\/kapitalis.com\/tunisie\/#organization\"},\"potentialAction\":[{\"@type\":\"SearchAction\",\"target\":{\"@type\":\"EntryPoint\",\"urlTemplate\":\"https:\/\/kapitalis.com\/tunisie\/?s={search_term_string}\"},\"query-input\":{\"@type\":\"PropertyValueSpecification\",\"valueRequired\":true,\"valueName\":\"search_term_string\"}}],\"inLanguage\":\"fr-FR\"},{\"@type\":\"Organization\",\"@id\":\"https:\/\/kapitalis.com\/tunisie\/#organization\",\"name\":\"Kapitalis\",\"url\":\"https:\/\/kapitalis.com\/tunisie\/\",\"logo\":{\"@type\":\"ImageObject\",\"inLanguage\":\"fr-FR\",\"@id\":\"https:\/\/kapitalis.com\/tunisie\/#\/schema\/logo\/image\/\",\"url\":\"https:\/\/kapitalis.com\/tunisie\/wp-content\/uploads\/2022\/05\/Kapitalis-big-size.png\",\"contentUrl\":\"https:\/\/kapitalis.com\/tunisie\/wp-content\/uploads\/2022\/05\/Kapitalis-big-size.png\",\"width\":5000,\"height\":1500,\"caption\":\"Kapitalis\"},\"image\":{\"@id\":\"https:\/\/kapitalis.com\/tunisie\/#\/schema\/logo\/image\/\"},\"sameAs\":[\"https:\/\/www.facebook.com\/KapitalisInfo\/\",\"https:\/\/x.com\/KapitalisInfo\",\"https:\/\/www.youtube.com\/channel\/UC-yDYrHyfFBWWZaOw3FPg9Q\"]},{\"@type\":\"Person\",\"@id\":\"https:\/\/kapitalis.com\/tunisie\/#\/schema\/person\/74bbde0154d49d790a92aaeac5bc01d5\",\"name\":\"Yusra NY\",\"url\":\"https:\/\/kapitalis.com\/tunisie\/author\/yuza_adam\/\"}]}<\/script>\n<!-- \/ Yoast SEO plugin. -->","yoast_head_json":{"title":"Tunis : Dr Moncef Aouayeb emport\u00e9 par le coronavirus - Kapitalis","robots":{"index":"index","follow":"follow","max-snippet":"max-snippet:-1","max-image-preview":"max-image-preview:large","max-video-preview":"max-video-preview:-1"},"canonical":"https:\/\/kapitalis.com\/tunisie\/2020\/12\/06\/tunis-dr-moncef-aouayeb-emporte-par-le-coronavirus\/","og_locale":"fr_FR","og_type":"article","og_title":"Tunis : Dr Moncef Aouayeb emport\u00e9 par le coronavirus - Kapitalis","og_description":"\u00abUne autre disparition d\u00e9plor\u00e9e parmi nos blouses blanches des suites de la Covid-19\u00bb, regrette le Conseil r\u00e9gional de l&rsquo;Ordre des m\u00e9decins de Tunis, en annon\u00e7ant, ce dimanche 6 d\u00e9cembre 2020, le d\u00e9c\u00e8s de Dr Moncef Aouayeb.","og_url":"https:\/\/kapitalis.com\/tunisie\/2020\/12\/06\/tunis-dr-moncef-aouayeb-emporte-par-le-coronavirus\/","og_site_name":"Kapitalis","article_publisher":"https:\/\/www.facebook.com\/KapitalisInfo\/","article_published_time":"2020-12-06T14:26:43+00:00","article_modified_time":"2020-12-06T19:03:28+00:00","og_image":[{"width":1200,"height":630,"url":"https:\/\/kapitalis.com\/tunisie\/wp-content\/uploads\/2022\/05\/kapitalis-logo-fb.png","type":"image\/png"}],"author":"Yusra NY","twitter_card":"summary_large_image","twitter_creator":"@KapitalisInfo","twitter_site":"@KapitalisInfo","twitter_misc":{"\u00c9crit par":"Yusra NY","Dur\u00e9e de lecture estim\u00e9e":"1 minute"},"schema":{"@context":"https:\/\/schema.org","@graph":[{"@type":"Article","@id":"https:\/\/kapitalis.com\/tunisie\/2020\/12\/06\/tunis-dr-moncef-aouayeb-emporte-par-le-coronavirus\/#article","isPartOf":{"@id":"https:\/\/kapitalis.com\/tunisie\/2020\/12\/06\/tunis-dr-moncef-aouayeb-emporte-par-le-coronavirus\/"},"author":{"name":"Yusra NY","@id":"https:\/\/kapitalis.com\/tunisie\/#\/schema\/person\/74bbde0154d49d790a92aaeac5bc01d5"},"headline":"Tunis : Dr Moncef Aouayeb emport\u00e9 par le coronavirus","datePublished":"2020-12-06T14:26:43+00:00","dateModified":"2020-12-06T19:03:28+00:00","mainEntityOfPage":{"@id":"https:\/\/kapitalis.com\/tunisie\/2020\/12\/06\/tunis-dr-moncef-aouayeb-emporte-par-le-coronavirus\/"},"wordCount":155,"commentCount":1,"publisher":{"@id":"https:\/\/kapitalis.com\/tunisie\/#organization"},"image":{"@id":"https:\/\/kapitalis.com\/tunisie\/2020\/12\/06\/tunis-dr-moncef-aouayeb-emporte-par-le-coronavirus\/#primaryimage"},"thumbnailUrl":"","keywords":["blouses blanches","Coronavirus","Covid-19","d\u00e9c\u00e8s","m\u00e9decins","Moncef Aouayeb","Tunis"],"articleSection":["SOCIETE","Tunisie"],"inLanguage":"fr-FR","potentialAction":[{"@type":"CommentAction","name":"Comment","target":["https:\/\/kapitalis.com\/tunisie\/2020\/12\/06\/tunis-dr-moncef-aouayeb-emporte-par-le-coronavirus\/#respond"]}]},{"@type":"WebPage","@id":"https:\/\/kapitalis.com\/tunisie\/2020\/12\/06\/tunis-dr-moncef-aouayeb-emporte-par-le-coronavirus\/","url":"https:\/\/kapitalis.com\/tunisie\/2020\/12\/06\/tunis-dr-moncef-aouayeb-emporte-par-le-coronavirus\/","name":"Tunis : Dr Moncef Aouayeb emport\u00e9 par le coronavirus - Kapitalis","isPartOf":{"@id":"https:\/\/kapitalis.com\/tunisie\/#website"},"primaryImageOfPage":{"@id":"https:\/\/kapitalis.com\/tunisie\/2020\/12\/06\/tunis-dr-moncef-aouayeb-emporte-par-le-coronavirus\/#primaryimage"},"image":{"@id":"https:\/\/kapitalis.com\/tunisie\/2020\/12\/06\/tunis-dr-moncef-aouayeb-emporte-par-le-coronavirus\/#primaryimage"},"thumbnailUrl":"","datePublished":"2020-12-06T14:26:43+00:00","dateModified":"2020-12-06T19:03:28+00:00","breadcrumb":{"@id":"https:\/\/kapitalis.com\/tunisie\/2020\/12\/06\/tunis-dr-moncef-aouayeb-emporte-par-le-coronavirus\/#breadcrumb"},"inLanguage":"fr-FR","potentialAction":[{"@type":"ReadAction","target":["https:\/\/kapitalis.com\/tunisie\/2020\/12\/06\/tunis-dr-moncef-aouayeb-emporte-par-le-coronavirus\/"]}]},{"@type":"ImageObject","inLanguage":"fr-FR","@id":"https:\/\/kapitalis.com\/tunisie\/2020\/12\/06\/tunis-dr-moncef-aouayeb-emporte-par-le-coronavirus\/#primaryimage","url":"","contentUrl":""},{"@type":"BreadcrumbList","@id":"https:\/\/kapitalis.com\/tunisie\/2020\/12\/06\/tunis-dr-moncef-aouayeb-emporte-par-le-coronavirus\/#breadcrumb","itemListElement":[{"@type":"ListItem","position":1,"name":"Accueil","item":"https:\/\/kapitalis.com\/tunisie\/"},{"@type":"ListItem","position":2,"name":"Tunis : Dr Moncef Aouayeb emport\u00e9 par le coronavirus"}]},{"@type":"WebSite","@id":"https:\/\/kapitalis.com\/tunisie\/#website","url":"https:\/\/kapitalis.com\/tunisie\/","name":"Kapitalis","description":"L&#039;actualit\u00e9 en Tunisie et dans le monde","publisher":{"@id":"https:\/\/kapitalis.com\/tunisie\/#organization"},"potentialAction":[{"@type":"SearchAction","target":{"@type":"EntryPoint","urlTemplate":"https:\/\/kapitalis.com\/tunisie\/?s={search_term_string}"},"query-input":{"@type":"PropertyValueSpecification","valueRequired":true,"valueName":"search_term_string"}}],"inLanguage":"fr-FR"},{"@type":"Organization","@id":"https:\/\/kapitalis.com\/tunisie\/#organization","name":"Kapitalis","url":"https:\/\/kapitalis.com\/tunisie\/","logo":{"@type":"ImageObject","inLanguage":"fr-FR","@id":"https:\/\/kapitalis.com\/tunisie\/#\/schema\/logo\/image\/","url":"https:\/\/kapitalis.com\/tunisie\/wp-content\/uploads\/2022\/05\/Kapitalis-big-size.png","contentUrl":"https:\/\/kapitalis.com\/tunisie\/wp-content\/uploads\/2022\/05\/Kapitalis-big-size.png","width":5000,"height":1500,"caption":"Kapitalis"},"image":{"@id":"https:\/\/kapitalis.com\/tunisie\/#\/schema\/logo\/image\/"},"sameAs":["https:\/\/www.facebook.com\/KapitalisInfo\/","https:\/\/x.com\/KapitalisInfo","https:\/\/www.youtube.com\/channel\/UC-yDYrHyfFBWWZaOw3FPg9Q"]},{"@type":"Person","@id":"https:\/\/kapitalis.com\/tunisie\/#\/schema\/person\/74bbde0154d49d790a92aaeac5bc01d5","name":"Yusra NY","url":"https:\/\/kapitalis.com\/tunisie\/author\/yuza_adam\/"}]}},"_links":{"self":[{"href":"https:\/\/kapitalis.com\/tunisie\/wp-json\/wp\/v2\/posts\/327018","targetHints":{"allow":["GET"]}}],"collection":[{"href":"https:\/\/kapitalis.com\/tunisie\/wp-json\/wp\/v2\/posts"}],"about":[{"href":"https:\/\/kapitalis.com\/tunisie\/wp-json\/wp\/v2\/types\/post"}],"author":[{"embeddable":true,"href":"https:\/\/kapitalis.com\/tunisie\/wp-json\/wp\/v2\/users\/6"}],"replies":[{"embeddable":true,"href":"https:\/\/kapitalis.com\/tunisie\/wp-json\/wp\/v2\/comments?post=327018"}],"version-history":[{"count":0,"href":"https:\/\/kapitalis.com\/tunisie\/wp-json\/wp\/v2\/posts\/327018\/revisions"}],"wp:featuredmedia":[{"embeddable":true,"href":"https:\/\/kapitalis.com\/tunisie\/wp-json\/wp\/v2\/media\/327021"}],"wp:attachment":[{"href":"https:\/\/kapitalis.com\/tunisie\/wp-json\/wp\/v2\/media?parent=327018"}],"wp:term":[{"taxonomy":"category","embeddable":true,"href":"https:\/\/kapitalis.com\/tunisie\/wp-json\/wp\/v2\/categories?post=327018"},{"taxonomy":"post_tag","embeddable":true,"href":"https:\/\/kapitalis.com\/tunisie\/wp-json\/wp\/v2\/tags?post=327018"}],"curies":[{"name":"wp","href":"https:\/\/api.w.org\/{rel}","templated":true}]}}