{"id":327226,"date":"2020-12-08T09:58:16","date_gmt":"2020-12-08T08:58:16","guid":{"rendered":"http:\/\/kapitalis.com\/tunisie\/?p=327226"},"modified":"2020-12-08T11:19:09","modified_gmt":"2020-12-08T10:19:09","slug":"seifeddine-makhlouf-a-kais-saied-pour-nous-tu-nes-plus-le-president-et-tu-ne-peux-rien-nous-faire","status":"publish","type":"post","link":"https:\/\/kapitalis.com\/tunisie\/2020\/12\/08\/seifeddine-makhlouf-a-kais-saied-pour-nous-tu-nes-plus-le-president-et-tu-ne-peux-rien-nous-faire\/","title":{"rendered":"Seifeddine Makhlouf \u00e0 Ka\u00efs Sa\u00efed : \u00abPour nous, tu n\u2019es plus le pr\u00e9sident, et tu ne peux rien nous faire\u00bb"},"content":{"rendered":"\n<figure class=\"wp-block-image size-large\"><img decoding=\"async\" src=\"http:\/\/kapitalis.com\/tunisie\/wp-content\/uploads\/2020\/12\/makhlouf-affes.jpg\" alt=\"\" class=\"wp-image-327230\"\/><\/figure>\n\n\n\n<p><strong><em>Seifeddine Makhlouf, chef du groupe parlementaire de la coalition Al-Karama, n&rsquo;a pas beaucoup tard\u00e9 \u00e0 r\u00e9pondre au pr\u00e9sident de la r\u00e9publique, Ka\u00efs Sa\u00efed, qui a, indirectement, <a href=\"http:\/\/kapitalis.com\/tunisie\/2020\/12\/07\/deputes-agresses-a-lassemblee-saied-adresse-un-avertissement-a-ceux-qui-veulent-faire-tomber-letat\/\">avertit la coalition islamiste<\/a> hier soir, lundi 7 d\u00e9cembre 2020, suite \u00e0 l&rsquo;agression physique commise au Parlement par certains de ses d\u00e9put\u00e9s sur 3 de leurs coll\u00e8gues d&rsquo;Attayar.<\/em><\/strong><\/p>\n\n\n\n<!--more-->\n\n\n\n<p>Makhlouf a estim\u00e9 qu&rsquo;en accueillant uniquement les d\u00e9put\u00e9s d&rsquo;Attayar, dans le palais pr\u00e9sidentiel de Carthage, Sa\u00efed n&rsquo;a pas fait preuve d&rsquo;impartialit\u00e9. Et pour exprimer cette id\u00e9e, il a \u00e9t\u00e9 fid\u00e8le \u00e0 son style, tr\u00e8s direct, mais aussi tr\u00e8s odieux.<\/p>\n\n\n\n<p>\u00ab<em>Ka\u00efs Sa\u00efed<\/em>, <em>si tu crois que tu vas nous menacer, sache que tu ne peux rien contre nous\u00a0! Pour nous, tu n\u2019es plus le pr\u00e9sident de la r\u00e9publique et tu ne m\u00e9rites plus notre respect\u00a0! Tes menaces ne nous font pas peur !\u00a0<\/em>\u00bb, a-t-il notamment dit, dans <a href=\"https:\/\/www.facebook.com\/omdea22\/posts\/1689235661251046\"><strong>une vid\u00e9o<\/strong><\/a> partag\u00e9e sur Facebook, depuis l&rsquo;h\u00e9micycle de Carthage, pour protester contre la diffusion d&rsquo;une \u00e9mission sur la t\u00e9l\u00e9vision nationale consacr\u00e9e \u00e0 l&rsquo;agression, sans donner la parole aux d\u00e9put\u00e9s d&rsquo;Al-Karama.<\/p>\n\n\n\n<p>Mais qu&rsquo;en est-il de la version d&rsquo;Al-Karama concernant l&rsquo;agression des d\u00e9put\u00e9s d&rsquo;Attayar, et notamment Anouar Benchahed, bless\u00e9 apr\u00e8s avoir re\u00e7u, selon plusieurs t\u00e9moins, une bouteille en plein visage ?<\/p>\n\n\n\n<p>Dans une autre vid\u00e9o, Makhlouf a dit que si Benchahed a saign\u00e9 du visage c&rsquo;est probablement parce que la d\u00e9put\u00e9e Amira Charfeddine l&rsquo;a involontairement bless\u00e9 avec ses ongles. <\/p>\n\n\n\n<p>Il faut dire que l&rsquo;islamiste a tellement confiance en la cr\u00e9dulit\u00e9 de ses partisans, qu&rsquo;il ne fournit aucun effort dans l&rsquo;invention des mensonges. <\/p>\n\n\n\n<p class=\"has-text-align-right\"><strong>C. B. Y.<\/strong><\/p>\n\n\n\n<figure class=\"wp-block-embed-wordpress wp-block-embed is-type-wp-embed is-provider-kapitalis\"><div class=\"wp-block-embed__wrapper\">\n<blockquote class=\"wp-embedded-content\" data-secret=\"6Cp9BdVRKz\"><a href=\"https:\/\/kapitalis.com\/tunisie\/2020\/12\/07\/deputes-agresses-a-lassemblee-saied-adresse-un-avertissement-a-ceux-qui-veulent-faire-tomber-letat\/\">D\u00e9put\u00e9s agress\u00e9s \u00e0 l&rsquo;Assembl\u00e9e : Sa\u00efed adresse \u00abun avertissement \u00e0 ceux qui veulent faire tomber l\u2019\u00c9tat\u00bb<\/a><\/blockquote><iframe loading=\"lazy\" class=\"wp-embedded-content\" sandbox=\"allow-scripts\" security=\"restricted\" style=\"position: absolute; clip: rect(1px, 1px, 1px, 1px);\" title=\"\u00ab\u00a0D\u00e9put\u00e9s agress\u00e9s \u00e0 l&rsquo;Assembl\u00e9e : Sa\u00efed adresse \u00abun avertissement \u00e0 ceux qui veulent faire tomber l\u2019\u00c9tat\u00bb\u00a0\u00bb &#8212; Kapitalis\" src=\"https:\/\/kapitalis.com\/tunisie\/2020\/12\/07\/deputes-agresses-a-lassemblee-saied-adresse-un-avertissement-a-ceux-qui-veulent-faire-tomber-letat\/embed\/#?secret=CxtmNpNCpx#?secret=6Cp9BdVRKz\" data-secret=\"6Cp9BdVRKz\" width=\"600\" height=\"338\" frameborder=\"0\" marginwidth=\"0\" marginheight=\"0\" scrolling=\"no\"><\/iframe>\n<\/div><\/figure>\n","protected":false},"excerpt":{"rendered":"<p>Seifeddine Makhlouf, chef du groupe parlementaire de la coalition Al-Karama, n&rsquo;a pas beaucoup tard\u00e9 \u00e0 r\u00e9pondre au pr\u00e9sident de la r\u00e9publique, Ka\u00efs Sa\u00efed, qui a, indirectement, avertit la coalition islamiste hier soir, lundi 7 d\u00e9cembre 2020, suite \u00e0 l&rsquo;agression physique commise au Parlement par certains de ses d\u00e9put\u00e9s sur 3 de leurs coll\u00e8gues d&rsquo;Attayar.<\/p>\n","protected":false},"author":24,"featured_media":327230,"comment_status":"open","ping_status":"open","sticky":false,"template":"","format":"standard","meta":{"footnotes":""},"categories":[997,2433],"tags":[76464,85405,15519,76012,8752],"class_list":["post-327226","post","type-post","status-publish","format-standard","has-post-thumbnail","hentry","category-politique","category-tunisie","tag-al-karama-2","tag-anour-benchahed","tag-attayar","tag-kais-saied-2","tag-seifeddine-makhlouf"],"yoast_head":"<!-- This site is optimized with the Yoast SEO plugin v26.6 - https:\/\/yoast.com\/wordpress\/plugins\/seo\/ -->\n<title>Seifeddine Makhlouf \u00e0 Ka\u00efs Sa\u00efed : \u00abPour nous, tu n\u2019es plus le pr\u00e9sident, et tu ne peux rien nous faire\u00bb - Kapitalis<\/title>\n<meta name=\"robots\" content=\"index, follow, max-snippet:-1, max-image-preview:large, max-video-preview:-1\" \/>\n<link rel=\"canonical\" href=\"https:\/\/kapitalis.com\/tunisie\/2020\/12\/08\/seifeddine-makhlouf-a-kais-saied-pour-nous-tu-nes-plus-le-president-et-tu-ne-peux-rien-nous-faire\/\" \/>\n<meta property=\"og:locale\" content=\"fr_FR\" \/>\n<meta property=\"og:type\" content=\"article\" \/>\n<meta property=\"og:title\" content=\"Seifeddine Makhlouf \u00e0 Ka\u00efs Sa\u00efed : \u00abPour nous, tu n\u2019es plus le pr\u00e9sident, et tu ne peux rien nous faire\u00bb - Kapitalis\" \/>\n<meta property=\"og:description\" content=\"Seifeddine Makhlouf, chef du groupe parlementaire de la coalition Al-Karama, n&rsquo;a pas beaucoup tard\u00e9 \u00e0 r\u00e9pondre au pr\u00e9sident de la r\u00e9publique, Ka\u00efs Sa\u00efed, qui a, indirectement, avertit la coalition islamiste hier soir, lundi 7 d\u00e9cembre 2020, suite \u00e0 l&rsquo;agression physique commise au Parlement par certains de ses d\u00e9put\u00e9s sur 3 de leurs coll\u00e8gues d&rsquo;Attayar.\" \/>\n<meta property=\"og:url\" content=\"https:\/\/kapitalis.com\/tunisie\/2020\/12\/08\/seifeddine-makhlouf-a-kais-saied-pour-nous-tu-nes-plus-le-president-et-tu-ne-peux-rien-nous-faire\/\" \/>\n<meta property=\"og:site_name\" content=\"Kapitalis\" \/>\n<meta property=\"article:publisher\" content=\"https:\/\/www.facebook.com\/KapitalisInfo\/\" \/>\n<meta property=\"article:published_time\" content=\"2020-12-08T08:58:16+00:00\" \/>\n<meta property=\"article:modified_time\" content=\"2020-12-08T10:19:09+00:00\" \/>\n<meta property=\"og:image\" content=\"https:\/\/kapitalis.com\/tunisie\/wp-content\/uploads\/2022\/05\/kapitalis-logo-fb.png\" \/>\n\t<meta property=\"og:image:width\" content=\"1200\" \/>\n\t<meta property=\"og:image:height\" content=\"630\" \/>\n\t<meta property=\"og:image:type\" content=\"image\/png\" \/>\n<meta name=\"author\" content=\"Cherif Benyounes\" \/>\n<meta name=\"twitter:card\" content=\"summary_large_image\" \/>\n<meta name=\"twitter:creator\" content=\"@KapitalisInfo\" \/>\n<meta name=\"twitter:site\" content=\"@KapitalisInfo\" \/>\n<meta name=\"twitter:label1\" content=\"\u00c9crit par\" \/>\n\t<meta name=\"twitter:data1\" content=\"Cherif Benyounes\" \/>\n\t<meta name=\"twitter:label2\" content=\"Dur\u00e9e de lecture estim\u00e9e\" \/>\n\t<meta name=\"twitter:data2\" content=\"1 minute\" \/>\n<script type=\"application\/ld+json\" class=\"yoast-schema-graph\">{\"@context\":\"https:\/\/schema.org\",\"@graph\":[{\"@type\":\"Article\",\"@id\":\"https:\/\/kapitalis.com\/tunisie\/2020\/12\/08\/seifeddine-makhlouf-a-kais-saied-pour-nous-tu-nes-plus-le-president-et-tu-ne-peux-rien-nous-faire\/#article\",\"isPartOf\":{\"@id\":\"https:\/\/kapitalis.com\/tunisie\/2020\/12\/08\/seifeddine-makhlouf-a-kais-saied-pour-nous-tu-nes-plus-le-president-et-tu-ne-peux-rien-nous-faire\/\"},\"author\":{\"name\":\"Cherif Benyounes\",\"@id\":\"https:\/\/kapitalis.com\/tunisie\/#\/schema\/person\/b35b8d631961131107263178aeb8019e\"},\"headline\":\"Seifeddine Makhlouf \u00e0 Ka\u00efs Sa\u00efed : \u00abPour nous, tu n\u2019es plus le pr\u00e9sident, et tu ne peux rien nous faire\u00bb\",\"datePublished\":\"2020-12-08T08:58:16+00:00\",\"dateModified\":\"2020-12-08T10:19:09+00:00\",\"mainEntityOfPage\":{\"@id\":\"https:\/\/kapitalis.com\/tunisie\/2020\/12\/08\/seifeddine-makhlouf-a-kais-saied-pour-nous-tu-nes-plus-le-president-et-tu-ne-peux-rien-nous-faire\/\"},\"wordCount\":311,\"commentCount\":10,\"publisher\":{\"@id\":\"https:\/\/kapitalis.com\/tunisie\/#organization\"},\"image\":{\"@id\":\"https:\/\/kapitalis.com\/tunisie\/2020\/12\/08\/seifeddine-makhlouf-a-kais-saied-pour-nous-tu-nes-plus-le-president-et-tu-ne-peux-rien-nous-faire\/#primaryimage\"},\"thumbnailUrl\":\"\",\"keywords\":[\"Al-Karama\",\"Anour Benchahed\",\"Attayar\",\"Ka\u00efs Sa\u00efed\",\"Seifeddine Makhlouf\"],\"articleSection\":[\"POLITIQUE\",\"Tunisie\"],\"inLanguage\":\"fr-FR\",\"potentialAction\":[{\"@type\":\"CommentAction\",\"name\":\"Comment\",\"target\":[\"https:\/\/kapitalis.com\/tunisie\/2020\/12\/08\/seifeddine-makhlouf-a-kais-saied-pour-nous-tu-nes-plus-le-president-et-tu-ne-peux-rien-nous-faire\/#respond\"]}]},{\"@type\":\"WebPage\",\"@id\":\"https:\/\/kapitalis.com\/tunisie\/2020\/12\/08\/seifeddine-makhlouf-a-kais-saied-pour-nous-tu-nes-plus-le-president-et-tu-ne-peux-rien-nous-faire\/\",\"url\":\"https:\/\/kapitalis.com\/tunisie\/2020\/12\/08\/seifeddine-makhlouf-a-kais-saied-pour-nous-tu-nes-plus-le-president-et-tu-ne-peux-rien-nous-faire\/\",\"name\":\"Seifeddine Makhlouf \u00e0 Ka\u00efs Sa\u00efed : \u00abPour nous, tu n\u2019es plus le pr\u00e9sident, et tu ne peux rien nous faire\u00bb - Kapitalis\",\"isPartOf\":{\"@id\":\"https:\/\/kapitalis.com\/tunisie\/#website\"},\"primaryImageOfPage\":{\"@id\":\"https:\/\/kapitalis.com\/tunisie\/2020\/12\/08\/seifeddine-makhlouf-a-kais-saied-pour-nous-tu-nes-plus-le-president-et-tu-ne-peux-rien-nous-faire\/#primaryimage\"},\"image\":{\"@id\":\"https:\/\/kapitalis.com\/tunisie\/2020\/12\/08\/seifeddine-makhlouf-a-kais-saied-pour-nous-tu-nes-plus-le-president-et-tu-ne-peux-rien-nous-faire\/#primaryimage\"},\"thumbnailUrl\":\"\",\"datePublished\":\"2020-12-08T08:58:16+00:00\",\"dateModified\":\"2020-12-08T10:19:09+00:00\",\"breadcrumb\":{\"@id\":\"https:\/\/kapitalis.com\/tunisie\/2020\/12\/08\/seifeddine-makhlouf-a-kais-saied-pour-nous-tu-nes-plus-le-president-et-tu-ne-peux-rien-nous-faire\/#breadcrumb\"},\"inLanguage\":\"fr-FR\",\"potentialAction\":[{\"@type\":\"ReadAction\",\"target\":[\"https:\/\/kapitalis.com\/tunisie\/2020\/12\/08\/seifeddine-makhlouf-a-kais-saied-pour-nous-tu-nes-plus-le-president-et-tu-ne-peux-rien-nous-faire\/\"]}]},{\"@type\":\"ImageObject\",\"inLanguage\":\"fr-FR\",\"@id\":\"https:\/\/kapitalis.com\/tunisie\/2020\/12\/08\/seifeddine-makhlouf-a-kais-saied-pour-nous-tu-nes-plus-le-president-et-tu-ne-peux-rien-nous-faire\/#primaryimage\",\"url\":\"\",\"contentUrl\":\"\"},{\"@type\":\"BreadcrumbList\",\"@id\":\"https:\/\/kapitalis.com\/tunisie\/2020\/12\/08\/seifeddine-makhlouf-a-kais-saied-pour-nous-tu-nes-plus-le-president-et-tu-ne-peux-rien-nous-faire\/#breadcrumb\",\"itemListElement\":[{\"@type\":\"ListItem\",\"position\":1,\"name\":\"Accueil\",\"item\":\"https:\/\/kapitalis.com\/tunisie\/\"},{\"@type\":\"ListItem\",\"position\":2,\"name\":\"Seifeddine Makhlouf \u00e0 Ka\u00efs Sa\u00efed : \u00abPour nous, tu n\u2019es plus le pr\u00e9sident, et tu ne peux rien nous faire\u00bb\"}]},{\"@type\":\"WebSite\",\"@id\":\"https:\/\/kapitalis.com\/tunisie\/#website\",\"url\":\"https:\/\/kapitalis.com\/tunisie\/\",\"name\":\"Kapitalis\",\"description\":\"L&#039;actualit\u00e9 en Tunisie et dans le monde\",\"publisher\":{\"@id\":\"https:\/\/kapitalis.com\/tunisie\/#organization\"},\"potentialAction\":[{\"@type\":\"SearchAction\",\"target\":{\"@type\":\"EntryPoint\",\"urlTemplate\":\"https:\/\/kapitalis.com\/tunisie\/?s={search_term_string}\"},\"query-input\":{\"@type\":\"PropertyValueSpecification\",\"valueRequired\":true,\"valueName\":\"search_term_string\"}}],\"inLanguage\":\"fr-FR\"},{\"@type\":\"Organization\",\"@id\":\"https:\/\/kapitalis.com\/tunisie\/#organization\",\"name\":\"Kapitalis\",\"url\":\"https:\/\/kapitalis.com\/tunisie\/\",\"logo\":{\"@type\":\"ImageObject\",\"inLanguage\":\"fr-FR\",\"@id\":\"https:\/\/kapitalis.com\/tunisie\/#\/schema\/logo\/image\/\",\"url\":\"https:\/\/kapitalis.com\/tunisie\/wp-content\/uploads\/2022\/05\/Kapitalis-big-size.png\",\"contentUrl\":\"https:\/\/kapitalis.com\/tunisie\/wp-content\/uploads\/2022\/05\/Kapitalis-big-size.png\",\"width\":5000,\"height\":1500,\"caption\":\"Kapitalis\"},\"image\":{\"@id\":\"https:\/\/kapitalis.com\/tunisie\/#\/schema\/logo\/image\/\"},\"sameAs\":[\"https:\/\/www.facebook.com\/KapitalisInfo\/\",\"https:\/\/x.com\/KapitalisInfo\",\"https:\/\/www.youtube.com\/channel\/UC-yDYrHyfFBWWZaOw3FPg9Q\"]},{\"@type\":\"Person\",\"@id\":\"https:\/\/kapitalis.com\/tunisie\/#\/schema\/person\/b35b8d631961131107263178aeb8019e\",\"name\":\"Cherif Benyounes\",\"url\":\"https:\/\/kapitalis.com\/tunisie\/author\/cherif\/\"}]}<\/script>\n<!-- \/ Yoast SEO plugin. -->","yoast_head_json":{"title":"Seifeddine Makhlouf \u00e0 Ka\u00efs Sa\u00efed : \u00abPour nous, tu n\u2019es plus le pr\u00e9sident, et tu ne peux rien nous faire\u00bb - Kapitalis","robots":{"index":"index","follow":"follow","max-snippet":"max-snippet:-1","max-image-preview":"max-image-preview:large","max-video-preview":"max-video-preview:-1"},"canonical":"https:\/\/kapitalis.com\/tunisie\/2020\/12\/08\/seifeddine-makhlouf-a-kais-saied-pour-nous-tu-nes-plus-le-president-et-tu-ne-peux-rien-nous-faire\/","og_locale":"fr_FR","og_type":"article","og_title":"Seifeddine Makhlouf \u00e0 Ka\u00efs Sa\u00efed : \u00abPour nous, tu n\u2019es plus le pr\u00e9sident, et tu ne peux rien nous faire\u00bb - Kapitalis","og_description":"Seifeddine Makhlouf, chef du groupe parlementaire de la coalition Al-Karama, n&rsquo;a pas beaucoup tard\u00e9 \u00e0 r\u00e9pondre au pr\u00e9sident de la r\u00e9publique, Ka\u00efs Sa\u00efed, qui a, indirectement, avertit la coalition islamiste hier soir, lundi 7 d\u00e9cembre 2020, suite \u00e0 l&rsquo;agression physique commise au Parlement par certains de ses d\u00e9put\u00e9s sur 3 de leurs coll\u00e8gues d&rsquo;Attayar.","og_url":"https:\/\/kapitalis.com\/tunisie\/2020\/12\/08\/seifeddine-makhlouf-a-kais-saied-pour-nous-tu-nes-plus-le-president-et-tu-ne-peux-rien-nous-faire\/","og_site_name":"Kapitalis","article_publisher":"https:\/\/www.facebook.com\/KapitalisInfo\/","article_published_time":"2020-12-08T08:58:16+00:00","article_modified_time":"2020-12-08T10:19:09+00:00","og_image":[{"width":1200,"height":630,"url":"https:\/\/kapitalis.com\/tunisie\/wp-content\/uploads\/2022\/05\/kapitalis-logo-fb.png","type":"image\/png"}],"author":"Cherif Benyounes","twitter_card":"summary_large_image","twitter_creator":"@KapitalisInfo","twitter_site":"@KapitalisInfo","twitter_misc":{"\u00c9crit par":"Cherif Benyounes","Dur\u00e9e de lecture estim\u00e9e":"1 minute"},"schema":{"@context":"https:\/\/schema.org","@graph":[{"@type":"Article","@id":"https:\/\/kapitalis.com\/tunisie\/2020\/12\/08\/seifeddine-makhlouf-a-kais-saied-pour-nous-tu-nes-plus-le-president-et-tu-ne-peux-rien-nous-faire\/#article","isPartOf":{"@id":"https:\/\/kapitalis.com\/tunisie\/2020\/12\/08\/seifeddine-makhlouf-a-kais-saied-pour-nous-tu-nes-plus-le-president-et-tu-ne-peux-rien-nous-faire\/"},"author":{"name":"Cherif Benyounes","@id":"https:\/\/kapitalis.com\/tunisie\/#\/schema\/person\/b35b8d631961131107263178aeb8019e"},"headline":"Seifeddine Makhlouf \u00e0 Ka\u00efs Sa\u00efed : \u00abPour nous, tu n\u2019es plus le pr\u00e9sident, et tu ne peux rien nous faire\u00bb","datePublished":"2020-12-08T08:58:16+00:00","dateModified":"2020-12-08T10:19:09+00:00","mainEntityOfPage":{"@id":"https:\/\/kapitalis.com\/tunisie\/2020\/12\/08\/seifeddine-makhlouf-a-kais-saied-pour-nous-tu-nes-plus-le-president-et-tu-ne-peux-rien-nous-faire\/"},"wordCount":311,"commentCount":10,"publisher":{"@id":"https:\/\/kapitalis.com\/tunisie\/#organization"},"image":{"@id":"https:\/\/kapitalis.com\/tunisie\/2020\/12\/08\/seifeddine-makhlouf-a-kais-saied-pour-nous-tu-nes-plus-le-president-et-tu-ne-peux-rien-nous-faire\/#primaryimage"},"thumbnailUrl":"","keywords":["Al-Karama","Anour Benchahed","Attayar","Ka\u00efs Sa\u00efed","Seifeddine Makhlouf"],"articleSection":["POLITIQUE","Tunisie"],"inLanguage":"fr-FR","potentialAction":[{"@type":"CommentAction","name":"Comment","target":["https:\/\/kapitalis.com\/tunisie\/2020\/12\/08\/seifeddine-makhlouf-a-kais-saied-pour-nous-tu-nes-plus-le-president-et-tu-ne-peux-rien-nous-faire\/#respond"]}]},{"@type":"WebPage","@id":"https:\/\/kapitalis.com\/tunisie\/2020\/12\/08\/seifeddine-makhlouf-a-kais-saied-pour-nous-tu-nes-plus-le-president-et-tu-ne-peux-rien-nous-faire\/","url":"https:\/\/kapitalis.com\/tunisie\/2020\/12\/08\/seifeddine-makhlouf-a-kais-saied-pour-nous-tu-nes-plus-le-president-et-tu-ne-peux-rien-nous-faire\/","name":"Seifeddine Makhlouf \u00e0 Ka\u00efs Sa\u00efed : \u00abPour nous, tu n\u2019es plus le pr\u00e9sident, et tu ne peux rien nous faire\u00bb - Kapitalis","isPartOf":{"@id":"https:\/\/kapitalis.com\/tunisie\/#website"},"primaryImageOfPage":{"@id":"https:\/\/kapitalis.com\/tunisie\/2020\/12\/08\/seifeddine-makhlouf-a-kais-saied-pour-nous-tu-nes-plus-le-president-et-tu-ne-peux-rien-nous-faire\/#primaryimage"},"image":{"@id":"https:\/\/kapitalis.com\/tunisie\/2020\/12\/08\/seifeddine-makhlouf-a-kais-saied-pour-nous-tu-nes-plus-le-president-et-tu-ne-peux-rien-nous-faire\/#primaryimage"},"thumbnailUrl":"","datePublished":"2020-12-08T08:58:16+00:00","dateModified":"2020-12-08T10:19:09+00:00","breadcrumb":{"@id":"https:\/\/kapitalis.com\/tunisie\/2020\/12\/08\/seifeddine-makhlouf-a-kais-saied-pour-nous-tu-nes-plus-le-president-et-tu-ne-peux-rien-nous-faire\/#breadcrumb"},"inLanguage":"fr-FR","potentialAction":[{"@type":"ReadAction","target":["https:\/\/kapitalis.com\/tunisie\/2020\/12\/08\/seifeddine-makhlouf-a-kais-saied-pour-nous-tu-nes-plus-le-president-et-tu-ne-peux-rien-nous-faire\/"]}]},{"@type":"ImageObject","inLanguage":"fr-FR","@id":"https:\/\/kapitalis.com\/tunisie\/2020\/12\/08\/seifeddine-makhlouf-a-kais-saied-pour-nous-tu-nes-plus-le-president-et-tu-ne-peux-rien-nous-faire\/#primaryimage","url":"","contentUrl":""},{"@type":"BreadcrumbList","@id":"https:\/\/kapitalis.com\/tunisie\/2020\/12\/08\/seifeddine-makhlouf-a-kais-saied-pour-nous-tu-nes-plus-le-president-et-tu-ne-peux-rien-nous-faire\/#breadcrumb","itemListElement":[{"@type":"ListItem","position":1,"name":"Accueil","item":"https:\/\/kapitalis.com\/tunisie\/"},{"@type":"ListItem","position":2,"name":"Seifeddine Makhlouf \u00e0 Ka\u00efs Sa\u00efed : \u00abPour nous, tu n\u2019es plus le pr\u00e9sident, et tu ne peux rien nous faire\u00bb"}]},{"@type":"WebSite","@id":"https:\/\/kapitalis.com\/tunisie\/#website","url":"https:\/\/kapitalis.com\/tunisie\/","name":"Kapitalis","description":"L&#039;actualit\u00e9 en Tunisie et dans le monde","publisher":{"@id":"https:\/\/kapitalis.com\/tunisie\/#organization"},"potentialAction":[{"@type":"SearchAction","target":{"@type":"EntryPoint","urlTemplate":"https:\/\/kapitalis.com\/tunisie\/?s={search_term_string}"},"query-input":{"@type":"PropertyValueSpecification","valueRequired":true,"valueName":"search_term_string"}}],"inLanguage":"fr-FR"},{"@type":"Organization","@id":"https:\/\/kapitalis.com\/tunisie\/#organization","name":"Kapitalis","url":"https:\/\/kapitalis.com\/tunisie\/","logo":{"@type":"ImageObject","inLanguage":"fr-FR","@id":"https:\/\/kapitalis.com\/tunisie\/#\/schema\/logo\/image\/","url":"https:\/\/kapitalis.com\/tunisie\/wp-content\/uploads\/2022\/05\/Kapitalis-big-size.png","contentUrl":"https:\/\/kapitalis.com\/tunisie\/wp-content\/uploads\/2022\/05\/Kapitalis-big-size.png","width":5000,"height":1500,"caption":"Kapitalis"},"image":{"@id":"https:\/\/kapitalis.com\/tunisie\/#\/schema\/logo\/image\/"},"sameAs":["https:\/\/www.facebook.com\/KapitalisInfo\/","https:\/\/x.com\/KapitalisInfo","https:\/\/www.youtube.com\/channel\/UC-yDYrHyfFBWWZaOw3FPg9Q"]},{"@type":"Person","@id":"https:\/\/kapitalis.com\/tunisie\/#\/schema\/person\/b35b8d631961131107263178aeb8019e","name":"Cherif Benyounes","url":"https:\/\/kapitalis.com\/tunisie\/author\/cherif\/"}]}},"_links":{"self":[{"href":"https:\/\/kapitalis.com\/tunisie\/wp-json\/wp\/v2\/posts\/327226","targetHints":{"allow":["GET"]}}],"collection":[{"href":"https:\/\/kapitalis.com\/tunisie\/wp-json\/wp\/v2\/posts"}],"about":[{"href":"https:\/\/kapitalis.com\/tunisie\/wp-json\/wp\/v2\/types\/post"}],"author":[{"embeddable":true,"href":"https:\/\/kapitalis.com\/tunisie\/wp-json\/wp\/v2\/users\/24"}],"replies":[{"embeddable":true,"href":"https:\/\/kapitalis.com\/tunisie\/wp-json\/wp\/v2\/comments?post=327226"}],"version-history":[{"count":0,"href":"https:\/\/kapitalis.com\/tunisie\/wp-json\/wp\/v2\/posts\/327226\/revisions"}],"wp:featuredmedia":[{"embeddable":true,"href":"https:\/\/kapitalis.com\/tunisie\/wp-json\/wp\/v2\/media\/327230"}],"wp:attachment":[{"href":"https:\/\/kapitalis.com\/tunisie\/wp-json\/wp\/v2\/media?parent=327226"}],"wp:term":[{"taxonomy":"category","embeddable":true,"href":"https:\/\/kapitalis.com\/tunisie\/wp-json\/wp\/v2\/categories?post=327226"},{"taxonomy":"post_tag","embeddable":true,"href":"https:\/\/kapitalis.com\/tunisie\/wp-json\/wp\/v2\/tags?post=327226"}],"curies":[{"name":"wp","href":"https:\/\/api.w.org\/{rel}","templated":true}]}}