{"id":327299,"date":"2020-12-08T14:00:16","date_gmt":"2020-12-08T13:00:16","guid":{"rendered":"http:\/\/kapitalis.com\/tunisie\/?p=327299"},"modified":"2020-12-08T16:45:05","modified_gmt":"2020-12-08T15:45:05","slug":"ennahdha-oussama-sghaier-a-ete-agresse-et-empeche-dacceder-a-lassemblee-par-les-manifestants","status":"publish","type":"post","link":"https:\/\/kapitalis.com\/tunisie\/2020\/12\/08\/ennahdha-oussama-sghaier-a-ete-agresse-et-empeche-dacceder-a-lassemblee-par-les-manifestants\/","title":{"rendered":"Ennahdha : Oussama Sghaier a \u00e9t\u00e9 agress\u00e9 et emp\u00each\u00e9 d&rsquo;acc\u00e9der \u00e0 l&rsquo;Assembl\u00e9e par les manifestants"},"content":{"rendered":"\n<figure class=\"wp-block-image size-large\"><img decoding=\"async\" src=\"http:\/\/kapitalis.com\/tunisie\/wp-content\/uploads\/2020\/12\/Oussama-Sghaier-manifestant-ARP.jpg\" alt=\"\" class=\"wp-image-327318\"\/><\/figure>\n\n\n\n<p><strong><em>Le pr\u00e9sident du bloc du parti islamiste Ennahdha, Imed Khemiri, a affirm\u00e9 que les manifestants ont emp\u00each\u00e9 le d\u00e9put\u00e9 Oussama Sghaier d&rsquo;acc\u00e9der au parlement ce matin : \u00abIls l&rsquo;ont agress\u00e9 et ont cass\u00e9 la vitre de son v\u00e9hicule. Nous d\u00e9non\u00e7ons fermement cet acte de violence et appelons \u00e0 d\u00e9noncer tous les d\u00e9passements visant l&rsquo;Assembl\u00e9e\u00bb, a-t-il dit. On notera que l&rsquo;Association tunisienne des femmes d\u00e9mocrates (ATFD), a quant \u00e0 elle, accus\u00e9 ledit d\u00e9put\u00e9 d&rsquo;avoir tent\u00e9 de renverser un manifestant avec sa voiture\u2026<\/em><\/strong><\/p>\n\n\n\n<!--more-->\n\n\n\n<p>Intervenant \u00e0 l&rsquo;Assembl\u00e9, lors d&rsquo;un point d&rsquo;ordre ce mardi 8 d\u00e9cembre 2020, Imed Khemiri a appel\u00e9 les autorit\u00e9s \u00e0 intervenir : \u00ab<em>ce qu&rsquo;il s&rsquo;est pass\u00e9 aujourd&rsquo;hui et tr\u00e8s dangereux. Des d\u00e9put\u00e9s \u00e9lus par le peuple ont \u00e9t\u00e9 emp\u00each\u00e9s de rejoindre leur lieu de travail. Appeler au meurtre des d\u00e9put\u00e9s est un crime !\u00bb<\/em>, a-t-il dit.<\/p>\n\n\n\n<p><em>\u00abOn ne peut pas se taire ! Monsieur le pr\u00e9sident, monsieur le pr\u00e9sident de l&rsquo;Assembl\u00e9e, il y a une volont\u00e9 \u00e0 entraver les travaux de l&rsquo;Assembl\u00e9e et \u00e0 emp\u00eacher l&rsquo;adoption du projet de loi de Finances 2021 ! Il y a des lobbies qui \u0153uvrent pour faire tomber cette institution d\u00e9mocratique ! Ennahdha ne permettra pas de tels d\u00e9passements\u00bb, <\/em>a ajout\u00e9 Imed Khemiri.<\/p>\n\n\n\n<p>R\u00e9agissant \u00e0 cette d\u00e9claration, Oussama Khelifi, d\u00e9put\u00e9 Qalb Tounes, alli\u00e9 du parti islamiste a demand\u00e9 la parole : <em>\u00abJe veux \u00e0 mon tour d\u00e9noncer l&rsquo;agression de mon coll\u00e8gue Oussama Sghaier. Ce qui se passe aujourd&rsquo;hui, vise l\u2019Assembl\u00e9e et ce n&rsquo;est que le d\u00e9but!<\/em>\u00bb , a-t-il dit, en poursuivant : \u00ab<em>Des parties se cachent derri\u00e8re cette mont\u00e9e de violence et nous avons alert\u00e9 contre ce ph\u00e9nom\u00e8ne depuis longtemps\u00bb.<\/em><\/p>\n\n\n\n<p>De son c\u00f4t\u00e9 Meriem Loghmani, d\u00e9put\u00e9e ind\u00e9pendante a confirm\u00e9 la version de l&rsquo;ATFD, en assurant que le d\u00e9put\u00e9 Ennahdha a bien tent\u00e9 de renverser des manifestants avec sa voiture.<\/p>\n\n\n\n<p><em>\u00abNous sommes contre la violence sous toutes ses formes et je fais donc part de mon soutien \u00e0 Oussama Sghaier, mais il faut savoir, que des vid\u00e9os circulant sur les r\u00e9seaux sociaux d\u00e9montrent que le d\u00e9put\u00e9 a bien tent\u00e9 de renverser les manifestants\u00bb<\/em>, a-t-elle rappel\u00e9.<\/p>\n\n\n\n<p>Oussama Sghaier a pour sa part publi\u00e9 une vid\u00e9o, en affirmant avoir \u00e9t\u00e9 agress\u00e9, en lan\u00e7ant : <em>\u00abDes terroristes, des da\u00e9chiens,  qui croient pouvoir imposer leur loi<\/em>\u00bb, en parlant des manifestants de l&rsquo;ATFD.<\/p>\n\n\n\n<p class=\"has-text-align-right\"><strong>Y. N.<\/strong><\/p>\n\n\n\n<figure class=\"wp-block-embed-wordpress wp-block-embed is-type-wp-embed is-provider-kapitalis\"><div class=\"wp-block-embed__wrapper\">\n<blockquote class=\"wp-embedded-content\" data-secret=\"CubfHOZto0\"><a href=\"https:\/\/kapitalis.com\/tunisie\/2020\/12\/08\/atfd-le-depute-ennahdha-oussama-sghaier-a-tente-de-renverser-un-manifestant-devant-lassemblee-et-la-police-nous-a-agresses-video\/\">ATFD : \u00abLe d\u00e9put\u00e9 Ennahdha Oussama Sghaier a tent\u00e9 de renverser un manifestant devant l\u2019Assembl\u00e9e et la police nous a agress\u00e9s !\u00bb (vid\u00e9o)<\/a><\/blockquote><iframe loading=\"lazy\" class=\"wp-embedded-content\" sandbox=\"allow-scripts\" security=\"restricted\" style=\"position: absolute; clip: rect(1px, 1px, 1px, 1px);\" title=\"\u00ab\u00a0ATFD : \u00abLe d\u00e9put\u00e9 Ennahdha Oussama Sghaier a tent\u00e9 de renverser un manifestant devant l\u2019Assembl\u00e9e et la police nous a agress\u00e9s !\u00bb (vid\u00e9o)\u00a0\u00bb &#8212; Kapitalis\" src=\"https:\/\/kapitalis.com\/tunisie\/2020\/12\/08\/atfd-le-depute-ennahdha-oussama-sghaier-a-tente-de-renverser-un-manifestant-devant-lassemblee-et-la-police-nous-a-agresses-video\/embed\/#?secret=eFJN8u7IaI#?secret=CubfHOZto0\" data-secret=\"CubfHOZto0\" width=\"600\" height=\"338\" frameborder=\"0\" marginwidth=\"0\" marginheight=\"0\" scrolling=\"no\"><\/iframe>\n<\/div><\/figure>\n","protected":false},"excerpt":{"rendered":"<p>Le pr\u00e9sident du bloc du parti islamiste Ennahdha, Imed Khemiri, a affirm\u00e9 que les manifestants ont emp\u00each\u00e9 le d\u00e9put\u00e9 Oussama Sghaier d&rsquo;acc\u00e9der au parlement ce matin : \u00abIls l&rsquo;ont agress\u00e9 et ont cass\u00e9 la vitre de son v\u00e9hicule. Nous d\u00e9non\u00e7ons fermement cet acte de violence et appelons \u00e0 d\u00e9noncer tous les d\u00e9passements visant l&rsquo;Assembl\u00e9e\u00bb, a-t-il&#8230;<\/p>\n","protected":false},"author":6,"featured_media":327318,"comment_status":"open","ping_status":"open","sticky":false,"template":"","format":"standard","meta":{"footnotes":""},"categories":[997,2433],"tags":[45,85431,10967,1347,49543,83015,77422],"class_list":["post-327299","post","type-post","status-publish","format-standard","has-post-thumbnail","hentry","category-politique","category-tunisie","tag-agression","tag-association-femmes-democrates","tag-atfd","tag-depute","tag-ennahdha","tag-imed-khemiri-2","tag-oussama-sghaier"],"yoast_head":"<!-- This site is optimized with the Yoast SEO plugin v26.6 - https:\/\/yoast.com\/wordpress\/plugins\/seo\/ -->\n<title>Ennahdha : Oussama Sghaier a \u00e9t\u00e9 agress\u00e9 et emp\u00each\u00e9 d&#039;acc\u00e9der \u00e0 l&#039;Assembl\u00e9e par les manifestants - Kapitalis<\/title>\n<meta name=\"robots\" content=\"index, follow, max-snippet:-1, max-image-preview:large, max-video-preview:-1\" \/>\n<link rel=\"canonical\" href=\"https:\/\/kapitalis.com\/tunisie\/2020\/12\/08\/ennahdha-oussama-sghaier-a-ete-agresse-et-empeche-dacceder-a-lassemblee-par-les-manifestants\/\" \/>\n<meta property=\"og:locale\" content=\"fr_FR\" \/>\n<meta property=\"og:type\" content=\"article\" \/>\n<meta property=\"og:title\" content=\"Ennahdha : Oussama Sghaier a \u00e9t\u00e9 agress\u00e9 et emp\u00each\u00e9 d&#039;acc\u00e9der \u00e0 l&#039;Assembl\u00e9e par les manifestants - Kapitalis\" \/>\n<meta property=\"og:description\" content=\"Le pr\u00e9sident du bloc du parti islamiste Ennahdha, Imed Khemiri, a affirm\u00e9 que les manifestants ont emp\u00each\u00e9 le d\u00e9put\u00e9 Oussama Sghaier d&rsquo;acc\u00e9der au parlement ce matin : \u00abIls l&rsquo;ont agress\u00e9 et ont cass\u00e9 la vitre de son v\u00e9hicule. Nous d\u00e9non\u00e7ons fermement cet acte de violence et appelons \u00e0 d\u00e9noncer tous les d\u00e9passements visant l&rsquo;Assembl\u00e9e\u00bb, a-t-il...\" \/>\n<meta property=\"og:url\" content=\"https:\/\/kapitalis.com\/tunisie\/2020\/12\/08\/ennahdha-oussama-sghaier-a-ete-agresse-et-empeche-dacceder-a-lassemblee-par-les-manifestants\/\" \/>\n<meta property=\"og:site_name\" content=\"Kapitalis\" \/>\n<meta property=\"article:publisher\" content=\"https:\/\/www.facebook.com\/KapitalisInfo\/\" \/>\n<meta property=\"article:published_time\" content=\"2020-12-08T13:00:16+00:00\" \/>\n<meta property=\"article:modified_time\" content=\"2020-12-08T15:45:05+00:00\" \/>\n<meta property=\"og:image\" content=\"https:\/\/kapitalis.com\/tunisie\/wp-content\/uploads\/2022\/05\/kapitalis-logo-fb.png\" \/>\n\t<meta property=\"og:image:width\" content=\"1200\" \/>\n\t<meta property=\"og:image:height\" content=\"630\" \/>\n\t<meta property=\"og:image:type\" content=\"image\/png\" \/>\n<meta name=\"author\" content=\"Yusra NY\" \/>\n<meta name=\"twitter:card\" content=\"summary_large_image\" \/>\n<meta name=\"twitter:creator\" content=\"@KapitalisInfo\" \/>\n<meta name=\"twitter:site\" content=\"@KapitalisInfo\" \/>\n<meta name=\"twitter:label1\" content=\"\u00c9crit par\" \/>\n\t<meta name=\"twitter:data1\" content=\"Yusra NY\" \/>\n\t<meta name=\"twitter:label2\" content=\"Dur\u00e9e de lecture estim\u00e9e\" \/>\n\t<meta name=\"twitter:data2\" content=\"2 minutes\" \/>\n<script type=\"application\/ld+json\" class=\"yoast-schema-graph\">{\"@context\":\"https:\/\/schema.org\",\"@graph\":[{\"@type\":\"Article\",\"@id\":\"https:\/\/kapitalis.com\/tunisie\/2020\/12\/08\/ennahdha-oussama-sghaier-a-ete-agresse-et-empeche-dacceder-a-lassemblee-par-les-manifestants\/#article\",\"isPartOf\":{\"@id\":\"https:\/\/kapitalis.com\/tunisie\/2020\/12\/08\/ennahdha-oussama-sghaier-a-ete-agresse-et-empeche-dacceder-a-lassemblee-par-les-manifestants\/\"},\"author\":{\"name\":\"Yusra NY\",\"@id\":\"https:\/\/kapitalis.com\/tunisie\/#\/schema\/person\/74bbde0154d49d790a92aaeac5bc01d5\"},\"headline\":\"Ennahdha : Oussama Sghaier a \u00e9t\u00e9 agress\u00e9 et emp\u00each\u00e9 d&rsquo;acc\u00e9der \u00e0 l&rsquo;Assembl\u00e9e par les manifestants\",\"datePublished\":\"2020-12-08T13:00:16+00:00\",\"dateModified\":\"2020-12-08T15:45:05+00:00\",\"mainEntityOfPage\":{\"@id\":\"https:\/\/kapitalis.com\/tunisie\/2020\/12\/08\/ennahdha-oussama-sghaier-a-ete-agresse-et-empeche-dacceder-a-lassemblee-par-les-manifestants\/\"},\"wordCount\":426,\"commentCount\":8,\"publisher\":{\"@id\":\"https:\/\/kapitalis.com\/tunisie\/#organization\"},\"image\":{\"@id\":\"https:\/\/kapitalis.com\/tunisie\/2020\/12\/08\/ennahdha-oussama-sghaier-a-ete-agresse-et-empeche-dacceder-a-lassemblee-par-les-manifestants\/#primaryimage\"},\"thumbnailUrl\":\"\",\"keywords\":[\"agression\",\"Association femmes d\u00e9mocrates\",\"ATFD\",\"d\u00e9put\u00e9\",\"Ennahdha\",\"Imed Kh\u00e9miri\",\"Oussama Sghaier\"],\"articleSection\":[\"POLITIQUE\",\"Tunisie\"],\"inLanguage\":\"fr-FR\",\"potentialAction\":[{\"@type\":\"CommentAction\",\"name\":\"Comment\",\"target\":[\"https:\/\/kapitalis.com\/tunisie\/2020\/12\/08\/ennahdha-oussama-sghaier-a-ete-agresse-et-empeche-dacceder-a-lassemblee-par-les-manifestants\/#respond\"]}]},{\"@type\":\"WebPage\",\"@id\":\"https:\/\/kapitalis.com\/tunisie\/2020\/12\/08\/ennahdha-oussama-sghaier-a-ete-agresse-et-empeche-dacceder-a-lassemblee-par-les-manifestants\/\",\"url\":\"https:\/\/kapitalis.com\/tunisie\/2020\/12\/08\/ennahdha-oussama-sghaier-a-ete-agresse-et-empeche-dacceder-a-lassemblee-par-les-manifestants\/\",\"name\":\"Ennahdha : Oussama Sghaier a \u00e9t\u00e9 agress\u00e9 et emp\u00each\u00e9 d'acc\u00e9der \u00e0 l'Assembl\u00e9e par les manifestants - Kapitalis\",\"isPartOf\":{\"@id\":\"https:\/\/kapitalis.com\/tunisie\/#website\"},\"primaryImageOfPage\":{\"@id\":\"https:\/\/kapitalis.com\/tunisie\/2020\/12\/08\/ennahdha-oussama-sghaier-a-ete-agresse-et-empeche-dacceder-a-lassemblee-par-les-manifestants\/#primaryimage\"},\"image\":{\"@id\":\"https:\/\/kapitalis.com\/tunisie\/2020\/12\/08\/ennahdha-oussama-sghaier-a-ete-agresse-et-empeche-dacceder-a-lassemblee-par-les-manifestants\/#primaryimage\"},\"thumbnailUrl\":\"\",\"datePublished\":\"2020-12-08T13:00:16+00:00\",\"dateModified\":\"2020-12-08T15:45:05+00:00\",\"breadcrumb\":{\"@id\":\"https:\/\/kapitalis.com\/tunisie\/2020\/12\/08\/ennahdha-oussama-sghaier-a-ete-agresse-et-empeche-dacceder-a-lassemblee-par-les-manifestants\/#breadcrumb\"},\"inLanguage\":\"fr-FR\",\"potentialAction\":[{\"@type\":\"ReadAction\",\"target\":[\"https:\/\/kapitalis.com\/tunisie\/2020\/12\/08\/ennahdha-oussama-sghaier-a-ete-agresse-et-empeche-dacceder-a-lassemblee-par-les-manifestants\/\"]}]},{\"@type\":\"ImageObject\",\"inLanguage\":\"fr-FR\",\"@id\":\"https:\/\/kapitalis.com\/tunisie\/2020\/12\/08\/ennahdha-oussama-sghaier-a-ete-agresse-et-empeche-dacceder-a-lassemblee-par-les-manifestants\/#primaryimage\",\"url\":\"\",\"contentUrl\":\"\"},{\"@type\":\"BreadcrumbList\",\"@id\":\"https:\/\/kapitalis.com\/tunisie\/2020\/12\/08\/ennahdha-oussama-sghaier-a-ete-agresse-et-empeche-dacceder-a-lassemblee-par-les-manifestants\/#breadcrumb\",\"itemListElement\":[{\"@type\":\"ListItem\",\"position\":1,\"name\":\"Accueil\",\"item\":\"https:\/\/kapitalis.com\/tunisie\/\"},{\"@type\":\"ListItem\",\"position\":2,\"name\":\"Ennahdha : Oussama Sghaier a \u00e9t\u00e9 agress\u00e9 et emp\u00each\u00e9 d&rsquo;acc\u00e9der \u00e0 l&rsquo;Assembl\u00e9e par les manifestants\"}]},{\"@type\":\"WebSite\",\"@id\":\"https:\/\/kapitalis.com\/tunisie\/#website\",\"url\":\"https:\/\/kapitalis.com\/tunisie\/\",\"name\":\"Kapitalis\",\"description\":\"L&#039;actualit\u00e9 en Tunisie et dans le monde\",\"publisher\":{\"@id\":\"https:\/\/kapitalis.com\/tunisie\/#organization\"},\"potentialAction\":[{\"@type\":\"SearchAction\",\"target\":{\"@type\":\"EntryPoint\",\"urlTemplate\":\"https:\/\/kapitalis.com\/tunisie\/?s={search_term_string}\"},\"query-input\":{\"@type\":\"PropertyValueSpecification\",\"valueRequired\":true,\"valueName\":\"search_term_string\"}}],\"inLanguage\":\"fr-FR\"},{\"@type\":\"Organization\",\"@id\":\"https:\/\/kapitalis.com\/tunisie\/#organization\",\"name\":\"Kapitalis\",\"url\":\"https:\/\/kapitalis.com\/tunisie\/\",\"logo\":{\"@type\":\"ImageObject\",\"inLanguage\":\"fr-FR\",\"@id\":\"https:\/\/kapitalis.com\/tunisie\/#\/schema\/logo\/image\/\",\"url\":\"https:\/\/kapitalis.com\/tunisie\/wp-content\/uploads\/2022\/05\/Kapitalis-big-size.png\",\"contentUrl\":\"https:\/\/kapitalis.com\/tunisie\/wp-content\/uploads\/2022\/05\/Kapitalis-big-size.png\",\"width\":5000,\"height\":1500,\"caption\":\"Kapitalis\"},\"image\":{\"@id\":\"https:\/\/kapitalis.com\/tunisie\/#\/schema\/logo\/image\/\"},\"sameAs\":[\"https:\/\/www.facebook.com\/KapitalisInfo\/\",\"https:\/\/x.com\/KapitalisInfo\",\"https:\/\/www.youtube.com\/channel\/UC-yDYrHyfFBWWZaOw3FPg9Q\"]},{\"@type\":\"Person\",\"@id\":\"https:\/\/kapitalis.com\/tunisie\/#\/schema\/person\/74bbde0154d49d790a92aaeac5bc01d5\",\"name\":\"Yusra NY\",\"url\":\"https:\/\/kapitalis.com\/tunisie\/author\/yuza_adam\/\"}]}<\/script>\n<!-- \/ Yoast SEO plugin. -->","yoast_head_json":{"title":"Ennahdha : Oussama Sghaier a \u00e9t\u00e9 agress\u00e9 et emp\u00each\u00e9 d'acc\u00e9der \u00e0 l'Assembl\u00e9e par les manifestants - Kapitalis","robots":{"index":"index","follow":"follow","max-snippet":"max-snippet:-1","max-image-preview":"max-image-preview:large","max-video-preview":"max-video-preview:-1"},"canonical":"https:\/\/kapitalis.com\/tunisie\/2020\/12\/08\/ennahdha-oussama-sghaier-a-ete-agresse-et-empeche-dacceder-a-lassemblee-par-les-manifestants\/","og_locale":"fr_FR","og_type":"article","og_title":"Ennahdha : Oussama Sghaier a \u00e9t\u00e9 agress\u00e9 et emp\u00each\u00e9 d'acc\u00e9der \u00e0 l'Assembl\u00e9e par les manifestants - Kapitalis","og_description":"Le pr\u00e9sident du bloc du parti islamiste Ennahdha, Imed Khemiri, a affirm\u00e9 que les manifestants ont emp\u00each\u00e9 le d\u00e9put\u00e9 Oussama Sghaier d&rsquo;acc\u00e9der au parlement ce matin : \u00abIls l&rsquo;ont agress\u00e9 et ont cass\u00e9 la vitre de son v\u00e9hicule. Nous d\u00e9non\u00e7ons fermement cet acte de violence et appelons \u00e0 d\u00e9noncer tous les d\u00e9passements visant l&rsquo;Assembl\u00e9e\u00bb, a-t-il...","og_url":"https:\/\/kapitalis.com\/tunisie\/2020\/12\/08\/ennahdha-oussama-sghaier-a-ete-agresse-et-empeche-dacceder-a-lassemblee-par-les-manifestants\/","og_site_name":"Kapitalis","article_publisher":"https:\/\/www.facebook.com\/KapitalisInfo\/","article_published_time":"2020-12-08T13:00:16+00:00","article_modified_time":"2020-12-08T15:45:05+00:00","og_image":[{"width":1200,"height":630,"url":"https:\/\/kapitalis.com\/tunisie\/wp-content\/uploads\/2022\/05\/kapitalis-logo-fb.png","type":"image\/png"}],"author":"Yusra NY","twitter_card":"summary_large_image","twitter_creator":"@KapitalisInfo","twitter_site":"@KapitalisInfo","twitter_misc":{"\u00c9crit par":"Yusra NY","Dur\u00e9e de lecture estim\u00e9e":"2 minutes"},"schema":{"@context":"https:\/\/schema.org","@graph":[{"@type":"Article","@id":"https:\/\/kapitalis.com\/tunisie\/2020\/12\/08\/ennahdha-oussama-sghaier-a-ete-agresse-et-empeche-dacceder-a-lassemblee-par-les-manifestants\/#article","isPartOf":{"@id":"https:\/\/kapitalis.com\/tunisie\/2020\/12\/08\/ennahdha-oussama-sghaier-a-ete-agresse-et-empeche-dacceder-a-lassemblee-par-les-manifestants\/"},"author":{"name":"Yusra NY","@id":"https:\/\/kapitalis.com\/tunisie\/#\/schema\/person\/74bbde0154d49d790a92aaeac5bc01d5"},"headline":"Ennahdha : Oussama Sghaier a \u00e9t\u00e9 agress\u00e9 et emp\u00each\u00e9 d&rsquo;acc\u00e9der \u00e0 l&rsquo;Assembl\u00e9e par les manifestants","datePublished":"2020-12-08T13:00:16+00:00","dateModified":"2020-12-08T15:45:05+00:00","mainEntityOfPage":{"@id":"https:\/\/kapitalis.com\/tunisie\/2020\/12\/08\/ennahdha-oussama-sghaier-a-ete-agresse-et-empeche-dacceder-a-lassemblee-par-les-manifestants\/"},"wordCount":426,"commentCount":8,"publisher":{"@id":"https:\/\/kapitalis.com\/tunisie\/#organization"},"image":{"@id":"https:\/\/kapitalis.com\/tunisie\/2020\/12\/08\/ennahdha-oussama-sghaier-a-ete-agresse-et-empeche-dacceder-a-lassemblee-par-les-manifestants\/#primaryimage"},"thumbnailUrl":"","keywords":["agression","Association femmes d\u00e9mocrates","ATFD","d\u00e9put\u00e9","Ennahdha","Imed Kh\u00e9miri","Oussama Sghaier"],"articleSection":["POLITIQUE","Tunisie"],"inLanguage":"fr-FR","potentialAction":[{"@type":"CommentAction","name":"Comment","target":["https:\/\/kapitalis.com\/tunisie\/2020\/12\/08\/ennahdha-oussama-sghaier-a-ete-agresse-et-empeche-dacceder-a-lassemblee-par-les-manifestants\/#respond"]}]},{"@type":"WebPage","@id":"https:\/\/kapitalis.com\/tunisie\/2020\/12\/08\/ennahdha-oussama-sghaier-a-ete-agresse-et-empeche-dacceder-a-lassemblee-par-les-manifestants\/","url":"https:\/\/kapitalis.com\/tunisie\/2020\/12\/08\/ennahdha-oussama-sghaier-a-ete-agresse-et-empeche-dacceder-a-lassemblee-par-les-manifestants\/","name":"Ennahdha : Oussama Sghaier a \u00e9t\u00e9 agress\u00e9 et emp\u00each\u00e9 d'acc\u00e9der \u00e0 l'Assembl\u00e9e par les manifestants - Kapitalis","isPartOf":{"@id":"https:\/\/kapitalis.com\/tunisie\/#website"},"primaryImageOfPage":{"@id":"https:\/\/kapitalis.com\/tunisie\/2020\/12\/08\/ennahdha-oussama-sghaier-a-ete-agresse-et-empeche-dacceder-a-lassemblee-par-les-manifestants\/#primaryimage"},"image":{"@id":"https:\/\/kapitalis.com\/tunisie\/2020\/12\/08\/ennahdha-oussama-sghaier-a-ete-agresse-et-empeche-dacceder-a-lassemblee-par-les-manifestants\/#primaryimage"},"thumbnailUrl":"","datePublished":"2020-12-08T13:00:16+00:00","dateModified":"2020-12-08T15:45:05+00:00","breadcrumb":{"@id":"https:\/\/kapitalis.com\/tunisie\/2020\/12\/08\/ennahdha-oussama-sghaier-a-ete-agresse-et-empeche-dacceder-a-lassemblee-par-les-manifestants\/#breadcrumb"},"inLanguage":"fr-FR","potentialAction":[{"@type":"ReadAction","target":["https:\/\/kapitalis.com\/tunisie\/2020\/12\/08\/ennahdha-oussama-sghaier-a-ete-agresse-et-empeche-dacceder-a-lassemblee-par-les-manifestants\/"]}]},{"@type":"ImageObject","inLanguage":"fr-FR","@id":"https:\/\/kapitalis.com\/tunisie\/2020\/12\/08\/ennahdha-oussama-sghaier-a-ete-agresse-et-empeche-dacceder-a-lassemblee-par-les-manifestants\/#primaryimage","url":"","contentUrl":""},{"@type":"BreadcrumbList","@id":"https:\/\/kapitalis.com\/tunisie\/2020\/12\/08\/ennahdha-oussama-sghaier-a-ete-agresse-et-empeche-dacceder-a-lassemblee-par-les-manifestants\/#breadcrumb","itemListElement":[{"@type":"ListItem","position":1,"name":"Accueil","item":"https:\/\/kapitalis.com\/tunisie\/"},{"@type":"ListItem","position":2,"name":"Ennahdha : Oussama Sghaier a \u00e9t\u00e9 agress\u00e9 et emp\u00each\u00e9 d&rsquo;acc\u00e9der \u00e0 l&rsquo;Assembl\u00e9e par les manifestants"}]},{"@type":"WebSite","@id":"https:\/\/kapitalis.com\/tunisie\/#website","url":"https:\/\/kapitalis.com\/tunisie\/","name":"Kapitalis","description":"L&#039;actualit\u00e9 en Tunisie et dans le monde","publisher":{"@id":"https:\/\/kapitalis.com\/tunisie\/#organization"},"potentialAction":[{"@type":"SearchAction","target":{"@type":"EntryPoint","urlTemplate":"https:\/\/kapitalis.com\/tunisie\/?s={search_term_string}"},"query-input":{"@type":"PropertyValueSpecification","valueRequired":true,"valueName":"search_term_string"}}],"inLanguage":"fr-FR"},{"@type":"Organization","@id":"https:\/\/kapitalis.com\/tunisie\/#organization","name":"Kapitalis","url":"https:\/\/kapitalis.com\/tunisie\/","logo":{"@type":"ImageObject","inLanguage":"fr-FR","@id":"https:\/\/kapitalis.com\/tunisie\/#\/schema\/logo\/image\/","url":"https:\/\/kapitalis.com\/tunisie\/wp-content\/uploads\/2022\/05\/Kapitalis-big-size.png","contentUrl":"https:\/\/kapitalis.com\/tunisie\/wp-content\/uploads\/2022\/05\/Kapitalis-big-size.png","width":5000,"height":1500,"caption":"Kapitalis"},"image":{"@id":"https:\/\/kapitalis.com\/tunisie\/#\/schema\/logo\/image\/"},"sameAs":["https:\/\/www.facebook.com\/KapitalisInfo\/","https:\/\/x.com\/KapitalisInfo","https:\/\/www.youtube.com\/channel\/UC-yDYrHyfFBWWZaOw3FPg9Q"]},{"@type":"Person","@id":"https:\/\/kapitalis.com\/tunisie\/#\/schema\/person\/74bbde0154d49d790a92aaeac5bc01d5","name":"Yusra NY","url":"https:\/\/kapitalis.com\/tunisie\/author\/yuza_adam\/"}]}},"_links":{"self":[{"href":"https:\/\/kapitalis.com\/tunisie\/wp-json\/wp\/v2\/posts\/327299","targetHints":{"allow":["GET"]}}],"collection":[{"href":"https:\/\/kapitalis.com\/tunisie\/wp-json\/wp\/v2\/posts"}],"about":[{"href":"https:\/\/kapitalis.com\/tunisie\/wp-json\/wp\/v2\/types\/post"}],"author":[{"embeddable":true,"href":"https:\/\/kapitalis.com\/tunisie\/wp-json\/wp\/v2\/users\/6"}],"replies":[{"embeddable":true,"href":"https:\/\/kapitalis.com\/tunisie\/wp-json\/wp\/v2\/comments?post=327299"}],"version-history":[{"count":0,"href":"https:\/\/kapitalis.com\/tunisie\/wp-json\/wp\/v2\/posts\/327299\/revisions"}],"wp:featuredmedia":[{"embeddable":true,"href":"https:\/\/kapitalis.com\/tunisie\/wp-json\/wp\/v2\/media\/327318"}],"wp:attachment":[{"href":"https:\/\/kapitalis.com\/tunisie\/wp-json\/wp\/v2\/media?parent=327299"}],"wp:term":[{"taxonomy":"category","embeddable":true,"href":"https:\/\/kapitalis.com\/tunisie\/wp-json\/wp\/v2\/categories?post=327299"},{"taxonomy":"post_tag","embeddable":true,"href":"https:\/\/kapitalis.com\/tunisie\/wp-json\/wp\/v2\/tags?post=327299"}],"curies":[{"name":"wp","href":"https:\/\/api.w.org\/{rel}","templated":true}]}}