{"id":327464,"date":"2020-12-09T11:38:49","date_gmt":"2020-12-09T10:38:49","guid":{"rendered":"http:\/\/kapitalis.com\/tunisie\/?p=327464"},"modified":"2020-12-09T11:38:54","modified_gmt":"2020-12-09T10:38:54","slug":"pour-une-revision-du-role-et-des-attributions-du-fonds-des-telecoms","status":"publish","type":"post","link":"https:\/\/kapitalis.com\/tunisie\/2020\/12\/09\/pour-une-revision-du-role-et-des-attributions-du-fonds-des-telecoms\/","title":{"rendered":"Pour une r\u00e9vision du r\u00f4le et des attributions du Fonds des T\u00e9l\u00e9coms"},"content":{"rendered":"\n<figure class=\"wp-block-image size-large\"><img decoding=\"async\" src=\"http:\/\/kapitalis.com\/tunisie\/wp-content\/uploads\/2020\/12\/Telecommunications.jpg\" alt=\"\" class=\"wp-image-327465\"\/><\/figure>\n\n\n\n<p><strong><em>Le minist\u00e8re des Technologies de la communication est appel\u00e9 \u00e0 r\u00e9viser le mod\u00e8le actuel de gestion du secteur et \u00e0 revoir l\u2019affectation des fonds allou\u00e9s \u00e0 son d\u00e9veloppement, de mani\u00e8re \u00e0 cr\u00e9er de la valeur ajout\u00e9e lui permettant de garantir son autofinancement.<\/em><\/strong><\/p>\n\n\n\n<p>Par <strong>Taoufik Halila<\/strong> *<\/p>\n\n\n\n<!--more-->\n\n\n\n<div class=\"wp-block-image\"><figure class=\"alignleft size-large\"><img decoding=\"async\" src=\"http:\/\/kapitalis.com\/tunisie\/wp-content\/uploads\/2020\/07\/Taoufik-Halila.jpg\" alt=\"\" class=\"wp-image-306268\"\/><\/figure><\/div>\n\n\n\n<p>Selon la Loi des Finances de la Tunisie pour 2021, le budget du minist\u00e8re des Technologies de la communication s\u2019\u00e9l\u00e8ve \u00e0 134.238 millions de dinars tunisiens (MDT) dont 90 MDT proviennent du Fonds des T\u00e9l\u00e9coms.<\/p>\n\n\n\n<p>Le probl\u00e8me est que sur ces 90 MDT, uniquement 30 MDT sont destin\u00e9s aux investissements, et le reste soit 60 MDT sont programm\u00e9s comme des subventions aux entit\u00e9s sous tutelle du minist\u00e8re comme suit : l\u2019Office national de la t\u00e9l\u00e9diffusion (40,989 MDT), la Soci\u00e9t\u00e9 des parcs technologiques intelligents de la Tunisie (4,380 MDT), l\u2019Agence nationale de certification \u00e9lectronique (2,5 MDT); l\u2019Agence nationale des t\u00e9l\u00e9coms (5,298 MDT), l\u2019Agence nationale de la s\u00e9curit\u00e9 informatique (4,833 MDT), le Centre national informatique (1 MDT), et l\u2019Office de la Poste tunisienne (1 MDT).<\/p>\n\n\n\n<p>Il est important de signaler que la recette annuelle du Fonds des T\u00e9l\u00e9coms est \u00e0 peu pr\u00e8s de 160 MDT et que, malheureusement et jusqu\u2019\u00e0 aujourd\u2019hui, \u00e0 peu pr\u00e8s 20% uniquement de ce montant sont destin\u00e9s \u00e0 financer les investissements dans le secteur.<\/p>\n\n\n\n<p>Il est par ailleurs \u00e0 noter que le plan strat\u00e9gique Tunisie digitale 2016-2020 a pr\u00e9vu que, vers 2020, le Fonds des T\u00e9l\u00e9coms devrait financer l\u2019innovation dans les TIC, pour un montant de 20% de ses recettes soit vers les 32 MDT. Or, fort est de constater qu\u2019a ce jour ce taux n\u2019a pas d\u00e9pass\u00e9, suivant les estimations, les 3,75% soit 0,6% du PIB (environ 600 MDT).<\/p>\n\n\n\n<p>Pour cette raison, nous appelons le minist\u00e8re des Technologies de la communication \u00e0 r\u00e9viser le mod\u00e8le actuel de gestion du secteur et \u00e0 revoir l\u2019affectation des fonds de d\u00e9veloppement.<\/p>\n\n\n\n<p>Nous appelons aussi les entit\u00e9s sous tutelle du minist\u00e8re \u00e0 rationaliser leur gestion et \u00e0 cr\u00e9er de la valeur ajout\u00e9e leur permettant un autofinancement.<\/p>\n\n\n\n<p>Et pour conclure, cette citation : <em>\u00abIl est bon de faire une planification, mais il est mieux de respecter ce qu\u2019on a planifi\u00e9, sinon, nous resterons dans la tourmente des v\u0153ux et des esp\u00e9rances\u00bb.<\/em><\/p>\n\n\n\n<p><em>* Pr\u00e9sident de la Chambre nationale des int\u00e9grateurs des r\u00e9seaux t\u00e9l\u00e9coms (Utica).<\/em><\/p>\n\n\n\n<h4 class=\"wp-block-heading\"><em>Articles du m\u00eame auteur dans Kapitalis: <\/em><\/h4>\n\n\n\n<figure class=\"wp-block-embed-wordpress wp-block-embed is-type-wp-embed is-provider-kapitalis\"><div class=\"wp-block-embed__wrapper\">\n<blockquote class=\"wp-embedded-content\" data-secret=\"ywNJMx9bsS\"><a href=\"https:\/\/kapitalis.com\/tunisie\/2020\/07\/02\/levolution-du-tres-haut-debit-fixe-en-tunisie-est-tres-lente\/\">L\u2019\u00e9volution du tr\u00e8s haut d\u00e9bit fixe en Tunisie est tr\u00e8s lente<\/a><\/blockquote><iframe loading=\"lazy\" class=\"wp-embedded-content\" sandbox=\"allow-scripts\" security=\"restricted\" style=\"position: absolute; clip: rect(1px, 1px, 1px, 1px);\" title=\"\u00ab\u00a0L\u2019\u00e9volution du tr\u00e8s haut d\u00e9bit fixe en Tunisie est tr\u00e8s lente\u00a0\u00bb &#8212; Kapitalis\" src=\"https:\/\/kapitalis.com\/tunisie\/2020\/07\/02\/levolution-du-tres-haut-debit-fixe-en-tunisie-est-tres-lente\/embed\/#?secret=jqHiOPx76u#?secret=ywNJMx9bsS\" data-secret=\"ywNJMx9bsS\" width=\"600\" height=\"338\" frameborder=\"0\" marginwidth=\"0\" marginheight=\"0\" scrolling=\"no\"><\/iframe>\n<\/div><\/figure>\n\n\n\n<figure class=\"wp-block-embed-wordpress wp-block-embed is-type-wp-embed is-provider-kapitalis\"><div class=\"wp-block-embed__wrapper\">\n<blockquote class=\"wp-embedded-content\" data-secret=\"8tPNh31Gvj\"><a href=\"https:\/\/kapitalis.com\/tunisie\/2020\/08\/04\/la-numerisation-des-echanges-des-procedures-des-expertises-judiciaires-en-tunisie\/\">La num\u00e9risation des \u00e9changes des proc\u00e9dures des expertises judiciaires en Tunisie<\/a><\/blockquote><iframe loading=\"lazy\" class=\"wp-embedded-content\" sandbox=\"allow-scripts\" security=\"restricted\" style=\"position: absolute; clip: rect(1px, 1px, 1px, 1px);\" title=\"\u00ab\u00a0La num\u00e9risation des \u00e9changes des proc\u00e9dures des expertises judiciaires en Tunisie\u00a0\u00bb &#8212; Kapitalis\" src=\"https:\/\/kapitalis.com\/tunisie\/2020\/08\/04\/la-numerisation-des-echanges-des-procedures-des-expertises-judiciaires-en-tunisie\/embed\/#?secret=zpfqXJxtiW#?secret=8tPNh31Gvj\" data-secret=\"8tPNh31Gvj\" width=\"600\" height=\"338\" frameborder=\"0\" marginwidth=\"0\" marginheight=\"0\" scrolling=\"no\"><\/iframe>\n<\/div><\/figure>\n","protected":false},"excerpt":{"rendered":"<p>Le minist\u00e8re des Technologies de la communication est appel\u00e9 \u00e0 r\u00e9viser le mod\u00e8le actuel de gestion du secteur et \u00e0 revoir l\u2019affectation des fonds allou\u00e9s \u00e0 son d\u00e9veloppement, de mani\u00e8re \u00e0 cr\u00e9er de la valeur ajout\u00e9e lui permettant de garantir son autofinancement. Par Taoufik Halila *<\/p>\n","protected":false},"author":8,"featured_media":327465,"comment_status":"open","ping_status":"open","sticky":false,"template":"","format":"standard","meta":{"footnotes":""},"categories":[992,995,1000,2433],"tags":[85477,85478,85473,85475,85479,85476,85474],"class_list":["post-327464","post","type-post","status-publish","format-standard","has-post-thumbnail","hentry","category-a-la-une","category-economie","category-tribune","category-tunisie","tag-agence-nationale-de-certification-electronique","tag-agence-nationale-des-telecoms","tag-fonds-des-telecoms","tag-loi-des-finances-2021","tag-office-de-la-poste-tunisienne","tag-office-national-de-la-telediffusion","tag-technologies-de-la-communication"],"yoast_head":"<!-- This site is optimized with the Yoast SEO plugin v26.6 - https:\/\/yoast.com\/wordpress\/plugins\/seo\/ -->\n<title>Pour une r\u00e9vision du r\u00f4le et des attributions du Fonds des T\u00e9l\u00e9coms - Kapitalis<\/title>\n<meta name=\"robots\" content=\"index, follow, max-snippet:-1, max-image-preview:large, max-video-preview:-1\" \/>\n<link rel=\"canonical\" href=\"https:\/\/kapitalis.com\/tunisie\/2020\/12\/09\/pour-une-revision-du-role-et-des-attributions-du-fonds-des-telecoms\/\" \/>\n<meta property=\"og:locale\" content=\"fr_FR\" \/>\n<meta property=\"og:type\" content=\"article\" \/>\n<meta property=\"og:title\" content=\"Pour une r\u00e9vision du r\u00f4le et des attributions du Fonds des T\u00e9l\u00e9coms - Kapitalis\" \/>\n<meta property=\"og:description\" content=\"Le minist\u00e8re des Technologies de la communication est appel\u00e9 \u00e0 r\u00e9viser le mod\u00e8le actuel de gestion du secteur et \u00e0 revoir l\u2019affectation des fonds allou\u00e9s \u00e0 son d\u00e9veloppement, de mani\u00e8re \u00e0 cr\u00e9er de la valeur ajout\u00e9e lui permettant de garantir son autofinancement. Par Taoufik Halila *\" \/>\n<meta property=\"og:url\" content=\"https:\/\/kapitalis.com\/tunisie\/2020\/12\/09\/pour-une-revision-du-role-et-des-attributions-du-fonds-des-telecoms\/\" \/>\n<meta property=\"og:site_name\" content=\"Kapitalis\" \/>\n<meta property=\"article:publisher\" content=\"https:\/\/www.facebook.com\/KapitalisInfo\/\" \/>\n<meta property=\"article:published_time\" content=\"2020-12-09T10:38:49+00:00\" \/>\n<meta property=\"article:modified_time\" content=\"2020-12-09T10:38:54+00:00\" \/>\n<meta property=\"og:image\" content=\"https:\/\/kapitalis.com\/tunisie\/wp-content\/uploads\/2022\/05\/kapitalis-logo-fb.png\" \/>\n\t<meta property=\"og:image:width\" content=\"1200\" \/>\n\t<meta property=\"og:image:height\" content=\"630\" \/>\n\t<meta property=\"og:image:type\" content=\"image\/png\" \/>\n<meta name=\"author\" content=\"webmaster kapitalis\" \/>\n<meta name=\"twitter:card\" content=\"summary_large_image\" \/>\n<meta name=\"twitter:creator\" content=\"@KapitalisInfo\" \/>\n<meta name=\"twitter:site\" content=\"@KapitalisInfo\" \/>\n<meta name=\"twitter:label1\" content=\"\u00c9crit par\" \/>\n\t<meta name=\"twitter:data1\" content=\"webmaster kapitalis\" \/>\n\t<meta name=\"twitter:label2\" content=\"Dur\u00e9e de lecture estim\u00e9e\" \/>\n\t<meta name=\"twitter:data2\" content=\"2 minutes\" \/>\n<script type=\"application\/ld+json\" class=\"yoast-schema-graph\">{\"@context\":\"https:\/\/schema.org\",\"@graph\":[{\"@type\":\"Article\",\"@id\":\"https:\/\/kapitalis.com\/tunisie\/2020\/12\/09\/pour-une-revision-du-role-et-des-attributions-du-fonds-des-telecoms\/#article\",\"isPartOf\":{\"@id\":\"https:\/\/kapitalis.com\/tunisie\/2020\/12\/09\/pour-une-revision-du-role-et-des-attributions-du-fonds-des-telecoms\/\"},\"author\":{\"name\":\"webmaster kapitalis\",\"@id\":\"https:\/\/kapitalis.com\/tunisie\/#\/schema\/person\/d71f33a9ca44f7bad4698210b480c8e9\"},\"headline\":\"Pour une r\u00e9vision du r\u00f4le et des attributions du Fonds des T\u00e9l\u00e9coms\",\"datePublished\":\"2020-12-09T10:38:49+00:00\",\"dateModified\":\"2020-12-09T10:38:54+00:00\",\"mainEntityOfPage\":{\"@id\":\"https:\/\/kapitalis.com\/tunisie\/2020\/12\/09\/pour-une-revision-du-role-et-des-attributions-du-fonds-des-telecoms\/\"},\"wordCount\":433,\"commentCount\":0,\"publisher\":{\"@id\":\"https:\/\/kapitalis.com\/tunisie\/#organization\"},\"image\":{\"@id\":\"https:\/\/kapitalis.com\/tunisie\/2020\/12\/09\/pour-une-revision-du-role-et-des-attributions-du-fonds-des-telecoms\/#primaryimage\"},\"thumbnailUrl\":\"\",\"keywords\":[\"Agence nationale de certification \u00e9lectronique\",\"Agence nationale des t\u00e9l\u00e9coms\",\"Fonds des T\u00e9l\u00e9coms\",\"Loi des Finances 2021\",\"Office de la Poste tunisienne\",\"Office national de la t\u00e9l\u00e9diffusion\",\"Technologies de la communication\"],\"articleSection\":[\"A LA UNE\",\"ECONOMIE\",\"TRIBUNE\",\"Tunisie\"],\"inLanguage\":\"fr-FR\",\"potentialAction\":[{\"@type\":\"CommentAction\",\"name\":\"Comment\",\"target\":[\"https:\/\/kapitalis.com\/tunisie\/2020\/12\/09\/pour-une-revision-du-role-et-des-attributions-du-fonds-des-telecoms\/#respond\"]}]},{\"@type\":\"WebPage\",\"@id\":\"https:\/\/kapitalis.com\/tunisie\/2020\/12\/09\/pour-une-revision-du-role-et-des-attributions-du-fonds-des-telecoms\/\",\"url\":\"https:\/\/kapitalis.com\/tunisie\/2020\/12\/09\/pour-une-revision-du-role-et-des-attributions-du-fonds-des-telecoms\/\",\"name\":\"Pour une r\u00e9vision du r\u00f4le et des attributions du Fonds des T\u00e9l\u00e9coms - Kapitalis\",\"isPartOf\":{\"@id\":\"https:\/\/kapitalis.com\/tunisie\/#website\"},\"primaryImageOfPage\":{\"@id\":\"https:\/\/kapitalis.com\/tunisie\/2020\/12\/09\/pour-une-revision-du-role-et-des-attributions-du-fonds-des-telecoms\/#primaryimage\"},\"image\":{\"@id\":\"https:\/\/kapitalis.com\/tunisie\/2020\/12\/09\/pour-une-revision-du-role-et-des-attributions-du-fonds-des-telecoms\/#primaryimage\"},\"thumbnailUrl\":\"\",\"datePublished\":\"2020-12-09T10:38:49+00:00\",\"dateModified\":\"2020-12-09T10:38:54+00:00\",\"breadcrumb\":{\"@id\":\"https:\/\/kapitalis.com\/tunisie\/2020\/12\/09\/pour-une-revision-du-role-et-des-attributions-du-fonds-des-telecoms\/#breadcrumb\"},\"inLanguage\":\"fr-FR\",\"potentialAction\":[{\"@type\":\"ReadAction\",\"target\":[\"https:\/\/kapitalis.com\/tunisie\/2020\/12\/09\/pour-une-revision-du-role-et-des-attributions-du-fonds-des-telecoms\/\"]}]},{\"@type\":\"ImageObject\",\"inLanguage\":\"fr-FR\",\"@id\":\"https:\/\/kapitalis.com\/tunisie\/2020\/12\/09\/pour-une-revision-du-role-et-des-attributions-du-fonds-des-telecoms\/#primaryimage\",\"url\":\"\",\"contentUrl\":\"\"},{\"@type\":\"BreadcrumbList\",\"@id\":\"https:\/\/kapitalis.com\/tunisie\/2020\/12\/09\/pour-une-revision-du-role-et-des-attributions-du-fonds-des-telecoms\/#breadcrumb\",\"itemListElement\":[{\"@type\":\"ListItem\",\"position\":1,\"name\":\"Accueil\",\"item\":\"https:\/\/kapitalis.com\/tunisie\/\"},{\"@type\":\"ListItem\",\"position\":2,\"name\":\"Pour une r\u00e9vision du r\u00f4le et des attributions du Fonds des T\u00e9l\u00e9coms\"}]},{\"@type\":\"WebSite\",\"@id\":\"https:\/\/kapitalis.com\/tunisie\/#website\",\"url\":\"https:\/\/kapitalis.com\/tunisie\/\",\"name\":\"Kapitalis\",\"description\":\"L&#039;actualit\u00e9 en Tunisie et dans le monde\",\"publisher\":{\"@id\":\"https:\/\/kapitalis.com\/tunisie\/#organization\"},\"potentialAction\":[{\"@type\":\"SearchAction\",\"target\":{\"@type\":\"EntryPoint\",\"urlTemplate\":\"https:\/\/kapitalis.com\/tunisie\/?s={search_term_string}\"},\"query-input\":{\"@type\":\"PropertyValueSpecification\",\"valueRequired\":true,\"valueName\":\"search_term_string\"}}],\"inLanguage\":\"fr-FR\"},{\"@type\":\"Organization\",\"@id\":\"https:\/\/kapitalis.com\/tunisie\/#organization\",\"name\":\"Kapitalis\",\"url\":\"https:\/\/kapitalis.com\/tunisie\/\",\"logo\":{\"@type\":\"ImageObject\",\"inLanguage\":\"fr-FR\",\"@id\":\"https:\/\/kapitalis.com\/tunisie\/#\/schema\/logo\/image\/\",\"url\":\"https:\/\/kapitalis.com\/tunisie\/wp-content\/uploads\/2022\/05\/Kapitalis-big-size.png\",\"contentUrl\":\"https:\/\/kapitalis.com\/tunisie\/wp-content\/uploads\/2022\/05\/Kapitalis-big-size.png\",\"width\":5000,\"height\":1500,\"caption\":\"Kapitalis\"},\"image\":{\"@id\":\"https:\/\/kapitalis.com\/tunisie\/#\/schema\/logo\/image\/\"},\"sameAs\":[\"https:\/\/www.facebook.com\/KapitalisInfo\/\",\"https:\/\/x.com\/KapitalisInfo\",\"https:\/\/www.youtube.com\/channel\/UC-yDYrHyfFBWWZaOw3FPg9Q\"]},{\"@type\":\"Person\",\"@id\":\"https:\/\/kapitalis.com\/tunisie\/#\/schema\/person\/d71f33a9ca44f7bad4698210b480c8e9\",\"name\":\"webmaster kapitalis\",\"url\":\"https:\/\/kapitalis.com\/tunisie\/author\/webmaster-kapitalis\/\"}]}<\/script>\n<!-- \/ Yoast SEO plugin. -->","yoast_head_json":{"title":"Pour une r\u00e9vision du r\u00f4le et des attributions du Fonds des T\u00e9l\u00e9coms - Kapitalis","robots":{"index":"index","follow":"follow","max-snippet":"max-snippet:-1","max-image-preview":"max-image-preview:large","max-video-preview":"max-video-preview:-1"},"canonical":"https:\/\/kapitalis.com\/tunisie\/2020\/12\/09\/pour-une-revision-du-role-et-des-attributions-du-fonds-des-telecoms\/","og_locale":"fr_FR","og_type":"article","og_title":"Pour une r\u00e9vision du r\u00f4le et des attributions du Fonds des T\u00e9l\u00e9coms - Kapitalis","og_description":"Le minist\u00e8re des Technologies de la communication est appel\u00e9 \u00e0 r\u00e9viser le mod\u00e8le actuel de gestion du secteur et \u00e0 revoir l\u2019affectation des fonds allou\u00e9s \u00e0 son d\u00e9veloppement, de mani\u00e8re \u00e0 cr\u00e9er de la valeur ajout\u00e9e lui permettant de garantir son autofinancement. Par Taoufik Halila *","og_url":"https:\/\/kapitalis.com\/tunisie\/2020\/12\/09\/pour-une-revision-du-role-et-des-attributions-du-fonds-des-telecoms\/","og_site_name":"Kapitalis","article_publisher":"https:\/\/www.facebook.com\/KapitalisInfo\/","article_published_time":"2020-12-09T10:38:49+00:00","article_modified_time":"2020-12-09T10:38:54+00:00","og_image":[{"width":1200,"height":630,"url":"https:\/\/kapitalis.com\/tunisie\/wp-content\/uploads\/2022\/05\/kapitalis-logo-fb.png","type":"image\/png"}],"author":"webmaster kapitalis","twitter_card":"summary_large_image","twitter_creator":"@KapitalisInfo","twitter_site":"@KapitalisInfo","twitter_misc":{"\u00c9crit par":"webmaster kapitalis","Dur\u00e9e de lecture estim\u00e9e":"2 minutes"},"schema":{"@context":"https:\/\/schema.org","@graph":[{"@type":"Article","@id":"https:\/\/kapitalis.com\/tunisie\/2020\/12\/09\/pour-une-revision-du-role-et-des-attributions-du-fonds-des-telecoms\/#article","isPartOf":{"@id":"https:\/\/kapitalis.com\/tunisie\/2020\/12\/09\/pour-une-revision-du-role-et-des-attributions-du-fonds-des-telecoms\/"},"author":{"name":"webmaster kapitalis","@id":"https:\/\/kapitalis.com\/tunisie\/#\/schema\/person\/d71f33a9ca44f7bad4698210b480c8e9"},"headline":"Pour une r\u00e9vision du r\u00f4le et des attributions du Fonds des T\u00e9l\u00e9coms","datePublished":"2020-12-09T10:38:49+00:00","dateModified":"2020-12-09T10:38:54+00:00","mainEntityOfPage":{"@id":"https:\/\/kapitalis.com\/tunisie\/2020\/12\/09\/pour-une-revision-du-role-et-des-attributions-du-fonds-des-telecoms\/"},"wordCount":433,"commentCount":0,"publisher":{"@id":"https:\/\/kapitalis.com\/tunisie\/#organization"},"image":{"@id":"https:\/\/kapitalis.com\/tunisie\/2020\/12\/09\/pour-une-revision-du-role-et-des-attributions-du-fonds-des-telecoms\/#primaryimage"},"thumbnailUrl":"","keywords":["Agence nationale de certification \u00e9lectronique","Agence nationale des t\u00e9l\u00e9coms","Fonds des T\u00e9l\u00e9coms","Loi des Finances 2021","Office de la Poste tunisienne","Office national de la t\u00e9l\u00e9diffusion","Technologies de la communication"],"articleSection":["A LA UNE","ECONOMIE","TRIBUNE","Tunisie"],"inLanguage":"fr-FR","potentialAction":[{"@type":"CommentAction","name":"Comment","target":["https:\/\/kapitalis.com\/tunisie\/2020\/12\/09\/pour-une-revision-du-role-et-des-attributions-du-fonds-des-telecoms\/#respond"]}]},{"@type":"WebPage","@id":"https:\/\/kapitalis.com\/tunisie\/2020\/12\/09\/pour-une-revision-du-role-et-des-attributions-du-fonds-des-telecoms\/","url":"https:\/\/kapitalis.com\/tunisie\/2020\/12\/09\/pour-une-revision-du-role-et-des-attributions-du-fonds-des-telecoms\/","name":"Pour une r\u00e9vision du r\u00f4le et des attributions du Fonds des T\u00e9l\u00e9coms - Kapitalis","isPartOf":{"@id":"https:\/\/kapitalis.com\/tunisie\/#website"},"primaryImageOfPage":{"@id":"https:\/\/kapitalis.com\/tunisie\/2020\/12\/09\/pour-une-revision-du-role-et-des-attributions-du-fonds-des-telecoms\/#primaryimage"},"image":{"@id":"https:\/\/kapitalis.com\/tunisie\/2020\/12\/09\/pour-une-revision-du-role-et-des-attributions-du-fonds-des-telecoms\/#primaryimage"},"thumbnailUrl":"","datePublished":"2020-12-09T10:38:49+00:00","dateModified":"2020-12-09T10:38:54+00:00","breadcrumb":{"@id":"https:\/\/kapitalis.com\/tunisie\/2020\/12\/09\/pour-une-revision-du-role-et-des-attributions-du-fonds-des-telecoms\/#breadcrumb"},"inLanguage":"fr-FR","potentialAction":[{"@type":"ReadAction","target":["https:\/\/kapitalis.com\/tunisie\/2020\/12\/09\/pour-une-revision-du-role-et-des-attributions-du-fonds-des-telecoms\/"]}]},{"@type":"ImageObject","inLanguage":"fr-FR","@id":"https:\/\/kapitalis.com\/tunisie\/2020\/12\/09\/pour-une-revision-du-role-et-des-attributions-du-fonds-des-telecoms\/#primaryimage","url":"","contentUrl":""},{"@type":"BreadcrumbList","@id":"https:\/\/kapitalis.com\/tunisie\/2020\/12\/09\/pour-une-revision-du-role-et-des-attributions-du-fonds-des-telecoms\/#breadcrumb","itemListElement":[{"@type":"ListItem","position":1,"name":"Accueil","item":"https:\/\/kapitalis.com\/tunisie\/"},{"@type":"ListItem","position":2,"name":"Pour une r\u00e9vision du r\u00f4le et des attributions du Fonds des T\u00e9l\u00e9coms"}]},{"@type":"WebSite","@id":"https:\/\/kapitalis.com\/tunisie\/#website","url":"https:\/\/kapitalis.com\/tunisie\/","name":"Kapitalis","description":"L&#039;actualit\u00e9 en Tunisie et dans le monde","publisher":{"@id":"https:\/\/kapitalis.com\/tunisie\/#organization"},"potentialAction":[{"@type":"SearchAction","target":{"@type":"EntryPoint","urlTemplate":"https:\/\/kapitalis.com\/tunisie\/?s={search_term_string}"},"query-input":{"@type":"PropertyValueSpecification","valueRequired":true,"valueName":"search_term_string"}}],"inLanguage":"fr-FR"},{"@type":"Organization","@id":"https:\/\/kapitalis.com\/tunisie\/#organization","name":"Kapitalis","url":"https:\/\/kapitalis.com\/tunisie\/","logo":{"@type":"ImageObject","inLanguage":"fr-FR","@id":"https:\/\/kapitalis.com\/tunisie\/#\/schema\/logo\/image\/","url":"https:\/\/kapitalis.com\/tunisie\/wp-content\/uploads\/2022\/05\/Kapitalis-big-size.png","contentUrl":"https:\/\/kapitalis.com\/tunisie\/wp-content\/uploads\/2022\/05\/Kapitalis-big-size.png","width":5000,"height":1500,"caption":"Kapitalis"},"image":{"@id":"https:\/\/kapitalis.com\/tunisie\/#\/schema\/logo\/image\/"},"sameAs":["https:\/\/www.facebook.com\/KapitalisInfo\/","https:\/\/x.com\/KapitalisInfo","https:\/\/www.youtube.com\/channel\/UC-yDYrHyfFBWWZaOw3FPg9Q"]},{"@type":"Person","@id":"https:\/\/kapitalis.com\/tunisie\/#\/schema\/person\/d71f33a9ca44f7bad4698210b480c8e9","name":"webmaster kapitalis","url":"https:\/\/kapitalis.com\/tunisie\/author\/webmaster-kapitalis\/"}]}},"_links":{"self":[{"href":"https:\/\/kapitalis.com\/tunisie\/wp-json\/wp\/v2\/posts\/327464","targetHints":{"allow":["GET"]}}],"collection":[{"href":"https:\/\/kapitalis.com\/tunisie\/wp-json\/wp\/v2\/posts"}],"about":[{"href":"https:\/\/kapitalis.com\/tunisie\/wp-json\/wp\/v2\/types\/post"}],"author":[{"embeddable":true,"href":"https:\/\/kapitalis.com\/tunisie\/wp-json\/wp\/v2\/users\/8"}],"replies":[{"embeddable":true,"href":"https:\/\/kapitalis.com\/tunisie\/wp-json\/wp\/v2\/comments?post=327464"}],"version-history":[{"count":0,"href":"https:\/\/kapitalis.com\/tunisie\/wp-json\/wp\/v2\/posts\/327464\/revisions"}],"wp:featuredmedia":[{"embeddable":true,"href":"https:\/\/kapitalis.com\/tunisie\/wp-json\/wp\/v2\/media\/327465"}],"wp:attachment":[{"href":"https:\/\/kapitalis.com\/tunisie\/wp-json\/wp\/v2\/media?parent=327464"}],"wp:term":[{"taxonomy":"category","embeddable":true,"href":"https:\/\/kapitalis.com\/tunisie\/wp-json\/wp\/v2\/categories?post=327464"},{"taxonomy":"post_tag","embeddable":true,"href":"https:\/\/kapitalis.com\/tunisie\/wp-json\/wp\/v2\/tags?post=327464"}],"curies":[{"name":"wp","href":"https:\/\/api.w.org\/{rel}","templated":true}]}}