{"id":327483,"date":"2020-12-09T12:45:24","date_gmt":"2020-12-09T11:45:24","guid":{"rendered":"http:\/\/kapitalis.com\/tunisie\/?p=327483"},"modified":"2020-12-09T12:45:28","modified_gmt":"2020-12-09T11:45:28","slug":"la-decharge-borj-chakir-presente-un-danger-grave-et-imminent","status":"publish","type":"post","link":"https:\/\/kapitalis.com\/tunisie\/2020\/12\/09\/la-decharge-borj-chakir-presente-un-danger-grave-et-imminent\/","title":{"rendered":"La d\u00e9charge Borj Chakir pr\u00e9sente un danger grave et imminent"},"content":{"rendered":"\n<figure class=\"wp-block-image size-large\"><img decoding=\"async\" src=\"http:\/\/kapitalis.com\/tunisie\/wp-content\/uploads\/2020\/12\/Decharge-de-Borj-Chakir.jpg\" alt=\"\" class=\"wp-image-327486\"\/><\/figure>\n\n\n\n<p><strong><em>La d\u00e9charge de Borj Chakir, situ\u00e9e \u00e0 8 km \u00e0 l&rsquo;ouest de Tunis, est la seule d\u00e9charge contr\u00f4l\u00e9e qui re\u00e7oit les ordures du Grand-Tunis. Ces ordures m\u00e9nag\u00e8res repr\u00e9sentent environ 3\u00a0500 tonnes de d\u00e9chets\/jour soit 1,\u00a0250\u00a0million de tonnes\/an. Ouverte depuis 1999, apr\u00e8s la fermeture de celle de Lihoudia, la d\u00e9charge de Borj Chakir est arriv\u00e9e \u00e0 saturation et pose de nombreux et graves probl\u00e8mes.<\/em><\/strong> <strong><em>Etat des lieux et solutions possibles. <\/em><\/strong><\/p>\n\n\n\n<p>Par <strong>Pr Ridha Bergaoui<\/strong><\/p>\n\n\n\n<!--more-->\n\n\n\n<div class=\"wp-block-image\"><figure class=\"alignleft size-large\"><img decoding=\"async\" src=\"http:\/\/kapitalis.com\/tunisie\/wp-content\/uploads\/2020\/05\/Ridha-Bargaoui.jpg\" alt=\"\" class=\"wp-image-298598\"\/><\/figure><\/div>\n\n\n\n<p>Les ordures m\u00e9nag\u00e8res comprennent des constituants divers&nbsp;: emballages (plastiques, carton, verre, aluminium, boites de conserve en acier\u2026), r\u00e9sidus de mati\u00e8res organiques des cuisines et des repas, piles, et parfois du petit \u00e9lectrom\u00e9nager, v\u00eatements usag\u00e9s ainsi que d\u2019autres objets divers.<\/p>\n\n\n\n<p>Le traitement des ordures m\u00e9nag\u00e8res se fait soit par incin\u00e9ration soit par enfouissement.<\/p>\n\n\n\n<p>L\u2019incin\u00e9ration dans des usines d\u00e9di\u00e9es, permet de se d\u00e9barrasser des ordures mais \u00e9galement de r\u00e9cup\u00e9rer de la chaleur pouvant servir \u00e0 produire de l\u2019eau chaude ou de l\u2019\u00e9lectricit\u00e9. Cette solution est malheureusement tr\u00e8s co\u00fbteuse, surtout si les ordures sont tr\u00e8s humides. Elle pr\u00e9sente \u00e9galement l\u2019inconv\u00e9nient de polluer l\u2019air et de produire des r\u00e9sidus d\u2019incin\u00e9ration (m\u00e2chefers) difficiles \u00e0 valoriser.<\/p>\n\n\n\n<p>L\u2019enfouissement pr\u00e9sente le risque de polluer l\u2019environnement et de cr\u00e9er des nuisances graves suite \u00e0 la production de liquides toxiques appel\u00e9s lixiviats, suite au compactage des ordures et de la percolation de l\u2019eau de pluie \u00e0 travers ces d\u00e9chets. La fermentation ana\u00e9robie de la mati\u00e8re organique des ordures entra\u00eene la production de biogaz toxiques et inflammables dont le le m\u00e9thane.<\/p>\n\n\n\n<p>L\u2019enfouissement des ordures m\u00e9nag\u00e8res doit se faire dans le respect de l\u2019environnement et des habitants des cit\u00e9s proches. Elle suppose des casiers de stockage des ordures bien \u00e9tanches ainsi que la r\u00e9cup\u00e9ration et le traitement des polluants.<\/p>\n\n\n\n<p>Les ordures enfouis continuent \u00e0 se d\u00e9grader et lib\u00e9rer des gaz et g\u00e9n\u00e9rer du lixiviat longtemps apr\u00e8s la fermeture de la d\u00e9charge. Le suivi et le contr\u00f4le de la d\u00e9charge doit se prolonger de nombreuses ann\u00e9es apr\u00e8s sa fermeture d\u00e9finitive.<\/p>\n\n\n\n<h3 class=\"wp-block-heading\">Borj Chakir, une d\u00e9charge \u00e0 ciel ouvert<\/h3>\n\n\n\n<p>La d\u00e9charge de Borj Chakir est une d\u00e9charge \u00e0 ciel ouvert qui s\u2019\u00e9tend sur plus de 120 ha. C\u2019est la plus importante non seulement en Tunisie mais \u00e9galement dans tout le bassin m\u00e9diterran\u00e9en. Cette d\u00e9charge, situ\u00e9e pr\u00e8s des cit\u00e9s r\u00e9sidentielles de S\u00e9joumi, El Attar et Hra\u00efria, re\u00e7oit les d\u00e9chets m\u00e9nagers du Grand-Tunis (gouvernorats de Tunis, Ariana, Ben Arous et Manouba) soit 38 municipalit\u00e9s. Pr\u00e9vue initialement pour une quinzaine d\u2019ann\u00e9es d\u2019exploitation, elle continue \u00e0 fonctionner alors qu\u2019elle pose de nombreux et graves probl\u00e8mes.<\/p>\n\n\n\n<p>Le premier probl\u00e8me c\u2019est que la d\u00e9charge est actuellement satur\u00e9e. Malheureusement le minist\u00e8re des Affaires locales et de l\u2019Environnement (MALE) ne dispose d\u2019aucune solution de remplacement. A plusieurs reprises, les responsables avaient annonc\u00e9 la fermeture d\u00e9finitive de la d\u00e9charge; toutefois rien n\u2019a \u00e9t\u00e9 fait jusqu\u2019ici. Le projet de budget du MALE, pour l\u2019ann\u00e9e 2021 ne pr\u00e9voit aucun cr\u00e9dit pouvant \u00eatre r\u00e9serv\u00e9 \u00e0 des \u00e9tudes ou \u00e0 l\u2019am\u00e9nagement d\u2019une nouvelle d\u00e9charge. Le MALE compte seulement r\u00e9duire la production des d\u00e9chets et r\u00e9server une place plus importante au tri et recyclage.<\/p>\n\n\n\n<p>La d\u00e9charge a connu de nombreuses extensions. La derni\u00e8re date de 2015 avec la cr\u00e9ation d\u2019un sixi\u00e8me casier d\u2019enfouissement des ordures. De nouveau on s\u2019achemine donc vers l\u2019extension de la d\u00e9charge et le prolongement de son exploitation malgr\u00e9 la situation d\u00e9sastreuse et les incidences catastrophiques sur l\u2019environnement et les habitants des cit\u00e9s environnantes.<\/p>\n\n\n\n<h3 class=\"wp-block-heading\">Des accidents graves de pollution survenus ces derni\u00e8res ann\u00e9es<\/h3>\n\n\n\n<p>La d\u00e9charge Borj Chakir est th\u00e9oriquement \u00ab<em>contr\u00f4l\u00e9e<\/em>\u00bb. Sa gestion est contr\u00f4l\u00e9e par l\u2019Agence nationale de gestion des ordures (Anged) qui doit veiller \u00e0 son fonctionnement et au traitement ad\u00e9quat des polluants.<\/p>\n\n\n\n<p>Toutefois de nombreux incidents sont survenus ces derni\u00e8res ann\u00e9es. On peut citer\u00a0plus particuli\u00e8rement :<\/p>\n\n\n\n<ul class=\"wp-block-list\"><li>un gigantesque incendie survenu au mois de juin 2019 qui a ravag\u00e9 plus de 7 ha et dont la ma\u00eetrise a n\u00e9cessit\u00e9 plusieurs jours de lutte contre le feu et a mobilis\u00e9 d\u2019importants moyens humains et mat\u00e9riels. Heureusement pas de pertes humaines;<\/li><li>un glissement des d\u00e9chets au mois de juillet 2020 ayant entra\u00een\u00e9 un d\u00e9bordement de lixiviats et leur d\u00e9versement vers les quartiers r\u00e9sidentiels d\u2019El Attar;<\/li><li>des fuites fr\u00e9quentes de lixiviats notamment lors des fortes pluies et leur d\u00e9versement dans les cours d\u2019eau;<\/li><li>la pollution de l\u2019air (mauvaises odeurs, poussi\u00e8res, sachets plastiques l\u00e9gers volants, pullulation d\u2019insectes volants et autres bestioles\u2026), des nappes superficielles (puits et des nappes phr\u00e9atiques inexploitables avec de l\u2019eau impropre \u00e0 la consommation, l\u2019irrigation\u2026) et des sols environnants devenus st\u00e9riles. Ces polluants ont entra\u00een\u00e9 la d\u00e9t\u00e9rioration de l\u2019\u00e9tat de sant\u00e9 des habitants des cit\u00e9s environnantes et l\u2019apparition de probl\u00e8mes pathologiques respiratoires et cutan\u00e9s graves;<\/li><li>une d\u00e9t\u00e9rioration des voies d\u2019acc\u00e8s, suite \u00e0 la circulation intense, tout le long de la journ\u00e9e d\u2019engins (camions, tracteurs avec remorques, bennes auto chargeuses\u2026) transportant les ordures.<\/li><\/ul>\n\n\n\n<p>Les riverains, soutenus par des associations de la soci\u00e9t\u00e9 civile, n\u2019ont arr\u00eat\u00e9 de manifester et d\u2019appeler \u00e0 la fermeture de la d\u00e9charge mais en vain.<\/p>\n\n\n\n<h3 class=\"wp-block-heading\">Le probl\u00e8me des \u00abbarbachas\u00bb<\/h3>\n\n\n\n<p>A ces probl\u00e8mes de pollution vient se greffer un probl\u00e8me socio-humain particulier, celui des chiffonniers ou <em>\u00abbarbachas\u00bb<\/em>. En effet la d\u00e9charge est parasit\u00e9e (pour ne pas dire squatt\u00e9e) par une population, estim\u00e9e \u00e0 500 personnes au moins, qui vivent exclusivement de la d\u00e9charge. D\u00e8s le d\u00e9versement des ordures, ces individus s\u2019activent, jour et nuit, \u00e0 fouiller et \u00e0 pr\u00e9lever tout ce qui peut \u00eatre recycl\u00e9 ou avoir une certaine valeur marchande. Chacun a sa sp\u00e9cialit\u00e9\u00a0: plastique, papier et carton, canettes aluminium, verre, fer et autres m\u00e9taux\u2026 Moyennant un peu d\u2019argent, ces <em>barbachas <\/em>livrent leur r\u00e9colte \u00e0 des collecteurs qui \u00e0 leur tour livrent des ateliers et des usines de recyclage.<\/p>\n\n\n\n<p>Cette population, un peu particuli\u00e8re, travaille dans le silence, dans des conditions lamentables et inhumaines. Dans un espace insalubre, tr\u00e8s risqu\u00e9 et dangereux (pr\u00e9sence de produits toxiques, de germes pathog\u00e8nes et d\u2019objets tranchants comme le verre et divers corps m\u00e9talliques coupants).<\/p>\n\n\n\n<h3 class=\"wp-block-heading\">Pour une exploitation rationnelle de la d\u00e9charge<\/h3>\n\n\n\n<p>Avec la crise \u00e9conomique que conna\u00eet le pays, aggrav\u00e9e par la pand\u00e9mie de la Covid-19, la d\u00e9charge Borj Chakir sera certainement exploit\u00e9e pour quelques ann\u00e9es encore avant de trouver les cr\u00e9dits n\u00e9cessaires pour le financement d\u2019une nouvelle installation.<\/p>\n\n\n\n<p>En attendant, il est indispensable de prendre des mesures \u00e9nergiques pour r\u00e9duire au maximum les cons\u00e9quences n\u00e9fastes de cette d\u00e9charge.<\/p>\n\n\n\n<p>Il s\u2019agit de mettre les infrastructures et les diverses installations de la d\u00e9charge aux normes internationales et r\u00e9duire ainsi son impact n\u00e9gatif sur l\u2019environnement. Il est ainsi n\u00e9cessaire de : <\/p>\n\n\n\n<ul class=\"wp-block-list\"><li> traiter correctement et r\u00e9guli\u00e8rement les lixiviats afin d\u2019\u00e9viter les d\u00e9bordements et la contamination des nappes et des cours d\u2019eau. Les lixiviats sont produites toute l\u2019ann\u00e9e et plus particuli\u00e8rement en hiver durant les p\u00e9riodes pluviales;<\/li><li>v\u00e9rifier l\u2019isolation des casiers et enrayer toute fuite possible des lixiviats;<\/li><li>r\u00e9parer la cl\u00f4ture, pour \u00e9viter l\u2019introduction des personnes \u00e9trang\u00e8res, des chiens errants et autres animaux;<\/li><li>proc\u00e9der \u00e0 la plantation d\u2019arbres et arbustes tout autour de la d\u00e9charge;<\/li><li>r\u00e9cup\u00e9rer les gaz de fermentation en vue d\u2019un torchage ou de leur utilisation comme carburant.<\/li><\/ul>\n\n\n\n<p>Le probl\u00e8me des <em>barbachas <\/em>doit \u00eatre r\u00e9solu. Il faut les aider et les encadrer pour qu\u2019ils puissent travailler et \u00e9voluer dans des conditions moins dangereuses et plus acceptables.<\/p>\n\n\n\n<p>Un soutien doit aussi \u00eatre apport\u00e9 aux riverains pour les aider \u00e0 surmonter les probl\u00e8mes pathologiques cons\u00e9cutives \u00e0 la pollution par le fonctionnement de la d\u00e9charge.<\/p>\n\n\n\n<h3 class=\"wp-block-heading\">Impliquer le citoyen dans la gestion des ordures<\/h3>\n\n\n\n<p>La masse des ordures m\u00e9nag\u00e8res ne cesse d\u2019augmenter. Dans tous les pays d\u00e9velopp\u00e9s, le citoyen contribue \u00e0 la gestion de ses d\u00e9chets par le tri s\u00e9lectif obligatoire. Des sanctions importantes sont pr\u00e9vues par la l\u00e9gislation pour la r\u00e9pression des contrevenants et des n\u00e9gligents. Le tri des ordures permet de r\u00e9duire la quantit\u00e9 des d\u00e9chets \u00e0 enfouir et de valoriser les produits ainsi r\u00e9cup\u00e9r\u00e9s par recyclage. Le citoyen est tax\u00e9 selon la quantit\u00e9 de d\u00e9chets non recyclables qu\u2019il g\u00e9n\u00e8re.<\/p>\n\n\n\n<p>Il est temps d\u2019\u00e9duquer le Tunisien et de le sensibiliser au tri s\u00e9lectif de ses d\u00e9chets. Minist\u00e8res, municipalit\u00e9s, associations et soci\u00e9t\u00e9 civile doivent s\u2019unir pour mener des campagnes d\u2019information et de sensibilisation \u00e0 la pr\u00e9servation de l\u2019environnement, le tri s\u00e9lectif (simplifi\u00e9 d\u2019abord puis de plus en plus pouss\u00e9) pour r\u00e9duire la masse des ordures m\u00e9nag\u00e8res.<\/p>\n\n\n\n<p>Il est n\u00e9cessaire en parall\u00e8le de mettre les moyens mat\u00e9riels ad\u00e9quats (contenants ad\u00e9quats, poubelles, bennes et camions de ramassage sp\u00e9cifiques\u2026). Le tri sera plus facile \u00e0 instaurer dans les cit\u00e9s disposant de syndics et de gardiens qui peuvent aider et contribuer au tri s\u00e9lectif.<\/p>\n\n\n\n<h3 class=\"wp-block-heading\">Conclusion<\/h3>\n\n\n\n<p>La d\u00e9charge Borj Chakir est arriv\u00e9e \u00e0 saturation. Il est urgent de penser s\u00e9rieusement \u00e0 la cr\u00e9ation dans les plus brefs d\u00e9lais d\u2019une nouvelle d\u00e9charge contr\u00f4l\u00e9e et moderne (qu\u2019on appelle d\u00e9sormais <em>\u00abCentre d\u2019enfouissement technique\u00bb<\/em>) digne de la capitale et r\u00e9pondant aux normes environnementales internationales.<\/p>\n\n\n\n<p>Suite \u00e0 l&rsquo;\u00e9norme quantit\u00e9 de d\u00e9chets n fermentation, enfouis depuis plus de 20 ans, et la grande quantit\u00e9 de polluants toxiques et de gaz inflammables produits quotidiennement, la d\u00e9charge de Borj Chakir est un gigantesque engin mortel et explosif. Il est urgent et imp\u00e9ratif de mettre aux normes internationales cette maudite d\u00e9charge tout en \u0153uvrant s\u00e9rieusement \u00e0 sa fermeture dans le d\u00e9lai le plus proche. Faute de quoi, cet engin risque d&rsquo;exploser et de causer d&rsquo;\u00e9normes d\u00e9g\u00e2ts tant humains qu&rsquo;environnementaux et mat\u00e9riels.<\/p>\n\n\n\n<p><em>* Professeur universitaire.<\/em><\/p>\n\n\n\n<h4 class=\"wp-block-heading\"><em>Articles du m\u00eame auteur dans Kapitalis : <\/em><\/h4>\n\n\n\n<figure class=\"wp-block-embed-wordpress wp-block-embed is-type-wp-embed is-provider-kapitalis\"><div class=\"wp-block-embed__wrapper\">\n<blockquote class=\"wp-embedded-content\" data-secret=\"HDjlDVV0TJ\"><a href=\"https:\/\/kapitalis.com\/tunisie\/2020\/12\/07\/strategie-pour-un-controle-efficace-de-la-population-des-chiens-errants\/\">Strat\u00e9gie pour un contr\u00f4le efficace de la population des chiens errants<\/a><\/blockquote><iframe loading=\"lazy\" class=\"wp-embedded-content\" sandbox=\"allow-scripts\" security=\"restricted\" style=\"position: absolute; clip: rect(1px, 1px, 1px, 1px);\" title=\"\u00ab\u00a0Strat\u00e9gie pour un contr\u00f4le efficace de la population des chiens errants\u00a0\u00bb &#8212; Kapitalis\" src=\"https:\/\/kapitalis.com\/tunisie\/2020\/12\/07\/strategie-pour-un-controle-efficace-de-la-population-des-chiens-errants\/embed\/#?secret=7n67PI3bHq#?secret=HDjlDVV0TJ\" data-secret=\"HDjlDVV0TJ\" width=\"600\" height=\"338\" frameborder=\"0\" marginwidth=\"0\" marginheight=\"0\" scrolling=\"no\"><\/iframe>\n<\/div><\/figure>\n\n\n\n<figure class=\"wp-block-embed-wordpress wp-block-embed is-type-wp-embed is-provider-kapitalis\"><div class=\"wp-block-embed__wrapper\">\n<blockquote class=\"wp-embedded-content\" data-secret=\"RBDPjwwh8x\"><a href=\"https:\/\/kapitalis.com\/tunisie\/2020\/10\/28\/communication-et-soutien-psychologique-deux-armes-necessaires-pour-vaincre-la-covid-19\/\">Communication et soutien psychologique, deux armes n\u00e9cessaires pour vaincre la Covid-19<\/a><\/blockquote><iframe loading=\"lazy\" class=\"wp-embedded-content\" sandbox=\"allow-scripts\" security=\"restricted\" style=\"position: absolute; clip: rect(1px, 1px, 1px, 1px);\" title=\"\u00ab\u00a0Communication et soutien psychologique, deux armes n\u00e9cessaires pour vaincre la Covid-19\u00a0\u00bb &#8212; Kapitalis\" src=\"https:\/\/kapitalis.com\/tunisie\/2020\/10\/28\/communication-et-soutien-psychologique-deux-armes-necessaires-pour-vaincre-la-covid-19\/embed\/#?secret=yJtitp9YgD#?secret=RBDPjwwh8x\" data-secret=\"RBDPjwwh8x\" width=\"600\" height=\"338\" frameborder=\"0\" marginwidth=\"0\" marginheight=\"0\" scrolling=\"no\"><\/iframe>\n<\/div><\/figure>\n\n\n\n<figure class=\"wp-block-embed-wordpress wp-block-embed is-type-wp-embed is-provider-kapitalis\"><div class=\"wp-block-embed__wrapper\">\n<blockquote class=\"wp-embedded-content\" data-secret=\"CZCM1abrzF\"><a href=\"https:\/\/kapitalis.com\/tunisie\/2020\/06\/30\/tunisie-pour-une-orientation-universitaire-active-apres-le-baccalaureat\/\">Tunisie : Pour une orientation universitaire active apr\u00e8s le baccalaur\u00e9at<\/a><\/blockquote><iframe loading=\"lazy\" class=\"wp-embedded-content\" sandbox=\"allow-scripts\" security=\"restricted\" style=\"position: absolute; clip: rect(1px, 1px, 1px, 1px);\" title=\"\u00ab\u00a0Tunisie : Pour une orientation universitaire active apr\u00e8s le baccalaur\u00e9at\u00a0\u00bb &#8212; Kapitalis\" src=\"https:\/\/kapitalis.com\/tunisie\/2020\/06\/30\/tunisie-pour-une-orientation-universitaire-active-apres-le-baccalaureat\/embed\/#?secret=7DrzqP1O27#?secret=CZCM1abrzF\" data-secret=\"CZCM1abrzF\" width=\"600\" height=\"338\" frameborder=\"0\" marginwidth=\"0\" marginheight=\"0\" scrolling=\"no\"><\/iframe>\n<\/div><\/figure>\n","protected":false},"excerpt":{"rendered":"<p>La d\u00e9charge de Borj Chakir, situ\u00e9e \u00e0 8 km \u00e0 l&rsquo;ouest de Tunis, est la seule d\u00e9charge contr\u00f4l\u00e9e qui re\u00e7oit les ordures du Grand-Tunis. Ces ordures m\u00e9nag\u00e8res repr\u00e9sentent environ 3\u00a0500 tonnes de d\u00e9chets\/jour soit 1,\u00a0250\u00a0million de tonnes\/an. Ouverte depuis 1999, apr\u00e8s la fermeture de celle de Lihoudia, la d\u00e9charge de Borj Chakir est arriv\u00e9e \u00e0&#8230;<\/p>\n","protected":false},"author":8,"featured_media":327486,"comment_status":"open","ping_status":"open","sticky":false,"template":"","format":"standard","meta":{"footnotes":""},"categories":[992,998,1000,2433],"tags":[9356,85485,85484,85487,83312,85486],"class_list":["post-327483","post","type-post","status-publish","format-standard","has-post-thumbnail","hentry","category-a-la-une","category-societe","category-tribune","category-tunisie","tag-anged","tag-barbachas","tag-borj-chakir","tag-el-attar","tag-hrairia","tag-sejoumi"],"yoast_head":"<!-- This site is optimized with the Yoast SEO plugin v26.6 - https:\/\/yoast.com\/wordpress\/plugins\/seo\/ -->\n<title>La d\u00e9charge Borj Chakir pr\u00e9sente un danger grave et imminent - Kapitalis<\/title>\n<meta name=\"robots\" content=\"index, follow, max-snippet:-1, max-image-preview:large, max-video-preview:-1\" \/>\n<link rel=\"canonical\" href=\"https:\/\/kapitalis.com\/tunisie\/2020\/12\/09\/la-decharge-borj-chakir-presente-un-danger-grave-et-imminent\/\" \/>\n<meta property=\"og:locale\" content=\"fr_FR\" \/>\n<meta property=\"og:type\" content=\"article\" \/>\n<meta property=\"og:title\" content=\"La d\u00e9charge Borj Chakir pr\u00e9sente un danger grave et imminent - Kapitalis\" \/>\n<meta property=\"og:description\" content=\"La d\u00e9charge de Borj Chakir, situ\u00e9e \u00e0 8 km \u00e0 l&rsquo;ouest de Tunis, est la seule d\u00e9charge contr\u00f4l\u00e9e qui re\u00e7oit les ordures du Grand-Tunis. Ces ordures m\u00e9nag\u00e8res repr\u00e9sentent environ 3\u00a0500 tonnes de d\u00e9chets\/jour soit 1,\u00a0250\u00a0million de tonnes\/an. Ouverte depuis 1999, apr\u00e8s la fermeture de celle de Lihoudia, la d\u00e9charge de Borj Chakir est arriv\u00e9e \u00e0...\" \/>\n<meta property=\"og:url\" content=\"https:\/\/kapitalis.com\/tunisie\/2020\/12\/09\/la-decharge-borj-chakir-presente-un-danger-grave-et-imminent\/\" \/>\n<meta property=\"og:site_name\" content=\"Kapitalis\" \/>\n<meta property=\"article:publisher\" content=\"https:\/\/www.facebook.com\/KapitalisInfo\/\" \/>\n<meta property=\"article:published_time\" content=\"2020-12-09T11:45:24+00:00\" \/>\n<meta property=\"article:modified_time\" content=\"2020-12-09T11:45:28+00:00\" \/>\n<meta property=\"og:image\" content=\"https:\/\/kapitalis.com\/tunisie\/wp-content\/uploads\/2022\/05\/kapitalis-logo-fb.png\" \/>\n\t<meta property=\"og:image:width\" content=\"1200\" \/>\n\t<meta property=\"og:image:height\" content=\"630\" \/>\n\t<meta property=\"og:image:type\" content=\"image\/png\" \/>\n<meta name=\"author\" content=\"webmaster kapitalis\" \/>\n<meta name=\"twitter:card\" content=\"summary_large_image\" \/>\n<meta name=\"twitter:creator\" content=\"@KapitalisInfo\" \/>\n<meta name=\"twitter:site\" content=\"@KapitalisInfo\" \/>\n<meta name=\"twitter:label1\" content=\"\u00c9crit par\" \/>\n\t<meta name=\"twitter:data1\" content=\"webmaster kapitalis\" \/>\n\t<meta name=\"twitter:label2\" content=\"Dur\u00e9e de lecture estim\u00e9e\" \/>\n\t<meta name=\"twitter:data2\" content=\"9 minutes\" \/>\n<script type=\"application\/ld+json\" class=\"yoast-schema-graph\">{\"@context\":\"https:\/\/schema.org\",\"@graph\":[{\"@type\":\"Article\",\"@id\":\"https:\/\/kapitalis.com\/tunisie\/2020\/12\/09\/la-decharge-borj-chakir-presente-un-danger-grave-et-imminent\/#article\",\"isPartOf\":{\"@id\":\"https:\/\/kapitalis.com\/tunisie\/2020\/12\/09\/la-decharge-borj-chakir-presente-un-danger-grave-et-imminent\/\"},\"author\":{\"name\":\"webmaster kapitalis\",\"@id\":\"https:\/\/kapitalis.com\/tunisie\/#\/schema\/person\/d71f33a9ca44f7bad4698210b480c8e9\"},\"headline\":\"La d\u00e9charge Borj Chakir pr\u00e9sente un danger grave et imminent\",\"datePublished\":\"2020-12-09T11:45:24+00:00\",\"dateModified\":\"2020-12-09T11:45:28+00:00\",\"mainEntityOfPage\":{\"@id\":\"https:\/\/kapitalis.com\/tunisie\/2020\/12\/09\/la-decharge-borj-chakir-presente-un-danger-grave-et-imminent\/\"},\"wordCount\":1822,\"commentCount\":1,\"publisher\":{\"@id\":\"https:\/\/kapitalis.com\/tunisie\/#organization\"},\"image\":{\"@id\":\"https:\/\/kapitalis.com\/tunisie\/2020\/12\/09\/la-decharge-borj-chakir-presente-un-danger-grave-et-imminent\/#primaryimage\"},\"thumbnailUrl\":\"\",\"keywords\":[\"Anged\",\"barbachas\",\"Borj Chakir\",\"El Attar\",\"Hra\u00efria\",\"S\u00e9joumi\"],\"articleSection\":[\"A LA UNE\",\"SOCIETE\",\"TRIBUNE\",\"Tunisie\"],\"inLanguage\":\"fr-FR\",\"potentialAction\":[{\"@type\":\"CommentAction\",\"name\":\"Comment\",\"target\":[\"https:\/\/kapitalis.com\/tunisie\/2020\/12\/09\/la-decharge-borj-chakir-presente-un-danger-grave-et-imminent\/#respond\"]}]},{\"@type\":\"WebPage\",\"@id\":\"https:\/\/kapitalis.com\/tunisie\/2020\/12\/09\/la-decharge-borj-chakir-presente-un-danger-grave-et-imminent\/\",\"url\":\"https:\/\/kapitalis.com\/tunisie\/2020\/12\/09\/la-decharge-borj-chakir-presente-un-danger-grave-et-imminent\/\",\"name\":\"La d\u00e9charge Borj Chakir pr\u00e9sente un danger grave et imminent - Kapitalis\",\"isPartOf\":{\"@id\":\"https:\/\/kapitalis.com\/tunisie\/#website\"},\"primaryImageOfPage\":{\"@id\":\"https:\/\/kapitalis.com\/tunisie\/2020\/12\/09\/la-decharge-borj-chakir-presente-un-danger-grave-et-imminent\/#primaryimage\"},\"image\":{\"@id\":\"https:\/\/kapitalis.com\/tunisie\/2020\/12\/09\/la-decharge-borj-chakir-presente-un-danger-grave-et-imminent\/#primaryimage\"},\"thumbnailUrl\":\"\",\"datePublished\":\"2020-12-09T11:45:24+00:00\",\"dateModified\":\"2020-12-09T11:45:28+00:00\",\"breadcrumb\":{\"@id\":\"https:\/\/kapitalis.com\/tunisie\/2020\/12\/09\/la-decharge-borj-chakir-presente-un-danger-grave-et-imminent\/#breadcrumb\"},\"inLanguage\":\"fr-FR\",\"potentialAction\":[{\"@type\":\"ReadAction\",\"target\":[\"https:\/\/kapitalis.com\/tunisie\/2020\/12\/09\/la-decharge-borj-chakir-presente-un-danger-grave-et-imminent\/\"]}]},{\"@type\":\"ImageObject\",\"inLanguage\":\"fr-FR\",\"@id\":\"https:\/\/kapitalis.com\/tunisie\/2020\/12\/09\/la-decharge-borj-chakir-presente-un-danger-grave-et-imminent\/#primaryimage\",\"url\":\"\",\"contentUrl\":\"\"},{\"@type\":\"BreadcrumbList\",\"@id\":\"https:\/\/kapitalis.com\/tunisie\/2020\/12\/09\/la-decharge-borj-chakir-presente-un-danger-grave-et-imminent\/#breadcrumb\",\"itemListElement\":[{\"@type\":\"ListItem\",\"position\":1,\"name\":\"Accueil\",\"item\":\"https:\/\/kapitalis.com\/tunisie\/\"},{\"@type\":\"ListItem\",\"position\":2,\"name\":\"La d\u00e9charge Borj Chakir pr\u00e9sente un danger grave et imminent\"}]},{\"@type\":\"WebSite\",\"@id\":\"https:\/\/kapitalis.com\/tunisie\/#website\",\"url\":\"https:\/\/kapitalis.com\/tunisie\/\",\"name\":\"Kapitalis\",\"description\":\"L&#039;actualit\u00e9 en Tunisie et dans le monde\",\"publisher\":{\"@id\":\"https:\/\/kapitalis.com\/tunisie\/#organization\"},\"potentialAction\":[{\"@type\":\"SearchAction\",\"target\":{\"@type\":\"EntryPoint\",\"urlTemplate\":\"https:\/\/kapitalis.com\/tunisie\/?s={search_term_string}\"},\"query-input\":{\"@type\":\"PropertyValueSpecification\",\"valueRequired\":true,\"valueName\":\"search_term_string\"}}],\"inLanguage\":\"fr-FR\"},{\"@type\":\"Organization\",\"@id\":\"https:\/\/kapitalis.com\/tunisie\/#organization\",\"name\":\"Kapitalis\",\"url\":\"https:\/\/kapitalis.com\/tunisie\/\",\"logo\":{\"@type\":\"ImageObject\",\"inLanguage\":\"fr-FR\",\"@id\":\"https:\/\/kapitalis.com\/tunisie\/#\/schema\/logo\/image\/\",\"url\":\"https:\/\/kapitalis.com\/tunisie\/wp-content\/uploads\/2022\/05\/Kapitalis-big-size.png\",\"contentUrl\":\"https:\/\/kapitalis.com\/tunisie\/wp-content\/uploads\/2022\/05\/Kapitalis-big-size.png\",\"width\":5000,\"height\":1500,\"caption\":\"Kapitalis\"},\"image\":{\"@id\":\"https:\/\/kapitalis.com\/tunisie\/#\/schema\/logo\/image\/\"},\"sameAs\":[\"https:\/\/www.facebook.com\/KapitalisInfo\/\",\"https:\/\/x.com\/KapitalisInfo\",\"https:\/\/www.youtube.com\/channel\/UC-yDYrHyfFBWWZaOw3FPg9Q\"]},{\"@type\":\"Person\",\"@id\":\"https:\/\/kapitalis.com\/tunisie\/#\/schema\/person\/d71f33a9ca44f7bad4698210b480c8e9\",\"name\":\"webmaster kapitalis\",\"url\":\"https:\/\/kapitalis.com\/tunisie\/author\/webmaster-kapitalis\/\"}]}<\/script>\n<!-- \/ Yoast SEO plugin. -->","yoast_head_json":{"title":"La d\u00e9charge Borj Chakir pr\u00e9sente un danger grave et imminent - Kapitalis","robots":{"index":"index","follow":"follow","max-snippet":"max-snippet:-1","max-image-preview":"max-image-preview:large","max-video-preview":"max-video-preview:-1"},"canonical":"https:\/\/kapitalis.com\/tunisie\/2020\/12\/09\/la-decharge-borj-chakir-presente-un-danger-grave-et-imminent\/","og_locale":"fr_FR","og_type":"article","og_title":"La d\u00e9charge Borj Chakir pr\u00e9sente un danger grave et imminent - Kapitalis","og_description":"La d\u00e9charge de Borj Chakir, situ\u00e9e \u00e0 8 km \u00e0 l&rsquo;ouest de Tunis, est la seule d\u00e9charge contr\u00f4l\u00e9e qui re\u00e7oit les ordures du Grand-Tunis. Ces ordures m\u00e9nag\u00e8res repr\u00e9sentent environ 3\u00a0500 tonnes de d\u00e9chets\/jour soit 1,\u00a0250\u00a0million de tonnes\/an. Ouverte depuis 1999, apr\u00e8s la fermeture de celle de Lihoudia, la d\u00e9charge de Borj Chakir est arriv\u00e9e \u00e0...","og_url":"https:\/\/kapitalis.com\/tunisie\/2020\/12\/09\/la-decharge-borj-chakir-presente-un-danger-grave-et-imminent\/","og_site_name":"Kapitalis","article_publisher":"https:\/\/www.facebook.com\/KapitalisInfo\/","article_published_time":"2020-12-09T11:45:24+00:00","article_modified_time":"2020-12-09T11:45:28+00:00","og_image":[{"width":1200,"height":630,"url":"https:\/\/kapitalis.com\/tunisie\/wp-content\/uploads\/2022\/05\/kapitalis-logo-fb.png","type":"image\/png"}],"author":"webmaster kapitalis","twitter_card":"summary_large_image","twitter_creator":"@KapitalisInfo","twitter_site":"@KapitalisInfo","twitter_misc":{"\u00c9crit par":"webmaster kapitalis","Dur\u00e9e de lecture estim\u00e9e":"9 minutes"},"schema":{"@context":"https:\/\/schema.org","@graph":[{"@type":"Article","@id":"https:\/\/kapitalis.com\/tunisie\/2020\/12\/09\/la-decharge-borj-chakir-presente-un-danger-grave-et-imminent\/#article","isPartOf":{"@id":"https:\/\/kapitalis.com\/tunisie\/2020\/12\/09\/la-decharge-borj-chakir-presente-un-danger-grave-et-imminent\/"},"author":{"name":"webmaster kapitalis","@id":"https:\/\/kapitalis.com\/tunisie\/#\/schema\/person\/d71f33a9ca44f7bad4698210b480c8e9"},"headline":"La d\u00e9charge Borj Chakir pr\u00e9sente un danger grave et imminent","datePublished":"2020-12-09T11:45:24+00:00","dateModified":"2020-12-09T11:45:28+00:00","mainEntityOfPage":{"@id":"https:\/\/kapitalis.com\/tunisie\/2020\/12\/09\/la-decharge-borj-chakir-presente-un-danger-grave-et-imminent\/"},"wordCount":1822,"commentCount":1,"publisher":{"@id":"https:\/\/kapitalis.com\/tunisie\/#organization"},"image":{"@id":"https:\/\/kapitalis.com\/tunisie\/2020\/12\/09\/la-decharge-borj-chakir-presente-un-danger-grave-et-imminent\/#primaryimage"},"thumbnailUrl":"","keywords":["Anged","barbachas","Borj Chakir","El Attar","Hra\u00efria","S\u00e9joumi"],"articleSection":["A LA UNE","SOCIETE","TRIBUNE","Tunisie"],"inLanguage":"fr-FR","potentialAction":[{"@type":"CommentAction","name":"Comment","target":["https:\/\/kapitalis.com\/tunisie\/2020\/12\/09\/la-decharge-borj-chakir-presente-un-danger-grave-et-imminent\/#respond"]}]},{"@type":"WebPage","@id":"https:\/\/kapitalis.com\/tunisie\/2020\/12\/09\/la-decharge-borj-chakir-presente-un-danger-grave-et-imminent\/","url":"https:\/\/kapitalis.com\/tunisie\/2020\/12\/09\/la-decharge-borj-chakir-presente-un-danger-grave-et-imminent\/","name":"La d\u00e9charge Borj Chakir pr\u00e9sente un danger grave et imminent - Kapitalis","isPartOf":{"@id":"https:\/\/kapitalis.com\/tunisie\/#website"},"primaryImageOfPage":{"@id":"https:\/\/kapitalis.com\/tunisie\/2020\/12\/09\/la-decharge-borj-chakir-presente-un-danger-grave-et-imminent\/#primaryimage"},"image":{"@id":"https:\/\/kapitalis.com\/tunisie\/2020\/12\/09\/la-decharge-borj-chakir-presente-un-danger-grave-et-imminent\/#primaryimage"},"thumbnailUrl":"","datePublished":"2020-12-09T11:45:24+00:00","dateModified":"2020-12-09T11:45:28+00:00","breadcrumb":{"@id":"https:\/\/kapitalis.com\/tunisie\/2020\/12\/09\/la-decharge-borj-chakir-presente-un-danger-grave-et-imminent\/#breadcrumb"},"inLanguage":"fr-FR","potentialAction":[{"@type":"ReadAction","target":["https:\/\/kapitalis.com\/tunisie\/2020\/12\/09\/la-decharge-borj-chakir-presente-un-danger-grave-et-imminent\/"]}]},{"@type":"ImageObject","inLanguage":"fr-FR","@id":"https:\/\/kapitalis.com\/tunisie\/2020\/12\/09\/la-decharge-borj-chakir-presente-un-danger-grave-et-imminent\/#primaryimage","url":"","contentUrl":""},{"@type":"BreadcrumbList","@id":"https:\/\/kapitalis.com\/tunisie\/2020\/12\/09\/la-decharge-borj-chakir-presente-un-danger-grave-et-imminent\/#breadcrumb","itemListElement":[{"@type":"ListItem","position":1,"name":"Accueil","item":"https:\/\/kapitalis.com\/tunisie\/"},{"@type":"ListItem","position":2,"name":"La d\u00e9charge Borj Chakir pr\u00e9sente un danger grave et imminent"}]},{"@type":"WebSite","@id":"https:\/\/kapitalis.com\/tunisie\/#website","url":"https:\/\/kapitalis.com\/tunisie\/","name":"Kapitalis","description":"L&#039;actualit\u00e9 en Tunisie et dans le monde","publisher":{"@id":"https:\/\/kapitalis.com\/tunisie\/#organization"},"potentialAction":[{"@type":"SearchAction","target":{"@type":"EntryPoint","urlTemplate":"https:\/\/kapitalis.com\/tunisie\/?s={search_term_string}"},"query-input":{"@type":"PropertyValueSpecification","valueRequired":true,"valueName":"search_term_string"}}],"inLanguage":"fr-FR"},{"@type":"Organization","@id":"https:\/\/kapitalis.com\/tunisie\/#organization","name":"Kapitalis","url":"https:\/\/kapitalis.com\/tunisie\/","logo":{"@type":"ImageObject","inLanguage":"fr-FR","@id":"https:\/\/kapitalis.com\/tunisie\/#\/schema\/logo\/image\/","url":"https:\/\/kapitalis.com\/tunisie\/wp-content\/uploads\/2022\/05\/Kapitalis-big-size.png","contentUrl":"https:\/\/kapitalis.com\/tunisie\/wp-content\/uploads\/2022\/05\/Kapitalis-big-size.png","width":5000,"height":1500,"caption":"Kapitalis"},"image":{"@id":"https:\/\/kapitalis.com\/tunisie\/#\/schema\/logo\/image\/"},"sameAs":["https:\/\/www.facebook.com\/KapitalisInfo\/","https:\/\/x.com\/KapitalisInfo","https:\/\/www.youtube.com\/channel\/UC-yDYrHyfFBWWZaOw3FPg9Q"]},{"@type":"Person","@id":"https:\/\/kapitalis.com\/tunisie\/#\/schema\/person\/d71f33a9ca44f7bad4698210b480c8e9","name":"webmaster kapitalis","url":"https:\/\/kapitalis.com\/tunisie\/author\/webmaster-kapitalis\/"}]}},"_links":{"self":[{"href":"https:\/\/kapitalis.com\/tunisie\/wp-json\/wp\/v2\/posts\/327483","targetHints":{"allow":["GET"]}}],"collection":[{"href":"https:\/\/kapitalis.com\/tunisie\/wp-json\/wp\/v2\/posts"}],"about":[{"href":"https:\/\/kapitalis.com\/tunisie\/wp-json\/wp\/v2\/types\/post"}],"author":[{"embeddable":true,"href":"https:\/\/kapitalis.com\/tunisie\/wp-json\/wp\/v2\/users\/8"}],"replies":[{"embeddable":true,"href":"https:\/\/kapitalis.com\/tunisie\/wp-json\/wp\/v2\/comments?post=327483"}],"version-history":[{"count":0,"href":"https:\/\/kapitalis.com\/tunisie\/wp-json\/wp\/v2\/posts\/327483\/revisions"}],"wp:featuredmedia":[{"embeddable":true,"href":"https:\/\/kapitalis.com\/tunisie\/wp-json\/wp\/v2\/media\/327486"}],"wp:attachment":[{"href":"https:\/\/kapitalis.com\/tunisie\/wp-json\/wp\/v2\/media?parent=327483"}],"wp:term":[{"taxonomy":"category","embeddable":true,"href":"https:\/\/kapitalis.com\/tunisie\/wp-json\/wp\/v2\/categories?post=327483"},{"taxonomy":"post_tag","embeddable":true,"href":"https:\/\/kapitalis.com\/tunisie\/wp-json\/wp\/v2\/tags?post=327483"}],"curies":[{"name":"wp","href":"https:\/\/api.w.org\/{rel}","templated":true}]}}