{"id":327485,"date":"2020-12-09T13:18:27","date_gmt":"2020-12-09T12:18:27","guid":{"rendered":"http:\/\/kapitalis.com\/tunisie\/?p=327485"},"modified":"2020-12-09T13:18:30","modified_gmt":"2020-12-09T12:18:30","slug":"chebba-les-syndicats-refusent-la-reprise-des-activites-des-forces-de-lordre","status":"publish","type":"post","link":"https:\/\/kapitalis.com\/tunisie\/2020\/12\/09\/chebba-les-syndicats-refusent-la-reprise-des-activites-des-forces-de-lordre\/","title":{"rendered":"Chebba : Les syndicats refusent la reprise des activit\u00e9s des forces de l&rsquo;ordre"},"content":{"rendered":"\n<figure class=\"wp-block-image size-large\"><img decoding=\"async\" src=\"http:\/\/kapitalis.com\/tunisie\/wp-content\/uploads\/2020\/12\/reunion-coordination-de-surete-de-mahdia.jpg\" alt=\"\" class=\"wp-image-327493\"\/><\/figure>\n\n\n\n<p><em><strong>R\u00e9unis par la Coordination r\u00e9gionale des forces de s\u00fbret\u00e9 int\u00e9rieure de Mahdia, les syndicats des forces s\u00e9curitaires ont rejet\u00e9 la reprise des activit\u00e9s des forces de l&rsquo;ordre dans la ville de Chebba, qui conna\u00eet, depuis plusieurs semaines, des protestations en raison de la sanction inflig\u00e9e au Croissant sportif chebbien (CSCH) par la F\u00e9d\u00e9ration tunisienne de football (FTF), consistant \u00e0 l&rsquo;exclure du championnat pendant une saison.<\/strong><\/em><\/p>\n\n\n\n<!--more-->\n\n\n\n<p>Ce refus s\u2019explique par l\u2019acharnement des manifestants contre les forces de l\u2019ordre, notamment \u00e0 travers le jet de pierres et des cocktails Molotov. Derni\u00e8rement, des cercueils ont m\u00eame \u00e9t\u00e9 plac\u00e9s devant les postes de police de la r\u00e9gion, selon un communiqu\u00e9 de la coordination, rendu public ce mercredi 9 d\u00e9cembre 2020.<\/p>\n\n\n\n<p>Se sentant diabolis\u00e9s et menac\u00e9s, \u00ab<em>malgr\u00e9 un traitement professionnel de l\u2019affaire pendant 45 jours, sans l\u2019enregistrement de d\u00e9passements contre les manifestants<\/em>\u00bb, les forces de l&rsquo;ordre d\u00e9cident donc de ne plus assurer la s\u00e9curit\u00e9 de la ville, \u00e0 moins que les individus impliqu\u00e9s dans les actes de violence et d\u2019agression ne soient arr\u00eat\u00e9s et poursuivis en justice.<\/p>\n\n\n\n<p>La Coordination a, par ailleurs, indiqu\u00e9 que le travail administratif sera assur\u00e9 aux habitants de Chebba via le district r\u00e9gional de la suret\u00e9 \u00e0 Mahdia.<\/p>\n\n\n\n<p>D&rsquo;autre part, elle a r\u00e9clam\u00e9 un rendez-vous avec le gouverneur, les repr\u00e9sentants de la soci\u00e9t\u00e9 civile et la Ligue tunisienne des droits de l\u2019homme (LTDH) pour r\u00e9pondre aux \u00ab<em>duperies<\/em>\u00bb en lien avec cette affaire, estimant que les autorit\u00e9s sont responsables de cette situation du fait de leur mutisme.<\/p>\n\n\n\n<p>Les syndicats ont \u00e9galement annonc\u00e9 qu\u2019ils comptent organiser un sit-in devant le si\u00e8ge du gouvernorat de Mahdia demain.<\/p>\n\n\n\n<p>Rappelons que le Tribunal arbitral du sport (Tas) a rejet\u00e9, le 30 novembre dernier, la r\u00e9clamation du CSSH d&rsquo;annuler la d\u00e9cision de la FTF, qui a, pour rappel, sanctionn\u00e9 le club parce que ses dirigeants ont refus\u00e9 de payer les amendes inflig\u00e9es au club, jusqu&rsquo;\u00e0 l&rsquo;\u00e9coulement des d\u00e9lais. <\/p>\n\n\n\n<p>Depuis ce rejet, les protestations sont devenues particuli\u00e8rement violentes.<\/p>\n\n\n\n<p class=\"has-text-align-right\"><strong>C. B. Y.<\/strong><\/p>\n","protected":false},"excerpt":{"rendered":"<p>R\u00e9unis par la Coordination r\u00e9gionale des forces de s\u00fbret\u00e9 int\u00e9rieure de Mahdia, les syndicats des forces s\u00e9curitaires ont rejet\u00e9 la reprise des activit\u00e9s des forces de l&rsquo;ordre dans la ville de Chebba, qui conna\u00eet, depuis plusieurs semaines, des protestations en raison de la sanction inflig\u00e9e au Croissant sportif chebbien (CSCH) par la F\u00e9d\u00e9ration tunisienne de&#8230;<\/p>\n","protected":false},"author":24,"featured_media":327493,"comment_status":"open","ping_status":"open","sticky":false,"template":"","format":"standard","meta":{"footnotes":""},"categories":[998,2433],"tags":[1183],"class_list":["post-327485","post","type-post","status-publish","format-standard","has-post-thumbnail","hentry","category-societe","category-tunisie","tag-chebba"],"yoast_head":"<!-- This site is optimized with the Yoast SEO plugin v26.6 - https:\/\/yoast.com\/wordpress\/plugins\/seo\/ -->\n<title>Chebba : Les syndicats refusent la reprise des activit\u00e9s des forces de l&#039;ordre - Kapitalis<\/title>\n<meta name=\"robots\" content=\"index, follow, max-snippet:-1, max-image-preview:large, max-video-preview:-1\" \/>\n<link rel=\"canonical\" href=\"https:\/\/kapitalis.com\/tunisie\/2020\/12\/09\/chebba-les-syndicats-refusent-la-reprise-des-activites-des-forces-de-lordre\/\" \/>\n<meta property=\"og:locale\" content=\"fr_FR\" \/>\n<meta property=\"og:type\" content=\"article\" \/>\n<meta property=\"og:title\" content=\"Chebba : Les syndicats refusent la reprise des activit\u00e9s des forces de l&#039;ordre - Kapitalis\" \/>\n<meta property=\"og:description\" content=\"R\u00e9unis par la Coordination r\u00e9gionale des forces de s\u00fbret\u00e9 int\u00e9rieure de Mahdia, les syndicats des forces s\u00e9curitaires ont rejet\u00e9 la reprise des activit\u00e9s des forces de l&rsquo;ordre dans la ville de Chebba, qui conna\u00eet, depuis plusieurs semaines, des protestations en raison de la sanction inflig\u00e9e au Croissant sportif chebbien (CSCH) par la F\u00e9d\u00e9ration tunisienne de...\" \/>\n<meta property=\"og:url\" content=\"https:\/\/kapitalis.com\/tunisie\/2020\/12\/09\/chebba-les-syndicats-refusent-la-reprise-des-activites-des-forces-de-lordre\/\" \/>\n<meta property=\"og:site_name\" content=\"Kapitalis\" \/>\n<meta property=\"article:publisher\" content=\"https:\/\/www.facebook.com\/KapitalisInfo\/\" \/>\n<meta property=\"article:published_time\" content=\"2020-12-09T12:18:27+00:00\" \/>\n<meta property=\"article:modified_time\" content=\"2020-12-09T12:18:30+00:00\" \/>\n<meta property=\"og:image\" content=\"https:\/\/kapitalis.com\/tunisie\/wp-content\/uploads\/2022\/05\/kapitalis-logo-fb.png\" \/>\n\t<meta property=\"og:image:width\" content=\"1200\" \/>\n\t<meta property=\"og:image:height\" content=\"630\" \/>\n\t<meta property=\"og:image:type\" content=\"image\/png\" \/>\n<meta name=\"author\" content=\"Cherif Benyounes\" \/>\n<meta name=\"twitter:card\" content=\"summary_large_image\" \/>\n<meta name=\"twitter:creator\" content=\"@KapitalisInfo\" \/>\n<meta name=\"twitter:site\" content=\"@KapitalisInfo\" \/>\n<meta name=\"twitter:label1\" content=\"\u00c9crit par\" \/>\n\t<meta name=\"twitter:data1\" content=\"Cherif Benyounes\" \/>\n\t<meta name=\"twitter:label2\" content=\"Dur\u00e9e de lecture estim\u00e9e\" \/>\n\t<meta name=\"twitter:data2\" content=\"2 minutes\" \/>\n<script type=\"application\/ld+json\" class=\"yoast-schema-graph\">{\"@context\":\"https:\/\/schema.org\",\"@graph\":[{\"@type\":\"Article\",\"@id\":\"https:\/\/kapitalis.com\/tunisie\/2020\/12\/09\/chebba-les-syndicats-refusent-la-reprise-des-activites-des-forces-de-lordre\/#article\",\"isPartOf\":{\"@id\":\"https:\/\/kapitalis.com\/tunisie\/2020\/12\/09\/chebba-les-syndicats-refusent-la-reprise-des-activites-des-forces-de-lordre\/\"},\"author\":{\"name\":\"Cherif Benyounes\",\"@id\":\"https:\/\/kapitalis.com\/tunisie\/#\/schema\/person\/b35b8d631961131107263178aeb8019e\"},\"headline\":\"Chebba : Les syndicats refusent la reprise des activit\u00e9s des forces de l&rsquo;ordre\",\"datePublished\":\"2020-12-09T12:18:27+00:00\",\"dateModified\":\"2020-12-09T12:18:30+00:00\",\"mainEntityOfPage\":{\"@id\":\"https:\/\/kapitalis.com\/tunisie\/2020\/12\/09\/chebba-les-syndicats-refusent-la-reprise-des-activites-des-forces-de-lordre\/\"},\"wordCount\":372,\"commentCount\":0,\"publisher\":{\"@id\":\"https:\/\/kapitalis.com\/tunisie\/#organization\"},\"image\":{\"@id\":\"https:\/\/kapitalis.com\/tunisie\/2020\/12\/09\/chebba-les-syndicats-refusent-la-reprise-des-activites-des-forces-de-lordre\/#primaryimage\"},\"thumbnailUrl\":\"\",\"keywords\":[\"Chebba\"],\"articleSection\":[\"SOCIETE\",\"Tunisie\"],\"inLanguage\":\"fr-FR\",\"potentialAction\":[{\"@type\":\"CommentAction\",\"name\":\"Comment\",\"target\":[\"https:\/\/kapitalis.com\/tunisie\/2020\/12\/09\/chebba-les-syndicats-refusent-la-reprise-des-activites-des-forces-de-lordre\/#respond\"]}]},{\"@type\":\"WebPage\",\"@id\":\"https:\/\/kapitalis.com\/tunisie\/2020\/12\/09\/chebba-les-syndicats-refusent-la-reprise-des-activites-des-forces-de-lordre\/\",\"url\":\"https:\/\/kapitalis.com\/tunisie\/2020\/12\/09\/chebba-les-syndicats-refusent-la-reprise-des-activites-des-forces-de-lordre\/\",\"name\":\"Chebba : Les syndicats refusent la reprise des activit\u00e9s des forces de l'ordre - Kapitalis\",\"isPartOf\":{\"@id\":\"https:\/\/kapitalis.com\/tunisie\/#website\"},\"primaryImageOfPage\":{\"@id\":\"https:\/\/kapitalis.com\/tunisie\/2020\/12\/09\/chebba-les-syndicats-refusent-la-reprise-des-activites-des-forces-de-lordre\/#primaryimage\"},\"image\":{\"@id\":\"https:\/\/kapitalis.com\/tunisie\/2020\/12\/09\/chebba-les-syndicats-refusent-la-reprise-des-activites-des-forces-de-lordre\/#primaryimage\"},\"thumbnailUrl\":\"\",\"datePublished\":\"2020-12-09T12:18:27+00:00\",\"dateModified\":\"2020-12-09T12:18:30+00:00\",\"breadcrumb\":{\"@id\":\"https:\/\/kapitalis.com\/tunisie\/2020\/12\/09\/chebba-les-syndicats-refusent-la-reprise-des-activites-des-forces-de-lordre\/#breadcrumb\"},\"inLanguage\":\"fr-FR\",\"potentialAction\":[{\"@type\":\"ReadAction\",\"target\":[\"https:\/\/kapitalis.com\/tunisie\/2020\/12\/09\/chebba-les-syndicats-refusent-la-reprise-des-activites-des-forces-de-lordre\/\"]}]},{\"@type\":\"ImageObject\",\"inLanguage\":\"fr-FR\",\"@id\":\"https:\/\/kapitalis.com\/tunisie\/2020\/12\/09\/chebba-les-syndicats-refusent-la-reprise-des-activites-des-forces-de-lordre\/#primaryimage\",\"url\":\"\",\"contentUrl\":\"\"},{\"@type\":\"BreadcrumbList\",\"@id\":\"https:\/\/kapitalis.com\/tunisie\/2020\/12\/09\/chebba-les-syndicats-refusent-la-reprise-des-activites-des-forces-de-lordre\/#breadcrumb\",\"itemListElement\":[{\"@type\":\"ListItem\",\"position\":1,\"name\":\"Accueil\",\"item\":\"https:\/\/kapitalis.com\/tunisie\/\"},{\"@type\":\"ListItem\",\"position\":2,\"name\":\"Chebba : Les syndicats refusent la reprise des activit\u00e9s des forces de l&rsquo;ordre\"}]},{\"@type\":\"WebSite\",\"@id\":\"https:\/\/kapitalis.com\/tunisie\/#website\",\"url\":\"https:\/\/kapitalis.com\/tunisie\/\",\"name\":\"Kapitalis\",\"description\":\"L&#039;actualit\u00e9 en Tunisie et dans le monde\",\"publisher\":{\"@id\":\"https:\/\/kapitalis.com\/tunisie\/#organization\"},\"potentialAction\":[{\"@type\":\"SearchAction\",\"target\":{\"@type\":\"EntryPoint\",\"urlTemplate\":\"https:\/\/kapitalis.com\/tunisie\/?s={search_term_string}\"},\"query-input\":{\"@type\":\"PropertyValueSpecification\",\"valueRequired\":true,\"valueName\":\"search_term_string\"}}],\"inLanguage\":\"fr-FR\"},{\"@type\":\"Organization\",\"@id\":\"https:\/\/kapitalis.com\/tunisie\/#organization\",\"name\":\"Kapitalis\",\"url\":\"https:\/\/kapitalis.com\/tunisie\/\",\"logo\":{\"@type\":\"ImageObject\",\"inLanguage\":\"fr-FR\",\"@id\":\"https:\/\/kapitalis.com\/tunisie\/#\/schema\/logo\/image\/\",\"url\":\"https:\/\/kapitalis.com\/tunisie\/wp-content\/uploads\/2022\/05\/Kapitalis-big-size.png\",\"contentUrl\":\"https:\/\/kapitalis.com\/tunisie\/wp-content\/uploads\/2022\/05\/Kapitalis-big-size.png\",\"width\":5000,\"height\":1500,\"caption\":\"Kapitalis\"},\"image\":{\"@id\":\"https:\/\/kapitalis.com\/tunisie\/#\/schema\/logo\/image\/\"},\"sameAs\":[\"https:\/\/www.facebook.com\/KapitalisInfo\/\",\"https:\/\/x.com\/KapitalisInfo\",\"https:\/\/www.youtube.com\/channel\/UC-yDYrHyfFBWWZaOw3FPg9Q\"]},{\"@type\":\"Person\",\"@id\":\"https:\/\/kapitalis.com\/tunisie\/#\/schema\/person\/b35b8d631961131107263178aeb8019e\",\"name\":\"Cherif Benyounes\",\"url\":\"https:\/\/kapitalis.com\/tunisie\/author\/cherif\/\"}]}<\/script>\n<!-- \/ Yoast SEO plugin. -->","yoast_head_json":{"title":"Chebba : Les syndicats refusent la reprise des activit\u00e9s des forces de l'ordre - Kapitalis","robots":{"index":"index","follow":"follow","max-snippet":"max-snippet:-1","max-image-preview":"max-image-preview:large","max-video-preview":"max-video-preview:-1"},"canonical":"https:\/\/kapitalis.com\/tunisie\/2020\/12\/09\/chebba-les-syndicats-refusent-la-reprise-des-activites-des-forces-de-lordre\/","og_locale":"fr_FR","og_type":"article","og_title":"Chebba : Les syndicats refusent la reprise des activit\u00e9s des forces de l'ordre - Kapitalis","og_description":"R\u00e9unis par la Coordination r\u00e9gionale des forces de s\u00fbret\u00e9 int\u00e9rieure de Mahdia, les syndicats des forces s\u00e9curitaires ont rejet\u00e9 la reprise des activit\u00e9s des forces de l&rsquo;ordre dans la ville de Chebba, qui conna\u00eet, depuis plusieurs semaines, des protestations en raison de la sanction inflig\u00e9e au Croissant sportif chebbien (CSCH) par la F\u00e9d\u00e9ration tunisienne de...","og_url":"https:\/\/kapitalis.com\/tunisie\/2020\/12\/09\/chebba-les-syndicats-refusent-la-reprise-des-activites-des-forces-de-lordre\/","og_site_name":"Kapitalis","article_publisher":"https:\/\/www.facebook.com\/KapitalisInfo\/","article_published_time":"2020-12-09T12:18:27+00:00","article_modified_time":"2020-12-09T12:18:30+00:00","og_image":[{"width":1200,"height":630,"url":"https:\/\/kapitalis.com\/tunisie\/wp-content\/uploads\/2022\/05\/kapitalis-logo-fb.png","type":"image\/png"}],"author":"Cherif Benyounes","twitter_card":"summary_large_image","twitter_creator":"@KapitalisInfo","twitter_site":"@KapitalisInfo","twitter_misc":{"\u00c9crit par":"Cherif Benyounes","Dur\u00e9e de lecture estim\u00e9e":"2 minutes"},"schema":{"@context":"https:\/\/schema.org","@graph":[{"@type":"Article","@id":"https:\/\/kapitalis.com\/tunisie\/2020\/12\/09\/chebba-les-syndicats-refusent-la-reprise-des-activites-des-forces-de-lordre\/#article","isPartOf":{"@id":"https:\/\/kapitalis.com\/tunisie\/2020\/12\/09\/chebba-les-syndicats-refusent-la-reprise-des-activites-des-forces-de-lordre\/"},"author":{"name":"Cherif Benyounes","@id":"https:\/\/kapitalis.com\/tunisie\/#\/schema\/person\/b35b8d631961131107263178aeb8019e"},"headline":"Chebba : Les syndicats refusent la reprise des activit\u00e9s des forces de l&rsquo;ordre","datePublished":"2020-12-09T12:18:27+00:00","dateModified":"2020-12-09T12:18:30+00:00","mainEntityOfPage":{"@id":"https:\/\/kapitalis.com\/tunisie\/2020\/12\/09\/chebba-les-syndicats-refusent-la-reprise-des-activites-des-forces-de-lordre\/"},"wordCount":372,"commentCount":0,"publisher":{"@id":"https:\/\/kapitalis.com\/tunisie\/#organization"},"image":{"@id":"https:\/\/kapitalis.com\/tunisie\/2020\/12\/09\/chebba-les-syndicats-refusent-la-reprise-des-activites-des-forces-de-lordre\/#primaryimage"},"thumbnailUrl":"","keywords":["Chebba"],"articleSection":["SOCIETE","Tunisie"],"inLanguage":"fr-FR","potentialAction":[{"@type":"CommentAction","name":"Comment","target":["https:\/\/kapitalis.com\/tunisie\/2020\/12\/09\/chebba-les-syndicats-refusent-la-reprise-des-activites-des-forces-de-lordre\/#respond"]}]},{"@type":"WebPage","@id":"https:\/\/kapitalis.com\/tunisie\/2020\/12\/09\/chebba-les-syndicats-refusent-la-reprise-des-activites-des-forces-de-lordre\/","url":"https:\/\/kapitalis.com\/tunisie\/2020\/12\/09\/chebba-les-syndicats-refusent-la-reprise-des-activites-des-forces-de-lordre\/","name":"Chebba : Les syndicats refusent la reprise des activit\u00e9s des forces de l'ordre - Kapitalis","isPartOf":{"@id":"https:\/\/kapitalis.com\/tunisie\/#website"},"primaryImageOfPage":{"@id":"https:\/\/kapitalis.com\/tunisie\/2020\/12\/09\/chebba-les-syndicats-refusent-la-reprise-des-activites-des-forces-de-lordre\/#primaryimage"},"image":{"@id":"https:\/\/kapitalis.com\/tunisie\/2020\/12\/09\/chebba-les-syndicats-refusent-la-reprise-des-activites-des-forces-de-lordre\/#primaryimage"},"thumbnailUrl":"","datePublished":"2020-12-09T12:18:27+00:00","dateModified":"2020-12-09T12:18:30+00:00","breadcrumb":{"@id":"https:\/\/kapitalis.com\/tunisie\/2020\/12\/09\/chebba-les-syndicats-refusent-la-reprise-des-activites-des-forces-de-lordre\/#breadcrumb"},"inLanguage":"fr-FR","potentialAction":[{"@type":"ReadAction","target":["https:\/\/kapitalis.com\/tunisie\/2020\/12\/09\/chebba-les-syndicats-refusent-la-reprise-des-activites-des-forces-de-lordre\/"]}]},{"@type":"ImageObject","inLanguage":"fr-FR","@id":"https:\/\/kapitalis.com\/tunisie\/2020\/12\/09\/chebba-les-syndicats-refusent-la-reprise-des-activites-des-forces-de-lordre\/#primaryimage","url":"","contentUrl":""},{"@type":"BreadcrumbList","@id":"https:\/\/kapitalis.com\/tunisie\/2020\/12\/09\/chebba-les-syndicats-refusent-la-reprise-des-activites-des-forces-de-lordre\/#breadcrumb","itemListElement":[{"@type":"ListItem","position":1,"name":"Accueil","item":"https:\/\/kapitalis.com\/tunisie\/"},{"@type":"ListItem","position":2,"name":"Chebba : Les syndicats refusent la reprise des activit\u00e9s des forces de l&rsquo;ordre"}]},{"@type":"WebSite","@id":"https:\/\/kapitalis.com\/tunisie\/#website","url":"https:\/\/kapitalis.com\/tunisie\/","name":"Kapitalis","description":"L&#039;actualit\u00e9 en Tunisie et dans le monde","publisher":{"@id":"https:\/\/kapitalis.com\/tunisie\/#organization"},"potentialAction":[{"@type":"SearchAction","target":{"@type":"EntryPoint","urlTemplate":"https:\/\/kapitalis.com\/tunisie\/?s={search_term_string}"},"query-input":{"@type":"PropertyValueSpecification","valueRequired":true,"valueName":"search_term_string"}}],"inLanguage":"fr-FR"},{"@type":"Organization","@id":"https:\/\/kapitalis.com\/tunisie\/#organization","name":"Kapitalis","url":"https:\/\/kapitalis.com\/tunisie\/","logo":{"@type":"ImageObject","inLanguage":"fr-FR","@id":"https:\/\/kapitalis.com\/tunisie\/#\/schema\/logo\/image\/","url":"https:\/\/kapitalis.com\/tunisie\/wp-content\/uploads\/2022\/05\/Kapitalis-big-size.png","contentUrl":"https:\/\/kapitalis.com\/tunisie\/wp-content\/uploads\/2022\/05\/Kapitalis-big-size.png","width":5000,"height":1500,"caption":"Kapitalis"},"image":{"@id":"https:\/\/kapitalis.com\/tunisie\/#\/schema\/logo\/image\/"},"sameAs":["https:\/\/www.facebook.com\/KapitalisInfo\/","https:\/\/x.com\/KapitalisInfo","https:\/\/www.youtube.com\/channel\/UC-yDYrHyfFBWWZaOw3FPg9Q"]},{"@type":"Person","@id":"https:\/\/kapitalis.com\/tunisie\/#\/schema\/person\/b35b8d631961131107263178aeb8019e","name":"Cherif Benyounes","url":"https:\/\/kapitalis.com\/tunisie\/author\/cherif\/"}]}},"_links":{"self":[{"href":"https:\/\/kapitalis.com\/tunisie\/wp-json\/wp\/v2\/posts\/327485","targetHints":{"allow":["GET"]}}],"collection":[{"href":"https:\/\/kapitalis.com\/tunisie\/wp-json\/wp\/v2\/posts"}],"about":[{"href":"https:\/\/kapitalis.com\/tunisie\/wp-json\/wp\/v2\/types\/post"}],"author":[{"embeddable":true,"href":"https:\/\/kapitalis.com\/tunisie\/wp-json\/wp\/v2\/users\/24"}],"replies":[{"embeddable":true,"href":"https:\/\/kapitalis.com\/tunisie\/wp-json\/wp\/v2\/comments?post=327485"}],"version-history":[{"count":0,"href":"https:\/\/kapitalis.com\/tunisie\/wp-json\/wp\/v2\/posts\/327485\/revisions"}],"wp:featuredmedia":[{"embeddable":true,"href":"https:\/\/kapitalis.com\/tunisie\/wp-json\/wp\/v2\/media\/327493"}],"wp:attachment":[{"href":"https:\/\/kapitalis.com\/tunisie\/wp-json\/wp\/v2\/media?parent=327485"}],"wp:term":[{"taxonomy":"category","embeddable":true,"href":"https:\/\/kapitalis.com\/tunisie\/wp-json\/wp\/v2\/categories?post=327485"},{"taxonomy":"post_tag","embeddable":true,"href":"https:\/\/kapitalis.com\/tunisie\/wp-json\/wp\/v2\/tags?post=327485"}],"curies":[{"name":"wp","href":"https:\/\/api.w.org\/{rel}","templated":true}]}}