{"id":327629,"date":"2020-12-10T11:28:58","date_gmt":"2020-12-10T10:28:58","guid":{"rendered":"http:\/\/kapitalis.com\/tunisie\/?p=327629"},"modified":"2020-12-10T11:29:06","modified_gmt":"2020-12-10T10:29:06","slug":"crise-de-nerfs-a-lassemblee-de-maison-a-raison-close","status":"publish","type":"post","link":"https:\/\/kapitalis.com\/tunisie\/2020\/12\/10\/crise-de-nerfs-a-lassemblee-de-maison-a-raison-close\/","title":{"rendered":"Crise de nerfs \u00e0 l&rsquo;assembl\u00e9e : de maison \u00e0 raison close"},"content":{"rendered":"\n<figure class=\"wp-block-image size-large\"><img decoding=\"async\" src=\"http:\/\/kapitalis.com\/tunisie\/wp-content\/uploads\/2020\/12\/Anouar-Bechahed.jpg\" alt=\"\" class=\"wp-image-327630\"\/><\/figure>\n\n\n\n<p><strong><em>Nabil Karoui est en train d\u2019assumer une lourde responsabilit\u00e9 dans le prestige que Seifeddine Makhlouf et son parti sont en train d\u2019accumuler en tant qu\u2019alternative d\u00e9fiant ouvertement et impun\u00e9ment l\u2019Etat et dont la caution est n\u00e9cessaire au faible gouvernement de Hichem Mechichi pour l\u2019approbation du projet de la loi des finances 2021.<\/em><\/strong><\/p>\n\n\n\n<p>Par <strong>Dr Mounir Hanablia<\/strong> *<\/p>\n\n\n\n<!--more-->\n\n\n\n<p>Le d\u00e9put\u00e9 Attayar Anouar Bechahed a \u00e9t\u00e9 bless\u00e9 au front par un objet coupant, au cours d\u2019une algarade avec les d\u00e9put\u00e9s d\u2019Al-Karama, \u00e0 l\u2019Assembl\u00e9e des repr\u00e9sentants des peuples (ARP), se rapportant au sermon qu\u2019on peut baptiser <em>\u00abdes maisons closes\u00bb<\/em> de leur camarade, le Dr Mohamed Aff\u00e9s. Ceux-ci ont reconnu avoir ripost\u00e9 \u00e0 une insulte visant la m\u00e8re r\u00e9cemment d\u00e9c\u00e9d\u00e9e de leur porte-parole, l\u2019avocat Seifeddine Makhlouf, et contre ceux qui les accusaient d\u2019\u00eatre des terroristes.<\/p>\n\n\n\n<h3 class=\"wp-block-heading\">Foire d\u2019empoigne \u00e0 l\u2019Assembl\u00e9e<\/h3>\n\n\n\n<p>Il est vraisemblable que cette blessure soit survenue au cours de l\u2019empoignade, et la victime, n\u2019\u00e9tant pas s\u00fbre de l\u2019identit\u00e9 du coupable, a \u00e9t\u00e9 accus\u00e9e de mensonge. L\u2019implication malveillante lourde de sous entendus, par les agresseurs, de la d\u00e9put\u00e9e Amira Charfeddine, accus\u00e9e d\u2019avoir griff\u00e9 involontairement la victime au visage en tentant de la soustraire \u00e0 la fureur des assaillants, a d\u00e9montr\u00e9, pour peu que cela fut n\u00e9cessaire, le m\u00e9pris de la v\u00e9rit\u00e9 et de l\u2019\u00e9thique qui est devenu la norme au sein de cette assembl\u00e9e, parmi les partis les plus violents.<\/p>\n\n\n\n<p>Amira Charfeddine, qui a port\u00e9 plainte, r\u00e9pond en effet physiquement plut\u00f4t bien \u00e0 la femme moderne et libre cibl\u00e9e dans son sermon, par l\u2019ancien apologiste du jihad en Syrie dans les rangs de Daech, le Dr Mohamed Affes. Celui-ci, versets du Coran \u00e0 l\u2019appui, a persist\u00e9 et sign\u00e9 en refusant cat\u00e9goriquement de s\u2019excuser pour ses propos.<\/p>\n\n\n\n<p>Le chef du groupe d\u2019Al-Karama, ulc\u00e9r\u00e9 par l\u2019attitude du pr\u00e9sident de la r\u00e9publique, Ka\u00efs Sa\u00efes, recevant le bless\u00e9 et condamnant le terrorisme, l\u2019a mis au d\u00e9fi de prendre quelque mesure que ce soit contre lui, et est m\u00eame all\u00e9 jusqu\u2019\u00e0 lui d\u00e9nier sa qualit\u00e9 de pr\u00e9sident. Il a implicitement \u00e9voqu\u00e9 la possibilit\u00e9 de faire descendre ses partisans dans la rue. Il a m\u00eame d\u00e9nonc\u00e9 la tentative de parlementaires de voter une motion condamnant les propos du d\u00e9put\u00e9 fautif au nom du respect de l\u2019immunit\u00e9 parlementaire\u2026 et de la Constitution.<\/p>\n\n\n\n<h3 class=\"wp-block-heading\">La bataille pour le contr\u00f4le de la rue<\/h3>\n\n\n\n<p>Les choses n\u2019en sont pas rest\u00e9es l\u00e0. Un d\u00e9put\u00e9 d\u2019Ennahdha, a port\u00e9 plainte contre des femmes masqu\u00e9es qui ont bris\u00e9 le pare-brise de sa voiture devant le portail de l\u2019ARP. Mais d\u2019autres femmes pr\u00e9sentes ont apport\u00e9 une autre version de l\u2019incident, l\u2019accusant d\u2019avoir tent\u00e9 de passer en force au risque de les \u00e9craser alors qu\u2019elles manifestaient.<\/p>\n\n\n\n<p>Tout ceci se d\u00e9roule alors que le d\u00e9lai d\u2019approbation de la loi des finances 2021, tr\u00e8s contest\u00e9e, touche \u00e0 son terme. Il est donc clair que la coalition Al-Karama ait choisi pour diff\u00e9rentes raisons ce moment pr\u00e9cis pour se poser en d\u00e9fenseur int\u00e8gre de la libert\u00e9 d\u2019expression, des valeurs de l\u2019islam et des couches d\u00e9sh\u00e9rit\u00e9es, durement frapp\u00e9es par la crise \u00e9conomique, et de plus en plus impliqu\u00e9es dans les coordinations populaires de protestation chapeaut\u00e9es par l\u2019Union g\u00e9n\u00e9rale tunisienne du travail (UGTT). Et le fait que le pr\u00e9sident de l\u2019ARP, le chef islamiste Rached Ghannouchi, ait choisi de condamner la violence sans en nommer les responsables et les auteurs, ni demander la lev\u00e9e de leur immunit\u00e9 parlementaire, ne peut \u00eatre assimil\u00e9 qu\u2019\u00e0 un soutien. M. Ghannouchi aura ainsi sorti une autre carte de sa manche, pour l\u2019user autant contre ses d\u00e9tracteurs de plus en plus nombreux dans son propre parti, que contre le pr\u00e9sident de la r\u00e9publique ou Abir Moussi, la pr\u00e9sidente du Parti destourien libre (PDL), son ennemie jur\u00e9e.<\/p>\n\n\n\n<p>Apparemment la bataille pour le contr\u00f4le de la rue a commenc\u00e9 avec la diss\u00e9mination des coordinations dans toutes les villes du pays, le sit-in victorieux du PDL devant le si\u00e8ge de l\u2019Association internationale des ul\u00e9mas musulmans, et le rassemblement devant la Haute autorit\u00e9 ind\u00e9pendance de la communication audiovisuelle (Haica) des partisans du cheikh Said Jaziri pour la l\u00e9galisation de sa Radio du Coran, diffusant ill\u00e9galement depuis plusieurs ann\u00e9es. Or on ne peut pas assimiler une action dans la rue contre une organisation id\u00e9ologiquement inf\u00e9od\u00e9e \u00e0 l\u2019\u00e9tranger visant \u00e0 subvertir la soci\u00e9t\u00e9, \u00e0 une autre faisant pression sur une institution publique pour sauvegarder des int\u00e9r\u00eats priv\u00e9s, ou bien paralysant l\u2019activit\u00e9 \u00e9conomique du pays.<\/p>\n\n\n\n<p>Ceci \u00e9tant entendu, le message islamiste \u00e9galitaire v\u00e9hicul\u00e9 par Al-Karama \u00e0 travers facebook est mobilisateur parce que dans un pays musulman il joue sur la fibre religieuse, et beaucoup de d\u00e9\u00e7us d\u2019Ennahdha, ainsi que tous ceux qui portent une v\u00e9ritable haine de classe \u00e0 un establishment consid\u00e9r\u00e9 en outre comme culturellement allog\u00e8ne, y verront sans aucun doute leur nouvel espoir.<\/p>\n\n\n\n<h3 class=\"wp-block-heading\">Le serpent qui pr\u00e9cipite le pays vers de funestes destin\u00e9es<\/h3>\n\n\n\n<p>Evidemment en s\u2019associant avec Nabil Karoui, le pr\u00e9sident du parti Qalb Tounes, dont le moins que l\u2019on puisse dire est qu\u2019il ne soit pas l\u2019exemple le plus respectueux des valeurs d\u00e9fendues par le Dr Aff\u00e8s, M. Makhlouf a d\u00e9j\u00e0 amplement d\u00e9montr\u00e9 que la banni\u00e8re verte du proph\u00e8te n\u2019\u00e9tait pour lui que l\u2019\u00e9p\u00e9e du jihad brandie par Mussolini \u00e0 Tripoli en 1937, ou par les Soviets au congr\u00e8s de Bakou en 1920.<\/p>\n\n\n\n<p>Tout ceci confirme bien une chose, les partis politiques actuels sont d\u00e9nu\u00e9s de programmes, mais quelques uns poss\u00e8dent des strat\u00e9gies de communication diffus\u00e9es et \u00e9valu\u00e9es \u00e0 travers les r\u00e9seaux sociaux, ce qui depuis l\u2019affaire Cambridge Analytica et l\u2019arriv\u00e9e au pouvoir du M5 Stelle en Italie est bien dans l\u2019air du temps.<\/p>\n\n\n\n<p>En revanche, la situation politique actuelle renvoie \u00e0 certains \u00e9gards \u00e0 l\u2019av\u00e8nement en Allemagne de la R\u00e9publique de Weimar en 1919 avec comme toile de fond la crise \u00e9conomique, l\u2019insurrection spartakiste et la mont\u00e9e du national-socialisme soutenu par certains milieux d\u2019affaires effray\u00e9s par le spectre de l\u2019anarchie; un national-socialisme du pauvre avec \u00e9videmment l\u2019industrialisation en moins.<\/p>\n\n\n\n<p>M. Karoui a ainsi refus\u00e9 de d\u00e9noncer son alliance avec un parti dont les d\u00e9put\u00e9s pr\u00eachent l\u2019av\u00e8nement d\u2019un Etat moyen\u00e2geux, soutiennent la violence et le terrorisme, et pr\u00f4nent ouvertement la s\u00e9dition. Sa condamnation purement formelle de la violence et des propos tenus contre les droits des femmes ne le souligne que mieux. Fait significatif, le patron d Nessma TV n\u2019a pas d\u00e9nonc\u00e9 les propos tenus contre le pr\u00e9sident de la r\u00e9publique. Il est en train d\u2019assumer une lourde responsabilit\u00e9 dans le prestige que M. Makhlouf et son parti sont en train d\u2019accumuler en tant qu\u2019alternative d\u00e9fiant ouvertement et impun\u00e9ment l\u2019Etat et dont la caution est en outre n\u00e9cessaire au faible gouvernement de Hichem Mechichi pour l\u2019approbation du projet de la loi des finances de la prochaine ann\u00e9e.<\/p>\n\n\n\n<p>En subordonnant le respect des lois \u00e0 ses int\u00e9r\u00eats politiques et \u00e9conomiques, M. Karoui ob\u00e9it donc \u00e0 sa propre raison close; il demeurera pour la post\u00e9rit\u00e9 comme l\u2019un des hommes qui, d\u00e8s le d\u00e9part, auront couv\u00e9 en leur sein le serpent qui pr\u00e9cipite le pays vers de funestes destin\u00e9es.<\/p>\n\n\n\n<p><em>* Cardiologue, Gammarth, La Marsa.<\/em><\/p>\n","protected":false},"excerpt":{"rendered":"<p>Nabil Karoui est en train d\u2019assumer une lourde responsabilit\u00e9 dans le prestige que Seifeddine Makhlouf et son parti sont en train d\u2019accumuler en tant qu\u2019alternative d\u00e9fiant ouvertement et impun\u00e9ment l\u2019Etat et dont la caution est n\u00e9cessaire au faible gouvernement de Hichem Mechichi pour l\u2019approbation du projet de la loi des finances 2021. Par Dr Mounir&#8230;<\/p>\n","protected":false},"author":8,"featured_media":327630,"comment_status":"open","ping_status":"open","sticky":false,"template":"","format":"standard","meta":{"footnotes":""},"categories":[992,997,1000,2433],"tags":[76464,15519,49543,74899,74893,651,758,79506,8752],"class_list":["post-327629","post","type-post","status-publish","format-standard","has-post-thumbnail","hentry","category-a-la-une","category-politique","category-tribune","category-tunisie","tag-al-karama-2","tag-attayar","tag-ennahdha","tag-hichem-mechichi","tag-mohamed-affes","tag-nabil-karoui","tag-rached-ghannouchi","tag-said-jaziri-2","tag-seifeddine-makhlouf"],"yoast_head":"<!-- This site is optimized with the Yoast SEO plugin v26.6 - https:\/\/yoast.com\/wordpress\/plugins\/seo\/ -->\n<title>Crise de nerfs \u00e0 l&#039;assembl\u00e9e : de maison \u00e0 raison close - Kapitalis<\/title>\n<meta name=\"robots\" content=\"index, follow, max-snippet:-1, max-image-preview:large, max-video-preview:-1\" \/>\n<link rel=\"canonical\" href=\"https:\/\/kapitalis.com\/tunisie\/2020\/12\/10\/crise-de-nerfs-a-lassemblee-de-maison-a-raison-close\/\" \/>\n<meta property=\"og:locale\" content=\"fr_FR\" \/>\n<meta property=\"og:type\" content=\"article\" \/>\n<meta property=\"og:title\" content=\"Crise de nerfs \u00e0 l&#039;assembl\u00e9e : de maison \u00e0 raison close - Kapitalis\" \/>\n<meta property=\"og:description\" content=\"Nabil Karoui est en train d\u2019assumer une lourde responsabilit\u00e9 dans le prestige que Seifeddine Makhlouf et son parti sont en train d\u2019accumuler en tant qu\u2019alternative d\u00e9fiant ouvertement et impun\u00e9ment l\u2019Etat et dont la caution est n\u00e9cessaire au faible gouvernement de Hichem Mechichi pour l\u2019approbation du projet de la loi des finances 2021. Par Dr Mounir...\" \/>\n<meta property=\"og:url\" content=\"https:\/\/kapitalis.com\/tunisie\/2020\/12\/10\/crise-de-nerfs-a-lassemblee-de-maison-a-raison-close\/\" \/>\n<meta property=\"og:site_name\" content=\"Kapitalis\" \/>\n<meta property=\"article:publisher\" content=\"https:\/\/www.facebook.com\/KapitalisInfo\/\" \/>\n<meta property=\"article:published_time\" content=\"2020-12-10T10:28:58+00:00\" \/>\n<meta property=\"article:modified_time\" content=\"2020-12-10T10:29:06+00:00\" \/>\n<meta property=\"og:image\" content=\"https:\/\/kapitalis.com\/tunisie\/wp-content\/uploads\/2022\/05\/kapitalis-logo-fb.png\" \/>\n\t<meta property=\"og:image:width\" content=\"1200\" \/>\n\t<meta property=\"og:image:height\" content=\"630\" \/>\n\t<meta property=\"og:image:type\" content=\"image\/png\" \/>\n<meta name=\"author\" content=\"webmaster kapitalis\" \/>\n<meta name=\"twitter:card\" content=\"summary_large_image\" \/>\n<meta name=\"twitter:creator\" content=\"@KapitalisInfo\" \/>\n<meta name=\"twitter:site\" content=\"@KapitalisInfo\" \/>\n<meta name=\"twitter:label1\" content=\"\u00c9crit par\" \/>\n\t<meta name=\"twitter:data1\" content=\"webmaster kapitalis\" \/>\n\t<meta name=\"twitter:label2\" content=\"Dur\u00e9e de lecture estim\u00e9e\" \/>\n\t<meta name=\"twitter:data2\" content=\"7 minutes\" \/>\n<script type=\"application\/ld+json\" class=\"yoast-schema-graph\">{\"@context\":\"https:\/\/schema.org\",\"@graph\":[{\"@type\":\"Article\",\"@id\":\"https:\/\/kapitalis.com\/tunisie\/2020\/12\/10\/crise-de-nerfs-a-lassemblee-de-maison-a-raison-close\/#article\",\"isPartOf\":{\"@id\":\"https:\/\/kapitalis.com\/tunisie\/2020\/12\/10\/crise-de-nerfs-a-lassemblee-de-maison-a-raison-close\/\"},\"author\":{\"name\":\"webmaster kapitalis\",\"@id\":\"https:\/\/kapitalis.com\/tunisie\/#\/schema\/person\/d71f33a9ca44f7bad4698210b480c8e9\"},\"headline\":\"Crise de nerfs \u00e0 l&rsquo;assembl\u00e9e : de maison \u00e0 raison close\",\"datePublished\":\"2020-12-10T10:28:58+00:00\",\"dateModified\":\"2020-12-10T10:29:06+00:00\",\"mainEntityOfPage\":{\"@id\":\"https:\/\/kapitalis.com\/tunisie\/2020\/12\/10\/crise-de-nerfs-a-lassemblee-de-maison-a-raison-close\/\"},\"wordCount\":1331,\"commentCount\":3,\"publisher\":{\"@id\":\"https:\/\/kapitalis.com\/tunisie\/#organization\"},\"image\":{\"@id\":\"https:\/\/kapitalis.com\/tunisie\/2020\/12\/10\/crise-de-nerfs-a-lassemblee-de-maison-a-raison-close\/#primaryimage\"},\"thumbnailUrl\":\"\",\"keywords\":[\"Al-Karama\",\"Attayar\",\"Ennahdha\",\"Hichem Mechichi\",\"Mohamed Aff\u00e8s\",\"Nabil Karoui\",\"Rached Ghannouchi\",\"Said Jaziri\",\"Seifeddine Makhlouf\"],\"articleSection\":[\"A LA UNE\",\"POLITIQUE\",\"TRIBUNE\",\"Tunisie\"],\"inLanguage\":\"fr-FR\",\"potentialAction\":[{\"@type\":\"CommentAction\",\"name\":\"Comment\",\"target\":[\"https:\/\/kapitalis.com\/tunisie\/2020\/12\/10\/crise-de-nerfs-a-lassemblee-de-maison-a-raison-close\/#respond\"]}]},{\"@type\":\"WebPage\",\"@id\":\"https:\/\/kapitalis.com\/tunisie\/2020\/12\/10\/crise-de-nerfs-a-lassemblee-de-maison-a-raison-close\/\",\"url\":\"https:\/\/kapitalis.com\/tunisie\/2020\/12\/10\/crise-de-nerfs-a-lassemblee-de-maison-a-raison-close\/\",\"name\":\"Crise de nerfs \u00e0 l'assembl\u00e9e : de maison \u00e0 raison close - Kapitalis\",\"isPartOf\":{\"@id\":\"https:\/\/kapitalis.com\/tunisie\/#website\"},\"primaryImageOfPage\":{\"@id\":\"https:\/\/kapitalis.com\/tunisie\/2020\/12\/10\/crise-de-nerfs-a-lassemblee-de-maison-a-raison-close\/#primaryimage\"},\"image\":{\"@id\":\"https:\/\/kapitalis.com\/tunisie\/2020\/12\/10\/crise-de-nerfs-a-lassemblee-de-maison-a-raison-close\/#primaryimage\"},\"thumbnailUrl\":\"\",\"datePublished\":\"2020-12-10T10:28:58+00:00\",\"dateModified\":\"2020-12-10T10:29:06+00:00\",\"breadcrumb\":{\"@id\":\"https:\/\/kapitalis.com\/tunisie\/2020\/12\/10\/crise-de-nerfs-a-lassemblee-de-maison-a-raison-close\/#breadcrumb\"},\"inLanguage\":\"fr-FR\",\"potentialAction\":[{\"@type\":\"ReadAction\",\"target\":[\"https:\/\/kapitalis.com\/tunisie\/2020\/12\/10\/crise-de-nerfs-a-lassemblee-de-maison-a-raison-close\/\"]}]},{\"@type\":\"ImageObject\",\"inLanguage\":\"fr-FR\",\"@id\":\"https:\/\/kapitalis.com\/tunisie\/2020\/12\/10\/crise-de-nerfs-a-lassemblee-de-maison-a-raison-close\/#primaryimage\",\"url\":\"\",\"contentUrl\":\"\"},{\"@type\":\"BreadcrumbList\",\"@id\":\"https:\/\/kapitalis.com\/tunisie\/2020\/12\/10\/crise-de-nerfs-a-lassemblee-de-maison-a-raison-close\/#breadcrumb\",\"itemListElement\":[{\"@type\":\"ListItem\",\"position\":1,\"name\":\"Accueil\",\"item\":\"https:\/\/kapitalis.com\/tunisie\/\"},{\"@type\":\"ListItem\",\"position\":2,\"name\":\"Crise de nerfs \u00e0 l&rsquo;assembl\u00e9e : de maison \u00e0 raison close\"}]},{\"@type\":\"WebSite\",\"@id\":\"https:\/\/kapitalis.com\/tunisie\/#website\",\"url\":\"https:\/\/kapitalis.com\/tunisie\/\",\"name\":\"Kapitalis\",\"description\":\"L&#039;actualit\u00e9 en Tunisie et dans le monde\",\"publisher\":{\"@id\":\"https:\/\/kapitalis.com\/tunisie\/#organization\"},\"potentialAction\":[{\"@type\":\"SearchAction\",\"target\":{\"@type\":\"EntryPoint\",\"urlTemplate\":\"https:\/\/kapitalis.com\/tunisie\/?s={search_term_string}\"},\"query-input\":{\"@type\":\"PropertyValueSpecification\",\"valueRequired\":true,\"valueName\":\"search_term_string\"}}],\"inLanguage\":\"fr-FR\"},{\"@type\":\"Organization\",\"@id\":\"https:\/\/kapitalis.com\/tunisie\/#organization\",\"name\":\"Kapitalis\",\"url\":\"https:\/\/kapitalis.com\/tunisie\/\",\"logo\":{\"@type\":\"ImageObject\",\"inLanguage\":\"fr-FR\",\"@id\":\"https:\/\/kapitalis.com\/tunisie\/#\/schema\/logo\/image\/\",\"url\":\"https:\/\/kapitalis.com\/tunisie\/wp-content\/uploads\/2022\/05\/Kapitalis-big-size.png\",\"contentUrl\":\"https:\/\/kapitalis.com\/tunisie\/wp-content\/uploads\/2022\/05\/Kapitalis-big-size.png\",\"width\":5000,\"height\":1500,\"caption\":\"Kapitalis\"},\"image\":{\"@id\":\"https:\/\/kapitalis.com\/tunisie\/#\/schema\/logo\/image\/\"},\"sameAs\":[\"https:\/\/www.facebook.com\/KapitalisInfo\/\",\"https:\/\/x.com\/KapitalisInfo\",\"https:\/\/www.youtube.com\/channel\/UC-yDYrHyfFBWWZaOw3FPg9Q\"]},{\"@type\":\"Person\",\"@id\":\"https:\/\/kapitalis.com\/tunisie\/#\/schema\/person\/d71f33a9ca44f7bad4698210b480c8e9\",\"name\":\"webmaster kapitalis\",\"url\":\"https:\/\/kapitalis.com\/tunisie\/author\/webmaster-kapitalis\/\"}]}<\/script>\n<!-- \/ Yoast SEO plugin. -->","yoast_head_json":{"title":"Crise de nerfs \u00e0 l'assembl\u00e9e : de maison \u00e0 raison close - Kapitalis","robots":{"index":"index","follow":"follow","max-snippet":"max-snippet:-1","max-image-preview":"max-image-preview:large","max-video-preview":"max-video-preview:-1"},"canonical":"https:\/\/kapitalis.com\/tunisie\/2020\/12\/10\/crise-de-nerfs-a-lassemblee-de-maison-a-raison-close\/","og_locale":"fr_FR","og_type":"article","og_title":"Crise de nerfs \u00e0 l'assembl\u00e9e : de maison \u00e0 raison close - Kapitalis","og_description":"Nabil Karoui est en train d\u2019assumer une lourde responsabilit\u00e9 dans le prestige que Seifeddine Makhlouf et son parti sont en train d\u2019accumuler en tant qu\u2019alternative d\u00e9fiant ouvertement et impun\u00e9ment l\u2019Etat et dont la caution est n\u00e9cessaire au faible gouvernement de Hichem Mechichi pour l\u2019approbation du projet de la loi des finances 2021. Par Dr Mounir...","og_url":"https:\/\/kapitalis.com\/tunisie\/2020\/12\/10\/crise-de-nerfs-a-lassemblee-de-maison-a-raison-close\/","og_site_name":"Kapitalis","article_publisher":"https:\/\/www.facebook.com\/KapitalisInfo\/","article_published_time":"2020-12-10T10:28:58+00:00","article_modified_time":"2020-12-10T10:29:06+00:00","og_image":[{"width":1200,"height":630,"url":"https:\/\/kapitalis.com\/tunisie\/wp-content\/uploads\/2022\/05\/kapitalis-logo-fb.png","type":"image\/png"}],"author":"webmaster kapitalis","twitter_card":"summary_large_image","twitter_creator":"@KapitalisInfo","twitter_site":"@KapitalisInfo","twitter_misc":{"\u00c9crit par":"webmaster kapitalis","Dur\u00e9e de lecture estim\u00e9e":"7 minutes"},"schema":{"@context":"https:\/\/schema.org","@graph":[{"@type":"Article","@id":"https:\/\/kapitalis.com\/tunisie\/2020\/12\/10\/crise-de-nerfs-a-lassemblee-de-maison-a-raison-close\/#article","isPartOf":{"@id":"https:\/\/kapitalis.com\/tunisie\/2020\/12\/10\/crise-de-nerfs-a-lassemblee-de-maison-a-raison-close\/"},"author":{"name":"webmaster kapitalis","@id":"https:\/\/kapitalis.com\/tunisie\/#\/schema\/person\/d71f33a9ca44f7bad4698210b480c8e9"},"headline":"Crise de nerfs \u00e0 l&rsquo;assembl\u00e9e : de maison \u00e0 raison close","datePublished":"2020-12-10T10:28:58+00:00","dateModified":"2020-12-10T10:29:06+00:00","mainEntityOfPage":{"@id":"https:\/\/kapitalis.com\/tunisie\/2020\/12\/10\/crise-de-nerfs-a-lassemblee-de-maison-a-raison-close\/"},"wordCount":1331,"commentCount":3,"publisher":{"@id":"https:\/\/kapitalis.com\/tunisie\/#organization"},"image":{"@id":"https:\/\/kapitalis.com\/tunisie\/2020\/12\/10\/crise-de-nerfs-a-lassemblee-de-maison-a-raison-close\/#primaryimage"},"thumbnailUrl":"","keywords":["Al-Karama","Attayar","Ennahdha","Hichem Mechichi","Mohamed Aff\u00e8s","Nabil Karoui","Rached Ghannouchi","Said Jaziri","Seifeddine Makhlouf"],"articleSection":["A LA UNE","POLITIQUE","TRIBUNE","Tunisie"],"inLanguage":"fr-FR","potentialAction":[{"@type":"CommentAction","name":"Comment","target":["https:\/\/kapitalis.com\/tunisie\/2020\/12\/10\/crise-de-nerfs-a-lassemblee-de-maison-a-raison-close\/#respond"]}]},{"@type":"WebPage","@id":"https:\/\/kapitalis.com\/tunisie\/2020\/12\/10\/crise-de-nerfs-a-lassemblee-de-maison-a-raison-close\/","url":"https:\/\/kapitalis.com\/tunisie\/2020\/12\/10\/crise-de-nerfs-a-lassemblee-de-maison-a-raison-close\/","name":"Crise de nerfs \u00e0 l'assembl\u00e9e : de maison \u00e0 raison close - Kapitalis","isPartOf":{"@id":"https:\/\/kapitalis.com\/tunisie\/#website"},"primaryImageOfPage":{"@id":"https:\/\/kapitalis.com\/tunisie\/2020\/12\/10\/crise-de-nerfs-a-lassemblee-de-maison-a-raison-close\/#primaryimage"},"image":{"@id":"https:\/\/kapitalis.com\/tunisie\/2020\/12\/10\/crise-de-nerfs-a-lassemblee-de-maison-a-raison-close\/#primaryimage"},"thumbnailUrl":"","datePublished":"2020-12-10T10:28:58+00:00","dateModified":"2020-12-10T10:29:06+00:00","breadcrumb":{"@id":"https:\/\/kapitalis.com\/tunisie\/2020\/12\/10\/crise-de-nerfs-a-lassemblee-de-maison-a-raison-close\/#breadcrumb"},"inLanguage":"fr-FR","potentialAction":[{"@type":"ReadAction","target":["https:\/\/kapitalis.com\/tunisie\/2020\/12\/10\/crise-de-nerfs-a-lassemblee-de-maison-a-raison-close\/"]}]},{"@type":"ImageObject","inLanguage":"fr-FR","@id":"https:\/\/kapitalis.com\/tunisie\/2020\/12\/10\/crise-de-nerfs-a-lassemblee-de-maison-a-raison-close\/#primaryimage","url":"","contentUrl":""},{"@type":"BreadcrumbList","@id":"https:\/\/kapitalis.com\/tunisie\/2020\/12\/10\/crise-de-nerfs-a-lassemblee-de-maison-a-raison-close\/#breadcrumb","itemListElement":[{"@type":"ListItem","position":1,"name":"Accueil","item":"https:\/\/kapitalis.com\/tunisie\/"},{"@type":"ListItem","position":2,"name":"Crise de nerfs \u00e0 l&rsquo;assembl\u00e9e : de maison \u00e0 raison close"}]},{"@type":"WebSite","@id":"https:\/\/kapitalis.com\/tunisie\/#website","url":"https:\/\/kapitalis.com\/tunisie\/","name":"Kapitalis","description":"L&#039;actualit\u00e9 en Tunisie et dans le monde","publisher":{"@id":"https:\/\/kapitalis.com\/tunisie\/#organization"},"potentialAction":[{"@type":"SearchAction","target":{"@type":"EntryPoint","urlTemplate":"https:\/\/kapitalis.com\/tunisie\/?s={search_term_string}"},"query-input":{"@type":"PropertyValueSpecification","valueRequired":true,"valueName":"search_term_string"}}],"inLanguage":"fr-FR"},{"@type":"Organization","@id":"https:\/\/kapitalis.com\/tunisie\/#organization","name":"Kapitalis","url":"https:\/\/kapitalis.com\/tunisie\/","logo":{"@type":"ImageObject","inLanguage":"fr-FR","@id":"https:\/\/kapitalis.com\/tunisie\/#\/schema\/logo\/image\/","url":"https:\/\/kapitalis.com\/tunisie\/wp-content\/uploads\/2022\/05\/Kapitalis-big-size.png","contentUrl":"https:\/\/kapitalis.com\/tunisie\/wp-content\/uploads\/2022\/05\/Kapitalis-big-size.png","width":5000,"height":1500,"caption":"Kapitalis"},"image":{"@id":"https:\/\/kapitalis.com\/tunisie\/#\/schema\/logo\/image\/"},"sameAs":["https:\/\/www.facebook.com\/KapitalisInfo\/","https:\/\/x.com\/KapitalisInfo","https:\/\/www.youtube.com\/channel\/UC-yDYrHyfFBWWZaOw3FPg9Q"]},{"@type":"Person","@id":"https:\/\/kapitalis.com\/tunisie\/#\/schema\/person\/d71f33a9ca44f7bad4698210b480c8e9","name":"webmaster kapitalis","url":"https:\/\/kapitalis.com\/tunisie\/author\/webmaster-kapitalis\/"}]}},"_links":{"self":[{"href":"https:\/\/kapitalis.com\/tunisie\/wp-json\/wp\/v2\/posts\/327629","targetHints":{"allow":["GET"]}}],"collection":[{"href":"https:\/\/kapitalis.com\/tunisie\/wp-json\/wp\/v2\/posts"}],"about":[{"href":"https:\/\/kapitalis.com\/tunisie\/wp-json\/wp\/v2\/types\/post"}],"author":[{"embeddable":true,"href":"https:\/\/kapitalis.com\/tunisie\/wp-json\/wp\/v2\/users\/8"}],"replies":[{"embeddable":true,"href":"https:\/\/kapitalis.com\/tunisie\/wp-json\/wp\/v2\/comments?post=327629"}],"version-history":[{"count":0,"href":"https:\/\/kapitalis.com\/tunisie\/wp-json\/wp\/v2\/posts\/327629\/revisions"}],"wp:featuredmedia":[{"embeddable":true,"href":"https:\/\/kapitalis.com\/tunisie\/wp-json\/wp\/v2\/media\/327630"}],"wp:attachment":[{"href":"https:\/\/kapitalis.com\/tunisie\/wp-json\/wp\/v2\/media?parent=327629"}],"wp:term":[{"taxonomy":"category","embeddable":true,"href":"https:\/\/kapitalis.com\/tunisie\/wp-json\/wp\/v2\/categories?post=327629"},{"taxonomy":"post_tag","embeddable":true,"href":"https:\/\/kapitalis.com\/tunisie\/wp-json\/wp\/v2\/tags?post=327629"}],"curies":[{"name":"wp","href":"https:\/\/api.w.org\/{rel}","templated":true}]}}