{"id":327769,"date":"2020-12-11T09:47:08","date_gmt":"2020-12-11T08:47:08","guid":{"rendered":"http:\/\/kapitalis.com\/tunisie\/?p=327769"},"modified":"2020-12-11T09:47:10","modified_gmt":"2020-12-11T08:47:10","slug":"tunisie-au-tour-de-jendouba-dobserver-une-greve-generale","status":"publish","type":"post","link":"https:\/\/kapitalis.com\/tunisie\/2020\/12\/11\/tunisie-au-tour-de-jendouba-dobserver-une-greve-generale\/","title":{"rendered":"Tunisie : Au tour de Jendouba d&rsquo;observer une gr\u00e8ve g\u00e9n\u00e9rale"},"content":{"rendered":"\n<figure class=\"wp-block-image size-large\"><img decoding=\"async\" src=\"http:\/\/kapitalis.com\/tunisie\/wp-content\/uploads\/2020\/12\/jendouba-1.jpg\" alt=\"\" class=\"wp-image-327776\"\/><\/figure>\n\n\n\n<p><strong><em>Les gr\u00e8ves g\u00e9n\u00e9rales s&rsquo;encha\u00eenent en Tunisie ces derniers temps. Ce vendredi, 11 d\u00e9cembre 2020, c&rsquo;est le gouvernorat de Jendouba qui en observe une, pour protester contre le manque de d\u00e9veloppement dans la r\u00e9gion, ayant notamment conduit d\u00e9c\u00e8s du jeune m\u00e9decin Badredine Aloui.<\/em><\/strong><\/p>\n\n\n\n<!--more-->\n\n\n\n<p>Aloui est, pour rappel, tomb\u00e9, la semaine derni\u00e8re <a href=\"http:\/\/kapitalis.com\/tunisie\/2020\/12\/03\/drame-a-jendouba-deces-dun-medecin-apres-une-chute-dans-une-cage-dascenseur-a-lhopital-regional\/\"><strong>dans une cage d&rsquo;ascenseur vide<\/strong><\/a>, du 5e \u00e9tage de l&rsquo;h\u00f4pital de Jendouba.<\/p>\n\n\n\n<p>Cette gr\u00e8ve intervient \u00e0 l\u2019initiative de plusieurs organisations nationales op\u00e9rant dans la r\u00e9gion, \u00e0 l&rsquo;instar de l\u2019Union r\u00e9gionale du travail \u00e0 Jendouba, l\u2019Union r\u00e9gionale de l\u2019agriculture et de la p\u00eache, l\u2019Union r\u00e9gionale de l\u2019industrie, du commerce et de l\u2019artisanat, l\u2019Union r\u00e9gionale des femmes et l\u2019Union des dipl\u00f4m\u00e9s au ch\u00f4mage.<\/p>\n\n\n\n<p class=\"has-text-align-right\"><strong>C. B. Y.<\/strong><\/p>\n\n\n\n<figure class=\"wp-block-embed-wordpress wp-block-embed is-type-wp-embed is-provider-kapitalis\"><div class=\"wp-block-embed__wrapper\">\n<blockquote class=\"wp-embedded-content\" data-secret=\"I8aSLQLvaW\"><a href=\"https:\/\/kapitalis.com\/tunisie\/2020\/12\/03\/drame-a-jendouba-deces-dun-medecin-apres-une-chute-dans-une-cage-dascenseur-a-lhopital-regional\/\">Drame \u00e0 Jendouba : D\u00e9c\u00e8s d&rsquo;un m\u00e9decin apr\u00e8s une chute dans une cage d\u2019ascenseur \u00e0 l&rsquo;h\u00f4pital r\u00e9gional !<\/a><\/blockquote><iframe loading=\"lazy\" class=\"wp-embedded-content\" sandbox=\"allow-scripts\" security=\"restricted\" style=\"position: absolute; clip: rect(1px, 1px, 1px, 1px);\" title=\"\u00ab\u00a0Drame \u00e0 Jendouba : D\u00e9c\u00e8s d&rsquo;un m\u00e9decin apr\u00e8s une chute dans une cage d\u2019ascenseur \u00e0 l&rsquo;h\u00f4pital r\u00e9gional !\u00a0\u00bb &#8212; Kapitalis\" src=\"https:\/\/kapitalis.com\/tunisie\/2020\/12\/03\/drame-a-jendouba-deces-dun-medecin-apres-une-chute-dans-une-cage-dascenseur-a-lhopital-regional\/embed\/#?secret=A971wWPG4O#?secret=I8aSLQLvaW\" data-secret=\"I8aSLQLvaW\" width=\"600\" height=\"338\" frameborder=\"0\" marginwidth=\"0\" marginheight=\"0\" scrolling=\"no\"><\/iframe>\n<\/div><\/figure>\n","protected":false},"excerpt":{"rendered":"<p>Les gr\u00e8ves g\u00e9n\u00e9rales s&rsquo;encha\u00eenent en Tunisie ces derniers temps. Ce vendredi, 11 d\u00e9cembre 2020, c&rsquo;est le gouvernorat de Jendouba qui en observe une, pour protester contre le manque de d\u00e9veloppement dans la r\u00e9gion, ayant notamment conduit d\u00e9c\u00e8s du jeune m\u00e9decin Badredine Aloui.<\/p>\n","protected":false},"author":24,"featured_media":327776,"comment_status":"open","ping_status":"open","sticky":false,"template":"","format":"standard","meta":{"footnotes":""},"categories":[998,2433],"tags":[85554,85553],"class_list":["post-327769","post","type-post","status-publish","format-standard","has-post-thumbnail","hentry","category-societe","category-tunisie","tag-badredine-aloui","tag-jendouba-greve-generale"],"yoast_head":"<!-- This site is optimized with the Yoast SEO plugin v26.6 - https:\/\/yoast.com\/wordpress\/plugins\/seo\/ -->\n<title>Tunisie : Au tour de Jendouba d&#039;observer une gr\u00e8ve g\u00e9n\u00e9rale - Kapitalis<\/title>\n<meta name=\"robots\" content=\"index, follow, max-snippet:-1, max-image-preview:large, max-video-preview:-1\" \/>\n<link rel=\"canonical\" href=\"https:\/\/kapitalis.com\/tunisie\/2020\/12\/11\/tunisie-au-tour-de-jendouba-dobserver-une-greve-generale\/\" \/>\n<meta property=\"og:locale\" content=\"fr_FR\" \/>\n<meta property=\"og:type\" content=\"article\" \/>\n<meta property=\"og:title\" content=\"Tunisie : Au tour de Jendouba d&#039;observer une gr\u00e8ve g\u00e9n\u00e9rale - Kapitalis\" \/>\n<meta property=\"og:description\" content=\"Les gr\u00e8ves g\u00e9n\u00e9rales s&rsquo;encha\u00eenent en Tunisie ces derniers temps. Ce vendredi, 11 d\u00e9cembre 2020, c&rsquo;est le gouvernorat de Jendouba qui en observe une, pour protester contre le manque de d\u00e9veloppement dans la r\u00e9gion, ayant notamment conduit d\u00e9c\u00e8s du jeune m\u00e9decin Badredine Aloui.\" \/>\n<meta property=\"og:url\" content=\"https:\/\/kapitalis.com\/tunisie\/2020\/12\/11\/tunisie-au-tour-de-jendouba-dobserver-une-greve-generale\/\" \/>\n<meta property=\"og:site_name\" content=\"Kapitalis\" \/>\n<meta property=\"article:publisher\" content=\"https:\/\/www.facebook.com\/KapitalisInfo\/\" \/>\n<meta property=\"article:published_time\" content=\"2020-12-11T08:47:08+00:00\" \/>\n<meta property=\"article:modified_time\" content=\"2020-12-11T08:47:10+00:00\" \/>\n<meta property=\"og:image\" content=\"https:\/\/kapitalis.com\/tunisie\/wp-content\/uploads\/2022\/05\/kapitalis-logo-fb.png\" \/>\n\t<meta property=\"og:image:width\" content=\"1200\" \/>\n\t<meta property=\"og:image:height\" content=\"630\" \/>\n\t<meta property=\"og:image:type\" content=\"image\/png\" \/>\n<meta name=\"author\" content=\"Cherif Benyounes\" \/>\n<meta name=\"twitter:card\" content=\"summary_large_image\" \/>\n<meta name=\"twitter:creator\" content=\"@KapitalisInfo\" \/>\n<meta name=\"twitter:site\" content=\"@KapitalisInfo\" \/>\n<meta name=\"twitter:label1\" content=\"\u00c9crit par\" \/>\n\t<meta name=\"twitter:data1\" content=\"Cherif Benyounes\" \/>\n\t<meta name=\"twitter:label2\" content=\"Dur\u00e9e de lecture estim\u00e9e\" \/>\n\t<meta name=\"twitter:data2\" content=\"1 minute\" \/>\n<script type=\"application\/ld+json\" class=\"yoast-schema-graph\">{\"@context\":\"https:\/\/schema.org\",\"@graph\":[{\"@type\":\"Article\",\"@id\":\"https:\/\/kapitalis.com\/tunisie\/2020\/12\/11\/tunisie-au-tour-de-jendouba-dobserver-une-greve-generale\/#article\",\"isPartOf\":{\"@id\":\"https:\/\/kapitalis.com\/tunisie\/2020\/12\/11\/tunisie-au-tour-de-jendouba-dobserver-une-greve-generale\/\"},\"author\":{\"name\":\"Cherif Benyounes\",\"@id\":\"https:\/\/kapitalis.com\/tunisie\/#\/schema\/person\/b35b8d631961131107263178aeb8019e\"},\"headline\":\"Tunisie : Au tour de Jendouba d&rsquo;observer une gr\u00e8ve g\u00e9n\u00e9rale\",\"datePublished\":\"2020-12-11T08:47:08+00:00\",\"dateModified\":\"2020-12-11T08:47:10+00:00\",\"mainEntityOfPage\":{\"@id\":\"https:\/\/kapitalis.com\/tunisie\/2020\/12\/11\/tunisie-au-tour-de-jendouba-dobserver-une-greve-generale\/\"},\"wordCount\":158,\"commentCount\":1,\"publisher\":{\"@id\":\"https:\/\/kapitalis.com\/tunisie\/#organization\"},\"image\":{\"@id\":\"https:\/\/kapitalis.com\/tunisie\/2020\/12\/11\/tunisie-au-tour-de-jendouba-dobserver-une-greve-generale\/#primaryimage\"},\"thumbnailUrl\":\"\",\"keywords\":[\"Badredine Aloui\",\"Jendouba Gr\u00e8ve g\u00e9n\u00e9rale\"],\"articleSection\":[\"SOCIETE\",\"Tunisie\"],\"inLanguage\":\"fr-FR\",\"potentialAction\":[{\"@type\":\"CommentAction\",\"name\":\"Comment\",\"target\":[\"https:\/\/kapitalis.com\/tunisie\/2020\/12\/11\/tunisie-au-tour-de-jendouba-dobserver-une-greve-generale\/#respond\"]}]},{\"@type\":\"WebPage\",\"@id\":\"https:\/\/kapitalis.com\/tunisie\/2020\/12\/11\/tunisie-au-tour-de-jendouba-dobserver-une-greve-generale\/\",\"url\":\"https:\/\/kapitalis.com\/tunisie\/2020\/12\/11\/tunisie-au-tour-de-jendouba-dobserver-une-greve-generale\/\",\"name\":\"Tunisie : Au tour de Jendouba d'observer une gr\u00e8ve g\u00e9n\u00e9rale - Kapitalis\",\"isPartOf\":{\"@id\":\"https:\/\/kapitalis.com\/tunisie\/#website\"},\"primaryImageOfPage\":{\"@id\":\"https:\/\/kapitalis.com\/tunisie\/2020\/12\/11\/tunisie-au-tour-de-jendouba-dobserver-une-greve-generale\/#primaryimage\"},\"image\":{\"@id\":\"https:\/\/kapitalis.com\/tunisie\/2020\/12\/11\/tunisie-au-tour-de-jendouba-dobserver-une-greve-generale\/#primaryimage\"},\"thumbnailUrl\":\"\",\"datePublished\":\"2020-12-11T08:47:08+00:00\",\"dateModified\":\"2020-12-11T08:47:10+00:00\",\"breadcrumb\":{\"@id\":\"https:\/\/kapitalis.com\/tunisie\/2020\/12\/11\/tunisie-au-tour-de-jendouba-dobserver-une-greve-generale\/#breadcrumb\"},\"inLanguage\":\"fr-FR\",\"potentialAction\":[{\"@type\":\"ReadAction\",\"target\":[\"https:\/\/kapitalis.com\/tunisie\/2020\/12\/11\/tunisie-au-tour-de-jendouba-dobserver-une-greve-generale\/\"]}]},{\"@type\":\"ImageObject\",\"inLanguage\":\"fr-FR\",\"@id\":\"https:\/\/kapitalis.com\/tunisie\/2020\/12\/11\/tunisie-au-tour-de-jendouba-dobserver-une-greve-generale\/#primaryimage\",\"url\":\"\",\"contentUrl\":\"\"},{\"@type\":\"BreadcrumbList\",\"@id\":\"https:\/\/kapitalis.com\/tunisie\/2020\/12\/11\/tunisie-au-tour-de-jendouba-dobserver-une-greve-generale\/#breadcrumb\",\"itemListElement\":[{\"@type\":\"ListItem\",\"position\":1,\"name\":\"Accueil\",\"item\":\"https:\/\/kapitalis.com\/tunisie\/\"},{\"@type\":\"ListItem\",\"position\":2,\"name\":\"Tunisie : Au tour de Jendouba d&rsquo;observer une gr\u00e8ve g\u00e9n\u00e9rale\"}]},{\"@type\":\"WebSite\",\"@id\":\"https:\/\/kapitalis.com\/tunisie\/#website\",\"url\":\"https:\/\/kapitalis.com\/tunisie\/\",\"name\":\"Kapitalis\",\"description\":\"L&#039;actualit\u00e9 en Tunisie et dans le monde\",\"publisher\":{\"@id\":\"https:\/\/kapitalis.com\/tunisie\/#organization\"},\"potentialAction\":[{\"@type\":\"SearchAction\",\"target\":{\"@type\":\"EntryPoint\",\"urlTemplate\":\"https:\/\/kapitalis.com\/tunisie\/?s={search_term_string}\"},\"query-input\":{\"@type\":\"PropertyValueSpecification\",\"valueRequired\":true,\"valueName\":\"search_term_string\"}}],\"inLanguage\":\"fr-FR\"},{\"@type\":\"Organization\",\"@id\":\"https:\/\/kapitalis.com\/tunisie\/#organization\",\"name\":\"Kapitalis\",\"url\":\"https:\/\/kapitalis.com\/tunisie\/\",\"logo\":{\"@type\":\"ImageObject\",\"inLanguage\":\"fr-FR\",\"@id\":\"https:\/\/kapitalis.com\/tunisie\/#\/schema\/logo\/image\/\",\"url\":\"https:\/\/kapitalis.com\/tunisie\/wp-content\/uploads\/2022\/05\/Kapitalis-big-size.png\",\"contentUrl\":\"https:\/\/kapitalis.com\/tunisie\/wp-content\/uploads\/2022\/05\/Kapitalis-big-size.png\",\"width\":5000,\"height\":1500,\"caption\":\"Kapitalis\"},\"image\":{\"@id\":\"https:\/\/kapitalis.com\/tunisie\/#\/schema\/logo\/image\/\"},\"sameAs\":[\"https:\/\/www.facebook.com\/KapitalisInfo\/\",\"https:\/\/x.com\/KapitalisInfo\",\"https:\/\/www.youtube.com\/channel\/UC-yDYrHyfFBWWZaOw3FPg9Q\"]},{\"@type\":\"Person\",\"@id\":\"https:\/\/kapitalis.com\/tunisie\/#\/schema\/person\/b35b8d631961131107263178aeb8019e\",\"name\":\"Cherif Benyounes\",\"url\":\"https:\/\/kapitalis.com\/tunisie\/author\/cherif\/\"}]}<\/script>\n<!-- \/ Yoast SEO plugin. -->","yoast_head_json":{"title":"Tunisie : Au tour de Jendouba d'observer une gr\u00e8ve g\u00e9n\u00e9rale - Kapitalis","robots":{"index":"index","follow":"follow","max-snippet":"max-snippet:-1","max-image-preview":"max-image-preview:large","max-video-preview":"max-video-preview:-1"},"canonical":"https:\/\/kapitalis.com\/tunisie\/2020\/12\/11\/tunisie-au-tour-de-jendouba-dobserver-une-greve-generale\/","og_locale":"fr_FR","og_type":"article","og_title":"Tunisie : Au tour de Jendouba d'observer une gr\u00e8ve g\u00e9n\u00e9rale - Kapitalis","og_description":"Les gr\u00e8ves g\u00e9n\u00e9rales s&rsquo;encha\u00eenent en Tunisie ces derniers temps. Ce vendredi, 11 d\u00e9cembre 2020, c&rsquo;est le gouvernorat de Jendouba qui en observe une, pour protester contre le manque de d\u00e9veloppement dans la r\u00e9gion, ayant notamment conduit d\u00e9c\u00e8s du jeune m\u00e9decin Badredine Aloui.","og_url":"https:\/\/kapitalis.com\/tunisie\/2020\/12\/11\/tunisie-au-tour-de-jendouba-dobserver-une-greve-generale\/","og_site_name":"Kapitalis","article_publisher":"https:\/\/www.facebook.com\/KapitalisInfo\/","article_published_time":"2020-12-11T08:47:08+00:00","article_modified_time":"2020-12-11T08:47:10+00:00","og_image":[{"width":1200,"height":630,"url":"https:\/\/kapitalis.com\/tunisie\/wp-content\/uploads\/2022\/05\/kapitalis-logo-fb.png","type":"image\/png"}],"author":"Cherif Benyounes","twitter_card":"summary_large_image","twitter_creator":"@KapitalisInfo","twitter_site":"@KapitalisInfo","twitter_misc":{"\u00c9crit par":"Cherif Benyounes","Dur\u00e9e de lecture estim\u00e9e":"1 minute"},"schema":{"@context":"https:\/\/schema.org","@graph":[{"@type":"Article","@id":"https:\/\/kapitalis.com\/tunisie\/2020\/12\/11\/tunisie-au-tour-de-jendouba-dobserver-une-greve-generale\/#article","isPartOf":{"@id":"https:\/\/kapitalis.com\/tunisie\/2020\/12\/11\/tunisie-au-tour-de-jendouba-dobserver-une-greve-generale\/"},"author":{"name":"Cherif Benyounes","@id":"https:\/\/kapitalis.com\/tunisie\/#\/schema\/person\/b35b8d631961131107263178aeb8019e"},"headline":"Tunisie : Au tour de Jendouba d&rsquo;observer une gr\u00e8ve g\u00e9n\u00e9rale","datePublished":"2020-12-11T08:47:08+00:00","dateModified":"2020-12-11T08:47:10+00:00","mainEntityOfPage":{"@id":"https:\/\/kapitalis.com\/tunisie\/2020\/12\/11\/tunisie-au-tour-de-jendouba-dobserver-une-greve-generale\/"},"wordCount":158,"commentCount":1,"publisher":{"@id":"https:\/\/kapitalis.com\/tunisie\/#organization"},"image":{"@id":"https:\/\/kapitalis.com\/tunisie\/2020\/12\/11\/tunisie-au-tour-de-jendouba-dobserver-une-greve-generale\/#primaryimage"},"thumbnailUrl":"","keywords":["Badredine Aloui","Jendouba Gr\u00e8ve g\u00e9n\u00e9rale"],"articleSection":["SOCIETE","Tunisie"],"inLanguage":"fr-FR","potentialAction":[{"@type":"CommentAction","name":"Comment","target":["https:\/\/kapitalis.com\/tunisie\/2020\/12\/11\/tunisie-au-tour-de-jendouba-dobserver-une-greve-generale\/#respond"]}]},{"@type":"WebPage","@id":"https:\/\/kapitalis.com\/tunisie\/2020\/12\/11\/tunisie-au-tour-de-jendouba-dobserver-une-greve-generale\/","url":"https:\/\/kapitalis.com\/tunisie\/2020\/12\/11\/tunisie-au-tour-de-jendouba-dobserver-une-greve-generale\/","name":"Tunisie : Au tour de Jendouba d'observer une gr\u00e8ve g\u00e9n\u00e9rale - Kapitalis","isPartOf":{"@id":"https:\/\/kapitalis.com\/tunisie\/#website"},"primaryImageOfPage":{"@id":"https:\/\/kapitalis.com\/tunisie\/2020\/12\/11\/tunisie-au-tour-de-jendouba-dobserver-une-greve-generale\/#primaryimage"},"image":{"@id":"https:\/\/kapitalis.com\/tunisie\/2020\/12\/11\/tunisie-au-tour-de-jendouba-dobserver-une-greve-generale\/#primaryimage"},"thumbnailUrl":"","datePublished":"2020-12-11T08:47:08+00:00","dateModified":"2020-12-11T08:47:10+00:00","breadcrumb":{"@id":"https:\/\/kapitalis.com\/tunisie\/2020\/12\/11\/tunisie-au-tour-de-jendouba-dobserver-une-greve-generale\/#breadcrumb"},"inLanguage":"fr-FR","potentialAction":[{"@type":"ReadAction","target":["https:\/\/kapitalis.com\/tunisie\/2020\/12\/11\/tunisie-au-tour-de-jendouba-dobserver-une-greve-generale\/"]}]},{"@type":"ImageObject","inLanguage":"fr-FR","@id":"https:\/\/kapitalis.com\/tunisie\/2020\/12\/11\/tunisie-au-tour-de-jendouba-dobserver-une-greve-generale\/#primaryimage","url":"","contentUrl":""},{"@type":"BreadcrumbList","@id":"https:\/\/kapitalis.com\/tunisie\/2020\/12\/11\/tunisie-au-tour-de-jendouba-dobserver-une-greve-generale\/#breadcrumb","itemListElement":[{"@type":"ListItem","position":1,"name":"Accueil","item":"https:\/\/kapitalis.com\/tunisie\/"},{"@type":"ListItem","position":2,"name":"Tunisie : Au tour de Jendouba d&rsquo;observer une gr\u00e8ve g\u00e9n\u00e9rale"}]},{"@type":"WebSite","@id":"https:\/\/kapitalis.com\/tunisie\/#website","url":"https:\/\/kapitalis.com\/tunisie\/","name":"Kapitalis","description":"L&#039;actualit\u00e9 en Tunisie et dans le monde","publisher":{"@id":"https:\/\/kapitalis.com\/tunisie\/#organization"},"potentialAction":[{"@type":"SearchAction","target":{"@type":"EntryPoint","urlTemplate":"https:\/\/kapitalis.com\/tunisie\/?s={search_term_string}"},"query-input":{"@type":"PropertyValueSpecification","valueRequired":true,"valueName":"search_term_string"}}],"inLanguage":"fr-FR"},{"@type":"Organization","@id":"https:\/\/kapitalis.com\/tunisie\/#organization","name":"Kapitalis","url":"https:\/\/kapitalis.com\/tunisie\/","logo":{"@type":"ImageObject","inLanguage":"fr-FR","@id":"https:\/\/kapitalis.com\/tunisie\/#\/schema\/logo\/image\/","url":"https:\/\/kapitalis.com\/tunisie\/wp-content\/uploads\/2022\/05\/Kapitalis-big-size.png","contentUrl":"https:\/\/kapitalis.com\/tunisie\/wp-content\/uploads\/2022\/05\/Kapitalis-big-size.png","width":5000,"height":1500,"caption":"Kapitalis"},"image":{"@id":"https:\/\/kapitalis.com\/tunisie\/#\/schema\/logo\/image\/"},"sameAs":["https:\/\/www.facebook.com\/KapitalisInfo\/","https:\/\/x.com\/KapitalisInfo","https:\/\/www.youtube.com\/channel\/UC-yDYrHyfFBWWZaOw3FPg9Q"]},{"@type":"Person","@id":"https:\/\/kapitalis.com\/tunisie\/#\/schema\/person\/b35b8d631961131107263178aeb8019e","name":"Cherif Benyounes","url":"https:\/\/kapitalis.com\/tunisie\/author\/cherif\/"}]}},"_links":{"self":[{"href":"https:\/\/kapitalis.com\/tunisie\/wp-json\/wp\/v2\/posts\/327769","targetHints":{"allow":["GET"]}}],"collection":[{"href":"https:\/\/kapitalis.com\/tunisie\/wp-json\/wp\/v2\/posts"}],"about":[{"href":"https:\/\/kapitalis.com\/tunisie\/wp-json\/wp\/v2\/types\/post"}],"author":[{"embeddable":true,"href":"https:\/\/kapitalis.com\/tunisie\/wp-json\/wp\/v2\/users\/24"}],"replies":[{"embeddable":true,"href":"https:\/\/kapitalis.com\/tunisie\/wp-json\/wp\/v2\/comments?post=327769"}],"version-history":[{"count":0,"href":"https:\/\/kapitalis.com\/tunisie\/wp-json\/wp\/v2\/posts\/327769\/revisions"}],"wp:featuredmedia":[{"embeddable":true,"href":"https:\/\/kapitalis.com\/tunisie\/wp-json\/wp\/v2\/media\/327776"}],"wp:attachment":[{"href":"https:\/\/kapitalis.com\/tunisie\/wp-json\/wp\/v2\/media?parent=327769"}],"wp:term":[{"taxonomy":"category","embeddable":true,"href":"https:\/\/kapitalis.com\/tunisie\/wp-json\/wp\/v2\/categories?post=327769"},{"taxonomy":"post_tag","embeddable":true,"href":"https:\/\/kapitalis.com\/tunisie\/wp-json\/wp\/v2\/tags?post=327769"}],"curies":[{"name":"wp","href":"https:\/\/api.w.org\/{rel}","templated":true}]}}