{"id":327958,"date":"2020-12-12T22:06:17","date_gmt":"2020-12-12T21:06:17","guid":{"rendered":"http:\/\/kapitalis.com\/tunisie\/?p=327958"},"modified":"2020-12-13T21:55:01","modified_gmt":"2020-12-13T20:55:01","slug":"pr-mohamed-gharbi-elu-membre-associe-a-lacademie-veterinaire-de-france","status":"publish","type":"post","link":"https:\/\/kapitalis.com\/tunisie\/2020\/12\/12\/pr-mohamed-gharbi-elu-membre-associe-a-lacademie-veterinaire-de-france\/","title":{"rendered":"Pr Mohamed Gharbi \u00e9lu membre associ\u00e9 \u00e0 l&rsquo;Acad\u00e9mie v\u00e9t\u00e9rinaire de France"},"content":{"rendered":"\n<figure class=\"wp-block-image size-large\"><img decoding=\"async\" src=\"http:\/\/kapitalis.com\/tunisie\/wp-content\/uploads\/2020\/12\/Pr-Mohamed-Gharbi.jpg\" alt=\"\" class=\"wp-image-327964\"\/><\/figure>\n\n\n\n<p><strong><em>\u00abAvec beaucoup de fiert\u00e9, nous annon\u00e7ons que l&rsquo;honorable Professeur Mohamed Gharbi a \u00e9t\u00e9 \u00e9lu \u00e0 l&rsquo;unanimit\u00e9 en tant que membre associ\u00e9 \u00e0 l&rsquo;Acad\u00e9mie v\u00e9t\u00e9rinaire de France\u00bb, annonce ce samedi 12 d\u00e9cembre 2020, l&rsquo;\u00c9cole nationale de m\u00e9decine v\u00e9t\u00e9rinaire de Sidi Thabet (ENMV Tunisie)<\/em><\/strong><\/p>\n\n\n\n<!--more-->\n\n\n\n<p>L&rsquo;ENMV qui a f\u00e9licit\u00e9 le professeur a rappel\u00e9, \u00e0 l&rsquo;occasion son parcours, en pr\u00e9cisant que Mohamed Gharbi, laur\u00e9at de la 5e ann\u00e9e, de l\u2019\u00c9cole de Sidi Thabet (1995), est depuis d\u00e9cembre 2010, ma\u00eetre de conf\u00e9rences hospitalo-universitaire en parasitologie, maladies parasitaires et zoologie appliqu\u00e9es \u00e0 l\u2019\u00c9cole nationale de M\u00e9decine v\u00e9t\u00e9rinaire de Sidi Thabet, et Professeur hospitalo-universitaire en parasitologie v\u00e9t\u00e9rinaire, depuis 2017.<\/p>\n\n\n\n<p>Mohamed Gharbi, qui a d\u00e9croch\u00e9 un dipl\u00f4me d&rsquo;\u00e9tudes approfondies en biologie mol\u00e9culaire des micro-organisme en 1997, \u00e0 la Facult\u00e9 des sciences de Tunis est \u00e9galement m\u00e9decin v\u00e9t\u00e9rinaire sp\u00e9cialiste en microbiologie (2002), docteur de l&rsquo;Institut Polytechnique de Toulouse (2006) et membre du comit\u00e9 \u00e9ditorial de Preventive Veterinary Medicine (Ed. Elsevier) et de Veterinary Medicine and Science (Ed. Wiley)<\/p>\n\n\n\n<p>Apr\u00e8s plus de 120 articles internationaux publi\u00e9s, Pr Gharbi a \u00e9galement publi\u00e9 5 livres : \u00ab\u00a0<em>Mes conseils pour publier un article scientifique<\/em>\u00ab\u00a0, <em>\u00ab\u00a0Mes conseils pour mieux utiliser Mendeley<\/em>\u00ab\u00a0, \u00ab\u00a0A<em>ide-m\u00e9moire de parasitologie v\u00e9t\u00e9rinaire\u00a0\u00bb<\/em>, \u00ab\u00a0<em>Les strongyloses digestives des petits ruminants\u00a0\u00bb<\/em> et \u00ab\u00a0<em>Mes conseils pour r\u00e9ussir sa carri\u00e8re scientifique\u00a0\u00bb.<\/em><\/p>\n\n\n\n<p>Ce dernier livre a d&rsquo;ailleurs \u00e9t\u00e9 prim\u00e9 par l\u2019Acad\u00e9mie v\u00e9t\u00e9rinaire de France, pour sa qualit\u00e9 et son int\u00e9r\u00eat pour les confr\u00e8res v\u00e9t\u00e9rinaires, avait annonc\u00e9 la Direction g\u00e9n\u00e9rale des services v\u00e9t\u00e9rinaires, le 26 novembre dernier, en f\u00e9licitant le Pr tunisien <em>\u00abpour ses performances et son engagement<\/em>\u00bb.<\/p>\n\n\n\n<p>Notons que l&rsquo;Acad\u00e9mie v\u00e9t\u00e9rinaire de France a pour but d&rsquo;\u00e9tudier tous les sujets relatifs aux domaines scientifiques, techniques, juridiques, historiques et \u00e9thiques o\u00f9 s&rsquo;exercent les comp\u00e9tences du v\u00e9t\u00e9rinaire, de contribuer \u00e0 la diffusion des progr\u00e8s des sciences et au perfectionnement des techniques, de conseiller et de d\u00e9velopper les relations techniques et scientifiques, nationales ou internationales entre les v\u00e9t\u00e9rinaires et les autres acteurs des sciences de la vie et de la sant\u00e9.<\/p>\n\n\n\n<p class=\"has-text-align-right\"><strong>Y. N.<\/strong><\/p>\n","protected":false},"excerpt":{"rendered":"<p>\u00abAvec beaucoup de fiert\u00e9, nous annon\u00e7ons que l&rsquo;honorable Professeur Mohamed Gharbi a \u00e9t\u00e9 \u00e9lu \u00e0 l&rsquo;unanimit\u00e9 en tant que membre associ\u00e9 \u00e0 l&rsquo;Acad\u00e9mie v\u00e9t\u00e9rinaire de France\u00bb, annonce ce samedi 12 d\u00e9cembre 2020, l&rsquo;\u00c9cole nationale de m\u00e9decine v\u00e9t\u00e9rinaire de Sidi Thabet (ENMV Tunisie)<\/p>\n","protected":false},"author":6,"featured_media":327964,"comment_status":"open","ping_status":"open","sticky":false,"template":"","format":"standard","meta":{"footnotes":""},"categories":[998,2433],"tags":[85603,85604,85606,85605,85602,829,62643],"class_list":["post-327958","post","type-post","status-publish","format-standard","has-post-thumbnail","hentry","category-societe","category-tunisie","tag-academie-veterinaire-france","tag-ecole-nationale","tag-enmv","tag-medecine-veterinaire","tag-mohamed-gharbi","tag-sidi-thabet","tag-tunisie"],"yoast_head":"<!-- This site is optimized with the Yoast SEO plugin v26.6 - https:\/\/yoast.com\/wordpress\/plugins\/seo\/ -->\n<title>Pr Mohamed Gharbi \u00e9lu membre associ\u00e9 \u00e0 l&#039;Acad\u00e9mie v\u00e9t\u00e9rinaire de France - Kapitalis<\/title>\n<meta name=\"robots\" content=\"index, follow, max-snippet:-1, max-image-preview:large, max-video-preview:-1\" \/>\n<link rel=\"canonical\" href=\"https:\/\/kapitalis.com\/tunisie\/2020\/12\/12\/pr-mohamed-gharbi-elu-membre-associe-a-lacademie-veterinaire-de-france\/\" \/>\n<meta property=\"og:locale\" content=\"fr_FR\" \/>\n<meta property=\"og:type\" content=\"article\" \/>\n<meta property=\"og:title\" content=\"Pr Mohamed Gharbi \u00e9lu membre associ\u00e9 \u00e0 l&#039;Acad\u00e9mie v\u00e9t\u00e9rinaire de France - Kapitalis\" \/>\n<meta property=\"og:description\" content=\"\u00abAvec beaucoup de fiert\u00e9, nous annon\u00e7ons que l&rsquo;honorable Professeur Mohamed Gharbi a \u00e9t\u00e9 \u00e9lu \u00e0 l&rsquo;unanimit\u00e9 en tant que membre associ\u00e9 \u00e0 l&rsquo;Acad\u00e9mie v\u00e9t\u00e9rinaire de France\u00bb, annonce ce samedi 12 d\u00e9cembre 2020, l&rsquo;\u00c9cole nationale de m\u00e9decine v\u00e9t\u00e9rinaire de Sidi Thabet (ENMV Tunisie)\" \/>\n<meta property=\"og:url\" content=\"https:\/\/kapitalis.com\/tunisie\/2020\/12\/12\/pr-mohamed-gharbi-elu-membre-associe-a-lacademie-veterinaire-de-france\/\" \/>\n<meta property=\"og:site_name\" content=\"Kapitalis\" \/>\n<meta property=\"article:publisher\" content=\"https:\/\/www.facebook.com\/KapitalisInfo\/\" \/>\n<meta property=\"article:published_time\" content=\"2020-12-12T21:06:17+00:00\" \/>\n<meta property=\"article:modified_time\" content=\"2020-12-13T20:55:01+00:00\" \/>\n<meta property=\"og:image\" content=\"https:\/\/kapitalis.com\/tunisie\/wp-content\/uploads\/2022\/05\/kapitalis-logo-fb.png\" \/>\n\t<meta property=\"og:image:width\" content=\"1200\" \/>\n\t<meta property=\"og:image:height\" content=\"630\" \/>\n\t<meta property=\"og:image:type\" content=\"image\/png\" \/>\n<meta name=\"author\" content=\"Yusra NY\" \/>\n<meta name=\"twitter:card\" content=\"summary_large_image\" \/>\n<meta name=\"twitter:creator\" content=\"@KapitalisInfo\" \/>\n<meta name=\"twitter:site\" content=\"@KapitalisInfo\" \/>\n<meta name=\"twitter:label1\" content=\"\u00c9crit par\" \/>\n\t<meta name=\"twitter:data1\" content=\"Yusra NY\" \/>\n\t<meta name=\"twitter:label2\" content=\"Dur\u00e9e de lecture estim\u00e9e\" \/>\n\t<meta name=\"twitter:data2\" content=\"2 minutes\" \/>\n<script type=\"application\/ld+json\" class=\"yoast-schema-graph\">{\"@context\":\"https:\/\/schema.org\",\"@graph\":[{\"@type\":\"Article\",\"@id\":\"https:\/\/kapitalis.com\/tunisie\/2020\/12\/12\/pr-mohamed-gharbi-elu-membre-associe-a-lacademie-veterinaire-de-france\/#article\",\"isPartOf\":{\"@id\":\"https:\/\/kapitalis.com\/tunisie\/2020\/12\/12\/pr-mohamed-gharbi-elu-membre-associe-a-lacademie-veterinaire-de-france\/\"},\"author\":{\"name\":\"Yusra NY\",\"@id\":\"https:\/\/kapitalis.com\/tunisie\/#\/schema\/person\/74bbde0154d49d790a92aaeac5bc01d5\"},\"headline\":\"Pr Mohamed Gharbi \u00e9lu membre associ\u00e9 \u00e0 l&rsquo;Acad\u00e9mie v\u00e9t\u00e9rinaire de France\",\"datePublished\":\"2020-12-12T21:06:17+00:00\",\"dateModified\":\"2020-12-13T20:55:01+00:00\",\"mainEntityOfPage\":{\"@id\":\"https:\/\/kapitalis.com\/tunisie\/2020\/12\/12\/pr-mohamed-gharbi-elu-membre-associe-a-lacademie-veterinaire-de-france\/\"},\"wordCount\":382,\"commentCount\":2,\"publisher\":{\"@id\":\"https:\/\/kapitalis.com\/tunisie\/#organization\"},\"image\":{\"@id\":\"https:\/\/kapitalis.com\/tunisie\/2020\/12\/12\/pr-mohamed-gharbi-elu-membre-associe-a-lacademie-veterinaire-de-france\/#primaryimage\"},\"thumbnailUrl\":\"\",\"keywords\":[\"Acad\u00e9mie v\u00e9t\u00e9rinaire France\",\"\u00c9cole nationale\",\"ENMV\",\"m\u00e9decine v\u00e9t\u00e9rinaire\",\"Mohamed Gharbi\",\"Sidi Thabet\",\"Tunisie\"],\"articleSection\":[\"SOCIETE\",\"Tunisie\"],\"inLanguage\":\"fr-FR\",\"potentialAction\":[{\"@type\":\"CommentAction\",\"name\":\"Comment\",\"target\":[\"https:\/\/kapitalis.com\/tunisie\/2020\/12\/12\/pr-mohamed-gharbi-elu-membre-associe-a-lacademie-veterinaire-de-france\/#respond\"]}]},{\"@type\":\"WebPage\",\"@id\":\"https:\/\/kapitalis.com\/tunisie\/2020\/12\/12\/pr-mohamed-gharbi-elu-membre-associe-a-lacademie-veterinaire-de-france\/\",\"url\":\"https:\/\/kapitalis.com\/tunisie\/2020\/12\/12\/pr-mohamed-gharbi-elu-membre-associe-a-lacademie-veterinaire-de-france\/\",\"name\":\"Pr Mohamed Gharbi \u00e9lu membre associ\u00e9 \u00e0 l'Acad\u00e9mie v\u00e9t\u00e9rinaire de France - Kapitalis\",\"isPartOf\":{\"@id\":\"https:\/\/kapitalis.com\/tunisie\/#website\"},\"primaryImageOfPage\":{\"@id\":\"https:\/\/kapitalis.com\/tunisie\/2020\/12\/12\/pr-mohamed-gharbi-elu-membre-associe-a-lacademie-veterinaire-de-france\/#primaryimage\"},\"image\":{\"@id\":\"https:\/\/kapitalis.com\/tunisie\/2020\/12\/12\/pr-mohamed-gharbi-elu-membre-associe-a-lacademie-veterinaire-de-france\/#primaryimage\"},\"thumbnailUrl\":\"\",\"datePublished\":\"2020-12-12T21:06:17+00:00\",\"dateModified\":\"2020-12-13T20:55:01+00:00\",\"breadcrumb\":{\"@id\":\"https:\/\/kapitalis.com\/tunisie\/2020\/12\/12\/pr-mohamed-gharbi-elu-membre-associe-a-lacademie-veterinaire-de-france\/#breadcrumb\"},\"inLanguage\":\"fr-FR\",\"potentialAction\":[{\"@type\":\"ReadAction\",\"target\":[\"https:\/\/kapitalis.com\/tunisie\/2020\/12\/12\/pr-mohamed-gharbi-elu-membre-associe-a-lacademie-veterinaire-de-france\/\"]}]},{\"@type\":\"ImageObject\",\"inLanguage\":\"fr-FR\",\"@id\":\"https:\/\/kapitalis.com\/tunisie\/2020\/12\/12\/pr-mohamed-gharbi-elu-membre-associe-a-lacademie-veterinaire-de-france\/#primaryimage\",\"url\":\"\",\"contentUrl\":\"\"},{\"@type\":\"BreadcrumbList\",\"@id\":\"https:\/\/kapitalis.com\/tunisie\/2020\/12\/12\/pr-mohamed-gharbi-elu-membre-associe-a-lacademie-veterinaire-de-france\/#breadcrumb\",\"itemListElement\":[{\"@type\":\"ListItem\",\"position\":1,\"name\":\"Accueil\",\"item\":\"https:\/\/kapitalis.com\/tunisie\/\"},{\"@type\":\"ListItem\",\"position\":2,\"name\":\"Pr Mohamed Gharbi \u00e9lu membre associ\u00e9 \u00e0 l&rsquo;Acad\u00e9mie v\u00e9t\u00e9rinaire de France\"}]},{\"@type\":\"WebSite\",\"@id\":\"https:\/\/kapitalis.com\/tunisie\/#website\",\"url\":\"https:\/\/kapitalis.com\/tunisie\/\",\"name\":\"Kapitalis\",\"description\":\"L&#039;actualit\u00e9 en Tunisie et dans le monde\",\"publisher\":{\"@id\":\"https:\/\/kapitalis.com\/tunisie\/#organization\"},\"potentialAction\":[{\"@type\":\"SearchAction\",\"target\":{\"@type\":\"EntryPoint\",\"urlTemplate\":\"https:\/\/kapitalis.com\/tunisie\/?s={search_term_string}\"},\"query-input\":{\"@type\":\"PropertyValueSpecification\",\"valueRequired\":true,\"valueName\":\"search_term_string\"}}],\"inLanguage\":\"fr-FR\"},{\"@type\":\"Organization\",\"@id\":\"https:\/\/kapitalis.com\/tunisie\/#organization\",\"name\":\"Kapitalis\",\"url\":\"https:\/\/kapitalis.com\/tunisie\/\",\"logo\":{\"@type\":\"ImageObject\",\"inLanguage\":\"fr-FR\",\"@id\":\"https:\/\/kapitalis.com\/tunisie\/#\/schema\/logo\/image\/\",\"url\":\"https:\/\/kapitalis.com\/tunisie\/wp-content\/uploads\/2022\/05\/Kapitalis-big-size.png\",\"contentUrl\":\"https:\/\/kapitalis.com\/tunisie\/wp-content\/uploads\/2022\/05\/Kapitalis-big-size.png\",\"width\":5000,\"height\":1500,\"caption\":\"Kapitalis\"},\"image\":{\"@id\":\"https:\/\/kapitalis.com\/tunisie\/#\/schema\/logo\/image\/\"},\"sameAs\":[\"https:\/\/www.facebook.com\/KapitalisInfo\/\",\"https:\/\/x.com\/KapitalisInfo\",\"https:\/\/www.youtube.com\/channel\/UC-yDYrHyfFBWWZaOw3FPg9Q\"]},{\"@type\":\"Person\",\"@id\":\"https:\/\/kapitalis.com\/tunisie\/#\/schema\/person\/74bbde0154d49d790a92aaeac5bc01d5\",\"name\":\"Yusra NY\",\"url\":\"https:\/\/kapitalis.com\/tunisie\/author\/yuza_adam\/\"}]}<\/script>\n<!-- \/ Yoast SEO plugin. -->","yoast_head_json":{"title":"Pr Mohamed Gharbi \u00e9lu membre associ\u00e9 \u00e0 l'Acad\u00e9mie v\u00e9t\u00e9rinaire de France - Kapitalis","robots":{"index":"index","follow":"follow","max-snippet":"max-snippet:-1","max-image-preview":"max-image-preview:large","max-video-preview":"max-video-preview:-1"},"canonical":"https:\/\/kapitalis.com\/tunisie\/2020\/12\/12\/pr-mohamed-gharbi-elu-membre-associe-a-lacademie-veterinaire-de-france\/","og_locale":"fr_FR","og_type":"article","og_title":"Pr Mohamed Gharbi \u00e9lu membre associ\u00e9 \u00e0 l'Acad\u00e9mie v\u00e9t\u00e9rinaire de France - Kapitalis","og_description":"\u00abAvec beaucoup de fiert\u00e9, nous annon\u00e7ons que l&rsquo;honorable Professeur Mohamed Gharbi a \u00e9t\u00e9 \u00e9lu \u00e0 l&rsquo;unanimit\u00e9 en tant que membre associ\u00e9 \u00e0 l&rsquo;Acad\u00e9mie v\u00e9t\u00e9rinaire de France\u00bb, annonce ce samedi 12 d\u00e9cembre 2020, l&rsquo;\u00c9cole nationale de m\u00e9decine v\u00e9t\u00e9rinaire de Sidi Thabet (ENMV Tunisie)","og_url":"https:\/\/kapitalis.com\/tunisie\/2020\/12\/12\/pr-mohamed-gharbi-elu-membre-associe-a-lacademie-veterinaire-de-france\/","og_site_name":"Kapitalis","article_publisher":"https:\/\/www.facebook.com\/KapitalisInfo\/","article_published_time":"2020-12-12T21:06:17+00:00","article_modified_time":"2020-12-13T20:55:01+00:00","og_image":[{"width":1200,"height":630,"url":"https:\/\/kapitalis.com\/tunisie\/wp-content\/uploads\/2022\/05\/kapitalis-logo-fb.png","type":"image\/png"}],"author":"Yusra NY","twitter_card":"summary_large_image","twitter_creator":"@KapitalisInfo","twitter_site":"@KapitalisInfo","twitter_misc":{"\u00c9crit par":"Yusra NY","Dur\u00e9e de lecture estim\u00e9e":"2 minutes"},"schema":{"@context":"https:\/\/schema.org","@graph":[{"@type":"Article","@id":"https:\/\/kapitalis.com\/tunisie\/2020\/12\/12\/pr-mohamed-gharbi-elu-membre-associe-a-lacademie-veterinaire-de-france\/#article","isPartOf":{"@id":"https:\/\/kapitalis.com\/tunisie\/2020\/12\/12\/pr-mohamed-gharbi-elu-membre-associe-a-lacademie-veterinaire-de-france\/"},"author":{"name":"Yusra NY","@id":"https:\/\/kapitalis.com\/tunisie\/#\/schema\/person\/74bbde0154d49d790a92aaeac5bc01d5"},"headline":"Pr Mohamed Gharbi \u00e9lu membre associ\u00e9 \u00e0 l&rsquo;Acad\u00e9mie v\u00e9t\u00e9rinaire de France","datePublished":"2020-12-12T21:06:17+00:00","dateModified":"2020-12-13T20:55:01+00:00","mainEntityOfPage":{"@id":"https:\/\/kapitalis.com\/tunisie\/2020\/12\/12\/pr-mohamed-gharbi-elu-membre-associe-a-lacademie-veterinaire-de-france\/"},"wordCount":382,"commentCount":2,"publisher":{"@id":"https:\/\/kapitalis.com\/tunisie\/#organization"},"image":{"@id":"https:\/\/kapitalis.com\/tunisie\/2020\/12\/12\/pr-mohamed-gharbi-elu-membre-associe-a-lacademie-veterinaire-de-france\/#primaryimage"},"thumbnailUrl":"","keywords":["Acad\u00e9mie v\u00e9t\u00e9rinaire France","\u00c9cole nationale","ENMV","m\u00e9decine v\u00e9t\u00e9rinaire","Mohamed Gharbi","Sidi Thabet","Tunisie"],"articleSection":["SOCIETE","Tunisie"],"inLanguage":"fr-FR","potentialAction":[{"@type":"CommentAction","name":"Comment","target":["https:\/\/kapitalis.com\/tunisie\/2020\/12\/12\/pr-mohamed-gharbi-elu-membre-associe-a-lacademie-veterinaire-de-france\/#respond"]}]},{"@type":"WebPage","@id":"https:\/\/kapitalis.com\/tunisie\/2020\/12\/12\/pr-mohamed-gharbi-elu-membre-associe-a-lacademie-veterinaire-de-france\/","url":"https:\/\/kapitalis.com\/tunisie\/2020\/12\/12\/pr-mohamed-gharbi-elu-membre-associe-a-lacademie-veterinaire-de-france\/","name":"Pr Mohamed Gharbi \u00e9lu membre associ\u00e9 \u00e0 l'Acad\u00e9mie v\u00e9t\u00e9rinaire de France - Kapitalis","isPartOf":{"@id":"https:\/\/kapitalis.com\/tunisie\/#website"},"primaryImageOfPage":{"@id":"https:\/\/kapitalis.com\/tunisie\/2020\/12\/12\/pr-mohamed-gharbi-elu-membre-associe-a-lacademie-veterinaire-de-france\/#primaryimage"},"image":{"@id":"https:\/\/kapitalis.com\/tunisie\/2020\/12\/12\/pr-mohamed-gharbi-elu-membre-associe-a-lacademie-veterinaire-de-france\/#primaryimage"},"thumbnailUrl":"","datePublished":"2020-12-12T21:06:17+00:00","dateModified":"2020-12-13T20:55:01+00:00","breadcrumb":{"@id":"https:\/\/kapitalis.com\/tunisie\/2020\/12\/12\/pr-mohamed-gharbi-elu-membre-associe-a-lacademie-veterinaire-de-france\/#breadcrumb"},"inLanguage":"fr-FR","potentialAction":[{"@type":"ReadAction","target":["https:\/\/kapitalis.com\/tunisie\/2020\/12\/12\/pr-mohamed-gharbi-elu-membre-associe-a-lacademie-veterinaire-de-france\/"]}]},{"@type":"ImageObject","inLanguage":"fr-FR","@id":"https:\/\/kapitalis.com\/tunisie\/2020\/12\/12\/pr-mohamed-gharbi-elu-membre-associe-a-lacademie-veterinaire-de-france\/#primaryimage","url":"","contentUrl":""},{"@type":"BreadcrumbList","@id":"https:\/\/kapitalis.com\/tunisie\/2020\/12\/12\/pr-mohamed-gharbi-elu-membre-associe-a-lacademie-veterinaire-de-france\/#breadcrumb","itemListElement":[{"@type":"ListItem","position":1,"name":"Accueil","item":"https:\/\/kapitalis.com\/tunisie\/"},{"@type":"ListItem","position":2,"name":"Pr Mohamed Gharbi \u00e9lu membre associ\u00e9 \u00e0 l&rsquo;Acad\u00e9mie v\u00e9t\u00e9rinaire de France"}]},{"@type":"WebSite","@id":"https:\/\/kapitalis.com\/tunisie\/#website","url":"https:\/\/kapitalis.com\/tunisie\/","name":"Kapitalis","description":"L&#039;actualit\u00e9 en Tunisie et dans le monde","publisher":{"@id":"https:\/\/kapitalis.com\/tunisie\/#organization"},"potentialAction":[{"@type":"SearchAction","target":{"@type":"EntryPoint","urlTemplate":"https:\/\/kapitalis.com\/tunisie\/?s={search_term_string}"},"query-input":{"@type":"PropertyValueSpecification","valueRequired":true,"valueName":"search_term_string"}}],"inLanguage":"fr-FR"},{"@type":"Organization","@id":"https:\/\/kapitalis.com\/tunisie\/#organization","name":"Kapitalis","url":"https:\/\/kapitalis.com\/tunisie\/","logo":{"@type":"ImageObject","inLanguage":"fr-FR","@id":"https:\/\/kapitalis.com\/tunisie\/#\/schema\/logo\/image\/","url":"https:\/\/kapitalis.com\/tunisie\/wp-content\/uploads\/2022\/05\/Kapitalis-big-size.png","contentUrl":"https:\/\/kapitalis.com\/tunisie\/wp-content\/uploads\/2022\/05\/Kapitalis-big-size.png","width":5000,"height":1500,"caption":"Kapitalis"},"image":{"@id":"https:\/\/kapitalis.com\/tunisie\/#\/schema\/logo\/image\/"},"sameAs":["https:\/\/www.facebook.com\/KapitalisInfo\/","https:\/\/x.com\/KapitalisInfo","https:\/\/www.youtube.com\/channel\/UC-yDYrHyfFBWWZaOw3FPg9Q"]},{"@type":"Person","@id":"https:\/\/kapitalis.com\/tunisie\/#\/schema\/person\/74bbde0154d49d790a92aaeac5bc01d5","name":"Yusra NY","url":"https:\/\/kapitalis.com\/tunisie\/author\/yuza_adam\/"}]}},"_links":{"self":[{"href":"https:\/\/kapitalis.com\/tunisie\/wp-json\/wp\/v2\/posts\/327958","targetHints":{"allow":["GET"]}}],"collection":[{"href":"https:\/\/kapitalis.com\/tunisie\/wp-json\/wp\/v2\/posts"}],"about":[{"href":"https:\/\/kapitalis.com\/tunisie\/wp-json\/wp\/v2\/types\/post"}],"author":[{"embeddable":true,"href":"https:\/\/kapitalis.com\/tunisie\/wp-json\/wp\/v2\/users\/6"}],"replies":[{"embeddable":true,"href":"https:\/\/kapitalis.com\/tunisie\/wp-json\/wp\/v2\/comments?post=327958"}],"version-history":[{"count":0,"href":"https:\/\/kapitalis.com\/tunisie\/wp-json\/wp\/v2\/posts\/327958\/revisions"}],"wp:featuredmedia":[{"embeddable":true,"href":"https:\/\/kapitalis.com\/tunisie\/wp-json\/wp\/v2\/media\/327964"}],"wp:attachment":[{"href":"https:\/\/kapitalis.com\/tunisie\/wp-json\/wp\/v2\/media?parent=327958"}],"wp:term":[{"taxonomy":"category","embeddable":true,"href":"https:\/\/kapitalis.com\/tunisie\/wp-json\/wp\/v2\/categories?post=327958"},{"taxonomy":"post_tag","embeddable":true,"href":"https:\/\/kapitalis.com\/tunisie\/wp-json\/wp\/v2\/tags?post=327958"}],"curies":[{"name":"wp","href":"https:\/\/api.w.org\/{rel}","templated":true}]}}