{"id":328057,"date":"2020-12-14T11:33:58","date_gmt":"2020-12-14T10:33:58","guid":{"rendered":"http:\/\/kapitalis.com\/tunisie\/?p=328057"},"modified":"2020-12-14T11:39:39","modified_gmt":"2020-12-14T10:39:39","slug":"olfa-marouani-une-graine-de-leader-politique","status":"publish","type":"post","link":"https:\/\/kapitalis.com\/tunisie\/2020\/12\/14\/olfa-marouani-une-graine-de-leader-politique\/","title":{"rendered":"Olfa Marouani, une graine de leader politique"},"content":{"rendered":"\n<figure class=\"wp-block-image size-large\"><img decoding=\"async\" src=\"http:\/\/kapitalis.com\/tunisie\/wp-content\/uploads\/2020\/12\/Olfa-Marouani.jpg\" alt=\"\" class=\"wp-image-328061\"\/><\/figure>\n\n\n\n<p><strong><em>Portrait d\u2019Olfa Marouani, une jeune conseill\u00e8re municipale, travailleuse, battante et d\u00e9vou\u00e9e \u00e0 sa commune, qui a r\u00e9ussi \u00e0 s\u2019attirer le respect de ses coll\u00e8gues et \u00e0 gagner la confiance de ses administr\u00e9s. C\u2019est avec ces jeunes pousses que la jeune d\u00e9mocratie tunisienne saura triompher des obstacles et des pesanteurs de toutes sortes.<\/em><\/strong><\/p>\n\n\n\n<p>Par <strong>Kamel Eddine Ben Henia<\/strong> *<\/p>\n\n\n\n<!--more-->\n\n\n\n<div class=\"wp-block-image\"><figure class=\"alignleft size-large\"><img decoding=\"async\" src=\"http:\/\/kapitalis.com\/tunisie\/wp-content\/uploads\/2018\/12\/Kamel-Eddine-Ben-Henia.jpg\" alt=\"\" class=\"wp-image-190428\"\/><\/figure><\/div>\n\n\n\n<p>L\u2019heure de la rel\u00e8ve a sonn\u00e9 en Tunisie. C\u2019est pourquoi il faut tirer de l\u2019anonymat certaines personnes parmi les jeunes, femmes et hommes, pour essayer de reconstituer une future classe politique qui nous change de celle existant actuellement, issue d\u2019une \u00e9lite inconsistante et qui a d\u00e9j\u00e0 largement prouv\u00e9 son incomp\u00e9tence. Pour cela, nous devons commencer par mettre en lumi\u00e8re les comp\u00e9tences f\u00e9minines, souvent confin\u00e9es dans un r\u00f4le d\u2018ex\u00e9cution, ce qui emp\u00eache l\u2019\u00e9mergence de nouveaux espoirs, par des pr\u00e9jug\u00e9s sexistes qui dominent encore les esprits.<\/p>\n\n\n\n<h3 class=\"wp-block-heading\">Au-del\u00e0 d\u2019une parit\u00e9 formelle ou purement symbolique<\/h3>\n\n\n\n<p>La femme est l\u2019\u00e9gale de l\u2019homme et la Tunisienne est une citoyenne \u00e0 part enti\u00e8re; elle vit et agit dans une Tunisie libre et participe au d\u00e9veloppement \u00e9conomique, social et culturel de la nation, qu\u2019elle fait profiter de son intelligence, se sa probit\u00e9 et de sa capacit\u00e9 \u00e0 relever les d\u00e9fis du progr\u00e8s. C\u2019est dans ce nouveau contexte que la question f\u00e9minine doit \u00eatre d\u00e9sormais pos\u00e9e, car la Tunisienne ne peut pas rester \u00e9ternellement confin\u00e9e dans des r\u00f4les subalternes. Elle veut aussi avoir le pouvoir, \u00e0 tous les niveaux de responsabilit\u00e9, et pas seulement au nom d\u2019une parit\u00e9 formelle ou purement symbolique. Elle veut \u00eatre reconnue pour elle-m\u00eame et pour ses capacit\u00e9s \u00e0 r\u00e9pondre aux exigences de ses compatriotes.<\/p>\n\n\n\n<p>C\u2019est ainsi qu\u2019une \u00e9lite f\u00e9minine tunisienne s\u2019est constitu\u00e9e, et s\u2019est install\u00e9e solidement et d\u00e9finitivement dans la vie publique. Et elle revendique le droit d\u2019acc\u00e8s \u00e0 tout ce que l\u2019homme consid\u00e8re comme un pr\u00e9 carr\u00e9, o\u00f9 l\u2019\u00e9galit\u00e9 n\u2019a pas cours, alors que la loi pr\u00e9voit une \u00e9galit\u00e9 entre les hommes et les femmes surtout dans l\u2019espace public.<\/p>\n\n\n\n<p>Parmi les femmes qui ont brill\u00e9 r\u00e9cemment par leur engagement et leur d\u00e9vouement \u00e0 l\u2019int\u00e9r\u00eat g\u00e9n\u00e9ral, et qui sont rest\u00e9es anonymes et m\u00e9connues, alors qu\u2019elles m\u00e9ritent toute notre attention, ne fut-ce que pour les inciter \u00e0 aller encore de l\u2019avant sur la voie qu\u2019elles se sont trac\u00e9e, je voudrai parler dans cet article d\u2019une conseill\u00e8re municipale \u00e0 la mairie de Ben Arous, qui a d\u00e9fray\u00e9 la chronique durant la premi\u00e8re ann\u00e9e de sa prise de fonction, et a \u00e9t\u00e9 combattue pour son ind\u00e9pendance et son insoumission.<\/p>\n\n\n\n<h3 class=\"wp-block-heading\">Un long combat pour la reconnaissance<\/h3>\n\n\n\n<p>Olfa Marouani, puisque c\u2019est d\u2019elle qu\u2019il s\u2019agit, est enseignante de son \u00e9tat, ind\u00e9pendante, par principe de citoyennet\u00e9, mais tr\u00e8s attach\u00e9e au partage des comp\u00e9tences au niveau de la gestion de la commune.<\/p>\n\n\n\n<p>Cette femme a fait face \u00e0 tout ce qu\u2019on peut imaginer comme pressions, visant \u00e0 la faire fl\u00e9chir, dans une indiff\u00e9rence totale de ceux qui devaient s\u2019aligner sur les principes qu\u2019elle cultive et s\u2019opposer farouchement, comme elle, \u00e0 toute atteinte \u00e0 l\u2019int\u00e9r\u00eat g\u00e9n\u00e9ral et au bien collectif. Face \u00e0 tant d\u2019adversit\u00e9, on imagine le d\u00e9sarroi de cette jeune femme qui venait juste de mettre un pied dans la vie publique, mais on mesure aussi sa d\u00e9termination et son refus d\u2019abdiquer, la riposte \u00e9tant souvent son mot d\u2019ordre et la volont\u00e9 de se battre son principal moteur.<\/p>\n\n\n\n<figure class=\"wp-block-gallery columns-2 is-cropped wp-block-gallery-1 is-layout-flex wp-block-gallery-is-layout-flex\"><ul class=\"blocks-gallery-grid\"><li class=\"blocks-gallery-item\"><figure><img decoding=\"async\" src=\"http:\/\/kapitalis.com\/tunisie\/wp-content\/uploads\/2020\/12\/Olfa-Marouani-3.jpg\" alt=\"\" data-id=\"328062\" data-full-url=\"http:\/\/kapitalis.com\/tunisie\/wp-content\/uploads\/2020\/12\/Olfa-Marouani-3.jpg\" data-link=\"http:\/\/kapitalis.com\/tunisie\/?attachment_id=328062\" class=\"wp-image-328062\"\/><\/figure><\/li><li class=\"blocks-gallery-item\"><figure><img decoding=\"async\" src=\"http:\/\/kapitalis.com\/tunisie\/wp-content\/uploads\/2020\/12\/Olfa-Marouani-a-gauche-1.jpg\" alt=\"\" data-id=\"328065\" data-full-url=\"http:\/\/kapitalis.com\/tunisie\/wp-content\/uploads\/2020\/12\/Olfa-Marouani-a-gauche-1.jpg\" data-link=\"http:\/\/kapitalis.com\/tunisie\/?attachment_id=328065\" class=\"wp-image-328065\"\/><\/figure><\/li><li class=\"blocks-gallery-item\"><figure><img decoding=\"async\" src=\"http:\/\/kapitalis.com\/tunisie\/wp-content\/uploads\/2020\/12\/Olfa-Marouani-4.jpg\" alt=\"\" data-id=\"328063\" data-full-url=\"http:\/\/kapitalis.com\/tunisie\/wp-content\/uploads\/2020\/12\/Olfa-Marouani-4.jpg\" data-link=\"http:\/\/kapitalis.com\/tunisie\/?attachment_id=328063\" class=\"wp-image-328063\"\/><\/figure><\/li><\/ul><figcaption class=\"blocks-gallery-caption\">2<\/figcaption><\/figure>\n\n\n\n<p>Son combat n\u2019a d\u2019ailleurs pas tard\u00e9 \u00e0 aboutir, puisqu\u2019elle a fini par acqu\u00e9rir son droit \u00e0 l\u2019exercice citoyen et a r\u00e9ussi \u00e0 convaincre les plus r\u00e9ticents de sa capacit\u00e9 \u00e0 jouer pleinement son r\u00f4le dans un contexte d\u2019hostilit\u00e9. Olfa Marouani a finalement \u00e9t\u00e9 adopt\u00e9e par tous les responsables r\u00e9gionaux et on la retrouve aux premi\u00e8res loges dans chaque manifestation. C\u2019est elle, par exemple, qui supervise la commission de l\u2019\u00e9ducation, de la culture et de l\u2019art, o\u00f9 elle a fait ses preuves. Elle pr\u00e9side aussi les c\u00e9r\u00e9monies de mariage, t\u00e2che dont on l\u2019a priv\u00e9e au d\u00e9but, et intervient partout ou on a besoin d\u2019elle, son courage et sa rage de vaincre en ont fait une vraie battante.<br><\/p>\n\n\n\n<p>La jeune responsable locale s\u2019est impos\u00e9e par sa volont\u00e9 de partager les comp\u00e9tences et joue pleinement son r\u00f4le de conseill\u00e8re absolument d\u00e9sint\u00e9ress\u00e9e. R\u00e9cemment, on l\u2019a vue aux c\u00f4t\u00e9s du pr\u00e9sident du conseil municipal, supervisant personnellement la d\u00e9sinfection de tous les \u00e9tablissements scolaires de la commune, apr\u00e8s un long et p\u00e9nible travail de leur remise en \u00e9tat.<br><\/p>\n\n\n\n<p>C\u2019est ce genre de femme qui m\u00e9rite d\u2019\u00eatre arrach\u00e9e au n\u00e9ant de l\u2019anonymat, car la Tunisie a vivement besoin d\u2019assurer la continuit\u00e9 de ce qui a \u00e9t\u00e9 r\u00e9alis\u00e9 des d\u00e9cennies durant. Beaucoup des acteurs actuels n\u2019ayant pas fait bon usage de l\u2019h\u00e9ritage qui leur a \u00e9t\u00e9 l\u00e9gu\u00e9, il faut faire la lumi\u00e8re sur toutes nos jeunes comp\u00e9tences, surtout parmi les femmes qui sont dignes de l\u2019\u00e9galit\u00e9 qu\u2019elles revendiquent.<\/p>\n\n\n\n<p><em>* Ancien cadre de l\u2019Etat.<\/em><\/p>\n\n\n\n<h4 class=\"wp-block-heading\"><em>Articles du m\u00eame auteur dans Kapitalis  <\/em><\/h4>\n\n\n\n<figure class=\"wp-block-embed-wordpress wp-block-embed is-type-wp-embed is-provider-kapitalis\"><div class=\"wp-block-embed__wrapper\">\n<blockquote class=\"wp-embedded-content\" data-secret=\"W4y2AEBSEf\"><a href=\"https:\/\/kapitalis.com\/tunisie\/2020\/12\/13\/la-steg-et-les-collectivites-locales\/\">La Steg et\u2026 les collectivit\u00e9s locales<\/a><\/blockquote><iframe loading=\"lazy\" class=\"wp-embedded-content\" sandbox=\"allow-scripts\" security=\"restricted\" style=\"position: absolute; clip: rect(1px, 1px, 1px, 1px);\" title=\"\u00ab\u00a0La Steg et\u2026 les collectivit\u00e9s locales\u00a0\u00bb &#8212; Kapitalis\" src=\"https:\/\/kapitalis.com\/tunisie\/2020\/12\/13\/la-steg-et-les-collectivites-locales\/embed\/#?secret=iK2KsLIDCI#?secret=W4y2AEBSEf\" data-secret=\"W4y2AEBSEf\" width=\"600\" height=\"338\" frameborder=\"0\" marginwidth=\"0\" marginheight=\"0\" scrolling=\"no\"><\/iframe>\n<\/div><\/figure>\n\n\n\n<figure class=\"wp-block-embed-wordpress wp-block-embed is-type-wp-embed is-provider-kapitalis\"><div class=\"wp-block-embed__wrapper\">\n<blockquote class=\"wp-embedded-content\" data-secret=\"7uyrCYdc5s\"><a href=\"https:\/\/kapitalis.com\/tunisie\/2020\/11\/05\/la-tunisie-victime-des-derapages-de-ses-pseudo-revolutionnaires\/\">La Tunisie victime des d\u00e9rapages de ses pseudo-r\u00e9volutionnaires<\/a><\/blockquote><iframe loading=\"lazy\" class=\"wp-embedded-content\" sandbox=\"allow-scripts\" security=\"restricted\" style=\"position: absolute; clip: rect(1px, 1px, 1px, 1px);\" title=\"\u00ab\u00a0La Tunisie victime des d\u00e9rapages de ses pseudo-r\u00e9volutionnaires\u00a0\u00bb &#8212; Kapitalis\" src=\"https:\/\/kapitalis.com\/tunisie\/2020\/11\/05\/la-tunisie-victime-des-derapages-de-ses-pseudo-revolutionnaires\/embed\/#?secret=lhk9SlUZrZ#?secret=7uyrCYdc5s\" data-secret=\"7uyrCYdc5s\" width=\"600\" height=\"338\" frameborder=\"0\" marginwidth=\"0\" marginheight=\"0\" scrolling=\"no\"><\/iframe>\n<\/div><\/figure>\n\n\n\n<figure class=\"wp-block-embed-wordpress wp-block-embed is-type-wp-embed is-provider-kapitalis\"><div class=\"wp-block-embed__wrapper\">\n<blockquote class=\"wp-embedded-content\" data-secret=\"5n8xlAGXwe\"><a href=\"https:\/\/kapitalis.com\/tunisie\/2020\/10\/23\/grippe-saisonniere-cherche-vaccin-desesperement\/\">Grippe saisonni\u00e8re : cherche vaccin d\u00e9sesp\u00e9r\u00e9ment<\/a><\/blockquote><iframe loading=\"lazy\" class=\"wp-embedded-content\" sandbox=\"allow-scripts\" security=\"restricted\" style=\"position: absolute; clip: rect(1px, 1px, 1px, 1px);\" title=\"\u00ab\u00a0Grippe saisonni\u00e8re : cherche vaccin d\u00e9sesp\u00e9r\u00e9ment\u00a0\u00bb &#8212; Kapitalis\" src=\"https:\/\/kapitalis.com\/tunisie\/2020\/10\/23\/grippe-saisonniere-cherche-vaccin-desesperement\/embed\/#?secret=8A8ctyJGw0#?secret=5n8xlAGXwe\" data-secret=\"5n8xlAGXwe\" width=\"600\" height=\"338\" frameborder=\"0\" marginwidth=\"0\" marginheight=\"0\" scrolling=\"no\"><\/iframe>\n<\/div><\/figure>\n","protected":false},"excerpt":{"rendered":"<p>Portrait d\u2019Olfa Marouani, une jeune conseill\u00e8re municipale, travailleuse, battante et d\u00e9vou\u00e9e \u00e0 sa commune, qui a r\u00e9ussi \u00e0 s\u2019attirer le respect de ses coll\u00e8gues et \u00e0 gagner la confiance de ses administr\u00e9s. C\u2019est avec ces jeunes pousses que la jeune d\u00e9mocratie tunisienne saura triompher des obstacles et des pesanteurs de toutes sortes. Par Kamel Eddine&#8230;<\/p>\n","protected":false},"author":8,"featured_media":328061,"comment_status":"open","ping_status":"open","sticky":false,"template":"","format":"standard","meta":{"footnotes":""},"categories":[992,997,1000,2433],"tags":[141,85627],"class_list":["post-328057","post","type-post","status-publish","format-standard","has-post-thumbnail","hentry","category-a-la-une","category-politique","category-tribune","category-tunisie","tag-ben-arous","tag-olfa-marouani"],"yoast_head":"<!-- This site is optimized with the Yoast SEO plugin v26.6 - https:\/\/yoast.com\/wordpress\/plugins\/seo\/ -->\n<title>Olfa Marouani, une graine de leader politique - Kapitalis<\/title>\n<meta name=\"robots\" content=\"index, follow, max-snippet:-1, max-image-preview:large, max-video-preview:-1\" \/>\n<link rel=\"canonical\" href=\"https:\/\/kapitalis.com\/tunisie\/2020\/12\/14\/olfa-marouani-une-graine-de-leader-politique\/\" \/>\n<meta property=\"og:locale\" content=\"fr_FR\" \/>\n<meta property=\"og:type\" content=\"article\" \/>\n<meta property=\"og:title\" content=\"Olfa Marouani, une graine de leader politique - Kapitalis\" \/>\n<meta property=\"og:description\" content=\"Portrait d\u2019Olfa Marouani, une jeune conseill\u00e8re municipale, travailleuse, battante et d\u00e9vou\u00e9e \u00e0 sa commune, qui a r\u00e9ussi \u00e0 s\u2019attirer le respect de ses coll\u00e8gues et \u00e0 gagner la confiance de ses administr\u00e9s. C\u2019est avec ces jeunes pousses que la jeune d\u00e9mocratie tunisienne saura triompher des obstacles et des pesanteurs de toutes sortes. Par Kamel Eddine...\" \/>\n<meta property=\"og:url\" content=\"https:\/\/kapitalis.com\/tunisie\/2020\/12\/14\/olfa-marouani-une-graine-de-leader-politique\/\" \/>\n<meta property=\"og:site_name\" content=\"Kapitalis\" \/>\n<meta property=\"article:publisher\" content=\"https:\/\/www.facebook.com\/KapitalisInfo\/\" \/>\n<meta property=\"article:published_time\" content=\"2020-12-14T10:33:58+00:00\" \/>\n<meta property=\"article:modified_time\" content=\"2020-12-14T10:39:39+00:00\" \/>\n<meta property=\"og:image\" content=\"https:\/\/kapitalis.com\/tunisie\/wp-content\/uploads\/2022\/05\/kapitalis-logo-fb.png\" \/>\n\t<meta property=\"og:image:width\" content=\"1200\" \/>\n\t<meta property=\"og:image:height\" content=\"630\" \/>\n\t<meta property=\"og:image:type\" content=\"image\/png\" \/>\n<meta name=\"author\" content=\"webmaster kapitalis\" \/>\n<meta name=\"twitter:card\" content=\"summary_large_image\" \/>\n<meta name=\"twitter:creator\" content=\"@KapitalisInfo\" \/>\n<meta name=\"twitter:site\" content=\"@KapitalisInfo\" \/>\n<meta name=\"twitter:label1\" content=\"\u00c9crit par\" \/>\n\t<meta name=\"twitter:data1\" content=\"webmaster kapitalis\" \/>\n\t<meta name=\"twitter:label2\" content=\"Dur\u00e9e de lecture estim\u00e9e\" \/>\n\t<meta name=\"twitter:data2\" content=\"5 minutes\" \/>\n<script type=\"application\/ld+json\" class=\"yoast-schema-graph\">{\"@context\":\"https:\/\/schema.org\",\"@graph\":[{\"@type\":\"Article\",\"@id\":\"https:\/\/kapitalis.com\/tunisie\/2020\/12\/14\/olfa-marouani-une-graine-de-leader-politique\/#article\",\"isPartOf\":{\"@id\":\"https:\/\/kapitalis.com\/tunisie\/2020\/12\/14\/olfa-marouani-une-graine-de-leader-politique\/\"},\"author\":{\"name\":\"webmaster kapitalis\",\"@id\":\"https:\/\/kapitalis.com\/tunisie\/#\/schema\/person\/d71f33a9ca44f7bad4698210b480c8e9\"},\"headline\":\"Olfa Marouani, une graine de leader politique\",\"datePublished\":\"2020-12-14T10:33:58+00:00\",\"dateModified\":\"2020-12-14T10:39:39+00:00\",\"mainEntityOfPage\":{\"@id\":\"https:\/\/kapitalis.com\/tunisie\/2020\/12\/14\/olfa-marouani-une-graine-de-leader-politique\/\"},\"wordCount\":959,\"commentCount\":1,\"publisher\":{\"@id\":\"https:\/\/kapitalis.com\/tunisie\/#organization\"},\"image\":{\"@id\":\"https:\/\/kapitalis.com\/tunisie\/2020\/12\/14\/olfa-marouani-une-graine-de-leader-politique\/#primaryimage\"},\"thumbnailUrl\":\"\",\"keywords\":[\"Ben Arous\",\"Olfa Marouani\"],\"articleSection\":[\"A LA UNE\",\"POLITIQUE\",\"TRIBUNE\",\"Tunisie\"],\"inLanguage\":\"fr-FR\",\"potentialAction\":[{\"@type\":\"CommentAction\",\"name\":\"Comment\",\"target\":[\"https:\/\/kapitalis.com\/tunisie\/2020\/12\/14\/olfa-marouani-une-graine-de-leader-politique\/#respond\"]}]},{\"@type\":\"WebPage\",\"@id\":\"https:\/\/kapitalis.com\/tunisie\/2020\/12\/14\/olfa-marouani-une-graine-de-leader-politique\/\",\"url\":\"https:\/\/kapitalis.com\/tunisie\/2020\/12\/14\/olfa-marouani-une-graine-de-leader-politique\/\",\"name\":\"Olfa Marouani, une graine de leader politique - Kapitalis\",\"isPartOf\":{\"@id\":\"https:\/\/kapitalis.com\/tunisie\/#website\"},\"primaryImageOfPage\":{\"@id\":\"https:\/\/kapitalis.com\/tunisie\/2020\/12\/14\/olfa-marouani-une-graine-de-leader-politique\/#primaryimage\"},\"image\":{\"@id\":\"https:\/\/kapitalis.com\/tunisie\/2020\/12\/14\/olfa-marouani-une-graine-de-leader-politique\/#primaryimage\"},\"thumbnailUrl\":\"\",\"datePublished\":\"2020-12-14T10:33:58+00:00\",\"dateModified\":\"2020-12-14T10:39:39+00:00\",\"breadcrumb\":{\"@id\":\"https:\/\/kapitalis.com\/tunisie\/2020\/12\/14\/olfa-marouani-une-graine-de-leader-politique\/#breadcrumb\"},\"inLanguage\":\"fr-FR\",\"potentialAction\":[{\"@type\":\"ReadAction\",\"target\":[\"https:\/\/kapitalis.com\/tunisie\/2020\/12\/14\/olfa-marouani-une-graine-de-leader-politique\/\"]}]},{\"@type\":\"ImageObject\",\"inLanguage\":\"fr-FR\",\"@id\":\"https:\/\/kapitalis.com\/tunisie\/2020\/12\/14\/olfa-marouani-une-graine-de-leader-politique\/#primaryimage\",\"url\":\"\",\"contentUrl\":\"\"},{\"@type\":\"BreadcrumbList\",\"@id\":\"https:\/\/kapitalis.com\/tunisie\/2020\/12\/14\/olfa-marouani-une-graine-de-leader-politique\/#breadcrumb\",\"itemListElement\":[{\"@type\":\"ListItem\",\"position\":1,\"name\":\"Accueil\",\"item\":\"https:\/\/kapitalis.com\/tunisie\/\"},{\"@type\":\"ListItem\",\"position\":2,\"name\":\"Olfa Marouani, une graine de leader politique\"}]},{\"@type\":\"WebSite\",\"@id\":\"https:\/\/kapitalis.com\/tunisie\/#website\",\"url\":\"https:\/\/kapitalis.com\/tunisie\/\",\"name\":\"Kapitalis\",\"description\":\"L&#039;actualit\u00e9 en Tunisie et dans le monde\",\"publisher\":{\"@id\":\"https:\/\/kapitalis.com\/tunisie\/#organization\"},\"potentialAction\":[{\"@type\":\"SearchAction\",\"target\":{\"@type\":\"EntryPoint\",\"urlTemplate\":\"https:\/\/kapitalis.com\/tunisie\/?s={search_term_string}\"},\"query-input\":{\"@type\":\"PropertyValueSpecification\",\"valueRequired\":true,\"valueName\":\"search_term_string\"}}],\"inLanguage\":\"fr-FR\"},{\"@type\":\"Organization\",\"@id\":\"https:\/\/kapitalis.com\/tunisie\/#organization\",\"name\":\"Kapitalis\",\"url\":\"https:\/\/kapitalis.com\/tunisie\/\",\"logo\":{\"@type\":\"ImageObject\",\"inLanguage\":\"fr-FR\",\"@id\":\"https:\/\/kapitalis.com\/tunisie\/#\/schema\/logo\/image\/\",\"url\":\"https:\/\/kapitalis.com\/tunisie\/wp-content\/uploads\/2022\/05\/Kapitalis-big-size.png\",\"contentUrl\":\"https:\/\/kapitalis.com\/tunisie\/wp-content\/uploads\/2022\/05\/Kapitalis-big-size.png\",\"width\":5000,\"height\":1500,\"caption\":\"Kapitalis\"},\"image\":{\"@id\":\"https:\/\/kapitalis.com\/tunisie\/#\/schema\/logo\/image\/\"},\"sameAs\":[\"https:\/\/www.facebook.com\/KapitalisInfo\/\",\"https:\/\/x.com\/KapitalisInfo\",\"https:\/\/www.youtube.com\/channel\/UC-yDYrHyfFBWWZaOw3FPg9Q\"]},{\"@type\":\"Person\",\"@id\":\"https:\/\/kapitalis.com\/tunisie\/#\/schema\/person\/d71f33a9ca44f7bad4698210b480c8e9\",\"name\":\"webmaster kapitalis\",\"url\":\"https:\/\/kapitalis.com\/tunisie\/author\/webmaster-kapitalis\/\"}]}<\/script>\n<!-- \/ Yoast SEO plugin. -->","yoast_head_json":{"title":"Olfa Marouani, une graine de leader politique - Kapitalis","robots":{"index":"index","follow":"follow","max-snippet":"max-snippet:-1","max-image-preview":"max-image-preview:large","max-video-preview":"max-video-preview:-1"},"canonical":"https:\/\/kapitalis.com\/tunisie\/2020\/12\/14\/olfa-marouani-une-graine-de-leader-politique\/","og_locale":"fr_FR","og_type":"article","og_title":"Olfa Marouani, une graine de leader politique - Kapitalis","og_description":"Portrait d\u2019Olfa Marouani, une jeune conseill\u00e8re municipale, travailleuse, battante et d\u00e9vou\u00e9e \u00e0 sa commune, qui a r\u00e9ussi \u00e0 s\u2019attirer le respect de ses coll\u00e8gues et \u00e0 gagner la confiance de ses administr\u00e9s. C\u2019est avec ces jeunes pousses que la jeune d\u00e9mocratie tunisienne saura triompher des obstacles et des pesanteurs de toutes sortes. Par Kamel Eddine...","og_url":"https:\/\/kapitalis.com\/tunisie\/2020\/12\/14\/olfa-marouani-une-graine-de-leader-politique\/","og_site_name":"Kapitalis","article_publisher":"https:\/\/www.facebook.com\/KapitalisInfo\/","article_published_time":"2020-12-14T10:33:58+00:00","article_modified_time":"2020-12-14T10:39:39+00:00","og_image":[{"width":1200,"height":630,"url":"https:\/\/kapitalis.com\/tunisie\/wp-content\/uploads\/2022\/05\/kapitalis-logo-fb.png","type":"image\/png"}],"author":"webmaster kapitalis","twitter_card":"summary_large_image","twitter_creator":"@KapitalisInfo","twitter_site":"@KapitalisInfo","twitter_misc":{"\u00c9crit par":"webmaster kapitalis","Dur\u00e9e de lecture estim\u00e9e":"5 minutes"},"schema":{"@context":"https:\/\/schema.org","@graph":[{"@type":"Article","@id":"https:\/\/kapitalis.com\/tunisie\/2020\/12\/14\/olfa-marouani-une-graine-de-leader-politique\/#article","isPartOf":{"@id":"https:\/\/kapitalis.com\/tunisie\/2020\/12\/14\/olfa-marouani-une-graine-de-leader-politique\/"},"author":{"name":"webmaster kapitalis","@id":"https:\/\/kapitalis.com\/tunisie\/#\/schema\/person\/d71f33a9ca44f7bad4698210b480c8e9"},"headline":"Olfa Marouani, une graine de leader politique","datePublished":"2020-12-14T10:33:58+00:00","dateModified":"2020-12-14T10:39:39+00:00","mainEntityOfPage":{"@id":"https:\/\/kapitalis.com\/tunisie\/2020\/12\/14\/olfa-marouani-une-graine-de-leader-politique\/"},"wordCount":959,"commentCount":1,"publisher":{"@id":"https:\/\/kapitalis.com\/tunisie\/#organization"},"image":{"@id":"https:\/\/kapitalis.com\/tunisie\/2020\/12\/14\/olfa-marouani-une-graine-de-leader-politique\/#primaryimage"},"thumbnailUrl":"","keywords":["Ben Arous","Olfa Marouani"],"articleSection":["A LA UNE","POLITIQUE","TRIBUNE","Tunisie"],"inLanguage":"fr-FR","potentialAction":[{"@type":"CommentAction","name":"Comment","target":["https:\/\/kapitalis.com\/tunisie\/2020\/12\/14\/olfa-marouani-une-graine-de-leader-politique\/#respond"]}]},{"@type":"WebPage","@id":"https:\/\/kapitalis.com\/tunisie\/2020\/12\/14\/olfa-marouani-une-graine-de-leader-politique\/","url":"https:\/\/kapitalis.com\/tunisie\/2020\/12\/14\/olfa-marouani-une-graine-de-leader-politique\/","name":"Olfa Marouani, une graine de leader politique - Kapitalis","isPartOf":{"@id":"https:\/\/kapitalis.com\/tunisie\/#website"},"primaryImageOfPage":{"@id":"https:\/\/kapitalis.com\/tunisie\/2020\/12\/14\/olfa-marouani-une-graine-de-leader-politique\/#primaryimage"},"image":{"@id":"https:\/\/kapitalis.com\/tunisie\/2020\/12\/14\/olfa-marouani-une-graine-de-leader-politique\/#primaryimage"},"thumbnailUrl":"","datePublished":"2020-12-14T10:33:58+00:00","dateModified":"2020-12-14T10:39:39+00:00","breadcrumb":{"@id":"https:\/\/kapitalis.com\/tunisie\/2020\/12\/14\/olfa-marouani-une-graine-de-leader-politique\/#breadcrumb"},"inLanguage":"fr-FR","potentialAction":[{"@type":"ReadAction","target":["https:\/\/kapitalis.com\/tunisie\/2020\/12\/14\/olfa-marouani-une-graine-de-leader-politique\/"]}]},{"@type":"ImageObject","inLanguage":"fr-FR","@id":"https:\/\/kapitalis.com\/tunisie\/2020\/12\/14\/olfa-marouani-une-graine-de-leader-politique\/#primaryimage","url":"","contentUrl":""},{"@type":"BreadcrumbList","@id":"https:\/\/kapitalis.com\/tunisie\/2020\/12\/14\/olfa-marouani-une-graine-de-leader-politique\/#breadcrumb","itemListElement":[{"@type":"ListItem","position":1,"name":"Accueil","item":"https:\/\/kapitalis.com\/tunisie\/"},{"@type":"ListItem","position":2,"name":"Olfa Marouani, une graine de leader politique"}]},{"@type":"WebSite","@id":"https:\/\/kapitalis.com\/tunisie\/#website","url":"https:\/\/kapitalis.com\/tunisie\/","name":"Kapitalis","description":"L&#039;actualit\u00e9 en Tunisie et dans le monde","publisher":{"@id":"https:\/\/kapitalis.com\/tunisie\/#organization"},"potentialAction":[{"@type":"SearchAction","target":{"@type":"EntryPoint","urlTemplate":"https:\/\/kapitalis.com\/tunisie\/?s={search_term_string}"},"query-input":{"@type":"PropertyValueSpecification","valueRequired":true,"valueName":"search_term_string"}}],"inLanguage":"fr-FR"},{"@type":"Organization","@id":"https:\/\/kapitalis.com\/tunisie\/#organization","name":"Kapitalis","url":"https:\/\/kapitalis.com\/tunisie\/","logo":{"@type":"ImageObject","inLanguage":"fr-FR","@id":"https:\/\/kapitalis.com\/tunisie\/#\/schema\/logo\/image\/","url":"https:\/\/kapitalis.com\/tunisie\/wp-content\/uploads\/2022\/05\/Kapitalis-big-size.png","contentUrl":"https:\/\/kapitalis.com\/tunisie\/wp-content\/uploads\/2022\/05\/Kapitalis-big-size.png","width":5000,"height":1500,"caption":"Kapitalis"},"image":{"@id":"https:\/\/kapitalis.com\/tunisie\/#\/schema\/logo\/image\/"},"sameAs":["https:\/\/www.facebook.com\/KapitalisInfo\/","https:\/\/x.com\/KapitalisInfo","https:\/\/www.youtube.com\/channel\/UC-yDYrHyfFBWWZaOw3FPg9Q"]},{"@type":"Person","@id":"https:\/\/kapitalis.com\/tunisie\/#\/schema\/person\/d71f33a9ca44f7bad4698210b480c8e9","name":"webmaster kapitalis","url":"https:\/\/kapitalis.com\/tunisie\/author\/webmaster-kapitalis\/"}]}},"_links":{"self":[{"href":"https:\/\/kapitalis.com\/tunisie\/wp-json\/wp\/v2\/posts\/328057","targetHints":{"allow":["GET"]}}],"collection":[{"href":"https:\/\/kapitalis.com\/tunisie\/wp-json\/wp\/v2\/posts"}],"about":[{"href":"https:\/\/kapitalis.com\/tunisie\/wp-json\/wp\/v2\/types\/post"}],"author":[{"embeddable":true,"href":"https:\/\/kapitalis.com\/tunisie\/wp-json\/wp\/v2\/users\/8"}],"replies":[{"embeddable":true,"href":"https:\/\/kapitalis.com\/tunisie\/wp-json\/wp\/v2\/comments?post=328057"}],"version-history":[{"count":0,"href":"https:\/\/kapitalis.com\/tunisie\/wp-json\/wp\/v2\/posts\/328057\/revisions"}],"wp:featuredmedia":[{"embeddable":true,"href":"https:\/\/kapitalis.com\/tunisie\/wp-json\/wp\/v2\/media\/328061"}],"wp:attachment":[{"href":"https:\/\/kapitalis.com\/tunisie\/wp-json\/wp\/v2\/media?parent=328057"}],"wp:term":[{"taxonomy":"category","embeddable":true,"href":"https:\/\/kapitalis.com\/tunisie\/wp-json\/wp\/v2\/categories?post=328057"},{"taxonomy":"post_tag","embeddable":true,"href":"https:\/\/kapitalis.com\/tunisie\/wp-json\/wp\/v2\/tags?post=328057"}],"curies":[{"name":"wp","href":"https:\/\/api.w.org\/{rel}","templated":true}]}}