{"id":328425,"date":"2020-12-16T13:39:08","date_gmt":"2020-12-16T12:39:08","guid":{"rendered":"http:\/\/kapitalis.com\/tunisie\/?p=328425"},"modified":"2020-12-16T13:39:12","modified_gmt":"2020-12-16T12:39:12","slug":"gammarth-lespace-dart-sadika-abrite-le-marche-de-noel-du-projet-mobi-tre","status":"publish","type":"post","link":"https:\/\/kapitalis.com\/tunisie\/2020\/12\/16\/gammarth-lespace-dart-sadika-abrite-le-marche-de-noel-du-projet-mobi-tre\/","title":{"rendered":"Gammarth : l\u2019espace d\u2019art Sadika abrite le March\u00e9 de No\u00ebl du projet Mobi-TRE"},"content":{"rendered":"\n<figure class=\"wp-block-image size-large\"><img decoding=\"async\" src=\"http:\/\/kapitalis.com\/tunisie\/wp-content\/uploads\/2020\/12\/Marche-de-Noel-Projet-Hajti-Bik.jpg\" alt=\"\" class=\"wp-image-328427\"\/><\/figure>\n\n\n\n<p><strong><em>L\u2019Organisation internationale pour les migrations (OIM) organise le March\u00e9 de No\u00ebl du projet Mobi-TRE \u00abHajti Bik\u00bb, les 19 et 20 d\u00e9cembre 2020, de 10h \u00e0 18h, \u00e0 l\u2019espace d\u2019art Sadika, \u00e0 Gammarth, au nord de Tunis.<\/em><\/strong><\/p>\n\n\n\n<!--more-->\n\n\n\n<p>La c\u00e9r\u00e9monie d\u2019inauguration se tiendra le 18 d\u00e9cembre \u00e0 16h et une c\u00e9r\u00e9monie priv\u00e9e sera organis\u00e9e \u00e0 l\u2019honneur des invit\u00e9s prestigieux, ainsi que pour les partenaires et coll\u00e8gues de l\u2019OIM et des Nations Unies.<\/p>\n\n\n\n<p>Le projet Mobi-TRE Hajti Bik, financ\u00e9 par l\u2019Agence italienne pour la coop\u00e9ration et le D\u00e9veloppement et mis en \u0153uvre par l\u2019OIM, vise \u00e0 d\u00e9velopper les opportunit\u00e9s d\u2019emploi pour les populations des r\u00e9gions du nord-ouest et du sud-est de la Tunisie et promouvoir les investissements de la diaspora tunisienne \u00e9tablie en Italie, afin de favoriser le d\u00e9veloppement r\u00e9gional de la Tunisie dans une perspective de coop\u00e9ration transnationale.<\/p>\n\n\n\n<p>Au cours de ce march\u00e9 de no\u00ebl, les produits des porteurs de projets des r\u00e9gions cibles \u00e0 savoir Jendouba, M\u00e9denine, Tataouine et Kef seront expos\u00e9s dans le cadre des activit\u00e9s d\u2019accompagnement du programme Mobi-TRE. Ce sera une occasion pour d\u00e9couvrir des huiles essentielles et produits bio de Oued Meliz, des huiles v\u00e9g\u00e9tales de thym, romarins ou lavande de culture sauvage de la r\u00e9gion de Jendouba, des tissage de Tajerouine, des huiles essentielles de figue de barbarie de M\u00e9denine, des produits d\u00e9riv\u00e9s de caroube, des habits traditionnels berb\u00e8re et amazigh de Tataouine ou encore de la gastronomie locale de la r\u00e9gion de M\u00e9denine.<\/p>\n\n\n\n<p>Ce march\u00e9 de No\u00ebl est une opportunit\u00e9 exceptionnelle pour d\u00e9couvrir des produits de qualit\u00e9 et ainsi exprimer une solidarit\u00e9 avec les entrepreneurs tunisiens des r\u00e9gions marginalis\u00e9es.<\/p>\n\n\n\n<p>L\u2019exposition des produits servira \u00e0 faire valoir les produits des jeunes entrepreneurs et aussi \u00e0 les aider \u00e0 commercialiser leurs produits dans le but d\u2019assurer une meilleure visibilit\u00e9.<\/p>\n\n\n\n<p>Etant donn\u00e9 le contexte actuel de la pand\u00e9mie Covid-19 qui a eu un impact majeur sur les micro-entreprises, notamment dans le contexte du projet Mobi-TRE, elle a eu d\u2019importantes r\u00e9percussions sur les micro-projets et les entrepreneurs, exacerbant les in\u00e9galit\u00e9s \u00e9conomiques, fracturant l\u2019emploi, et augmentant la fragilit\u00e9 des entreprises. Aujourd\u2019hui plus que jamais, la mobilisation et l\u2019engagement de la diaspora tunisienne est sollicit\u00e9 dans l\u2019appui au d\u00e9veloppement r\u00e9gional et national.<\/p>\n","protected":false},"excerpt":{"rendered":"<p>L\u2019Organisation internationale pour les migrations (OIM) organise le March\u00e9 de No\u00ebl du projet Mobi-TRE \u00abHajti Bik\u00bb, les 19 et 20 d\u00e9cembre 2020, de 10h \u00e0 18h, \u00e0 l\u2019espace d\u2019art Sadika, \u00e0 Gammarth, au nord de Tunis.<\/p>\n","protected":false},"author":8,"featured_media":328427,"comment_status":"open","ping_status":"open","sticky":false,"template":"","format":"standard","meta":{"footnotes":""},"categories":[993,995,998,2433],"tags":[85705,1994,515,26248,78056,16732,85704,1126],"class_list":["post-328425","post","type-post","status-publish","format-standard","has-post-thumbnail","hentry","category-conso","category-economie","category-societe","category-tunisie","tag-espace-dart-sadika","tag-gammarth","tag-jendouba","tag-marche-de-noel","tag-medenine-2","tag-oim","tag-projet-mobi-tre","tag-tataouine"],"yoast_head":"<!-- This site is optimized with the Yoast SEO plugin v26.6 - https:\/\/yoast.com\/wordpress\/plugins\/seo\/ -->\n<title>Gammarth : l\u2019espace d\u2019art Sadika abrite le March\u00e9 de No\u00ebl du projet Mobi-TRE - Kapitalis<\/title>\n<meta name=\"robots\" content=\"index, follow, max-snippet:-1, max-image-preview:large, max-video-preview:-1\" \/>\n<link rel=\"canonical\" href=\"https:\/\/kapitalis.com\/tunisie\/2020\/12\/16\/gammarth-lespace-dart-sadika-abrite-le-marche-de-noel-du-projet-mobi-tre\/\" \/>\n<meta property=\"og:locale\" content=\"fr_FR\" \/>\n<meta property=\"og:type\" content=\"article\" \/>\n<meta property=\"og:title\" content=\"Gammarth : l\u2019espace d\u2019art Sadika abrite le March\u00e9 de No\u00ebl du projet Mobi-TRE - Kapitalis\" \/>\n<meta property=\"og:description\" content=\"L\u2019Organisation internationale pour les migrations (OIM) organise le March\u00e9 de No\u00ebl du projet Mobi-TRE \u00abHajti Bik\u00bb, les 19 et 20 d\u00e9cembre 2020, de 10h \u00e0 18h, \u00e0 l\u2019espace d\u2019art Sadika, \u00e0 Gammarth, au nord de Tunis.\" \/>\n<meta property=\"og:url\" content=\"https:\/\/kapitalis.com\/tunisie\/2020\/12\/16\/gammarth-lespace-dart-sadika-abrite-le-marche-de-noel-du-projet-mobi-tre\/\" \/>\n<meta property=\"og:site_name\" content=\"Kapitalis\" \/>\n<meta property=\"article:publisher\" content=\"https:\/\/www.facebook.com\/KapitalisInfo\/\" \/>\n<meta property=\"article:published_time\" content=\"2020-12-16T12:39:08+00:00\" \/>\n<meta property=\"article:modified_time\" content=\"2020-12-16T12:39:12+00:00\" \/>\n<meta property=\"og:image\" content=\"https:\/\/kapitalis.com\/tunisie\/wp-content\/uploads\/2022\/05\/kapitalis-logo-fb.png\" \/>\n\t<meta property=\"og:image:width\" content=\"1200\" \/>\n\t<meta property=\"og:image:height\" content=\"630\" \/>\n\t<meta property=\"og:image:type\" content=\"image\/png\" \/>\n<meta name=\"author\" content=\"webmaster kapitalis\" \/>\n<meta name=\"twitter:card\" content=\"summary_large_image\" \/>\n<meta name=\"twitter:creator\" content=\"@KapitalisInfo\" \/>\n<meta name=\"twitter:site\" content=\"@KapitalisInfo\" \/>\n<meta name=\"twitter:label1\" content=\"\u00c9crit par\" \/>\n\t<meta name=\"twitter:data1\" content=\"webmaster kapitalis\" \/>\n\t<meta name=\"twitter:label2\" content=\"Dur\u00e9e de lecture estim\u00e9e\" \/>\n\t<meta name=\"twitter:data2\" content=\"2 minutes\" \/>\n<script type=\"application\/ld+json\" class=\"yoast-schema-graph\">{\"@context\":\"https:\/\/schema.org\",\"@graph\":[{\"@type\":\"Article\",\"@id\":\"https:\/\/kapitalis.com\/tunisie\/2020\/12\/16\/gammarth-lespace-dart-sadika-abrite-le-marche-de-noel-du-projet-mobi-tre\/#article\",\"isPartOf\":{\"@id\":\"https:\/\/kapitalis.com\/tunisie\/2020\/12\/16\/gammarth-lespace-dart-sadika-abrite-le-marche-de-noel-du-projet-mobi-tre\/\"},\"author\":{\"name\":\"webmaster kapitalis\",\"@id\":\"https:\/\/kapitalis.com\/tunisie\/#\/schema\/person\/d71f33a9ca44f7bad4698210b480c8e9\"},\"headline\":\"Gammarth : l\u2019espace d\u2019art Sadika abrite le March\u00e9 de No\u00ebl du projet Mobi-TRE\",\"datePublished\":\"2020-12-16T12:39:08+00:00\",\"dateModified\":\"2020-12-16T12:39:12+00:00\",\"mainEntityOfPage\":{\"@id\":\"https:\/\/kapitalis.com\/tunisie\/2020\/12\/16\/gammarth-lespace-dart-sadika-abrite-le-marche-de-noel-du-projet-mobi-tre\/\"},\"wordCount\":423,\"commentCount\":0,\"publisher\":{\"@id\":\"https:\/\/kapitalis.com\/tunisie\/#organization\"},\"image\":{\"@id\":\"https:\/\/kapitalis.com\/tunisie\/2020\/12\/16\/gammarth-lespace-dart-sadika-abrite-le-marche-de-noel-du-projet-mobi-tre\/#primaryimage\"},\"thumbnailUrl\":\"\",\"keywords\":[\"espace d\u2019art Sadika\",\"Gammarth\",\"Jendouba\",\"march\u00e9 de No\u00ebl\",\"M\u00e9denine\",\"OIM\",\"projet Mobi-TRE\",\"Tataouine\"],\"articleSection\":[\"CONSO\",\"ECONOMIE\",\"SOCIETE\",\"Tunisie\"],\"inLanguage\":\"fr-FR\",\"potentialAction\":[{\"@type\":\"CommentAction\",\"name\":\"Comment\",\"target\":[\"https:\/\/kapitalis.com\/tunisie\/2020\/12\/16\/gammarth-lespace-dart-sadika-abrite-le-marche-de-noel-du-projet-mobi-tre\/#respond\"]}]},{\"@type\":\"WebPage\",\"@id\":\"https:\/\/kapitalis.com\/tunisie\/2020\/12\/16\/gammarth-lespace-dart-sadika-abrite-le-marche-de-noel-du-projet-mobi-tre\/\",\"url\":\"https:\/\/kapitalis.com\/tunisie\/2020\/12\/16\/gammarth-lespace-dart-sadika-abrite-le-marche-de-noel-du-projet-mobi-tre\/\",\"name\":\"Gammarth : l\u2019espace d\u2019art Sadika abrite le March\u00e9 de No\u00ebl du projet Mobi-TRE - Kapitalis\",\"isPartOf\":{\"@id\":\"https:\/\/kapitalis.com\/tunisie\/#website\"},\"primaryImageOfPage\":{\"@id\":\"https:\/\/kapitalis.com\/tunisie\/2020\/12\/16\/gammarth-lespace-dart-sadika-abrite-le-marche-de-noel-du-projet-mobi-tre\/#primaryimage\"},\"image\":{\"@id\":\"https:\/\/kapitalis.com\/tunisie\/2020\/12\/16\/gammarth-lespace-dart-sadika-abrite-le-marche-de-noel-du-projet-mobi-tre\/#primaryimage\"},\"thumbnailUrl\":\"\",\"datePublished\":\"2020-12-16T12:39:08+00:00\",\"dateModified\":\"2020-12-16T12:39:12+00:00\",\"breadcrumb\":{\"@id\":\"https:\/\/kapitalis.com\/tunisie\/2020\/12\/16\/gammarth-lespace-dart-sadika-abrite-le-marche-de-noel-du-projet-mobi-tre\/#breadcrumb\"},\"inLanguage\":\"fr-FR\",\"potentialAction\":[{\"@type\":\"ReadAction\",\"target\":[\"https:\/\/kapitalis.com\/tunisie\/2020\/12\/16\/gammarth-lespace-dart-sadika-abrite-le-marche-de-noel-du-projet-mobi-tre\/\"]}]},{\"@type\":\"ImageObject\",\"inLanguage\":\"fr-FR\",\"@id\":\"https:\/\/kapitalis.com\/tunisie\/2020\/12\/16\/gammarth-lespace-dart-sadika-abrite-le-marche-de-noel-du-projet-mobi-tre\/#primaryimage\",\"url\":\"\",\"contentUrl\":\"\"},{\"@type\":\"BreadcrumbList\",\"@id\":\"https:\/\/kapitalis.com\/tunisie\/2020\/12\/16\/gammarth-lespace-dart-sadika-abrite-le-marche-de-noel-du-projet-mobi-tre\/#breadcrumb\",\"itemListElement\":[{\"@type\":\"ListItem\",\"position\":1,\"name\":\"Accueil\",\"item\":\"https:\/\/kapitalis.com\/tunisie\/\"},{\"@type\":\"ListItem\",\"position\":2,\"name\":\"Gammarth : l\u2019espace d\u2019art Sadika abrite le March\u00e9 de No\u00ebl du projet Mobi-TRE\"}]},{\"@type\":\"WebSite\",\"@id\":\"https:\/\/kapitalis.com\/tunisie\/#website\",\"url\":\"https:\/\/kapitalis.com\/tunisie\/\",\"name\":\"Kapitalis\",\"description\":\"L&#039;actualit\u00e9 en Tunisie et dans le monde\",\"publisher\":{\"@id\":\"https:\/\/kapitalis.com\/tunisie\/#organization\"},\"potentialAction\":[{\"@type\":\"SearchAction\",\"target\":{\"@type\":\"EntryPoint\",\"urlTemplate\":\"https:\/\/kapitalis.com\/tunisie\/?s={search_term_string}\"},\"query-input\":{\"@type\":\"PropertyValueSpecification\",\"valueRequired\":true,\"valueName\":\"search_term_string\"}}],\"inLanguage\":\"fr-FR\"},{\"@type\":\"Organization\",\"@id\":\"https:\/\/kapitalis.com\/tunisie\/#organization\",\"name\":\"Kapitalis\",\"url\":\"https:\/\/kapitalis.com\/tunisie\/\",\"logo\":{\"@type\":\"ImageObject\",\"inLanguage\":\"fr-FR\",\"@id\":\"https:\/\/kapitalis.com\/tunisie\/#\/schema\/logo\/image\/\",\"url\":\"https:\/\/kapitalis.com\/tunisie\/wp-content\/uploads\/2022\/05\/Kapitalis-big-size.png\",\"contentUrl\":\"https:\/\/kapitalis.com\/tunisie\/wp-content\/uploads\/2022\/05\/Kapitalis-big-size.png\",\"width\":5000,\"height\":1500,\"caption\":\"Kapitalis\"},\"image\":{\"@id\":\"https:\/\/kapitalis.com\/tunisie\/#\/schema\/logo\/image\/\"},\"sameAs\":[\"https:\/\/www.facebook.com\/KapitalisInfo\/\",\"https:\/\/x.com\/KapitalisInfo\",\"https:\/\/www.youtube.com\/channel\/UC-yDYrHyfFBWWZaOw3FPg9Q\"]},{\"@type\":\"Person\",\"@id\":\"https:\/\/kapitalis.com\/tunisie\/#\/schema\/person\/d71f33a9ca44f7bad4698210b480c8e9\",\"name\":\"webmaster kapitalis\",\"url\":\"https:\/\/kapitalis.com\/tunisie\/author\/webmaster-kapitalis\/\"}]}<\/script>\n<!-- \/ Yoast SEO plugin. -->","yoast_head_json":{"title":"Gammarth : l\u2019espace d\u2019art Sadika abrite le March\u00e9 de No\u00ebl du projet Mobi-TRE - Kapitalis","robots":{"index":"index","follow":"follow","max-snippet":"max-snippet:-1","max-image-preview":"max-image-preview:large","max-video-preview":"max-video-preview:-1"},"canonical":"https:\/\/kapitalis.com\/tunisie\/2020\/12\/16\/gammarth-lespace-dart-sadika-abrite-le-marche-de-noel-du-projet-mobi-tre\/","og_locale":"fr_FR","og_type":"article","og_title":"Gammarth : l\u2019espace d\u2019art Sadika abrite le March\u00e9 de No\u00ebl du projet Mobi-TRE - Kapitalis","og_description":"L\u2019Organisation internationale pour les migrations (OIM) organise le March\u00e9 de No\u00ebl du projet Mobi-TRE \u00abHajti Bik\u00bb, les 19 et 20 d\u00e9cembre 2020, de 10h \u00e0 18h, \u00e0 l\u2019espace d\u2019art Sadika, \u00e0 Gammarth, au nord de Tunis.","og_url":"https:\/\/kapitalis.com\/tunisie\/2020\/12\/16\/gammarth-lespace-dart-sadika-abrite-le-marche-de-noel-du-projet-mobi-tre\/","og_site_name":"Kapitalis","article_publisher":"https:\/\/www.facebook.com\/KapitalisInfo\/","article_published_time":"2020-12-16T12:39:08+00:00","article_modified_time":"2020-12-16T12:39:12+00:00","og_image":[{"width":1200,"height":630,"url":"https:\/\/kapitalis.com\/tunisie\/wp-content\/uploads\/2022\/05\/kapitalis-logo-fb.png","type":"image\/png"}],"author":"webmaster kapitalis","twitter_card":"summary_large_image","twitter_creator":"@KapitalisInfo","twitter_site":"@KapitalisInfo","twitter_misc":{"\u00c9crit par":"webmaster kapitalis","Dur\u00e9e de lecture estim\u00e9e":"2 minutes"},"schema":{"@context":"https:\/\/schema.org","@graph":[{"@type":"Article","@id":"https:\/\/kapitalis.com\/tunisie\/2020\/12\/16\/gammarth-lespace-dart-sadika-abrite-le-marche-de-noel-du-projet-mobi-tre\/#article","isPartOf":{"@id":"https:\/\/kapitalis.com\/tunisie\/2020\/12\/16\/gammarth-lespace-dart-sadika-abrite-le-marche-de-noel-du-projet-mobi-tre\/"},"author":{"name":"webmaster kapitalis","@id":"https:\/\/kapitalis.com\/tunisie\/#\/schema\/person\/d71f33a9ca44f7bad4698210b480c8e9"},"headline":"Gammarth : l\u2019espace d\u2019art Sadika abrite le March\u00e9 de No\u00ebl du projet Mobi-TRE","datePublished":"2020-12-16T12:39:08+00:00","dateModified":"2020-12-16T12:39:12+00:00","mainEntityOfPage":{"@id":"https:\/\/kapitalis.com\/tunisie\/2020\/12\/16\/gammarth-lespace-dart-sadika-abrite-le-marche-de-noel-du-projet-mobi-tre\/"},"wordCount":423,"commentCount":0,"publisher":{"@id":"https:\/\/kapitalis.com\/tunisie\/#organization"},"image":{"@id":"https:\/\/kapitalis.com\/tunisie\/2020\/12\/16\/gammarth-lespace-dart-sadika-abrite-le-marche-de-noel-du-projet-mobi-tre\/#primaryimage"},"thumbnailUrl":"","keywords":["espace d\u2019art Sadika","Gammarth","Jendouba","march\u00e9 de No\u00ebl","M\u00e9denine","OIM","projet Mobi-TRE","Tataouine"],"articleSection":["CONSO","ECONOMIE","SOCIETE","Tunisie"],"inLanguage":"fr-FR","potentialAction":[{"@type":"CommentAction","name":"Comment","target":["https:\/\/kapitalis.com\/tunisie\/2020\/12\/16\/gammarth-lespace-dart-sadika-abrite-le-marche-de-noel-du-projet-mobi-tre\/#respond"]}]},{"@type":"WebPage","@id":"https:\/\/kapitalis.com\/tunisie\/2020\/12\/16\/gammarth-lespace-dart-sadika-abrite-le-marche-de-noel-du-projet-mobi-tre\/","url":"https:\/\/kapitalis.com\/tunisie\/2020\/12\/16\/gammarth-lespace-dart-sadika-abrite-le-marche-de-noel-du-projet-mobi-tre\/","name":"Gammarth : l\u2019espace d\u2019art Sadika abrite le March\u00e9 de No\u00ebl du projet Mobi-TRE - Kapitalis","isPartOf":{"@id":"https:\/\/kapitalis.com\/tunisie\/#website"},"primaryImageOfPage":{"@id":"https:\/\/kapitalis.com\/tunisie\/2020\/12\/16\/gammarth-lespace-dart-sadika-abrite-le-marche-de-noel-du-projet-mobi-tre\/#primaryimage"},"image":{"@id":"https:\/\/kapitalis.com\/tunisie\/2020\/12\/16\/gammarth-lespace-dart-sadika-abrite-le-marche-de-noel-du-projet-mobi-tre\/#primaryimage"},"thumbnailUrl":"","datePublished":"2020-12-16T12:39:08+00:00","dateModified":"2020-12-16T12:39:12+00:00","breadcrumb":{"@id":"https:\/\/kapitalis.com\/tunisie\/2020\/12\/16\/gammarth-lespace-dart-sadika-abrite-le-marche-de-noel-du-projet-mobi-tre\/#breadcrumb"},"inLanguage":"fr-FR","potentialAction":[{"@type":"ReadAction","target":["https:\/\/kapitalis.com\/tunisie\/2020\/12\/16\/gammarth-lespace-dart-sadika-abrite-le-marche-de-noel-du-projet-mobi-tre\/"]}]},{"@type":"ImageObject","inLanguage":"fr-FR","@id":"https:\/\/kapitalis.com\/tunisie\/2020\/12\/16\/gammarth-lespace-dart-sadika-abrite-le-marche-de-noel-du-projet-mobi-tre\/#primaryimage","url":"","contentUrl":""},{"@type":"BreadcrumbList","@id":"https:\/\/kapitalis.com\/tunisie\/2020\/12\/16\/gammarth-lespace-dart-sadika-abrite-le-marche-de-noel-du-projet-mobi-tre\/#breadcrumb","itemListElement":[{"@type":"ListItem","position":1,"name":"Accueil","item":"https:\/\/kapitalis.com\/tunisie\/"},{"@type":"ListItem","position":2,"name":"Gammarth : l\u2019espace d\u2019art Sadika abrite le March\u00e9 de No\u00ebl du projet Mobi-TRE"}]},{"@type":"WebSite","@id":"https:\/\/kapitalis.com\/tunisie\/#website","url":"https:\/\/kapitalis.com\/tunisie\/","name":"Kapitalis","description":"L&#039;actualit\u00e9 en Tunisie et dans le monde","publisher":{"@id":"https:\/\/kapitalis.com\/tunisie\/#organization"},"potentialAction":[{"@type":"SearchAction","target":{"@type":"EntryPoint","urlTemplate":"https:\/\/kapitalis.com\/tunisie\/?s={search_term_string}"},"query-input":{"@type":"PropertyValueSpecification","valueRequired":true,"valueName":"search_term_string"}}],"inLanguage":"fr-FR"},{"@type":"Organization","@id":"https:\/\/kapitalis.com\/tunisie\/#organization","name":"Kapitalis","url":"https:\/\/kapitalis.com\/tunisie\/","logo":{"@type":"ImageObject","inLanguage":"fr-FR","@id":"https:\/\/kapitalis.com\/tunisie\/#\/schema\/logo\/image\/","url":"https:\/\/kapitalis.com\/tunisie\/wp-content\/uploads\/2022\/05\/Kapitalis-big-size.png","contentUrl":"https:\/\/kapitalis.com\/tunisie\/wp-content\/uploads\/2022\/05\/Kapitalis-big-size.png","width":5000,"height":1500,"caption":"Kapitalis"},"image":{"@id":"https:\/\/kapitalis.com\/tunisie\/#\/schema\/logo\/image\/"},"sameAs":["https:\/\/www.facebook.com\/KapitalisInfo\/","https:\/\/x.com\/KapitalisInfo","https:\/\/www.youtube.com\/channel\/UC-yDYrHyfFBWWZaOw3FPg9Q"]},{"@type":"Person","@id":"https:\/\/kapitalis.com\/tunisie\/#\/schema\/person\/d71f33a9ca44f7bad4698210b480c8e9","name":"webmaster kapitalis","url":"https:\/\/kapitalis.com\/tunisie\/author\/webmaster-kapitalis\/"}]}},"_links":{"self":[{"href":"https:\/\/kapitalis.com\/tunisie\/wp-json\/wp\/v2\/posts\/328425","targetHints":{"allow":["GET"]}}],"collection":[{"href":"https:\/\/kapitalis.com\/tunisie\/wp-json\/wp\/v2\/posts"}],"about":[{"href":"https:\/\/kapitalis.com\/tunisie\/wp-json\/wp\/v2\/types\/post"}],"author":[{"embeddable":true,"href":"https:\/\/kapitalis.com\/tunisie\/wp-json\/wp\/v2\/users\/8"}],"replies":[{"embeddable":true,"href":"https:\/\/kapitalis.com\/tunisie\/wp-json\/wp\/v2\/comments?post=328425"}],"version-history":[{"count":0,"href":"https:\/\/kapitalis.com\/tunisie\/wp-json\/wp\/v2\/posts\/328425\/revisions"}],"wp:featuredmedia":[{"embeddable":true,"href":"https:\/\/kapitalis.com\/tunisie\/wp-json\/wp\/v2\/media\/328427"}],"wp:attachment":[{"href":"https:\/\/kapitalis.com\/tunisie\/wp-json\/wp\/v2\/media?parent=328425"}],"wp:term":[{"taxonomy":"category","embeddable":true,"href":"https:\/\/kapitalis.com\/tunisie\/wp-json\/wp\/v2\/categories?post=328425"},{"taxonomy":"post_tag","embeddable":true,"href":"https:\/\/kapitalis.com\/tunisie\/wp-json\/wp\/v2\/tags?post=328425"}],"curies":[{"name":"wp","href":"https:\/\/api.w.org\/{rel}","templated":true}]}}