{"id":328464,"date":"2020-12-16T17:11:18","date_gmt":"2020-12-16T16:11:18","guid":{"rendered":"http:\/\/kapitalis.com\/tunisie\/?p=328464"},"modified":"2020-12-16T23:03:39","modified_gmt":"2020-12-16T22:03:39","slug":"tunisair-annonce-la-reprogrammation-du-vol-tu202-a-destination-de-montreal","status":"publish","type":"post","link":"https:\/\/kapitalis.com\/tunisie\/2020\/12\/16\/tunisair-annonce-la-reprogrammation-du-vol-tu202-a-destination-de-montreal\/","title":{"rendered":"Tunisair annonce la reprogrammation du vol TU202 \u00e0 destination de Montr\u00e9al"},"content":{"rendered":"\n<figure class=\"wp-block-image size-large\"><img decoding=\"async\" src=\"http:\/\/kapitalis.com\/tunisie\/wp-content\/uploads\/2018\/04\/Tunisair-Ban.jpg\" alt=\"\" class=\"wp-image-149541\"\/><\/figure>\n\n\n\n<p><strong><em>La compagnie a\u00e9rienne nationale Tunisair a annonc\u00e9 aujourd&rsquo;hui, mercredi 16 d\u00e9cembre 2020, avoir d\u00e9cid\u00e9 de reprogrammer le vol TU202 \u00e0 destination de Montre\u0301al comme suit : Le vendredi 18 de\u0301cembre 2020 a\u0300 12h00 (heure locale tunisienne) au lieu de samedi 19 de\u0301cembre 2020.<\/em><\/strong><\/p>\n\n\n\n<!--more-->\n\n\n\n<p>Tunisair pr\u00e9cise dans son communiqu\u00e9, que le vol de retour TU203 aura lieu le samedi 19 de\u0301cembre 2020, et quittera Montr\u00e9al \u00e0 15h15 (heure canadienne) et atterrira a\u0300 Tunis \u00e0 5h30 (heure tunisienne).<\/p>\n\n\n\n<p>La compagnie a\u00e9rienne appelle dans ce sens, ses clients, \u00e0 contacter ses agences au : 81.10.77.77 (depuis Tunis), ou au +216.70.103.700\/+216. 70.101.300 (depuis l&rsquo;\u00e9tranger), ou par e-mail a\u0300 l\u2019adresse suivante : callcenter@tunisair.com.tn.<\/p>\n\n\n\n<p class=\"has-text-align-right\"><strong>Y. N.<\/strong><\/p>\n","protected":false},"excerpt":{"rendered":"<p>La compagnie a\u00e9rienne nationale Tunisair a annonc\u00e9 aujourd&rsquo;hui, mercredi 16 d\u00e9cembre 2020, avoir d\u00e9cid\u00e9 de reprogrammer le vol TU202 \u00e0 destination de Montre\u0301al comme suit : Le vendredi 18 de\u0301cembre 2020 a\u0300 12h00 (heure locale tunisienne) au lieu de samedi 19 de\u0301cembre 2020.<\/p>\n","protected":false},"author":6,"featured_media":0,"comment_status":"open","ping_status":"open","sticky":false,"template":"","format":"standard","meta":{"footnotes":""},"categories":[998,2433],"tags":[6537,7084,1501,62643,960],"class_list":["post-328464","post","type-post","status-publish","format-standard","hentry","category-societe","category-tunisie","tag-canada","tag-montreal","tag-tunisair","tag-tunisie","tag-vol"],"yoast_head":"<!-- This site is optimized with the Yoast SEO plugin v26.6 - https:\/\/yoast.com\/wordpress\/plugins\/seo\/ -->\n<title>Tunisair annonce la reprogrammation du vol TU202 \u00e0 destination de Montr\u00e9al - Kapitalis<\/title>\n<meta name=\"robots\" content=\"index, follow, max-snippet:-1, max-image-preview:large, max-video-preview:-1\" \/>\n<link rel=\"canonical\" href=\"https:\/\/kapitalis.com\/tunisie\/2020\/12\/16\/tunisair-annonce-la-reprogrammation-du-vol-tu202-a-destination-de-montreal\/\" \/>\n<meta property=\"og:locale\" content=\"fr_FR\" \/>\n<meta property=\"og:type\" content=\"article\" \/>\n<meta property=\"og:title\" content=\"Tunisair annonce la reprogrammation du vol TU202 \u00e0 destination de Montr\u00e9al - Kapitalis\" \/>\n<meta property=\"og:description\" content=\"La compagnie a\u00e9rienne nationale Tunisair a annonc\u00e9 aujourd&rsquo;hui, mercredi 16 d\u00e9cembre 2020, avoir d\u00e9cid\u00e9 de reprogrammer le vol TU202 \u00e0 destination de Montre\u0301al comme suit : Le vendredi 18 de\u0301cembre 2020 a\u0300 12h00 (heure locale tunisienne) au lieu de samedi 19 de\u0301cembre 2020.\" \/>\n<meta property=\"og:url\" content=\"https:\/\/kapitalis.com\/tunisie\/2020\/12\/16\/tunisair-annonce-la-reprogrammation-du-vol-tu202-a-destination-de-montreal\/\" \/>\n<meta property=\"og:site_name\" content=\"Kapitalis\" \/>\n<meta property=\"article:publisher\" content=\"https:\/\/www.facebook.com\/KapitalisInfo\/\" \/>\n<meta property=\"article:published_time\" content=\"2020-12-16T16:11:18+00:00\" \/>\n<meta property=\"article:modified_time\" content=\"2020-12-16T22:03:39+00:00\" \/>\n<meta property=\"og:image\" content=\"http:\/\/kapitalis.com\/tunisie\/wp-content\/uploads\/2018\/04\/Tunisair-Ban.jpg\" \/>\n<meta name=\"author\" content=\"Yusra NY\" \/>\n<meta name=\"twitter:card\" content=\"summary_large_image\" \/>\n<meta name=\"twitter:creator\" content=\"@KapitalisInfo\" \/>\n<meta name=\"twitter:site\" content=\"@KapitalisInfo\" \/>\n<meta name=\"twitter:label1\" content=\"\u00c9crit par\" \/>\n\t<meta name=\"twitter:data1\" content=\"Yusra NY\" \/>\n\t<meta name=\"twitter:label2\" content=\"Dur\u00e9e de lecture estim\u00e9e\" \/>\n\t<meta name=\"twitter:data2\" content=\"1 minute\" \/>\n<script type=\"application\/ld+json\" class=\"yoast-schema-graph\">{\"@context\":\"https:\/\/schema.org\",\"@graph\":[{\"@type\":\"Article\",\"@id\":\"https:\/\/kapitalis.com\/tunisie\/2020\/12\/16\/tunisair-annonce-la-reprogrammation-du-vol-tu202-a-destination-de-montreal\/#article\",\"isPartOf\":{\"@id\":\"https:\/\/kapitalis.com\/tunisie\/2020\/12\/16\/tunisair-annonce-la-reprogrammation-du-vol-tu202-a-destination-de-montreal\/\"},\"author\":{\"name\":\"Yusra NY\",\"@id\":\"https:\/\/kapitalis.com\/tunisie\/#\/schema\/person\/74bbde0154d49d790a92aaeac5bc01d5\"},\"headline\":\"Tunisair annonce la reprogrammation du vol TU202 \u00e0 destination de Montr\u00e9al\",\"datePublished\":\"2020-12-16T16:11:18+00:00\",\"dateModified\":\"2020-12-16T22:03:39+00:00\",\"mainEntityOfPage\":{\"@id\":\"https:\/\/kapitalis.com\/tunisie\/2020\/12\/16\/tunisair-annonce-la-reprogrammation-du-vol-tu202-a-destination-de-montreal\/\"},\"wordCount\":118,\"commentCount\":0,\"publisher\":{\"@id\":\"https:\/\/kapitalis.com\/tunisie\/#organization\"},\"image\":{\"@id\":\"https:\/\/kapitalis.com\/tunisie\/2020\/12\/16\/tunisair-annonce-la-reprogrammation-du-vol-tu202-a-destination-de-montreal\/#primaryimage\"},\"thumbnailUrl\":\"http:\/\/kapitalis.com\/tunisie\/wp-content\/uploads\/2018\/04\/Tunisair-Ban.jpg\",\"keywords\":[\"Canada\",\"Montr\u00e9al\",\"Tunisair\",\"Tunisie\",\"vol\"],\"articleSection\":[\"SOCIETE\",\"Tunisie\"],\"inLanguage\":\"fr-FR\",\"potentialAction\":[{\"@type\":\"CommentAction\",\"name\":\"Comment\",\"target\":[\"https:\/\/kapitalis.com\/tunisie\/2020\/12\/16\/tunisair-annonce-la-reprogrammation-du-vol-tu202-a-destination-de-montreal\/#respond\"]}]},{\"@type\":\"WebPage\",\"@id\":\"https:\/\/kapitalis.com\/tunisie\/2020\/12\/16\/tunisair-annonce-la-reprogrammation-du-vol-tu202-a-destination-de-montreal\/\",\"url\":\"https:\/\/kapitalis.com\/tunisie\/2020\/12\/16\/tunisair-annonce-la-reprogrammation-du-vol-tu202-a-destination-de-montreal\/\",\"name\":\"Tunisair annonce la reprogrammation du vol TU202 \u00e0 destination de Montr\u00e9al - Kapitalis\",\"isPartOf\":{\"@id\":\"https:\/\/kapitalis.com\/tunisie\/#website\"},\"primaryImageOfPage\":{\"@id\":\"https:\/\/kapitalis.com\/tunisie\/2020\/12\/16\/tunisair-annonce-la-reprogrammation-du-vol-tu202-a-destination-de-montreal\/#primaryimage\"},\"image\":{\"@id\":\"https:\/\/kapitalis.com\/tunisie\/2020\/12\/16\/tunisair-annonce-la-reprogrammation-du-vol-tu202-a-destination-de-montreal\/#primaryimage\"},\"thumbnailUrl\":\"http:\/\/kapitalis.com\/tunisie\/wp-content\/uploads\/2018\/04\/Tunisair-Ban.jpg\",\"datePublished\":\"2020-12-16T16:11:18+00:00\",\"dateModified\":\"2020-12-16T22:03:39+00:00\",\"breadcrumb\":{\"@id\":\"https:\/\/kapitalis.com\/tunisie\/2020\/12\/16\/tunisair-annonce-la-reprogrammation-du-vol-tu202-a-destination-de-montreal\/#breadcrumb\"},\"inLanguage\":\"fr-FR\",\"potentialAction\":[{\"@type\":\"ReadAction\",\"target\":[\"https:\/\/kapitalis.com\/tunisie\/2020\/12\/16\/tunisair-annonce-la-reprogrammation-du-vol-tu202-a-destination-de-montreal\/\"]}]},{\"@type\":\"ImageObject\",\"inLanguage\":\"fr-FR\",\"@id\":\"https:\/\/kapitalis.com\/tunisie\/2020\/12\/16\/tunisair-annonce-la-reprogrammation-du-vol-tu202-a-destination-de-montreal\/#primaryimage\",\"url\":\"http:\/\/kapitalis.com\/tunisie\/wp-content\/uploads\/2018\/04\/Tunisair-Ban.jpg\",\"contentUrl\":\"http:\/\/kapitalis.com\/tunisie\/wp-content\/uploads\/2018\/04\/Tunisair-Ban.jpg\"},{\"@type\":\"BreadcrumbList\",\"@id\":\"https:\/\/kapitalis.com\/tunisie\/2020\/12\/16\/tunisair-annonce-la-reprogrammation-du-vol-tu202-a-destination-de-montreal\/#breadcrumb\",\"itemListElement\":[{\"@type\":\"ListItem\",\"position\":1,\"name\":\"Accueil\",\"item\":\"https:\/\/kapitalis.com\/tunisie\/\"},{\"@type\":\"ListItem\",\"position\":2,\"name\":\"Tunisair annonce la reprogrammation du vol TU202 \u00e0 destination de Montr\u00e9al\"}]},{\"@type\":\"WebSite\",\"@id\":\"https:\/\/kapitalis.com\/tunisie\/#website\",\"url\":\"https:\/\/kapitalis.com\/tunisie\/\",\"name\":\"Kapitalis\",\"description\":\"L&#039;actualit\u00e9 en Tunisie et dans le monde\",\"publisher\":{\"@id\":\"https:\/\/kapitalis.com\/tunisie\/#organization\"},\"potentialAction\":[{\"@type\":\"SearchAction\",\"target\":{\"@type\":\"EntryPoint\",\"urlTemplate\":\"https:\/\/kapitalis.com\/tunisie\/?s={search_term_string}\"},\"query-input\":{\"@type\":\"PropertyValueSpecification\",\"valueRequired\":true,\"valueName\":\"search_term_string\"}}],\"inLanguage\":\"fr-FR\"},{\"@type\":\"Organization\",\"@id\":\"https:\/\/kapitalis.com\/tunisie\/#organization\",\"name\":\"Kapitalis\",\"url\":\"https:\/\/kapitalis.com\/tunisie\/\",\"logo\":{\"@type\":\"ImageObject\",\"inLanguage\":\"fr-FR\",\"@id\":\"https:\/\/kapitalis.com\/tunisie\/#\/schema\/logo\/image\/\",\"url\":\"https:\/\/kapitalis.com\/tunisie\/wp-content\/uploads\/2022\/05\/Kapitalis-big-size.png\",\"contentUrl\":\"https:\/\/kapitalis.com\/tunisie\/wp-content\/uploads\/2022\/05\/Kapitalis-big-size.png\",\"width\":5000,\"height\":1500,\"caption\":\"Kapitalis\"},\"image\":{\"@id\":\"https:\/\/kapitalis.com\/tunisie\/#\/schema\/logo\/image\/\"},\"sameAs\":[\"https:\/\/www.facebook.com\/KapitalisInfo\/\",\"https:\/\/x.com\/KapitalisInfo\",\"https:\/\/www.youtube.com\/channel\/UC-yDYrHyfFBWWZaOw3FPg9Q\"]},{\"@type\":\"Person\",\"@id\":\"https:\/\/kapitalis.com\/tunisie\/#\/schema\/person\/74bbde0154d49d790a92aaeac5bc01d5\",\"name\":\"Yusra NY\",\"url\":\"https:\/\/kapitalis.com\/tunisie\/author\/yuza_adam\/\"}]}<\/script>\n<!-- \/ Yoast SEO plugin. -->","yoast_head_json":{"title":"Tunisair annonce la reprogrammation du vol TU202 \u00e0 destination de Montr\u00e9al - Kapitalis","robots":{"index":"index","follow":"follow","max-snippet":"max-snippet:-1","max-image-preview":"max-image-preview:large","max-video-preview":"max-video-preview:-1"},"canonical":"https:\/\/kapitalis.com\/tunisie\/2020\/12\/16\/tunisair-annonce-la-reprogrammation-du-vol-tu202-a-destination-de-montreal\/","og_locale":"fr_FR","og_type":"article","og_title":"Tunisair annonce la reprogrammation du vol TU202 \u00e0 destination de Montr\u00e9al - Kapitalis","og_description":"La compagnie a\u00e9rienne nationale Tunisair a annonc\u00e9 aujourd&rsquo;hui, mercredi 16 d\u00e9cembre 2020, avoir d\u00e9cid\u00e9 de reprogrammer le vol TU202 \u00e0 destination de Montre\u0301al comme suit : Le vendredi 18 de\u0301cembre 2020 a\u0300 12h00 (heure locale tunisienne) au lieu de samedi 19 de\u0301cembre 2020.","og_url":"https:\/\/kapitalis.com\/tunisie\/2020\/12\/16\/tunisair-annonce-la-reprogrammation-du-vol-tu202-a-destination-de-montreal\/","og_site_name":"Kapitalis","article_publisher":"https:\/\/www.facebook.com\/KapitalisInfo\/","article_published_time":"2020-12-16T16:11:18+00:00","article_modified_time":"2020-12-16T22:03:39+00:00","og_image":[{"url":"http:\/\/kapitalis.com\/tunisie\/wp-content\/uploads\/2018\/04\/Tunisair-Ban.jpg","type":"","width":"","height":""}],"author":"Yusra NY","twitter_card":"summary_large_image","twitter_creator":"@KapitalisInfo","twitter_site":"@KapitalisInfo","twitter_misc":{"\u00c9crit par":"Yusra NY","Dur\u00e9e de lecture estim\u00e9e":"1 minute"},"schema":{"@context":"https:\/\/schema.org","@graph":[{"@type":"Article","@id":"https:\/\/kapitalis.com\/tunisie\/2020\/12\/16\/tunisair-annonce-la-reprogrammation-du-vol-tu202-a-destination-de-montreal\/#article","isPartOf":{"@id":"https:\/\/kapitalis.com\/tunisie\/2020\/12\/16\/tunisair-annonce-la-reprogrammation-du-vol-tu202-a-destination-de-montreal\/"},"author":{"name":"Yusra NY","@id":"https:\/\/kapitalis.com\/tunisie\/#\/schema\/person\/74bbde0154d49d790a92aaeac5bc01d5"},"headline":"Tunisair annonce la reprogrammation du vol TU202 \u00e0 destination de Montr\u00e9al","datePublished":"2020-12-16T16:11:18+00:00","dateModified":"2020-12-16T22:03:39+00:00","mainEntityOfPage":{"@id":"https:\/\/kapitalis.com\/tunisie\/2020\/12\/16\/tunisair-annonce-la-reprogrammation-du-vol-tu202-a-destination-de-montreal\/"},"wordCount":118,"commentCount":0,"publisher":{"@id":"https:\/\/kapitalis.com\/tunisie\/#organization"},"image":{"@id":"https:\/\/kapitalis.com\/tunisie\/2020\/12\/16\/tunisair-annonce-la-reprogrammation-du-vol-tu202-a-destination-de-montreal\/#primaryimage"},"thumbnailUrl":"http:\/\/kapitalis.com\/tunisie\/wp-content\/uploads\/2018\/04\/Tunisair-Ban.jpg","keywords":["Canada","Montr\u00e9al","Tunisair","Tunisie","vol"],"articleSection":["SOCIETE","Tunisie"],"inLanguage":"fr-FR","potentialAction":[{"@type":"CommentAction","name":"Comment","target":["https:\/\/kapitalis.com\/tunisie\/2020\/12\/16\/tunisair-annonce-la-reprogrammation-du-vol-tu202-a-destination-de-montreal\/#respond"]}]},{"@type":"WebPage","@id":"https:\/\/kapitalis.com\/tunisie\/2020\/12\/16\/tunisair-annonce-la-reprogrammation-du-vol-tu202-a-destination-de-montreal\/","url":"https:\/\/kapitalis.com\/tunisie\/2020\/12\/16\/tunisair-annonce-la-reprogrammation-du-vol-tu202-a-destination-de-montreal\/","name":"Tunisair annonce la reprogrammation du vol TU202 \u00e0 destination de Montr\u00e9al - Kapitalis","isPartOf":{"@id":"https:\/\/kapitalis.com\/tunisie\/#website"},"primaryImageOfPage":{"@id":"https:\/\/kapitalis.com\/tunisie\/2020\/12\/16\/tunisair-annonce-la-reprogrammation-du-vol-tu202-a-destination-de-montreal\/#primaryimage"},"image":{"@id":"https:\/\/kapitalis.com\/tunisie\/2020\/12\/16\/tunisair-annonce-la-reprogrammation-du-vol-tu202-a-destination-de-montreal\/#primaryimage"},"thumbnailUrl":"http:\/\/kapitalis.com\/tunisie\/wp-content\/uploads\/2018\/04\/Tunisair-Ban.jpg","datePublished":"2020-12-16T16:11:18+00:00","dateModified":"2020-12-16T22:03:39+00:00","breadcrumb":{"@id":"https:\/\/kapitalis.com\/tunisie\/2020\/12\/16\/tunisair-annonce-la-reprogrammation-du-vol-tu202-a-destination-de-montreal\/#breadcrumb"},"inLanguage":"fr-FR","potentialAction":[{"@type":"ReadAction","target":["https:\/\/kapitalis.com\/tunisie\/2020\/12\/16\/tunisair-annonce-la-reprogrammation-du-vol-tu202-a-destination-de-montreal\/"]}]},{"@type":"ImageObject","inLanguage":"fr-FR","@id":"https:\/\/kapitalis.com\/tunisie\/2020\/12\/16\/tunisair-annonce-la-reprogrammation-du-vol-tu202-a-destination-de-montreal\/#primaryimage","url":"http:\/\/kapitalis.com\/tunisie\/wp-content\/uploads\/2018\/04\/Tunisair-Ban.jpg","contentUrl":"http:\/\/kapitalis.com\/tunisie\/wp-content\/uploads\/2018\/04\/Tunisair-Ban.jpg"},{"@type":"BreadcrumbList","@id":"https:\/\/kapitalis.com\/tunisie\/2020\/12\/16\/tunisair-annonce-la-reprogrammation-du-vol-tu202-a-destination-de-montreal\/#breadcrumb","itemListElement":[{"@type":"ListItem","position":1,"name":"Accueil","item":"https:\/\/kapitalis.com\/tunisie\/"},{"@type":"ListItem","position":2,"name":"Tunisair annonce la reprogrammation du vol TU202 \u00e0 destination de Montr\u00e9al"}]},{"@type":"WebSite","@id":"https:\/\/kapitalis.com\/tunisie\/#website","url":"https:\/\/kapitalis.com\/tunisie\/","name":"Kapitalis","description":"L&#039;actualit\u00e9 en Tunisie et dans le monde","publisher":{"@id":"https:\/\/kapitalis.com\/tunisie\/#organization"},"potentialAction":[{"@type":"SearchAction","target":{"@type":"EntryPoint","urlTemplate":"https:\/\/kapitalis.com\/tunisie\/?s={search_term_string}"},"query-input":{"@type":"PropertyValueSpecification","valueRequired":true,"valueName":"search_term_string"}}],"inLanguage":"fr-FR"},{"@type":"Organization","@id":"https:\/\/kapitalis.com\/tunisie\/#organization","name":"Kapitalis","url":"https:\/\/kapitalis.com\/tunisie\/","logo":{"@type":"ImageObject","inLanguage":"fr-FR","@id":"https:\/\/kapitalis.com\/tunisie\/#\/schema\/logo\/image\/","url":"https:\/\/kapitalis.com\/tunisie\/wp-content\/uploads\/2022\/05\/Kapitalis-big-size.png","contentUrl":"https:\/\/kapitalis.com\/tunisie\/wp-content\/uploads\/2022\/05\/Kapitalis-big-size.png","width":5000,"height":1500,"caption":"Kapitalis"},"image":{"@id":"https:\/\/kapitalis.com\/tunisie\/#\/schema\/logo\/image\/"},"sameAs":["https:\/\/www.facebook.com\/KapitalisInfo\/","https:\/\/x.com\/KapitalisInfo","https:\/\/www.youtube.com\/channel\/UC-yDYrHyfFBWWZaOw3FPg9Q"]},{"@type":"Person","@id":"https:\/\/kapitalis.com\/tunisie\/#\/schema\/person\/74bbde0154d49d790a92aaeac5bc01d5","name":"Yusra NY","url":"https:\/\/kapitalis.com\/tunisie\/author\/yuza_adam\/"}]}},"_links":{"self":[{"href":"https:\/\/kapitalis.com\/tunisie\/wp-json\/wp\/v2\/posts\/328464","targetHints":{"allow":["GET"]}}],"collection":[{"href":"https:\/\/kapitalis.com\/tunisie\/wp-json\/wp\/v2\/posts"}],"about":[{"href":"https:\/\/kapitalis.com\/tunisie\/wp-json\/wp\/v2\/types\/post"}],"author":[{"embeddable":true,"href":"https:\/\/kapitalis.com\/tunisie\/wp-json\/wp\/v2\/users\/6"}],"replies":[{"embeddable":true,"href":"https:\/\/kapitalis.com\/tunisie\/wp-json\/wp\/v2\/comments?post=328464"}],"version-history":[{"count":0,"href":"https:\/\/kapitalis.com\/tunisie\/wp-json\/wp\/v2\/posts\/328464\/revisions"}],"wp:attachment":[{"href":"https:\/\/kapitalis.com\/tunisie\/wp-json\/wp\/v2\/media?parent=328464"}],"wp:term":[{"taxonomy":"category","embeddable":true,"href":"https:\/\/kapitalis.com\/tunisie\/wp-json\/wp\/v2\/categories?post=328464"},{"taxonomy":"post_tag","embeddable":true,"href":"https:\/\/kapitalis.com\/tunisie\/wp-json\/wp\/v2\/tags?post=328464"}],"curies":[{"name":"wp","href":"https:\/\/api.w.org\/{rel}","templated":true}]}}