{"id":328467,"date":"2020-12-16T17:44:04","date_gmt":"2020-12-16T16:44:04","guid":{"rendered":"http:\/\/kapitalis.com\/tunisie\/?p=328467"},"modified":"2020-12-16T23:03:29","modified_gmt":"2020-12-16T22:03:29","slug":"ariana-une-mere-et-son-bebe-decedent-dans-une-fuite-de-gaz-le-pere-dans-dans-etat-critique","status":"publish","type":"post","link":"https:\/\/kapitalis.com\/tunisie\/2020\/12\/16\/ariana-une-mere-et-son-bebe-decedent-dans-une-fuite-de-gaz-le-pere-dans-dans-etat-critique\/","title":{"rendered":"Ariana : Une m\u00e8re et son b\u00e9b\u00e9 d\u00e9c\u00e8dent dans une fuite de gaz, le p\u00e8re dans dans \u00e9tat critique"},"content":{"rendered":"\n<figure class=\"wp-block-image size-large\"><img decoding=\"async\" src=\"http:\/\/kapitalis.com\/tunisie\/wp-content\/uploads\/2020\/12\/PROTECTION-CIVILE.jpg\" alt=\"\" class=\"wp-image-328471\"\/><\/figure>\n\n\n\n<p><strong><em>Une femme de 43 ans et son b\u00e9b\u00e9 de 18 mois, sont d\u00e9c\u00e9d\u00e9s asphyxi\u00e9s par le gaz, ce mercredi 16 d\u00e9cembre 2020, chez eux \u00e0 la cit\u00e9 Jomhouria, \u00e0 Mnihla au gouvernorat de l&rsquo;Ariana (nord de Tunis).<\/em><\/strong><\/p>\n\n\n\n<!--more-->\n\n\n\n<p>Le colonel major Moez Triaa, porte-parole de la protection civile, a pr\u00e9cis\u00e9 dans une d\u00e9claration \u00e0 Kapitalis, que les agents sont intervenus vers 14h20 suite \u00e0 une fuite d&rsquo;une bouteille de gaz, en ajoutant que le papa, \u00e2g\u00e9 de 41 ans, dont l&rsquo;\u00e9tat est grave a \u00e9t\u00e9 transport\u00e9 \u00e0 l&rsquo;h\u00f4pital.<\/p>\n\n\n\n<p>Rappelons que, samedi dernier, un couple et leur fillette de 8 ans ont \u00e9t\u00e9 retrouv\u00e9s morts, chez eux, \u00e0 Sousse, dans les m\u00eames circonstances.<\/p>\n\n\n\n<p>Notons aussi qu&rsquo;au mois de novembre 2020, deux personnes sont mortes \u00e0 cause d&rsquo;une fuite de gaz, 108 autres avaient \u00e9t\u00e9 transport\u00e9es \u00e0 l&rsquo;h\u00f4pital.<\/p>\n\n\n\n<p class=\"has-text-align-right\"><strong>Y. N.<\/strong><\/p>\n\n\n\n<figure class=\"wp-block-embed-wordpress wp-block-embed is-type-wp-embed is-provider-kapitalis\"><div class=\"wp-block-embed__wrapper\">\n<blockquote class=\"wp-embedded-content\" data-secret=\"BL6FP4TpX6\"><a href=\"https:\/\/kapitalis.com\/tunisie\/2020\/12\/12\/sousse-trois-membres-dune-meme-famille-dont-une-fillette-de-8-ans-decedent-dans-une-fuite-de-gaz\/\">Sousse : Trois membres d\u2019une m\u00eame famille, dont une fillette de 8 ans, d\u00e9c\u00e8dent dans une fuite de gaz<\/a><\/blockquote><iframe loading=\"lazy\" class=\"wp-embedded-content\" sandbox=\"allow-scripts\" security=\"restricted\" style=\"position: absolute; clip: rect(1px, 1px, 1px, 1px);\" title=\"\u00ab\u00a0Sousse : Trois membres d\u2019une m\u00eame famille, dont une fillette de 8 ans, d\u00e9c\u00e8dent dans une fuite de gaz\u00a0\u00bb &#8212; Kapitalis\" src=\"https:\/\/kapitalis.com\/tunisie\/2020\/12\/12\/sousse-trois-membres-dune-meme-famille-dont-une-fillette-de-8-ans-decedent-dans-une-fuite-de-gaz\/embed\/#?secret=Dkk1sPP6Kj#?secret=BL6FP4TpX6\" data-secret=\"BL6FP4TpX6\" width=\"600\" height=\"338\" frameborder=\"0\" marginwidth=\"0\" marginheight=\"0\" scrolling=\"no\"><\/iframe>\n<\/div><\/figure>\n","protected":false},"excerpt":{"rendered":"<p>Une femme de 43 ans et son b\u00e9b\u00e9 de 18 mois, sont d\u00e9c\u00e9d\u00e9s asphyxi\u00e9s par le gaz, ce mercredi 16 d\u00e9cembre 2020, chez eux \u00e0 la cit\u00e9 Jomhouria, \u00e0 Mnihla au gouvernorat de l&rsquo;Ariana (nord de Tunis).<\/p>\n","protected":false},"author":6,"featured_media":328471,"comment_status":"open","ping_status":"open","sticky":false,"template":"","format":"standard","meta":{"footnotes":""},"categories":[998,2433],"tags":[79,85712,85713,16599,8459,64491],"class_list":["post-328467","post","type-post","status-publish","format-standard","has-post-thumbnail","hentry","category-societe","category-tunisie","tag-ariana","tag-cite-jomhouria","tag-deces-protection-civile","tag-fuite-gaz","tag-mnihla","tag-tunis"],"yoast_head":"<!-- This site is optimized with the Yoast SEO plugin v26.6 - https:\/\/yoast.com\/wordpress\/plugins\/seo\/ -->\n<title>Ariana : Une m\u00e8re et son b\u00e9b\u00e9 d\u00e9c\u00e8dent dans une fuite de gaz, le p\u00e8re dans dans \u00e9tat critique - Kapitalis<\/title>\n<meta name=\"robots\" content=\"index, follow, max-snippet:-1, max-image-preview:large, max-video-preview:-1\" \/>\n<link rel=\"canonical\" href=\"https:\/\/kapitalis.com\/tunisie\/2020\/12\/16\/ariana-une-mere-et-son-bebe-decedent-dans-une-fuite-de-gaz-le-pere-dans-dans-etat-critique\/\" \/>\n<meta property=\"og:locale\" content=\"fr_FR\" \/>\n<meta property=\"og:type\" content=\"article\" \/>\n<meta property=\"og:title\" content=\"Ariana : Une m\u00e8re et son b\u00e9b\u00e9 d\u00e9c\u00e8dent dans une fuite de gaz, le p\u00e8re dans dans \u00e9tat critique - Kapitalis\" \/>\n<meta property=\"og:description\" content=\"Une femme de 43 ans et son b\u00e9b\u00e9 de 18 mois, sont d\u00e9c\u00e9d\u00e9s asphyxi\u00e9s par le gaz, ce mercredi 16 d\u00e9cembre 2020, chez eux \u00e0 la cit\u00e9 Jomhouria, \u00e0 Mnihla au gouvernorat de l&rsquo;Ariana (nord de Tunis).\" \/>\n<meta property=\"og:url\" content=\"https:\/\/kapitalis.com\/tunisie\/2020\/12\/16\/ariana-une-mere-et-son-bebe-decedent-dans-une-fuite-de-gaz-le-pere-dans-dans-etat-critique\/\" \/>\n<meta property=\"og:site_name\" content=\"Kapitalis\" \/>\n<meta property=\"article:publisher\" content=\"https:\/\/www.facebook.com\/KapitalisInfo\/\" \/>\n<meta property=\"article:published_time\" content=\"2020-12-16T16:44:04+00:00\" \/>\n<meta property=\"article:modified_time\" content=\"2020-12-16T22:03:29+00:00\" \/>\n<meta property=\"og:image\" content=\"https:\/\/kapitalis.com\/tunisie\/wp-content\/uploads\/2022\/05\/kapitalis-logo-fb.png\" \/>\n\t<meta property=\"og:image:width\" content=\"1200\" \/>\n\t<meta property=\"og:image:height\" content=\"630\" \/>\n\t<meta property=\"og:image:type\" content=\"image\/png\" \/>\n<meta name=\"author\" content=\"Yusra NY\" \/>\n<meta name=\"twitter:card\" content=\"summary_large_image\" \/>\n<meta name=\"twitter:creator\" content=\"@KapitalisInfo\" \/>\n<meta name=\"twitter:site\" content=\"@KapitalisInfo\" \/>\n<meta name=\"twitter:label1\" content=\"\u00c9crit par\" \/>\n\t<meta name=\"twitter:data1\" content=\"Yusra NY\" \/>\n\t<meta name=\"twitter:label2\" content=\"Dur\u00e9e de lecture estim\u00e9e\" \/>\n\t<meta name=\"twitter:data2\" content=\"1 minute\" \/>\n<script type=\"application\/ld+json\" class=\"yoast-schema-graph\">{\"@context\":\"https:\/\/schema.org\",\"@graph\":[{\"@type\":\"Article\",\"@id\":\"https:\/\/kapitalis.com\/tunisie\/2020\/12\/16\/ariana-une-mere-et-son-bebe-decedent-dans-une-fuite-de-gaz-le-pere-dans-dans-etat-critique\/#article\",\"isPartOf\":{\"@id\":\"https:\/\/kapitalis.com\/tunisie\/2020\/12\/16\/ariana-une-mere-et-son-bebe-decedent-dans-une-fuite-de-gaz-le-pere-dans-dans-etat-critique\/\"},\"author\":{\"name\":\"Yusra NY\",\"@id\":\"https:\/\/kapitalis.com\/tunisie\/#\/schema\/person\/74bbde0154d49d790a92aaeac5bc01d5\"},\"headline\":\"Ariana : Une m\u00e8re et son b\u00e9b\u00e9 d\u00e9c\u00e8dent dans une fuite de gaz, le p\u00e8re dans dans \u00e9tat critique\",\"datePublished\":\"2020-12-16T16:44:04+00:00\",\"dateModified\":\"2020-12-16T22:03:29+00:00\",\"mainEntityOfPage\":{\"@id\":\"https:\/\/kapitalis.com\/tunisie\/2020\/12\/16\/ariana-une-mere-et-son-bebe-decedent-dans-une-fuite-de-gaz-le-pere-dans-dans-etat-critique\/\"},\"wordCount\":164,\"commentCount\":0,\"publisher\":{\"@id\":\"https:\/\/kapitalis.com\/tunisie\/#organization\"},\"image\":{\"@id\":\"https:\/\/kapitalis.com\/tunisie\/2020\/12\/16\/ariana-une-mere-et-son-bebe-decedent-dans-une-fuite-de-gaz-le-pere-dans-dans-etat-critique\/#primaryimage\"},\"thumbnailUrl\":\"\",\"keywords\":[\"Ariana\",\"cit\u00e9 Jomhouria\",\"d\u00e9c\u00e8s; protection civile\",\"fuite gaz\",\"Mnihla\",\"Tunis\"],\"articleSection\":[\"SOCIETE\",\"Tunisie\"],\"inLanguage\":\"fr-FR\",\"potentialAction\":[{\"@type\":\"CommentAction\",\"name\":\"Comment\",\"target\":[\"https:\/\/kapitalis.com\/tunisie\/2020\/12\/16\/ariana-une-mere-et-son-bebe-decedent-dans-une-fuite-de-gaz-le-pere-dans-dans-etat-critique\/#respond\"]}]},{\"@type\":\"WebPage\",\"@id\":\"https:\/\/kapitalis.com\/tunisie\/2020\/12\/16\/ariana-une-mere-et-son-bebe-decedent-dans-une-fuite-de-gaz-le-pere-dans-dans-etat-critique\/\",\"url\":\"https:\/\/kapitalis.com\/tunisie\/2020\/12\/16\/ariana-une-mere-et-son-bebe-decedent-dans-une-fuite-de-gaz-le-pere-dans-dans-etat-critique\/\",\"name\":\"Ariana : Une m\u00e8re et son b\u00e9b\u00e9 d\u00e9c\u00e8dent dans une fuite de gaz, le p\u00e8re dans dans \u00e9tat critique - Kapitalis\",\"isPartOf\":{\"@id\":\"https:\/\/kapitalis.com\/tunisie\/#website\"},\"primaryImageOfPage\":{\"@id\":\"https:\/\/kapitalis.com\/tunisie\/2020\/12\/16\/ariana-une-mere-et-son-bebe-decedent-dans-une-fuite-de-gaz-le-pere-dans-dans-etat-critique\/#primaryimage\"},\"image\":{\"@id\":\"https:\/\/kapitalis.com\/tunisie\/2020\/12\/16\/ariana-une-mere-et-son-bebe-decedent-dans-une-fuite-de-gaz-le-pere-dans-dans-etat-critique\/#primaryimage\"},\"thumbnailUrl\":\"\",\"datePublished\":\"2020-12-16T16:44:04+00:00\",\"dateModified\":\"2020-12-16T22:03:29+00:00\",\"breadcrumb\":{\"@id\":\"https:\/\/kapitalis.com\/tunisie\/2020\/12\/16\/ariana-une-mere-et-son-bebe-decedent-dans-une-fuite-de-gaz-le-pere-dans-dans-etat-critique\/#breadcrumb\"},\"inLanguage\":\"fr-FR\",\"potentialAction\":[{\"@type\":\"ReadAction\",\"target\":[\"https:\/\/kapitalis.com\/tunisie\/2020\/12\/16\/ariana-une-mere-et-son-bebe-decedent-dans-une-fuite-de-gaz-le-pere-dans-dans-etat-critique\/\"]}]},{\"@type\":\"ImageObject\",\"inLanguage\":\"fr-FR\",\"@id\":\"https:\/\/kapitalis.com\/tunisie\/2020\/12\/16\/ariana-une-mere-et-son-bebe-decedent-dans-une-fuite-de-gaz-le-pere-dans-dans-etat-critique\/#primaryimage\",\"url\":\"\",\"contentUrl\":\"\"},{\"@type\":\"BreadcrumbList\",\"@id\":\"https:\/\/kapitalis.com\/tunisie\/2020\/12\/16\/ariana-une-mere-et-son-bebe-decedent-dans-une-fuite-de-gaz-le-pere-dans-dans-etat-critique\/#breadcrumb\",\"itemListElement\":[{\"@type\":\"ListItem\",\"position\":1,\"name\":\"Accueil\",\"item\":\"https:\/\/kapitalis.com\/tunisie\/\"},{\"@type\":\"ListItem\",\"position\":2,\"name\":\"Ariana : Une m\u00e8re et son b\u00e9b\u00e9 d\u00e9c\u00e8dent dans une fuite de gaz, le p\u00e8re dans dans \u00e9tat critique\"}]},{\"@type\":\"WebSite\",\"@id\":\"https:\/\/kapitalis.com\/tunisie\/#website\",\"url\":\"https:\/\/kapitalis.com\/tunisie\/\",\"name\":\"Kapitalis\",\"description\":\"L&#039;actualit\u00e9 en Tunisie et dans le monde\",\"publisher\":{\"@id\":\"https:\/\/kapitalis.com\/tunisie\/#organization\"},\"potentialAction\":[{\"@type\":\"SearchAction\",\"target\":{\"@type\":\"EntryPoint\",\"urlTemplate\":\"https:\/\/kapitalis.com\/tunisie\/?s={search_term_string}\"},\"query-input\":{\"@type\":\"PropertyValueSpecification\",\"valueRequired\":true,\"valueName\":\"search_term_string\"}}],\"inLanguage\":\"fr-FR\"},{\"@type\":\"Organization\",\"@id\":\"https:\/\/kapitalis.com\/tunisie\/#organization\",\"name\":\"Kapitalis\",\"url\":\"https:\/\/kapitalis.com\/tunisie\/\",\"logo\":{\"@type\":\"ImageObject\",\"inLanguage\":\"fr-FR\",\"@id\":\"https:\/\/kapitalis.com\/tunisie\/#\/schema\/logo\/image\/\",\"url\":\"https:\/\/kapitalis.com\/tunisie\/wp-content\/uploads\/2022\/05\/Kapitalis-big-size.png\",\"contentUrl\":\"https:\/\/kapitalis.com\/tunisie\/wp-content\/uploads\/2022\/05\/Kapitalis-big-size.png\",\"width\":5000,\"height\":1500,\"caption\":\"Kapitalis\"},\"image\":{\"@id\":\"https:\/\/kapitalis.com\/tunisie\/#\/schema\/logo\/image\/\"},\"sameAs\":[\"https:\/\/www.facebook.com\/KapitalisInfo\/\",\"https:\/\/x.com\/KapitalisInfo\",\"https:\/\/www.youtube.com\/channel\/UC-yDYrHyfFBWWZaOw3FPg9Q\"]},{\"@type\":\"Person\",\"@id\":\"https:\/\/kapitalis.com\/tunisie\/#\/schema\/person\/74bbde0154d49d790a92aaeac5bc01d5\",\"name\":\"Yusra NY\",\"url\":\"https:\/\/kapitalis.com\/tunisie\/author\/yuza_adam\/\"}]}<\/script>\n<!-- \/ Yoast SEO plugin. -->","yoast_head_json":{"title":"Ariana : Une m\u00e8re et son b\u00e9b\u00e9 d\u00e9c\u00e8dent dans une fuite de gaz, le p\u00e8re dans dans \u00e9tat critique - Kapitalis","robots":{"index":"index","follow":"follow","max-snippet":"max-snippet:-1","max-image-preview":"max-image-preview:large","max-video-preview":"max-video-preview:-1"},"canonical":"https:\/\/kapitalis.com\/tunisie\/2020\/12\/16\/ariana-une-mere-et-son-bebe-decedent-dans-une-fuite-de-gaz-le-pere-dans-dans-etat-critique\/","og_locale":"fr_FR","og_type":"article","og_title":"Ariana : Une m\u00e8re et son b\u00e9b\u00e9 d\u00e9c\u00e8dent dans une fuite de gaz, le p\u00e8re dans dans \u00e9tat critique - Kapitalis","og_description":"Une femme de 43 ans et son b\u00e9b\u00e9 de 18 mois, sont d\u00e9c\u00e9d\u00e9s asphyxi\u00e9s par le gaz, ce mercredi 16 d\u00e9cembre 2020, chez eux \u00e0 la cit\u00e9 Jomhouria, \u00e0 Mnihla au gouvernorat de l&rsquo;Ariana (nord de Tunis).","og_url":"https:\/\/kapitalis.com\/tunisie\/2020\/12\/16\/ariana-une-mere-et-son-bebe-decedent-dans-une-fuite-de-gaz-le-pere-dans-dans-etat-critique\/","og_site_name":"Kapitalis","article_publisher":"https:\/\/www.facebook.com\/KapitalisInfo\/","article_published_time":"2020-12-16T16:44:04+00:00","article_modified_time":"2020-12-16T22:03:29+00:00","og_image":[{"width":1200,"height":630,"url":"https:\/\/kapitalis.com\/tunisie\/wp-content\/uploads\/2022\/05\/kapitalis-logo-fb.png","type":"image\/png"}],"author":"Yusra NY","twitter_card":"summary_large_image","twitter_creator":"@KapitalisInfo","twitter_site":"@KapitalisInfo","twitter_misc":{"\u00c9crit par":"Yusra NY","Dur\u00e9e de lecture estim\u00e9e":"1 minute"},"schema":{"@context":"https:\/\/schema.org","@graph":[{"@type":"Article","@id":"https:\/\/kapitalis.com\/tunisie\/2020\/12\/16\/ariana-une-mere-et-son-bebe-decedent-dans-une-fuite-de-gaz-le-pere-dans-dans-etat-critique\/#article","isPartOf":{"@id":"https:\/\/kapitalis.com\/tunisie\/2020\/12\/16\/ariana-une-mere-et-son-bebe-decedent-dans-une-fuite-de-gaz-le-pere-dans-dans-etat-critique\/"},"author":{"name":"Yusra NY","@id":"https:\/\/kapitalis.com\/tunisie\/#\/schema\/person\/74bbde0154d49d790a92aaeac5bc01d5"},"headline":"Ariana : Une m\u00e8re et son b\u00e9b\u00e9 d\u00e9c\u00e8dent dans une fuite de gaz, le p\u00e8re dans dans \u00e9tat critique","datePublished":"2020-12-16T16:44:04+00:00","dateModified":"2020-12-16T22:03:29+00:00","mainEntityOfPage":{"@id":"https:\/\/kapitalis.com\/tunisie\/2020\/12\/16\/ariana-une-mere-et-son-bebe-decedent-dans-une-fuite-de-gaz-le-pere-dans-dans-etat-critique\/"},"wordCount":164,"commentCount":0,"publisher":{"@id":"https:\/\/kapitalis.com\/tunisie\/#organization"},"image":{"@id":"https:\/\/kapitalis.com\/tunisie\/2020\/12\/16\/ariana-une-mere-et-son-bebe-decedent-dans-une-fuite-de-gaz-le-pere-dans-dans-etat-critique\/#primaryimage"},"thumbnailUrl":"","keywords":["Ariana","cit\u00e9 Jomhouria","d\u00e9c\u00e8s; protection civile","fuite gaz","Mnihla","Tunis"],"articleSection":["SOCIETE","Tunisie"],"inLanguage":"fr-FR","potentialAction":[{"@type":"CommentAction","name":"Comment","target":["https:\/\/kapitalis.com\/tunisie\/2020\/12\/16\/ariana-une-mere-et-son-bebe-decedent-dans-une-fuite-de-gaz-le-pere-dans-dans-etat-critique\/#respond"]}]},{"@type":"WebPage","@id":"https:\/\/kapitalis.com\/tunisie\/2020\/12\/16\/ariana-une-mere-et-son-bebe-decedent-dans-une-fuite-de-gaz-le-pere-dans-dans-etat-critique\/","url":"https:\/\/kapitalis.com\/tunisie\/2020\/12\/16\/ariana-une-mere-et-son-bebe-decedent-dans-une-fuite-de-gaz-le-pere-dans-dans-etat-critique\/","name":"Ariana : Une m\u00e8re et son b\u00e9b\u00e9 d\u00e9c\u00e8dent dans une fuite de gaz, le p\u00e8re dans dans \u00e9tat critique - Kapitalis","isPartOf":{"@id":"https:\/\/kapitalis.com\/tunisie\/#website"},"primaryImageOfPage":{"@id":"https:\/\/kapitalis.com\/tunisie\/2020\/12\/16\/ariana-une-mere-et-son-bebe-decedent-dans-une-fuite-de-gaz-le-pere-dans-dans-etat-critique\/#primaryimage"},"image":{"@id":"https:\/\/kapitalis.com\/tunisie\/2020\/12\/16\/ariana-une-mere-et-son-bebe-decedent-dans-une-fuite-de-gaz-le-pere-dans-dans-etat-critique\/#primaryimage"},"thumbnailUrl":"","datePublished":"2020-12-16T16:44:04+00:00","dateModified":"2020-12-16T22:03:29+00:00","breadcrumb":{"@id":"https:\/\/kapitalis.com\/tunisie\/2020\/12\/16\/ariana-une-mere-et-son-bebe-decedent-dans-une-fuite-de-gaz-le-pere-dans-dans-etat-critique\/#breadcrumb"},"inLanguage":"fr-FR","potentialAction":[{"@type":"ReadAction","target":["https:\/\/kapitalis.com\/tunisie\/2020\/12\/16\/ariana-une-mere-et-son-bebe-decedent-dans-une-fuite-de-gaz-le-pere-dans-dans-etat-critique\/"]}]},{"@type":"ImageObject","inLanguage":"fr-FR","@id":"https:\/\/kapitalis.com\/tunisie\/2020\/12\/16\/ariana-une-mere-et-son-bebe-decedent-dans-une-fuite-de-gaz-le-pere-dans-dans-etat-critique\/#primaryimage","url":"","contentUrl":""},{"@type":"BreadcrumbList","@id":"https:\/\/kapitalis.com\/tunisie\/2020\/12\/16\/ariana-une-mere-et-son-bebe-decedent-dans-une-fuite-de-gaz-le-pere-dans-dans-etat-critique\/#breadcrumb","itemListElement":[{"@type":"ListItem","position":1,"name":"Accueil","item":"https:\/\/kapitalis.com\/tunisie\/"},{"@type":"ListItem","position":2,"name":"Ariana : Une m\u00e8re et son b\u00e9b\u00e9 d\u00e9c\u00e8dent dans une fuite de gaz, le p\u00e8re dans dans \u00e9tat critique"}]},{"@type":"WebSite","@id":"https:\/\/kapitalis.com\/tunisie\/#website","url":"https:\/\/kapitalis.com\/tunisie\/","name":"Kapitalis","description":"L&#039;actualit\u00e9 en Tunisie et dans le monde","publisher":{"@id":"https:\/\/kapitalis.com\/tunisie\/#organization"},"potentialAction":[{"@type":"SearchAction","target":{"@type":"EntryPoint","urlTemplate":"https:\/\/kapitalis.com\/tunisie\/?s={search_term_string}"},"query-input":{"@type":"PropertyValueSpecification","valueRequired":true,"valueName":"search_term_string"}}],"inLanguage":"fr-FR"},{"@type":"Organization","@id":"https:\/\/kapitalis.com\/tunisie\/#organization","name":"Kapitalis","url":"https:\/\/kapitalis.com\/tunisie\/","logo":{"@type":"ImageObject","inLanguage":"fr-FR","@id":"https:\/\/kapitalis.com\/tunisie\/#\/schema\/logo\/image\/","url":"https:\/\/kapitalis.com\/tunisie\/wp-content\/uploads\/2022\/05\/Kapitalis-big-size.png","contentUrl":"https:\/\/kapitalis.com\/tunisie\/wp-content\/uploads\/2022\/05\/Kapitalis-big-size.png","width":5000,"height":1500,"caption":"Kapitalis"},"image":{"@id":"https:\/\/kapitalis.com\/tunisie\/#\/schema\/logo\/image\/"},"sameAs":["https:\/\/www.facebook.com\/KapitalisInfo\/","https:\/\/x.com\/KapitalisInfo","https:\/\/www.youtube.com\/channel\/UC-yDYrHyfFBWWZaOw3FPg9Q"]},{"@type":"Person","@id":"https:\/\/kapitalis.com\/tunisie\/#\/schema\/person\/74bbde0154d49d790a92aaeac5bc01d5","name":"Yusra NY","url":"https:\/\/kapitalis.com\/tunisie\/author\/yuza_adam\/"}]}},"_links":{"self":[{"href":"https:\/\/kapitalis.com\/tunisie\/wp-json\/wp\/v2\/posts\/328467","targetHints":{"allow":["GET"]}}],"collection":[{"href":"https:\/\/kapitalis.com\/tunisie\/wp-json\/wp\/v2\/posts"}],"about":[{"href":"https:\/\/kapitalis.com\/tunisie\/wp-json\/wp\/v2\/types\/post"}],"author":[{"embeddable":true,"href":"https:\/\/kapitalis.com\/tunisie\/wp-json\/wp\/v2\/users\/6"}],"replies":[{"embeddable":true,"href":"https:\/\/kapitalis.com\/tunisie\/wp-json\/wp\/v2\/comments?post=328467"}],"version-history":[{"count":0,"href":"https:\/\/kapitalis.com\/tunisie\/wp-json\/wp\/v2\/posts\/328467\/revisions"}],"wp:featuredmedia":[{"embeddable":true,"href":"https:\/\/kapitalis.com\/tunisie\/wp-json\/wp\/v2\/media\/328471"}],"wp:attachment":[{"href":"https:\/\/kapitalis.com\/tunisie\/wp-json\/wp\/v2\/media?parent=328467"}],"wp:term":[{"taxonomy":"category","embeddable":true,"href":"https:\/\/kapitalis.com\/tunisie\/wp-json\/wp\/v2\/categories?post=328467"},{"taxonomy":"post_tag","embeddable":true,"href":"https:\/\/kapitalis.com\/tunisie\/wp-json\/wp\/v2\/tags?post=328467"}],"curies":[{"name":"wp","href":"https:\/\/api.w.org\/{rel}","templated":true}]}}