{"id":328496,"date":"2020-12-16T22:57:49","date_gmt":"2020-12-16T21:57:49","guid":{"rendered":"http:\/\/kapitalis.com\/tunisie\/?p=328496"},"modified":"2020-12-16T23:50:52","modified_gmt":"2020-12-16T22:50:52","slug":"lhomme-arme-qui-sest-introduit-dans-une-ecole-a-fernana-interne-en-hopital-psychiatrique","status":"publish","type":"post","link":"https:\/\/kapitalis.com\/tunisie\/2020\/12\/16\/lhomme-arme-qui-sest-introduit-dans-une-ecole-a-fernana-interne-en-hopital-psychiatrique\/","title":{"rendered":"L&rsquo;homme arm\u00e9 qui s&rsquo;est introduit dans une \u00e9cole \u00e0 Fernana, intern\u00e9 en h\u00f4pital psychiatrique"},"content":{"rendered":"\n<figure class=\"wp-block-image size-large\"><img decoding=\"async\" src=\"http:\/\/kapitalis.com\/tunisie\/wp-content\/uploads\/2017\/10\/Maladies-psychiatrique.jpg\" alt=\"\" class=\"wp-image-117971\"\/><\/figure>\n\n\n\n<p><strong><em>L&rsquo;homme arm\u00e9 d&rsquo;un couteau qui s&rsquo;est introduit le 9 d\u00e9cembre dans une \u00e9cole primaire \u00e0 Fernana (Jendouba), o\u00f9 il a menac\u00e9 une institutrice en lui demandant de porter le voile, a \u00e9t\u00e9 intern\u00e9 en h\u00f4pital psychiatrique, ce mercredi 16 d\u00e9cembre 2020, sur ordre de la justice.<\/em><\/strong><\/p>\n\n\n\n<!--more-->\n\n\n\n<p>C&rsquo;est ce qu&rsquo;a indiqu\u00e9 le colonel major Houssemeddine Jebabli, porte-parole de la direction g\u00e9n\u00e9rale de la garde nationale (DGGN), dans une d\u00e9claration aujourd&rsquo;hui, \u00e0 Kapitalis, en confirmant que l&rsquo;individu en question \u00e9tait un ancien prisonnier politique, qui avait \u00e9t\u00e9 incarc\u00e9r\u00e9 pour des activit\u00e9s li\u00e9es \u00e0 l&rsquo;extr\u00e9mise religieux.<\/p>\n\n\n\n<p>Le colonel major Jebabli a ajout\u00e9 que la famille du concern\u00e9, ainsi que la mosqu\u00e9e du quartier o\u00f9 il habite et o\u00f9 il fait parfois sa pri\u00e8re, avaient \u00e9galement alert\u00e9 sur son comportement suspect et que le procureur a ordonn\u00e9 une expertise psychiatrique p\u00e9nale.<\/p>\n\n\n\n<p>Il a \u00e9t\u00e9 d\u00e9cid\u00e9, ce mercredi, de l&rsquo;interner sous contrainte, \u00e0 l&rsquo;h\u00f4pital psychiatrique Razi, ajoute la m\u00eame source.<\/p>\n\n\n\n<p class=\"has-text-align-right\"><strong>Y. N.<\/strong><\/p>\n\n\n\n<figure class=\"wp-block-embed-wordpress wp-block-embed is-type-wp-embed is-provider-kapitalis\"><div class=\"wp-block-embed__wrapper\">\n<blockquote class=\"wp-embedded-content\" data-secret=\"z1whi7BvmW\"><a href=\"https:\/\/kapitalis.com\/tunisie\/2020\/12\/16\/pour-les-forcer-a-porter-le-voile-un-homme-penetre-dans-une-ecole-et-menace-les-institutrices-avec-un-couteau\/\">Pour les forcer \u00e0 porter le voile : un homme p\u00e9n\u00e8tre dans une \u00e9cole et menace les institutrices avec un couteau<\/a><\/blockquote><iframe loading=\"lazy\" class=\"wp-embedded-content\" sandbox=\"allow-scripts\" security=\"restricted\" style=\"position: absolute; clip: rect(1px, 1px, 1px, 1px);\" title=\"\u00ab\u00a0Pour les forcer \u00e0 porter le voile : un homme p\u00e9n\u00e8tre dans une \u00e9cole et menace les institutrices avec un couteau\u00a0\u00bb &#8212; Kapitalis\" src=\"https:\/\/kapitalis.com\/tunisie\/2020\/12\/16\/pour-les-forcer-a-porter-le-voile-un-homme-penetre-dans-une-ecole-et-menace-les-institutrices-avec-un-couteau\/embed\/#?secret=Y0IgnjTpRW#?secret=z1whi7BvmW\" data-secret=\"z1whi7BvmW\" width=\"600\" height=\"338\" frameborder=\"0\" marginwidth=\"0\" marginheight=\"0\" scrolling=\"no\"><\/iframe>\n<\/div><\/figure>\n","protected":false},"excerpt":{"rendered":"<p>L&rsquo;homme arm\u00e9 d&rsquo;un couteau qui s&rsquo;est introduit le 9 d\u00e9cembre dans une \u00e9cole primaire \u00e0 Fernana (Jendouba), o\u00f9 il a menac\u00e9 une institutrice en lui demandant de porter le voile, a \u00e9t\u00e9 intern\u00e9 en h\u00f4pital psychiatrique, ce mercredi 16 d\u00e9cembre 2020, sur ordre de la justice.<\/p>\n","protected":false},"author":6,"featured_media":0,"comment_status":"open","ping_status":"open","sticky":false,"template":"","format":"standard","meta":{"footnotes":""},"categories":[998,2433],"tags":[2155,4247,2214,79634,85719,515,64355,85718],"class_list":["post-328496","post","type-post","status-publish","format-standard","hentry","category-societe","category-tunisie","tag-ecole-primaire","tag-extremisme-religieux","tag-fernana","tag-hopital-psychiatrique-razi","tag-internement","tag-jendouba","tag-justice","tag-prisonnier-politique"],"yoast_head":"<!-- This site is optimized with the Yoast SEO plugin v26.6 - https:\/\/yoast.com\/wordpress\/plugins\/seo\/ -->\n<title>L&#039;homme arm\u00e9 qui s&#039;est introduit dans une \u00e9cole \u00e0 Fernana, intern\u00e9 en h\u00f4pital psychiatrique - Kapitalis<\/title>\n<meta name=\"robots\" content=\"index, follow, max-snippet:-1, max-image-preview:large, max-video-preview:-1\" \/>\n<link rel=\"canonical\" href=\"https:\/\/kapitalis.com\/tunisie\/2020\/12\/16\/lhomme-arme-qui-sest-introduit-dans-une-ecole-a-fernana-interne-en-hopital-psychiatrique\/\" \/>\n<meta property=\"og:locale\" content=\"fr_FR\" \/>\n<meta property=\"og:type\" content=\"article\" \/>\n<meta property=\"og:title\" content=\"L&#039;homme arm\u00e9 qui s&#039;est introduit dans une \u00e9cole \u00e0 Fernana, intern\u00e9 en h\u00f4pital psychiatrique - Kapitalis\" \/>\n<meta property=\"og:description\" content=\"L&rsquo;homme arm\u00e9 d&rsquo;un couteau qui s&rsquo;est introduit le 9 d\u00e9cembre dans une \u00e9cole primaire \u00e0 Fernana (Jendouba), o\u00f9 il a menac\u00e9 une institutrice en lui demandant de porter le voile, a \u00e9t\u00e9 intern\u00e9 en h\u00f4pital psychiatrique, ce mercredi 16 d\u00e9cembre 2020, sur ordre de la justice.\" \/>\n<meta property=\"og:url\" content=\"https:\/\/kapitalis.com\/tunisie\/2020\/12\/16\/lhomme-arme-qui-sest-introduit-dans-une-ecole-a-fernana-interne-en-hopital-psychiatrique\/\" \/>\n<meta property=\"og:site_name\" content=\"Kapitalis\" \/>\n<meta property=\"article:publisher\" content=\"https:\/\/www.facebook.com\/KapitalisInfo\/\" \/>\n<meta property=\"article:published_time\" content=\"2020-12-16T21:57:49+00:00\" \/>\n<meta property=\"article:modified_time\" content=\"2020-12-16T22:50:52+00:00\" \/>\n<meta property=\"og:image\" content=\"http:\/\/kapitalis.com\/tunisie\/wp-content\/uploads\/2017\/10\/Maladies-psychiatrique.jpg\" \/>\n<meta name=\"author\" content=\"Yusra NY\" \/>\n<meta name=\"twitter:card\" content=\"summary_large_image\" \/>\n<meta name=\"twitter:creator\" content=\"@KapitalisInfo\" \/>\n<meta name=\"twitter:site\" content=\"@KapitalisInfo\" \/>\n<meta name=\"twitter:label1\" content=\"\u00c9crit par\" \/>\n\t<meta name=\"twitter:data1\" content=\"Yusra NY\" \/>\n\t<meta name=\"twitter:label2\" content=\"Dur\u00e9e de lecture estim\u00e9e\" \/>\n\t<meta name=\"twitter:data2\" content=\"1 minute\" \/>\n<script type=\"application\/ld+json\" class=\"yoast-schema-graph\">{\"@context\":\"https:\/\/schema.org\",\"@graph\":[{\"@type\":\"Article\",\"@id\":\"https:\/\/kapitalis.com\/tunisie\/2020\/12\/16\/lhomme-arme-qui-sest-introduit-dans-une-ecole-a-fernana-interne-en-hopital-psychiatrique\/#article\",\"isPartOf\":{\"@id\":\"https:\/\/kapitalis.com\/tunisie\/2020\/12\/16\/lhomme-arme-qui-sest-introduit-dans-une-ecole-a-fernana-interne-en-hopital-psychiatrique\/\"},\"author\":{\"name\":\"Yusra NY\",\"@id\":\"https:\/\/kapitalis.com\/tunisie\/#\/schema\/person\/74bbde0154d49d790a92aaeac5bc01d5\"},\"headline\":\"L&rsquo;homme arm\u00e9 qui s&rsquo;est introduit dans une \u00e9cole \u00e0 Fernana, intern\u00e9 en h\u00f4pital psychiatrique\",\"datePublished\":\"2020-12-16T21:57:49+00:00\",\"dateModified\":\"2020-12-16T22:50:52+00:00\",\"mainEntityOfPage\":{\"@id\":\"https:\/\/kapitalis.com\/tunisie\/2020\/12\/16\/lhomme-arme-qui-sest-introduit-dans-une-ecole-a-fernana-interne-en-hopital-psychiatrique\/\"},\"wordCount\":185,\"commentCount\":0,\"publisher\":{\"@id\":\"https:\/\/kapitalis.com\/tunisie\/#organization\"},\"image\":{\"@id\":\"https:\/\/kapitalis.com\/tunisie\/2020\/12\/16\/lhomme-arme-qui-sest-introduit-dans-une-ecole-a-fernana-interne-en-hopital-psychiatrique\/#primaryimage\"},\"thumbnailUrl\":\"http:\/\/kapitalis.com\/tunisie\/wp-content\/uploads\/2017\/10\/Maladies-psychiatrique.jpg\",\"keywords\":[\"\u00e9cole primaire\",\"extr\u00e9misme religieux\",\"Fernana\",\"h\u00f4pital psychiatrique Razi\",\"internement\",\"Jendouba\",\"justice\",\"prisonnier politique\"],\"articleSection\":[\"SOCIETE\",\"Tunisie\"],\"inLanguage\":\"fr-FR\",\"potentialAction\":[{\"@type\":\"CommentAction\",\"name\":\"Comment\",\"target\":[\"https:\/\/kapitalis.com\/tunisie\/2020\/12\/16\/lhomme-arme-qui-sest-introduit-dans-une-ecole-a-fernana-interne-en-hopital-psychiatrique\/#respond\"]}]},{\"@type\":\"WebPage\",\"@id\":\"https:\/\/kapitalis.com\/tunisie\/2020\/12\/16\/lhomme-arme-qui-sest-introduit-dans-une-ecole-a-fernana-interne-en-hopital-psychiatrique\/\",\"url\":\"https:\/\/kapitalis.com\/tunisie\/2020\/12\/16\/lhomme-arme-qui-sest-introduit-dans-une-ecole-a-fernana-interne-en-hopital-psychiatrique\/\",\"name\":\"L'homme arm\u00e9 qui s'est introduit dans une \u00e9cole \u00e0 Fernana, intern\u00e9 en h\u00f4pital psychiatrique - Kapitalis\",\"isPartOf\":{\"@id\":\"https:\/\/kapitalis.com\/tunisie\/#website\"},\"primaryImageOfPage\":{\"@id\":\"https:\/\/kapitalis.com\/tunisie\/2020\/12\/16\/lhomme-arme-qui-sest-introduit-dans-une-ecole-a-fernana-interne-en-hopital-psychiatrique\/#primaryimage\"},\"image\":{\"@id\":\"https:\/\/kapitalis.com\/tunisie\/2020\/12\/16\/lhomme-arme-qui-sest-introduit-dans-une-ecole-a-fernana-interne-en-hopital-psychiatrique\/#primaryimage\"},\"thumbnailUrl\":\"http:\/\/kapitalis.com\/tunisie\/wp-content\/uploads\/2017\/10\/Maladies-psychiatrique.jpg\",\"datePublished\":\"2020-12-16T21:57:49+00:00\",\"dateModified\":\"2020-12-16T22:50:52+00:00\",\"breadcrumb\":{\"@id\":\"https:\/\/kapitalis.com\/tunisie\/2020\/12\/16\/lhomme-arme-qui-sest-introduit-dans-une-ecole-a-fernana-interne-en-hopital-psychiatrique\/#breadcrumb\"},\"inLanguage\":\"fr-FR\",\"potentialAction\":[{\"@type\":\"ReadAction\",\"target\":[\"https:\/\/kapitalis.com\/tunisie\/2020\/12\/16\/lhomme-arme-qui-sest-introduit-dans-une-ecole-a-fernana-interne-en-hopital-psychiatrique\/\"]}]},{\"@type\":\"ImageObject\",\"inLanguage\":\"fr-FR\",\"@id\":\"https:\/\/kapitalis.com\/tunisie\/2020\/12\/16\/lhomme-arme-qui-sest-introduit-dans-une-ecole-a-fernana-interne-en-hopital-psychiatrique\/#primaryimage\",\"url\":\"http:\/\/kapitalis.com\/tunisie\/wp-content\/uploads\/2017\/10\/Maladies-psychiatrique.jpg\",\"contentUrl\":\"http:\/\/kapitalis.com\/tunisie\/wp-content\/uploads\/2017\/10\/Maladies-psychiatrique.jpg\"},{\"@type\":\"BreadcrumbList\",\"@id\":\"https:\/\/kapitalis.com\/tunisie\/2020\/12\/16\/lhomme-arme-qui-sest-introduit-dans-une-ecole-a-fernana-interne-en-hopital-psychiatrique\/#breadcrumb\",\"itemListElement\":[{\"@type\":\"ListItem\",\"position\":1,\"name\":\"Accueil\",\"item\":\"https:\/\/kapitalis.com\/tunisie\/\"},{\"@type\":\"ListItem\",\"position\":2,\"name\":\"L&rsquo;homme arm\u00e9 qui s&rsquo;est introduit dans une \u00e9cole \u00e0 Fernana, intern\u00e9 en h\u00f4pital psychiatrique\"}]},{\"@type\":\"WebSite\",\"@id\":\"https:\/\/kapitalis.com\/tunisie\/#website\",\"url\":\"https:\/\/kapitalis.com\/tunisie\/\",\"name\":\"Kapitalis\",\"description\":\"L&#039;actualit\u00e9 en Tunisie et dans le monde\",\"publisher\":{\"@id\":\"https:\/\/kapitalis.com\/tunisie\/#organization\"},\"potentialAction\":[{\"@type\":\"SearchAction\",\"target\":{\"@type\":\"EntryPoint\",\"urlTemplate\":\"https:\/\/kapitalis.com\/tunisie\/?s={search_term_string}\"},\"query-input\":{\"@type\":\"PropertyValueSpecification\",\"valueRequired\":true,\"valueName\":\"search_term_string\"}}],\"inLanguage\":\"fr-FR\"},{\"@type\":\"Organization\",\"@id\":\"https:\/\/kapitalis.com\/tunisie\/#organization\",\"name\":\"Kapitalis\",\"url\":\"https:\/\/kapitalis.com\/tunisie\/\",\"logo\":{\"@type\":\"ImageObject\",\"inLanguage\":\"fr-FR\",\"@id\":\"https:\/\/kapitalis.com\/tunisie\/#\/schema\/logo\/image\/\",\"url\":\"https:\/\/kapitalis.com\/tunisie\/wp-content\/uploads\/2022\/05\/Kapitalis-big-size.png\",\"contentUrl\":\"https:\/\/kapitalis.com\/tunisie\/wp-content\/uploads\/2022\/05\/Kapitalis-big-size.png\",\"width\":5000,\"height\":1500,\"caption\":\"Kapitalis\"},\"image\":{\"@id\":\"https:\/\/kapitalis.com\/tunisie\/#\/schema\/logo\/image\/\"},\"sameAs\":[\"https:\/\/www.facebook.com\/KapitalisInfo\/\",\"https:\/\/x.com\/KapitalisInfo\",\"https:\/\/www.youtube.com\/channel\/UC-yDYrHyfFBWWZaOw3FPg9Q\"]},{\"@type\":\"Person\",\"@id\":\"https:\/\/kapitalis.com\/tunisie\/#\/schema\/person\/74bbde0154d49d790a92aaeac5bc01d5\",\"name\":\"Yusra NY\",\"url\":\"https:\/\/kapitalis.com\/tunisie\/author\/yuza_adam\/\"}]}<\/script>\n<!-- \/ Yoast SEO plugin. -->","yoast_head_json":{"title":"L'homme arm\u00e9 qui s'est introduit dans une \u00e9cole \u00e0 Fernana, intern\u00e9 en h\u00f4pital psychiatrique - Kapitalis","robots":{"index":"index","follow":"follow","max-snippet":"max-snippet:-1","max-image-preview":"max-image-preview:large","max-video-preview":"max-video-preview:-1"},"canonical":"https:\/\/kapitalis.com\/tunisie\/2020\/12\/16\/lhomme-arme-qui-sest-introduit-dans-une-ecole-a-fernana-interne-en-hopital-psychiatrique\/","og_locale":"fr_FR","og_type":"article","og_title":"L'homme arm\u00e9 qui s'est introduit dans une \u00e9cole \u00e0 Fernana, intern\u00e9 en h\u00f4pital psychiatrique - Kapitalis","og_description":"L&rsquo;homme arm\u00e9 d&rsquo;un couteau qui s&rsquo;est introduit le 9 d\u00e9cembre dans une \u00e9cole primaire \u00e0 Fernana (Jendouba), o\u00f9 il a menac\u00e9 une institutrice en lui demandant de porter le voile, a \u00e9t\u00e9 intern\u00e9 en h\u00f4pital psychiatrique, ce mercredi 16 d\u00e9cembre 2020, sur ordre de la justice.","og_url":"https:\/\/kapitalis.com\/tunisie\/2020\/12\/16\/lhomme-arme-qui-sest-introduit-dans-une-ecole-a-fernana-interne-en-hopital-psychiatrique\/","og_site_name":"Kapitalis","article_publisher":"https:\/\/www.facebook.com\/KapitalisInfo\/","article_published_time":"2020-12-16T21:57:49+00:00","article_modified_time":"2020-12-16T22:50:52+00:00","og_image":[{"url":"http:\/\/kapitalis.com\/tunisie\/wp-content\/uploads\/2017\/10\/Maladies-psychiatrique.jpg","type":"","width":"","height":""}],"author":"Yusra NY","twitter_card":"summary_large_image","twitter_creator":"@KapitalisInfo","twitter_site":"@KapitalisInfo","twitter_misc":{"\u00c9crit par":"Yusra NY","Dur\u00e9e de lecture estim\u00e9e":"1 minute"},"schema":{"@context":"https:\/\/schema.org","@graph":[{"@type":"Article","@id":"https:\/\/kapitalis.com\/tunisie\/2020\/12\/16\/lhomme-arme-qui-sest-introduit-dans-une-ecole-a-fernana-interne-en-hopital-psychiatrique\/#article","isPartOf":{"@id":"https:\/\/kapitalis.com\/tunisie\/2020\/12\/16\/lhomme-arme-qui-sest-introduit-dans-une-ecole-a-fernana-interne-en-hopital-psychiatrique\/"},"author":{"name":"Yusra NY","@id":"https:\/\/kapitalis.com\/tunisie\/#\/schema\/person\/74bbde0154d49d790a92aaeac5bc01d5"},"headline":"L&rsquo;homme arm\u00e9 qui s&rsquo;est introduit dans une \u00e9cole \u00e0 Fernana, intern\u00e9 en h\u00f4pital psychiatrique","datePublished":"2020-12-16T21:57:49+00:00","dateModified":"2020-12-16T22:50:52+00:00","mainEntityOfPage":{"@id":"https:\/\/kapitalis.com\/tunisie\/2020\/12\/16\/lhomme-arme-qui-sest-introduit-dans-une-ecole-a-fernana-interne-en-hopital-psychiatrique\/"},"wordCount":185,"commentCount":0,"publisher":{"@id":"https:\/\/kapitalis.com\/tunisie\/#organization"},"image":{"@id":"https:\/\/kapitalis.com\/tunisie\/2020\/12\/16\/lhomme-arme-qui-sest-introduit-dans-une-ecole-a-fernana-interne-en-hopital-psychiatrique\/#primaryimage"},"thumbnailUrl":"http:\/\/kapitalis.com\/tunisie\/wp-content\/uploads\/2017\/10\/Maladies-psychiatrique.jpg","keywords":["\u00e9cole primaire","extr\u00e9misme religieux","Fernana","h\u00f4pital psychiatrique Razi","internement","Jendouba","justice","prisonnier politique"],"articleSection":["SOCIETE","Tunisie"],"inLanguage":"fr-FR","potentialAction":[{"@type":"CommentAction","name":"Comment","target":["https:\/\/kapitalis.com\/tunisie\/2020\/12\/16\/lhomme-arme-qui-sest-introduit-dans-une-ecole-a-fernana-interne-en-hopital-psychiatrique\/#respond"]}]},{"@type":"WebPage","@id":"https:\/\/kapitalis.com\/tunisie\/2020\/12\/16\/lhomme-arme-qui-sest-introduit-dans-une-ecole-a-fernana-interne-en-hopital-psychiatrique\/","url":"https:\/\/kapitalis.com\/tunisie\/2020\/12\/16\/lhomme-arme-qui-sest-introduit-dans-une-ecole-a-fernana-interne-en-hopital-psychiatrique\/","name":"L'homme arm\u00e9 qui s'est introduit dans une \u00e9cole \u00e0 Fernana, intern\u00e9 en h\u00f4pital psychiatrique - Kapitalis","isPartOf":{"@id":"https:\/\/kapitalis.com\/tunisie\/#website"},"primaryImageOfPage":{"@id":"https:\/\/kapitalis.com\/tunisie\/2020\/12\/16\/lhomme-arme-qui-sest-introduit-dans-une-ecole-a-fernana-interne-en-hopital-psychiatrique\/#primaryimage"},"image":{"@id":"https:\/\/kapitalis.com\/tunisie\/2020\/12\/16\/lhomme-arme-qui-sest-introduit-dans-une-ecole-a-fernana-interne-en-hopital-psychiatrique\/#primaryimage"},"thumbnailUrl":"http:\/\/kapitalis.com\/tunisie\/wp-content\/uploads\/2017\/10\/Maladies-psychiatrique.jpg","datePublished":"2020-12-16T21:57:49+00:00","dateModified":"2020-12-16T22:50:52+00:00","breadcrumb":{"@id":"https:\/\/kapitalis.com\/tunisie\/2020\/12\/16\/lhomme-arme-qui-sest-introduit-dans-une-ecole-a-fernana-interne-en-hopital-psychiatrique\/#breadcrumb"},"inLanguage":"fr-FR","potentialAction":[{"@type":"ReadAction","target":["https:\/\/kapitalis.com\/tunisie\/2020\/12\/16\/lhomme-arme-qui-sest-introduit-dans-une-ecole-a-fernana-interne-en-hopital-psychiatrique\/"]}]},{"@type":"ImageObject","inLanguage":"fr-FR","@id":"https:\/\/kapitalis.com\/tunisie\/2020\/12\/16\/lhomme-arme-qui-sest-introduit-dans-une-ecole-a-fernana-interne-en-hopital-psychiatrique\/#primaryimage","url":"http:\/\/kapitalis.com\/tunisie\/wp-content\/uploads\/2017\/10\/Maladies-psychiatrique.jpg","contentUrl":"http:\/\/kapitalis.com\/tunisie\/wp-content\/uploads\/2017\/10\/Maladies-psychiatrique.jpg"},{"@type":"BreadcrumbList","@id":"https:\/\/kapitalis.com\/tunisie\/2020\/12\/16\/lhomme-arme-qui-sest-introduit-dans-une-ecole-a-fernana-interne-en-hopital-psychiatrique\/#breadcrumb","itemListElement":[{"@type":"ListItem","position":1,"name":"Accueil","item":"https:\/\/kapitalis.com\/tunisie\/"},{"@type":"ListItem","position":2,"name":"L&rsquo;homme arm\u00e9 qui s&rsquo;est introduit dans une \u00e9cole \u00e0 Fernana, intern\u00e9 en h\u00f4pital psychiatrique"}]},{"@type":"WebSite","@id":"https:\/\/kapitalis.com\/tunisie\/#website","url":"https:\/\/kapitalis.com\/tunisie\/","name":"Kapitalis","description":"L&#039;actualit\u00e9 en Tunisie et dans le monde","publisher":{"@id":"https:\/\/kapitalis.com\/tunisie\/#organization"},"potentialAction":[{"@type":"SearchAction","target":{"@type":"EntryPoint","urlTemplate":"https:\/\/kapitalis.com\/tunisie\/?s={search_term_string}"},"query-input":{"@type":"PropertyValueSpecification","valueRequired":true,"valueName":"search_term_string"}}],"inLanguage":"fr-FR"},{"@type":"Organization","@id":"https:\/\/kapitalis.com\/tunisie\/#organization","name":"Kapitalis","url":"https:\/\/kapitalis.com\/tunisie\/","logo":{"@type":"ImageObject","inLanguage":"fr-FR","@id":"https:\/\/kapitalis.com\/tunisie\/#\/schema\/logo\/image\/","url":"https:\/\/kapitalis.com\/tunisie\/wp-content\/uploads\/2022\/05\/Kapitalis-big-size.png","contentUrl":"https:\/\/kapitalis.com\/tunisie\/wp-content\/uploads\/2022\/05\/Kapitalis-big-size.png","width":5000,"height":1500,"caption":"Kapitalis"},"image":{"@id":"https:\/\/kapitalis.com\/tunisie\/#\/schema\/logo\/image\/"},"sameAs":["https:\/\/www.facebook.com\/KapitalisInfo\/","https:\/\/x.com\/KapitalisInfo","https:\/\/www.youtube.com\/channel\/UC-yDYrHyfFBWWZaOw3FPg9Q"]},{"@type":"Person","@id":"https:\/\/kapitalis.com\/tunisie\/#\/schema\/person\/74bbde0154d49d790a92aaeac5bc01d5","name":"Yusra NY","url":"https:\/\/kapitalis.com\/tunisie\/author\/yuza_adam\/"}]}},"_links":{"self":[{"href":"https:\/\/kapitalis.com\/tunisie\/wp-json\/wp\/v2\/posts\/328496","targetHints":{"allow":["GET"]}}],"collection":[{"href":"https:\/\/kapitalis.com\/tunisie\/wp-json\/wp\/v2\/posts"}],"about":[{"href":"https:\/\/kapitalis.com\/tunisie\/wp-json\/wp\/v2\/types\/post"}],"author":[{"embeddable":true,"href":"https:\/\/kapitalis.com\/tunisie\/wp-json\/wp\/v2\/users\/6"}],"replies":[{"embeddable":true,"href":"https:\/\/kapitalis.com\/tunisie\/wp-json\/wp\/v2\/comments?post=328496"}],"version-history":[{"count":0,"href":"https:\/\/kapitalis.com\/tunisie\/wp-json\/wp\/v2\/posts\/328496\/revisions"}],"wp:attachment":[{"href":"https:\/\/kapitalis.com\/tunisie\/wp-json\/wp\/v2\/media?parent=328496"}],"wp:term":[{"taxonomy":"category","embeddable":true,"href":"https:\/\/kapitalis.com\/tunisie\/wp-json\/wp\/v2\/categories?post=328496"},{"taxonomy":"post_tag","embeddable":true,"href":"https:\/\/kapitalis.com\/tunisie\/wp-json\/wp\/v2\/tags?post=328496"}],"curies":[{"name":"wp","href":"https:\/\/api.w.org\/{rel}","templated":true}]}}