{"id":328572,"date":"2020-12-17T14:41:58","date_gmt":"2020-12-17T13:41:58","guid":{"rendered":"http:\/\/kapitalis.com\/tunisie\/?p=328572"},"modified":"2020-12-17T14:42:02","modified_gmt":"2020-12-17T13:42:02","slug":"accident-sur-lautoroute-sousse-sfax-9-voitures-se-heurtent-a-cause-du-brouillard-video","status":"publish","type":"post","link":"https:\/\/kapitalis.com\/tunisie\/2020\/12\/17\/accident-sur-lautoroute-sousse-sfax-9-voitures-se-heurtent-a-cause-du-brouillard-video\/","title":{"rendered":"Accident sur l&rsquo;autoroute Sousse-Sfax : 9 voitures se heurtent \u00e0 cause du brouillard (Vid\u00e9o)"},"content":{"rendered":"\n<figure class=\"wp-block-image size-large\"><img decoding=\"async\" src=\"http:\/\/kapitalis.com\/tunisie\/wp-content\/uploads\/2020\/12\/brouillard-accident.jpg\" alt=\"\" class=\"wp-image-328582\"\/><\/figure>\n\n\n\n<p><strong><em>Un accident de la route s\u2019est produit sur l\u2019autoroute A170 km, reliant Sousse et Sfax, au niveau de Boumerdes, ce jeudi 17 d\u00e9cembre 2020, \u00e0 cause duquel plusieurs voitures ont \u00e9t\u00e9 endommag\u00e9s. Il n&rsquo;y a, par ailleurs, pas eu de blessures graves ni de d\u00e9c\u00e8s.<\/em><\/strong><\/p>\n\n\n\n<!--more-->\n\n\n\n<p>Selon des sources concordantes, ce sont 9 voitures qui sont entr\u00e9es en collision, et ce, en raison d\u2019un \u00e9pais brouillard dans la r\u00e9gion.<\/p>\n\n\n\n<p>Le porte-parole de la Direction g\u00e9n\u00e9rale de la protection civile, Moez Triaa, a indiqu\u00e9, sur Jawhara fm, que 4 personnes ont \u00e9t\u00e9 l\u00e9g\u00e8rement bless\u00e9es, et qu&rsquo;il n&rsquo;y a pas eu de morts.<\/p>\n\n\n\n<center><figure><iframe loading=\"lazy\" src=\"https:\/\/www.facebook.com\/plugins\/video.php?href=https%3A%2F%2Fwww.facebook.com%2Faymen.bensalem.79%2Fvideos%2F10215308005047289%2F&#038;show_text=0&#038;width=267\" width=\"267\" height=\"476\" style=\"border:none;overflow:hidden\" scrolling=\"no\" frameborder=\"0\" allowfullscreen=\"true\" allow=\"autoplay; clipboard-write; encrypted-media; picture-in-picture; web-share\" allowFullScreen=\"true\"><\/iframe><\/figure><\/center>\n\n\n\n<p class=\"has-text-align-right\"><strong>C. B. Y.<\/strong><\/p>\n","protected":false},"excerpt":{"rendered":"<p>Un accident de la route s\u2019est produit sur l\u2019autoroute A170 km, reliant Sousse et Sfax, au niveau de Boumerdes, ce jeudi 17 d\u00e9cembre 2020, \u00e0 cause duquel plusieurs voitures ont \u00e9t\u00e9 endommag\u00e9s. Il n&rsquo;y a, par ailleurs, pas eu de blessures graves ni de d\u00e9c\u00e8s.<\/p>\n","protected":false},"author":24,"featured_media":328582,"comment_status":"open","ping_status":"open","sticky":false,"template":"","format":"standard","meta":{"footnotes":""},"categories":[998,2433],"tags":[23,85738,85737],"class_list":["post-328572","post","type-post","status-publish","format-standard","has-post-thumbnail","hentry","category-societe","category-tunisie","tag-accident","tag-autoroute-sousse-sfax","tag-brouillar"],"yoast_head":"<!-- This site is optimized with the Yoast SEO plugin v26.6 - https:\/\/yoast.com\/wordpress\/plugins\/seo\/ -->\n<title>Accident sur l&#039;autoroute Sousse-Sfax : 9 voitures se heurtent \u00e0 cause du brouillard (Vid\u00e9o) - Kapitalis<\/title>\n<meta name=\"robots\" content=\"index, follow, max-snippet:-1, max-image-preview:large, max-video-preview:-1\" \/>\n<link rel=\"canonical\" href=\"https:\/\/kapitalis.com\/tunisie\/2020\/12\/17\/accident-sur-lautoroute-sousse-sfax-9-voitures-se-heurtent-a-cause-du-brouillard-video\/\" \/>\n<meta property=\"og:locale\" content=\"fr_FR\" \/>\n<meta property=\"og:type\" content=\"article\" \/>\n<meta property=\"og:title\" content=\"Accident sur l&#039;autoroute Sousse-Sfax : 9 voitures se heurtent \u00e0 cause du brouillard (Vid\u00e9o) - Kapitalis\" \/>\n<meta property=\"og:description\" content=\"Un accident de la route s\u2019est produit sur l\u2019autoroute A170 km, reliant Sousse et Sfax, au niveau de Boumerdes, ce jeudi 17 d\u00e9cembre 2020, \u00e0 cause duquel plusieurs voitures ont \u00e9t\u00e9 endommag\u00e9s. Il n&rsquo;y a, par ailleurs, pas eu de blessures graves ni de d\u00e9c\u00e8s.\" \/>\n<meta property=\"og:url\" content=\"https:\/\/kapitalis.com\/tunisie\/2020\/12\/17\/accident-sur-lautoroute-sousse-sfax-9-voitures-se-heurtent-a-cause-du-brouillard-video\/\" \/>\n<meta property=\"og:site_name\" content=\"Kapitalis\" \/>\n<meta property=\"article:publisher\" content=\"https:\/\/www.facebook.com\/KapitalisInfo\/\" \/>\n<meta property=\"article:published_time\" content=\"2020-12-17T13:41:58+00:00\" \/>\n<meta property=\"article:modified_time\" content=\"2020-12-17T13:42:02+00:00\" \/>\n<meta property=\"og:image\" content=\"https:\/\/kapitalis.com\/tunisie\/wp-content\/uploads\/2022\/05\/kapitalis-logo-fb.png\" \/>\n\t<meta property=\"og:image:width\" content=\"1200\" \/>\n\t<meta property=\"og:image:height\" content=\"630\" \/>\n\t<meta property=\"og:image:type\" content=\"image\/png\" \/>\n<meta name=\"author\" content=\"Cherif Benyounes\" \/>\n<meta name=\"twitter:card\" content=\"summary_large_image\" \/>\n<meta name=\"twitter:creator\" content=\"@KapitalisInfo\" \/>\n<meta name=\"twitter:site\" content=\"@KapitalisInfo\" \/>\n<meta name=\"twitter:label1\" content=\"\u00c9crit par\" \/>\n\t<meta name=\"twitter:data1\" content=\"Cherif Benyounes\" \/>\n\t<meta name=\"twitter:label2\" content=\"Dur\u00e9e de lecture estim\u00e9e\" \/>\n\t<meta name=\"twitter:data2\" content=\"1 minute\" \/>\n<script type=\"application\/ld+json\" class=\"yoast-schema-graph\">{\"@context\":\"https:\/\/schema.org\",\"@graph\":[{\"@type\":\"Article\",\"@id\":\"https:\/\/kapitalis.com\/tunisie\/2020\/12\/17\/accident-sur-lautoroute-sousse-sfax-9-voitures-se-heurtent-a-cause-du-brouillard-video\/#article\",\"isPartOf\":{\"@id\":\"https:\/\/kapitalis.com\/tunisie\/2020\/12\/17\/accident-sur-lautoroute-sousse-sfax-9-voitures-se-heurtent-a-cause-du-brouillard-video\/\"},\"author\":{\"name\":\"Cherif Benyounes\",\"@id\":\"https:\/\/kapitalis.com\/tunisie\/#\/schema\/person\/b35b8d631961131107263178aeb8019e\"},\"headline\":\"Accident sur l&rsquo;autoroute Sousse-Sfax : 9 voitures se heurtent \u00e0 cause du brouillard (Vid\u00e9o)\",\"datePublished\":\"2020-12-17T13:41:58+00:00\",\"dateModified\":\"2020-12-17T13:42:02+00:00\",\"mainEntityOfPage\":{\"@id\":\"https:\/\/kapitalis.com\/tunisie\/2020\/12\/17\/accident-sur-lautoroute-sousse-sfax-9-voitures-se-heurtent-a-cause-du-brouillard-video\/\"},\"wordCount\":124,\"commentCount\":0,\"publisher\":{\"@id\":\"https:\/\/kapitalis.com\/tunisie\/#organization\"},\"image\":{\"@id\":\"https:\/\/kapitalis.com\/tunisie\/2020\/12\/17\/accident-sur-lautoroute-sousse-sfax-9-voitures-se-heurtent-a-cause-du-brouillard-video\/#primaryimage\"},\"thumbnailUrl\":\"\",\"keywords\":[\"accident\",\"autoroute sousse-sfax\",\"brouillar\"],\"articleSection\":[\"SOCIETE\",\"Tunisie\"],\"inLanguage\":\"fr-FR\",\"potentialAction\":[{\"@type\":\"CommentAction\",\"name\":\"Comment\",\"target\":[\"https:\/\/kapitalis.com\/tunisie\/2020\/12\/17\/accident-sur-lautoroute-sousse-sfax-9-voitures-se-heurtent-a-cause-du-brouillard-video\/#respond\"]}]},{\"@type\":\"WebPage\",\"@id\":\"https:\/\/kapitalis.com\/tunisie\/2020\/12\/17\/accident-sur-lautoroute-sousse-sfax-9-voitures-se-heurtent-a-cause-du-brouillard-video\/\",\"url\":\"https:\/\/kapitalis.com\/tunisie\/2020\/12\/17\/accident-sur-lautoroute-sousse-sfax-9-voitures-se-heurtent-a-cause-du-brouillard-video\/\",\"name\":\"Accident sur l'autoroute Sousse-Sfax : 9 voitures se heurtent \u00e0 cause du brouillard (Vid\u00e9o) - Kapitalis\",\"isPartOf\":{\"@id\":\"https:\/\/kapitalis.com\/tunisie\/#website\"},\"primaryImageOfPage\":{\"@id\":\"https:\/\/kapitalis.com\/tunisie\/2020\/12\/17\/accident-sur-lautoroute-sousse-sfax-9-voitures-se-heurtent-a-cause-du-brouillard-video\/#primaryimage\"},\"image\":{\"@id\":\"https:\/\/kapitalis.com\/tunisie\/2020\/12\/17\/accident-sur-lautoroute-sousse-sfax-9-voitures-se-heurtent-a-cause-du-brouillard-video\/#primaryimage\"},\"thumbnailUrl\":\"\",\"datePublished\":\"2020-12-17T13:41:58+00:00\",\"dateModified\":\"2020-12-17T13:42:02+00:00\",\"breadcrumb\":{\"@id\":\"https:\/\/kapitalis.com\/tunisie\/2020\/12\/17\/accident-sur-lautoroute-sousse-sfax-9-voitures-se-heurtent-a-cause-du-brouillard-video\/#breadcrumb\"},\"inLanguage\":\"fr-FR\",\"potentialAction\":[{\"@type\":\"ReadAction\",\"target\":[\"https:\/\/kapitalis.com\/tunisie\/2020\/12\/17\/accident-sur-lautoroute-sousse-sfax-9-voitures-se-heurtent-a-cause-du-brouillard-video\/\"]}]},{\"@type\":\"ImageObject\",\"inLanguage\":\"fr-FR\",\"@id\":\"https:\/\/kapitalis.com\/tunisie\/2020\/12\/17\/accident-sur-lautoroute-sousse-sfax-9-voitures-se-heurtent-a-cause-du-brouillard-video\/#primaryimage\",\"url\":\"\",\"contentUrl\":\"\"},{\"@type\":\"BreadcrumbList\",\"@id\":\"https:\/\/kapitalis.com\/tunisie\/2020\/12\/17\/accident-sur-lautoroute-sousse-sfax-9-voitures-se-heurtent-a-cause-du-brouillard-video\/#breadcrumb\",\"itemListElement\":[{\"@type\":\"ListItem\",\"position\":1,\"name\":\"Accueil\",\"item\":\"https:\/\/kapitalis.com\/tunisie\/\"},{\"@type\":\"ListItem\",\"position\":2,\"name\":\"Accident sur l&rsquo;autoroute Sousse-Sfax : 9 voitures se heurtent \u00e0 cause du brouillard (Vid\u00e9o)\"}]},{\"@type\":\"WebSite\",\"@id\":\"https:\/\/kapitalis.com\/tunisie\/#website\",\"url\":\"https:\/\/kapitalis.com\/tunisie\/\",\"name\":\"Kapitalis\",\"description\":\"L&#039;actualit\u00e9 en Tunisie et dans le monde\",\"publisher\":{\"@id\":\"https:\/\/kapitalis.com\/tunisie\/#organization\"},\"potentialAction\":[{\"@type\":\"SearchAction\",\"target\":{\"@type\":\"EntryPoint\",\"urlTemplate\":\"https:\/\/kapitalis.com\/tunisie\/?s={search_term_string}\"},\"query-input\":{\"@type\":\"PropertyValueSpecification\",\"valueRequired\":true,\"valueName\":\"search_term_string\"}}],\"inLanguage\":\"fr-FR\"},{\"@type\":\"Organization\",\"@id\":\"https:\/\/kapitalis.com\/tunisie\/#organization\",\"name\":\"Kapitalis\",\"url\":\"https:\/\/kapitalis.com\/tunisie\/\",\"logo\":{\"@type\":\"ImageObject\",\"inLanguage\":\"fr-FR\",\"@id\":\"https:\/\/kapitalis.com\/tunisie\/#\/schema\/logo\/image\/\",\"url\":\"https:\/\/kapitalis.com\/tunisie\/wp-content\/uploads\/2022\/05\/Kapitalis-big-size.png\",\"contentUrl\":\"https:\/\/kapitalis.com\/tunisie\/wp-content\/uploads\/2022\/05\/Kapitalis-big-size.png\",\"width\":5000,\"height\":1500,\"caption\":\"Kapitalis\"},\"image\":{\"@id\":\"https:\/\/kapitalis.com\/tunisie\/#\/schema\/logo\/image\/\"},\"sameAs\":[\"https:\/\/www.facebook.com\/KapitalisInfo\/\",\"https:\/\/x.com\/KapitalisInfo\",\"https:\/\/www.youtube.com\/channel\/UC-yDYrHyfFBWWZaOw3FPg9Q\"]},{\"@type\":\"Person\",\"@id\":\"https:\/\/kapitalis.com\/tunisie\/#\/schema\/person\/b35b8d631961131107263178aeb8019e\",\"name\":\"Cherif Benyounes\",\"url\":\"https:\/\/kapitalis.com\/tunisie\/author\/cherif\/\"}]}<\/script>\n<!-- \/ Yoast SEO plugin. -->","yoast_head_json":{"title":"Accident sur l'autoroute Sousse-Sfax : 9 voitures se heurtent \u00e0 cause du brouillard (Vid\u00e9o) - Kapitalis","robots":{"index":"index","follow":"follow","max-snippet":"max-snippet:-1","max-image-preview":"max-image-preview:large","max-video-preview":"max-video-preview:-1"},"canonical":"https:\/\/kapitalis.com\/tunisie\/2020\/12\/17\/accident-sur-lautoroute-sousse-sfax-9-voitures-se-heurtent-a-cause-du-brouillard-video\/","og_locale":"fr_FR","og_type":"article","og_title":"Accident sur l'autoroute Sousse-Sfax : 9 voitures se heurtent \u00e0 cause du brouillard (Vid\u00e9o) - Kapitalis","og_description":"Un accident de la route s\u2019est produit sur l\u2019autoroute A170 km, reliant Sousse et Sfax, au niveau de Boumerdes, ce jeudi 17 d\u00e9cembre 2020, \u00e0 cause duquel plusieurs voitures ont \u00e9t\u00e9 endommag\u00e9s. Il n&rsquo;y a, par ailleurs, pas eu de blessures graves ni de d\u00e9c\u00e8s.","og_url":"https:\/\/kapitalis.com\/tunisie\/2020\/12\/17\/accident-sur-lautoroute-sousse-sfax-9-voitures-se-heurtent-a-cause-du-brouillard-video\/","og_site_name":"Kapitalis","article_publisher":"https:\/\/www.facebook.com\/KapitalisInfo\/","article_published_time":"2020-12-17T13:41:58+00:00","article_modified_time":"2020-12-17T13:42:02+00:00","og_image":[{"width":1200,"height":630,"url":"https:\/\/kapitalis.com\/tunisie\/wp-content\/uploads\/2022\/05\/kapitalis-logo-fb.png","type":"image\/png"}],"author":"Cherif Benyounes","twitter_card":"summary_large_image","twitter_creator":"@KapitalisInfo","twitter_site":"@KapitalisInfo","twitter_misc":{"\u00c9crit par":"Cherif Benyounes","Dur\u00e9e de lecture estim\u00e9e":"1 minute"},"schema":{"@context":"https:\/\/schema.org","@graph":[{"@type":"Article","@id":"https:\/\/kapitalis.com\/tunisie\/2020\/12\/17\/accident-sur-lautoroute-sousse-sfax-9-voitures-se-heurtent-a-cause-du-brouillard-video\/#article","isPartOf":{"@id":"https:\/\/kapitalis.com\/tunisie\/2020\/12\/17\/accident-sur-lautoroute-sousse-sfax-9-voitures-se-heurtent-a-cause-du-brouillard-video\/"},"author":{"name":"Cherif Benyounes","@id":"https:\/\/kapitalis.com\/tunisie\/#\/schema\/person\/b35b8d631961131107263178aeb8019e"},"headline":"Accident sur l&rsquo;autoroute Sousse-Sfax : 9 voitures se heurtent \u00e0 cause du brouillard (Vid\u00e9o)","datePublished":"2020-12-17T13:41:58+00:00","dateModified":"2020-12-17T13:42:02+00:00","mainEntityOfPage":{"@id":"https:\/\/kapitalis.com\/tunisie\/2020\/12\/17\/accident-sur-lautoroute-sousse-sfax-9-voitures-se-heurtent-a-cause-du-brouillard-video\/"},"wordCount":124,"commentCount":0,"publisher":{"@id":"https:\/\/kapitalis.com\/tunisie\/#organization"},"image":{"@id":"https:\/\/kapitalis.com\/tunisie\/2020\/12\/17\/accident-sur-lautoroute-sousse-sfax-9-voitures-se-heurtent-a-cause-du-brouillard-video\/#primaryimage"},"thumbnailUrl":"","keywords":["accident","autoroute sousse-sfax","brouillar"],"articleSection":["SOCIETE","Tunisie"],"inLanguage":"fr-FR","potentialAction":[{"@type":"CommentAction","name":"Comment","target":["https:\/\/kapitalis.com\/tunisie\/2020\/12\/17\/accident-sur-lautoroute-sousse-sfax-9-voitures-se-heurtent-a-cause-du-brouillard-video\/#respond"]}]},{"@type":"WebPage","@id":"https:\/\/kapitalis.com\/tunisie\/2020\/12\/17\/accident-sur-lautoroute-sousse-sfax-9-voitures-se-heurtent-a-cause-du-brouillard-video\/","url":"https:\/\/kapitalis.com\/tunisie\/2020\/12\/17\/accident-sur-lautoroute-sousse-sfax-9-voitures-se-heurtent-a-cause-du-brouillard-video\/","name":"Accident sur l'autoroute Sousse-Sfax : 9 voitures se heurtent \u00e0 cause du brouillard (Vid\u00e9o) - Kapitalis","isPartOf":{"@id":"https:\/\/kapitalis.com\/tunisie\/#website"},"primaryImageOfPage":{"@id":"https:\/\/kapitalis.com\/tunisie\/2020\/12\/17\/accident-sur-lautoroute-sousse-sfax-9-voitures-se-heurtent-a-cause-du-brouillard-video\/#primaryimage"},"image":{"@id":"https:\/\/kapitalis.com\/tunisie\/2020\/12\/17\/accident-sur-lautoroute-sousse-sfax-9-voitures-se-heurtent-a-cause-du-brouillard-video\/#primaryimage"},"thumbnailUrl":"","datePublished":"2020-12-17T13:41:58+00:00","dateModified":"2020-12-17T13:42:02+00:00","breadcrumb":{"@id":"https:\/\/kapitalis.com\/tunisie\/2020\/12\/17\/accident-sur-lautoroute-sousse-sfax-9-voitures-se-heurtent-a-cause-du-brouillard-video\/#breadcrumb"},"inLanguage":"fr-FR","potentialAction":[{"@type":"ReadAction","target":["https:\/\/kapitalis.com\/tunisie\/2020\/12\/17\/accident-sur-lautoroute-sousse-sfax-9-voitures-se-heurtent-a-cause-du-brouillard-video\/"]}]},{"@type":"ImageObject","inLanguage":"fr-FR","@id":"https:\/\/kapitalis.com\/tunisie\/2020\/12\/17\/accident-sur-lautoroute-sousse-sfax-9-voitures-se-heurtent-a-cause-du-brouillard-video\/#primaryimage","url":"","contentUrl":""},{"@type":"BreadcrumbList","@id":"https:\/\/kapitalis.com\/tunisie\/2020\/12\/17\/accident-sur-lautoroute-sousse-sfax-9-voitures-se-heurtent-a-cause-du-brouillard-video\/#breadcrumb","itemListElement":[{"@type":"ListItem","position":1,"name":"Accueil","item":"https:\/\/kapitalis.com\/tunisie\/"},{"@type":"ListItem","position":2,"name":"Accident sur l&rsquo;autoroute Sousse-Sfax : 9 voitures se heurtent \u00e0 cause du brouillard (Vid\u00e9o)"}]},{"@type":"WebSite","@id":"https:\/\/kapitalis.com\/tunisie\/#website","url":"https:\/\/kapitalis.com\/tunisie\/","name":"Kapitalis","description":"L&#039;actualit\u00e9 en Tunisie et dans le monde","publisher":{"@id":"https:\/\/kapitalis.com\/tunisie\/#organization"},"potentialAction":[{"@type":"SearchAction","target":{"@type":"EntryPoint","urlTemplate":"https:\/\/kapitalis.com\/tunisie\/?s={search_term_string}"},"query-input":{"@type":"PropertyValueSpecification","valueRequired":true,"valueName":"search_term_string"}}],"inLanguage":"fr-FR"},{"@type":"Organization","@id":"https:\/\/kapitalis.com\/tunisie\/#organization","name":"Kapitalis","url":"https:\/\/kapitalis.com\/tunisie\/","logo":{"@type":"ImageObject","inLanguage":"fr-FR","@id":"https:\/\/kapitalis.com\/tunisie\/#\/schema\/logo\/image\/","url":"https:\/\/kapitalis.com\/tunisie\/wp-content\/uploads\/2022\/05\/Kapitalis-big-size.png","contentUrl":"https:\/\/kapitalis.com\/tunisie\/wp-content\/uploads\/2022\/05\/Kapitalis-big-size.png","width":5000,"height":1500,"caption":"Kapitalis"},"image":{"@id":"https:\/\/kapitalis.com\/tunisie\/#\/schema\/logo\/image\/"},"sameAs":["https:\/\/www.facebook.com\/KapitalisInfo\/","https:\/\/x.com\/KapitalisInfo","https:\/\/www.youtube.com\/channel\/UC-yDYrHyfFBWWZaOw3FPg9Q"]},{"@type":"Person","@id":"https:\/\/kapitalis.com\/tunisie\/#\/schema\/person\/b35b8d631961131107263178aeb8019e","name":"Cherif Benyounes","url":"https:\/\/kapitalis.com\/tunisie\/author\/cherif\/"}]}},"_links":{"self":[{"href":"https:\/\/kapitalis.com\/tunisie\/wp-json\/wp\/v2\/posts\/328572","targetHints":{"allow":["GET"]}}],"collection":[{"href":"https:\/\/kapitalis.com\/tunisie\/wp-json\/wp\/v2\/posts"}],"about":[{"href":"https:\/\/kapitalis.com\/tunisie\/wp-json\/wp\/v2\/types\/post"}],"author":[{"embeddable":true,"href":"https:\/\/kapitalis.com\/tunisie\/wp-json\/wp\/v2\/users\/24"}],"replies":[{"embeddable":true,"href":"https:\/\/kapitalis.com\/tunisie\/wp-json\/wp\/v2\/comments?post=328572"}],"version-history":[{"count":0,"href":"https:\/\/kapitalis.com\/tunisie\/wp-json\/wp\/v2\/posts\/328572\/revisions"}],"wp:featuredmedia":[{"embeddable":true,"href":"https:\/\/kapitalis.com\/tunisie\/wp-json\/wp\/v2\/media\/328582"}],"wp:attachment":[{"href":"https:\/\/kapitalis.com\/tunisie\/wp-json\/wp\/v2\/media?parent=328572"}],"wp:term":[{"taxonomy":"category","embeddable":true,"href":"https:\/\/kapitalis.com\/tunisie\/wp-json\/wp\/v2\/categories?post=328572"},{"taxonomy":"post_tag","embeddable":true,"href":"https:\/\/kapitalis.com\/tunisie\/wp-json\/wp\/v2\/tags?post=328572"}],"curies":[{"name":"wp","href":"https:\/\/api.w.org\/{rel}","templated":true}]}}