{"id":328630,"date":"2020-12-18T08:18:11","date_gmt":"2020-12-18T07:18:11","guid":{"rendered":"http:\/\/kapitalis.com\/tunisie\/?p=328630"},"modified":"2020-12-18T08:18:15","modified_gmt":"2020-12-18T07:18:15","slug":"zara-lance-take-back-programme-pour-collecter-reutiliser-et-recycler-les-vetements","status":"publish","type":"post","link":"https:\/\/kapitalis.com\/tunisie\/2020\/12\/18\/zara-lance-take-back-programme-pour-collecter-reutiliser-et-recycler-les-vetements\/","title":{"rendered":"Zara lance \u201cTake back programme\u201d pour collecter, r\u00e9utiliser et recycler les v\u00eatements"},"content":{"rendered":"\n<figure class=\"wp-block-image size-large\"><img decoding=\"async\" src=\"http:\/\/kapitalis.com\/tunisie\/wp-content\/uploads\/2020\/12\/Recyclage-vetements.jpg\" alt=\"\" class=\"wp-image-328631\"\/><\/figure>\n\n\n\n<p><strong><em>L\u2019enseigne Zara renforce son engagement pour le d\u00e9veloppement durable en Tunisie et met en place un programme de recyclage et de reprise de v\u00eatements us\u00e9s dans ses magasins De quoi s\u2019agit-il ?<\/em><\/strong><\/p>\n\n\n\n<!--more-->\n\n\n\n<p>Dans le cadre de son engagement soci\u00e9tal et environnemental, la Fondation Indigo, affili\u00e9e au Groupe Indigo Company, partenaire du Groupe Inditex et Zara, offre \u00e0 sa client\u00e8le l\u2019opportunit\u00e9 de prolonger la dur\u00e9e de vie des v\u00eatements en mettant en place un programme de collecte de v\u00eatements usag\u00e9s.<\/p>\n\n\n\n<p>En collaboration avec des associations locales \u00e0 but non lucratif, le Take Back Program collectera les v\u00eatements qui ne sont plus utilis\u00e9s et leur redonnera une seconde vie en les offrant aux personnes dans le besoin. Il permet ainsi de faciliter et d\u2019accompagner l\u2019\u00e9lan de solidarit\u00e9 de ses clients.<\/p>\n\n\n\n<p>Cette d\u00e9marche s\u2019inscrit dans la continuit\u00e9 des actions de la Fondation indigo, qui chaque ann\u00e9e fait dons de v\u00eatements aux associations caritatives avec lesquelles elle collabore. Plus r\u00e9cemment elle a \u00e9tendu son action pour encourager des projets d\u2019upcycling avec des jeunes designers et des artisans.<\/p>\n\n\n\n<p>Ce programme est une composante du projet mondial de responsabilit\u00e9 soci\u00e9tale et environnementale de Zara qui vise par des engagements et des mesures concr\u00e8tes :<\/p>\n\n\n\n<p>-la r\u00e9duction de la consommation d\u2019\u00e9nergie (magasins \u00e9coresponsables certifi\u00e9s LEED : Leadership in EnergyEnvironnemental Design et Breeam) ;<\/p>\n\n\n\n<p>-la r\u00e9duction de consommation d\u2019eau dans l\u2019industrie textile ;<\/p>\n\n\n\n<p>-l\u2019utilisation de mati\u00e8res premi\u00e8res et fibre durables dans la confection des v\u00eatements (coton organique, BCI et recycl\u00e9 pour atteindre 100% en 2025);<\/p>\n\n\n\n<p>-closing the loop : recyclage des d\u00e9chets (91% en 2019) et r\u00e9utilisation des articles invendus pour la confection de nouveaux v\u00eatements, c\u2019est l\u2019\u00e9conomie circulaire.<\/p>\n\n\n\n<p>Comment \u00e7a marche ?<\/p>\n\n\n\n<p>Les clients sont invit\u00e9s \u00e0 faire le tri dans leur dressing et \u00e0 apporter les v\u00eatements et chaussures usag\u00e9s ou neufs qu\u2019ils ne portent plus, mais qui restent en bon \u00e9tat, et \u00e0 les d\u00e9poser dans les conteneurs mis \u00e0 leur disposition dans les magasins Zara.<\/p>\n\n\n\n<p>La Fondation Indigo se charge par la suite du tri et de l&rsquo;acheminement \u00e0 des associations scrupuleusement s\u00e9lectionn\u00e9es comme Afreecan qui se charge de les donner aux personnes d\u00e9favoris\u00e9es.<\/p>\n\n\n\n<p>La Fondation Indigo donnera \u00e9galement ces v\u00eatements pour des projets autour du recyclage tels que les tapis klims avec le collectif El-Mensej, des femmes tisserandes de Nafta, ou encore des projets pilotes de mode durable en collaboration avec des jeunes designers et des universit\u00e9s tunisiennes tel que le projet Moodha Okhra.<\/p>\n\n\n\n<p><strong><em>Source<\/em><\/strong> : communiqu\u00e9.<\/p>\n","protected":false},"excerpt":{"rendered":"<p>L\u2019enseigne Zara renforce son engagement pour le d\u00e9veloppement durable en Tunisie et met en place un programme de recyclage et de reprise de v\u00eatements us\u00e9s dans ses magasins De quoi s\u2019agit-il ?<\/p>\n","protected":false},"author":8,"featured_media":328631,"comment_status":"open","ping_status":"open","sticky":false,"template":"","format":"standard","meta":{"footnotes":""},"categories":[993,995,2433],"tags":[11545,85751,85747,85748,83273,85750,85749,85746],"class_list":["post-328630","post","type-post","status-publish","format-standard","has-post-thumbnail","hentry","category-conso","category-economie","category-tunisie","tag-afreecan","tag-el-mensej","tag-groupe-indigo-company","tag-groupe-inditex","tag-moodha-okhra","tag-recyclage-de-vetements","tag-take-back-program","tag-zara"],"yoast_head":"<!-- This site is optimized with the Yoast SEO plugin v26.6 - https:\/\/yoast.com\/wordpress\/plugins\/seo\/ -->\n<title>Zara lance \u201cTake back programme\u201d pour collecter, r\u00e9utiliser et recycler les v\u00eatements - Kapitalis<\/title>\n<meta name=\"robots\" content=\"index, follow, max-snippet:-1, max-image-preview:large, max-video-preview:-1\" \/>\n<link rel=\"canonical\" href=\"https:\/\/kapitalis.com\/tunisie\/2020\/12\/18\/zara-lance-take-back-programme-pour-collecter-reutiliser-et-recycler-les-vetements\/\" \/>\n<meta property=\"og:locale\" content=\"fr_FR\" \/>\n<meta property=\"og:type\" content=\"article\" \/>\n<meta property=\"og:title\" content=\"Zara lance \u201cTake back programme\u201d pour collecter, r\u00e9utiliser et recycler les v\u00eatements - Kapitalis\" \/>\n<meta property=\"og:description\" content=\"L\u2019enseigne Zara renforce son engagement pour le d\u00e9veloppement durable en Tunisie et met en place un programme de recyclage et de reprise de v\u00eatements us\u00e9s dans ses magasins De quoi s\u2019agit-il ?\" \/>\n<meta property=\"og:url\" content=\"https:\/\/kapitalis.com\/tunisie\/2020\/12\/18\/zara-lance-take-back-programme-pour-collecter-reutiliser-et-recycler-les-vetements\/\" \/>\n<meta property=\"og:site_name\" content=\"Kapitalis\" \/>\n<meta property=\"article:publisher\" content=\"https:\/\/www.facebook.com\/KapitalisInfo\/\" \/>\n<meta property=\"article:published_time\" content=\"2020-12-18T07:18:11+00:00\" \/>\n<meta property=\"article:modified_time\" content=\"2020-12-18T07:18:15+00:00\" \/>\n<meta property=\"og:image\" content=\"https:\/\/kapitalis.com\/tunisie\/wp-content\/uploads\/2022\/05\/kapitalis-logo-fb.png\" \/>\n\t<meta property=\"og:image:width\" content=\"1200\" \/>\n\t<meta property=\"og:image:height\" content=\"630\" \/>\n\t<meta property=\"og:image:type\" content=\"image\/png\" \/>\n<meta name=\"author\" content=\"webmaster kapitalis\" \/>\n<meta name=\"twitter:card\" content=\"summary_large_image\" \/>\n<meta name=\"twitter:creator\" content=\"@KapitalisInfo\" \/>\n<meta name=\"twitter:site\" content=\"@KapitalisInfo\" \/>\n<meta name=\"twitter:label1\" content=\"\u00c9crit par\" \/>\n\t<meta name=\"twitter:data1\" content=\"webmaster kapitalis\" \/>\n\t<meta name=\"twitter:label2\" content=\"Dur\u00e9e de lecture estim\u00e9e\" \/>\n\t<meta name=\"twitter:data2\" content=\"2 minutes\" \/>\n<script type=\"application\/ld+json\" class=\"yoast-schema-graph\">{\"@context\":\"https:\/\/schema.org\",\"@graph\":[{\"@type\":\"Article\",\"@id\":\"https:\/\/kapitalis.com\/tunisie\/2020\/12\/18\/zara-lance-take-back-programme-pour-collecter-reutiliser-et-recycler-les-vetements\/#article\",\"isPartOf\":{\"@id\":\"https:\/\/kapitalis.com\/tunisie\/2020\/12\/18\/zara-lance-take-back-programme-pour-collecter-reutiliser-et-recycler-les-vetements\/\"},\"author\":{\"name\":\"webmaster kapitalis\",\"@id\":\"https:\/\/kapitalis.com\/tunisie\/#\/schema\/person\/d71f33a9ca44f7bad4698210b480c8e9\"},\"headline\":\"Zara lance \u201cTake back programme\u201d pour collecter, r\u00e9utiliser et recycler les v\u00eatements\",\"datePublished\":\"2020-12-18T07:18:11+00:00\",\"dateModified\":\"2020-12-18T07:18:15+00:00\",\"mainEntityOfPage\":{\"@id\":\"https:\/\/kapitalis.com\/tunisie\/2020\/12\/18\/zara-lance-take-back-programme-pour-collecter-reutiliser-et-recycler-les-vetements\/\"},\"wordCount\":450,\"commentCount\":0,\"publisher\":{\"@id\":\"https:\/\/kapitalis.com\/tunisie\/#organization\"},\"image\":{\"@id\":\"https:\/\/kapitalis.com\/tunisie\/2020\/12\/18\/zara-lance-take-back-programme-pour-collecter-reutiliser-et-recycler-les-vetements\/#primaryimage\"},\"thumbnailUrl\":\"\",\"keywords\":[\"Afreecan\",\"El-Mensej\",\"Groupe Indigo Company\",\"Groupe Inditex\",\"Moodha Okhra\",\"recyclage de v\u00eatements\",\"Take Back Program\",\"Zara\"],\"articleSection\":[\"CONSO\",\"ECONOMIE\",\"Tunisie\"],\"inLanguage\":\"fr-FR\",\"potentialAction\":[{\"@type\":\"CommentAction\",\"name\":\"Comment\",\"target\":[\"https:\/\/kapitalis.com\/tunisie\/2020\/12\/18\/zara-lance-take-back-programme-pour-collecter-reutiliser-et-recycler-les-vetements\/#respond\"]}]},{\"@type\":\"WebPage\",\"@id\":\"https:\/\/kapitalis.com\/tunisie\/2020\/12\/18\/zara-lance-take-back-programme-pour-collecter-reutiliser-et-recycler-les-vetements\/\",\"url\":\"https:\/\/kapitalis.com\/tunisie\/2020\/12\/18\/zara-lance-take-back-programme-pour-collecter-reutiliser-et-recycler-les-vetements\/\",\"name\":\"Zara lance \u201cTake back programme\u201d pour collecter, r\u00e9utiliser et recycler les v\u00eatements - Kapitalis\",\"isPartOf\":{\"@id\":\"https:\/\/kapitalis.com\/tunisie\/#website\"},\"primaryImageOfPage\":{\"@id\":\"https:\/\/kapitalis.com\/tunisie\/2020\/12\/18\/zara-lance-take-back-programme-pour-collecter-reutiliser-et-recycler-les-vetements\/#primaryimage\"},\"image\":{\"@id\":\"https:\/\/kapitalis.com\/tunisie\/2020\/12\/18\/zara-lance-take-back-programme-pour-collecter-reutiliser-et-recycler-les-vetements\/#primaryimage\"},\"thumbnailUrl\":\"\",\"datePublished\":\"2020-12-18T07:18:11+00:00\",\"dateModified\":\"2020-12-18T07:18:15+00:00\",\"breadcrumb\":{\"@id\":\"https:\/\/kapitalis.com\/tunisie\/2020\/12\/18\/zara-lance-take-back-programme-pour-collecter-reutiliser-et-recycler-les-vetements\/#breadcrumb\"},\"inLanguage\":\"fr-FR\",\"potentialAction\":[{\"@type\":\"ReadAction\",\"target\":[\"https:\/\/kapitalis.com\/tunisie\/2020\/12\/18\/zara-lance-take-back-programme-pour-collecter-reutiliser-et-recycler-les-vetements\/\"]}]},{\"@type\":\"ImageObject\",\"inLanguage\":\"fr-FR\",\"@id\":\"https:\/\/kapitalis.com\/tunisie\/2020\/12\/18\/zara-lance-take-back-programme-pour-collecter-reutiliser-et-recycler-les-vetements\/#primaryimage\",\"url\":\"\",\"contentUrl\":\"\"},{\"@type\":\"BreadcrumbList\",\"@id\":\"https:\/\/kapitalis.com\/tunisie\/2020\/12\/18\/zara-lance-take-back-programme-pour-collecter-reutiliser-et-recycler-les-vetements\/#breadcrumb\",\"itemListElement\":[{\"@type\":\"ListItem\",\"position\":1,\"name\":\"Accueil\",\"item\":\"https:\/\/kapitalis.com\/tunisie\/\"},{\"@type\":\"ListItem\",\"position\":2,\"name\":\"Zara lance \u201cTake back programme\u201d pour collecter, r\u00e9utiliser et recycler les v\u00eatements\"}]},{\"@type\":\"WebSite\",\"@id\":\"https:\/\/kapitalis.com\/tunisie\/#website\",\"url\":\"https:\/\/kapitalis.com\/tunisie\/\",\"name\":\"Kapitalis\",\"description\":\"L&#039;actualit\u00e9 en Tunisie et dans le monde\",\"publisher\":{\"@id\":\"https:\/\/kapitalis.com\/tunisie\/#organization\"},\"potentialAction\":[{\"@type\":\"SearchAction\",\"target\":{\"@type\":\"EntryPoint\",\"urlTemplate\":\"https:\/\/kapitalis.com\/tunisie\/?s={search_term_string}\"},\"query-input\":{\"@type\":\"PropertyValueSpecification\",\"valueRequired\":true,\"valueName\":\"search_term_string\"}}],\"inLanguage\":\"fr-FR\"},{\"@type\":\"Organization\",\"@id\":\"https:\/\/kapitalis.com\/tunisie\/#organization\",\"name\":\"Kapitalis\",\"url\":\"https:\/\/kapitalis.com\/tunisie\/\",\"logo\":{\"@type\":\"ImageObject\",\"inLanguage\":\"fr-FR\",\"@id\":\"https:\/\/kapitalis.com\/tunisie\/#\/schema\/logo\/image\/\",\"url\":\"https:\/\/kapitalis.com\/tunisie\/wp-content\/uploads\/2022\/05\/Kapitalis-big-size.png\",\"contentUrl\":\"https:\/\/kapitalis.com\/tunisie\/wp-content\/uploads\/2022\/05\/Kapitalis-big-size.png\",\"width\":5000,\"height\":1500,\"caption\":\"Kapitalis\"},\"image\":{\"@id\":\"https:\/\/kapitalis.com\/tunisie\/#\/schema\/logo\/image\/\"},\"sameAs\":[\"https:\/\/www.facebook.com\/KapitalisInfo\/\",\"https:\/\/x.com\/KapitalisInfo\",\"https:\/\/www.youtube.com\/channel\/UC-yDYrHyfFBWWZaOw3FPg9Q\"]},{\"@type\":\"Person\",\"@id\":\"https:\/\/kapitalis.com\/tunisie\/#\/schema\/person\/d71f33a9ca44f7bad4698210b480c8e9\",\"name\":\"webmaster kapitalis\",\"url\":\"https:\/\/kapitalis.com\/tunisie\/author\/webmaster-kapitalis\/\"}]}<\/script>\n<!-- \/ Yoast SEO plugin. -->","yoast_head_json":{"title":"Zara lance \u201cTake back programme\u201d pour collecter, r\u00e9utiliser et recycler les v\u00eatements - Kapitalis","robots":{"index":"index","follow":"follow","max-snippet":"max-snippet:-1","max-image-preview":"max-image-preview:large","max-video-preview":"max-video-preview:-1"},"canonical":"https:\/\/kapitalis.com\/tunisie\/2020\/12\/18\/zara-lance-take-back-programme-pour-collecter-reutiliser-et-recycler-les-vetements\/","og_locale":"fr_FR","og_type":"article","og_title":"Zara lance \u201cTake back programme\u201d pour collecter, r\u00e9utiliser et recycler les v\u00eatements - Kapitalis","og_description":"L\u2019enseigne Zara renforce son engagement pour le d\u00e9veloppement durable en Tunisie et met en place un programme de recyclage et de reprise de v\u00eatements us\u00e9s dans ses magasins De quoi s\u2019agit-il ?","og_url":"https:\/\/kapitalis.com\/tunisie\/2020\/12\/18\/zara-lance-take-back-programme-pour-collecter-reutiliser-et-recycler-les-vetements\/","og_site_name":"Kapitalis","article_publisher":"https:\/\/www.facebook.com\/KapitalisInfo\/","article_published_time":"2020-12-18T07:18:11+00:00","article_modified_time":"2020-12-18T07:18:15+00:00","og_image":[{"width":1200,"height":630,"url":"https:\/\/kapitalis.com\/tunisie\/wp-content\/uploads\/2022\/05\/kapitalis-logo-fb.png","type":"image\/png"}],"author":"webmaster kapitalis","twitter_card":"summary_large_image","twitter_creator":"@KapitalisInfo","twitter_site":"@KapitalisInfo","twitter_misc":{"\u00c9crit par":"webmaster kapitalis","Dur\u00e9e de lecture estim\u00e9e":"2 minutes"},"schema":{"@context":"https:\/\/schema.org","@graph":[{"@type":"Article","@id":"https:\/\/kapitalis.com\/tunisie\/2020\/12\/18\/zara-lance-take-back-programme-pour-collecter-reutiliser-et-recycler-les-vetements\/#article","isPartOf":{"@id":"https:\/\/kapitalis.com\/tunisie\/2020\/12\/18\/zara-lance-take-back-programme-pour-collecter-reutiliser-et-recycler-les-vetements\/"},"author":{"name":"webmaster kapitalis","@id":"https:\/\/kapitalis.com\/tunisie\/#\/schema\/person\/d71f33a9ca44f7bad4698210b480c8e9"},"headline":"Zara lance \u201cTake back programme\u201d pour collecter, r\u00e9utiliser et recycler les v\u00eatements","datePublished":"2020-12-18T07:18:11+00:00","dateModified":"2020-12-18T07:18:15+00:00","mainEntityOfPage":{"@id":"https:\/\/kapitalis.com\/tunisie\/2020\/12\/18\/zara-lance-take-back-programme-pour-collecter-reutiliser-et-recycler-les-vetements\/"},"wordCount":450,"commentCount":0,"publisher":{"@id":"https:\/\/kapitalis.com\/tunisie\/#organization"},"image":{"@id":"https:\/\/kapitalis.com\/tunisie\/2020\/12\/18\/zara-lance-take-back-programme-pour-collecter-reutiliser-et-recycler-les-vetements\/#primaryimage"},"thumbnailUrl":"","keywords":["Afreecan","El-Mensej","Groupe Indigo Company","Groupe Inditex","Moodha Okhra","recyclage de v\u00eatements","Take Back Program","Zara"],"articleSection":["CONSO","ECONOMIE","Tunisie"],"inLanguage":"fr-FR","potentialAction":[{"@type":"CommentAction","name":"Comment","target":["https:\/\/kapitalis.com\/tunisie\/2020\/12\/18\/zara-lance-take-back-programme-pour-collecter-reutiliser-et-recycler-les-vetements\/#respond"]}]},{"@type":"WebPage","@id":"https:\/\/kapitalis.com\/tunisie\/2020\/12\/18\/zara-lance-take-back-programme-pour-collecter-reutiliser-et-recycler-les-vetements\/","url":"https:\/\/kapitalis.com\/tunisie\/2020\/12\/18\/zara-lance-take-back-programme-pour-collecter-reutiliser-et-recycler-les-vetements\/","name":"Zara lance \u201cTake back programme\u201d pour collecter, r\u00e9utiliser et recycler les v\u00eatements - Kapitalis","isPartOf":{"@id":"https:\/\/kapitalis.com\/tunisie\/#website"},"primaryImageOfPage":{"@id":"https:\/\/kapitalis.com\/tunisie\/2020\/12\/18\/zara-lance-take-back-programme-pour-collecter-reutiliser-et-recycler-les-vetements\/#primaryimage"},"image":{"@id":"https:\/\/kapitalis.com\/tunisie\/2020\/12\/18\/zara-lance-take-back-programme-pour-collecter-reutiliser-et-recycler-les-vetements\/#primaryimage"},"thumbnailUrl":"","datePublished":"2020-12-18T07:18:11+00:00","dateModified":"2020-12-18T07:18:15+00:00","breadcrumb":{"@id":"https:\/\/kapitalis.com\/tunisie\/2020\/12\/18\/zara-lance-take-back-programme-pour-collecter-reutiliser-et-recycler-les-vetements\/#breadcrumb"},"inLanguage":"fr-FR","potentialAction":[{"@type":"ReadAction","target":["https:\/\/kapitalis.com\/tunisie\/2020\/12\/18\/zara-lance-take-back-programme-pour-collecter-reutiliser-et-recycler-les-vetements\/"]}]},{"@type":"ImageObject","inLanguage":"fr-FR","@id":"https:\/\/kapitalis.com\/tunisie\/2020\/12\/18\/zara-lance-take-back-programme-pour-collecter-reutiliser-et-recycler-les-vetements\/#primaryimage","url":"","contentUrl":""},{"@type":"BreadcrumbList","@id":"https:\/\/kapitalis.com\/tunisie\/2020\/12\/18\/zara-lance-take-back-programme-pour-collecter-reutiliser-et-recycler-les-vetements\/#breadcrumb","itemListElement":[{"@type":"ListItem","position":1,"name":"Accueil","item":"https:\/\/kapitalis.com\/tunisie\/"},{"@type":"ListItem","position":2,"name":"Zara lance \u201cTake back programme\u201d pour collecter, r\u00e9utiliser et recycler les v\u00eatements"}]},{"@type":"WebSite","@id":"https:\/\/kapitalis.com\/tunisie\/#website","url":"https:\/\/kapitalis.com\/tunisie\/","name":"Kapitalis","description":"L&#039;actualit\u00e9 en Tunisie et dans le monde","publisher":{"@id":"https:\/\/kapitalis.com\/tunisie\/#organization"},"potentialAction":[{"@type":"SearchAction","target":{"@type":"EntryPoint","urlTemplate":"https:\/\/kapitalis.com\/tunisie\/?s={search_term_string}"},"query-input":{"@type":"PropertyValueSpecification","valueRequired":true,"valueName":"search_term_string"}}],"inLanguage":"fr-FR"},{"@type":"Organization","@id":"https:\/\/kapitalis.com\/tunisie\/#organization","name":"Kapitalis","url":"https:\/\/kapitalis.com\/tunisie\/","logo":{"@type":"ImageObject","inLanguage":"fr-FR","@id":"https:\/\/kapitalis.com\/tunisie\/#\/schema\/logo\/image\/","url":"https:\/\/kapitalis.com\/tunisie\/wp-content\/uploads\/2022\/05\/Kapitalis-big-size.png","contentUrl":"https:\/\/kapitalis.com\/tunisie\/wp-content\/uploads\/2022\/05\/Kapitalis-big-size.png","width":5000,"height":1500,"caption":"Kapitalis"},"image":{"@id":"https:\/\/kapitalis.com\/tunisie\/#\/schema\/logo\/image\/"},"sameAs":["https:\/\/www.facebook.com\/KapitalisInfo\/","https:\/\/x.com\/KapitalisInfo","https:\/\/www.youtube.com\/channel\/UC-yDYrHyfFBWWZaOw3FPg9Q"]},{"@type":"Person","@id":"https:\/\/kapitalis.com\/tunisie\/#\/schema\/person\/d71f33a9ca44f7bad4698210b480c8e9","name":"webmaster kapitalis","url":"https:\/\/kapitalis.com\/tunisie\/author\/webmaster-kapitalis\/"}]}},"_links":{"self":[{"href":"https:\/\/kapitalis.com\/tunisie\/wp-json\/wp\/v2\/posts\/328630","targetHints":{"allow":["GET"]}}],"collection":[{"href":"https:\/\/kapitalis.com\/tunisie\/wp-json\/wp\/v2\/posts"}],"about":[{"href":"https:\/\/kapitalis.com\/tunisie\/wp-json\/wp\/v2\/types\/post"}],"author":[{"embeddable":true,"href":"https:\/\/kapitalis.com\/tunisie\/wp-json\/wp\/v2\/users\/8"}],"replies":[{"embeddable":true,"href":"https:\/\/kapitalis.com\/tunisie\/wp-json\/wp\/v2\/comments?post=328630"}],"version-history":[{"count":0,"href":"https:\/\/kapitalis.com\/tunisie\/wp-json\/wp\/v2\/posts\/328630\/revisions"}],"wp:featuredmedia":[{"embeddable":true,"href":"https:\/\/kapitalis.com\/tunisie\/wp-json\/wp\/v2\/media\/328631"}],"wp:attachment":[{"href":"https:\/\/kapitalis.com\/tunisie\/wp-json\/wp\/v2\/media?parent=328630"}],"wp:term":[{"taxonomy":"category","embeddable":true,"href":"https:\/\/kapitalis.com\/tunisie\/wp-json\/wp\/v2\/categories?post=328630"},{"taxonomy":"post_tag","embeddable":true,"href":"https:\/\/kapitalis.com\/tunisie\/wp-json\/wp\/v2\/tags?post=328630"}],"curies":[{"name":"wp","href":"https:\/\/api.w.org\/{rel}","templated":true}]}}