{"id":328703,"date":"2020-12-18T15:07:51","date_gmt":"2020-12-18T14:07:51","guid":{"rendered":"http:\/\/kapitalis.com\/tunisie\/?p=328703"},"modified":"2020-12-18T20:56:25","modified_gmt":"2020-12-18T19:56:25","slug":"lartiste-tunisienne-aicha-snoussi-decroche-le-prix-sam-2020-video","status":"publish","type":"post","link":"https:\/\/kapitalis.com\/tunisie\/2020\/12\/18\/lartiste-tunisienne-aicha-snoussi-decroche-le-prix-sam-2020-video\/","title":{"rendered":"L&rsquo;artiste tunisienne A\u00efcha Snoussi d\u00e9croche le Prix SAM 2020 (Vid\u00e9o)"},"content":{"rendered":"\n<figure class=\"wp-block-image size-large\"><img decoding=\"async\" src=\"http:\/\/kapitalis.com\/tunisie\/wp-content\/uploads\/2020\/12\/Aicha-Snoussi.jpg\" alt=\"\" class=\"wp-image-328710\"\/><\/figure>\n\n\n\n<p><strong><em>Le 12e Prix SAM pour l\u2019art contemporain a \u00e9t\u00e9 d\u00e9cern\u00e9, hier 17 d\u00e9cembre 2020, \u00e0 l&rsquo;artiste tunisienne A\u00efcha Snoussi dipl\u00f4m\u00e9e de l&rsquo;Institut Sup\u00e9rieur des Beaux-arts de Tunis et de l&rsquo;universit\u00e9 de la Sorbonne et qui est repr\u00e9sent\u00e9e par la galerie La La Lande, pour son projet \u00ab\u00a0Underwater\u00a0\u00bb.<\/em><\/strong><\/p>\n\n\n\n<!--more-->\n\n\n\n<p>A\u00efcha Snoussi (31 ans), qui a a \u00e9t\u00e9 s\u00e9lectionn\u00e9e parmi les 5 finalistes, en novembre dernier, a \u00e9t\u00e9 choisie jeudi 17 d\u00e9cembre \u00e0 l\u2019issue des d\u00e9lib\u00e9rations du comit\u00e9 scientifique 2020, compos\u00e9 de Sandra Heged\u00fcs, Nicolas Bourriau, Ga\u00ebl Charbau, Marta Gili, Sebastien Gokalp, Emma Lavigne, Jean-Hubert Martin et J\u00e9r\u00f4me Sans.<\/p>\n\n\n\n<p>Le projet de fiction arch\u00e9ologique \u00ab\u00a0<em>Underwater<\/em>\u00a0\u00bb <em>(Ta7t el M\u00e9<\/em>), a \u00e9t\u00e9 cr\u00e9\u00e9 par l&rsquo;artiste \u00e0 travers une collection d&rsquo;objets, de vestiges, d\u2019ossements qui repr\u00e9senteraient de cette civilisation.<\/p>\n\n\n\n<p>\u00ab<em>J&rsquo;ai commenc\u00e9 ma collection au Benin ainsi que dans les march\u00e9s de Tunis, de Paris et de Marseille\u00bb<\/em>, explique l&rsquo;artiste,en ajoutant : \u00ab<em>Ces objets, ces vestiges sont mis en valeur, pour montrer ce qui est invisible, ce qui est cach\u00e9, l&rsquo;histoire des cultures minoritaires effac\u00e9e par l&rsquo;Histoire officielle<\/em>\u00bb.<\/p>\n\n\n\n<figure class=\"wp-block-embed-youtube wp-block-embed is-type-video is-provider-youtube wp-embed-aspect-16-9 wp-has-aspect-ratio\"><div class=\"wp-block-embed__wrapper\">\n<iframe loading=\"lazy\" title=\"A\u00efcha Snoussi est laur\u00e9ate du Prix SAM 2020, par SAM ART PROJECTS\" width=\"1160\" height=\"653\" src=\"https:\/\/www.youtube.com\/embed\/vCrSDx_8Hiw?feature=oembed\" frameborder=\"0\" allow=\"accelerometer; autoplay; clipboard-write; encrypted-media; gyroscope; picture-in-picture\" allowfullscreen><\/iframe>\n<\/div><\/figure>\n\n\n\n<p>Notons qu le prix SAM pour l&rsquo;art contemporain est d\u00e9cern\u00e9 chaque ann\u00e9e par SAM Art Projects, en association avec le Palais de Tokyo. Il s&rsquo;adresse \u00e0 des artistes d\u00e9j\u00e0 repr\u00e9sent\u00e9s par une galerie europ\u00e9enne et offre \u00e0 son laur\u00e9at la possibilit\u00e9 de r\u00e9aliser son projet d\u2019\u00eatre expos\u00e9 au Palais de Tokyo \u00e0 Paris et d\u2019\u00e9diter sa propre monographie.<\/p>\n\n\n\n<p>De son c\u00f4t\u00e9 la galerie La La Lande, qui a f\u00e9licit\u00e9 A\u00efcha pour cette distinction rappelle que \u00ab\u00a0<em>Underwater<\/em>\u00a0\u00bb est une exp\u00e9rience d&rsquo;arch\u00e9ologie immersive, une fiction politique faisant \u00e9merger \u00e0 la surface une civilisation future disparue sous les eaux aux anti-savoirs queers, panafricains, d\u00e9coloniaux.<\/p>\n\n\n\n<figure class=\"wp-block-gallery columns-2 is-cropped wp-block-gallery-1 is-layout-flex wp-block-gallery-is-layout-flex\"><ul class=\"blocks-gallery-grid\"><li class=\"blocks-gallery-item\"><figure><img decoding=\"async\" src=\"http:\/\/kapitalis.com\/tunisie\/wp-content\/uploads\/2020\/12\/aicha-577x1024.jpg\" alt=\"\" data-id=\"328713\" data-full-url=\"http:\/\/kapitalis.com\/tunisie\/wp-content\/uploads\/2020\/12\/aicha.jpg\" data-link=\"http:\/\/kapitalis.com\/tunisie\/?attachment_id=328713\" class=\"wp-image-328713\"\/><\/figure><\/li><li class=\"blocks-gallery-item\"><figure><img decoding=\"async\" src=\"http:\/\/kapitalis.com\/tunisie\/wp-content\/uploads\/2020\/12\/3-4-1024x1024.jpg\" alt=\"\" data-id=\"328712\" data-full-url=\"http:\/\/kapitalis.com\/tunisie\/wp-content\/uploads\/2020\/12\/3-4.jpg\" data-link=\"http:\/\/kapitalis.com\/tunisie\/?attachment_id=328712\" class=\"wp-image-328712\"\/><\/figure><\/li><li class=\"blocks-gallery-item\"><figure><img decoding=\"async\" src=\"http:\/\/kapitalis.com\/tunisie\/wp-content\/uploads\/2020\/12\/4-2-1024x1024.jpg\" alt=\"\" data-id=\"328711\" data-full-url=\"http:\/\/kapitalis.com\/tunisie\/wp-content\/uploads\/2020\/12\/4-2.jpg\" data-link=\"http:\/\/kapitalis.com\/tunisie\/?attachment_id=328711\" class=\"wp-image-328711\"\/><\/figure><\/li><\/ul><\/figure>\n\n\n\n<p><em>\u00abCette fiction p\u00e9rim\u00e8tre son terrain de fouille dans une po\u00e9sie de l\u2019urbain et du vivant et comprendra une installation d\u2019objets dispos\u00e9s en inventaire (Dessins, cartes, ossements, pierres, liquides, livres, photographies, cahiers, plantes, enregistrements sonores, outils, godes, bouteilles, cheveux, cordes)\u2026 Ce travail d\u2019inventaire cherche \u00e0 tisser les liens \u00e9troits entre queerness, exil, colonialit\u00e9, tout en redonnant sa puissance aux transmissions de l\u2019histoire non \u00e9crite\u00bb<\/em>, ajoute la galerie, en indiquant que l&rsquo;exposition aura lieu au Palais de Tokyo en 2022, accompagn\u00e9e d&rsquo;une \u00e9dition monographique.<\/p>\n\n\n\n<p class=\"has-text-align-right\"><strong>Y. N.<\/strong><\/p>\n","protected":false},"excerpt":{"rendered":"<p>Le 12e Prix SAM pour l\u2019art contemporain a \u00e9t\u00e9 d\u00e9cern\u00e9, hier 17 d\u00e9cembre 2020, \u00e0 l&rsquo;artiste tunisienne A\u00efcha Snoussi dipl\u00f4m\u00e9e de l&rsquo;Institut Sup\u00e9rieur des Beaux-arts de Tunis et de l&rsquo;universit\u00e9 de la Sorbonne et qui est repr\u00e9sent\u00e9e par la galerie La La Lande, pour son projet \u00ab\u00a0Underwater\u00a0\u00bb.<\/p>\n","protected":false},"author":6,"featured_media":328710,"comment_status":"open","ping_status":"open","sticky":false,"template":"","format":"standard","meta":{"footnotes":""},"categories":[994,2433,4806],"tags":[85779,88,85778,85781,85777,85780,64491,85782],"class_list":["post-328703","post","type-post","status-publish","format-standard","has-post-thumbnail","hentry","category-culture","category-tunisie","category-videos","tag-aicha-snoussi-beaux-arts","tag-art-contemporain","tag-artiste-tunisienne","tag-galerie-la-la-lande","tag-prix-sam","tag-sorbonne","tag-tunis","tag-underwater"],"yoast_head":"<!-- This site is optimized with the Yoast SEO plugin v26.6 - https:\/\/yoast.com\/wordpress\/plugins\/seo\/ -->\n<title>L&#039;artiste tunisienne A\u00efcha Snoussi d\u00e9croche le Prix SAM 2020 (Vid\u00e9o) - Kapitalis<\/title>\n<meta name=\"robots\" content=\"index, follow, max-snippet:-1, max-image-preview:large, max-video-preview:-1\" \/>\n<link rel=\"canonical\" href=\"https:\/\/kapitalis.com\/tunisie\/2020\/12\/18\/lartiste-tunisienne-aicha-snoussi-decroche-le-prix-sam-2020-video\/\" \/>\n<meta property=\"og:locale\" content=\"fr_FR\" \/>\n<meta property=\"og:type\" content=\"article\" \/>\n<meta property=\"og:title\" content=\"L&#039;artiste tunisienne A\u00efcha Snoussi d\u00e9croche le Prix SAM 2020 (Vid\u00e9o) - Kapitalis\" \/>\n<meta property=\"og:description\" content=\"Le 12e Prix SAM pour l\u2019art contemporain a \u00e9t\u00e9 d\u00e9cern\u00e9, hier 17 d\u00e9cembre 2020, \u00e0 l&rsquo;artiste tunisienne A\u00efcha Snoussi dipl\u00f4m\u00e9e de l&rsquo;Institut Sup\u00e9rieur des Beaux-arts de Tunis et de l&rsquo;universit\u00e9 de la Sorbonne et qui est repr\u00e9sent\u00e9e par la galerie La La Lande, pour son projet \u00ab\u00a0Underwater\u00a0\u00bb.\" \/>\n<meta property=\"og:url\" content=\"https:\/\/kapitalis.com\/tunisie\/2020\/12\/18\/lartiste-tunisienne-aicha-snoussi-decroche-le-prix-sam-2020-video\/\" \/>\n<meta property=\"og:site_name\" content=\"Kapitalis\" \/>\n<meta property=\"article:publisher\" content=\"https:\/\/www.facebook.com\/KapitalisInfo\/\" \/>\n<meta property=\"article:published_time\" content=\"2020-12-18T14:07:51+00:00\" \/>\n<meta property=\"article:modified_time\" content=\"2020-12-18T19:56:25+00:00\" \/>\n<meta property=\"og:image\" content=\"https:\/\/kapitalis.com\/tunisie\/wp-content\/uploads\/2022\/05\/kapitalis-logo-fb.png\" \/>\n\t<meta property=\"og:image:width\" content=\"1200\" \/>\n\t<meta property=\"og:image:height\" content=\"630\" \/>\n\t<meta property=\"og:image:type\" content=\"image\/png\" \/>\n<meta name=\"author\" content=\"Yusra NY\" \/>\n<meta name=\"twitter:card\" content=\"summary_large_image\" \/>\n<meta name=\"twitter:creator\" content=\"@KapitalisInfo\" \/>\n<meta name=\"twitter:site\" content=\"@KapitalisInfo\" \/>\n<meta name=\"twitter:label1\" content=\"\u00c9crit par\" \/>\n\t<meta name=\"twitter:data1\" content=\"Yusra NY\" \/>\n\t<meta name=\"twitter:label2\" content=\"Dur\u00e9e de lecture estim\u00e9e\" \/>\n\t<meta name=\"twitter:data2\" content=\"2 minutes\" \/>\n<script type=\"application\/ld+json\" class=\"yoast-schema-graph\">{\"@context\":\"https:\/\/schema.org\",\"@graph\":[{\"@type\":\"Article\",\"@id\":\"https:\/\/kapitalis.com\/tunisie\/2020\/12\/18\/lartiste-tunisienne-aicha-snoussi-decroche-le-prix-sam-2020-video\/#article\",\"isPartOf\":{\"@id\":\"https:\/\/kapitalis.com\/tunisie\/2020\/12\/18\/lartiste-tunisienne-aicha-snoussi-decroche-le-prix-sam-2020-video\/\"},\"author\":{\"name\":\"Yusra NY\",\"@id\":\"https:\/\/kapitalis.com\/tunisie\/#\/schema\/person\/74bbde0154d49d790a92aaeac5bc01d5\"},\"headline\":\"L&rsquo;artiste tunisienne A\u00efcha Snoussi d\u00e9croche le Prix SAM 2020 (Vid\u00e9o)\",\"datePublished\":\"2020-12-18T14:07:51+00:00\",\"dateModified\":\"2020-12-18T19:56:25+00:00\",\"mainEntityOfPage\":{\"@id\":\"https:\/\/kapitalis.com\/tunisie\/2020\/12\/18\/lartiste-tunisienne-aicha-snoussi-decroche-le-prix-sam-2020-video\/\"},\"wordCount\":412,\"commentCount\":0,\"publisher\":{\"@id\":\"https:\/\/kapitalis.com\/tunisie\/#organization\"},\"image\":{\"@id\":\"https:\/\/kapitalis.com\/tunisie\/2020\/12\/18\/lartiste-tunisienne-aicha-snoussi-decroche-le-prix-sam-2020-video\/#primaryimage\"},\"thumbnailUrl\":\"\",\"keywords\":[\"A\u00efcha Snoussi Beaux-arts\",\"art contemporain\",\"artiste tunisienne\",\"galerie La La Lande\",\"Prix SAM\",\"Sorbonne\",\"Tunis\",\"Underwater\"],\"articleSection\":[\"CULTURE\",\"Tunisie\",\"VIDEOS\"],\"inLanguage\":\"fr-FR\",\"potentialAction\":[{\"@type\":\"CommentAction\",\"name\":\"Comment\",\"target\":[\"https:\/\/kapitalis.com\/tunisie\/2020\/12\/18\/lartiste-tunisienne-aicha-snoussi-decroche-le-prix-sam-2020-video\/#respond\"]}]},{\"@type\":\"WebPage\",\"@id\":\"https:\/\/kapitalis.com\/tunisie\/2020\/12\/18\/lartiste-tunisienne-aicha-snoussi-decroche-le-prix-sam-2020-video\/\",\"url\":\"https:\/\/kapitalis.com\/tunisie\/2020\/12\/18\/lartiste-tunisienne-aicha-snoussi-decroche-le-prix-sam-2020-video\/\",\"name\":\"L'artiste tunisienne A\u00efcha Snoussi d\u00e9croche le Prix SAM 2020 (Vid\u00e9o) - Kapitalis\",\"isPartOf\":{\"@id\":\"https:\/\/kapitalis.com\/tunisie\/#website\"},\"primaryImageOfPage\":{\"@id\":\"https:\/\/kapitalis.com\/tunisie\/2020\/12\/18\/lartiste-tunisienne-aicha-snoussi-decroche-le-prix-sam-2020-video\/#primaryimage\"},\"image\":{\"@id\":\"https:\/\/kapitalis.com\/tunisie\/2020\/12\/18\/lartiste-tunisienne-aicha-snoussi-decroche-le-prix-sam-2020-video\/#primaryimage\"},\"thumbnailUrl\":\"\",\"datePublished\":\"2020-12-18T14:07:51+00:00\",\"dateModified\":\"2020-12-18T19:56:25+00:00\",\"breadcrumb\":{\"@id\":\"https:\/\/kapitalis.com\/tunisie\/2020\/12\/18\/lartiste-tunisienne-aicha-snoussi-decroche-le-prix-sam-2020-video\/#breadcrumb\"},\"inLanguage\":\"fr-FR\",\"potentialAction\":[{\"@type\":\"ReadAction\",\"target\":[\"https:\/\/kapitalis.com\/tunisie\/2020\/12\/18\/lartiste-tunisienne-aicha-snoussi-decroche-le-prix-sam-2020-video\/\"]}]},{\"@type\":\"ImageObject\",\"inLanguage\":\"fr-FR\",\"@id\":\"https:\/\/kapitalis.com\/tunisie\/2020\/12\/18\/lartiste-tunisienne-aicha-snoussi-decroche-le-prix-sam-2020-video\/#primaryimage\",\"url\":\"\",\"contentUrl\":\"\"},{\"@type\":\"BreadcrumbList\",\"@id\":\"https:\/\/kapitalis.com\/tunisie\/2020\/12\/18\/lartiste-tunisienne-aicha-snoussi-decroche-le-prix-sam-2020-video\/#breadcrumb\",\"itemListElement\":[{\"@type\":\"ListItem\",\"position\":1,\"name\":\"Accueil\",\"item\":\"https:\/\/kapitalis.com\/tunisie\/\"},{\"@type\":\"ListItem\",\"position\":2,\"name\":\"L&rsquo;artiste tunisienne A\u00efcha Snoussi d\u00e9croche le Prix SAM 2020 (Vid\u00e9o)\"}]},{\"@type\":\"WebSite\",\"@id\":\"https:\/\/kapitalis.com\/tunisie\/#website\",\"url\":\"https:\/\/kapitalis.com\/tunisie\/\",\"name\":\"Kapitalis\",\"description\":\"L&#039;actualit\u00e9 en Tunisie et dans le monde\",\"publisher\":{\"@id\":\"https:\/\/kapitalis.com\/tunisie\/#organization\"},\"potentialAction\":[{\"@type\":\"SearchAction\",\"target\":{\"@type\":\"EntryPoint\",\"urlTemplate\":\"https:\/\/kapitalis.com\/tunisie\/?s={search_term_string}\"},\"query-input\":{\"@type\":\"PropertyValueSpecification\",\"valueRequired\":true,\"valueName\":\"search_term_string\"}}],\"inLanguage\":\"fr-FR\"},{\"@type\":\"Organization\",\"@id\":\"https:\/\/kapitalis.com\/tunisie\/#organization\",\"name\":\"Kapitalis\",\"url\":\"https:\/\/kapitalis.com\/tunisie\/\",\"logo\":{\"@type\":\"ImageObject\",\"inLanguage\":\"fr-FR\",\"@id\":\"https:\/\/kapitalis.com\/tunisie\/#\/schema\/logo\/image\/\",\"url\":\"https:\/\/kapitalis.com\/tunisie\/wp-content\/uploads\/2022\/05\/Kapitalis-big-size.png\",\"contentUrl\":\"https:\/\/kapitalis.com\/tunisie\/wp-content\/uploads\/2022\/05\/Kapitalis-big-size.png\",\"width\":5000,\"height\":1500,\"caption\":\"Kapitalis\"},\"image\":{\"@id\":\"https:\/\/kapitalis.com\/tunisie\/#\/schema\/logo\/image\/\"},\"sameAs\":[\"https:\/\/www.facebook.com\/KapitalisInfo\/\",\"https:\/\/x.com\/KapitalisInfo\",\"https:\/\/www.youtube.com\/channel\/UC-yDYrHyfFBWWZaOw3FPg9Q\"]},{\"@type\":\"Person\",\"@id\":\"https:\/\/kapitalis.com\/tunisie\/#\/schema\/person\/74bbde0154d49d790a92aaeac5bc01d5\",\"name\":\"Yusra NY\",\"url\":\"https:\/\/kapitalis.com\/tunisie\/author\/yuza_adam\/\"}]}<\/script>\n<!-- \/ Yoast SEO plugin. -->","yoast_head_json":{"title":"L'artiste tunisienne A\u00efcha Snoussi d\u00e9croche le Prix SAM 2020 (Vid\u00e9o) - Kapitalis","robots":{"index":"index","follow":"follow","max-snippet":"max-snippet:-1","max-image-preview":"max-image-preview:large","max-video-preview":"max-video-preview:-1"},"canonical":"https:\/\/kapitalis.com\/tunisie\/2020\/12\/18\/lartiste-tunisienne-aicha-snoussi-decroche-le-prix-sam-2020-video\/","og_locale":"fr_FR","og_type":"article","og_title":"L'artiste tunisienne A\u00efcha Snoussi d\u00e9croche le Prix SAM 2020 (Vid\u00e9o) - Kapitalis","og_description":"Le 12e Prix SAM pour l\u2019art contemporain a \u00e9t\u00e9 d\u00e9cern\u00e9, hier 17 d\u00e9cembre 2020, \u00e0 l&rsquo;artiste tunisienne A\u00efcha Snoussi dipl\u00f4m\u00e9e de l&rsquo;Institut Sup\u00e9rieur des Beaux-arts de Tunis et de l&rsquo;universit\u00e9 de la Sorbonne et qui est repr\u00e9sent\u00e9e par la galerie La La Lande, pour son projet \u00ab\u00a0Underwater\u00a0\u00bb.","og_url":"https:\/\/kapitalis.com\/tunisie\/2020\/12\/18\/lartiste-tunisienne-aicha-snoussi-decroche-le-prix-sam-2020-video\/","og_site_name":"Kapitalis","article_publisher":"https:\/\/www.facebook.com\/KapitalisInfo\/","article_published_time":"2020-12-18T14:07:51+00:00","article_modified_time":"2020-12-18T19:56:25+00:00","og_image":[{"width":1200,"height":630,"url":"https:\/\/kapitalis.com\/tunisie\/wp-content\/uploads\/2022\/05\/kapitalis-logo-fb.png","type":"image\/png"}],"author":"Yusra NY","twitter_card":"summary_large_image","twitter_creator":"@KapitalisInfo","twitter_site":"@KapitalisInfo","twitter_misc":{"\u00c9crit par":"Yusra NY","Dur\u00e9e de lecture estim\u00e9e":"2 minutes"},"schema":{"@context":"https:\/\/schema.org","@graph":[{"@type":"Article","@id":"https:\/\/kapitalis.com\/tunisie\/2020\/12\/18\/lartiste-tunisienne-aicha-snoussi-decroche-le-prix-sam-2020-video\/#article","isPartOf":{"@id":"https:\/\/kapitalis.com\/tunisie\/2020\/12\/18\/lartiste-tunisienne-aicha-snoussi-decroche-le-prix-sam-2020-video\/"},"author":{"name":"Yusra NY","@id":"https:\/\/kapitalis.com\/tunisie\/#\/schema\/person\/74bbde0154d49d790a92aaeac5bc01d5"},"headline":"L&rsquo;artiste tunisienne A\u00efcha Snoussi d\u00e9croche le Prix SAM 2020 (Vid\u00e9o)","datePublished":"2020-12-18T14:07:51+00:00","dateModified":"2020-12-18T19:56:25+00:00","mainEntityOfPage":{"@id":"https:\/\/kapitalis.com\/tunisie\/2020\/12\/18\/lartiste-tunisienne-aicha-snoussi-decroche-le-prix-sam-2020-video\/"},"wordCount":412,"commentCount":0,"publisher":{"@id":"https:\/\/kapitalis.com\/tunisie\/#organization"},"image":{"@id":"https:\/\/kapitalis.com\/tunisie\/2020\/12\/18\/lartiste-tunisienne-aicha-snoussi-decroche-le-prix-sam-2020-video\/#primaryimage"},"thumbnailUrl":"","keywords":["A\u00efcha Snoussi Beaux-arts","art contemporain","artiste tunisienne","galerie La La Lande","Prix SAM","Sorbonne","Tunis","Underwater"],"articleSection":["CULTURE","Tunisie","VIDEOS"],"inLanguage":"fr-FR","potentialAction":[{"@type":"CommentAction","name":"Comment","target":["https:\/\/kapitalis.com\/tunisie\/2020\/12\/18\/lartiste-tunisienne-aicha-snoussi-decroche-le-prix-sam-2020-video\/#respond"]}]},{"@type":"WebPage","@id":"https:\/\/kapitalis.com\/tunisie\/2020\/12\/18\/lartiste-tunisienne-aicha-snoussi-decroche-le-prix-sam-2020-video\/","url":"https:\/\/kapitalis.com\/tunisie\/2020\/12\/18\/lartiste-tunisienne-aicha-snoussi-decroche-le-prix-sam-2020-video\/","name":"L'artiste tunisienne A\u00efcha Snoussi d\u00e9croche le Prix SAM 2020 (Vid\u00e9o) - Kapitalis","isPartOf":{"@id":"https:\/\/kapitalis.com\/tunisie\/#website"},"primaryImageOfPage":{"@id":"https:\/\/kapitalis.com\/tunisie\/2020\/12\/18\/lartiste-tunisienne-aicha-snoussi-decroche-le-prix-sam-2020-video\/#primaryimage"},"image":{"@id":"https:\/\/kapitalis.com\/tunisie\/2020\/12\/18\/lartiste-tunisienne-aicha-snoussi-decroche-le-prix-sam-2020-video\/#primaryimage"},"thumbnailUrl":"","datePublished":"2020-12-18T14:07:51+00:00","dateModified":"2020-12-18T19:56:25+00:00","breadcrumb":{"@id":"https:\/\/kapitalis.com\/tunisie\/2020\/12\/18\/lartiste-tunisienne-aicha-snoussi-decroche-le-prix-sam-2020-video\/#breadcrumb"},"inLanguage":"fr-FR","potentialAction":[{"@type":"ReadAction","target":["https:\/\/kapitalis.com\/tunisie\/2020\/12\/18\/lartiste-tunisienne-aicha-snoussi-decroche-le-prix-sam-2020-video\/"]}]},{"@type":"ImageObject","inLanguage":"fr-FR","@id":"https:\/\/kapitalis.com\/tunisie\/2020\/12\/18\/lartiste-tunisienne-aicha-snoussi-decroche-le-prix-sam-2020-video\/#primaryimage","url":"","contentUrl":""},{"@type":"BreadcrumbList","@id":"https:\/\/kapitalis.com\/tunisie\/2020\/12\/18\/lartiste-tunisienne-aicha-snoussi-decroche-le-prix-sam-2020-video\/#breadcrumb","itemListElement":[{"@type":"ListItem","position":1,"name":"Accueil","item":"https:\/\/kapitalis.com\/tunisie\/"},{"@type":"ListItem","position":2,"name":"L&rsquo;artiste tunisienne A\u00efcha Snoussi d\u00e9croche le Prix SAM 2020 (Vid\u00e9o)"}]},{"@type":"WebSite","@id":"https:\/\/kapitalis.com\/tunisie\/#website","url":"https:\/\/kapitalis.com\/tunisie\/","name":"Kapitalis","description":"L&#039;actualit\u00e9 en Tunisie et dans le monde","publisher":{"@id":"https:\/\/kapitalis.com\/tunisie\/#organization"},"potentialAction":[{"@type":"SearchAction","target":{"@type":"EntryPoint","urlTemplate":"https:\/\/kapitalis.com\/tunisie\/?s={search_term_string}"},"query-input":{"@type":"PropertyValueSpecification","valueRequired":true,"valueName":"search_term_string"}}],"inLanguage":"fr-FR"},{"@type":"Organization","@id":"https:\/\/kapitalis.com\/tunisie\/#organization","name":"Kapitalis","url":"https:\/\/kapitalis.com\/tunisie\/","logo":{"@type":"ImageObject","inLanguage":"fr-FR","@id":"https:\/\/kapitalis.com\/tunisie\/#\/schema\/logo\/image\/","url":"https:\/\/kapitalis.com\/tunisie\/wp-content\/uploads\/2022\/05\/Kapitalis-big-size.png","contentUrl":"https:\/\/kapitalis.com\/tunisie\/wp-content\/uploads\/2022\/05\/Kapitalis-big-size.png","width":5000,"height":1500,"caption":"Kapitalis"},"image":{"@id":"https:\/\/kapitalis.com\/tunisie\/#\/schema\/logo\/image\/"},"sameAs":["https:\/\/www.facebook.com\/KapitalisInfo\/","https:\/\/x.com\/KapitalisInfo","https:\/\/www.youtube.com\/channel\/UC-yDYrHyfFBWWZaOw3FPg9Q"]},{"@type":"Person","@id":"https:\/\/kapitalis.com\/tunisie\/#\/schema\/person\/74bbde0154d49d790a92aaeac5bc01d5","name":"Yusra NY","url":"https:\/\/kapitalis.com\/tunisie\/author\/yuza_adam\/"}]}},"_links":{"self":[{"href":"https:\/\/kapitalis.com\/tunisie\/wp-json\/wp\/v2\/posts\/328703","targetHints":{"allow":["GET"]}}],"collection":[{"href":"https:\/\/kapitalis.com\/tunisie\/wp-json\/wp\/v2\/posts"}],"about":[{"href":"https:\/\/kapitalis.com\/tunisie\/wp-json\/wp\/v2\/types\/post"}],"author":[{"embeddable":true,"href":"https:\/\/kapitalis.com\/tunisie\/wp-json\/wp\/v2\/users\/6"}],"replies":[{"embeddable":true,"href":"https:\/\/kapitalis.com\/tunisie\/wp-json\/wp\/v2\/comments?post=328703"}],"version-history":[{"count":0,"href":"https:\/\/kapitalis.com\/tunisie\/wp-json\/wp\/v2\/posts\/328703\/revisions"}],"wp:featuredmedia":[{"embeddable":true,"href":"https:\/\/kapitalis.com\/tunisie\/wp-json\/wp\/v2\/media\/328710"}],"wp:attachment":[{"href":"https:\/\/kapitalis.com\/tunisie\/wp-json\/wp\/v2\/media?parent=328703"}],"wp:term":[{"taxonomy":"category","embeddable":true,"href":"https:\/\/kapitalis.com\/tunisie\/wp-json\/wp\/v2\/categories?post=328703"},{"taxonomy":"post_tag","embeddable":true,"href":"https:\/\/kapitalis.com\/tunisie\/wp-json\/wp\/v2\/tags?post=328703"}],"curies":[{"name":"wp","href":"https:\/\/api.w.org\/{rel}","templated":true}]}}