{"id":328951,"date":"2020-12-21T10:06:39","date_gmt":"2020-12-21T09:06:39","guid":{"rendered":"http:\/\/kapitalis.com\/tunisie\/?p=328951"},"modified":"2020-12-21T10:06:43","modified_gmt":"2020-12-21T09:06:43","slug":"abir-moussi-une-femme-politique-rodee","status":"publish","type":"post","link":"https:\/\/kapitalis.com\/tunisie\/2020\/12\/21\/abir-moussi-une-femme-politique-rodee\/","title":{"rendered":"Abir Moussi, une femme politique rod\u00e9e"},"content":{"rendered":"\n<figure class=\"wp-block-image size-large\"><img decoding=\"async\" src=\"http:\/\/kapitalis.com\/tunisie\/wp-content\/uploads\/2020\/12\/Abir-Moussi-Monastir.jpg\" alt=\"\" class=\"wp-image-328953\"\/><\/figure>\n\n\n\n<p><strong><em>La d\u00e9monstration de force d\u2019Abir Moussi et du Parti destourien libre (PDL), lors du sit-in de la col\u00e8re, \u00e0 Monastir, samedi 19 d\u00e9cembre 2020, vient confirmer l\u2019irr\u00e9pressible mont\u00e9e des Destouriens dans les sondages d\u2019opinion et leur retour en force sur les devants de la sc\u00e8ne politique tunisienne, dix ans apr\u00e8s la \u00abr\u00e9volution de la dignit\u00e9\u00bb, couronn\u00e9e par un cuisant \u00e9chec. L\u2019auteur en t\u00e9moigne dans ce post Facebook publi\u00e9 hier, dimanche 20 d\u00e9cembre.<\/em><\/strong><\/p>\n\n\n\n<p>Par <strong>Hichem Jouaber<\/strong> *<\/p>\n\n\n\n<!--more-->\n\n\n\n<div class=\"wp-block-image\"><figure class=\"alignleft size-large\"><img decoding=\"async\" src=\"http:\/\/kapitalis.com\/tunisie\/wp-content\/uploads\/2020\/12\/Hichem-Jouaber.jpg\" alt=\"\" class=\"wp-image-328952\"\/><\/figure><\/div>\n\n\n\n<p>En s\u2019inspirant de la philosophie des Lumi\u00e8res et en citant m\u00eame Voltaire, Abir Moussi a pr\u00e9sent\u00e9 un projet complet et convainquant qui change des discours classiques de nos politicards en herbe.<\/p>\n\n\n\n<p>Son discours a \u00e9t\u00e9 complet et elle a abord\u00e9 tous les sujets qui nous concernent dans une coh\u00e9rence globale, le tout dans une fluidit\u00e9 exemplaire sans d\u00e9magogie et surtout avec un objectif clair et une trajectoire convaincante.<\/p>\n\n\n\n<p>Quoiqu\u2019on en pense et quoi qu\u2019on en dise, elle a d\u00e9montr\u00e9 que c\u2019est une femme politique rod\u00e9e, form\u00e9e, qui ma\u00eetrise ses dossiers et elle pourra allez loin dans les courses politiques dans le pays.<\/p>\n\n\n\n<p>J\u2019adh\u00e8re \u00e0 son plan en ce qui concerne l\u2019Etat r\u00e9publicain, l\u2019\u00e9quilibre des institutions, la civilit\u00e9 de la soci\u00e9t\u00e9, la libert\u00e9 des consciences, le r\u00f4le de l\u2019\u00e9ducation, le refus de l\u2019islam politique, l\u2019ajustement de la constitution, la soci\u00e9t\u00e9 du savoir et de la culture, la politique industrielle et \u00e9conomique, la r\u00e9duction de la dette, la politique \u00e9trang\u00e8re et sur plein d\u2019autres sujets abord\u00e9s.<\/p>\n\n\n\n<figure class=\"wp-block-image size-large is-resized\"><img loading=\"lazy\" decoding=\"async\" src=\"http:\/\/kapitalis.com\/tunisie\/wp-content\/uploads\/2020\/12\/PDL-Monastir-1024x456.jpg\" alt=\"\" class=\"wp-image-328954\" width=\"500\" height=\"258\"\/><figcaption><em>Les Destouriens au mausol\u00e9e Habib Bourguiba.<\/em> <\/figcaption><\/figure>\n\n\n\n<p>Pendant ce temps, les autres politiciens pataugent encore dans les m\u00e9andres soit de l\u2019obscurantisme soit de la politique politicienne \u00e0 trois balles.<\/p>\n\n\n\n<p><em>* Managing director dans un cabinet de conseil.<\/em><\/p>\n","protected":false},"excerpt":{"rendered":"<p>La d\u00e9monstration de force d\u2019Abir Moussi et du Parti destourien libre (PDL), lors du sit-in de la col\u00e8re, \u00e0 Monastir, samedi 19 d\u00e9cembre 2020, vient confirmer l\u2019irr\u00e9pressible mont\u00e9e des Destouriens dans les sondages d\u2019opinion et leur retour en force sur les devants de la sc\u00e8ne politique tunisienne, dix ans apr\u00e8s la \u00abr\u00e9volution de la dignit\u00e9\u00bb,&#8230;<\/p>\n","protected":false},"author":8,"featured_media":328952,"comment_status":"open","ping_status":"open","sticky":false,"template":"","format":"standard","meta":{"footnotes":""},"categories":[992,997,1000,2433],"tags":[15144,23927],"class_list":["post-328951","post","type-post","status-publish","format-standard","has-post-thumbnail","hentry","category-a-la-une","category-politique","category-tribune","category-tunisie","tag-abir-moussi","tag-parti-destourien-libre"],"yoast_head":"<!-- This site is optimized with the Yoast SEO plugin v26.6 - https:\/\/yoast.com\/wordpress\/plugins\/seo\/ -->\n<title>Abir Moussi, une femme politique rod\u00e9e - Kapitalis<\/title>\n<meta name=\"robots\" content=\"index, follow, max-snippet:-1, max-image-preview:large, max-video-preview:-1\" \/>\n<link rel=\"canonical\" href=\"https:\/\/kapitalis.com\/tunisie\/2020\/12\/21\/abir-moussi-une-femme-politique-rodee\/\" \/>\n<meta property=\"og:locale\" content=\"fr_FR\" \/>\n<meta property=\"og:type\" content=\"article\" \/>\n<meta property=\"og:title\" content=\"Abir Moussi, une femme politique rod\u00e9e - Kapitalis\" \/>\n<meta property=\"og:description\" content=\"La d\u00e9monstration de force d\u2019Abir Moussi et du Parti destourien libre (PDL), lors du sit-in de la col\u00e8re, \u00e0 Monastir, samedi 19 d\u00e9cembre 2020, vient confirmer l\u2019irr\u00e9pressible mont\u00e9e des Destouriens dans les sondages d\u2019opinion et leur retour en force sur les devants de la sc\u00e8ne politique tunisienne, dix ans apr\u00e8s la \u00abr\u00e9volution de la dignit\u00e9\u00bb,...\" \/>\n<meta property=\"og:url\" content=\"https:\/\/kapitalis.com\/tunisie\/2020\/12\/21\/abir-moussi-une-femme-politique-rodee\/\" \/>\n<meta property=\"og:site_name\" content=\"Kapitalis\" \/>\n<meta property=\"article:publisher\" content=\"https:\/\/www.facebook.com\/KapitalisInfo\/\" \/>\n<meta property=\"article:published_time\" content=\"2020-12-21T09:06:39+00:00\" \/>\n<meta property=\"article:modified_time\" content=\"2020-12-21T09:06:43+00:00\" \/>\n<meta property=\"og:image\" content=\"https:\/\/kapitalis.com\/tunisie\/wp-content\/uploads\/2022\/05\/kapitalis-logo-fb.png\" \/>\n\t<meta property=\"og:image:width\" content=\"1200\" \/>\n\t<meta property=\"og:image:height\" content=\"630\" \/>\n\t<meta property=\"og:image:type\" content=\"image\/png\" \/>\n<meta name=\"author\" content=\"webmaster kapitalis\" \/>\n<meta name=\"twitter:card\" content=\"summary_large_image\" \/>\n<meta name=\"twitter:creator\" content=\"@KapitalisInfo\" \/>\n<meta name=\"twitter:site\" content=\"@KapitalisInfo\" \/>\n<meta name=\"twitter:label1\" content=\"\u00c9crit par\" \/>\n\t<meta name=\"twitter:data1\" content=\"webmaster kapitalis\" \/>\n\t<meta name=\"twitter:label2\" content=\"Dur\u00e9e de lecture estim\u00e9e\" \/>\n\t<meta name=\"twitter:data2\" content=\"2 minutes\" \/>\n<script type=\"application\/ld+json\" class=\"yoast-schema-graph\">{\"@context\":\"https:\/\/schema.org\",\"@graph\":[{\"@type\":\"Article\",\"@id\":\"https:\/\/kapitalis.com\/tunisie\/2020\/12\/21\/abir-moussi-une-femme-politique-rodee\/#article\",\"isPartOf\":{\"@id\":\"https:\/\/kapitalis.com\/tunisie\/2020\/12\/21\/abir-moussi-une-femme-politique-rodee\/\"},\"author\":{\"name\":\"webmaster kapitalis\",\"@id\":\"https:\/\/kapitalis.com\/tunisie\/#\/schema\/person\/d71f33a9ca44f7bad4698210b480c8e9\"},\"headline\":\"Abir Moussi, une femme politique rod\u00e9e\",\"datePublished\":\"2020-12-21T09:06:39+00:00\",\"dateModified\":\"2020-12-21T09:06:43+00:00\",\"mainEntityOfPage\":{\"@id\":\"https:\/\/kapitalis.com\/tunisie\/2020\/12\/21\/abir-moussi-une-femme-politique-rodee\/\"},\"wordCount\":321,\"commentCount\":8,\"publisher\":{\"@id\":\"https:\/\/kapitalis.com\/tunisie\/#organization\"},\"image\":{\"@id\":\"https:\/\/kapitalis.com\/tunisie\/2020\/12\/21\/abir-moussi-une-femme-politique-rodee\/#primaryimage\"},\"thumbnailUrl\":\"\",\"keywords\":[\"Abir Moussi\",\"Parti destourien libre\"],\"articleSection\":[\"A LA UNE\",\"POLITIQUE\",\"TRIBUNE\",\"Tunisie\"],\"inLanguage\":\"fr-FR\",\"potentialAction\":[{\"@type\":\"CommentAction\",\"name\":\"Comment\",\"target\":[\"https:\/\/kapitalis.com\/tunisie\/2020\/12\/21\/abir-moussi-une-femme-politique-rodee\/#respond\"]}]},{\"@type\":\"WebPage\",\"@id\":\"https:\/\/kapitalis.com\/tunisie\/2020\/12\/21\/abir-moussi-une-femme-politique-rodee\/\",\"url\":\"https:\/\/kapitalis.com\/tunisie\/2020\/12\/21\/abir-moussi-une-femme-politique-rodee\/\",\"name\":\"Abir Moussi, une femme politique rod\u00e9e - Kapitalis\",\"isPartOf\":{\"@id\":\"https:\/\/kapitalis.com\/tunisie\/#website\"},\"primaryImageOfPage\":{\"@id\":\"https:\/\/kapitalis.com\/tunisie\/2020\/12\/21\/abir-moussi-une-femme-politique-rodee\/#primaryimage\"},\"image\":{\"@id\":\"https:\/\/kapitalis.com\/tunisie\/2020\/12\/21\/abir-moussi-une-femme-politique-rodee\/#primaryimage\"},\"thumbnailUrl\":\"\",\"datePublished\":\"2020-12-21T09:06:39+00:00\",\"dateModified\":\"2020-12-21T09:06:43+00:00\",\"breadcrumb\":{\"@id\":\"https:\/\/kapitalis.com\/tunisie\/2020\/12\/21\/abir-moussi-une-femme-politique-rodee\/#breadcrumb\"},\"inLanguage\":\"fr-FR\",\"potentialAction\":[{\"@type\":\"ReadAction\",\"target\":[\"https:\/\/kapitalis.com\/tunisie\/2020\/12\/21\/abir-moussi-une-femme-politique-rodee\/\"]}]},{\"@type\":\"ImageObject\",\"inLanguage\":\"fr-FR\",\"@id\":\"https:\/\/kapitalis.com\/tunisie\/2020\/12\/21\/abir-moussi-une-femme-politique-rodee\/#primaryimage\",\"url\":\"\",\"contentUrl\":\"\"},{\"@type\":\"BreadcrumbList\",\"@id\":\"https:\/\/kapitalis.com\/tunisie\/2020\/12\/21\/abir-moussi-une-femme-politique-rodee\/#breadcrumb\",\"itemListElement\":[{\"@type\":\"ListItem\",\"position\":1,\"name\":\"Accueil\",\"item\":\"https:\/\/kapitalis.com\/tunisie\/\"},{\"@type\":\"ListItem\",\"position\":2,\"name\":\"Abir Moussi, une femme politique rod\u00e9e\"}]},{\"@type\":\"WebSite\",\"@id\":\"https:\/\/kapitalis.com\/tunisie\/#website\",\"url\":\"https:\/\/kapitalis.com\/tunisie\/\",\"name\":\"Kapitalis\",\"description\":\"L&#039;actualit\u00e9 en Tunisie et dans le monde\",\"publisher\":{\"@id\":\"https:\/\/kapitalis.com\/tunisie\/#organization\"},\"potentialAction\":[{\"@type\":\"SearchAction\",\"target\":{\"@type\":\"EntryPoint\",\"urlTemplate\":\"https:\/\/kapitalis.com\/tunisie\/?s={search_term_string}\"},\"query-input\":{\"@type\":\"PropertyValueSpecification\",\"valueRequired\":true,\"valueName\":\"search_term_string\"}}],\"inLanguage\":\"fr-FR\"},{\"@type\":\"Organization\",\"@id\":\"https:\/\/kapitalis.com\/tunisie\/#organization\",\"name\":\"Kapitalis\",\"url\":\"https:\/\/kapitalis.com\/tunisie\/\",\"logo\":{\"@type\":\"ImageObject\",\"inLanguage\":\"fr-FR\",\"@id\":\"https:\/\/kapitalis.com\/tunisie\/#\/schema\/logo\/image\/\",\"url\":\"https:\/\/kapitalis.com\/tunisie\/wp-content\/uploads\/2022\/05\/Kapitalis-big-size.png\",\"contentUrl\":\"https:\/\/kapitalis.com\/tunisie\/wp-content\/uploads\/2022\/05\/Kapitalis-big-size.png\",\"width\":5000,\"height\":1500,\"caption\":\"Kapitalis\"},\"image\":{\"@id\":\"https:\/\/kapitalis.com\/tunisie\/#\/schema\/logo\/image\/\"},\"sameAs\":[\"https:\/\/www.facebook.com\/KapitalisInfo\/\",\"https:\/\/x.com\/KapitalisInfo\",\"https:\/\/www.youtube.com\/channel\/UC-yDYrHyfFBWWZaOw3FPg9Q\"]},{\"@type\":\"Person\",\"@id\":\"https:\/\/kapitalis.com\/tunisie\/#\/schema\/person\/d71f33a9ca44f7bad4698210b480c8e9\",\"name\":\"webmaster kapitalis\",\"url\":\"https:\/\/kapitalis.com\/tunisie\/author\/webmaster-kapitalis\/\"}]}<\/script>\n<!-- \/ Yoast SEO plugin. -->","yoast_head_json":{"title":"Abir Moussi, une femme politique rod\u00e9e - Kapitalis","robots":{"index":"index","follow":"follow","max-snippet":"max-snippet:-1","max-image-preview":"max-image-preview:large","max-video-preview":"max-video-preview:-1"},"canonical":"https:\/\/kapitalis.com\/tunisie\/2020\/12\/21\/abir-moussi-une-femme-politique-rodee\/","og_locale":"fr_FR","og_type":"article","og_title":"Abir Moussi, une femme politique rod\u00e9e - Kapitalis","og_description":"La d\u00e9monstration de force d\u2019Abir Moussi et du Parti destourien libre (PDL), lors du sit-in de la col\u00e8re, \u00e0 Monastir, samedi 19 d\u00e9cembre 2020, vient confirmer l\u2019irr\u00e9pressible mont\u00e9e des Destouriens dans les sondages d\u2019opinion et leur retour en force sur les devants de la sc\u00e8ne politique tunisienne, dix ans apr\u00e8s la \u00abr\u00e9volution de la dignit\u00e9\u00bb,...","og_url":"https:\/\/kapitalis.com\/tunisie\/2020\/12\/21\/abir-moussi-une-femme-politique-rodee\/","og_site_name":"Kapitalis","article_publisher":"https:\/\/www.facebook.com\/KapitalisInfo\/","article_published_time":"2020-12-21T09:06:39+00:00","article_modified_time":"2020-12-21T09:06:43+00:00","og_image":[{"width":1200,"height":630,"url":"https:\/\/kapitalis.com\/tunisie\/wp-content\/uploads\/2022\/05\/kapitalis-logo-fb.png","type":"image\/png"}],"author":"webmaster kapitalis","twitter_card":"summary_large_image","twitter_creator":"@KapitalisInfo","twitter_site":"@KapitalisInfo","twitter_misc":{"\u00c9crit par":"webmaster kapitalis","Dur\u00e9e de lecture estim\u00e9e":"2 minutes"},"schema":{"@context":"https:\/\/schema.org","@graph":[{"@type":"Article","@id":"https:\/\/kapitalis.com\/tunisie\/2020\/12\/21\/abir-moussi-une-femme-politique-rodee\/#article","isPartOf":{"@id":"https:\/\/kapitalis.com\/tunisie\/2020\/12\/21\/abir-moussi-une-femme-politique-rodee\/"},"author":{"name":"webmaster kapitalis","@id":"https:\/\/kapitalis.com\/tunisie\/#\/schema\/person\/d71f33a9ca44f7bad4698210b480c8e9"},"headline":"Abir Moussi, une femme politique rod\u00e9e","datePublished":"2020-12-21T09:06:39+00:00","dateModified":"2020-12-21T09:06:43+00:00","mainEntityOfPage":{"@id":"https:\/\/kapitalis.com\/tunisie\/2020\/12\/21\/abir-moussi-une-femme-politique-rodee\/"},"wordCount":321,"commentCount":8,"publisher":{"@id":"https:\/\/kapitalis.com\/tunisie\/#organization"},"image":{"@id":"https:\/\/kapitalis.com\/tunisie\/2020\/12\/21\/abir-moussi-une-femme-politique-rodee\/#primaryimage"},"thumbnailUrl":"","keywords":["Abir Moussi","Parti destourien libre"],"articleSection":["A LA UNE","POLITIQUE","TRIBUNE","Tunisie"],"inLanguage":"fr-FR","potentialAction":[{"@type":"CommentAction","name":"Comment","target":["https:\/\/kapitalis.com\/tunisie\/2020\/12\/21\/abir-moussi-une-femme-politique-rodee\/#respond"]}]},{"@type":"WebPage","@id":"https:\/\/kapitalis.com\/tunisie\/2020\/12\/21\/abir-moussi-une-femme-politique-rodee\/","url":"https:\/\/kapitalis.com\/tunisie\/2020\/12\/21\/abir-moussi-une-femme-politique-rodee\/","name":"Abir Moussi, une femme politique rod\u00e9e - Kapitalis","isPartOf":{"@id":"https:\/\/kapitalis.com\/tunisie\/#website"},"primaryImageOfPage":{"@id":"https:\/\/kapitalis.com\/tunisie\/2020\/12\/21\/abir-moussi-une-femme-politique-rodee\/#primaryimage"},"image":{"@id":"https:\/\/kapitalis.com\/tunisie\/2020\/12\/21\/abir-moussi-une-femme-politique-rodee\/#primaryimage"},"thumbnailUrl":"","datePublished":"2020-12-21T09:06:39+00:00","dateModified":"2020-12-21T09:06:43+00:00","breadcrumb":{"@id":"https:\/\/kapitalis.com\/tunisie\/2020\/12\/21\/abir-moussi-une-femme-politique-rodee\/#breadcrumb"},"inLanguage":"fr-FR","potentialAction":[{"@type":"ReadAction","target":["https:\/\/kapitalis.com\/tunisie\/2020\/12\/21\/abir-moussi-une-femme-politique-rodee\/"]}]},{"@type":"ImageObject","inLanguage":"fr-FR","@id":"https:\/\/kapitalis.com\/tunisie\/2020\/12\/21\/abir-moussi-une-femme-politique-rodee\/#primaryimage","url":"","contentUrl":""},{"@type":"BreadcrumbList","@id":"https:\/\/kapitalis.com\/tunisie\/2020\/12\/21\/abir-moussi-une-femme-politique-rodee\/#breadcrumb","itemListElement":[{"@type":"ListItem","position":1,"name":"Accueil","item":"https:\/\/kapitalis.com\/tunisie\/"},{"@type":"ListItem","position":2,"name":"Abir Moussi, une femme politique rod\u00e9e"}]},{"@type":"WebSite","@id":"https:\/\/kapitalis.com\/tunisie\/#website","url":"https:\/\/kapitalis.com\/tunisie\/","name":"Kapitalis","description":"L&#039;actualit\u00e9 en Tunisie et dans le monde","publisher":{"@id":"https:\/\/kapitalis.com\/tunisie\/#organization"},"potentialAction":[{"@type":"SearchAction","target":{"@type":"EntryPoint","urlTemplate":"https:\/\/kapitalis.com\/tunisie\/?s={search_term_string}"},"query-input":{"@type":"PropertyValueSpecification","valueRequired":true,"valueName":"search_term_string"}}],"inLanguage":"fr-FR"},{"@type":"Organization","@id":"https:\/\/kapitalis.com\/tunisie\/#organization","name":"Kapitalis","url":"https:\/\/kapitalis.com\/tunisie\/","logo":{"@type":"ImageObject","inLanguage":"fr-FR","@id":"https:\/\/kapitalis.com\/tunisie\/#\/schema\/logo\/image\/","url":"https:\/\/kapitalis.com\/tunisie\/wp-content\/uploads\/2022\/05\/Kapitalis-big-size.png","contentUrl":"https:\/\/kapitalis.com\/tunisie\/wp-content\/uploads\/2022\/05\/Kapitalis-big-size.png","width":5000,"height":1500,"caption":"Kapitalis"},"image":{"@id":"https:\/\/kapitalis.com\/tunisie\/#\/schema\/logo\/image\/"},"sameAs":["https:\/\/www.facebook.com\/KapitalisInfo\/","https:\/\/x.com\/KapitalisInfo","https:\/\/www.youtube.com\/channel\/UC-yDYrHyfFBWWZaOw3FPg9Q"]},{"@type":"Person","@id":"https:\/\/kapitalis.com\/tunisie\/#\/schema\/person\/d71f33a9ca44f7bad4698210b480c8e9","name":"webmaster kapitalis","url":"https:\/\/kapitalis.com\/tunisie\/author\/webmaster-kapitalis\/"}]}},"_links":{"self":[{"href":"https:\/\/kapitalis.com\/tunisie\/wp-json\/wp\/v2\/posts\/328951","targetHints":{"allow":["GET"]}}],"collection":[{"href":"https:\/\/kapitalis.com\/tunisie\/wp-json\/wp\/v2\/posts"}],"about":[{"href":"https:\/\/kapitalis.com\/tunisie\/wp-json\/wp\/v2\/types\/post"}],"author":[{"embeddable":true,"href":"https:\/\/kapitalis.com\/tunisie\/wp-json\/wp\/v2\/users\/8"}],"replies":[{"embeddable":true,"href":"https:\/\/kapitalis.com\/tunisie\/wp-json\/wp\/v2\/comments?post=328951"}],"version-history":[{"count":0,"href":"https:\/\/kapitalis.com\/tunisie\/wp-json\/wp\/v2\/posts\/328951\/revisions"}],"wp:featuredmedia":[{"embeddable":true,"href":"https:\/\/kapitalis.com\/tunisie\/wp-json\/wp\/v2\/media\/328952"}],"wp:attachment":[{"href":"https:\/\/kapitalis.com\/tunisie\/wp-json\/wp\/v2\/media?parent=328951"}],"wp:term":[{"taxonomy":"category","embeddable":true,"href":"https:\/\/kapitalis.com\/tunisie\/wp-json\/wp\/v2\/categories?post=328951"},{"taxonomy":"post_tag","embeddable":true,"href":"https:\/\/kapitalis.com\/tunisie\/wp-json\/wp\/v2\/tags?post=328951"}],"curies":[{"name":"wp","href":"https:\/\/api.w.org\/{rel}","templated":true}]}}