{"id":329576,"date":"2020-12-25T09:08:50","date_gmt":"2020-12-25T08:08:50","guid":{"rendered":"http:\/\/kapitalis.com\/tunisie\/?p=329576"},"modified":"2020-12-25T09:08:53","modified_gmt":"2020-12-25T08:08:53","slug":"noel-ou-la-commemoration-des-valeurs-humaines-universelles","status":"publish","type":"post","link":"https:\/\/kapitalis.com\/tunisie\/2020\/12\/25\/noel-ou-la-commemoration-des-valeurs-humaines-universelles\/","title":{"rendered":"No\u00ebl, ou la comm\u00e9moration des valeurs humaines universelles"},"content":{"rendered":"\n<figure class=\"wp-block-image size-large\"><img decoding=\"async\" src=\"http:\/\/kapitalis.com\/tunisie\/wp-content\/uploads\/2020\/12\/Naissance-de-Jesus-Christ.jpg\" alt=\"\" class=\"wp-image-329577\"\/><\/figure>\n\n\n\n<p><strong><em>C\u2019est No\u00ebl. Ce fut \u00e0 l\u2019origine la f\u00eate du Solstice consacr\u00e9e au Dieu Soleil Mithra d\u2019origine iranienne. Mais l\u2019empereur romain Constantin devenu chr\u00e9tien est pass\u00e9 par l\u00e0 et elle devint celle de la naissance de l\u2019enfant mis au monde par une m\u00e8re vierge, devenu c\u00e9l\u00e8bre dans le monde sous le nom de J\u00e9sus-Christ.<\/em><\/strong><\/p>\n\n\n\n<p>Par <strong>Dr Mounir Hanablia<\/strong> *<\/p>\n\n\n\n<!--more-->\n\n\n\n<p>Cette image de l\u2019enfant et de la m\u00e8re repr\u00e9sentant l\u2019amour dans sa forme la plus \u00e9lev\u00e9e ferait l\u2019objet d\u2019un culte qui conna\u00eetrait la m\u00eame popularit\u00e9 que, avant lui, celui de la d\u00e9esse m\u00e8re Isis et de l\u2019enfant Osiris.<\/p>\n\n\n\n<p>La croix, cet instrument de souffrance symbolisant la punition des inf\u00e2mes et des criminels dans l\u2019empire romain, vaudrait \u00e0 sa ressemblance avec la Cl\u00e9 de la Vie Egyptienne d\u2019acqu\u00e9rir un caract\u00e8re divin qui deviendrait le fondement de toute la doctrine chr\u00e9tienne. Si J\u00e9sus est devenu Dieu c\u2019est parce qu\u2019il est mort sur la cl\u00e9 de la vie et qu\u2019il a ressuscit\u00e9 tout comme le fit Osiris. Nier son caract\u00e8re divin est intol\u00e9rable pour la doctrine chr\u00e9tienne parce que, en mourant sur la croix d\u00e9nu\u00e9 de divinit\u00e9, cela fait de lui un simple criminel ch\u00e2ti\u00e9 par la justice de Rome.<\/p>\n\n\n\n<h3 class=\"wp-block-heading\">Ce que le christianisme doit au paganisme \u00e9gyptien<\/h3>\n\n\n\n<p>Nous autres musulmans f\u00fbmes donc class\u00e9s comme h\u00e9r\u00e9tiques par l\u2019\u00e9glise chr\u00e9tienne bien que nous eussions ni\u00e9 la r\u00e9alit\u00e9 de sa crucifixion, parce que par ce d\u00e9ni, nous supprimions le mat\u00e9riel symbolique, la croix cl\u00e9 de la vie, le rattachant \u00e0 la divinit\u00e9. Et pourtant nous n\u2019avons rien invent\u00e9. Beaucoup de disciples du Christ ne lui avaient reconnu apr\u00e8s sa mort qu\u2019une qualit\u00e9 de proph\u00e8te, \u00e0 l\u2019instar des Ebionites, qui ni\u00e8rent par ailleurs qu\u2019il e\u00fbt \u00e9t\u00e9 crucifi\u00e9, tout comme nous musulmans l\u2019avons fait apr\u00e8s eux. On peut dire sans risque de se tromper que les Ebionites furent les pr\u00e9curseurs de l\u2019islam.<\/p>\n\n\n\n<p>Les colonnes des temples des Pharaons gardent cependant jusqu\u2019\u00e0 aujourd\u2019hui des stigmates de cette r\u00e9alit\u00e9 du lien du christianisme avec le paganisme \u00e9gyptien que le z\u00e8le des premiers chr\u00e9tiens fanatiques avait tent\u00e9 d\u2019effacer. Quant au P\u00e8re No\u00ebl, le Saint Nicolas ou le Santa Claus, ce n\u2019\u00e9tait qu\u2019un esprit de la for\u00eat des croyances celtes et germaniques dont la c\u00e9l\u00e9bration fut incorpor\u00e9e dans celle de la naissance du Christ.<\/p>\n\n\n\n<p>Quoi qu\u2019il en soit cette capacit\u00e9 d\u2019incorporation par le christianisme des coutumes des peuples militairement conquis par l\u2019empire romain, dans ses festivit\u00e9s ou m\u00eame son dogme, en a finalement fait une religion universelle, malgr\u00e9 la rigidit\u00e9 doctrinale de l\u2019Eglise, et c\u2019\u00e9tait d\u2019ailleurs cela \u00e0 l\u2019origine l\u2019id\u00e9e de l\u2019empereur Constantin, celle de f\u00e9d\u00e9rer autour d\u2019un culte commun les diff\u00e9rents peuples de l\u2019Empire, parce que celui de l\u2019Empereur \u00e9tait r\u00e9cus\u00e9, essentiellement par les S\u00e9mites, habitant le Moyen Orient, particuli\u00e8rement les monoth\u00e9istes juifs.<\/p>\n\n\n\n<h3 class=\"wp-block-heading\">Un message d\u2019humilit\u00e9, d\u2019\u00e9galit\u00e9 et de pardon<\/h3>\n\n\n\n<p>Mais ce qui a fait la grandeur du christianisme n\u2019est pas la doctrine impos\u00e9e par l\u2019Eglise, cette multinationale imp\u00e9rialiste avide de biens et de puissance qui s\u2019est pos\u00e9e en censeur de la pens\u00e9e et en interm\u00e9diaire parasite dans le culte, ni la magnificence de ses cath\u00e9drales et de ses tr\u00e9sors, mais tout au contraire, le message d\u2019humilit\u00e9, d\u2019\u00e9galit\u00e9, de pardon, et de relativisation de l\u2019importance du dogme face au respect de la personne humaine, que le Christ a apport\u00e9.<\/p>\n\n\n\n<p>Ce message a finalement engendr\u00e9, outre la d\u00e9ch\u00e9ance de l\u2019Eglise, l\u2019apparition de la s\u00e9paration des pouvoirs, de la d\u00e9mocratie, de la la\u00efcit\u00e9, de la justice respectueuse du droit, de la solidarit\u00e9, et de la doctrine des Droits de l\u2019Homme. Il a eu pour cons\u00e9quence l\u2019apparition des soci\u00e9t\u00e9s les plus libres et les plus prosp\u00e8res.<\/p>\n\n\n\n<p>Si l\u2019Humanit\u00e9 doit tout cela aujourd\u2019hui \u00e0 un seul homme, il est bien \u00e9vident que sa naissance, m\u00eame d\u00e9cr\u00e9t\u00e9e par un Empereur Romain, doive \u00eatre c\u00e9l\u00e9br\u00e9e partout, en tant que f\u00eate des valeurs humaines et politiques universelles consacrant la Libert\u00e9, particuli\u00e8rement dans les soci\u00e9t\u00e9s qui demeurent tributaires de coutumes et de croyances qui menacent \u00e0 chaque fois de rebondir pour les submerger et les renvoyer vers les tr\u00e9fonds des \u00e2ges obscurs.<\/p>\n\n\n\n<p>Pourquoi l\u2019islam n\u2019a-t-il pas suivi cette \u00e9volution humaniste que tout laissait pr\u00e9sager lors de son \u00e2ge d\u2019or ? La r\u00e9ponse serait trop longue. La meilleure mani\u00e8re de la r\u00e9sumer se situe dans cette r\u00e9flexion d\u2019un historien fran\u00e7ais : <em>\u00abEn Islam, la renaissance a pr\u00e9c\u00e9d\u00e9 le moyen \u00e2ge !\u00bb<\/em>.<\/p>\n\n\n\n<p><em>* Cardiologue, Gammarth, La Marsa.<\/em><\/p>\n\n\n\n<h4 class=\"wp-block-heading\"><em>Articles du m\u00eame auteur dans Kapitalis : <\/em><\/h4>\n\n\n\n<figure class=\"wp-block-embed-wordpress wp-block-embed is-type-wp-embed is-provider-kapitalis\"><div class=\"wp-block-embed__wrapper\">\n<blockquote class=\"wp-embedded-content\" data-secret=\"TWo0D0uCaD\"><a href=\"https:\/\/kapitalis.com\/tunisie\/2020\/12\/24\/tunisie-israel-une-normalisation-trop-promise-et-bien-compromise\/\">Tunisie &#8211; Isra\u00ebl : une normalisation trop promise et bien compromise<\/a><\/blockquote><iframe loading=\"lazy\" class=\"wp-embedded-content\" sandbox=\"allow-scripts\" security=\"restricted\" style=\"position: absolute; clip: rect(1px, 1px, 1px, 1px);\" title=\"\u00ab\u00a0Tunisie &#8211; Isra\u00ebl : une normalisation trop promise et bien compromise\u00a0\u00bb &#8212; Kapitalis\" src=\"https:\/\/kapitalis.com\/tunisie\/2020\/12\/24\/tunisie-israel-une-normalisation-trop-promise-et-bien-compromise\/embed\/#?secret=mpRG2ESBSI#?secret=TWo0D0uCaD\" data-secret=\"TWo0D0uCaD\" width=\"600\" height=\"338\" frameborder=\"0\" marginwidth=\"0\" marginheight=\"0\" scrolling=\"no\"><\/iframe>\n<\/div><\/figure>\n\n\n\n<figure class=\"wp-block-embed-wordpress wp-block-embed is-type-wp-embed is-provider-kapitalis\"><div class=\"wp-block-embed__wrapper\">\n<blockquote class=\"wp-embedded-content\" data-secret=\"xMPUFGAQEI\"><a href=\"https:\/\/kapitalis.com\/tunisie\/2020\/12\/23\/covid-19-mutatis-mutandis-vers-un-nouveau-virus-national\/\">Covid-19 : Mutatis mutandis, vers un nouveau virus national ?<\/a><\/blockquote><iframe loading=\"lazy\" class=\"wp-embedded-content\" sandbox=\"allow-scripts\" security=\"restricted\" style=\"position: absolute; clip: rect(1px, 1px, 1px, 1px);\" title=\"\u00ab\u00a0Covid-19 : Mutatis mutandis, vers un nouveau virus national ?\u00a0\u00bb &#8212; Kapitalis\" src=\"https:\/\/kapitalis.com\/tunisie\/2020\/12\/23\/covid-19-mutatis-mutandis-vers-un-nouveau-virus-national\/embed\/#?secret=XkuNwaKHqk#?secret=xMPUFGAQEI\" data-secret=\"xMPUFGAQEI\" width=\"600\" height=\"338\" frameborder=\"0\" marginwidth=\"0\" marginheight=\"0\" scrolling=\"no\"><\/iframe>\n<\/div><\/figure>\n\n\n\n<figure class=\"wp-block-embed-wordpress wp-block-embed is-type-wp-embed is-provider-kapitalis\"><div class=\"wp-block-embed__wrapper\">\n<blockquote class=\"wp-embedded-content\" data-secret=\"Dl0v0pZggx\"><a href=\"https:\/\/kapitalis.com\/tunisie\/2020\/12\/22\/politique-le-theoreme-de-neji-jalloul-ou-le-nidaa-tounes-mal-rehabilite\/\">Politique: le th\u00e9or\u00e8me de N\u00e9ji Jalloul, ou le Nidaa Toun\u00e8s (mal) r\u00e9habilit\u00e9<\/a><\/blockquote><iframe loading=\"lazy\" class=\"wp-embedded-content\" sandbox=\"allow-scripts\" security=\"restricted\" style=\"position: absolute; clip: rect(1px, 1px, 1px, 1px);\" title=\"\u00ab\u00a0Politique: le th\u00e9or\u00e8me de N\u00e9ji Jalloul, ou le Nidaa Toun\u00e8s (mal) r\u00e9habilit\u00e9\u00a0\u00bb &#8212; Kapitalis\" src=\"https:\/\/kapitalis.com\/tunisie\/2020\/12\/22\/politique-le-theoreme-de-neji-jalloul-ou-le-nidaa-tounes-mal-rehabilite\/embed\/#?secret=oUvkgVTZ5J#?secret=Dl0v0pZggx\" data-secret=\"Dl0v0pZggx\" width=\"600\" height=\"338\" frameborder=\"0\" marginwidth=\"0\" marginheight=\"0\" scrolling=\"no\"><\/iframe>\n<\/div><\/figure>\n","protected":false},"excerpt":{"rendered":"<p>C\u2019est No\u00ebl. Ce fut \u00e0 l\u2019origine la f\u00eate du Solstice consacr\u00e9e au Dieu Soleil Mithra d\u2019origine iranienne. Mais l\u2019empereur romain Constantin devenu chr\u00e9tien est pass\u00e9 par l\u00e0 et elle devint celle de la naissance de l\u2019enfant mis au monde par une m\u00e8re vierge, devenu c\u00e9l\u00e8bre dans le monde sous le nom de J\u00e9sus-Christ. Par Dr&#8230;<\/p>\n","protected":false},"author":8,"featured_media":329577,"comment_status":"open","ping_status":"open","sticky":false,"template":"","format":"standard","meta":{"footnotes":""},"categories":[992,998,1000,2433],"tags":[1972,21939,85980,85979,500,85978,1971,648,71629,85981],"class_list":["post-329576","post","type-post","status-publish","format-standard","has-post-thumbnail","hentry","category-a-la-une","category-societe","category-tribune","category-tunisie","tag-chretiens","tag-christianisme","tag-ebionites","tag-eglise-2","tag-islam","tag-jesus-christ","tag-juifs","tag-musulmans","tag-noel","tag-paganisme-egyptien"],"yoast_head":"<!-- This site is optimized with the Yoast SEO plugin v26.6 - https:\/\/yoast.com\/wordpress\/plugins\/seo\/ -->\n<title>No\u00ebl, ou la comm\u00e9moration des valeurs humaines universelles - Kapitalis<\/title>\n<meta name=\"robots\" content=\"index, follow, max-snippet:-1, max-image-preview:large, max-video-preview:-1\" \/>\n<link rel=\"canonical\" href=\"https:\/\/kapitalis.com\/tunisie\/2020\/12\/25\/noel-ou-la-commemoration-des-valeurs-humaines-universelles\/\" \/>\n<meta property=\"og:locale\" content=\"fr_FR\" \/>\n<meta property=\"og:type\" content=\"article\" \/>\n<meta property=\"og:title\" content=\"No\u00ebl, ou la comm\u00e9moration des valeurs humaines universelles - Kapitalis\" \/>\n<meta property=\"og:description\" content=\"C\u2019est No\u00ebl. Ce fut \u00e0 l\u2019origine la f\u00eate du Solstice consacr\u00e9e au Dieu Soleil Mithra d\u2019origine iranienne. Mais l\u2019empereur romain Constantin devenu chr\u00e9tien est pass\u00e9 par l\u00e0 et elle devint celle de la naissance de l\u2019enfant mis au monde par une m\u00e8re vierge, devenu c\u00e9l\u00e8bre dans le monde sous le nom de J\u00e9sus-Christ. Par Dr...\" \/>\n<meta property=\"og:url\" content=\"https:\/\/kapitalis.com\/tunisie\/2020\/12\/25\/noel-ou-la-commemoration-des-valeurs-humaines-universelles\/\" \/>\n<meta property=\"og:site_name\" content=\"Kapitalis\" \/>\n<meta property=\"article:publisher\" content=\"https:\/\/www.facebook.com\/KapitalisInfo\/\" \/>\n<meta property=\"article:published_time\" content=\"2020-12-25T08:08:50+00:00\" \/>\n<meta property=\"article:modified_time\" content=\"2020-12-25T08:08:53+00:00\" \/>\n<meta property=\"og:image\" content=\"https:\/\/kapitalis.com\/tunisie\/wp-content\/uploads\/2022\/05\/kapitalis-logo-fb.png\" \/>\n\t<meta property=\"og:image:width\" content=\"1200\" \/>\n\t<meta property=\"og:image:height\" content=\"630\" \/>\n\t<meta property=\"og:image:type\" content=\"image\/png\" \/>\n<meta name=\"author\" content=\"webmaster kapitalis\" \/>\n<meta name=\"twitter:card\" content=\"summary_large_image\" \/>\n<meta name=\"twitter:creator\" content=\"@KapitalisInfo\" \/>\n<meta name=\"twitter:site\" content=\"@KapitalisInfo\" \/>\n<meta name=\"twitter:label1\" content=\"\u00c9crit par\" \/>\n\t<meta name=\"twitter:data1\" content=\"webmaster kapitalis\" \/>\n\t<meta name=\"twitter:label2\" content=\"Dur\u00e9e de lecture estim\u00e9e\" \/>\n\t<meta name=\"twitter:data2\" content=\"4 minutes\" \/>\n<script type=\"application\/ld+json\" class=\"yoast-schema-graph\">{\"@context\":\"https:\/\/schema.org\",\"@graph\":[{\"@type\":\"Article\",\"@id\":\"https:\/\/kapitalis.com\/tunisie\/2020\/12\/25\/noel-ou-la-commemoration-des-valeurs-humaines-universelles\/#article\",\"isPartOf\":{\"@id\":\"https:\/\/kapitalis.com\/tunisie\/2020\/12\/25\/noel-ou-la-commemoration-des-valeurs-humaines-universelles\/\"},\"author\":{\"name\":\"webmaster kapitalis\",\"@id\":\"https:\/\/kapitalis.com\/tunisie\/#\/schema\/person\/d71f33a9ca44f7bad4698210b480c8e9\"},\"headline\":\"No\u00ebl, ou la comm\u00e9moration des valeurs humaines universelles\",\"datePublished\":\"2020-12-25T08:08:50+00:00\",\"dateModified\":\"2020-12-25T08:08:53+00:00\",\"mainEntityOfPage\":{\"@id\":\"https:\/\/kapitalis.com\/tunisie\/2020\/12\/25\/noel-ou-la-commemoration-des-valeurs-humaines-universelles\/\"},\"wordCount\":886,\"commentCount\":1,\"publisher\":{\"@id\":\"https:\/\/kapitalis.com\/tunisie\/#organization\"},\"image\":{\"@id\":\"https:\/\/kapitalis.com\/tunisie\/2020\/12\/25\/noel-ou-la-commemoration-des-valeurs-humaines-universelles\/#primaryimage\"},\"thumbnailUrl\":\"\",\"keywords\":[\"chr\u00e9tiens\",\"christianisme\",\"Ebionites\",\"Eglise\",\"islam\",\"J\u00e9sus-Christ\",\"juifs\",\"musulmans\",\"No\u00ebl\",\"paganisme \u00e9gyptien\"],\"articleSection\":[\"A LA UNE\",\"SOCIETE\",\"TRIBUNE\",\"Tunisie\"],\"inLanguage\":\"fr-FR\",\"potentialAction\":[{\"@type\":\"CommentAction\",\"name\":\"Comment\",\"target\":[\"https:\/\/kapitalis.com\/tunisie\/2020\/12\/25\/noel-ou-la-commemoration-des-valeurs-humaines-universelles\/#respond\"]}]},{\"@type\":\"WebPage\",\"@id\":\"https:\/\/kapitalis.com\/tunisie\/2020\/12\/25\/noel-ou-la-commemoration-des-valeurs-humaines-universelles\/\",\"url\":\"https:\/\/kapitalis.com\/tunisie\/2020\/12\/25\/noel-ou-la-commemoration-des-valeurs-humaines-universelles\/\",\"name\":\"No\u00ebl, ou la comm\u00e9moration des valeurs humaines universelles - Kapitalis\",\"isPartOf\":{\"@id\":\"https:\/\/kapitalis.com\/tunisie\/#website\"},\"primaryImageOfPage\":{\"@id\":\"https:\/\/kapitalis.com\/tunisie\/2020\/12\/25\/noel-ou-la-commemoration-des-valeurs-humaines-universelles\/#primaryimage\"},\"image\":{\"@id\":\"https:\/\/kapitalis.com\/tunisie\/2020\/12\/25\/noel-ou-la-commemoration-des-valeurs-humaines-universelles\/#primaryimage\"},\"thumbnailUrl\":\"\",\"datePublished\":\"2020-12-25T08:08:50+00:00\",\"dateModified\":\"2020-12-25T08:08:53+00:00\",\"breadcrumb\":{\"@id\":\"https:\/\/kapitalis.com\/tunisie\/2020\/12\/25\/noel-ou-la-commemoration-des-valeurs-humaines-universelles\/#breadcrumb\"},\"inLanguage\":\"fr-FR\",\"potentialAction\":[{\"@type\":\"ReadAction\",\"target\":[\"https:\/\/kapitalis.com\/tunisie\/2020\/12\/25\/noel-ou-la-commemoration-des-valeurs-humaines-universelles\/\"]}]},{\"@type\":\"ImageObject\",\"inLanguage\":\"fr-FR\",\"@id\":\"https:\/\/kapitalis.com\/tunisie\/2020\/12\/25\/noel-ou-la-commemoration-des-valeurs-humaines-universelles\/#primaryimage\",\"url\":\"\",\"contentUrl\":\"\"},{\"@type\":\"BreadcrumbList\",\"@id\":\"https:\/\/kapitalis.com\/tunisie\/2020\/12\/25\/noel-ou-la-commemoration-des-valeurs-humaines-universelles\/#breadcrumb\",\"itemListElement\":[{\"@type\":\"ListItem\",\"position\":1,\"name\":\"Accueil\",\"item\":\"https:\/\/kapitalis.com\/tunisie\/\"},{\"@type\":\"ListItem\",\"position\":2,\"name\":\"No\u00ebl, ou la comm\u00e9moration des valeurs humaines universelles\"}]},{\"@type\":\"WebSite\",\"@id\":\"https:\/\/kapitalis.com\/tunisie\/#website\",\"url\":\"https:\/\/kapitalis.com\/tunisie\/\",\"name\":\"Kapitalis\",\"description\":\"L&#039;actualit\u00e9 en Tunisie et dans le monde\",\"publisher\":{\"@id\":\"https:\/\/kapitalis.com\/tunisie\/#organization\"},\"potentialAction\":[{\"@type\":\"SearchAction\",\"target\":{\"@type\":\"EntryPoint\",\"urlTemplate\":\"https:\/\/kapitalis.com\/tunisie\/?s={search_term_string}\"},\"query-input\":{\"@type\":\"PropertyValueSpecification\",\"valueRequired\":true,\"valueName\":\"search_term_string\"}}],\"inLanguage\":\"fr-FR\"},{\"@type\":\"Organization\",\"@id\":\"https:\/\/kapitalis.com\/tunisie\/#organization\",\"name\":\"Kapitalis\",\"url\":\"https:\/\/kapitalis.com\/tunisie\/\",\"logo\":{\"@type\":\"ImageObject\",\"inLanguage\":\"fr-FR\",\"@id\":\"https:\/\/kapitalis.com\/tunisie\/#\/schema\/logo\/image\/\",\"url\":\"https:\/\/kapitalis.com\/tunisie\/wp-content\/uploads\/2022\/05\/Kapitalis-big-size.png\",\"contentUrl\":\"https:\/\/kapitalis.com\/tunisie\/wp-content\/uploads\/2022\/05\/Kapitalis-big-size.png\",\"width\":5000,\"height\":1500,\"caption\":\"Kapitalis\"},\"image\":{\"@id\":\"https:\/\/kapitalis.com\/tunisie\/#\/schema\/logo\/image\/\"},\"sameAs\":[\"https:\/\/www.facebook.com\/KapitalisInfo\/\",\"https:\/\/x.com\/KapitalisInfo\",\"https:\/\/www.youtube.com\/channel\/UC-yDYrHyfFBWWZaOw3FPg9Q\"]},{\"@type\":\"Person\",\"@id\":\"https:\/\/kapitalis.com\/tunisie\/#\/schema\/person\/d71f33a9ca44f7bad4698210b480c8e9\",\"name\":\"webmaster kapitalis\",\"url\":\"https:\/\/kapitalis.com\/tunisie\/author\/webmaster-kapitalis\/\"}]}<\/script>\n<!-- \/ Yoast SEO plugin. -->","yoast_head_json":{"title":"No\u00ebl, ou la comm\u00e9moration des valeurs humaines universelles - Kapitalis","robots":{"index":"index","follow":"follow","max-snippet":"max-snippet:-1","max-image-preview":"max-image-preview:large","max-video-preview":"max-video-preview:-1"},"canonical":"https:\/\/kapitalis.com\/tunisie\/2020\/12\/25\/noel-ou-la-commemoration-des-valeurs-humaines-universelles\/","og_locale":"fr_FR","og_type":"article","og_title":"No\u00ebl, ou la comm\u00e9moration des valeurs humaines universelles - Kapitalis","og_description":"C\u2019est No\u00ebl. Ce fut \u00e0 l\u2019origine la f\u00eate du Solstice consacr\u00e9e au Dieu Soleil Mithra d\u2019origine iranienne. Mais l\u2019empereur romain Constantin devenu chr\u00e9tien est pass\u00e9 par l\u00e0 et elle devint celle de la naissance de l\u2019enfant mis au monde par une m\u00e8re vierge, devenu c\u00e9l\u00e8bre dans le monde sous le nom de J\u00e9sus-Christ. Par Dr...","og_url":"https:\/\/kapitalis.com\/tunisie\/2020\/12\/25\/noel-ou-la-commemoration-des-valeurs-humaines-universelles\/","og_site_name":"Kapitalis","article_publisher":"https:\/\/www.facebook.com\/KapitalisInfo\/","article_published_time":"2020-12-25T08:08:50+00:00","article_modified_time":"2020-12-25T08:08:53+00:00","og_image":[{"width":1200,"height":630,"url":"https:\/\/kapitalis.com\/tunisie\/wp-content\/uploads\/2022\/05\/kapitalis-logo-fb.png","type":"image\/png"}],"author":"webmaster kapitalis","twitter_card":"summary_large_image","twitter_creator":"@KapitalisInfo","twitter_site":"@KapitalisInfo","twitter_misc":{"\u00c9crit par":"webmaster kapitalis","Dur\u00e9e de lecture estim\u00e9e":"4 minutes"},"schema":{"@context":"https:\/\/schema.org","@graph":[{"@type":"Article","@id":"https:\/\/kapitalis.com\/tunisie\/2020\/12\/25\/noel-ou-la-commemoration-des-valeurs-humaines-universelles\/#article","isPartOf":{"@id":"https:\/\/kapitalis.com\/tunisie\/2020\/12\/25\/noel-ou-la-commemoration-des-valeurs-humaines-universelles\/"},"author":{"name":"webmaster kapitalis","@id":"https:\/\/kapitalis.com\/tunisie\/#\/schema\/person\/d71f33a9ca44f7bad4698210b480c8e9"},"headline":"No\u00ebl, ou la comm\u00e9moration des valeurs humaines universelles","datePublished":"2020-12-25T08:08:50+00:00","dateModified":"2020-12-25T08:08:53+00:00","mainEntityOfPage":{"@id":"https:\/\/kapitalis.com\/tunisie\/2020\/12\/25\/noel-ou-la-commemoration-des-valeurs-humaines-universelles\/"},"wordCount":886,"commentCount":1,"publisher":{"@id":"https:\/\/kapitalis.com\/tunisie\/#organization"},"image":{"@id":"https:\/\/kapitalis.com\/tunisie\/2020\/12\/25\/noel-ou-la-commemoration-des-valeurs-humaines-universelles\/#primaryimage"},"thumbnailUrl":"","keywords":["chr\u00e9tiens","christianisme","Ebionites","Eglise","islam","J\u00e9sus-Christ","juifs","musulmans","No\u00ebl","paganisme \u00e9gyptien"],"articleSection":["A LA UNE","SOCIETE","TRIBUNE","Tunisie"],"inLanguage":"fr-FR","potentialAction":[{"@type":"CommentAction","name":"Comment","target":["https:\/\/kapitalis.com\/tunisie\/2020\/12\/25\/noel-ou-la-commemoration-des-valeurs-humaines-universelles\/#respond"]}]},{"@type":"WebPage","@id":"https:\/\/kapitalis.com\/tunisie\/2020\/12\/25\/noel-ou-la-commemoration-des-valeurs-humaines-universelles\/","url":"https:\/\/kapitalis.com\/tunisie\/2020\/12\/25\/noel-ou-la-commemoration-des-valeurs-humaines-universelles\/","name":"No\u00ebl, ou la comm\u00e9moration des valeurs humaines universelles - Kapitalis","isPartOf":{"@id":"https:\/\/kapitalis.com\/tunisie\/#website"},"primaryImageOfPage":{"@id":"https:\/\/kapitalis.com\/tunisie\/2020\/12\/25\/noel-ou-la-commemoration-des-valeurs-humaines-universelles\/#primaryimage"},"image":{"@id":"https:\/\/kapitalis.com\/tunisie\/2020\/12\/25\/noel-ou-la-commemoration-des-valeurs-humaines-universelles\/#primaryimage"},"thumbnailUrl":"","datePublished":"2020-12-25T08:08:50+00:00","dateModified":"2020-12-25T08:08:53+00:00","breadcrumb":{"@id":"https:\/\/kapitalis.com\/tunisie\/2020\/12\/25\/noel-ou-la-commemoration-des-valeurs-humaines-universelles\/#breadcrumb"},"inLanguage":"fr-FR","potentialAction":[{"@type":"ReadAction","target":["https:\/\/kapitalis.com\/tunisie\/2020\/12\/25\/noel-ou-la-commemoration-des-valeurs-humaines-universelles\/"]}]},{"@type":"ImageObject","inLanguage":"fr-FR","@id":"https:\/\/kapitalis.com\/tunisie\/2020\/12\/25\/noel-ou-la-commemoration-des-valeurs-humaines-universelles\/#primaryimage","url":"","contentUrl":""},{"@type":"BreadcrumbList","@id":"https:\/\/kapitalis.com\/tunisie\/2020\/12\/25\/noel-ou-la-commemoration-des-valeurs-humaines-universelles\/#breadcrumb","itemListElement":[{"@type":"ListItem","position":1,"name":"Accueil","item":"https:\/\/kapitalis.com\/tunisie\/"},{"@type":"ListItem","position":2,"name":"No\u00ebl, ou la comm\u00e9moration des valeurs humaines universelles"}]},{"@type":"WebSite","@id":"https:\/\/kapitalis.com\/tunisie\/#website","url":"https:\/\/kapitalis.com\/tunisie\/","name":"Kapitalis","description":"L&#039;actualit\u00e9 en Tunisie et dans le monde","publisher":{"@id":"https:\/\/kapitalis.com\/tunisie\/#organization"},"potentialAction":[{"@type":"SearchAction","target":{"@type":"EntryPoint","urlTemplate":"https:\/\/kapitalis.com\/tunisie\/?s={search_term_string}"},"query-input":{"@type":"PropertyValueSpecification","valueRequired":true,"valueName":"search_term_string"}}],"inLanguage":"fr-FR"},{"@type":"Organization","@id":"https:\/\/kapitalis.com\/tunisie\/#organization","name":"Kapitalis","url":"https:\/\/kapitalis.com\/tunisie\/","logo":{"@type":"ImageObject","inLanguage":"fr-FR","@id":"https:\/\/kapitalis.com\/tunisie\/#\/schema\/logo\/image\/","url":"https:\/\/kapitalis.com\/tunisie\/wp-content\/uploads\/2022\/05\/Kapitalis-big-size.png","contentUrl":"https:\/\/kapitalis.com\/tunisie\/wp-content\/uploads\/2022\/05\/Kapitalis-big-size.png","width":5000,"height":1500,"caption":"Kapitalis"},"image":{"@id":"https:\/\/kapitalis.com\/tunisie\/#\/schema\/logo\/image\/"},"sameAs":["https:\/\/www.facebook.com\/KapitalisInfo\/","https:\/\/x.com\/KapitalisInfo","https:\/\/www.youtube.com\/channel\/UC-yDYrHyfFBWWZaOw3FPg9Q"]},{"@type":"Person","@id":"https:\/\/kapitalis.com\/tunisie\/#\/schema\/person\/d71f33a9ca44f7bad4698210b480c8e9","name":"webmaster kapitalis","url":"https:\/\/kapitalis.com\/tunisie\/author\/webmaster-kapitalis\/"}]}},"_links":{"self":[{"href":"https:\/\/kapitalis.com\/tunisie\/wp-json\/wp\/v2\/posts\/329576","targetHints":{"allow":["GET"]}}],"collection":[{"href":"https:\/\/kapitalis.com\/tunisie\/wp-json\/wp\/v2\/posts"}],"about":[{"href":"https:\/\/kapitalis.com\/tunisie\/wp-json\/wp\/v2\/types\/post"}],"author":[{"embeddable":true,"href":"https:\/\/kapitalis.com\/tunisie\/wp-json\/wp\/v2\/users\/8"}],"replies":[{"embeddable":true,"href":"https:\/\/kapitalis.com\/tunisie\/wp-json\/wp\/v2\/comments?post=329576"}],"version-history":[{"count":0,"href":"https:\/\/kapitalis.com\/tunisie\/wp-json\/wp\/v2\/posts\/329576\/revisions"}],"wp:featuredmedia":[{"embeddable":true,"href":"https:\/\/kapitalis.com\/tunisie\/wp-json\/wp\/v2\/media\/329577"}],"wp:attachment":[{"href":"https:\/\/kapitalis.com\/tunisie\/wp-json\/wp\/v2\/media?parent=329576"}],"wp:term":[{"taxonomy":"category","embeddable":true,"href":"https:\/\/kapitalis.com\/tunisie\/wp-json\/wp\/v2\/categories?post=329576"},{"taxonomy":"post_tag","embeddable":true,"href":"https:\/\/kapitalis.com\/tunisie\/wp-json\/wp\/v2\/tags?post=329576"}],"curies":[{"name":"wp","href":"https:\/\/api.w.org\/{rel}","templated":true}]}}