{"id":329732,"date":"2020-12-26T12:49:24","date_gmt":"2020-12-26T11:49:24","guid":{"rendered":"http:\/\/kapitalis.com\/tunisie\/?p=329732"},"modified":"2020-12-26T12:49:26","modified_gmt":"2020-12-26T11:49:26","slug":"achref-nemri-ou-lart-de-peindre-avec-le-pied","status":"publish","type":"post","link":"https:\/\/kapitalis.com\/tunisie\/2020\/12\/26\/achref-nemri-ou-lart-de-peindre-avec-le-pied\/","title":{"rendered":"Achref Nemri ou l&rsquo;art de peindre avec le\u2026 pied"},"content":{"rendered":"\n<figure class=\"wp-block-image size-large\"><img decoding=\"async\" src=\"http:\/\/kapitalis.com\/tunisie\/wp-content\/uploads\/2020\/12\/Achref-Nemri.jpg\" alt=\"\" class=\"wp-image-329734\"\/><\/figure>\n\n\n\n<p><strong><em>Inaugur\u00e9e le vendredi 25 d\u00e9cembre 2020, au hall du Th\u00e9\u00e2tre de l&rsquo;Op\u00e9ra \u00e0 la Cit\u00e9 de la Culture, \u00e0 Tunis, l\u2019exposition de l\u2019artiste-peintre tunisien Achref Nemri se poursuivra jusqu\u2019au 22 janvier 2021. Ce jeune artiste est d\u2019autant plus m\u00e9ritant qu\u2019il peint avec les pieds.<\/em><\/strong><\/p>\n\n\n\n<!--more-->\n\n\n\n<p>Cet artiste dou\u00e9 de 35 ans, issu d\u2019une famille tr\u00e8s modeste d\u2019El-Kabbaria, r\u00e9cemment apparu sur la sc\u00e8ne artistique tunisienne, cherche, \u00e0 travers cette nouvelle exposition, \u00e0 magnifier davantage son art et \u00e0 se faire conna\u00eetre du grand public.<\/p>\n\n\n\n<p>Cette manifestation, parrain\u00e9e par Beta Group, a donc pour but de promouvoir les \u0153uvres de l\u2019artiste et de l\u2019aider \u00e0 faire pr\u00e9valoir son talent aupr\u00e8s d\u2019un public compos\u00e9 d\u2019invit\u00e9s de marque issus du monde artistique et culturel et de la soci\u00e9t\u00e9 civile.<\/p>\n\n\n\n<h3 class=\"wp-block-heading\">Le handicap n\u2019est jamais un obstacle<\/h3>\n\n\n\n<p>Premier peintre tunisien souffrant d\u2019un handicap physique \u00e0 avoir d\u00e9croch\u00e9 sa carte de peintre professionnel, le jeune tunisien Achref Nemri a organis\u00e9 sa premi\u00e8re s\u00e9rie d\u2019expositions intitul\u00e9e <em>\u00abAl Irada\u00bb<\/em> \u00e0 Mahdia en 2017, puis \u00e0 Tunis la m\u00eame ann\u00e9e et enfin \u00e0 Sfax en 2018, ann\u00e9e o\u00f9 il a obtenu sa fameuse carte professionnelle.<\/p>\n\n\n\n<p>Achref, qui peint merveilleusement bien avec son pied gauche, avait choisi pour cette s\u00e9rie d\u2019expositions le cheval (symbole de la volont\u00e9 et du d\u00e9fi) pour pr\u00e9senter son talent.<\/p>\n\n\n\n<p>Pour lui, le handicap dont il souffre n\u2019a jamais \u00eatre un obstacle devant sa ferme volont\u00e9 d\u2019exceller dans cet art gr\u00e2ce \u00e0 ses pieds. <em>\u00abChacun d\u2019entre nous poss\u00e8de un lion endormi en lui, il suffit de le provoquer pour atteindre nos objectifs\u00bb<\/em>, clame-t-il avec une certaine assurance.<\/p>\n\n\n\n<p>Enfant, Achref participa, gr\u00e2ce \u00e0 sa ma\u00eetresse d\u2019\u00e9cole, \u00e0 de nombreux concours scolaires qu\u2019il avait gagn\u00e9s. Encadr\u00e9 par une association caritative suisse sp\u00e9cialis\u00e9e dans le soutien des jeunes \u00e0 besoins sp\u00e9cifiques, il b\u00e9n\u00e9ficia pendant quatre ans d\u2019un enseignement d\u2019arts plastiques \u00e0 l\u2019atelier de feu Mohamed Mtimet, jusqu\u2019\u00e0 l&rsquo;obtention d\u2019un dipl\u00f4me. Il passera ensuite deux ann\u00e9es avec l\u2019association Besma qui lui avait organis\u00e9 une exposition \u00e0 Tunis.<\/p>\n\n\n\n<figure class=\"wp-block-gallery columns-2 is-cropped wp-block-gallery-1 is-layout-flex wp-block-gallery-is-layout-flex\"><ul class=\"blocks-gallery-grid\"><li class=\"blocks-gallery-item\"><figure><img decoding=\"async\" src=\"http:\/\/kapitalis.com\/tunisie\/wp-content\/uploads\/2020\/12\/Achref-Nemri-2.jpg\" alt=\"\" data-id=\"329736\" data-link=\"http:\/\/kapitalis.com\/tunisie\/?attachment_id=329736\" class=\"wp-image-329736\"\/><\/figure><\/li><li class=\"blocks-gallery-item\"><figure><img decoding=\"async\" src=\"http:\/\/kapitalis.com\/tunisie\/wp-content\/uploads\/2020\/12\/Expo-Achref-Nemri.jpg\" alt=\"\" data-id=\"329738\" data-link=\"http:\/\/kapitalis.com\/tunisie\/?attachment_id=329738\" class=\"wp-image-329738\"\/><\/figure><\/li><li class=\"blocks-gallery-item\"><figure><img decoding=\"async\" src=\"http:\/\/kapitalis.com\/tunisie\/wp-content\/uploads\/2020\/12\/Expo-Achref-Nemri-2.jpg\" alt=\"\" data-id=\"329739\" data-full-url=\"http:\/\/kapitalis.com\/tunisie\/wp-content\/uploads\/2020\/12\/Expo-Achref-Nemri-2.jpg\" data-link=\"http:\/\/kapitalis.com\/tunisie\/?attachment_id=329739\" class=\"wp-image-329739\"\/><\/figure><\/li><\/ul><\/figure>\n\n\n\n<h3 class=\"wp-block-heading\">L\u2019histoire, la nature, le cheval\u2026 comme sources d\u2019inspiration<\/h3>\n\n\n\n<p>Mais c\u2019est cette ann\u00e9e (f\u00e9vrier 2020) que le grand public a commenc\u00e9 \u00e0 r\u00e9ellement d\u00e9couvrir le jeune artiste suite \u00e0 l\u2019entrevue que lui avait accord\u00e9e le pr\u00e9sident Ka\u00efs Saied. Suite \u00e0 cette rencontre, le jeune artiste sera remarqu\u00e9 par le Pdg de Beta Group qui offrira de le parrainer et de l\u2019aider \u00e0 trouver sa voie dans le domaine artistique et culturel.<\/p>\n\n\n\n<p>C\u2019est ainsi que la Cit\u00e9 de la Culture lui offrit un espace pour exposer, tandis que Beta Group prit en charge les frais de l\u2019\u00e9v\u00e9nement. <em>\u00abLe feu et la glace, un combat<\/em>\u00bb, c\u2019est le titre de l&rsquo;exposition, pr\u00e9sente vingt-sept tableaux dont une dizaine de portraits de personnalit\u00e9s politiques de l\u2019histoire r\u00e9cente de la Tunisie.<\/p>\n\n\n\n<p>Portraitiste rompu aux arcanes de l\u2019art, le jeune homme s\u2019efforce d\u00e9sormais d\u2019en faire son gagne-pain. Ses toiles refl\u00e8tent une immense cr\u00e9ativit\u00e9 et une grande maitrise de son art.<\/p>\n\n\n\n<p>La grande source d\u2019inspiration pour le jeune artiste demeure l\u2019histoire. Mais ce n\u2019est pas que \u00e7a, la nature aussi. Ce qui explique sa v\u00e9n\u00e9ration pour le cheval, cet animal qu\u2019il peint de fa\u00e7on sublime, avec une rare pr\u00e9cision du trait.<\/p>\n\n\n\n<p><em>In fine<\/em>, Achref Nemri est un artiste \u00e0 l\u2019avenir tout trac\u00e9. Son talent, son savoir-faire, sa sensibilit\u00e9 de coloriste, sa ma\u00eetrise de la peinture \u00e0 huile, de l\u2019acrylique mais aussi des techniques mixtes lui ouvrent les portes de l\u2019art figuratif et de l\u2019art tout court, dans sa diversit\u00e9. Bon l\u2019artiste !<\/p>\n","protected":false},"excerpt":{"rendered":"<p>Inaugur\u00e9e le vendredi 25 d\u00e9cembre 2020, au hall du Th\u00e9\u00e2tre de l&rsquo;Op\u00e9ra \u00e0 la Cit\u00e9 de la Culture, \u00e0 Tunis, l\u2019exposition de l\u2019artiste-peintre tunisien Achref Nemri se poursuivra jusqu\u2019au 22 janvier 2021. Ce jeune artiste est d\u2019autant plus m\u00e9ritant qu\u2019il peint avec les pieds.<\/p>\n","protected":false},"author":8,"featured_media":329734,"comment_status":"open","ping_status":"open","sticky":false,"template":"","format":"standard","meta":{"footnotes":""},"categories":[994,2433],"tags":[86007,86011,86009,86008,12235],"class_list":["post-329732","post","type-post","status-publish","format-standard","has-post-thumbnail","hentry","category-culture","category-tunisie","tag-achref-nemri","tag-association-besma","tag-beta-group","tag-el-kabbaria","tag-kais-saied"],"yoast_head":"<!-- This site is optimized with the Yoast SEO plugin v26.6 - https:\/\/yoast.com\/wordpress\/plugins\/seo\/ -->\n<title>Achref Nemri ou l&#039;art de peindre avec le\u2026 pied - Kapitalis<\/title>\n<meta name=\"robots\" content=\"index, follow, max-snippet:-1, max-image-preview:large, max-video-preview:-1\" \/>\n<link rel=\"canonical\" href=\"https:\/\/kapitalis.com\/tunisie\/2020\/12\/26\/achref-nemri-ou-lart-de-peindre-avec-le-pied\/\" \/>\n<meta property=\"og:locale\" content=\"fr_FR\" \/>\n<meta property=\"og:type\" content=\"article\" \/>\n<meta property=\"og:title\" content=\"Achref Nemri ou l&#039;art de peindre avec le\u2026 pied - Kapitalis\" \/>\n<meta property=\"og:description\" content=\"Inaugur\u00e9e le vendredi 25 d\u00e9cembre 2020, au hall du Th\u00e9\u00e2tre de l&rsquo;Op\u00e9ra \u00e0 la Cit\u00e9 de la Culture, \u00e0 Tunis, l\u2019exposition de l\u2019artiste-peintre tunisien Achref Nemri se poursuivra jusqu\u2019au 22 janvier 2021. Ce jeune artiste est d\u2019autant plus m\u00e9ritant qu\u2019il peint avec les pieds.\" \/>\n<meta property=\"og:url\" content=\"https:\/\/kapitalis.com\/tunisie\/2020\/12\/26\/achref-nemri-ou-lart-de-peindre-avec-le-pied\/\" \/>\n<meta property=\"og:site_name\" content=\"Kapitalis\" \/>\n<meta property=\"article:publisher\" content=\"https:\/\/www.facebook.com\/KapitalisInfo\/\" \/>\n<meta property=\"article:published_time\" content=\"2020-12-26T11:49:24+00:00\" \/>\n<meta property=\"article:modified_time\" content=\"2020-12-26T11:49:26+00:00\" \/>\n<meta property=\"og:image\" content=\"https:\/\/kapitalis.com\/tunisie\/wp-content\/uploads\/2022\/05\/kapitalis-logo-fb.png\" \/>\n\t<meta property=\"og:image:width\" content=\"1200\" \/>\n\t<meta property=\"og:image:height\" content=\"630\" \/>\n\t<meta property=\"og:image:type\" content=\"image\/png\" \/>\n<meta name=\"author\" content=\"webmaster kapitalis\" \/>\n<meta name=\"twitter:card\" content=\"summary_large_image\" \/>\n<meta name=\"twitter:creator\" content=\"@KapitalisInfo\" \/>\n<meta name=\"twitter:site\" content=\"@KapitalisInfo\" \/>\n<meta name=\"twitter:label1\" content=\"\u00c9crit par\" \/>\n\t<meta name=\"twitter:data1\" content=\"webmaster kapitalis\" \/>\n\t<meta name=\"twitter:label2\" content=\"Dur\u00e9e de lecture estim\u00e9e\" \/>\n\t<meta name=\"twitter:data2\" content=\"3 minutes\" \/>\n<script type=\"application\/ld+json\" class=\"yoast-schema-graph\">{\"@context\":\"https:\/\/schema.org\",\"@graph\":[{\"@type\":\"Article\",\"@id\":\"https:\/\/kapitalis.com\/tunisie\/2020\/12\/26\/achref-nemri-ou-lart-de-peindre-avec-le-pied\/#article\",\"isPartOf\":{\"@id\":\"https:\/\/kapitalis.com\/tunisie\/2020\/12\/26\/achref-nemri-ou-lart-de-peindre-avec-le-pied\/\"},\"author\":{\"name\":\"webmaster kapitalis\",\"@id\":\"https:\/\/kapitalis.com\/tunisie\/#\/schema\/person\/d71f33a9ca44f7bad4698210b480c8e9\"},\"headline\":\"Achref Nemri ou l&rsquo;art de peindre avec le\u2026 pied\",\"datePublished\":\"2020-12-26T11:49:24+00:00\",\"dateModified\":\"2020-12-26T11:49:26+00:00\",\"mainEntityOfPage\":{\"@id\":\"https:\/\/kapitalis.com\/tunisie\/2020\/12\/26\/achref-nemri-ou-lart-de-peindre-avec-le-pied\/\"},\"wordCount\":647,\"commentCount\":1,\"publisher\":{\"@id\":\"https:\/\/kapitalis.com\/tunisie\/#organization\"},\"image\":{\"@id\":\"https:\/\/kapitalis.com\/tunisie\/2020\/12\/26\/achref-nemri-ou-lart-de-peindre-avec-le-pied\/#primaryimage\"},\"thumbnailUrl\":\"\",\"keywords\":[\"Achref Nemri\",\"association Besma\",\"Beta Group\",\"El-Kabbaria\",\"Ka\u00efs Saied\"],\"articleSection\":[\"CULTURE\",\"Tunisie\"],\"inLanguage\":\"fr-FR\",\"potentialAction\":[{\"@type\":\"CommentAction\",\"name\":\"Comment\",\"target\":[\"https:\/\/kapitalis.com\/tunisie\/2020\/12\/26\/achref-nemri-ou-lart-de-peindre-avec-le-pied\/#respond\"]}]},{\"@type\":\"WebPage\",\"@id\":\"https:\/\/kapitalis.com\/tunisie\/2020\/12\/26\/achref-nemri-ou-lart-de-peindre-avec-le-pied\/\",\"url\":\"https:\/\/kapitalis.com\/tunisie\/2020\/12\/26\/achref-nemri-ou-lart-de-peindre-avec-le-pied\/\",\"name\":\"Achref Nemri ou l'art de peindre avec le\u2026 pied - Kapitalis\",\"isPartOf\":{\"@id\":\"https:\/\/kapitalis.com\/tunisie\/#website\"},\"primaryImageOfPage\":{\"@id\":\"https:\/\/kapitalis.com\/tunisie\/2020\/12\/26\/achref-nemri-ou-lart-de-peindre-avec-le-pied\/#primaryimage\"},\"image\":{\"@id\":\"https:\/\/kapitalis.com\/tunisie\/2020\/12\/26\/achref-nemri-ou-lart-de-peindre-avec-le-pied\/#primaryimage\"},\"thumbnailUrl\":\"\",\"datePublished\":\"2020-12-26T11:49:24+00:00\",\"dateModified\":\"2020-12-26T11:49:26+00:00\",\"breadcrumb\":{\"@id\":\"https:\/\/kapitalis.com\/tunisie\/2020\/12\/26\/achref-nemri-ou-lart-de-peindre-avec-le-pied\/#breadcrumb\"},\"inLanguage\":\"fr-FR\",\"potentialAction\":[{\"@type\":\"ReadAction\",\"target\":[\"https:\/\/kapitalis.com\/tunisie\/2020\/12\/26\/achref-nemri-ou-lart-de-peindre-avec-le-pied\/\"]}]},{\"@type\":\"ImageObject\",\"inLanguage\":\"fr-FR\",\"@id\":\"https:\/\/kapitalis.com\/tunisie\/2020\/12\/26\/achref-nemri-ou-lart-de-peindre-avec-le-pied\/#primaryimage\",\"url\":\"\",\"contentUrl\":\"\"},{\"@type\":\"BreadcrumbList\",\"@id\":\"https:\/\/kapitalis.com\/tunisie\/2020\/12\/26\/achref-nemri-ou-lart-de-peindre-avec-le-pied\/#breadcrumb\",\"itemListElement\":[{\"@type\":\"ListItem\",\"position\":1,\"name\":\"Accueil\",\"item\":\"https:\/\/kapitalis.com\/tunisie\/\"},{\"@type\":\"ListItem\",\"position\":2,\"name\":\"Achref Nemri ou l&rsquo;art de peindre avec le\u2026 pied\"}]},{\"@type\":\"WebSite\",\"@id\":\"https:\/\/kapitalis.com\/tunisie\/#website\",\"url\":\"https:\/\/kapitalis.com\/tunisie\/\",\"name\":\"Kapitalis\",\"description\":\"L&#039;actualit\u00e9 en Tunisie et dans le monde\",\"publisher\":{\"@id\":\"https:\/\/kapitalis.com\/tunisie\/#organization\"},\"potentialAction\":[{\"@type\":\"SearchAction\",\"target\":{\"@type\":\"EntryPoint\",\"urlTemplate\":\"https:\/\/kapitalis.com\/tunisie\/?s={search_term_string}\"},\"query-input\":{\"@type\":\"PropertyValueSpecification\",\"valueRequired\":true,\"valueName\":\"search_term_string\"}}],\"inLanguage\":\"fr-FR\"},{\"@type\":\"Organization\",\"@id\":\"https:\/\/kapitalis.com\/tunisie\/#organization\",\"name\":\"Kapitalis\",\"url\":\"https:\/\/kapitalis.com\/tunisie\/\",\"logo\":{\"@type\":\"ImageObject\",\"inLanguage\":\"fr-FR\",\"@id\":\"https:\/\/kapitalis.com\/tunisie\/#\/schema\/logo\/image\/\",\"url\":\"https:\/\/kapitalis.com\/tunisie\/wp-content\/uploads\/2022\/05\/Kapitalis-big-size.png\",\"contentUrl\":\"https:\/\/kapitalis.com\/tunisie\/wp-content\/uploads\/2022\/05\/Kapitalis-big-size.png\",\"width\":5000,\"height\":1500,\"caption\":\"Kapitalis\"},\"image\":{\"@id\":\"https:\/\/kapitalis.com\/tunisie\/#\/schema\/logo\/image\/\"},\"sameAs\":[\"https:\/\/www.facebook.com\/KapitalisInfo\/\",\"https:\/\/x.com\/KapitalisInfo\",\"https:\/\/www.youtube.com\/channel\/UC-yDYrHyfFBWWZaOw3FPg9Q\"]},{\"@type\":\"Person\",\"@id\":\"https:\/\/kapitalis.com\/tunisie\/#\/schema\/person\/d71f33a9ca44f7bad4698210b480c8e9\",\"name\":\"webmaster kapitalis\",\"url\":\"https:\/\/kapitalis.com\/tunisie\/author\/webmaster-kapitalis\/\"}]}<\/script>\n<!-- \/ Yoast SEO plugin. -->","yoast_head_json":{"title":"Achref Nemri ou l'art de peindre avec le\u2026 pied - Kapitalis","robots":{"index":"index","follow":"follow","max-snippet":"max-snippet:-1","max-image-preview":"max-image-preview:large","max-video-preview":"max-video-preview:-1"},"canonical":"https:\/\/kapitalis.com\/tunisie\/2020\/12\/26\/achref-nemri-ou-lart-de-peindre-avec-le-pied\/","og_locale":"fr_FR","og_type":"article","og_title":"Achref Nemri ou l'art de peindre avec le\u2026 pied - Kapitalis","og_description":"Inaugur\u00e9e le vendredi 25 d\u00e9cembre 2020, au hall du Th\u00e9\u00e2tre de l&rsquo;Op\u00e9ra \u00e0 la Cit\u00e9 de la Culture, \u00e0 Tunis, l\u2019exposition de l\u2019artiste-peintre tunisien Achref Nemri se poursuivra jusqu\u2019au 22 janvier 2021. Ce jeune artiste est d\u2019autant plus m\u00e9ritant qu\u2019il peint avec les pieds.","og_url":"https:\/\/kapitalis.com\/tunisie\/2020\/12\/26\/achref-nemri-ou-lart-de-peindre-avec-le-pied\/","og_site_name":"Kapitalis","article_publisher":"https:\/\/www.facebook.com\/KapitalisInfo\/","article_published_time":"2020-12-26T11:49:24+00:00","article_modified_time":"2020-12-26T11:49:26+00:00","og_image":[{"width":1200,"height":630,"url":"https:\/\/kapitalis.com\/tunisie\/wp-content\/uploads\/2022\/05\/kapitalis-logo-fb.png","type":"image\/png"}],"author":"webmaster kapitalis","twitter_card":"summary_large_image","twitter_creator":"@KapitalisInfo","twitter_site":"@KapitalisInfo","twitter_misc":{"\u00c9crit par":"webmaster kapitalis","Dur\u00e9e de lecture estim\u00e9e":"3 minutes"},"schema":{"@context":"https:\/\/schema.org","@graph":[{"@type":"Article","@id":"https:\/\/kapitalis.com\/tunisie\/2020\/12\/26\/achref-nemri-ou-lart-de-peindre-avec-le-pied\/#article","isPartOf":{"@id":"https:\/\/kapitalis.com\/tunisie\/2020\/12\/26\/achref-nemri-ou-lart-de-peindre-avec-le-pied\/"},"author":{"name":"webmaster kapitalis","@id":"https:\/\/kapitalis.com\/tunisie\/#\/schema\/person\/d71f33a9ca44f7bad4698210b480c8e9"},"headline":"Achref Nemri ou l&rsquo;art de peindre avec le\u2026 pied","datePublished":"2020-12-26T11:49:24+00:00","dateModified":"2020-12-26T11:49:26+00:00","mainEntityOfPage":{"@id":"https:\/\/kapitalis.com\/tunisie\/2020\/12\/26\/achref-nemri-ou-lart-de-peindre-avec-le-pied\/"},"wordCount":647,"commentCount":1,"publisher":{"@id":"https:\/\/kapitalis.com\/tunisie\/#organization"},"image":{"@id":"https:\/\/kapitalis.com\/tunisie\/2020\/12\/26\/achref-nemri-ou-lart-de-peindre-avec-le-pied\/#primaryimage"},"thumbnailUrl":"","keywords":["Achref Nemri","association Besma","Beta Group","El-Kabbaria","Ka\u00efs Saied"],"articleSection":["CULTURE","Tunisie"],"inLanguage":"fr-FR","potentialAction":[{"@type":"CommentAction","name":"Comment","target":["https:\/\/kapitalis.com\/tunisie\/2020\/12\/26\/achref-nemri-ou-lart-de-peindre-avec-le-pied\/#respond"]}]},{"@type":"WebPage","@id":"https:\/\/kapitalis.com\/tunisie\/2020\/12\/26\/achref-nemri-ou-lart-de-peindre-avec-le-pied\/","url":"https:\/\/kapitalis.com\/tunisie\/2020\/12\/26\/achref-nemri-ou-lart-de-peindre-avec-le-pied\/","name":"Achref Nemri ou l'art de peindre avec le\u2026 pied - Kapitalis","isPartOf":{"@id":"https:\/\/kapitalis.com\/tunisie\/#website"},"primaryImageOfPage":{"@id":"https:\/\/kapitalis.com\/tunisie\/2020\/12\/26\/achref-nemri-ou-lart-de-peindre-avec-le-pied\/#primaryimage"},"image":{"@id":"https:\/\/kapitalis.com\/tunisie\/2020\/12\/26\/achref-nemri-ou-lart-de-peindre-avec-le-pied\/#primaryimage"},"thumbnailUrl":"","datePublished":"2020-12-26T11:49:24+00:00","dateModified":"2020-12-26T11:49:26+00:00","breadcrumb":{"@id":"https:\/\/kapitalis.com\/tunisie\/2020\/12\/26\/achref-nemri-ou-lart-de-peindre-avec-le-pied\/#breadcrumb"},"inLanguage":"fr-FR","potentialAction":[{"@type":"ReadAction","target":["https:\/\/kapitalis.com\/tunisie\/2020\/12\/26\/achref-nemri-ou-lart-de-peindre-avec-le-pied\/"]}]},{"@type":"ImageObject","inLanguage":"fr-FR","@id":"https:\/\/kapitalis.com\/tunisie\/2020\/12\/26\/achref-nemri-ou-lart-de-peindre-avec-le-pied\/#primaryimage","url":"","contentUrl":""},{"@type":"BreadcrumbList","@id":"https:\/\/kapitalis.com\/tunisie\/2020\/12\/26\/achref-nemri-ou-lart-de-peindre-avec-le-pied\/#breadcrumb","itemListElement":[{"@type":"ListItem","position":1,"name":"Accueil","item":"https:\/\/kapitalis.com\/tunisie\/"},{"@type":"ListItem","position":2,"name":"Achref Nemri ou l&rsquo;art de peindre avec le\u2026 pied"}]},{"@type":"WebSite","@id":"https:\/\/kapitalis.com\/tunisie\/#website","url":"https:\/\/kapitalis.com\/tunisie\/","name":"Kapitalis","description":"L&#039;actualit\u00e9 en Tunisie et dans le monde","publisher":{"@id":"https:\/\/kapitalis.com\/tunisie\/#organization"},"potentialAction":[{"@type":"SearchAction","target":{"@type":"EntryPoint","urlTemplate":"https:\/\/kapitalis.com\/tunisie\/?s={search_term_string}"},"query-input":{"@type":"PropertyValueSpecification","valueRequired":true,"valueName":"search_term_string"}}],"inLanguage":"fr-FR"},{"@type":"Organization","@id":"https:\/\/kapitalis.com\/tunisie\/#organization","name":"Kapitalis","url":"https:\/\/kapitalis.com\/tunisie\/","logo":{"@type":"ImageObject","inLanguage":"fr-FR","@id":"https:\/\/kapitalis.com\/tunisie\/#\/schema\/logo\/image\/","url":"https:\/\/kapitalis.com\/tunisie\/wp-content\/uploads\/2022\/05\/Kapitalis-big-size.png","contentUrl":"https:\/\/kapitalis.com\/tunisie\/wp-content\/uploads\/2022\/05\/Kapitalis-big-size.png","width":5000,"height":1500,"caption":"Kapitalis"},"image":{"@id":"https:\/\/kapitalis.com\/tunisie\/#\/schema\/logo\/image\/"},"sameAs":["https:\/\/www.facebook.com\/KapitalisInfo\/","https:\/\/x.com\/KapitalisInfo","https:\/\/www.youtube.com\/channel\/UC-yDYrHyfFBWWZaOw3FPg9Q"]},{"@type":"Person","@id":"https:\/\/kapitalis.com\/tunisie\/#\/schema\/person\/d71f33a9ca44f7bad4698210b480c8e9","name":"webmaster kapitalis","url":"https:\/\/kapitalis.com\/tunisie\/author\/webmaster-kapitalis\/"}]}},"_links":{"self":[{"href":"https:\/\/kapitalis.com\/tunisie\/wp-json\/wp\/v2\/posts\/329732","targetHints":{"allow":["GET"]}}],"collection":[{"href":"https:\/\/kapitalis.com\/tunisie\/wp-json\/wp\/v2\/posts"}],"about":[{"href":"https:\/\/kapitalis.com\/tunisie\/wp-json\/wp\/v2\/types\/post"}],"author":[{"embeddable":true,"href":"https:\/\/kapitalis.com\/tunisie\/wp-json\/wp\/v2\/users\/8"}],"replies":[{"embeddable":true,"href":"https:\/\/kapitalis.com\/tunisie\/wp-json\/wp\/v2\/comments?post=329732"}],"version-history":[{"count":0,"href":"https:\/\/kapitalis.com\/tunisie\/wp-json\/wp\/v2\/posts\/329732\/revisions"}],"wp:featuredmedia":[{"embeddable":true,"href":"https:\/\/kapitalis.com\/tunisie\/wp-json\/wp\/v2\/media\/329734"}],"wp:attachment":[{"href":"https:\/\/kapitalis.com\/tunisie\/wp-json\/wp\/v2\/media?parent=329732"}],"wp:term":[{"taxonomy":"category","embeddable":true,"href":"https:\/\/kapitalis.com\/tunisie\/wp-json\/wp\/v2\/categories?post=329732"},{"taxonomy":"post_tag","embeddable":true,"href":"https:\/\/kapitalis.com\/tunisie\/wp-json\/wp\/v2\/tags?post=329732"}],"curies":[{"name":"wp","href":"https:\/\/api.w.org\/{rel}","templated":true}]}}