{"id":329797,"date":"2020-12-27T08:15:50","date_gmt":"2020-12-27T07:15:50","guid":{"rendered":"http:\/\/kapitalis.com\/tunisie\/?p=329797"},"modified":"2020-12-27T08:15:53","modified_gmt":"2020-12-27T07:15:53","slug":"le-poeme-du-dimanche-a-un-visage-blanc-de-mohamed-fitouri","status":"publish","type":"post","link":"https:\/\/kapitalis.com\/tunisie\/2020\/12\/27\/le-poeme-du-dimanche-a-un-visage-blanc-de-mohamed-fitouri\/","title":{"rendered":"Le po\u00e8me du dimanche : \u2018\u2018A un visage blanc\u2019\u2019 de Mohamed Fitouri"},"content":{"rendered":"\n<figure class=\"wp-block-image size-large\"><img decoding=\"async\" src=\"http:\/\/kapitalis.com\/tunisie\/wp-content\/uploads\/2020\/12\/Mohamed-Fitouri.jpg\" alt=\"\" class=\"wp-image-329798\"\/><\/figure>\n\n\n\n<p><strong><em>Dans la litt\u00e9rature de langue fran\u00e7aise et francophone, en g\u00e9n\u00e9ral, quand il s\u2019agit de l\u2019affirmation de la n\u00e9gritude ou de la question noire, reviennent plus facilement les noms de L\u00e9on Gontran Damas (Guyane), L\u00e9opold S\u00e9dar Senghor (S\u00e9n\u00e9gal) ou Aim\u00e9 C\u00e9saire (Martinique), etc. Le clivage regrettable entre les langues dans les litt\u00e9ratures du sud, a laiss\u00e9 persistante la m\u00e9connaissance du po\u00e8te de langue arabe, le Soudanais Mohamed Fitouri, dit aussi Faytouri, dont presque toute l\u2019\u0153uvre est une c\u00e9l\u00e9bration vibrante de l\u2019Afrique, de l\u2019Etre noir et la conqu\u00eate de sa libert\u00e9.<\/em><\/strong><\/p>\n\n\n\n<!--more-->\n\n\n\n<p>Mohamed Fitouri est n\u00e9 au Darfour, au Soudan, en 1936. Il poursuit ses \u00e9tudes en Egypte, de l\u2019enfance jusqu\u2019\u00e0 l\u2019universit\u00e9 d\u2019Al Azhar. Travaille d\u2019abord dans la presse litt\u00e9raire puis occupe de nombreux postes diplomatiques \u00e0 la Ligue arabe. D\u00e9chu de sa nationalit\u00e9 soudanaise pour opposition au r\u00e9gime de Ja\u00e2far Numeiri, son grand p\u00e8re \u00e9tant libyen, il obtient la nationalit\u00e9 libyenne sous Kadhafi. Il la perd \u00e0 la chute de ce dernier et s\u2019installe au Maroc, o\u00f9 il d\u00e9c\u00e8de en 2015.<\/p>\n\n\n\n<p>Il publie son premier recueil <em>\u2018\u2018Aghani Ifriquiya\u2019\u2019<\/em> (Chansons d\u2019Afrique) 1955, \u00e0 l\u2019\u00e2ge de 19 ans. Son \u0153uvre, marqu\u00e9e fortement par l\u2019africanit\u00e9 et l\u2019arabit\u00e9, est \u00e9crite dans un lyrisme politique revendicatif, \u00e0 la vision soufie parfois. Elle prend pied dans le mouvement moderniste de la po\u00e9sie arabe contemporaine.<\/p>\n\n\n\n<p>Parmi ses \u0153uvres : <em>\u2018\u2018Achiqun min Ifriquiya\u2019\u2019 <\/em>(Un amant d\u2019Afrique) 1964; <em>\u2018\u2018Udhkurini ya Ifriquiya\u2019\u2019 <\/em>(Souviens-toi de moi Afrique) 1965; <em>\u2018\u2018Ahzan Ifriquiya\u2019\u2019<\/em> (Tristesses d\u2019Afrique) 1966; <em>\u2018\u2018Aryanan yarqusu fi chams\u2019\u2019 <\/em>(Un nu dansant au soleil), 2005.<\/p>\n\n\n\n<p>J\u2019ai eu le plaisir de le rencontrer lors d\u2019un festival international de po\u00e9sie en Gr\u00e8ce, il y a quelques ann\u00e9es, la d\u00e9contraction pudique et la poign\u00e9e de main chaleureuse et fraternelle. En son souvenir, ce po\u00e8me traduit.<\/p>\n\n\n\n<p class=\"has-text-align-right\"><strong>Tahar Bekri<\/strong><\/p>\n\n\n\n<p><em>Est-ce parce que mon visage est noir<br>Et le tien est blanc<br>Que tu m\u2019as nomm\u00e9 esclave<br>Foul\u00e9 mon humanit\u00e9<br>M\u00e9pris\u00e9 mon \u00e2me<br>Tu m\u2019as fabriqu\u00e9 des cha\u00eenes<br>Bu ma vigne injustement<br>Mang\u00e9 mes fruits par vengeance<br>Me laissant la haine<br>Port\u00e9 ce qu\u2019ont tiss\u00e9 les fils de mes rouets<br>M\u2019habillant de soupirs et de labeurs<\/em><\/p>\n\n\n\n<p><em>Tu as habit\u00e9 les paradis<br>Dont les pierres sont taill\u00e9es par mes mains<br>Et moi \u2026combien de fois allong\u00e9 dans la hutte obscure<br>Couvert de t\u00e9n\u00e8bres et de froid<br>Comme une brebis ruminant la m\u00e9lancolie<br>Nouant autour de moi la fum\u00e9e de mon insignifiance<\/em><\/p>\n\n\n\n<p><em>Quand les lampes du ciel s\u2019\u00e9teignent<br>Et coule le fleuve discontinu de l\u2019aube<br>Je r\u00e9veille ma maigre b\u00eate<br>Pour la conduire fermement pa\u00eetre<br>Quand elle grossit c\u2019est toi qui profites de sa chair<br>Me laissant les intestins et la peau<\/em><\/p>\n\n\n\n<p><em>Non mon fr\u00e8re !<br>Mes sentiments en feu ne peuvent apr\u00e8s ce jour se calmer<br>Je regrette<br>Je ne suis pas cr\u00e9\u00e9 hibou<br>Qui se nourrit de vers ou singe<br>Je suis l\u2019\u00eatre de ma m\u00e8re et la tienne est terre<br>La lumi\u00e8re n\u2019est pour aucun de nous p\u00e8re<br>Pourquoi donc me prives-tu de mes droits ?<br>Alors que toi tu trouves bonheur et confort<br>Pourquoi l\u00e8ves-tu ton nez ma\u00eetre<br>Et moi je baisse ma t\u00eate esclave ?<\/em><\/p>\n\n\n\n<p><em>Je me suis r\u00e9veill\u00e9<br>R\u00e9veill\u00e9 de mon pass\u00e9<br>Voici ma pioche d\u00e9truisant ses tombes avec force<br>Je serai feu car la vie me veut feu<br>Et danserai au-dessus orage<br>Ote donc les habits de ton orgueil<br>J\u2019ai enterr\u00e9 de belle mort le cadavre de mon humiliation<br>Joins tes mains aux miennes<br>Pour construire la citadelle de l\u2019amour entre nous<br>Je suis ton fr\u00e8re n\u2019entrave pas mes fr\u00e8res<br>Tu augmenteras les flammes de mon volcan<br>Gare ! Ne s\u00e8me pas les graines de mon adversit\u00e9<br>Tu en r\u00e9colteras les \u00e9pines<br>Gare ! Ne s\u00e8me pas tes champs de ronces<br>J\u2019ai sem\u00e9 les miens de roses<\/em><\/p>\n\n\n\n<p><strong><em>\u2018\u2018Agh\u00e2ni Ifriquiya\u2019\u2019 (Chansons d\u2019Afrique) 1955 \u00a9Traduit de l\u2019arabe par Tahar Bekri<\/em><\/strong><\/p>\n\n\n\n<figure class=\"wp-block-embed-wordpress wp-block-embed is-type-wp-embed is-provider-kapitalis\"><div class=\"wp-block-embed__wrapper\">\n<blockquote class=\"wp-embedded-content\" data-secret=\"aoKQv6KJlr\"><a href=\"https:\/\/kapitalis.com\/tunisie\/2020\/12\/13\/le-poeme-du-dimanche-le-cholera-de-nazik-al-malaika\/\">Le po\u00e8me du dimanche : \u2018\u2018Le chol\u00e9ra\u2019\u2019 de Nazik Al-Malaika<\/a><\/blockquote><iframe loading=\"lazy\" class=\"wp-embedded-content\" sandbox=\"allow-scripts\" security=\"restricted\" style=\"position: absolute; clip: rect(1px, 1px, 1px, 1px);\" title=\"\u00ab\u00a0Le po\u00e8me du dimanche : \u2018\u2018Le chol\u00e9ra\u2019\u2019 de Nazik Al-Malaika\u00a0\u00bb &#8212; Kapitalis\" src=\"https:\/\/kapitalis.com\/tunisie\/2020\/12\/13\/le-poeme-du-dimanche-le-cholera-de-nazik-al-malaika\/embed\/#?secret=rArLCjsEeM#?secret=aoKQv6KJlr\" data-secret=\"aoKQv6KJlr\" width=\"600\" height=\"338\" frameborder=\"0\" marginwidth=\"0\" marginheight=\"0\" scrolling=\"no\"><\/iframe>\n<\/div><\/figure>\n\n\n\n<figure class=\"wp-block-embed-wordpress wp-block-embed is-type-wp-embed is-provider-kapitalis\"><div class=\"wp-block-embed__wrapper\">\n<blockquote class=\"wp-embedded-content\" data-secret=\"5Y9AxuQ36Z\"><a href=\"https:\/\/kapitalis.com\/tunisie\/2019\/10\/27\/le-poeme-du-dimanche-du-merite-du-petrole-sur-le-sang-dashraf-fayadh\/\">Le po\u00e8me du dimanche : \u2018\u2018Du m\u00e9rite du p\u00e9trole sur le sang\u2019\u2019 d\u2019Ashraf Fayadh<\/a><\/blockquote><iframe loading=\"lazy\" class=\"wp-embedded-content\" sandbox=\"allow-scripts\" security=\"restricted\" style=\"position: absolute; clip: rect(1px, 1px, 1px, 1px);\" title=\"\u00ab\u00a0Le po\u00e8me du dimanche : \u2018\u2018Du m\u00e9rite du p\u00e9trole sur le sang\u2019\u2019 d\u2019Ashraf Fayadh\u00a0\u00bb &#8212; Kapitalis\" src=\"https:\/\/kapitalis.com\/tunisie\/2019\/10\/27\/le-poeme-du-dimanche-du-merite-du-petrole-sur-le-sang-dashraf-fayadh\/embed\/#?secret=8LlT7VUGXp#?secret=5Y9AxuQ36Z\" data-secret=\"5Y9AxuQ36Z\" width=\"600\" height=\"338\" frameborder=\"0\" marginwidth=\"0\" marginheight=\"0\" scrolling=\"no\"><\/iframe>\n<\/div><\/figure>\n\n\n\n<figure class=\"wp-block-embed-wordpress wp-block-embed is-type-wp-embed is-provider-kapitalis\"><div class=\"wp-block-embed__wrapper\">\n<blockquote class=\"wp-embedded-content\" data-secret=\"PeeTVHuZFE\"><a href=\"https:\/\/kapitalis.com\/tunisie\/2019\/12\/22\/le-poeme-du-dimanche-je-taime-de-mohamed-ben-salah\/\">Le po\u00e8me du dimanche : \u2018\u2018Je t\u2019aime\u2019\u2019 de Mohamed Ben Salah<\/a><\/blockquote><iframe loading=\"lazy\" class=\"wp-embedded-content\" sandbox=\"allow-scripts\" security=\"restricted\" style=\"position: absolute; clip: rect(1px, 1px, 1px, 1px);\" title=\"\u00ab\u00a0Le po\u00e8me du dimanche : \u2018\u2018Je t\u2019aime\u2019\u2019 de Mohamed Ben Salah\u00a0\u00bb &#8212; Kapitalis\" src=\"https:\/\/kapitalis.com\/tunisie\/2019\/12\/22\/le-poeme-du-dimanche-je-taime-de-mohamed-ben-salah\/embed\/#?secret=GeulXHXzab#?secret=PeeTVHuZFE\" data-secret=\"PeeTVHuZFE\" width=\"600\" height=\"338\" frameborder=\"0\" marginwidth=\"0\" marginheight=\"0\" scrolling=\"no\"><\/iframe>\n<\/div><\/figure>\n","protected":false},"excerpt":{"rendered":"<p>Dans la litt\u00e9rature de langue fran\u00e7aise et francophone, en g\u00e9n\u00e9ral, quand il s\u2019agit de l\u2019affirmation de la n\u00e9gritude ou de la question noire, reviennent plus facilement les noms de L\u00e9on Gontran Damas (Guyane), L\u00e9opold S\u00e9dar Senghor (S\u00e9n\u00e9gal) ou Aim\u00e9 C\u00e9saire (Martinique), etc. Le clivage regrettable entre les langues dans les litt\u00e9ratures du sud, a laiss\u00e9&#8230;<\/p>\n","protected":false},"author":8,"featured_media":329798,"comment_status":"open","ping_status":"open","sticky":false,"template":"","format":"standard","meta":{"footnotes":""},"categories":[992,994],"tags":[41,86021,86019,86020,86018,86022,86023,9953,21267],"class_list":["post-329797","post","type-post","status-publish","format-standard","has-post-thumbnail","hentry","category-a-la-une","category-culture","tag-afrique","tag-aime-cesaire","tag-leon-gontran-damas","tag-leopold-sedar-senghor","tag-mohamed-fitouri","tag-negritude","tag-question-noire","tag-soudan","tag-tahar-bekri"],"yoast_head":"<!-- This site is optimized with the Yoast SEO plugin v26.6 - https:\/\/yoast.com\/wordpress\/plugins\/seo\/ -->\n<title>Le po\u00e8me du dimanche : \u2018\u2018A un visage blanc\u2019\u2019 de Mohamed Fitouri - Kapitalis<\/title>\n<meta name=\"robots\" content=\"index, follow, max-snippet:-1, max-image-preview:large, max-video-preview:-1\" \/>\n<link rel=\"canonical\" href=\"https:\/\/kapitalis.com\/tunisie\/2020\/12\/27\/le-poeme-du-dimanche-a-un-visage-blanc-de-mohamed-fitouri\/\" \/>\n<meta property=\"og:locale\" content=\"fr_FR\" \/>\n<meta property=\"og:type\" content=\"article\" \/>\n<meta property=\"og:title\" content=\"Le po\u00e8me du dimanche : \u2018\u2018A un visage blanc\u2019\u2019 de Mohamed Fitouri - Kapitalis\" \/>\n<meta property=\"og:description\" content=\"Dans la litt\u00e9rature de langue fran\u00e7aise et francophone, en g\u00e9n\u00e9ral, quand il s\u2019agit de l\u2019affirmation de la n\u00e9gritude ou de la question noire, reviennent plus facilement les noms de L\u00e9on Gontran Damas (Guyane), L\u00e9opold S\u00e9dar Senghor (S\u00e9n\u00e9gal) ou Aim\u00e9 C\u00e9saire (Martinique), etc. Le clivage regrettable entre les langues dans les litt\u00e9ratures du sud, a laiss\u00e9...\" \/>\n<meta property=\"og:url\" content=\"https:\/\/kapitalis.com\/tunisie\/2020\/12\/27\/le-poeme-du-dimanche-a-un-visage-blanc-de-mohamed-fitouri\/\" \/>\n<meta property=\"og:site_name\" content=\"Kapitalis\" \/>\n<meta property=\"article:publisher\" content=\"https:\/\/www.facebook.com\/KapitalisInfo\/\" \/>\n<meta property=\"article:published_time\" content=\"2020-12-27T07:15:50+00:00\" \/>\n<meta property=\"article:modified_time\" content=\"2020-12-27T07:15:53+00:00\" \/>\n<meta property=\"og:image\" content=\"https:\/\/kapitalis.com\/tunisie\/wp-content\/uploads\/2022\/05\/kapitalis-logo-fb.png\" \/>\n\t<meta property=\"og:image:width\" content=\"1200\" \/>\n\t<meta property=\"og:image:height\" content=\"630\" \/>\n\t<meta property=\"og:image:type\" content=\"image\/png\" \/>\n<meta name=\"author\" content=\"webmaster kapitalis\" \/>\n<meta name=\"twitter:card\" content=\"summary_large_image\" \/>\n<meta name=\"twitter:creator\" content=\"@KapitalisInfo\" \/>\n<meta name=\"twitter:site\" content=\"@KapitalisInfo\" \/>\n<meta name=\"twitter:label1\" content=\"\u00c9crit par\" \/>\n\t<meta name=\"twitter:data1\" content=\"webmaster kapitalis\" \/>\n\t<meta name=\"twitter:label2\" content=\"Dur\u00e9e de lecture estim\u00e9e\" \/>\n\t<meta name=\"twitter:data2\" content=\"3 minutes\" \/>\n<script type=\"application\/ld+json\" class=\"yoast-schema-graph\">{\"@context\":\"https:\/\/schema.org\",\"@graph\":[{\"@type\":\"Article\",\"@id\":\"https:\/\/kapitalis.com\/tunisie\/2020\/12\/27\/le-poeme-du-dimanche-a-un-visage-blanc-de-mohamed-fitouri\/#article\",\"isPartOf\":{\"@id\":\"https:\/\/kapitalis.com\/tunisie\/2020\/12\/27\/le-poeme-du-dimanche-a-un-visage-blanc-de-mohamed-fitouri\/\"},\"author\":{\"name\":\"webmaster kapitalis\",\"@id\":\"https:\/\/kapitalis.com\/tunisie\/#\/schema\/person\/d71f33a9ca44f7bad4698210b480c8e9\"},\"headline\":\"Le po\u00e8me du dimanche : \u2018\u2018A un visage blanc\u2019\u2019 de Mohamed Fitouri\",\"datePublished\":\"2020-12-27T07:15:50+00:00\",\"dateModified\":\"2020-12-27T07:15:53+00:00\",\"mainEntityOfPage\":{\"@id\":\"https:\/\/kapitalis.com\/tunisie\/2020\/12\/27\/le-poeme-du-dimanche-a-un-visage-blanc-de-mohamed-fitouri\/\"},\"wordCount\":684,\"commentCount\":4,\"publisher\":{\"@id\":\"https:\/\/kapitalis.com\/tunisie\/#organization\"},\"image\":{\"@id\":\"https:\/\/kapitalis.com\/tunisie\/2020\/12\/27\/le-poeme-du-dimanche-a-un-visage-blanc-de-mohamed-fitouri\/#primaryimage\"},\"thumbnailUrl\":\"\",\"keywords\":[\"Afrique\",\"Aim\u00e9 C\u00e9saire\",\"L\u00e9on Gontran Damas\",\"L\u00e9opold S\u00e9dar Senghor\",\"Mohamed Fitouri\",\"n\u00e9gritude\",\"question noire\",\"Soudan\",\"Tahar Bekri\"],\"articleSection\":[\"A LA UNE\",\"CULTURE\"],\"inLanguage\":\"fr-FR\",\"potentialAction\":[{\"@type\":\"CommentAction\",\"name\":\"Comment\",\"target\":[\"https:\/\/kapitalis.com\/tunisie\/2020\/12\/27\/le-poeme-du-dimanche-a-un-visage-blanc-de-mohamed-fitouri\/#respond\"]}]},{\"@type\":\"WebPage\",\"@id\":\"https:\/\/kapitalis.com\/tunisie\/2020\/12\/27\/le-poeme-du-dimanche-a-un-visage-blanc-de-mohamed-fitouri\/\",\"url\":\"https:\/\/kapitalis.com\/tunisie\/2020\/12\/27\/le-poeme-du-dimanche-a-un-visage-blanc-de-mohamed-fitouri\/\",\"name\":\"Le po\u00e8me du dimanche : \u2018\u2018A un visage blanc\u2019\u2019 de Mohamed Fitouri - Kapitalis\",\"isPartOf\":{\"@id\":\"https:\/\/kapitalis.com\/tunisie\/#website\"},\"primaryImageOfPage\":{\"@id\":\"https:\/\/kapitalis.com\/tunisie\/2020\/12\/27\/le-poeme-du-dimanche-a-un-visage-blanc-de-mohamed-fitouri\/#primaryimage\"},\"image\":{\"@id\":\"https:\/\/kapitalis.com\/tunisie\/2020\/12\/27\/le-poeme-du-dimanche-a-un-visage-blanc-de-mohamed-fitouri\/#primaryimage\"},\"thumbnailUrl\":\"\",\"datePublished\":\"2020-12-27T07:15:50+00:00\",\"dateModified\":\"2020-12-27T07:15:53+00:00\",\"breadcrumb\":{\"@id\":\"https:\/\/kapitalis.com\/tunisie\/2020\/12\/27\/le-poeme-du-dimanche-a-un-visage-blanc-de-mohamed-fitouri\/#breadcrumb\"},\"inLanguage\":\"fr-FR\",\"potentialAction\":[{\"@type\":\"ReadAction\",\"target\":[\"https:\/\/kapitalis.com\/tunisie\/2020\/12\/27\/le-poeme-du-dimanche-a-un-visage-blanc-de-mohamed-fitouri\/\"]}]},{\"@type\":\"ImageObject\",\"inLanguage\":\"fr-FR\",\"@id\":\"https:\/\/kapitalis.com\/tunisie\/2020\/12\/27\/le-poeme-du-dimanche-a-un-visage-blanc-de-mohamed-fitouri\/#primaryimage\",\"url\":\"\",\"contentUrl\":\"\"},{\"@type\":\"BreadcrumbList\",\"@id\":\"https:\/\/kapitalis.com\/tunisie\/2020\/12\/27\/le-poeme-du-dimanche-a-un-visage-blanc-de-mohamed-fitouri\/#breadcrumb\",\"itemListElement\":[{\"@type\":\"ListItem\",\"position\":1,\"name\":\"Accueil\",\"item\":\"https:\/\/kapitalis.com\/tunisie\/\"},{\"@type\":\"ListItem\",\"position\":2,\"name\":\"Le po\u00e8me du dimanche : \u2018\u2018A un visage blanc\u2019\u2019 de Mohamed Fitouri\"}]},{\"@type\":\"WebSite\",\"@id\":\"https:\/\/kapitalis.com\/tunisie\/#website\",\"url\":\"https:\/\/kapitalis.com\/tunisie\/\",\"name\":\"Kapitalis\",\"description\":\"L&#039;actualit\u00e9 en Tunisie et dans le monde\",\"publisher\":{\"@id\":\"https:\/\/kapitalis.com\/tunisie\/#organization\"},\"potentialAction\":[{\"@type\":\"SearchAction\",\"target\":{\"@type\":\"EntryPoint\",\"urlTemplate\":\"https:\/\/kapitalis.com\/tunisie\/?s={search_term_string}\"},\"query-input\":{\"@type\":\"PropertyValueSpecification\",\"valueRequired\":true,\"valueName\":\"search_term_string\"}}],\"inLanguage\":\"fr-FR\"},{\"@type\":\"Organization\",\"@id\":\"https:\/\/kapitalis.com\/tunisie\/#organization\",\"name\":\"Kapitalis\",\"url\":\"https:\/\/kapitalis.com\/tunisie\/\",\"logo\":{\"@type\":\"ImageObject\",\"inLanguage\":\"fr-FR\",\"@id\":\"https:\/\/kapitalis.com\/tunisie\/#\/schema\/logo\/image\/\",\"url\":\"https:\/\/kapitalis.com\/tunisie\/wp-content\/uploads\/2022\/05\/Kapitalis-big-size.png\",\"contentUrl\":\"https:\/\/kapitalis.com\/tunisie\/wp-content\/uploads\/2022\/05\/Kapitalis-big-size.png\",\"width\":5000,\"height\":1500,\"caption\":\"Kapitalis\"},\"image\":{\"@id\":\"https:\/\/kapitalis.com\/tunisie\/#\/schema\/logo\/image\/\"},\"sameAs\":[\"https:\/\/www.facebook.com\/KapitalisInfo\/\",\"https:\/\/x.com\/KapitalisInfo\",\"https:\/\/www.youtube.com\/channel\/UC-yDYrHyfFBWWZaOw3FPg9Q\"]},{\"@type\":\"Person\",\"@id\":\"https:\/\/kapitalis.com\/tunisie\/#\/schema\/person\/d71f33a9ca44f7bad4698210b480c8e9\",\"name\":\"webmaster kapitalis\",\"url\":\"https:\/\/kapitalis.com\/tunisie\/author\/webmaster-kapitalis\/\"}]}<\/script>\n<!-- \/ Yoast SEO plugin. -->","yoast_head_json":{"title":"Le po\u00e8me du dimanche : \u2018\u2018A un visage blanc\u2019\u2019 de Mohamed Fitouri - Kapitalis","robots":{"index":"index","follow":"follow","max-snippet":"max-snippet:-1","max-image-preview":"max-image-preview:large","max-video-preview":"max-video-preview:-1"},"canonical":"https:\/\/kapitalis.com\/tunisie\/2020\/12\/27\/le-poeme-du-dimanche-a-un-visage-blanc-de-mohamed-fitouri\/","og_locale":"fr_FR","og_type":"article","og_title":"Le po\u00e8me du dimanche : \u2018\u2018A un visage blanc\u2019\u2019 de Mohamed Fitouri - Kapitalis","og_description":"Dans la litt\u00e9rature de langue fran\u00e7aise et francophone, en g\u00e9n\u00e9ral, quand il s\u2019agit de l\u2019affirmation de la n\u00e9gritude ou de la question noire, reviennent plus facilement les noms de L\u00e9on Gontran Damas (Guyane), L\u00e9opold S\u00e9dar Senghor (S\u00e9n\u00e9gal) ou Aim\u00e9 C\u00e9saire (Martinique), etc. Le clivage regrettable entre les langues dans les litt\u00e9ratures du sud, a laiss\u00e9...","og_url":"https:\/\/kapitalis.com\/tunisie\/2020\/12\/27\/le-poeme-du-dimanche-a-un-visage-blanc-de-mohamed-fitouri\/","og_site_name":"Kapitalis","article_publisher":"https:\/\/www.facebook.com\/KapitalisInfo\/","article_published_time":"2020-12-27T07:15:50+00:00","article_modified_time":"2020-12-27T07:15:53+00:00","og_image":[{"width":1200,"height":630,"url":"https:\/\/kapitalis.com\/tunisie\/wp-content\/uploads\/2022\/05\/kapitalis-logo-fb.png","type":"image\/png"}],"author":"webmaster kapitalis","twitter_card":"summary_large_image","twitter_creator":"@KapitalisInfo","twitter_site":"@KapitalisInfo","twitter_misc":{"\u00c9crit par":"webmaster kapitalis","Dur\u00e9e de lecture estim\u00e9e":"3 minutes"},"schema":{"@context":"https:\/\/schema.org","@graph":[{"@type":"Article","@id":"https:\/\/kapitalis.com\/tunisie\/2020\/12\/27\/le-poeme-du-dimanche-a-un-visage-blanc-de-mohamed-fitouri\/#article","isPartOf":{"@id":"https:\/\/kapitalis.com\/tunisie\/2020\/12\/27\/le-poeme-du-dimanche-a-un-visage-blanc-de-mohamed-fitouri\/"},"author":{"name":"webmaster kapitalis","@id":"https:\/\/kapitalis.com\/tunisie\/#\/schema\/person\/d71f33a9ca44f7bad4698210b480c8e9"},"headline":"Le po\u00e8me du dimanche : \u2018\u2018A un visage blanc\u2019\u2019 de Mohamed Fitouri","datePublished":"2020-12-27T07:15:50+00:00","dateModified":"2020-12-27T07:15:53+00:00","mainEntityOfPage":{"@id":"https:\/\/kapitalis.com\/tunisie\/2020\/12\/27\/le-poeme-du-dimanche-a-un-visage-blanc-de-mohamed-fitouri\/"},"wordCount":684,"commentCount":4,"publisher":{"@id":"https:\/\/kapitalis.com\/tunisie\/#organization"},"image":{"@id":"https:\/\/kapitalis.com\/tunisie\/2020\/12\/27\/le-poeme-du-dimanche-a-un-visage-blanc-de-mohamed-fitouri\/#primaryimage"},"thumbnailUrl":"","keywords":["Afrique","Aim\u00e9 C\u00e9saire","L\u00e9on Gontran Damas","L\u00e9opold S\u00e9dar Senghor","Mohamed Fitouri","n\u00e9gritude","question noire","Soudan","Tahar Bekri"],"articleSection":["A LA UNE","CULTURE"],"inLanguage":"fr-FR","potentialAction":[{"@type":"CommentAction","name":"Comment","target":["https:\/\/kapitalis.com\/tunisie\/2020\/12\/27\/le-poeme-du-dimanche-a-un-visage-blanc-de-mohamed-fitouri\/#respond"]}]},{"@type":"WebPage","@id":"https:\/\/kapitalis.com\/tunisie\/2020\/12\/27\/le-poeme-du-dimanche-a-un-visage-blanc-de-mohamed-fitouri\/","url":"https:\/\/kapitalis.com\/tunisie\/2020\/12\/27\/le-poeme-du-dimanche-a-un-visage-blanc-de-mohamed-fitouri\/","name":"Le po\u00e8me du dimanche : \u2018\u2018A un visage blanc\u2019\u2019 de Mohamed Fitouri - Kapitalis","isPartOf":{"@id":"https:\/\/kapitalis.com\/tunisie\/#website"},"primaryImageOfPage":{"@id":"https:\/\/kapitalis.com\/tunisie\/2020\/12\/27\/le-poeme-du-dimanche-a-un-visage-blanc-de-mohamed-fitouri\/#primaryimage"},"image":{"@id":"https:\/\/kapitalis.com\/tunisie\/2020\/12\/27\/le-poeme-du-dimanche-a-un-visage-blanc-de-mohamed-fitouri\/#primaryimage"},"thumbnailUrl":"","datePublished":"2020-12-27T07:15:50+00:00","dateModified":"2020-12-27T07:15:53+00:00","breadcrumb":{"@id":"https:\/\/kapitalis.com\/tunisie\/2020\/12\/27\/le-poeme-du-dimanche-a-un-visage-blanc-de-mohamed-fitouri\/#breadcrumb"},"inLanguage":"fr-FR","potentialAction":[{"@type":"ReadAction","target":["https:\/\/kapitalis.com\/tunisie\/2020\/12\/27\/le-poeme-du-dimanche-a-un-visage-blanc-de-mohamed-fitouri\/"]}]},{"@type":"ImageObject","inLanguage":"fr-FR","@id":"https:\/\/kapitalis.com\/tunisie\/2020\/12\/27\/le-poeme-du-dimanche-a-un-visage-blanc-de-mohamed-fitouri\/#primaryimage","url":"","contentUrl":""},{"@type":"BreadcrumbList","@id":"https:\/\/kapitalis.com\/tunisie\/2020\/12\/27\/le-poeme-du-dimanche-a-un-visage-blanc-de-mohamed-fitouri\/#breadcrumb","itemListElement":[{"@type":"ListItem","position":1,"name":"Accueil","item":"https:\/\/kapitalis.com\/tunisie\/"},{"@type":"ListItem","position":2,"name":"Le po\u00e8me du dimanche : \u2018\u2018A un visage blanc\u2019\u2019 de Mohamed Fitouri"}]},{"@type":"WebSite","@id":"https:\/\/kapitalis.com\/tunisie\/#website","url":"https:\/\/kapitalis.com\/tunisie\/","name":"Kapitalis","description":"L&#039;actualit\u00e9 en Tunisie et dans le monde","publisher":{"@id":"https:\/\/kapitalis.com\/tunisie\/#organization"},"potentialAction":[{"@type":"SearchAction","target":{"@type":"EntryPoint","urlTemplate":"https:\/\/kapitalis.com\/tunisie\/?s={search_term_string}"},"query-input":{"@type":"PropertyValueSpecification","valueRequired":true,"valueName":"search_term_string"}}],"inLanguage":"fr-FR"},{"@type":"Organization","@id":"https:\/\/kapitalis.com\/tunisie\/#organization","name":"Kapitalis","url":"https:\/\/kapitalis.com\/tunisie\/","logo":{"@type":"ImageObject","inLanguage":"fr-FR","@id":"https:\/\/kapitalis.com\/tunisie\/#\/schema\/logo\/image\/","url":"https:\/\/kapitalis.com\/tunisie\/wp-content\/uploads\/2022\/05\/Kapitalis-big-size.png","contentUrl":"https:\/\/kapitalis.com\/tunisie\/wp-content\/uploads\/2022\/05\/Kapitalis-big-size.png","width":5000,"height":1500,"caption":"Kapitalis"},"image":{"@id":"https:\/\/kapitalis.com\/tunisie\/#\/schema\/logo\/image\/"},"sameAs":["https:\/\/www.facebook.com\/KapitalisInfo\/","https:\/\/x.com\/KapitalisInfo","https:\/\/www.youtube.com\/channel\/UC-yDYrHyfFBWWZaOw3FPg9Q"]},{"@type":"Person","@id":"https:\/\/kapitalis.com\/tunisie\/#\/schema\/person\/d71f33a9ca44f7bad4698210b480c8e9","name":"webmaster kapitalis","url":"https:\/\/kapitalis.com\/tunisie\/author\/webmaster-kapitalis\/"}]}},"_links":{"self":[{"href":"https:\/\/kapitalis.com\/tunisie\/wp-json\/wp\/v2\/posts\/329797","targetHints":{"allow":["GET"]}}],"collection":[{"href":"https:\/\/kapitalis.com\/tunisie\/wp-json\/wp\/v2\/posts"}],"about":[{"href":"https:\/\/kapitalis.com\/tunisie\/wp-json\/wp\/v2\/types\/post"}],"author":[{"embeddable":true,"href":"https:\/\/kapitalis.com\/tunisie\/wp-json\/wp\/v2\/users\/8"}],"replies":[{"embeddable":true,"href":"https:\/\/kapitalis.com\/tunisie\/wp-json\/wp\/v2\/comments?post=329797"}],"version-history":[{"count":0,"href":"https:\/\/kapitalis.com\/tunisie\/wp-json\/wp\/v2\/posts\/329797\/revisions"}],"wp:featuredmedia":[{"embeddable":true,"href":"https:\/\/kapitalis.com\/tunisie\/wp-json\/wp\/v2\/media\/329798"}],"wp:attachment":[{"href":"https:\/\/kapitalis.com\/tunisie\/wp-json\/wp\/v2\/media?parent=329797"}],"wp:term":[{"taxonomy":"category","embeddable":true,"href":"https:\/\/kapitalis.com\/tunisie\/wp-json\/wp\/v2\/categories?post=329797"},{"taxonomy":"post_tag","embeddable":true,"href":"https:\/\/kapitalis.com\/tunisie\/wp-json\/wp\/v2\/tags?post=329797"}],"curies":[{"name":"wp","href":"https:\/\/api.w.org\/{rel}","templated":true}]}}