{"id":329860,"date":"2020-12-28T10:37:09","date_gmt":"2020-12-28T09:37:09","guid":{"rendered":"http:\/\/kapitalis.com\/tunisie\/?p=329860"},"modified":"2020-12-28T14:19:06","modified_gmt":"2020-12-28T13:19:06","slug":"agression-du-personnel-de-linstitut-national-de-neurologie-le-ministere-de-la-sante-entre-en-ligne","status":"publish","type":"post","link":"https:\/\/kapitalis.com\/tunisie\/2020\/12\/28\/agression-du-personnel-de-linstitut-national-de-neurologie-le-ministere-de-la-sante-entre-en-ligne\/","title":{"rendered":"Agression du personnel de l&rsquo;Institut national de neurologie : Le minist\u00e8re de la Sant\u00e9 entre en ligne"},"content":{"rendered":"\n<figure class=\"wp-block-image size-large\"><img decoding=\"async\" src=\"http:\/\/kapitalis.com\/tunisie\/wp-content\/uploads\/2020\/04\/Medecins.jpg\" alt=\"\" class=\"wp-image-292725\"\/><\/figure>\n\n\n\n<p><strong><em>Le minist\u00e8re de la Sant\u00e9 a exprim\u00e9 sa solidarit\u00e9 avec le personnel m\u00e9dical de l&rsquo;Institut national de neurologie Mongi Ben Hamida, \u00e0 Tunis, agress\u00e9 dans la nuit du vendredi 25 \u00e0 samedi 26 d\u00e9cembre 2020 par les proches d&rsquo;un patient, tout en s&rsquo;engageant \u00e0 poursuivre en justice les agresseurs et \u00e0 renforcer la s\u00e9curit\u00e9 dans les \u00e9tablissements sanitaires.<\/em><\/strong><\/p>\n\n\n\n<!--more-->\n\n\n\n<p><em>\u00abNous r\u00e9affirmons notre engagement \u00e0 coordonner avec le minist\u00e8re de l\u2019Int\u00e9rieur pour s\u00e9curiser les \u00e9tablissements hospitaliers et multiplier les patrouilles devant les services d\u2019urgence, afin de prot\u00e9ger les employ\u00e9s, et d\u2019assurer le bon fonctionnement des h\u00f4pitaux\u00bb<\/em>, indique le minist\u00e8re dans son communiqu\u00e9 en r\u00e9affirmant sa \u00abferme condamnation de cet acte criminel\u00bb.<\/p>\n\n\n\n<p>Rappelons que selon Dr Rym Karaborn, l&rsquo;une des m\u00e9decins agress\u00e9e, le patient ne n\u00e9cessitant pas d&rsquo;intervention neurologique et il a \u00e9t\u00e9 d\u00e9cid\u00e9 de l&rsquo;envoyer au service cardiologie dans un autre h\u00f4pital. <\/p>\n\n\n\n<p>\u00ab<em>Deux hommes ont cass\u00e9 la porte de la chambre de garde et m&rsquo;ont frapp\u00e9e avec ma cons\u0153ur. Ils nous ont titr\u00e9es par les cheveux, nous ont insult\u00e9es pour nous obliger \u00e0 prendre en charge le patient\u00bb,<\/em> raconte-t-elle, en affirmant qu&rsquo;au moins 20 personnes accompagnaient ce dernier.<\/p>\n\n\n\n<p><em>\u00abAlors que j\u2019essayais de trouver une solution, une femme m&rsquo;a violemment frapp\u00e9e sur le dos, j&rsquo;avais l&rsquo;impression que le temps c&rsquo;\u00e9tait arr\u00eat\u00e9 et je ne sais pas comment j&rsquo;ai alors pu fuir \u00e0 ce moment-l\u00e0. Le surveillant, le gardien et m\u00eame la femme de m\u00e9nage ont \u00e9galement \u00e9t\u00e9 agress\u00e9s !\u00bb,<\/em> raconte encore Dr Karaborn en affirmant que la police est intervenue apr\u00e8s de longues minutes : \u00ab<em>les deux hommes qui nous avaient agress\u00e9s interpelaient les policiers en lan\u00e7ant \u00ab\u00a0coll\u00e8gues\u00a0\u00bb\u00bb,<\/em> a-t-elle ajout\u00e9 en exprimant sa col\u00e8re et sa douleur suite \u00e0 cette agression.<\/p>\n\n\n\n<p>\u00abNous avons \u00e9vit\u00e9 le pire et nous avons surv\u00e9cu mais le choc est incommensurable !\u00bb, a conclu la m\u00e9decin en indiquant qu&rsquo;elle poursuivra les agresseurs et qu&rsquo;elle esp\u00e8re que justice soir faite.<\/p>\n\n\n\n<p class=\"has-text-align-right\"><strong>Y. N.<\/strong><\/p>\n","protected":false},"excerpt":{"rendered":"<p>Le minist\u00e8re de la Sant\u00e9 a exprim\u00e9 sa solidarit\u00e9 avec le personnel m\u00e9dical de l&rsquo;Institut national de neurologie Mongi Ben Hamida, \u00e0 Tunis, agress\u00e9 dans la nuit du vendredi 25 \u00e0 samedi 26 d\u00e9cembre 2020 par les proches d&rsquo;un patient, tout en s&rsquo;engageant \u00e0 poursuivre en justice les agresseurs et \u00e0 renforcer la s\u00e9curit\u00e9 dans&#8230;<\/p>\n","protected":false},"author":6,"featured_media":0,"comment_status":"open","ping_status":"open","sticky":false,"template":"","format":"standard","meta":{"footnotes":""},"categories":[998,2433],"tags":[45,86045,64355,618,77064,815],"class_list":["post-329860","post","type-post","status-publish","format-standard","hentry","category-societe","category-tunisie","tag-agression","tag-institut-national-neurologie","tag-justice","tag-ministere-sante","tag-personnel-medical","tag-securite"],"yoast_head":"<!-- This site is optimized with the Yoast SEO plugin v26.6 - https:\/\/yoast.com\/wordpress\/plugins\/seo\/ -->\n<title>Agression du personnel de l&#039;Institut national de neurologie : Le minist\u00e8re de la Sant\u00e9 entre en ligne - Kapitalis<\/title>\n<meta name=\"robots\" content=\"index, follow, max-snippet:-1, max-image-preview:large, max-video-preview:-1\" \/>\n<link rel=\"canonical\" href=\"https:\/\/kapitalis.com\/tunisie\/2020\/12\/28\/agression-du-personnel-de-linstitut-national-de-neurologie-le-ministere-de-la-sante-entre-en-ligne\/\" \/>\n<meta property=\"og:locale\" content=\"fr_FR\" \/>\n<meta property=\"og:type\" content=\"article\" \/>\n<meta property=\"og:title\" content=\"Agression du personnel de l&#039;Institut national de neurologie : Le minist\u00e8re de la Sant\u00e9 entre en ligne - Kapitalis\" \/>\n<meta property=\"og:description\" content=\"Le minist\u00e8re de la Sant\u00e9 a exprim\u00e9 sa solidarit\u00e9 avec le personnel m\u00e9dical de l&rsquo;Institut national de neurologie Mongi Ben Hamida, \u00e0 Tunis, agress\u00e9 dans la nuit du vendredi 25 \u00e0 samedi 26 d\u00e9cembre 2020 par les proches d&rsquo;un patient, tout en s&rsquo;engageant \u00e0 poursuivre en justice les agresseurs et \u00e0 renforcer la s\u00e9curit\u00e9 dans...\" \/>\n<meta property=\"og:url\" content=\"https:\/\/kapitalis.com\/tunisie\/2020\/12\/28\/agression-du-personnel-de-linstitut-national-de-neurologie-le-ministere-de-la-sante-entre-en-ligne\/\" \/>\n<meta property=\"og:site_name\" content=\"Kapitalis\" \/>\n<meta property=\"article:publisher\" content=\"https:\/\/www.facebook.com\/KapitalisInfo\/\" \/>\n<meta property=\"article:published_time\" content=\"2020-12-28T09:37:09+00:00\" \/>\n<meta property=\"article:modified_time\" content=\"2020-12-28T13:19:06+00:00\" \/>\n<meta property=\"og:image\" content=\"http:\/\/kapitalis.com\/tunisie\/wp-content\/uploads\/2020\/04\/Medecins.jpg\" \/>\n<meta name=\"author\" content=\"Yusra NY\" \/>\n<meta name=\"twitter:card\" content=\"summary_large_image\" \/>\n<meta name=\"twitter:creator\" content=\"@KapitalisInfo\" \/>\n<meta name=\"twitter:site\" content=\"@KapitalisInfo\" \/>\n<meta name=\"twitter:label1\" content=\"\u00c9crit par\" \/>\n\t<meta name=\"twitter:data1\" content=\"Yusra NY\" \/>\n\t<meta name=\"twitter:label2\" content=\"Dur\u00e9e de lecture estim\u00e9e\" \/>\n\t<meta name=\"twitter:data2\" content=\"2 minutes\" \/>\n<script type=\"application\/ld+json\" class=\"yoast-schema-graph\">{\"@context\":\"https:\/\/schema.org\",\"@graph\":[{\"@type\":\"Article\",\"@id\":\"https:\/\/kapitalis.com\/tunisie\/2020\/12\/28\/agression-du-personnel-de-linstitut-national-de-neurologie-le-ministere-de-la-sante-entre-en-ligne\/#article\",\"isPartOf\":{\"@id\":\"https:\/\/kapitalis.com\/tunisie\/2020\/12\/28\/agression-du-personnel-de-linstitut-national-de-neurologie-le-ministere-de-la-sante-entre-en-ligne\/\"},\"author\":{\"name\":\"Yusra NY\",\"@id\":\"https:\/\/kapitalis.com\/tunisie\/#\/schema\/person\/74bbde0154d49d790a92aaeac5bc01d5\"},\"headline\":\"Agression du personnel de l&rsquo;Institut national de neurologie : Le minist\u00e8re de la Sant\u00e9 entre en ligne\",\"datePublished\":\"2020-12-28T09:37:09+00:00\",\"dateModified\":\"2020-12-28T13:19:06+00:00\",\"mainEntityOfPage\":{\"@id\":\"https:\/\/kapitalis.com\/tunisie\/2020\/12\/28\/agression-du-personnel-de-linstitut-national-de-neurologie-le-ministere-de-la-sante-entre-en-ligne\/\"},\"wordCount\":354,\"commentCount\":0,\"publisher\":{\"@id\":\"https:\/\/kapitalis.com\/tunisie\/#organization\"},\"image\":{\"@id\":\"https:\/\/kapitalis.com\/tunisie\/2020\/12\/28\/agression-du-personnel-de-linstitut-national-de-neurologie-le-ministere-de-la-sante-entre-en-ligne\/#primaryimage\"},\"thumbnailUrl\":\"http:\/\/kapitalis.com\/tunisie\/wp-content\/uploads\/2020\/04\/Medecins.jpg\",\"keywords\":[\"agression\",\"Institut national neurologie\",\"justice\",\"minist\u00e8re Sant\u00e9\",\"personnel m\u00e9dical\",\"s\u00e9curit\u00e9\"],\"articleSection\":[\"SOCIETE\",\"Tunisie\"],\"inLanguage\":\"fr-FR\",\"potentialAction\":[{\"@type\":\"CommentAction\",\"name\":\"Comment\",\"target\":[\"https:\/\/kapitalis.com\/tunisie\/2020\/12\/28\/agression-du-personnel-de-linstitut-national-de-neurologie-le-ministere-de-la-sante-entre-en-ligne\/#respond\"]}]},{\"@type\":\"WebPage\",\"@id\":\"https:\/\/kapitalis.com\/tunisie\/2020\/12\/28\/agression-du-personnel-de-linstitut-national-de-neurologie-le-ministere-de-la-sante-entre-en-ligne\/\",\"url\":\"https:\/\/kapitalis.com\/tunisie\/2020\/12\/28\/agression-du-personnel-de-linstitut-national-de-neurologie-le-ministere-de-la-sante-entre-en-ligne\/\",\"name\":\"Agression du personnel de l'Institut national de neurologie : Le minist\u00e8re de la Sant\u00e9 entre en ligne - Kapitalis\",\"isPartOf\":{\"@id\":\"https:\/\/kapitalis.com\/tunisie\/#website\"},\"primaryImageOfPage\":{\"@id\":\"https:\/\/kapitalis.com\/tunisie\/2020\/12\/28\/agression-du-personnel-de-linstitut-national-de-neurologie-le-ministere-de-la-sante-entre-en-ligne\/#primaryimage\"},\"image\":{\"@id\":\"https:\/\/kapitalis.com\/tunisie\/2020\/12\/28\/agression-du-personnel-de-linstitut-national-de-neurologie-le-ministere-de-la-sante-entre-en-ligne\/#primaryimage\"},\"thumbnailUrl\":\"http:\/\/kapitalis.com\/tunisie\/wp-content\/uploads\/2020\/04\/Medecins.jpg\",\"datePublished\":\"2020-12-28T09:37:09+00:00\",\"dateModified\":\"2020-12-28T13:19:06+00:00\",\"breadcrumb\":{\"@id\":\"https:\/\/kapitalis.com\/tunisie\/2020\/12\/28\/agression-du-personnel-de-linstitut-national-de-neurologie-le-ministere-de-la-sante-entre-en-ligne\/#breadcrumb\"},\"inLanguage\":\"fr-FR\",\"potentialAction\":[{\"@type\":\"ReadAction\",\"target\":[\"https:\/\/kapitalis.com\/tunisie\/2020\/12\/28\/agression-du-personnel-de-linstitut-national-de-neurologie-le-ministere-de-la-sante-entre-en-ligne\/\"]}]},{\"@type\":\"ImageObject\",\"inLanguage\":\"fr-FR\",\"@id\":\"https:\/\/kapitalis.com\/tunisie\/2020\/12\/28\/agression-du-personnel-de-linstitut-national-de-neurologie-le-ministere-de-la-sante-entre-en-ligne\/#primaryimage\",\"url\":\"\",\"contentUrl\":\"\"},{\"@type\":\"BreadcrumbList\",\"@id\":\"https:\/\/kapitalis.com\/tunisie\/2020\/12\/28\/agression-du-personnel-de-linstitut-national-de-neurologie-le-ministere-de-la-sante-entre-en-ligne\/#breadcrumb\",\"itemListElement\":[{\"@type\":\"ListItem\",\"position\":1,\"name\":\"Accueil\",\"item\":\"https:\/\/kapitalis.com\/tunisie\/\"},{\"@type\":\"ListItem\",\"position\":2,\"name\":\"Agression du personnel de l&rsquo;Institut national de neurologie : Le minist\u00e8re de la Sant\u00e9 entre en ligne\"}]},{\"@type\":\"WebSite\",\"@id\":\"https:\/\/kapitalis.com\/tunisie\/#website\",\"url\":\"https:\/\/kapitalis.com\/tunisie\/\",\"name\":\"Kapitalis\",\"description\":\"L&#039;actualit\u00e9 en Tunisie et dans le monde\",\"publisher\":{\"@id\":\"https:\/\/kapitalis.com\/tunisie\/#organization\"},\"potentialAction\":[{\"@type\":\"SearchAction\",\"target\":{\"@type\":\"EntryPoint\",\"urlTemplate\":\"https:\/\/kapitalis.com\/tunisie\/?s={search_term_string}\"},\"query-input\":{\"@type\":\"PropertyValueSpecification\",\"valueRequired\":true,\"valueName\":\"search_term_string\"}}],\"inLanguage\":\"fr-FR\"},{\"@type\":\"Organization\",\"@id\":\"https:\/\/kapitalis.com\/tunisie\/#organization\",\"name\":\"Kapitalis\",\"url\":\"https:\/\/kapitalis.com\/tunisie\/\",\"logo\":{\"@type\":\"ImageObject\",\"inLanguage\":\"fr-FR\",\"@id\":\"https:\/\/kapitalis.com\/tunisie\/#\/schema\/logo\/image\/\",\"url\":\"https:\/\/kapitalis.com\/tunisie\/wp-content\/uploads\/2022\/05\/Kapitalis-big-size.png\",\"contentUrl\":\"https:\/\/kapitalis.com\/tunisie\/wp-content\/uploads\/2022\/05\/Kapitalis-big-size.png\",\"width\":5000,\"height\":1500,\"caption\":\"Kapitalis\"},\"image\":{\"@id\":\"https:\/\/kapitalis.com\/tunisie\/#\/schema\/logo\/image\/\"},\"sameAs\":[\"https:\/\/www.facebook.com\/KapitalisInfo\/\",\"https:\/\/x.com\/KapitalisInfo\",\"https:\/\/www.youtube.com\/channel\/UC-yDYrHyfFBWWZaOw3FPg9Q\"]},{\"@type\":\"Person\",\"@id\":\"https:\/\/kapitalis.com\/tunisie\/#\/schema\/person\/74bbde0154d49d790a92aaeac5bc01d5\",\"name\":\"Yusra NY\",\"url\":\"https:\/\/kapitalis.com\/tunisie\/author\/yuza_adam\/\"}]}<\/script>\n<!-- \/ Yoast SEO plugin. -->","yoast_head_json":{"title":"Agression du personnel de l'Institut national de neurologie : Le minist\u00e8re de la Sant\u00e9 entre en ligne - Kapitalis","robots":{"index":"index","follow":"follow","max-snippet":"max-snippet:-1","max-image-preview":"max-image-preview:large","max-video-preview":"max-video-preview:-1"},"canonical":"https:\/\/kapitalis.com\/tunisie\/2020\/12\/28\/agression-du-personnel-de-linstitut-national-de-neurologie-le-ministere-de-la-sante-entre-en-ligne\/","og_locale":"fr_FR","og_type":"article","og_title":"Agression du personnel de l'Institut national de neurologie : Le minist\u00e8re de la Sant\u00e9 entre en ligne - Kapitalis","og_description":"Le minist\u00e8re de la Sant\u00e9 a exprim\u00e9 sa solidarit\u00e9 avec le personnel m\u00e9dical de l&rsquo;Institut national de neurologie Mongi Ben Hamida, \u00e0 Tunis, agress\u00e9 dans la nuit du vendredi 25 \u00e0 samedi 26 d\u00e9cembre 2020 par les proches d&rsquo;un patient, tout en s&rsquo;engageant \u00e0 poursuivre en justice les agresseurs et \u00e0 renforcer la s\u00e9curit\u00e9 dans...","og_url":"https:\/\/kapitalis.com\/tunisie\/2020\/12\/28\/agression-du-personnel-de-linstitut-national-de-neurologie-le-ministere-de-la-sante-entre-en-ligne\/","og_site_name":"Kapitalis","article_publisher":"https:\/\/www.facebook.com\/KapitalisInfo\/","article_published_time":"2020-12-28T09:37:09+00:00","article_modified_time":"2020-12-28T13:19:06+00:00","og_image":[{"url":"http:\/\/kapitalis.com\/tunisie\/wp-content\/uploads\/2020\/04\/Medecins.jpg","type":"","width":"","height":""}],"author":"Yusra NY","twitter_card":"summary_large_image","twitter_creator":"@KapitalisInfo","twitter_site":"@KapitalisInfo","twitter_misc":{"\u00c9crit par":"Yusra NY","Dur\u00e9e de lecture estim\u00e9e":"2 minutes"},"schema":{"@context":"https:\/\/schema.org","@graph":[{"@type":"Article","@id":"https:\/\/kapitalis.com\/tunisie\/2020\/12\/28\/agression-du-personnel-de-linstitut-national-de-neurologie-le-ministere-de-la-sante-entre-en-ligne\/#article","isPartOf":{"@id":"https:\/\/kapitalis.com\/tunisie\/2020\/12\/28\/agression-du-personnel-de-linstitut-national-de-neurologie-le-ministere-de-la-sante-entre-en-ligne\/"},"author":{"name":"Yusra NY","@id":"https:\/\/kapitalis.com\/tunisie\/#\/schema\/person\/74bbde0154d49d790a92aaeac5bc01d5"},"headline":"Agression du personnel de l&rsquo;Institut national de neurologie : Le minist\u00e8re de la Sant\u00e9 entre en ligne","datePublished":"2020-12-28T09:37:09+00:00","dateModified":"2020-12-28T13:19:06+00:00","mainEntityOfPage":{"@id":"https:\/\/kapitalis.com\/tunisie\/2020\/12\/28\/agression-du-personnel-de-linstitut-national-de-neurologie-le-ministere-de-la-sante-entre-en-ligne\/"},"wordCount":354,"commentCount":0,"publisher":{"@id":"https:\/\/kapitalis.com\/tunisie\/#organization"},"image":{"@id":"https:\/\/kapitalis.com\/tunisie\/2020\/12\/28\/agression-du-personnel-de-linstitut-national-de-neurologie-le-ministere-de-la-sante-entre-en-ligne\/#primaryimage"},"thumbnailUrl":"http:\/\/kapitalis.com\/tunisie\/wp-content\/uploads\/2020\/04\/Medecins.jpg","keywords":["agression","Institut national neurologie","justice","minist\u00e8re Sant\u00e9","personnel m\u00e9dical","s\u00e9curit\u00e9"],"articleSection":["SOCIETE","Tunisie"],"inLanguage":"fr-FR","potentialAction":[{"@type":"CommentAction","name":"Comment","target":["https:\/\/kapitalis.com\/tunisie\/2020\/12\/28\/agression-du-personnel-de-linstitut-national-de-neurologie-le-ministere-de-la-sante-entre-en-ligne\/#respond"]}]},{"@type":"WebPage","@id":"https:\/\/kapitalis.com\/tunisie\/2020\/12\/28\/agression-du-personnel-de-linstitut-national-de-neurologie-le-ministere-de-la-sante-entre-en-ligne\/","url":"https:\/\/kapitalis.com\/tunisie\/2020\/12\/28\/agression-du-personnel-de-linstitut-national-de-neurologie-le-ministere-de-la-sante-entre-en-ligne\/","name":"Agression du personnel de l'Institut national de neurologie : Le minist\u00e8re de la Sant\u00e9 entre en ligne - Kapitalis","isPartOf":{"@id":"https:\/\/kapitalis.com\/tunisie\/#website"},"primaryImageOfPage":{"@id":"https:\/\/kapitalis.com\/tunisie\/2020\/12\/28\/agression-du-personnel-de-linstitut-national-de-neurologie-le-ministere-de-la-sante-entre-en-ligne\/#primaryimage"},"image":{"@id":"https:\/\/kapitalis.com\/tunisie\/2020\/12\/28\/agression-du-personnel-de-linstitut-national-de-neurologie-le-ministere-de-la-sante-entre-en-ligne\/#primaryimage"},"thumbnailUrl":"http:\/\/kapitalis.com\/tunisie\/wp-content\/uploads\/2020\/04\/Medecins.jpg","datePublished":"2020-12-28T09:37:09+00:00","dateModified":"2020-12-28T13:19:06+00:00","breadcrumb":{"@id":"https:\/\/kapitalis.com\/tunisie\/2020\/12\/28\/agression-du-personnel-de-linstitut-national-de-neurologie-le-ministere-de-la-sante-entre-en-ligne\/#breadcrumb"},"inLanguage":"fr-FR","potentialAction":[{"@type":"ReadAction","target":["https:\/\/kapitalis.com\/tunisie\/2020\/12\/28\/agression-du-personnel-de-linstitut-national-de-neurologie-le-ministere-de-la-sante-entre-en-ligne\/"]}]},{"@type":"ImageObject","inLanguage":"fr-FR","@id":"https:\/\/kapitalis.com\/tunisie\/2020\/12\/28\/agression-du-personnel-de-linstitut-national-de-neurologie-le-ministere-de-la-sante-entre-en-ligne\/#primaryimage","url":"","contentUrl":""},{"@type":"BreadcrumbList","@id":"https:\/\/kapitalis.com\/tunisie\/2020\/12\/28\/agression-du-personnel-de-linstitut-national-de-neurologie-le-ministere-de-la-sante-entre-en-ligne\/#breadcrumb","itemListElement":[{"@type":"ListItem","position":1,"name":"Accueil","item":"https:\/\/kapitalis.com\/tunisie\/"},{"@type":"ListItem","position":2,"name":"Agression du personnel de l&rsquo;Institut national de neurologie : Le minist\u00e8re de la Sant\u00e9 entre en ligne"}]},{"@type":"WebSite","@id":"https:\/\/kapitalis.com\/tunisie\/#website","url":"https:\/\/kapitalis.com\/tunisie\/","name":"Kapitalis","description":"L&#039;actualit\u00e9 en Tunisie et dans le monde","publisher":{"@id":"https:\/\/kapitalis.com\/tunisie\/#organization"},"potentialAction":[{"@type":"SearchAction","target":{"@type":"EntryPoint","urlTemplate":"https:\/\/kapitalis.com\/tunisie\/?s={search_term_string}"},"query-input":{"@type":"PropertyValueSpecification","valueRequired":true,"valueName":"search_term_string"}}],"inLanguage":"fr-FR"},{"@type":"Organization","@id":"https:\/\/kapitalis.com\/tunisie\/#organization","name":"Kapitalis","url":"https:\/\/kapitalis.com\/tunisie\/","logo":{"@type":"ImageObject","inLanguage":"fr-FR","@id":"https:\/\/kapitalis.com\/tunisie\/#\/schema\/logo\/image\/","url":"https:\/\/kapitalis.com\/tunisie\/wp-content\/uploads\/2022\/05\/Kapitalis-big-size.png","contentUrl":"https:\/\/kapitalis.com\/tunisie\/wp-content\/uploads\/2022\/05\/Kapitalis-big-size.png","width":5000,"height":1500,"caption":"Kapitalis"},"image":{"@id":"https:\/\/kapitalis.com\/tunisie\/#\/schema\/logo\/image\/"},"sameAs":["https:\/\/www.facebook.com\/KapitalisInfo\/","https:\/\/x.com\/KapitalisInfo","https:\/\/www.youtube.com\/channel\/UC-yDYrHyfFBWWZaOw3FPg9Q"]},{"@type":"Person","@id":"https:\/\/kapitalis.com\/tunisie\/#\/schema\/person\/74bbde0154d49d790a92aaeac5bc01d5","name":"Yusra NY","url":"https:\/\/kapitalis.com\/tunisie\/author\/yuza_adam\/"}]}},"_links":{"self":[{"href":"https:\/\/kapitalis.com\/tunisie\/wp-json\/wp\/v2\/posts\/329860","targetHints":{"allow":["GET"]}}],"collection":[{"href":"https:\/\/kapitalis.com\/tunisie\/wp-json\/wp\/v2\/posts"}],"about":[{"href":"https:\/\/kapitalis.com\/tunisie\/wp-json\/wp\/v2\/types\/post"}],"author":[{"embeddable":true,"href":"https:\/\/kapitalis.com\/tunisie\/wp-json\/wp\/v2\/users\/6"}],"replies":[{"embeddable":true,"href":"https:\/\/kapitalis.com\/tunisie\/wp-json\/wp\/v2\/comments?post=329860"}],"version-history":[{"count":0,"href":"https:\/\/kapitalis.com\/tunisie\/wp-json\/wp\/v2\/posts\/329860\/revisions"}],"wp:attachment":[{"href":"https:\/\/kapitalis.com\/tunisie\/wp-json\/wp\/v2\/media?parent=329860"}],"wp:term":[{"taxonomy":"category","embeddable":true,"href":"https:\/\/kapitalis.com\/tunisie\/wp-json\/wp\/v2\/categories?post=329860"},{"taxonomy":"post_tag","embeddable":true,"href":"https:\/\/kapitalis.com\/tunisie\/wp-json\/wp\/v2\/tags?post=329860"}],"curies":[{"name":"wp","href":"https:\/\/api.w.org\/{rel}","templated":true}]}}