{"id":329976,"date":"2020-12-28T19:16:40","date_gmt":"2020-12-28T18:16:40","guid":{"rendered":"http:\/\/kapitalis.com\/tunisie\/?p=329976"},"modified":"2020-12-28T21:36:16","modified_gmt":"2020-12-28T20:36:16","slug":"la-voiture-de-mahmoud-thabet-retrouvee-dans-un-fosse-a-lentree-des-berges-du-lac","status":"publish","type":"post","link":"https:\/\/kapitalis.com\/tunisie\/2020\/12\/28\/la-voiture-de-mahmoud-thabet-retrouvee-dans-un-fosse-a-lentree-des-berges-du-lac\/","title":{"rendered":"La voiture de Mahmoud Thabet retrouv\u00e9e dans un foss\u00e9 \u00e0 l&rsquo;entr\u00e9e des Berges du Lac"},"content":{"rendered":"\n<figure class=\"wp-block-image size-large\"><img decoding=\"async\" src=\"http:\/\/kapitalis.com\/tunisie\/wp-content\/uploads\/2020\/12\/Mahmoud-Thabet.jpg\" alt=\"\" class=\"wp-image-329828\"\/><\/figure>\n\n\n\n<p><strong><em>La voiture de Mahmoud Thabet, disparu depuis vendredi dernier a \u00e9t\u00e9 retrouv\u00e9e, cet apr\u00e8s-midi, lundi 28 d\u00e9cembre 2020, dans un foss\u00e9 \u00e0 l&rsquo;entr\u00e9e des Berges du Lac au niveau du croisement GP8\/GP9.<\/em><\/strong><\/p>\n\n\n\n<!--more-->\n\n\n\n<p>C&rsquo;est ce qu&rsquo;a indiqu\u00e9 Walid Hakima, porte-parole de la direction g\u00e9n\u00e9rale de la s\u00fbret\u00e9 nationale, dans une d\u00e9claration, ce soir, \u00e0 Kapitalis, en pr\u00e9cisant que la police et une \u00e9quipe de plongeurs de la protection civile sont actuellement sur place.<\/p>\n\n\n\n<figure class=\"wp-block-gallery columns-2 is-cropped wp-block-gallery-1 is-layout-flex wp-block-gallery-is-layout-flex\"><ul class=\"blocks-gallery-grid\"><li class=\"blocks-gallery-item\"><figure><img decoding=\"async\" src=\"http:\/\/kapitalis.com\/tunisie\/wp-content\/uploads\/2020\/12\/v2-1.jpeg\" alt=\"\" data-id=\"329982\" data-full-url=\"http:\/\/kapitalis.com\/tunisie\/wp-content\/uploads\/2020\/12\/v2-1.jpeg\" data-link=\"http:\/\/kapitalis.com\/tunisie\/2020\/12\/28\/la-voiture-de-mahmoud-thabet-retrouvee-dans-un-fosse-a-lentree-des-berges-du-lac\/v2-1-3\/\" class=\"wp-image-329982\"\/><\/figure><\/li><li class=\"blocks-gallery-item\"><figure><img decoding=\"async\" src=\"http:\/\/kapitalis.com\/tunisie\/wp-content\/uploads\/2020\/12\/voiture.jpeg\" alt=\"\" data-id=\"329983\" data-full-url=\"http:\/\/kapitalis.com\/tunisie\/wp-content\/uploads\/2020\/12\/voiture.jpeg\" data-link=\"http:\/\/kapitalis.com\/tunisie\/2020\/12\/28\/la-voiture-de-mahmoud-thabet-retrouvee-dans-un-fosse-a-lentree-des-berges-du-lac\/voiture-4\/\" class=\"wp-image-329983\"\/><\/figure><\/li><\/ul><\/figure>\n\n\n\n<p>Un corps aurait \u00e9galement \u00e9t\u00e9 retrouv\u00e9 dans la voiture mais non encore identifi\u00e9.<\/p>\n\n\n\n<p class=\"has-text-align-right\"><strong>Y. N.<\/strong><\/p>\n\n\n\n<figure class=\"wp-block-embed-wordpress wp-block-embed is-type-wp-embed is-provider-kapitalis\"><div class=\"wp-block-embed__wrapper\">\n<blockquote class=\"wp-embedded-content\" data-secret=\"s4Dkjg8lJA\"><a href=\"https:\/\/kapitalis.com\/tunisie\/2020\/12\/28\/decouverte-dun-corps-dans-la-voiture-de-mahmoud-thabet-precisions-du-ministere-de-linterieur\/\">D\u00e9couverte d&rsquo;un corps dans la voiture de Mahmoud Thabet : Pr\u00e9cisions du minist\u00e8re de l&rsquo;Int\u00e9rieur<\/a><\/blockquote><iframe loading=\"lazy\" class=\"wp-embedded-content\" sandbox=\"allow-scripts\" security=\"restricted\" style=\"position: absolute; clip: rect(1px, 1px, 1px, 1px);\" title=\"\u00ab\u00a0D\u00e9couverte d&rsquo;un corps dans la voiture de Mahmoud Thabet : Pr\u00e9cisions du minist\u00e8re de l&rsquo;Int\u00e9rieur\u00a0\u00bb &#8212; Kapitalis\" src=\"https:\/\/kapitalis.com\/tunisie\/2020\/12\/28\/decouverte-dun-corps-dans-la-voiture-de-mahmoud-thabet-precisions-du-ministere-de-linterieur\/embed\/#?secret=vL4u07XKKu#?secret=s4Dkjg8lJA\" data-secret=\"s4Dkjg8lJA\" width=\"600\" height=\"338\" frameborder=\"0\" marginwidth=\"0\" marginheight=\"0\" scrolling=\"no\"><\/iframe>\n<\/div><\/figure>\n\n\n\n<figure class=\"wp-block-embed-wordpress wp-block-embed is-type-wp-embed is-provider-kapitalis\"><div class=\"wp-block-embed__wrapper\">\n<blockquote class=\"wp-embedded-content\" data-secret=\"nsnVGOVTDY\"><a href=\"https:\/\/kapitalis.com\/tunisie\/2020\/12\/27\/tunis-disparition-inquietante-de-mahmoud-thabet-ses-proches-lancent-un-appel-a-temoins\/\">Tunis : Disparition inqui\u00e9tante de Mahmoud Thabet, ses proches lancent un appel \u00e0 t\u00e9moins<\/a><\/blockquote><iframe loading=\"lazy\" class=\"wp-embedded-content\" sandbox=\"allow-scripts\" security=\"restricted\" style=\"position: absolute; clip: rect(1px, 1px, 1px, 1px);\" title=\"\u00ab\u00a0Tunis : Disparition inqui\u00e9tante de Mahmoud Thabet, ses proches lancent un appel \u00e0 t\u00e9moins\u00a0\u00bb &#8212; Kapitalis\" src=\"https:\/\/kapitalis.com\/tunisie\/2020\/12\/27\/tunis-disparition-inquietante-de-mahmoud-thabet-ses-proches-lancent-un-appel-a-temoins\/embed\/#?secret=Khowlkxj6P#?secret=nsnVGOVTDY\" data-secret=\"nsnVGOVTDY\" width=\"600\" height=\"338\" frameborder=\"0\" marginwidth=\"0\" marginheight=\"0\" scrolling=\"no\"><\/iframe>\n<\/div><\/figure>\n","protected":false},"excerpt":{"rendered":"<p>La voiture de Mahmoud Thabet, disparu depuis vendredi dernier a \u00e9t\u00e9 retrouv\u00e9e, cet apr\u00e8s-midi, lundi 28 d\u00e9cembre 2020, dans un foss\u00e9 \u00e0 l&rsquo;entr\u00e9e des Berges du Lac au niveau du croisement GP8\/GP9.<\/p>\n","protected":false},"author":6,"featured_media":329982,"comment_status":"open","ping_status":"open","sticky":false,"template":"","format":"standard","meta":{"footnotes":""},"categories":[998,2433],"tags":[143,282,86066,86065,86039,3637],"class_list":["post-329976","post","type-post","status-publish","format-standard","has-post-thumbnail","hentry","category-societe","category-tunisie","tag-berges-du-lac","tag-disparition","tag-fosse","tag-gp8","tag-mahmoud-thabet","tag-voiture"],"yoast_head":"<!-- This site is optimized with the Yoast SEO plugin v26.6 - https:\/\/yoast.com\/wordpress\/plugins\/seo\/ -->\n<title>La voiture de Mahmoud Thabet retrouv\u00e9e dans un foss\u00e9 \u00e0 l&#039;entr\u00e9e des Berges du Lac - Kapitalis<\/title>\n<meta name=\"robots\" content=\"index, follow, max-snippet:-1, max-image-preview:large, max-video-preview:-1\" \/>\n<link rel=\"canonical\" href=\"https:\/\/kapitalis.com\/tunisie\/2020\/12\/28\/la-voiture-de-mahmoud-thabet-retrouvee-dans-un-fosse-a-lentree-des-berges-du-lac\/\" \/>\n<meta property=\"og:locale\" content=\"fr_FR\" \/>\n<meta property=\"og:type\" content=\"article\" \/>\n<meta property=\"og:title\" content=\"La voiture de Mahmoud Thabet retrouv\u00e9e dans un foss\u00e9 \u00e0 l&#039;entr\u00e9e des Berges du Lac - Kapitalis\" \/>\n<meta property=\"og:description\" content=\"La voiture de Mahmoud Thabet, disparu depuis vendredi dernier a \u00e9t\u00e9 retrouv\u00e9e, cet apr\u00e8s-midi, lundi 28 d\u00e9cembre 2020, dans un foss\u00e9 \u00e0 l&rsquo;entr\u00e9e des Berges du Lac au niveau du croisement GP8\/GP9.\" \/>\n<meta property=\"og:url\" content=\"https:\/\/kapitalis.com\/tunisie\/2020\/12\/28\/la-voiture-de-mahmoud-thabet-retrouvee-dans-un-fosse-a-lentree-des-berges-du-lac\/\" \/>\n<meta property=\"og:site_name\" content=\"Kapitalis\" \/>\n<meta property=\"article:publisher\" content=\"https:\/\/www.facebook.com\/KapitalisInfo\/\" \/>\n<meta property=\"article:published_time\" content=\"2020-12-28T18:16:40+00:00\" \/>\n<meta property=\"article:modified_time\" content=\"2020-12-28T20:36:16+00:00\" \/>\n<meta property=\"og:image\" content=\"https:\/\/kapitalis.com\/tunisie\/wp-content\/uploads\/2022\/05\/kapitalis-logo-fb.png\" \/>\n\t<meta property=\"og:image:width\" content=\"1200\" \/>\n\t<meta property=\"og:image:height\" content=\"630\" \/>\n\t<meta property=\"og:image:type\" content=\"image\/png\" \/>\n<meta name=\"author\" content=\"Yusra NY\" \/>\n<meta name=\"twitter:card\" content=\"summary_large_image\" \/>\n<meta name=\"twitter:creator\" content=\"@KapitalisInfo\" \/>\n<meta name=\"twitter:site\" content=\"@KapitalisInfo\" \/>\n<meta name=\"twitter:label1\" content=\"\u00c9crit par\" \/>\n\t<meta name=\"twitter:data1\" content=\"Yusra NY\" \/>\n\t<meta name=\"twitter:label2\" content=\"Dur\u00e9e de lecture estim\u00e9e\" \/>\n\t<meta name=\"twitter:data2\" content=\"1 minute\" \/>\n<script type=\"application\/ld+json\" class=\"yoast-schema-graph\">{\"@context\":\"https:\/\/schema.org\",\"@graph\":[{\"@type\":\"Article\",\"@id\":\"https:\/\/kapitalis.com\/tunisie\/2020\/12\/28\/la-voiture-de-mahmoud-thabet-retrouvee-dans-un-fosse-a-lentree-des-berges-du-lac\/#article\",\"isPartOf\":{\"@id\":\"https:\/\/kapitalis.com\/tunisie\/2020\/12\/28\/la-voiture-de-mahmoud-thabet-retrouvee-dans-un-fosse-a-lentree-des-berges-du-lac\/\"},\"author\":{\"name\":\"Yusra NY\",\"@id\":\"https:\/\/kapitalis.com\/tunisie\/#\/schema\/person\/74bbde0154d49d790a92aaeac5bc01d5\"},\"headline\":\"La voiture de Mahmoud Thabet retrouv\u00e9e dans un foss\u00e9 \u00e0 l&rsquo;entr\u00e9e des Berges du Lac\",\"datePublished\":\"2020-12-28T18:16:40+00:00\",\"dateModified\":\"2020-12-28T20:36:16+00:00\",\"mainEntityOfPage\":{\"@id\":\"https:\/\/kapitalis.com\/tunisie\/2020\/12\/28\/la-voiture-de-mahmoud-thabet-retrouvee-dans-un-fosse-a-lentree-des-berges-du-lac\/\"},\"wordCount\":119,\"commentCount\":0,\"publisher\":{\"@id\":\"https:\/\/kapitalis.com\/tunisie\/#organization\"},\"image\":{\"@id\":\"https:\/\/kapitalis.com\/tunisie\/2020\/12\/28\/la-voiture-de-mahmoud-thabet-retrouvee-dans-un-fosse-a-lentree-des-berges-du-lac\/#primaryimage\"},\"thumbnailUrl\":\"\",\"keywords\":[\"Berges du Lac\",\"Disparition\",\"foss\u00e9\",\"GP8\",\"Mahmoud Thabet\",\"voiture\"],\"articleSection\":[\"SOCIETE\",\"Tunisie\"],\"inLanguage\":\"fr-FR\",\"potentialAction\":[{\"@type\":\"CommentAction\",\"name\":\"Comment\",\"target\":[\"https:\/\/kapitalis.com\/tunisie\/2020\/12\/28\/la-voiture-de-mahmoud-thabet-retrouvee-dans-un-fosse-a-lentree-des-berges-du-lac\/#respond\"]}]},{\"@type\":\"WebPage\",\"@id\":\"https:\/\/kapitalis.com\/tunisie\/2020\/12\/28\/la-voiture-de-mahmoud-thabet-retrouvee-dans-un-fosse-a-lentree-des-berges-du-lac\/\",\"url\":\"https:\/\/kapitalis.com\/tunisie\/2020\/12\/28\/la-voiture-de-mahmoud-thabet-retrouvee-dans-un-fosse-a-lentree-des-berges-du-lac\/\",\"name\":\"La voiture de Mahmoud Thabet retrouv\u00e9e dans un foss\u00e9 \u00e0 l'entr\u00e9e des Berges du Lac - Kapitalis\",\"isPartOf\":{\"@id\":\"https:\/\/kapitalis.com\/tunisie\/#website\"},\"primaryImageOfPage\":{\"@id\":\"https:\/\/kapitalis.com\/tunisie\/2020\/12\/28\/la-voiture-de-mahmoud-thabet-retrouvee-dans-un-fosse-a-lentree-des-berges-du-lac\/#primaryimage\"},\"image\":{\"@id\":\"https:\/\/kapitalis.com\/tunisie\/2020\/12\/28\/la-voiture-de-mahmoud-thabet-retrouvee-dans-un-fosse-a-lentree-des-berges-du-lac\/#primaryimage\"},\"thumbnailUrl\":\"\",\"datePublished\":\"2020-12-28T18:16:40+00:00\",\"dateModified\":\"2020-12-28T20:36:16+00:00\",\"breadcrumb\":{\"@id\":\"https:\/\/kapitalis.com\/tunisie\/2020\/12\/28\/la-voiture-de-mahmoud-thabet-retrouvee-dans-un-fosse-a-lentree-des-berges-du-lac\/#breadcrumb\"},\"inLanguage\":\"fr-FR\",\"potentialAction\":[{\"@type\":\"ReadAction\",\"target\":[\"https:\/\/kapitalis.com\/tunisie\/2020\/12\/28\/la-voiture-de-mahmoud-thabet-retrouvee-dans-un-fosse-a-lentree-des-berges-du-lac\/\"]}]},{\"@type\":\"ImageObject\",\"inLanguage\":\"fr-FR\",\"@id\":\"https:\/\/kapitalis.com\/tunisie\/2020\/12\/28\/la-voiture-de-mahmoud-thabet-retrouvee-dans-un-fosse-a-lentree-des-berges-du-lac\/#primaryimage\",\"url\":\"\",\"contentUrl\":\"\"},{\"@type\":\"BreadcrumbList\",\"@id\":\"https:\/\/kapitalis.com\/tunisie\/2020\/12\/28\/la-voiture-de-mahmoud-thabet-retrouvee-dans-un-fosse-a-lentree-des-berges-du-lac\/#breadcrumb\",\"itemListElement\":[{\"@type\":\"ListItem\",\"position\":1,\"name\":\"Accueil\",\"item\":\"https:\/\/kapitalis.com\/tunisie\/\"},{\"@type\":\"ListItem\",\"position\":2,\"name\":\"La voiture de Mahmoud Thabet retrouv\u00e9e dans un foss\u00e9 \u00e0 l&rsquo;entr\u00e9e des Berges du Lac\"}]},{\"@type\":\"WebSite\",\"@id\":\"https:\/\/kapitalis.com\/tunisie\/#website\",\"url\":\"https:\/\/kapitalis.com\/tunisie\/\",\"name\":\"Kapitalis\",\"description\":\"L&#039;actualit\u00e9 en Tunisie et dans le monde\",\"publisher\":{\"@id\":\"https:\/\/kapitalis.com\/tunisie\/#organization\"},\"potentialAction\":[{\"@type\":\"SearchAction\",\"target\":{\"@type\":\"EntryPoint\",\"urlTemplate\":\"https:\/\/kapitalis.com\/tunisie\/?s={search_term_string}\"},\"query-input\":{\"@type\":\"PropertyValueSpecification\",\"valueRequired\":true,\"valueName\":\"search_term_string\"}}],\"inLanguage\":\"fr-FR\"},{\"@type\":\"Organization\",\"@id\":\"https:\/\/kapitalis.com\/tunisie\/#organization\",\"name\":\"Kapitalis\",\"url\":\"https:\/\/kapitalis.com\/tunisie\/\",\"logo\":{\"@type\":\"ImageObject\",\"inLanguage\":\"fr-FR\",\"@id\":\"https:\/\/kapitalis.com\/tunisie\/#\/schema\/logo\/image\/\",\"url\":\"https:\/\/kapitalis.com\/tunisie\/wp-content\/uploads\/2022\/05\/Kapitalis-big-size.png\",\"contentUrl\":\"https:\/\/kapitalis.com\/tunisie\/wp-content\/uploads\/2022\/05\/Kapitalis-big-size.png\",\"width\":5000,\"height\":1500,\"caption\":\"Kapitalis\"},\"image\":{\"@id\":\"https:\/\/kapitalis.com\/tunisie\/#\/schema\/logo\/image\/\"},\"sameAs\":[\"https:\/\/www.facebook.com\/KapitalisInfo\/\",\"https:\/\/x.com\/KapitalisInfo\",\"https:\/\/www.youtube.com\/channel\/UC-yDYrHyfFBWWZaOw3FPg9Q\"]},{\"@type\":\"Person\",\"@id\":\"https:\/\/kapitalis.com\/tunisie\/#\/schema\/person\/74bbde0154d49d790a92aaeac5bc01d5\",\"name\":\"Yusra NY\",\"url\":\"https:\/\/kapitalis.com\/tunisie\/author\/yuza_adam\/\"}]}<\/script>\n<!-- \/ Yoast SEO plugin. -->","yoast_head_json":{"title":"La voiture de Mahmoud Thabet retrouv\u00e9e dans un foss\u00e9 \u00e0 l'entr\u00e9e des Berges du Lac - Kapitalis","robots":{"index":"index","follow":"follow","max-snippet":"max-snippet:-1","max-image-preview":"max-image-preview:large","max-video-preview":"max-video-preview:-1"},"canonical":"https:\/\/kapitalis.com\/tunisie\/2020\/12\/28\/la-voiture-de-mahmoud-thabet-retrouvee-dans-un-fosse-a-lentree-des-berges-du-lac\/","og_locale":"fr_FR","og_type":"article","og_title":"La voiture de Mahmoud Thabet retrouv\u00e9e dans un foss\u00e9 \u00e0 l'entr\u00e9e des Berges du Lac - Kapitalis","og_description":"La voiture de Mahmoud Thabet, disparu depuis vendredi dernier a \u00e9t\u00e9 retrouv\u00e9e, cet apr\u00e8s-midi, lundi 28 d\u00e9cembre 2020, dans un foss\u00e9 \u00e0 l&rsquo;entr\u00e9e des Berges du Lac au niveau du croisement GP8\/GP9.","og_url":"https:\/\/kapitalis.com\/tunisie\/2020\/12\/28\/la-voiture-de-mahmoud-thabet-retrouvee-dans-un-fosse-a-lentree-des-berges-du-lac\/","og_site_name":"Kapitalis","article_publisher":"https:\/\/www.facebook.com\/KapitalisInfo\/","article_published_time":"2020-12-28T18:16:40+00:00","article_modified_time":"2020-12-28T20:36:16+00:00","og_image":[{"width":1200,"height":630,"url":"https:\/\/kapitalis.com\/tunisie\/wp-content\/uploads\/2022\/05\/kapitalis-logo-fb.png","type":"image\/png"}],"author":"Yusra NY","twitter_card":"summary_large_image","twitter_creator":"@KapitalisInfo","twitter_site":"@KapitalisInfo","twitter_misc":{"\u00c9crit par":"Yusra NY","Dur\u00e9e de lecture estim\u00e9e":"1 minute"},"schema":{"@context":"https:\/\/schema.org","@graph":[{"@type":"Article","@id":"https:\/\/kapitalis.com\/tunisie\/2020\/12\/28\/la-voiture-de-mahmoud-thabet-retrouvee-dans-un-fosse-a-lentree-des-berges-du-lac\/#article","isPartOf":{"@id":"https:\/\/kapitalis.com\/tunisie\/2020\/12\/28\/la-voiture-de-mahmoud-thabet-retrouvee-dans-un-fosse-a-lentree-des-berges-du-lac\/"},"author":{"name":"Yusra NY","@id":"https:\/\/kapitalis.com\/tunisie\/#\/schema\/person\/74bbde0154d49d790a92aaeac5bc01d5"},"headline":"La voiture de Mahmoud Thabet retrouv\u00e9e dans un foss\u00e9 \u00e0 l&rsquo;entr\u00e9e des Berges du Lac","datePublished":"2020-12-28T18:16:40+00:00","dateModified":"2020-12-28T20:36:16+00:00","mainEntityOfPage":{"@id":"https:\/\/kapitalis.com\/tunisie\/2020\/12\/28\/la-voiture-de-mahmoud-thabet-retrouvee-dans-un-fosse-a-lentree-des-berges-du-lac\/"},"wordCount":119,"commentCount":0,"publisher":{"@id":"https:\/\/kapitalis.com\/tunisie\/#organization"},"image":{"@id":"https:\/\/kapitalis.com\/tunisie\/2020\/12\/28\/la-voiture-de-mahmoud-thabet-retrouvee-dans-un-fosse-a-lentree-des-berges-du-lac\/#primaryimage"},"thumbnailUrl":"","keywords":["Berges du Lac","Disparition","foss\u00e9","GP8","Mahmoud Thabet","voiture"],"articleSection":["SOCIETE","Tunisie"],"inLanguage":"fr-FR","potentialAction":[{"@type":"CommentAction","name":"Comment","target":["https:\/\/kapitalis.com\/tunisie\/2020\/12\/28\/la-voiture-de-mahmoud-thabet-retrouvee-dans-un-fosse-a-lentree-des-berges-du-lac\/#respond"]}]},{"@type":"WebPage","@id":"https:\/\/kapitalis.com\/tunisie\/2020\/12\/28\/la-voiture-de-mahmoud-thabet-retrouvee-dans-un-fosse-a-lentree-des-berges-du-lac\/","url":"https:\/\/kapitalis.com\/tunisie\/2020\/12\/28\/la-voiture-de-mahmoud-thabet-retrouvee-dans-un-fosse-a-lentree-des-berges-du-lac\/","name":"La voiture de Mahmoud Thabet retrouv\u00e9e dans un foss\u00e9 \u00e0 l'entr\u00e9e des Berges du Lac - Kapitalis","isPartOf":{"@id":"https:\/\/kapitalis.com\/tunisie\/#website"},"primaryImageOfPage":{"@id":"https:\/\/kapitalis.com\/tunisie\/2020\/12\/28\/la-voiture-de-mahmoud-thabet-retrouvee-dans-un-fosse-a-lentree-des-berges-du-lac\/#primaryimage"},"image":{"@id":"https:\/\/kapitalis.com\/tunisie\/2020\/12\/28\/la-voiture-de-mahmoud-thabet-retrouvee-dans-un-fosse-a-lentree-des-berges-du-lac\/#primaryimage"},"thumbnailUrl":"","datePublished":"2020-12-28T18:16:40+00:00","dateModified":"2020-12-28T20:36:16+00:00","breadcrumb":{"@id":"https:\/\/kapitalis.com\/tunisie\/2020\/12\/28\/la-voiture-de-mahmoud-thabet-retrouvee-dans-un-fosse-a-lentree-des-berges-du-lac\/#breadcrumb"},"inLanguage":"fr-FR","potentialAction":[{"@type":"ReadAction","target":["https:\/\/kapitalis.com\/tunisie\/2020\/12\/28\/la-voiture-de-mahmoud-thabet-retrouvee-dans-un-fosse-a-lentree-des-berges-du-lac\/"]}]},{"@type":"ImageObject","inLanguage":"fr-FR","@id":"https:\/\/kapitalis.com\/tunisie\/2020\/12\/28\/la-voiture-de-mahmoud-thabet-retrouvee-dans-un-fosse-a-lentree-des-berges-du-lac\/#primaryimage","url":"","contentUrl":""},{"@type":"BreadcrumbList","@id":"https:\/\/kapitalis.com\/tunisie\/2020\/12\/28\/la-voiture-de-mahmoud-thabet-retrouvee-dans-un-fosse-a-lentree-des-berges-du-lac\/#breadcrumb","itemListElement":[{"@type":"ListItem","position":1,"name":"Accueil","item":"https:\/\/kapitalis.com\/tunisie\/"},{"@type":"ListItem","position":2,"name":"La voiture de Mahmoud Thabet retrouv\u00e9e dans un foss\u00e9 \u00e0 l&rsquo;entr\u00e9e des Berges du Lac"}]},{"@type":"WebSite","@id":"https:\/\/kapitalis.com\/tunisie\/#website","url":"https:\/\/kapitalis.com\/tunisie\/","name":"Kapitalis","description":"L&#039;actualit\u00e9 en Tunisie et dans le monde","publisher":{"@id":"https:\/\/kapitalis.com\/tunisie\/#organization"},"potentialAction":[{"@type":"SearchAction","target":{"@type":"EntryPoint","urlTemplate":"https:\/\/kapitalis.com\/tunisie\/?s={search_term_string}"},"query-input":{"@type":"PropertyValueSpecification","valueRequired":true,"valueName":"search_term_string"}}],"inLanguage":"fr-FR"},{"@type":"Organization","@id":"https:\/\/kapitalis.com\/tunisie\/#organization","name":"Kapitalis","url":"https:\/\/kapitalis.com\/tunisie\/","logo":{"@type":"ImageObject","inLanguage":"fr-FR","@id":"https:\/\/kapitalis.com\/tunisie\/#\/schema\/logo\/image\/","url":"https:\/\/kapitalis.com\/tunisie\/wp-content\/uploads\/2022\/05\/Kapitalis-big-size.png","contentUrl":"https:\/\/kapitalis.com\/tunisie\/wp-content\/uploads\/2022\/05\/Kapitalis-big-size.png","width":5000,"height":1500,"caption":"Kapitalis"},"image":{"@id":"https:\/\/kapitalis.com\/tunisie\/#\/schema\/logo\/image\/"},"sameAs":["https:\/\/www.facebook.com\/KapitalisInfo\/","https:\/\/x.com\/KapitalisInfo","https:\/\/www.youtube.com\/channel\/UC-yDYrHyfFBWWZaOw3FPg9Q"]},{"@type":"Person","@id":"https:\/\/kapitalis.com\/tunisie\/#\/schema\/person\/74bbde0154d49d790a92aaeac5bc01d5","name":"Yusra NY","url":"https:\/\/kapitalis.com\/tunisie\/author\/yuza_adam\/"}]}},"_links":{"self":[{"href":"https:\/\/kapitalis.com\/tunisie\/wp-json\/wp\/v2\/posts\/329976","targetHints":{"allow":["GET"]}}],"collection":[{"href":"https:\/\/kapitalis.com\/tunisie\/wp-json\/wp\/v2\/posts"}],"about":[{"href":"https:\/\/kapitalis.com\/tunisie\/wp-json\/wp\/v2\/types\/post"}],"author":[{"embeddable":true,"href":"https:\/\/kapitalis.com\/tunisie\/wp-json\/wp\/v2\/users\/6"}],"replies":[{"embeddable":true,"href":"https:\/\/kapitalis.com\/tunisie\/wp-json\/wp\/v2\/comments?post=329976"}],"version-history":[{"count":0,"href":"https:\/\/kapitalis.com\/tunisie\/wp-json\/wp\/v2\/posts\/329976\/revisions"}],"wp:featuredmedia":[{"embeddable":true,"href":"https:\/\/kapitalis.com\/tunisie\/wp-json\/wp\/v2\/media\/329982"}],"wp:attachment":[{"href":"https:\/\/kapitalis.com\/tunisie\/wp-json\/wp\/v2\/media?parent=329976"}],"wp:term":[{"taxonomy":"category","embeddable":true,"href":"https:\/\/kapitalis.com\/tunisie\/wp-json\/wp\/v2\/categories?post=329976"},{"taxonomy":"post_tag","embeddable":true,"href":"https:\/\/kapitalis.com\/tunisie\/wp-json\/wp\/v2\/tags?post=329976"}],"curies":[{"name":"wp","href":"https:\/\/api.w.org\/{rel}","templated":true}]}}