{"id":329989,"date":"2020-12-28T20:18:44","date_gmt":"2020-12-28T19:18:44","guid":{"rendered":"http:\/\/kapitalis.com\/tunisie\/?p=329989"},"modified":"2020-12-28T21:36:08","modified_gmt":"2020-12-28T20:36:08","slug":"decouverte-dun-corps-dans-la-voiture-de-mahmoud-thabet-precisions-du-ministere-de-linterieur","status":"publish","type":"post","link":"https:\/\/kapitalis.com\/tunisie\/2020\/12\/28\/decouverte-dun-corps-dans-la-voiture-de-mahmoud-thabet-precisions-du-ministere-de-linterieur\/","title":{"rendered":"D\u00e9couverte d&rsquo;un corps dans la voiture de Mahmoud Thabet : Pr\u00e9cisions du minist\u00e8re de l&rsquo;Int\u00e9rieur"},"content":{"rendered":"\n<figure class=\"wp-block-image size-large\"><img decoding=\"async\" src=\"http:\/\/kapitalis.com\/tunisie\/wp-content\/uploads\/2020\/12\/voitue-Mahmoud.jpg\" alt=\"\" class=\"wp-image-329994\"\/><\/figure>\n\n\n\n<p><strong><em>Le minist\u00e8re de l\u2019Int\u00e9rieur a annonc\u00e9 que la voiture retrouv\u00e9e, ce soir, lundi 28 d\u00e9cembre 2020, dans un foss\u00e9 \u00e0 l&rsquo;entr\u00e9e des Berges du Lac, au niveau du croisement de la GP9, est bien celle de Mahmoud Thabet, disparu depuis vendredi dernier, en ajoutant qu&rsquo;un corps a \u00e9t\u00e9 retrouv\u00e9 \u00e0 l&rsquo;int\u00e9rieur du v\u00e9hicule.<\/em><\/strong><\/p>\n\n\n\n<!--more-->\n\n\n\n<p>Des plongeurs relavant de l\u2019Office de la protection civile ont \u00e9t\u00e9 envoy\u00e9s sur place et le corps devra \u00eatre identifi\u00e9, ajoute le minist\u00e8re dans un communiqu\u00e9 publi\u00e9 ce soir, o\u00f9 il affirme que la voiture a \u00e9t\u00e9 formellement reconnue via la plaque d&rsquo;immatriculation.<\/p>\n\n\n\n<p>On notera que selon les premiers \u00e9l\u00e9ments, il s&rsquo;agit bien du corps de Mahmoud Thabet, d&rsquo;autant qu&rsquo;il portait les m\u00eames habits que ceux que portait le jeune de 30 ans, le jour de sa disparition.<\/p>\n\n\n\n<p class=\"has-text-align-right\"><strong>Y. N.<\/strong><\/p>\n\n\n\n<figure class=\"wp-block-embed-wordpress wp-block-embed is-type-wp-embed is-provider-kapitalis\"><div class=\"wp-block-embed__wrapper\">\n<blockquote class=\"wp-embedded-content\" data-secret=\"Z9xRw6RY37\"><a href=\"https:\/\/kapitalis.com\/tunisie\/2020\/12\/27\/tunis-disparition-inquietante-de-mahmoud-thabet-ses-proches-lancent-un-appel-a-temoins\/\">Tunis : Disparition inqui\u00e9tante de Mahmoud Thabet, ses proches lancent un appel \u00e0 t\u00e9moins<\/a><\/blockquote><iframe loading=\"lazy\" class=\"wp-embedded-content\" sandbox=\"allow-scripts\" security=\"restricted\" style=\"position: absolute; clip: rect(1px, 1px, 1px, 1px);\" title=\"\u00ab\u00a0Tunis : Disparition inqui\u00e9tante de Mahmoud Thabet, ses proches lancent un appel \u00e0 t\u00e9moins\u00a0\u00bb &#8212; Kapitalis\" src=\"https:\/\/kapitalis.com\/tunisie\/2020\/12\/27\/tunis-disparition-inquietante-de-mahmoud-thabet-ses-proches-lancent-un-appel-a-temoins\/embed\/#?secret=PoSOqbRsIZ#?secret=Z9xRw6RY37\" data-secret=\"Z9xRw6RY37\" width=\"600\" height=\"338\" frameborder=\"0\" marginwidth=\"0\" marginheight=\"0\" scrolling=\"no\"><\/iframe>\n<\/div><\/figure>\n\n\n\n<figure class=\"wp-block-embed-wordpress wp-block-embed is-type-wp-embed is-provider-kapitalis\"><div class=\"wp-block-embed__wrapper\">\n<blockquote class=\"wp-embedded-content\" data-secret=\"PYC3tbMPeJ\"><a href=\"https:\/\/kapitalis.com\/tunisie\/2020\/12\/28\/la-voiture-de-mahmoud-thabet-retrouvee-dans-un-fosse-a-lentree-des-berges-du-lac\/\">La voiture de Mahmoud Thabet retrouv\u00e9e dans un foss\u00e9 \u00e0 l&rsquo;entr\u00e9e des Berges du Lac<\/a><\/blockquote><iframe loading=\"lazy\" class=\"wp-embedded-content\" sandbox=\"allow-scripts\" security=\"restricted\" style=\"position: absolute; clip: rect(1px, 1px, 1px, 1px);\" title=\"\u00ab\u00a0La voiture de Mahmoud Thabet retrouv\u00e9e dans un foss\u00e9 \u00e0 l&rsquo;entr\u00e9e des Berges du Lac\u00a0\u00bb &#8212; Kapitalis\" src=\"https:\/\/kapitalis.com\/tunisie\/2020\/12\/28\/la-voiture-de-mahmoud-thabet-retrouvee-dans-un-fosse-a-lentree-des-berges-du-lac\/embed\/#?secret=AN3z6GaTBx#?secret=PYC3tbMPeJ\" data-secret=\"PYC3tbMPeJ\" width=\"600\" height=\"338\" frameborder=\"0\" marginwidth=\"0\" marginheight=\"0\" scrolling=\"no\"><\/iframe>\n<\/div><\/figure>\n","protected":false},"excerpt":{"rendered":"<p>Le minist\u00e8re de l\u2019Int\u00e9rieur a annonc\u00e9 que la voiture retrouv\u00e9e, ce soir, lundi 28 d\u00e9cembre 2020, dans un foss\u00e9 \u00e0 l&rsquo;entr\u00e9e des Berges du Lac, au niveau du croisement de la GP9, est bien celle de Mahmoud Thabet, disparu depuis vendredi dernier, en ajoutant qu&rsquo;un corps a \u00e9t\u00e9 retrouv\u00e9 \u00e0 l&rsquo;int\u00e9rieur du v\u00e9hicule.<\/p>\n","protected":false},"author":6,"featured_media":329994,"comment_status":"open","ping_status":"open","sticky":false,"template":"","format":"standard","meta":{"footnotes":""},"categories":[998,2433],"tags":[143,237,282,86068,86067,3637],"class_list":["post-329989","post","type-post","status-publish","format-standard","has-post-thumbnail","hentry","category-societe","category-tunisie","tag-berges-du-lac","tag-corps","tag-disparition","tag-lac-zero","tag-mahmoud-thabte","tag-voiture"],"yoast_head":"<!-- This site is optimized with the Yoast SEO plugin v26.6 - https:\/\/yoast.com\/wordpress\/plugins\/seo\/ -->\n<title>D\u00e9couverte d&#039;un corps dans la voiture de Mahmoud Thabet : Pr\u00e9cisions du minist\u00e8re de l&#039;Int\u00e9rieur - Kapitalis<\/title>\n<meta name=\"robots\" content=\"index, follow, max-snippet:-1, max-image-preview:large, max-video-preview:-1\" \/>\n<link rel=\"canonical\" href=\"https:\/\/kapitalis.com\/tunisie\/2020\/12\/28\/decouverte-dun-corps-dans-la-voiture-de-mahmoud-thabet-precisions-du-ministere-de-linterieur\/\" \/>\n<meta property=\"og:locale\" content=\"fr_FR\" \/>\n<meta property=\"og:type\" content=\"article\" \/>\n<meta property=\"og:title\" content=\"D\u00e9couverte d&#039;un corps dans la voiture de Mahmoud Thabet : Pr\u00e9cisions du minist\u00e8re de l&#039;Int\u00e9rieur - Kapitalis\" \/>\n<meta property=\"og:description\" content=\"Le minist\u00e8re de l\u2019Int\u00e9rieur a annonc\u00e9 que la voiture retrouv\u00e9e, ce soir, lundi 28 d\u00e9cembre 2020, dans un foss\u00e9 \u00e0 l&rsquo;entr\u00e9e des Berges du Lac, au niveau du croisement de la GP9, est bien celle de Mahmoud Thabet, disparu depuis vendredi dernier, en ajoutant qu&rsquo;un corps a \u00e9t\u00e9 retrouv\u00e9 \u00e0 l&rsquo;int\u00e9rieur du v\u00e9hicule.\" \/>\n<meta property=\"og:url\" content=\"https:\/\/kapitalis.com\/tunisie\/2020\/12\/28\/decouverte-dun-corps-dans-la-voiture-de-mahmoud-thabet-precisions-du-ministere-de-linterieur\/\" \/>\n<meta property=\"og:site_name\" content=\"Kapitalis\" \/>\n<meta property=\"article:publisher\" content=\"https:\/\/www.facebook.com\/KapitalisInfo\/\" \/>\n<meta property=\"article:published_time\" content=\"2020-12-28T19:18:44+00:00\" \/>\n<meta property=\"article:modified_time\" content=\"2020-12-28T20:36:08+00:00\" \/>\n<meta property=\"og:image\" content=\"https:\/\/kapitalis.com\/tunisie\/wp-content\/uploads\/2022\/05\/kapitalis-logo-fb.png\" \/>\n\t<meta property=\"og:image:width\" content=\"1200\" \/>\n\t<meta property=\"og:image:height\" content=\"630\" \/>\n\t<meta property=\"og:image:type\" content=\"image\/png\" \/>\n<meta name=\"author\" content=\"Yusra NY\" \/>\n<meta name=\"twitter:card\" content=\"summary_large_image\" \/>\n<meta name=\"twitter:creator\" content=\"@KapitalisInfo\" \/>\n<meta name=\"twitter:site\" content=\"@KapitalisInfo\" \/>\n<meta name=\"twitter:label1\" content=\"\u00c9crit par\" \/>\n\t<meta name=\"twitter:data1\" content=\"Yusra NY\" \/>\n\t<meta name=\"twitter:label2\" content=\"Dur\u00e9e de lecture estim\u00e9e\" \/>\n\t<meta name=\"twitter:data2\" content=\"1 minute\" \/>\n<script type=\"application\/ld+json\" class=\"yoast-schema-graph\">{\"@context\":\"https:\/\/schema.org\",\"@graph\":[{\"@type\":\"Article\",\"@id\":\"https:\/\/kapitalis.com\/tunisie\/2020\/12\/28\/decouverte-dun-corps-dans-la-voiture-de-mahmoud-thabet-precisions-du-ministere-de-linterieur\/#article\",\"isPartOf\":{\"@id\":\"https:\/\/kapitalis.com\/tunisie\/2020\/12\/28\/decouverte-dun-corps-dans-la-voiture-de-mahmoud-thabet-precisions-du-ministere-de-linterieur\/\"},\"author\":{\"name\":\"Yusra NY\",\"@id\":\"https:\/\/kapitalis.com\/tunisie\/#\/schema\/person\/74bbde0154d49d790a92aaeac5bc01d5\"},\"headline\":\"D\u00e9couverte d&rsquo;un corps dans la voiture de Mahmoud Thabet : Pr\u00e9cisions du minist\u00e8re de l&rsquo;Int\u00e9rieur\",\"datePublished\":\"2020-12-28T19:18:44+00:00\",\"dateModified\":\"2020-12-28T20:36:08+00:00\",\"mainEntityOfPage\":{\"@id\":\"https:\/\/kapitalis.com\/tunisie\/2020\/12\/28\/decouverte-dun-corps-dans-la-voiture-de-mahmoud-thabet-precisions-du-ministere-de-linterieur\/\"},\"wordCount\":169,\"commentCount\":1,\"publisher\":{\"@id\":\"https:\/\/kapitalis.com\/tunisie\/#organization\"},\"image\":{\"@id\":\"https:\/\/kapitalis.com\/tunisie\/2020\/12\/28\/decouverte-dun-corps-dans-la-voiture-de-mahmoud-thabet-precisions-du-ministere-de-linterieur\/#primaryimage\"},\"thumbnailUrl\":\"\",\"keywords\":[\"Berges du Lac\",\"Corps\",\"Disparition\",\"lac z\u00e9ro\",\"Mahmoud Thabte\",\"voiture\"],\"articleSection\":[\"SOCIETE\",\"Tunisie\"],\"inLanguage\":\"fr-FR\",\"potentialAction\":[{\"@type\":\"CommentAction\",\"name\":\"Comment\",\"target\":[\"https:\/\/kapitalis.com\/tunisie\/2020\/12\/28\/decouverte-dun-corps-dans-la-voiture-de-mahmoud-thabet-precisions-du-ministere-de-linterieur\/#respond\"]}]},{\"@type\":\"WebPage\",\"@id\":\"https:\/\/kapitalis.com\/tunisie\/2020\/12\/28\/decouverte-dun-corps-dans-la-voiture-de-mahmoud-thabet-precisions-du-ministere-de-linterieur\/\",\"url\":\"https:\/\/kapitalis.com\/tunisie\/2020\/12\/28\/decouverte-dun-corps-dans-la-voiture-de-mahmoud-thabet-precisions-du-ministere-de-linterieur\/\",\"name\":\"D\u00e9couverte d'un corps dans la voiture de Mahmoud Thabet : Pr\u00e9cisions du minist\u00e8re de l'Int\u00e9rieur - Kapitalis\",\"isPartOf\":{\"@id\":\"https:\/\/kapitalis.com\/tunisie\/#website\"},\"primaryImageOfPage\":{\"@id\":\"https:\/\/kapitalis.com\/tunisie\/2020\/12\/28\/decouverte-dun-corps-dans-la-voiture-de-mahmoud-thabet-precisions-du-ministere-de-linterieur\/#primaryimage\"},\"image\":{\"@id\":\"https:\/\/kapitalis.com\/tunisie\/2020\/12\/28\/decouverte-dun-corps-dans-la-voiture-de-mahmoud-thabet-precisions-du-ministere-de-linterieur\/#primaryimage\"},\"thumbnailUrl\":\"\",\"datePublished\":\"2020-12-28T19:18:44+00:00\",\"dateModified\":\"2020-12-28T20:36:08+00:00\",\"breadcrumb\":{\"@id\":\"https:\/\/kapitalis.com\/tunisie\/2020\/12\/28\/decouverte-dun-corps-dans-la-voiture-de-mahmoud-thabet-precisions-du-ministere-de-linterieur\/#breadcrumb\"},\"inLanguage\":\"fr-FR\",\"potentialAction\":[{\"@type\":\"ReadAction\",\"target\":[\"https:\/\/kapitalis.com\/tunisie\/2020\/12\/28\/decouverte-dun-corps-dans-la-voiture-de-mahmoud-thabet-precisions-du-ministere-de-linterieur\/\"]}]},{\"@type\":\"ImageObject\",\"inLanguage\":\"fr-FR\",\"@id\":\"https:\/\/kapitalis.com\/tunisie\/2020\/12\/28\/decouverte-dun-corps-dans-la-voiture-de-mahmoud-thabet-precisions-du-ministere-de-linterieur\/#primaryimage\",\"url\":\"\",\"contentUrl\":\"\"},{\"@type\":\"BreadcrumbList\",\"@id\":\"https:\/\/kapitalis.com\/tunisie\/2020\/12\/28\/decouverte-dun-corps-dans-la-voiture-de-mahmoud-thabet-precisions-du-ministere-de-linterieur\/#breadcrumb\",\"itemListElement\":[{\"@type\":\"ListItem\",\"position\":1,\"name\":\"Accueil\",\"item\":\"https:\/\/kapitalis.com\/tunisie\/\"},{\"@type\":\"ListItem\",\"position\":2,\"name\":\"D\u00e9couverte d&rsquo;un corps dans la voiture de Mahmoud Thabet : Pr\u00e9cisions du minist\u00e8re de l&rsquo;Int\u00e9rieur\"}]},{\"@type\":\"WebSite\",\"@id\":\"https:\/\/kapitalis.com\/tunisie\/#website\",\"url\":\"https:\/\/kapitalis.com\/tunisie\/\",\"name\":\"Kapitalis\",\"description\":\"L&#039;actualit\u00e9 en Tunisie et dans le monde\",\"publisher\":{\"@id\":\"https:\/\/kapitalis.com\/tunisie\/#organization\"},\"potentialAction\":[{\"@type\":\"SearchAction\",\"target\":{\"@type\":\"EntryPoint\",\"urlTemplate\":\"https:\/\/kapitalis.com\/tunisie\/?s={search_term_string}\"},\"query-input\":{\"@type\":\"PropertyValueSpecification\",\"valueRequired\":true,\"valueName\":\"search_term_string\"}}],\"inLanguage\":\"fr-FR\"},{\"@type\":\"Organization\",\"@id\":\"https:\/\/kapitalis.com\/tunisie\/#organization\",\"name\":\"Kapitalis\",\"url\":\"https:\/\/kapitalis.com\/tunisie\/\",\"logo\":{\"@type\":\"ImageObject\",\"inLanguage\":\"fr-FR\",\"@id\":\"https:\/\/kapitalis.com\/tunisie\/#\/schema\/logo\/image\/\",\"url\":\"https:\/\/kapitalis.com\/tunisie\/wp-content\/uploads\/2022\/05\/Kapitalis-big-size.png\",\"contentUrl\":\"https:\/\/kapitalis.com\/tunisie\/wp-content\/uploads\/2022\/05\/Kapitalis-big-size.png\",\"width\":5000,\"height\":1500,\"caption\":\"Kapitalis\"},\"image\":{\"@id\":\"https:\/\/kapitalis.com\/tunisie\/#\/schema\/logo\/image\/\"},\"sameAs\":[\"https:\/\/www.facebook.com\/KapitalisInfo\/\",\"https:\/\/x.com\/KapitalisInfo\",\"https:\/\/www.youtube.com\/channel\/UC-yDYrHyfFBWWZaOw3FPg9Q\"]},{\"@type\":\"Person\",\"@id\":\"https:\/\/kapitalis.com\/tunisie\/#\/schema\/person\/74bbde0154d49d790a92aaeac5bc01d5\",\"name\":\"Yusra NY\",\"url\":\"https:\/\/kapitalis.com\/tunisie\/author\/yuza_adam\/\"}]}<\/script>\n<!-- \/ Yoast SEO plugin. -->","yoast_head_json":{"title":"D\u00e9couverte d'un corps dans la voiture de Mahmoud Thabet : Pr\u00e9cisions du minist\u00e8re de l'Int\u00e9rieur - Kapitalis","robots":{"index":"index","follow":"follow","max-snippet":"max-snippet:-1","max-image-preview":"max-image-preview:large","max-video-preview":"max-video-preview:-1"},"canonical":"https:\/\/kapitalis.com\/tunisie\/2020\/12\/28\/decouverte-dun-corps-dans-la-voiture-de-mahmoud-thabet-precisions-du-ministere-de-linterieur\/","og_locale":"fr_FR","og_type":"article","og_title":"D\u00e9couverte d'un corps dans la voiture de Mahmoud Thabet : Pr\u00e9cisions du minist\u00e8re de l'Int\u00e9rieur - Kapitalis","og_description":"Le minist\u00e8re de l\u2019Int\u00e9rieur a annonc\u00e9 que la voiture retrouv\u00e9e, ce soir, lundi 28 d\u00e9cembre 2020, dans un foss\u00e9 \u00e0 l&rsquo;entr\u00e9e des Berges du Lac, au niveau du croisement de la GP9, est bien celle de Mahmoud Thabet, disparu depuis vendredi dernier, en ajoutant qu&rsquo;un corps a \u00e9t\u00e9 retrouv\u00e9 \u00e0 l&rsquo;int\u00e9rieur du v\u00e9hicule.","og_url":"https:\/\/kapitalis.com\/tunisie\/2020\/12\/28\/decouverte-dun-corps-dans-la-voiture-de-mahmoud-thabet-precisions-du-ministere-de-linterieur\/","og_site_name":"Kapitalis","article_publisher":"https:\/\/www.facebook.com\/KapitalisInfo\/","article_published_time":"2020-12-28T19:18:44+00:00","article_modified_time":"2020-12-28T20:36:08+00:00","og_image":[{"width":1200,"height":630,"url":"https:\/\/kapitalis.com\/tunisie\/wp-content\/uploads\/2022\/05\/kapitalis-logo-fb.png","type":"image\/png"}],"author":"Yusra NY","twitter_card":"summary_large_image","twitter_creator":"@KapitalisInfo","twitter_site":"@KapitalisInfo","twitter_misc":{"\u00c9crit par":"Yusra NY","Dur\u00e9e de lecture estim\u00e9e":"1 minute"},"schema":{"@context":"https:\/\/schema.org","@graph":[{"@type":"Article","@id":"https:\/\/kapitalis.com\/tunisie\/2020\/12\/28\/decouverte-dun-corps-dans-la-voiture-de-mahmoud-thabet-precisions-du-ministere-de-linterieur\/#article","isPartOf":{"@id":"https:\/\/kapitalis.com\/tunisie\/2020\/12\/28\/decouverte-dun-corps-dans-la-voiture-de-mahmoud-thabet-precisions-du-ministere-de-linterieur\/"},"author":{"name":"Yusra NY","@id":"https:\/\/kapitalis.com\/tunisie\/#\/schema\/person\/74bbde0154d49d790a92aaeac5bc01d5"},"headline":"D\u00e9couverte d&rsquo;un corps dans la voiture de Mahmoud Thabet : Pr\u00e9cisions du minist\u00e8re de l&rsquo;Int\u00e9rieur","datePublished":"2020-12-28T19:18:44+00:00","dateModified":"2020-12-28T20:36:08+00:00","mainEntityOfPage":{"@id":"https:\/\/kapitalis.com\/tunisie\/2020\/12\/28\/decouverte-dun-corps-dans-la-voiture-de-mahmoud-thabet-precisions-du-ministere-de-linterieur\/"},"wordCount":169,"commentCount":1,"publisher":{"@id":"https:\/\/kapitalis.com\/tunisie\/#organization"},"image":{"@id":"https:\/\/kapitalis.com\/tunisie\/2020\/12\/28\/decouverte-dun-corps-dans-la-voiture-de-mahmoud-thabet-precisions-du-ministere-de-linterieur\/#primaryimage"},"thumbnailUrl":"","keywords":["Berges du Lac","Corps","Disparition","lac z\u00e9ro","Mahmoud Thabte","voiture"],"articleSection":["SOCIETE","Tunisie"],"inLanguage":"fr-FR","potentialAction":[{"@type":"CommentAction","name":"Comment","target":["https:\/\/kapitalis.com\/tunisie\/2020\/12\/28\/decouverte-dun-corps-dans-la-voiture-de-mahmoud-thabet-precisions-du-ministere-de-linterieur\/#respond"]}]},{"@type":"WebPage","@id":"https:\/\/kapitalis.com\/tunisie\/2020\/12\/28\/decouverte-dun-corps-dans-la-voiture-de-mahmoud-thabet-precisions-du-ministere-de-linterieur\/","url":"https:\/\/kapitalis.com\/tunisie\/2020\/12\/28\/decouverte-dun-corps-dans-la-voiture-de-mahmoud-thabet-precisions-du-ministere-de-linterieur\/","name":"D\u00e9couverte d'un corps dans la voiture de Mahmoud Thabet : Pr\u00e9cisions du minist\u00e8re de l'Int\u00e9rieur - Kapitalis","isPartOf":{"@id":"https:\/\/kapitalis.com\/tunisie\/#website"},"primaryImageOfPage":{"@id":"https:\/\/kapitalis.com\/tunisie\/2020\/12\/28\/decouverte-dun-corps-dans-la-voiture-de-mahmoud-thabet-precisions-du-ministere-de-linterieur\/#primaryimage"},"image":{"@id":"https:\/\/kapitalis.com\/tunisie\/2020\/12\/28\/decouverte-dun-corps-dans-la-voiture-de-mahmoud-thabet-precisions-du-ministere-de-linterieur\/#primaryimage"},"thumbnailUrl":"","datePublished":"2020-12-28T19:18:44+00:00","dateModified":"2020-12-28T20:36:08+00:00","breadcrumb":{"@id":"https:\/\/kapitalis.com\/tunisie\/2020\/12\/28\/decouverte-dun-corps-dans-la-voiture-de-mahmoud-thabet-precisions-du-ministere-de-linterieur\/#breadcrumb"},"inLanguage":"fr-FR","potentialAction":[{"@type":"ReadAction","target":["https:\/\/kapitalis.com\/tunisie\/2020\/12\/28\/decouverte-dun-corps-dans-la-voiture-de-mahmoud-thabet-precisions-du-ministere-de-linterieur\/"]}]},{"@type":"ImageObject","inLanguage":"fr-FR","@id":"https:\/\/kapitalis.com\/tunisie\/2020\/12\/28\/decouverte-dun-corps-dans-la-voiture-de-mahmoud-thabet-precisions-du-ministere-de-linterieur\/#primaryimage","url":"","contentUrl":""},{"@type":"BreadcrumbList","@id":"https:\/\/kapitalis.com\/tunisie\/2020\/12\/28\/decouverte-dun-corps-dans-la-voiture-de-mahmoud-thabet-precisions-du-ministere-de-linterieur\/#breadcrumb","itemListElement":[{"@type":"ListItem","position":1,"name":"Accueil","item":"https:\/\/kapitalis.com\/tunisie\/"},{"@type":"ListItem","position":2,"name":"D\u00e9couverte d&rsquo;un corps dans la voiture de Mahmoud Thabet : Pr\u00e9cisions du minist\u00e8re de l&rsquo;Int\u00e9rieur"}]},{"@type":"WebSite","@id":"https:\/\/kapitalis.com\/tunisie\/#website","url":"https:\/\/kapitalis.com\/tunisie\/","name":"Kapitalis","description":"L&#039;actualit\u00e9 en Tunisie et dans le monde","publisher":{"@id":"https:\/\/kapitalis.com\/tunisie\/#organization"},"potentialAction":[{"@type":"SearchAction","target":{"@type":"EntryPoint","urlTemplate":"https:\/\/kapitalis.com\/tunisie\/?s={search_term_string}"},"query-input":{"@type":"PropertyValueSpecification","valueRequired":true,"valueName":"search_term_string"}}],"inLanguage":"fr-FR"},{"@type":"Organization","@id":"https:\/\/kapitalis.com\/tunisie\/#organization","name":"Kapitalis","url":"https:\/\/kapitalis.com\/tunisie\/","logo":{"@type":"ImageObject","inLanguage":"fr-FR","@id":"https:\/\/kapitalis.com\/tunisie\/#\/schema\/logo\/image\/","url":"https:\/\/kapitalis.com\/tunisie\/wp-content\/uploads\/2022\/05\/Kapitalis-big-size.png","contentUrl":"https:\/\/kapitalis.com\/tunisie\/wp-content\/uploads\/2022\/05\/Kapitalis-big-size.png","width":5000,"height":1500,"caption":"Kapitalis"},"image":{"@id":"https:\/\/kapitalis.com\/tunisie\/#\/schema\/logo\/image\/"},"sameAs":["https:\/\/www.facebook.com\/KapitalisInfo\/","https:\/\/x.com\/KapitalisInfo","https:\/\/www.youtube.com\/channel\/UC-yDYrHyfFBWWZaOw3FPg9Q"]},{"@type":"Person","@id":"https:\/\/kapitalis.com\/tunisie\/#\/schema\/person\/74bbde0154d49d790a92aaeac5bc01d5","name":"Yusra NY","url":"https:\/\/kapitalis.com\/tunisie\/author\/yuza_adam\/"}]}},"_links":{"self":[{"href":"https:\/\/kapitalis.com\/tunisie\/wp-json\/wp\/v2\/posts\/329989","targetHints":{"allow":["GET"]}}],"collection":[{"href":"https:\/\/kapitalis.com\/tunisie\/wp-json\/wp\/v2\/posts"}],"about":[{"href":"https:\/\/kapitalis.com\/tunisie\/wp-json\/wp\/v2\/types\/post"}],"author":[{"embeddable":true,"href":"https:\/\/kapitalis.com\/tunisie\/wp-json\/wp\/v2\/users\/6"}],"replies":[{"embeddable":true,"href":"https:\/\/kapitalis.com\/tunisie\/wp-json\/wp\/v2\/comments?post=329989"}],"version-history":[{"count":0,"href":"https:\/\/kapitalis.com\/tunisie\/wp-json\/wp\/v2\/posts\/329989\/revisions"}],"wp:featuredmedia":[{"embeddable":true,"href":"https:\/\/kapitalis.com\/tunisie\/wp-json\/wp\/v2\/media\/329994"}],"wp:attachment":[{"href":"https:\/\/kapitalis.com\/tunisie\/wp-json\/wp\/v2\/media?parent=329989"}],"wp:term":[{"taxonomy":"category","embeddable":true,"href":"https:\/\/kapitalis.com\/tunisie\/wp-json\/wp\/v2\/categories?post=329989"},{"taxonomy":"post_tag","embeddable":true,"href":"https:\/\/kapitalis.com\/tunisie\/wp-json\/wp\/v2\/tags?post=329989"}],"curies":[{"name":"wp","href":"https:\/\/api.w.org\/{rel}","templated":true}]}}