{"id":330016,"date":"2020-12-29T09:40:49","date_gmt":"2020-12-29T08:40:49","guid":{"rendered":"http:\/\/kapitalis.com\/tunisie\/?p=330016"},"modified":"2020-12-29T09:40:51","modified_gmt":"2020-12-29T08:40:51","slug":"la-fondation-biat-pour-la-jeunesse-celebre-la-finale-inter-clubs-du-programme-spark","status":"publish","type":"post","link":"https:\/\/kapitalis.com\/tunisie\/2020\/12\/29\/la-fondation-biat-pour-la-jeunesse-celebre-la-finale-inter-clubs-du-programme-spark\/","title":{"rendered":"La Fondation Biat pour la jeunesse c\u00e9l\u00e8bre la finale inter clubs du programme Spark"},"content":{"rendered":"\n<figure class=\"wp-block-image size-large\"><img decoding=\"async\" src=\"http:\/\/kapitalis.com\/tunisie\/wp-content\/uploads\/2020\/12\/spark-finale.jpg\" alt=\"\" class=\"wp-image-330018\"\/><\/figure>\n\n\n\n<p><strong><em>Le programme Spark constitue la premi\u00e8re rencontre entre les jeunes de 15 \u00e0 18 ans avec le monde de l\u2019entrepreneuriat. A travers ce programme, la Fondation Biat d\u00e9veloppe la culture d\u2019entreprendre aupr\u00e8s des jeunes lyc\u00e9ens et \u00e9tudiants et les incite \u00e0 appr\u00e9hender et \u00e0 d\u00e9couvrir le monde de l\u2019entrepreneuriat de fa\u00e7on interactive et ludique.<\/em><\/strong><\/p>\n\n\n\n<!--more-->\n\n\n\n<p>La finale inter clubs du programme Spark de cette ann\u00e9e a eu lieu en fin de semaine derni\u00e8re.<\/p>\n\n\n\n<p>Le 1er Prix a \u00e9t\u00e9 attribu\u00e9 \u00e0 l&rsquo;\u00e9quipe Sharpshooters, compos\u00e9e de Chahed Jouini, Yosr Yensi et Kais Sfaihi, du Spark_Club Dauphine pour la cat\u00e9gorie e-Health.<\/p>\n\n\n\n<p>Le 2\u00e8me Prix a \u00e9t\u00e9 attribu\u00e9 \u00e0 l&rsquo;\u00e9quipe The Starks, compos\u00e9e de Youssef Jamoussi, Mahdi Abid, Firas Jabeur et Mohamed Amin Jemni, du Spark_Club FESG Sfax, pour la cat\u00e9gorie \u00c9ducation.<\/p>\n\n\n\n<p>Le 3\u00e8me Prix a \u00e9t\u00e9 attribu\u00e9 \u00e0 l&rsquo;\u00e9quipe Les \u00c9lites juniors, compos\u00e9e d&rsquo;Amira Naji, Safa Changuel , Khadija Dridi, Nour El Houda Harzallah et Oumaima Bouguila, du Spark_Club Enim, pour la cat\u00e9gorie S\u00e9curit\u00e9.<\/p>\n","protected":false},"excerpt":{"rendered":"<p>Le programme Spark constitue la premi\u00e8re rencontre entre les jeunes de 15 \u00e0 18 ans avec le monde de l\u2019entrepreneuriat. A travers ce programme, la Fondation Biat d\u00e9veloppe la culture d\u2019entreprendre aupr\u00e8s des jeunes lyc\u00e9ens et \u00e9tudiants et les incite \u00e0 appr\u00e9hender et \u00e0 d\u00e9couvrir le monde de l\u2019entrepreneuriat de fa\u00e7on interactive et ludique.<\/p>\n","protected":false},"author":24,"featured_media":330018,"comment_status":"open","ping_status":"open","sticky":false,"template":"","format":"standard","meta":{"footnotes":""},"categories":[998,2433],"tags":[65842,86074],"class_list":["post-330016","post","type-post","status-publish","format-standard","has-post-thumbnail","hentry","category-societe","category-tunisie","tag-fondation-biat-pour-la-jeunesse","tag-spark"],"yoast_head":"<!-- This site is optimized with the Yoast SEO plugin v26.6 - https:\/\/yoast.com\/wordpress\/plugins\/seo\/ -->\n<title>La Fondation Biat pour la jeunesse c\u00e9l\u00e8bre la finale inter clubs du programme Spark - Kapitalis<\/title>\n<meta name=\"robots\" content=\"index, follow, max-snippet:-1, max-image-preview:large, max-video-preview:-1\" \/>\n<link rel=\"canonical\" href=\"https:\/\/kapitalis.com\/tunisie\/2020\/12\/29\/la-fondation-biat-pour-la-jeunesse-celebre-la-finale-inter-clubs-du-programme-spark\/\" \/>\n<meta property=\"og:locale\" content=\"fr_FR\" \/>\n<meta property=\"og:type\" content=\"article\" \/>\n<meta property=\"og:title\" content=\"La Fondation Biat pour la jeunesse c\u00e9l\u00e8bre la finale inter clubs du programme Spark - Kapitalis\" \/>\n<meta property=\"og:description\" content=\"Le programme Spark constitue la premi\u00e8re rencontre entre les jeunes de 15 \u00e0 18 ans avec le monde de l\u2019entrepreneuriat. A travers ce programme, la Fondation Biat d\u00e9veloppe la culture d\u2019entreprendre aupr\u00e8s des jeunes lyc\u00e9ens et \u00e9tudiants et les incite \u00e0 appr\u00e9hender et \u00e0 d\u00e9couvrir le monde de l\u2019entrepreneuriat de fa\u00e7on interactive et ludique.\" \/>\n<meta property=\"og:url\" content=\"https:\/\/kapitalis.com\/tunisie\/2020\/12\/29\/la-fondation-biat-pour-la-jeunesse-celebre-la-finale-inter-clubs-du-programme-spark\/\" \/>\n<meta property=\"og:site_name\" content=\"Kapitalis\" \/>\n<meta property=\"article:publisher\" content=\"https:\/\/www.facebook.com\/KapitalisInfo\/\" \/>\n<meta property=\"article:published_time\" content=\"2020-12-29T08:40:49+00:00\" \/>\n<meta property=\"article:modified_time\" content=\"2020-12-29T08:40:51+00:00\" \/>\n<meta property=\"og:image\" content=\"https:\/\/kapitalis.com\/tunisie\/wp-content\/uploads\/2022\/05\/kapitalis-logo-fb.png\" \/>\n\t<meta property=\"og:image:width\" content=\"1200\" \/>\n\t<meta property=\"og:image:height\" content=\"630\" \/>\n\t<meta property=\"og:image:type\" content=\"image\/png\" \/>\n<meta name=\"author\" content=\"Cherif Benyounes\" \/>\n<meta name=\"twitter:card\" content=\"summary_large_image\" \/>\n<meta name=\"twitter:creator\" content=\"@KapitalisInfo\" \/>\n<meta name=\"twitter:site\" content=\"@KapitalisInfo\" \/>\n<meta name=\"twitter:label1\" content=\"\u00c9crit par\" \/>\n\t<meta name=\"twitter:data1\" content=\"Cherif Benyounes\" \/>\n\t<meta name=\"twitter:label2\" content=\"Dur\u00e9e de lecture estim\u00e9e\" \/>\n\t<meta name=\"twitter:data2\" content=\"1 minute\" \/>\n<script type=\"application\/ld+json\" class=\"yoast-schema-graph\">{\"@context\":\"https:\/\/schema.org\",\"@graph\":[{\"@type\":\"Article\",\"@id\":\"https:\/\/kapitalis.com\/tunisie\/2020\/12\/29\/la-fondation-biat-pour-la-jeunesse-celebre-la-finale-inter-clubs-du-programme-spark\/#article\",\"isPartOf\":{\"@id\":\"https:\/\/kapitalis.com\/tunisie\/2020\/12\/29\/la-fondation-biat-pour-la-jeunesse-celebre-la-finale-inter-clubs-du-programme-spark\/\"},\"author\":{\"name\":\"Cherif Benyounes\",\"@id\":\"https:\/\/kapitalis.com\/tunisie\/#\/schema\/person\/b35b8d631961131107263178aeb8019e\"},\"headline\":\"La Fondation Biat pour la jeunesse c\u00e9l\u00e8bre la finale inter clubs du programme Spark\",\"datePublished\":\"2020-12-29T08:40:49+00:00\",\"dateModified\":\"2020-12-29T08:40:51+00:00\",\"mainEntityOfPage\":{\"@id\":\"https:\/\/kapitalis.com\/tunisie\/2020\/12\/29\/la-fondation-biat-pour-la-jeunesse-celebre-la-finale-inter-clubs-du-programme-spark\/\"},\"wordCount\":192,\"commentCount\":0,\"publisher\":{\"@id\":\"https:\/\/kapitalis.com\/tunisie\/#organization\"},\"image\":{\"@id\":\"https:\/\/kapitalis.com\/tunisie\/2020\/12\/29\/la-fondation-biat-pour-la-jeunesse-celebre-la-finale-inter-clubs-du-programme-spark\/#primaryimage\"},\"thumbnailUrl\":\"\",\"keywords\":[\"Fondation BIAT pour la Jeunesse\",\"Spark\"],\"articleSection\":[\"SOCIETE\",\"Tunisie\"],\"inLanguage\":\"fr-FR\",\"potentialAction\":[{\"@type\":\"CommentAction\",\"name\":\"Comment\",\"target\":[\"https:\/\/kapitalis.com\/tunisie\/2020\/12\/29\/la-fondation-biat-pour-la-jeunesse-celebre-la-finale-inter-clubs-du-programme-spark\/#respond\"]}]},{\"@type\":\"WebPage\",\"@id\":\"https:\/\/kapitalis.com\/tunisie\/2020\/12\/29\/la-fondation-biat-pour-la-jeunesse-celebre-la-finale-inter-clubs-du-programme-spark\/\",\"url\":\"https:\/\/kapitalis.com\/tunisie\/2020\/12\/29\/la-fondation-biat-pour-la-jeunesse-celebre-la-finale-inter-clubs-du-programme-spark\/\",\"name\":\"La Fondation Biat pour la jeunesse c\u00e9l\u00e8bre la finale inter clubs du programme Spark - Kapitalis\",\"isPartOf\":{\"@id\":\"https:\/\/kapitalis.com\/tunisie\/#website\"},\"primaryImageOfPage\":{\"@id\":\"https:\/\/kapitalis.com\/tunisie\/2020\/12\/29\/la-fondation-biat-pour-la-jeunesse-celebre-la-finale-inter-clubs-du-programme-spark\/#primaryimage\"},\"image\":{\"@id\":\"https:\/\/kapitalis.com\/tunisie\/2020\/12\/29\/la-fondation-biat-pour-la-jeunesse-celebre-la-finale-inter-clubs-du-programme-spark\/#primaryimage\"},\"thumbnailUrl\":\"\",\"datePublished\":\"2020-12-29T08:40:49+00:00\",\"dateModified\":\"2020-12-29T08:40:51+00:00\",\"breadcrumb\":{\"@id\":\"https:\/\/kapitalis.com\/tunisie\/2020\/12\/29\/la-fondation-biat-pour-la-jeunesse-celebre-la-finale-inter-clubs-du-programme-spark\/#breadcrumb\"},\"inLanguage\":\"fr-FR\",\"potentialAction\":[{\"@type\":\"ReadAction\",\"target\":[\"https:\/\/kapitalis.com\/tunisie\/2020\/12\/29\/la-fondation-biat-pour-la-jeunesse-celebre-la-finale-inter-clubs-du-programme-spark\/\"]}]},{\"@type\":\"ImageObject\",\"inLanguage\":\"fr-FR\",\"@id\":\"https:\/\/kapitalis.com\/tunisie\/2020\/12\/29\/la-fondation-biat-pour-la-jeunesse-celebre-la-finale-inter-clubs-du-programme-spark\/#primaryimage\",\"url\":\"\",\"contentUrl\":\"\"},{\"@type\":\"BreadcrumbList\",\"@id\":\"https:\/\/kapitalis.com\/tunisie\/2020\/12\/29\/la-fondation-biat-pour-la-jeunesse-celebre-la-finale-inter-clubs-du-programme-spark\/#breadcrumb\",\"itemListElement\":[{\"@type\":\"ListItem\",\"position\":1,\"name\":\"Accueil\",\"item\":\"https:\/\/kapitalis.com\/tunisie\/\"},{\"@type\":\"ListItem\",\"position\":2,\"name\":\"La Fondation Biat pour la jeunesse c\u00e9l\u00e8bre la finale inter clubs du programme Spark\"}]},{\"@type\":\"WebSite\",\"@id\":\"https:\/\/kapitalis.com\/tunisie\/#website\",\"url\":\"https:\/\/kapitalis.com\/tunisie\/\",\"name\":\"Kapitalis\",\"description\":\"L&#039;actualit\u00e9 en Tunisie et dans le monde\",\"publisher\":{\"@id\":\"https:\/\/kapitalis.com\/tunisie\/#organization\"},\"potentialAction\":[{\"@type\":\"SearchAction\",\"target\":{\"@type\":\"EntryPoint\",\"urlTemplate\":\"https:\/\/kapitalis.com\/tunisie\/?s={search_term_string}\"},\"query-input\":{\"@type\":\"PropertyValueSpecification\",\"valueRequired\":true,\"valueName\":\"search_term_string\"}}],\"inLanguage\":\"fr-FR\"},{\"@type\":\"Organization\",\"@id\":\"https:\/\/kapitalis.com\/tunisie\/#organization\",\"name\":\"Kapitalis\",\"url\":\"https:\/\/kapitalis.com\/tunisie\/\",\"logo\":{\"@type\":\"ImageObject\",\"inLanguage\":\"fr-FR\",\"@id\":\"https:\/\/kapitalis.com\/tunisie\/#\/schema\/logo\/image\/\",\"url\":\"https:\/\/kapitalis.com\/tunisie\/wp-content\/uploads\/2022\/05\/Kapitalis-big-size.png\",\"contentUrl\":\"https:\/\/kapitalis.com\/tunisie\/wp-content\/uploads\/2022\/05\/Kapitalis-big-size.png\",\"width\":5000,\"height\":1500,\"caption\":\"Kapitalis\"},\"image\":{\"@id\":\"https:\/\/kapitalis.com\/tunisie\/#\/schema\/logo\/image\/\"},\"sameAs\":[\"https:\/\/www.facebook.com\/KapitalisInfo\/\",\"https:\/\/x.com\/KapitalisInfo\",\"https:\/\/www.youtube.com\/channel\/UC-yDYrHyfFBWWZaOw3FPg9Q\"]},{\"@type\":\"Person\",\"@id\":\"https:\/\/kapitalis.com\/tunisie\/#\/schema\/person\/b35b8d631961131107263178aeb8019e\",\"name\":\"Cherif Benyounes\",\"url\":\"https:\/\/kapitalis.com\/tunisie\/author\/cherif\/\"}]}<\/script>\n<!-- \/ Yoast SEO plugin. -->","yoast_head_json":{"title":"La Fondation Biat pour la jeunesse c\u00e9l\u00e8bre la finale inter clubs du programme Spark - Kapitalis","robots":{"index":"index","follow":"follow","max-snippet":"max-snippet:-1","max-image-preview":"max-image-preview:large","max-video-preview":"max-video-preview:-1"},"canonical":"https:\/\/kapitalis.com\/tunisie\/2020\/12\/29\/la-fondation-biat-pour-la-jeunesse-celebre-la-finale-inter-clubs-du-programme-spark\/","og_locale":"fr_FR","og_type":"article","og_title":"La Fondation Biat pour la jeunesse c\u00e9l\u00e8bre la finale inter clubs du programme Spark - Kapitalis","og_description":"Le programme Spark constitue la premi\u00e8re rencontre entre les jeunes de 15 \u00e0 18 ans avec le monde de l\u2019entrepreneuriat. A travers ce programme, la Fondation Biat d\u00e9veloppe la culture d\u2019entreprendre aupr\u00e8s des jeunes lyc\u00e9ens et \u00e9tudiants et les incite \u00e0 appr\u00e9hender et \u00e0 d\u00e9couvrir le monde de l\u2019entrepreneuriat de fa\u00e7on interactive et ludique.","og_url":"https:\/\/kapitalis.com\/tunisie\/2020\/12\/29\/la-fondation-biat-pour-la-jeunesse-celebre-la-finale-inter-clubs-du-programme-spark\/","og_site_name":"Kapitalis","article_publisher":"https:\/\/www.facebook.com\/KapitalisInfo\/","article_published_time":"2020-12-29T08:40:49+00:00","article_modified_time":"2020-12-29T08:40:51+00:00","og_image":[{"width":1200,"height":630,"url":"https:\/\/kapitalis.com\/tunisie\/wp-content\/uploads\/2022\/05\/kapitalis-logo-fb.png","type":"image\/png"}],"author":"Cherif Benyounes","twitter_card":"summary_large_image","twitter_creator":"@KapitalisInfo","twitter_site":"@KapitalisInfo","twitter_misc":{"\u00c9crit par":"Cherif Benyounes","Dur\u00e9e de lecture estim\u00e9e":"1 minute"},"schema":{"@context":"https:\/\/schema.org","@graph":[{"@type":"Article","@id":"https:\/\/kapitalis.com\/tunisie\/2020\/12\/29\/la-fondation-biat-pour-la-jeunesse-celebre-la-finale-inter-clubs-du-programme-spark\/#article","isPartOf":{"@id":"https:\/\/kapitalis.com\/tunisie\/2020\/12\/29\/la-fondation-biat-pour-la-jeunesse-celebre-la-finale-inter-clubs-du-programme-spark\/"},"author":{"name":"Cherif Benyounes","@id":"https:\/\/kapitalis.com\/tunisie\/#\/schema\/person\/b35b8d631961131107263178aeb8019e"},"headline":"La Fondation Biat pour la jeunesse c\u00e9l\u00e8bre la finale inter clubs du programme Spark","datePublished":"2020-12-29T08:40:49+00:00","dateModified":"2020-12-29T08:40:51+00:00","mainEntityOfPage":{"@id":"https:\/\/kapitalis.com\/tunisie\/2020\/12\/29\/la-fondation-biat-pour-la-jeunesse-celebre-la-finale-inter-clubs-du-programme-spark\/"},"wordCount":192,"commentCount":0,"publisher":{"@id":"https:\/\/kapitalis.com\/tunisie\/#organization"},"image":{"@id":"https:\/\/kapitalis.com\/tunisie\/2020\/12\/29\/la-fondation-biat-pour-la-jeunesse-celebre-la-finale-inter-clubs-du-programme-spark\/#primaryimage"},"thumbnailUrl":"","keywords":["Fondation BIAT pour la Jeunesse","Spark"],"articleSection":["SOCIETE","Tunisie"],"inLanguage":"fr-FR","potentialAction":[{"@type":"CommentAction","name":"Comment","target":["https:\/\/kapitalis.com\/tunisie\/2020\/12\/29\/la-fondation-biat-pour-la-jeunesse-celebre-la-finale-inter-clubs-du-programme-spark\/#respond"]}]},{"@type":"WebPage","@id":"https:\/\/kapitalis.com\/tunisie\/2020\/12\/29\/la-fondation-biat-pour-la-jeunesse-celebre-la-finale-inter-clubs-du-programme-spark\/","url":"https:\/\/kapitalis.com\/tunisie\/2020\/12\/29\/la-fondation-biat-pour-la-jeunesse-celebre-la-finale-inter-clubs-du-programme-spark\/","name":"La Fondation Biat pour la jeunesse c\u00e9l\u00e8bre la finale inter clubs du programme Spark - Kapitalis","isPartOf":{"@id":"https:\/\/kapitalis.com\/tunisie\/#website"},"primaryImageOfPage":{"@id":"https:\/\/kapitalis.com\/tunisie\/2020\/12\/29\/la-fondation-biat-pour-la-jeunesse-celebre-la-finale-inter-clubs-du-programme-spark\/#primaryimage"},"image":{"@id":"https:\/\/kapitalis.com\/tunisie\/2020\/12\/29\/la-fondation-biat-pour-la-jeunesse-celebre-la-finale-inter-clubs-du-programme-spark\/#primaryimage"},"thumbnailUrl":"","datePublished":"2020-12-29T08:40:49+00:00","dateModified":"2020-12-29T08:40:51+00:00","breadcrumb":{"@id":"https:\/\/kapitalis.com\/tunisie\/2020\/12\/29\/la-fondation-biat-pour-la-jeunesse-celebre-la-finale-inter-clubs-du-programme-spark\/#breadcrumb"},"inLanguage":"fr-FR","potentialAction":[{"@type":"ReadAction","target":["https:\/\/kapitalis.com\/tunisie\/2020\/12\/29\/la-fondation-biat-pour-la-jeunesse-celebre-la-finale-inter-clubs-du-programme-spark\/"]}]},{"@type":"ImageObject","inLanguage":"fr-FR","@id":"https:\/\/kapitalis.com\/tunisie\/2020\/12\/29\/la-fondation-biat-pour-la-jeunesse-celebre-la-finale-inter-clubs-du-programme-spark\/#primaryimage","url":"","contentUrl":""},{"@type":"BreadcrumbList","@id":"https:\/\/kapitalis.com\/tunisie\/2020\/12\/29\/la-fondation-biat-pour-la-jeunesse-celebre-la-finale-inter-clubs-du-programme-spark\/#breadcrumb","itemListElement":[{"@type":"ListItem","position":1,"name":"Accueil","item":"https:\/\/kapitalis.com\/tunisie\/"},{"@type":"ListItem","position":2,"name":"La Fondation Biat pour la jeunesse c\u00e9l\u00e8bre la finale inter clubs du programme Spark"}]},{"@type":"WebSite","@id":"https:\/\/kapitalis.com\/tunisie\/#website","url":"https:\/\/kapitalis.com\/tunisie\/","name":"Kapitalis","description":"L&#039;actualit\u00e9 en Tunisie et dans le monde","publisher":{"@id":"https:\/\/kapitalis.com\/tunisie\/#organization"},"potentialAction":[{"@type":"SearchAction","target":{"@type":"EntryPoint","urlTemplate":"https:\/\/kapitalis.com\/tunisie\/?s={search_term_string}"},"query-input":{"@type":"PropertyValueSpecification","valueRequired":true,"valueName":"search_term_string"}}],"inLanguage":"fr-FR"},{"@type":"Organization","@id":"https:\/\/kapitalis.com\/tunisie\/#organization","name":"Kapitalis","url":"https:\/\/kapitalis.com\/tunisie\/","logo":{"@type":"ImageObject","inLanguage":"fr-FR","@id":"https:\/\/kapitalis.com\/tunisie\/#\/schema\/logo\/image\/","url":"https:\/\/kapitalis.com\/tunisie\/wp-content\/uploads\/2022\/05\/Kapitalis-big-size.png","contentUrl":"https:\/\/kapitalis.com\/tunisie\/wp-content\/uploads\/2022\/05\/Kapitalis-big-size.png","width":5000,"height":1500,"caption":"Kapitalis"},"image":{"@id":"https:\/\/kapitalis.com\/tunisie\/#\/schema\/logo\/image\/"},"sameAs":["https:\/\/www.facebook.com\/KapitalisInfo\/","https:\/\/x.com\/KapitalisInfo","https:\/\/www.youtube.com\/channel\/UC-yDYrHyfFBWWZaOw3FPg9Q"]},{"@type":"Person","@id":"https:\/\/kapitalis.com\/tunisie\/#\/schema\/person\/b35b8d631961131107263178aeb8019e","name":"Cherif Benyounes","url":"https:\/\/kapitalis.com\/tunisie\/author\/cherif\/"}]}},"_links":{"self":[{"href":"https:\/\/kapitalis.com\/tunisie\/wp-json\/wp\/v2\/posts\/330016","targetHints":{"allow":["GET"]}}],"collection":[{"href":"https:\/\/kapitalis.com\/tunisie\/wp-json\/wp\/v2\/posts"}],"about":[{"href":"https:\/\/kapitalis.com\/tunisie\/wp-json\/wp\/v2\/types\/post"}],"author":[{"embeddable":true,"href":"https:\/\/kapitalis.com\/tunisie\/wp-json\/wp\/v2\/users\/24"}],"replies":[{"embeddable":true,"href":"https:\/\/kapitalis.com\/tunisie\/wp-json\/wp\/v2\/comments?post=330016"}],"version-history":[{"count":0,"href":"https:\/\/kapitalis.com\/tunisie\/wp-json\/wp\/v2\/posts\/330016\/revisions"}],"wp:featuredmedia":[{"embeddable":true,"href":"https:\/\/kapitalis.com\/tunisie\/wp-json\/wp\/v2\/media\/330018"}],"wp:attachment":[{"href":"https:\/\/kapitalis.com\/tunisie\/wp-json\/wp\/v2\/media?parent=330016"}],"wp:term":[{"taxonomy":"category","embeddable":true,"href":"https:\/\/kapitalis.com\/tunisie\/wp-json\/wp\/v2\/categories?post=330016"},{"taxonomy":"post_tag","embeddable":true,"href":"https:\/\/kapitalis.com\/tunisie\/wp-json\/wp\/v2\/tags?post=330016"}],"curies":[{"name":"wp","href":"https:\/\/api.w.org\/{rel}","templated":true}]}}