{"id":33003,"date":"2016-01-02T12:13:43","date_gmt":"2016-01-02T11:13:43","guid":{"rendered":"http:\/\/kapitalis.com\/tunisie\/?p=33003"},"modified":"2016-01-02T12:22:44","modified_gmt":"2016-01-02T11:22:44","slug":"ariana-tunisie-telecom-rend-hommage-a-ses-retraites","status":"publish","type":"post","link":"https:\/\/kapitalis.com\/tunisie\/2016\/01\/02\/ariana-tunisie-telecom-rend-hommage-a-ses-retraites\/","title":{"rendered":"Ariana : Tunisie Telecom rend hommage \u00e0 ses retrait\u00e9s"},"content":{"rendered":"<p><img loading=\"lazy\" decoding=\"async\" class=\"alignnone size-full wp-image-33004 aligncenter\" src=\"http:\/\/kapitalis.com\/tunisie\/wp-content\/uploads\/2016\/01\/Tunisie-Telecom-Ariana.jpg\" alt=\"Tunisie-Telecom-Ariana\" width=\"626\" height=\"380\" \/><\/p>\n<p><em><strong>Tunisie Telecom a tenu \u00e0 f\u00eater comme il se doit le d\u00e9part \u00e0 la retraite de 11 employ\u00e9s de sa direction r\u00e9gionale de l\u2019Ariana.<\/strong><\/em><\/p>\n<p>Par <strong>Zohra Abid<\/strong><\/p>\n<p><!--more--><\/p>\n<p>La c\u00e9r\u00e9monie s\u2019est d\u00e9roul\u00e9e mercredi 30 d\u00e9cembre 2015, \u00e0 l\u2019h\u00f4tel Dar El-Marsa, (banlieue nord de Tunis), en pr\u00e9sence de Nizar Bouguila, Pdg de Tunisie Telecom, qui a tenu \u00e0 s\u2019y associer pour souligner l\u2019esprit de famille qui r\u00e8gne parmi le personnel de l\u2019entreprise.<\/p>\n<p style=\"text-align: center;\"><img loading=\"lazy\" decoding=\"async\" class=\"alignnone size-full wp-image-33005\" src=\"http:\/\/kapitalis.com\/tunisie\/wp-content\/uploads\/2016\/01\/Tunisie-Telecom-Ariana2.jpg\" alt=\"Tunisie-Telecom-Ariana2\" width=\"500\" height=\"350\" \/><\/p>\n<p>En plus des hommages, des remerciements et des bouquets des fleurs offerts par les coll\u00e8gues, les nouveaux retrait\u00e9s (Abdallah Barakati, Majid Jammazi, Mohamed Salah Tastouri, Mohamed Ali Ali, Hedi Hrizi, Chedli Bouguira, Rafika Bennour, Lebiba Dermeche, Lazhar Sa\u00efdi, Ali Tebi\u00ee et Souad Medemigh) ont eu droit, chacun, \u00e0 un t\u00e9l\u00e9viseur 42 pouces de la marque cor\u00e9enne LG, offert par la direction r\u00e9gionale de l\u2019Ariana. L\u2019un d\u2019eux a m\u00eame gagn\u00e9, apr\u00e8s un tirage au sort, une \u00f4mra (petit p\u00e8lerinage \u00e0 la Mecque).<\/p>\n<p style=\"text-align: center;\"><img loading=\"lazy\" decoding=\"async\" class=\"alignnone size-full wp-image-33006\" src=\"http:\/\/kapitalis.com\/tunisie\/wp-content\/uploads\/2016\/01\/Tunisie-Telecom-Ariana-3.jpg\" alt=\"Tunisie-Telecom-Ariana-3\" width=\"500\" height=\"350\" \/><\/p>\n<p>Cette c\u00e9r\u00e9monie a eu lieu en d\u00e9but d\u2019apr\u00e8s-midi, apr\u00e8s un workshop organis\u00e9, dans la matin\u00e9e, par TT de l\u2019Ariana, en pr\u00e9sence de Nizar Bouguila, qui devait \u00e9galement assister, 2 heures plus tard, \u00e0 l\u2019h\u00f4tel Ezzahra, \u00e0 l\u2019hommage rendu par la direction r\u00e9gionale de TT de Ben Arous \u00e0 ses 44 nouveaux retrait\u00e9s. M\u00eames hommages, m\u00eames remerciements, m\u00eames bouquets de fleurs et m\u00eames cadeaux de d\u00e9part.<\/p>\n<p>Apr\u00e8s ces d\u00e9parts \u00e0 la retraite, les deux directions comptent, d\u00e9sormais, respectivement 395 et plus de 400 employ\u00e9s.<\/p>\n<p><strong>Un repos bien m\u00e9rit\u00e9<\/strong><\/p>\n<p>\u00ab<em>Apr\u00e8s une si longue carri\u00e8re riche, au cours de laquelle ils ont contribu\u00e9 \u00e0 b\u00e2tir Tunisie Telecom, nos coll\u00e8gues ont droit \u00e0 un repos bien m\u00e9rit\u00e9. D\u2019autres prendront bien \u00e9videmment la rel\u00e8ve pour que notre entreprise reste toujours pionni\u00e8re dans notre pays<\/em>\u00bb, a lanc\u00e9 le Pdg, apr\u00e8s avoir f\u00e9licit\u00e9 les partants \u00e0 la retraite, les invitant par la m\u00eame occasion \u00e0 rester en contact avec l\u2019entreprise. \u00ab<em>Adh\u00e9rez \u00e0 l\u2019Association des retrait\u00e9s de Tunisie Telecom. Ainsi vous ne romprez pas avec l\u2019entreprise qui a encore besoin de vos conseils. Vous pouvez aussi nous proposer des projets et nous serons toujours \u00e0 l\u2019\u00e9coute. Cette association doit \u00eatre un trait d\u2019union entre les seniors et les cadets\u00bb,<\/em> a tenu \u00e0 ajouter M. Bouguila. Tout en rappelant aux retrait\u00e9s qu\u2019ils garderont tous les avantages qu\u2019ils avaient quand ils \u00e9taient encore en fonction dans l\u2019entreprise, le Pdg de TT leur a souhait\u00e9 un autre bon d\u00e9part et beaucoup de succ\u00e8s dans leur <em>\u00abnouvelle vie\u00bb.<\/em><\/p>\n<p style=\"text-align: center;\"><img loading=\"lazy\" decoding=\"async\" class=\"alignnone size-full wp-image-33007\" src=\"http:\/\/kapitalis.com\/tunisie\/wp-content\/uploads\/2016\/01\/Tunisie-Telecom-Ariana-4.jpg\" alt=\"Tunisie-Telecom-Ariana-4\" width=\"500\" height=\"350\" \/><\/p>\n<p>Tout en remerciant, lui aussi, ses coll\u00e8gues pour avoir donn\u00e9 une bonne partie de leur vie \u00e0 l\u2019entreprise et travaill\u00e9 avec abn\u00e9gation et conscience, parfois aux d\u00e9pens de leur vie familiale, Mohamed Ayadi Sbou\u00ef, directeur r\u00e9gional de Tunisie Telecom de l\u2019Ariana, a proc\u00e9d\u00e9 \u00e0 la distribution des cadeaux de d\u00e9part. Par la m\u00eame occasion, un VTR a \u00e9t\u00e9 diffus\u00e9 sur grand \u00e9cran o\u00f9 les 11 retrait\u00e9s, les larmes aux yeux, ont racont\u00e9, chacun \u00e0 sa mani\u00e8re, en quelques minutes, les grands moments de son passage dans Tunisie Telecom. La plupart ont pass\u00e9 plus de 30 ans \u00e0 Tunisie Telecom et se souviennent tous, comme si c\u2019\u00e9tait hier, du jour o\u00f9 ils en ont foul\u00e9, pour la premi\u00e8re fois, la porte de l\u2019entreprise. Larmes, \u00e9motions et applaudissements&#8230;<\/p>\n<p style=\"text-align: center;\"><img loading=\"lazy\" decoding=\"async\" class=\"alignnone size-full wp-image-33008\" src=\"http:\/\/kapitalis.com\/tunisie\/wp-content\/uploads\/2016\/01\/Tunisie-Telecom-Ariana-5.jpg\" alt=\"Tunisie-Telecom-Ariana-5\" width=\"500\" height=\"350\" \/><\/p>\n<p><strong>La vie est un \u00e9ternel recommencement<\/strong><\/p>\n<p><em>\u00abJe suis \u00e0 TT depuis le 7 d\u00e9cembre 1976. C\u2019\u00e9tait un samedi. A l\u2019\u00e9poque, j\u2019\u00e9tais contractuel. J\u2019ai vu passer des dizaines de responsables et de directeurs. C\u2019\u00e9tait depuis que le si\u00e8ge de TT \u00e9tait \u00e0 l\u2019avenue de Turquie, \u00e0 Tunis. Puis j\u2019ai atterri \u00e0 l\u2019Ariana, au P\u00f4le El-Ghazala\u00bb,<\/em> a d\u00e9clar\u00e9 l\u2019un des retrait\u00e9s, avant de s\u2019adresser \u00e0 ses jeunes coll\u00e8gues, la voix \u00e9cras\u00e9e par l\u2019\u00e9motion: <em>\u00abLe jour de mon d\u00e9part, je vous demande de garder pr\u00e9cieusement et jalousement cette entreprise. Occupez-vous d\u2019elle et donnez-vous \u00e0 fond, vous ne le regretterez pas. Sa r\u00e9ussite sera aussi la v\u00f4tre\u00bb.<\/em><\/p>\n<p style=\"text-align: center;\"><img loading=\"lazy\" decoding=\"async\" class=\"alignnone size-full wp-image-33009\" src=\"http:\/\/kapitalis.com\/tunisie\/wp-content\/uploads\/2016\/01\/Tunisie-Telecom-Ariana-6.jpg\" alt=\"Tunisie-Telecom-Ariana-6\" width=\"500\" height=\"350\" \/><\/p>\n<p>Des jeunes cadres, tout aussi \u00e9mus, ont tenu \u00e0 embrasser leurs a\u00een\u00e9s et \u00e0 les remercier. \u00ab<em>Ils nous ont pris par la main et nous ont beaucoup appris. Les passations se d\u00e9roulent souvent dans une ambiance fraternelle. Nous allons poursuivre sur la voie qu\u2019ils ont trac\u00e9e en esp\u00e9rant \u00eatre dignes de leur confiance<\/em>\u00bb, a d\u00e9clar\u00e9 un jeune cadre. Et d\u2019ajouter, un brin philosophe : <em>\u00abUn jour, ce sera \u00e0 notre tour de partir et de confier l\u2019entreprise \u00e0 d\u2019autres. La vie est ainsi faite. C\u2019est un \u00e9ternel recommencement.\u00bb<\/em><\/p>\n","protected":false},"excerpt":{"rendered":"<p>Tunisie Telecom a tenu \u00e0 f\u00eater comme il se doit le d\u00e9part \u00e0 la retraite de 11 employ\u00e9s de sa direction r\u00e9gionale de l\u2019Ariana. Par Zohra Abid<\/p>\n","protected":false},"author":8,"featured_media":33004,"comment_status":"open","ping_status":"open","sticky":false,"template":"","format":"standard","meta":{"footnotes":""},"categories":[992,998,2433],"tags":[79,4430,2542,930],"class_list":["post-33003","post","type-post","status-publish","format-standard","has-post-thumbnail","hentry","category-a-la-une","category-societe","category-tunisie","tag-ariana","tag-nizar-bouguila","tag-retraite","tag-tunisie-telecom"],"yoast_head":"<!-- This site is optimized with the Yoast SEO plugin v26.6 - https:\/\/yoast.com\/wordpress\/plugins\/seo\/ -->\n<title>Ariana : Tunisie Telecom rend hommage \u00e0 ses retrait\u00e9s - Kapitalis<\/title>\n<meta name=\"robots\" content=\"index, follow, max-snippet:-1, max-image-preview:large, max-video-preview:-1\" \/>\n<link rel=\"canonical\" href=\"https:\/\/kapitalis.com\/tunisie\/2016\/01\/02\/ariana-tunisie-telecom-rend-hommage-a-ses-retraites\/\" \/>\n<meta property=\"og:locale\" content=\"fr_FR\" \/>\n<meta property=\"og:type\" content=\"article\" \/>\n<meta property=\"og:title\" content=\"Ariana : Tunisie Telecom rend hommage \u00e0 ses retrait\u00e9s - Kapitalis\" \/>\n<meta property=\"og:description\" content=\"Tunisie Telecom a tenu \u00e0 f\u00eater comme il se doit le d\u00e9part \u00e0 la retraite de 11 employ\u00e9s de sa direction r\u00e9gionale de l\u2019Ariana. Par Zohra Abid\" \/>\n<meta property=\"og:url\" content=\"https:\/\/kapitalis.com\/tunisie\/2016\/01\/02\/ariana-tunisie-telecom-rend-hommage-a-ses-retraites\/\" \/>\n<meta property=\"og:site_name\" content=\"Kapitalis\" \/>\n<meta property=\"article:publisher\" content=\"https:\/\/www.facebook.com\/KapitalisInfo\/\" \/>\n<meta property=\"article:published_time\" content=\"2016-01-02T11:13:43+00:00\" \/>\n<meta property=\"article:modified_time\" content=\"2016-01-02T11:22:44+00:00\" \/>\n<meta property=\"og:image\" content=\"https:\/\/kapitalis.com\/tunisie\/wp-content\/uploads\/2022\/05\/kapitalis-logo-fb.png\" \/>\n\t<meta property=\"og:image:width\" content=\"1200\" \/>\n\t<meta property=\"og:image:height\" content=\"630\" \/>\n\t<meta property=\"og:image:type\" content=\"image\/png\" \/>\n<meta name=\"author\" content=\"webmaster kapitalis\" \/>\n<meta name=\"twitter:card\" content=\"summary_large_image\" \/>\n<meta name=\"twitter:creator\" content=\"@KapitalisInfo\" \/>\n<meta name=\"twitter:site\" content=\"@KapitalisInfo\" \/>\n<meta name=\"twitter:label1\" content=\"\u00c9crit par\" \/>\n\t<meta name=\"twitter:data1\" content=\"webmaster kapitalis\" \/>\n\t<meta name=\"twitter:label2\" content=\"Dur\u00e9e de lecture estim\u00e9e\" \/>\n\t<meta name=\"twitter:data2\" content=\"4 minutes\" \/>\n<script type=\"application\/ld+json\" class=\"yoast-schema-graph\">{\"@context\":\"https:\/\/schema.org\",\"@graph\":[{\"@type\":\"Article\",\"@id\":\"https:\/\/kapitalis.com\/tunisie\/2016\/01\/02\/ariana-tunisie-telecom-rend-hommage-a-ses-retraites\/#article\",\"isPartOf\":{\"@id\":\"https:\/\/kapitalis.com\/tunisie\/2016\/01\/02\/ariana-tunisie-telecom-rend-hommage-a-ses-retraites\/\"},\"author\":{\"name\":\"webmaster kapitalis\",\"@id\":\"https:\/\/kapitalis.com\/tunisie\/#\/schema\/person\/d71f33a9ca44f7bad4698210b480c8e9\"},\"headline\":\"Ariana : Tunisie Telecom rend hommage \u00e0 ses retrait\u00e9s\",\"datePublished\":\"2016-01-02T11:13:43+00:00\",\"dateModified\":\"2016-01-02T11:22:44+00:00\",\"mainEntityOfPage\":{\"@id\":\"https:\/\/kapitalis.com\/tunisie\/2016\/01\/02\/ariana-tunisie-telecom-rend-hommage-a-ses-retraites\/\"},\"wordCount\":805,\"commentCount\":1,\"publisher\":{\"@id\":\"https:\/\/kapitalis.com\/tunisie\/#organization\"},\"image\":{\"@id\":\"https:\/\/kapitalis.com\/tunisie\/2016\/01\/02\/ariana-tunisie-telecom-rend-hommage-a-ses-retraites\/#primaryimage\"},\"thumbnailUrl\":\"\",\"keywords\":[\"Ariana\",\"Nizar Bouguila\",\"retraite\",\"Tunisie Telecom\"],\"articleSection\":[\"A LA UNE\",\"SOCIETE\",\"Tunisie\"],\"inLanguage\":\"fr-FR\",\"potentialAction\":[{\"@type\":\"CommentAction\",\"name\":\"Comment\",\"target\":[\"https:\/\/kapitalis.com\/tunisie\/2016\/01\/02\/ariana-tunisie-telecom-rend-hommage-a-ses-retraites\/#respond\"]}]},{\"@type\":\"WebPage\",\"@id\":\"https:\/\/kapitalis.com\/tunisie\/2016\/01\/02\/ariana-tunisie-telecom-rend-hommage-a-ses-retraites\/\",\"url\":\"https:\/\/kapitalis.com\/tunisie\/2016\/01\/02\/ariana-tunisie-telecom-rend-hommage-a-ses-retraites\/\",\"name\":\"Ariana : Tunisie Telecom rend hommage \u00e0 ses retrait\u00e9s - Kapitalis\",\"isPartOf\":{\"@id\":\"https:\/\/kapitalis.com\/tunisie\/#website\"},\"primaryImageOfPage\":{\"@id\":\"https:\/\/kapitalis.com\/tunisie\/2016\/01\/02\/ariana-tunisie-telecom-rend-hommage-a-ses-retraites\/#primaryimage\"},\"image\":{\"@id\":\"https:\/\/kapitalis.com\/tunisie\/2016\/01\/02\/ariana-tunisie-telecom-rend-hommage-a-ses-retraites\/#primaryimage\"},\"thumbnailUrl\":\"\",\"datePublished\":\"2016-01-02T11:13:43+00:00\",\"dateModified\":\"2016-01-02T11:22:44+00:00\",\"breadcrumb\":{\"@id\":\"https:\/\/kapitalis.com\/tunisie\/2016\/01\/02\/ariana-tunisie-telecom-rend-hommage-a-ses-retraites\/#breadcrumb\"},\"inLanguage\":\"fr-FR\",\"potentialAction\":[{\"@type\":\"ReadAction\",\"target\":[\"https:\/\/kapitalis.com\/tunisie\/2016\/01\/02\/ariana-tunisie-telecom-rend-hommage-a-ses-retraites\/\"]}]},{\"@type\":\"ImageObject\",\"inLanguage\":\"fr-FR\",\"@id\":\"https:\/\/kapitalis.com\/tunisie\/2016\/01\/02\/ariana-tunisie-telecom-rend-hommage-a-ses-retraites\/#primaryimage\",\"url\":\"\",\"contentUrl\":\"\"},{\"@type\":\"BreadcrumbList\",\"@id\":\"https:\/\/kapitalis.com\/tunisie\/2016\/01\/02\/ariana-tunisie-telecom-rend-hommage-a-ses-retraites\/#breadcrumb\",\"itemListElement\":[{\"@type\":\"ListItem\",\"position\":1,\"name\":\"Accueil\",\"item\":\"https:\/\/kapitalis.com\/tunisie\/\"},{\"@type\":\"ListItem\",\"position\":2,\"name\":\"Ariana : Tunisie Telecom rend hommage \u00e0 ses retrait\u00e9s\"}]},{\"@type\":\"WebSite\",\"@id\":\"https:\/\/kapitalis.com\/tunisie\/#website\",\"url\":\"https:\/\/kapitalis.com\/tunisie\/\",\"name\":\"Kapitalis\",\"description\":\"L&#039;actualit\u00e9 en Tunisie et dans le monde\",\"publisher\":{\"@id\":\"https:\/\/kapitalis.com\/tunisie\/#organization\"},\"potentialAction\":[{\"@type\":\"SearchAction\",\"target\":{\"@type\":\"EntryPoint\",\"urlTemplate\":\"https:\/\/kapitalis.com\/tunisie\/?s={search_term_string}\"},\"query-input\":{\"@type\":\"PropertyValueSpecification\",\"valueRequired\":true,\"valueName\":\"search_term_string\"}}],\"inLanguage\":\"fr-FR\"},{\"@type\":\"Organization\",\"@id\":\"https:\/\/kapitalis.com\/tunisie\/#organization\",\"name\":\"Kapitalis\",\"url\":\"https:\/\/kapitalis.com\/tunisie\/\",\"logo\":{\"@type\":\"ImageObject\",\"inLanguage\":\"fr-FR\",\"@id\":\"https:\/\/kapitalis.com\/tunisie\/#\/schema\/logo\/image\/\",\"url\":\"https:\/\/kapitalis.com\/tunisie\/wp-content\/uploads\/2022\/05\/Kapitalis-big-size.png\",\"contentUrl\":\"https:\/\/kapitalis.com\/tunisie\/wp-content\/uploads\/2022\/05\/Kapitalis-big-size.png\",\"width\":5000,\"height\":1500,\"caption\":\"Kapitalis\"},\"image\":{\"@id\":\"https:\/\/kapitalis.com\/tunisie\/#\/schema\/logo\/image\/\"},\"sameAs\":[\"https:\/\/www.facebook.com\/KapitalisInfo\/\",\"https:\/\/x.com\/KapitalisInfo\",\"https:\/\/www.youtube.com\/channel\/UC-yDYrHyfFBWWZaOw3FPg9Q\"]},{\"@type\":\"Person\",\"@id\":\"https:\/\/kapitalis.com\/tunisie\/#\/schema\/person\/d71f33a9ca44f7bad4698210b480c8e9\",\"name\":\"webmaster kapitalis\",\"url\":\"https:\/\/kapitalis.com\/tunisie\/author\/webmaster-kapitalis\/\"}]}<\/script>\n<!-- \/ Yoast SEO plugin. -->","yoast_head_json":{"title":"Ariana : Tunisie Telecom rend hommage \u00e0 ses retrait\u00e9s - Kapitalis","robots":{"index":"index","follow":"follow","max-snippet":"max-snippet:-1","max-image-preview":"max-image-preview:large","max-video-preview":"max-video-preview:-1"},"canonical":"https:\/\/kapitalis.com\/tunisie\/2016\/01\/02\/ariana-tunisie-telecom-rend-hommage-a-ses-retraites\/","og_locale":"fr_FR","og_type":"article","og_title":"Ariana : Tunisie Telecom rend hommage \u00e0 ses retrait\u00e9s - Kapitalis","og_description":"Tunisie Telecom a tenu \u00e0 f\u00eater comme il se doit le d\u00e9part \u00e0 la retraite de 11 employ\u00e9s de sa direction r\u00e9gionale de l\u2019Ariana. Par Zohra Abid","og_url":"https:\/\/kapitalis.com\/tunisie\/2016\/01\/02\/ariana-tunisie-telecom-rend-hommage-a-ses-retraites\/","og_site_name":"Kapitalis","article_publisher":"https:\/\/www.facebook.com\/KapitalisInfo\/","article_published_time":"2016-01-02T11:13:43+00:00","article_modified_time":"2016-01-02T11:22:44+00:00","og_image":[{"width":1200,"height":630,"url":"https:\/\/kapitalis.com\/tunisie\/wp-content\/uploads\/2022\/05\/kapitalis-logo-fb.png","type":"image\/png"}],"author":"webmaster kapitalis","twitter_card":"summary_large_image","twitter_creator":"@KapitalisInfo","twitter_site":"@KapitalisInfo","twitter_misc":{"\u00c9crit par":"webmaster kapitalis","Dur\u00e9e de lecture estim\u00e9e":"4 minutes"},"schema":{"@context":"https:\/\/schema.org","@graph":[{"@type":"Article","@id":"https:\/\/kapitalis.com\/tunisie\/2016\/01\/02\/ariana-tunisie-telecom-rend-hommage-a-ses-retraites\/#article","isPartOf":{"@id":"https:\/\/kapitalis.com\/tunisie\/2016\/01\/02\/ariana-tunisie-telecom-rend-hommage-a-ses-retraites\/"},"author":{"name":"webmaster kapitalis","@id":"https:\/\/kapitalis.com\/tunisie\/#\/schema\/person\/d71f33a9ca44f7bad4698210b480c8e9"},"headline":"Ariana : Tunisie Telecom rend hommage \u00e0 ses retrait\u00e9s","datePublished":"2016-01-02T11:13:43+00:00","dateModified":"2016-01-02T11:22:44+00:00","mainEntityOfPage":{"@id":"https:\/\/kapitalis.com\/tunisie\/2016\/01\/02\/ariana-tunisie-telecom-rend-hommage-a-ses-retraites\/"},"wordCount":805,"commentCount":1,"publisher":{"@id":"https:\/\/kapitalis.com\/tunisie\/#organization"},"image":{"@id":"https:\/\/kapitalis.com\/tunisie\/2016\/01\/02\/ariana-tunisie-telecom-rend-hommage-a-ses-retraites\/#primaryimage"},"thumbnailUrl":"","keywords":["Ariana","Nizar Bouguila","retraite","Tunisie Telecom"],"articleSection":["A LA UNE","SOCIETE","Tunisie"],"inLanguage":"fr-FR","potentialAction":[{"@type":"CommentAction","name":"Comment","target":["https:\/\/kapitalis.com\/tunisie\/2016\/01\/02\/ariana-tunisie-telecom-rend-hommage-a-ses-retraites\/#respond"]}]},{"@type":"WebPage","@id":"https:\/\/kapitalis.com\/tunisie\/2016\/01\/02\/ariana-tunisie-telecom-rend-hommage-a-ses-retraites\/","url":"https:\/\/kapitalis.com\/tunisie\/2016\/01\/02\/ariana-tunisie-telecom-rend-hommage-a-ses-retraites\/","name":"Ariana : Tunisie Telecom rend hommage \u00e0 ses retrait\u00e9s - Kapitalis","isPartOf":{"@id":"https:\/\/kapitalis.com\/tunisie\/#website"},"primaryImageOfPage":{"@id":"https:\/\/kapitalis.com\/tunisie\/2016\/01\/02\/ariana-tunisie-telecom-rend-hommage-a-ses-retraites\/#primaryimage"},"image":{"@id":"https:\/\/kapitalis.com\/tunisie\/2016\/01\/02\/ariana-tunisie-telecom-rend-hommage-a-ses-retraites\/#primaryimage"},"thumbnailUrl":"","datePublished":"2016-01-02T11:13:43+00:00","dateModified":"2016-01-02T11:22:44+00:00","breadcrumb":{"@id":"https:\/\/kapitalis.com\/tunisie\/2016\/01\/02\/ariana-tunisie-telecom-rend-hommage-a-ses-retraites\/#breadcrumb"},"inLanguage":"fr-FR","potentialAction":[{"@type":"ReadAction","target":["https:\/\/kapitalis.com\/tunisie\/2016\/01\/02\/ariana-tunisie-telecom-rend-hommage-a-ses-retraites\/"]}]},{"@type":"ImageObject","inLanguage":"fr-FR","@id":"https:\/\/kapitalis.com\/tunisie\/2016\/01\/02\/ariana-tunisie-telecom-rend-hommage-a-ses-retraites\/#primaryimage","url":"","contentUrl":""},{"@type":"BreadcrumbList","@id":"https:\/\/kapitalis.com\/tunisie\/2016\/01\/02\/ariana-tunisie-telecom-rend-hommage-a-ses-retraites\/#breadcrumb","itemListElement":[{"@type":"ListItem","position":1,"name":"Accueil","item":"https:\/\/kapitalis.com\/tunisie\/"},{"@type":"ListItem","position":2,"name":"Ariana : Tunisie Telecom rend hommage \u00e0 ses retrait\u00e9s"}]},{"@type":"WebSite","@id":"https:\/\/kapitalis.com\/tunisie\/#website","url":"https:\/\/kapitalis.com\/tunisie\/","name":"Kapitalis","description":"L&#039;actualit\u00e9 en Tunisie et dans le monde","publisher":{"@id":"https:\/\/kapitalis.com\/tunisie\/#organization"},"potentialAction":[{"@type":"SearchAction","target":{"@type":"EntryPoint","urlTemplate":"https:\/\/kapitalis.com\/tunisie\/?s={search_term_string}"},"query-input":{"@type":"PropertyValueSpecification","valueRequired":true,"valueName":"search_term_string"}}],"inLanguage":"fr-FR"},{"@type":"Organization","@id":"https:\/\/kapitalis.com\/tunisie\/#organization","name":"Kapitalis","url":"https:\/\/kapitalis.com\/tunisie\/","logo":{"@type":"ImageObject","inLanguage":"fr-FR","@id":"https:\/\/kapitalis.com\/tunisie\/#\/schema\/logo\/image\/","url":"https:\/\/kapitalis.com\/tunisie\/wp-content\/uploads\/2022\/05\/Kapitalis-big-size.png","contentUrl":"https:\/\/kapitalis.com\/tunisie\/wp-content\/uploads\/2022\/05\/Kapitalis-big-size.png","width":5000,"height":1500,"caption":"Kapitalis"},"image":{"@id":"https:\/\/kapitalis.com\/tunisie\/#\/schema\/logo\/image\/"},"sameAs":["https:\/\/www.facebook.com\/KapitalisInfo\/","https:\/\/x.com\/KapitalisInfo","https:\/\/www.youtube.com\/channel\/UC-yDYrHyfFBWWZaOw3FPg9Q"]},{"@type":"Person","@id":"https:\/\/kapitalis.com\/tunisie\/#\/schema\/person\/d71f33a9ca44f7bad4698210b480c8e9","name":"webmaster kapitalis","url":"https:\/\/kapitalis.com\/tunisie\/author\/webmaster-kapitalis\/"}]}},"_links":{"self":[{"href":"https:\/\/kapitalis.com\/tunisie\/wp-json\/wp\/v2\/posts\/33003","targetHints":{"allow":["GET"]}}],"collection":[{"href":"https:\/\/kapitalis.com\/tunisie\/wp-json\/wp\/v2\/posts"}],"about":[{"href":"https:\/\/kapitalis.com\/tunisie\/wp-json\/wp\/v2\/types\/post"}],"author":[{"embeddable":true,"href":"https:\/\/kapitalis.com\/tunisie\/wp-json\/wp\/v2\/users\/8"}],"replies":[{"embeddable":true,"href":"https:\/\/kapitalis.com\/tunisie\/wp-json\/wp\/v2\/comments?post=33003"}],"version-history":[{"count":0,"href":"https:\/\/kapitalis.com\/tunisie\/wp-json\/wp\/v2\/posts\/33003\/revisions"}],"wp:featuredmedia":[{"embeddable":true,"href":"https:\/\/kapitalis.com\/tunisie\/wp-json\/wp\/v2\/media\/33004"}],"wp:attachment":[{"href":"https:\/\/kapitalis.com\/tunisie\/wp-json\/wp\/v2\/media?parent=33003"}],"wp:term":[{"taxonomy":"category","embeddable":true,"href":"https:\/\/kapitalis.com\/tunisie\/wp-json\/wp\/v2\/categories?post=33003"},{"taxonomy":"post_tag","embeddable":true,"href":"https:\/\/kapitalis.com\/tunisie\/wp-json\/wp\/v2\/tags?post=33003"}],"curies":[{"name":"wp","href":"https:\/\/api.w.org\/{rel}","templated":true}]}}