{"id":330239,"date":"2020-12-30T14:17:14","date_gmt":"2020-12-30T13:17:14","guid":{"rendered":"http:\/\/kapitalis.com\/tunisie\/?p=330239"},"modified":"2020-12-30T18:40:53","modified_gmt":"2020-12-30T17:40:53","slug":"abir-moussi-revele-les-dessous-de-la-mission-de-seifeddine-makhlouf-en-suisse","status":"publish","type":"post","link":"https:\/\/kapitalis.com\/tunisie\/2020\/12\/30\/abir-moussi-revele-les-dessous-de-la-mission-de-seifeddine-makhlouf-en-suisse\/","title":{"rendered":"Abir Moussi \u00abr\u00e9v\u00e8le les dessous de la mission\u00bb de Seifeddine Makhlouf en Suisse"},"content":{"rendered":"\n<figure class=\"wp-block-image size-large\"><img decoding=\"async\" src=\"http:\/\/kapitalis.com\/tunisie\/wp-content\/uploads\/2020\/12\/Abir-Moussi-Assemblee.jpg\" alt=\"\" class=\"wp-image-330244\"\/><\/figure>\n\n\n\n<p><strong><em>\u00abLe voyage de Seifeddine Makhlouf ne s\u2019inscrit pas dans le cadre d\u2019une mission parlementaire officielle, et le probl\u00e8me ne r\u00e9side pas dans le type de passeport en question, qui a \u00e9t\u00e9 au centre d&rsquo;une fausse pol\u00e9mique, mais dans la nature de cette mission\u00bb, a indiqu\u00e9 la pr\u00e9sidente du Parti destourien libre (PDL) Abir Moussi, lors d&rsquo;une conf\u00e9rence organis\u00e9e ce mercredi 30 d\u00e9cembre 2020, \u00e0 l&rsquo;Assembl\u00e9e, en affirmant \u00e9galement que le pr\u00e9sident du parlement Rached Ghannouchi n&rsquo;est pas habilit\u00e9 \u00e0 d\u00e9livrer les ordres de missions.<\/em><\/strong><\/p>\n\n\n\n<!--more-->\n\n\n\n<p>En effet selon Abir Moussi, c&rsquo;est le bureau de l&rsquo;Assembl\u00e9e, qui aurait du examiner l&rsquo;ordre de mission et d\u00e9cider s&rsquo;il \u00e9tait n\u00e9cessaire de d\u00e9livrer le passeport sp\u00e9cial, octroy\u00e9 dans le cadre de missions parlementaire, \u00e0 Seifeddine Makhlouf, chef du bloc Al-Karama, a-t-elle dit, en affirmant avoir adress\u00e9 une demande d\u2019explications \u00e0 ce sujet, au pr\u00e9sident de l&rsquo;Assembl\u00e9e, Rached Ghannouchi : \u00ab<em>mais je n\u2019ai rien re\u00e7u en retour et ceci repr\u00e9sente une infraction au r\u00e8glement int\u00e9rieur<\/em>\u00bb.<\/p>\n\n\n\n<p>La pr\u00e9sidente du PDL a affirm\u00e9 que le voyage de Seifeddine Makhlouf ne s&rsquo;inscrit pas dans le cadre d\u2019une mission parlementaire, tout en indiquant que l&rsquo;Association tunisienne des victimes de la torture, sise \u00e0 Gen\u00e8ve, qui a invit\u00e9 le chef du bloc Al-Karama, n&rsquo;est pas connue pour son militantisme.<\/p>\n\n\n\n<p><em>\u00abDe plus, elle est pr\u00e9sid\u00e9e par un d\u00e9nomm\u00e9 Abdennacer Ne\u00eft-Liman, un tuniso-alg\u00e9rien, membre de l\u2019organisation des Fr\u00e8res musulmans appel\u00e9e aujourd&rsquo;hui Ennahdha. Il a quitt\u00e9 la Tunisie en 1998 pour l&rsquo;Italie, qui l&rsquo;a expuls\u00e9 pour appartenance \u00e0 un groupe terroriste, avant de repartir \u00e0 Gen\u00e8ve o\u00f9 il a demand\u00e9 l&rsquo;asile politique\u00bb<\/em>, ajoute Abir Moussi.<\/p>\n\n\n\n<p>\u00ab<em>On s&rsquo;interroge alors sur le caract\u00e8re urgent de cette visite qui a n\u00e9cessit\u00e9 l\u2019octroi d\u2019un passeport de mission \u00e0 Makhlouf sachant que le monde est en pleine lutte contre le coronavirus et que toutes les activit\u00e9s se d\u00e9roulent \u00e0 distance. Rached Ghannouchi doit nous donner des explications, notamment sur les objectifs et sur le financement de cette visite\u00bb<\/em>, a encore d\u00e9plor\u00e9 Abir Moussi, estimant que cette mission est suspecte.<\/p>\n\n\n\n<p><em>\u00abC&rsquo;est une r\u00e9union entre islamistes, li\u00e9e aux activit\u00e9s de l&rsquo;organisation des Fr\u00e8res musulmans et une enqu\u00eate doit \u00eatre ouverte\u00bb<\/em>, a-t-elle appel\u00e9.<\/p>\n\n\n\n<p>Rappelons que l\u2019Assembl\u00e9e a indiqu\u00e9 hier, dans un communiqu\u00e9 que Seifeddine Makhlouf a \u00e9t\u00e9 invit\u00e9, en tant que pr\u00e9sident de la commission parlementaire des martyrs de la r\u00e9volution, par ladite association, pour une rencontre portant sur la justice transitionnelle qui s\u2019est d\u00e9roul\u00e9e du 21 au 27 d\u00e9cembre.<\/p>\n\n\n\n<p>En r\u00e9action, Zied Ghanney, d\u00e9put\u00e9 Attayar avait indiqu\u00e9 que le communiqu\u00e9 de l&rsquo;ARP  vise \u00e0 tromper l&rsquo;opinion publique pour mettre fin \u00e0 la pol\u00e9mique, en affirmant lui aussi, que Rached Ghannouchi, n&rsquo;est pas habilit\u00e9 \u00e0 octroyer les ordres des missions, et que le bureau de l&rsquo;Assembl\u00e9e aurait du \u00eatre consult\u00e9.<\/p>\n\n\n\n<p class=\"has-text-align-right\"><strong>Y. N.<\/strong><\/p>\n\n\n\n<figure class=\"wp-block-embed-wordpress wp-block-embed is-type-wp-embed is-provider-kapitalis\"><div class=\"wp-block-embed__wrapper\">\n<blockquote class=\"wp-embedded-content\" data-secret=\"iCeZ7KmKBZ\"><a href=\"https:\/\/kapitalis.com\/tunisie\/2020\/12\/28\/arp-ghannouchi-aurait-illegalement-accorde-un-passeport-de-service-a-makhlouf\/\">ARP : Ghannouchi aurait ill\u00e9galement accord\u00e9 un passeport de service \u00e0 Makhlouf<\/a><\/blockquote><iframe loading=\"lazy\" class=\"wp-embedded-content\" sandbox=\"allow-scripts\" security=\"restricted\" style=\"position: absolute; clip: rect(1px, 1px, 1px, 1px);\" title=\"\u00ab\u00a0ARP : Ghannouchi aurait ill\u00e9galement accord\u00e9 un passeport de service \u00e0 Makhlouf\u00a0\u00bb &#8212; Kapitalis\" src=\"https:\/\/kapitalis.com\/tunisie\/2020\/12\/28\/arp-ghannouchi-aurait-illegalement-accorde-un-passeport-de-service-a-makhlouf\/embed\/#?secret=xDwVyllRNH#?secret=iCeZ7KmKBZ\" data-secret=\"iCeZ7KmKBZ\" width=\"600\" height=\"338\" frameborder=\"0\" marginwidth=\"0\" marginheight=\"0\" scrolling=\"no\"><\/iframe>\n<\/div><\/figure>\n","protected":false},"excerpt":{"rendered":"<p>\u00abLe voyage de Seifeddine Makhlouf ne s\u2019inscrit pas dans le cadre d\u2019une mission parlementaire officielle, et le probl\u00e8me ne r\u00e9side pas dans le type de passeport en question, qui a \u00e9t\u00e9 au centre d&rsquo;une fausse pol\u00e9mique, mais dans la nature de cette mission\u00bb, a indiqu\u00e9 la pr\u00e9sidente du Parti destourien libre (PDL) Abir Moussi, lors&#8230;<\/p>\n","protected":false},"author":6,"featured_media":330244,"comment_status":"open","ping_status":"open","sticky":false,"template":"","format":"standard","meta":{"footnotes":""},"categories":[997,2433],"tags":[15144,76464,93,49543,413,2315,4741,33536,8752,866,62643],"class_list":["post-330239","post","type-post","status-publish","format-standard","has-post-thumbnail","hentry","category-politique","category-tunisie","tag-abir-moussi","tag-al-karama-2","tag-assemblee","tag-ennahdha","tag-ghannouchi","tag-mission","tag-passeport","tag-pdl","tag-seifeddine-makhlouf","tag-suisse","tag-tunisie"],"yoast_head":"<!-- This site is optimized with the Yoast SEO plugin v26.6 - https:\/\/yoast.com\/wordpress\/plugins\/seo\/ -->\n<title>Abir Moussi \u00abr\u00e9v\u00e8le les dessous de la mission\u00bb de Seifeddine Makhlouf en Suisse - Kapitalis<\/title>\n<meta name=\"robots\" content=\"index, follow, max-snippet:-1, max-image-preview:large, max-video-preview:-1\" \/>\n<link rel=\"canonical\" href=\"https:\/\/kapitalis.com\/tunisie\/2020\/12\/30\/abir-moussi-revele-les-dessous-de-la-mission-de-seifeddine-makhlouf-en-suisse\/\" \/>\n<meta property=\"og:locale\" content=\"fr_FR\" \/>\n<meta property=\"og:type\" content=\"article\" \/>\n<meta property=\"og:title\" content=\"Abir Moussi \u00abr\u00e9v\u00e8le les dessous de la mission\u00bb de Seifeddine Makhlouf en Suisse - Kapitalis\" \/>\n<meta property=\"og:description\" content=\"\u00abLe voyage de Seifeddine Makhlouf ne s\u2019inscrit pas dans le cadre d\u2019une mission parlementaire officielle, et le probl\u00e8me ne r\u00e9side pas dans le type de passeport en question, qui a \u00e9t\u00e9 au centre d&rsquo;une fausse pol\u00e9mique, mais dans la nature de cette mission\u00bb, a indiqu\u00e9 la pr\u00e9sidente du Parti destourien libre (PDL) Abir Moussi, lors...\" \/>\n<meta property=\"og:url\" content=\"https:\/\/kapitalis.com\/tunisie\/2020\/12\/30\/abir-moussi-revele-les-dessous-de-la-mission-de-seifeddine-makhlouf-en-suisse\/\" \/>\n<meta property=\"og:site_name\" content=\"Kapitalis\" \/>\n<meta property=\"article:publisher\" content=\"https:\/\/www.facebook.com\/KapitalisInfo\/\" \/>\n<meta property=\"article:published_time\" content=\"2020-12-30T13:17:14+00:00\" \/>\n<meta property=\"article:modified_time\" content=\"2020-12-30T17:40:53+00:00\" \/>\n<meta property=\"og:image\" content=\"https:\/\/kapitalis.com\/tunisie\/wp-content\/uploads\/2022\/05\/kapitalis-logo-fb.png\" \/>\n\t<meta property=\"og:image:width\" content=\"1200\" \/>\n\t<meta property=\"og:image:height\" content=\"630\" \/>\n\t<meta property=\"og:image:type\" content=\"image\/png\" \/>\n<meta name=\"author\" content=\"Yusra NY\" \/>\n<meta name=\"twitter:card\" content=\"summary_large_image\" \/>\n<meta name=\"twitter:creator\" content=\"@KapitalisInfo\" \/>\n<meta name=\"twitter:site\" content=\"@KapitalisInfo\" \/>\n<meta name=\"twitter:label1\" content=\"\u00c9crit par\" \/>\n\t<meta name=\"twitter:data1\" content=\"Yusra NY\" \/>\n\t<meta name=\"twitter:label2\" content=\"Dur\u00e9e de lecture estim\u00e9e\" \/>\n\t<meta name=\"twitter:data2\" content=\"2 minutes\" \/>\n<script type=\"application\/ld+json\" class=\"yoast-schema-graph\">{\"@context\":\"https:\/\/schema.org\",\"@graph\":[{\"@type\":\"Article\",\"@id\":\"https:\/\/kapitalis.com\/tunisie\/2020\/12\/30\/abir-moussi-revele-les-dessous-de-la-mission-de-seifeddine-makhlouf-en-suisse\/#article\",\"isPartOf\":{\"@id\":\"https:\/\/kapitalis.com\/tunisie\/2020\/12\/30\/abir-moussi-revele-les-dessous-de-la-mission-de-seifeddine-makhlouf-en-suisse\/\"},\"author\":{\"name\":\"Yusra NY\",\"@id\":\"https:\/\/kapitalis.com\/tunisie\/#\/schema\/person\/74bbde0154d49d790a92aaeac5bc01d5\"},\"headline\":\"Abir Moussi \u00abr\u00e9v\u00e8le les dessous de la mission\u00bb de Seifeddine Makhlouf en Suisse\",\"datePublished\":\"2020-12-30T13:17:14+00:00\",\"dateModified\":\"2020-12-30T17:40:53+00:00\",\"mainEntityOfPage\":{\"@id\":\"https:\/\/kapitalis.com\/tunisie\/2020\/12\/30\/abir-moussi-revele-les-dessous-de-la-mission-de-seifeddine-makhlouf-en-suisse\/\"},\"wordCount\":513,\"commentCount\":5,\"publisher\":{\"@id\":\"https:\/\/kapitalis.com\/tunisie\/#organization\"},\"image\":{\"@id\":\"https:\/\/kapitalis.com\/tunisie\/2020\/12\/30\/abir-moussi-revele-les-dessous-de-la-mission-de-seifeddine-makhlouf-en-suisse\/#primaryimage\"},\"thumbnailUrl\":\"\",\"keywords\":[\"Abir Moussi\",\"Al-Karama\",\"Assembl\u00e9e\",\"Ennahdha\",\"ghannouchi\",\"mission\",\"passeport\",\"PDL\",\"Seifeddine Makhlouf\",\"Suisse\",\"Tunisie\"],\"articleSection\":[\"POLITIQUE\",\"Tunisie\"],\"inLanguage\":\"fr-FR\",\"potentialAction\":[{\"@type\":\"CommentAction\",\"name\":\"Comment\",\"target\":[\"https:\/\/kapitalis.com\/tunisie\/2020\/12\/30\/abir-moussi-revele-les-dessous-de-la-mission-de-seifeddine-makhlouf-en-suisse\/#respond\"]}]},{\"@type\":\"WebPage\",\"@id\":\"https:\/\/kapitalis.com\/tunisie\/2020\/12\/30\/abir-moussi-revele-les-dessous-de-la-mission-de-seifeddine-makhlouf-en-suisse\/\",\"url\":\"https:\/\/kapitalis.com\/tunisie\/2020\/12\/30\/abir-moussi-revele-les-dessous-de-la-mission-de-seifeddine-makhlouf-en-suisse\/\",\"name\":\"Abir Moussi \u00abr\u00e9v\u00e8le les dessous de la mission\u00bb de Seifeddine Makhlouf en Suisse - Kapitalis\",\"isPartOf\":{\"@id\":\"https:\/\/kapitalis.com\/tunisie\/#website\"},\"primaryImageOfPage\":{\"@id\":\"https:\/\/kapitalis.com\/tunisie\/2020\/12\/30\/abir-moussi-revele-les-dessous-de-la-mission-de-seifeddine-makhlouf-en-suisse\/#primaryimage\"},\"image\":{\"@id\":\"https:\/\/kapitalis.com\/tunisie\/2020\/12\/30\/abir-moussi-revele-les-dessous-de-la-mission-de-seifeddine-makhlouf-en-suisse\/#primaryimage\"},\"thumbnailUrl\":\"\",\"datePublished\":\"2020-12-30T13:17:14+00:00\",\"dateModified\":\"2020-12-30T17:40:53+00:00\",\"breadcrumb\":{\"@id\":\"https:\/\/kapitalis.com\/tunisie\/2020\/12\/30\/abir-moussi-revele-les-dessous-de-la-mission-de-seifeddine-makhlouf-en-suisse\/#breadcrumb\"},\"inLanguage\":\"fr-FR\",\"potentialAction\":[{\"@type\":\"ReadAction\",\"target\":[\"https:\/\/kapitalis.com\/tunisie\/2020\/12\/30\/abir-moussi-revele-les-dessous-de-la-mission-de-seifeddine-makhlouf-en-suisse\/\"]}]},{\"@type\":\"ImageObject\",\"inLanguage\":\"fr-FR\",\"@id\":\"https:\/\/kapitalis.com\/tunisie\/2020\/12\/30\/abir-moussi-revele-les-dessous-de-la-mission-de-seifeddine-makhlouf-en-suisse\/#primaryimage\",\"url\":\"\",\"contentUrl\":\"\"},{\"@type\":\"BreadcrumbList\",\"@id\":\"https:\/\/kapitalis.com\/tunisie\/2020\/12\/30\/abir-moussi-revele-les-dessous-de-la-mission-de-seifeddine-makhlouf-en-suisse\/#breadcrumb\",\"itemListElement\":[{\"@type\":\"ListItem\",\"position\":1,\"name\":\"Accueil\",\"item\":\"https:\/\/kapitalis.com\/tunisie\/\"},{\"@type\":\"ListItem\",\"position\":2,\"name\":\"Abir Moussi \u00abr\u00e9v\u00e8le les dessous de la mission\u00bb de Seifeddine Makhlouf en Suisse\"}]},{\"@type\":\"WebSite\",\"@id\":\"https:\/\/kapitalis.com\/tunisie\/#website\",\"url\":\"https:\/\/kapitalis.com\/tunisie\/\",\"name\":\"Kapitalis\",\"description\":\"L&#039;actualit\u00e9 en Tunisie et dans le monde\",\"publisher\":{\"@id\":\"https:\/\/kapitalis.com\/tunisie\/#organization\"},\"potentialAction\":[{\"@type\":\"SearchAction\",\"target\":{\"@type\":\"EntryPoint\",\"urlTemplate\":\"https:\/\/kapitalis.com\/tunisie\/?s={search_term_string}\"},\"query-input\":{\"@type\":\"PropertyValueSpecification\",\"valueRequired\":true,\"valueName\":\"search_term_string\"}}],\"inLanguage\":\"fr-FR\"},{\"@type\":\"Organization\",\"@id\":\"https:\/\/kapitalis.com\/tunisie\/#organization\",\"name\":\"Kapitalis\",\"url\":\"https:\/\/kapitalis.com\/tunisie\/\",\"logo\":{\"@type\":\"ImageObject\",\"inLanguage\":\"fr-FR\",\"@id\":\"https:\/\/kapitalis.com\/tunisie\/#\/schema\/logo\/image\/\",\"url\":\"https:\/\/kapitalis.com\/tunisie\/wp-content\/uploads\/2022\/05\/Kapitalis-big-size.png\",\"contentUrl\":\"https:\/\/kapitalis.com\/tunisie\/wp-content\/uploads\/2022\/05\/Kapitalis-big-size.png\",\"width\":5000,\"height\":1500,\"caption\":\"Kapitalis\"},\"image\":{\"@id\":\"https:\/\/kapitalis.com\/tunisie\/#\/schema\/logo\/image\/\"},\"sameAs\":[\"https:\/\/www.facebook.com\/KapitalisInfo\/\",\"https:\/\/x.com\/KapitalisInfo\",\"https:\/\/www.youtube.com\/channel\/UC-yDYrHyfFBWWZaOw3FPg9Q\"]},{\"@type\":\"Person\",\"@id\":\"https:\/\/kapitalis.com\/tunisie\/#\/schema\/person\/74bbde0154d49d790a92aaeac5bc01d5\",\"name\":\"Yusra NY\",\"url\":\"https:\/\/kapitalis.com\/tunisie\/author\/yuza_adam\/\"}]}<\/script>\n<!-- \/ Yoast SEO plugin. -->","yoast_head_json":{"title":"Abir Moussi \u00abr\u00e9v\u00e8le les dessous de la mission\u00bb de Seifeddine Makhlouf en Suisse - Kapitalis","robots":{"index":"index","follow":"follow","max-snippet":"max-snippet:-1","max-image-preview":"max-image-preview:large","max-video-preview":"max-video-preview:-1"},"canonical":"https:\/\/kapitalis.com\/tunisie\/2020\/12\/30\/abir-moussi-revele-les-dessous-de-la-mission-de-seifeddine-makhlouf-en-suisse\/","og_locale":"fr_FR","og_type":"article","og_title":"Abir Moussi \u00abr\u00e9v\u00e8le les dessous de la mission\u00bb de Seifeddine Makhlouf en Suisse - Kapitalis","og_description":"\u00abLe voyage de Seifeddine Makhlouf ne s\u2019inscrit pas dans le cadre d\u2019une mission parlementaire officielle, et le probl\u00e8me ne r\u00e9side pas dans le type de passeport en question, qui a \u00e9t\u00e9 au centre d&rsquo;une fausse pol\u00e9mique, mais dans la nature de cette mission\u00bb, a indiqu\u00e9 la pr\u00e9sidente du Parti destourien libre (PDL) Abir Moussi, lors...","og_url":"https:\/\/kapitalis.com\/tunisie\/2020\/12\/30\/abir-moussi-revele-les-dessous-de-la-mission-de-seifeddine-makhlouf-en-suisse\/","og_site_name":"Kapitalis","article_publisher":"https:\/\/www.facebook.com\/KapitalisInfo\/","article_published_time":"2020-12-30T13:17:14+00:00","article_modified_time":"2020-12-30T17:40:53+00:00","og_image":[{"width":1200,"height":630,"url":"https:\/\/kapitalis.com\/tunisie\/wp-content\/uploads\/2022\/05\/kapitalis-logo-fb.png","type":"image\/png"}],"author":"Yusra NY","twitter_card":"summary_large_image","twitter_creator":"@KapitalisInfo","twitter_site":"@KapitalisInfo","twitter_misc":{"\u00c9crit par":"Yusra NY","Dur\u00e9e de lecture estim\u00e9e":"2 minutes"},"schema":{"@context":"https:\/\/schema.org","@graph":[{"@type":"Article","@id":"https:\/\/kapitalis.com\/tunisie\/2020\/12\/30\/abir-moussi-revele-les-dessous-de-la-mission-de-seifeddine-makhlouf-en-suisse\/#article","isPartOf":{"@id":"https:\/\/kapitalis.com\/tunisie\/2020\/12\/30\/abir-moussi-revele-les-dessous-de-la-mission-de-seifeddine-makhlouf-en-suisse\/"},"author":{"name":"Yusra NY","@id":"https:\/\/kapitalis.com\/tunisie\/#\/schema\/person\/74bbde0154d49d790a92aaeac5bc01d5"},"headline":"Abir Moussi \u00abr\u00e9v\u00e8le les dessous de la mission\u00bb de Seifeddine Makhlouf en Suisse","datePublished":"2020-12-30T13:17:14+00:00","dateModified":"2020-12-30T17:40:53+00:00","mainEntityOfPage":{"@id":"https:\/\/kapitalis.com\/tunisie\/2020\/12\/30\/abir-moussi-revele-les-dessous-de-la-mission-de-seifeddine-makhlouf-en-suisse\/"},"wordCount":513,"commentCount":5,"publisher":{"@id":"https:\/\/kapitalis.com\/tunisie\/#organization"},"image":{"@id":"https:\/\/kapitalis.com\/tunisie\/2020\/12\/30\/abir-moussi-revele-les-dessous-de-la-mission-de-seifeddine-makhlouf-en-suisse\/#primaryimage"},"thumbnailUrl":"","keywords":["Abir Moussi","Al-Karama","Assembl\u00e9e","Ennahdha","ghannouchi","mission","passeport","PDL","Seifeddine Makhlouf","Suisse","Tunisie"],"articleSection":["POLITIQUE","Tunisie"],"inLanguage":"fr-FR","potentialAction":[{"@type":"CommentAction","name":"Comment","target":["https:\/\/kapitalis.com\/tunisie\/2020\/12\/30\/abir-moussi-revele-les-dessous-de-la-mission-de-seifeddine-makhlouf-en-suisse\/#respond"]}]},{"@type":"WebPage","@id":"https:\/\/kapitalis.com\/tunisie\/2020\/12\/30\/abir-moussi-revele-les-dessous-de-la-mission-de-seifeddine-makhlouf-en-suisse\/","url":"https:\/\/kapitalis.com\/tunisie\/2020\/12\/30\/abir-moussi-revele-les-dessous-de-la-mission-de-seifeddine-makhlouf-en-suisse\/","name":"Abir Moussi \u00abr\u00e9v\u00e8le les dessous de la mission\u00bb de Seifeddine Makhlouf en Suisse - Kapitalis","isPartOf":{"@id":"https:\/\/kapitalis.com\/tunisie\/#website"},"primaryImageOfPage":{"@id":"https:\/\/kapitalis.com\/tunisie\/2020\/12\/30\/abir-moussi-revele-les-dessous-de-la-mission-de-seifeddine-makhlouf-en-suisse\/#primaryimage"},"image":{"@id":"https:\/\/kapitalis.com\/tunisie\/2020\/12\/30\/abir-moussi-revele-les-dessous-de-la-mission-de-seifeddine-makhlouf-en-suisse\/#primaryimage"},"thumbnailUrl":"","datePublished":"2020-12-30T13:17:14+00:00","dateModified":"2020-12-30T17:40:53+00:00","breadcrumb":{"@id":"https:\/\/kapitalis.com\/tunisie\/2020\/12\/30\/abir-moussi-revele-les-dessous-de-la-mission-de-seifeddine-makhlouf-en-suisse\/#breadcrumb"},"inLanguage":"fr-FR","potentialAction":[{"@type":"ReadAction","target":["https:\/\/kapitalis.com\/tunisie\/2020\/12\/30\/abir-moussi-revele-les-dessous-de-la-mission-de-seifeddine-makhlouf-en-suisse\/"]}]},{"@type":"ImageObject","inLanguage":"fr-FR","@id":"https:\/\/kapitalis.com\/tunisie\/2020\/12\/30\/abir-moussi-revele-les-dessous-de-la-mission-de-seifeddine-makhlouf-en-suisse\/#primaryimage","url":"","contentUrl":""},{"@type":"BreadcrumbList","@id":"https:\/\/kapitalis.com\/tunisie\/2020\/12\/30\/abir-moussi-revele-les-dessous-de-la-mission-de-seifeddine-makhlouf-en-suisse\/#breadcrumb","itemListElement":[{"@type":"ListItem","position":1,"name":"Accueil","item":"https:\/\/kapitalis.com\/tunisie\/"},{"@type":"ListItem","position":2,"name":"Abir Moussi \u00abr\u00e9v\u00e8le les dessous de la mission\u00bb de Seifeddine Makhlouf en Suisse"}]},{"@type":"WebSite","@id":"https:\/\/kapitalis.com\/tunisie\/#website","url":"https:\/\/kapitalis.com\/tunisie\/","name":"Kapitalis","description":"L&#039;actualit\u00e9 en Tunisie et dans le monde","publisher":{"@id":"https:\/\/kapitalis.com\/tunisie\/#organization"},"potentialAction":[{"@type":"SearchAction","target":{"@type":"EntryPoint","urlTemplate":"https:\/\/kapitalis.com\/tunisie\/?s={search_term_string}"},"query-input":{"@type":"PropertyValueSpecification","valueRequired":true,"valueName":"search_term_string"}}],"inLanguage":"fr-FR"},{"@type":"Organization","@id":"https:\/\/kapitalis.com\/tunisie\/#organization","name":"Kapitalis","url":"https:\/\/kapitalis.com\/tunisie\/","logo":{"@type":"ImageObject","inLanguage":"fr-FR","@id":"https:\/\/kapitalis.com\/tunisie\/#\/schema\/logo\/image\/","url":"https:\/\/kapitalis.com\/tunisie\/wp-content\/uploads\/2022\/05\/Kapitalis-big-size.png","contentUrl":"https:\/\/kapitalis.com\/tunisie\/wp-content\/uploads\/2022\/05\/Kapitalis-big-size.png","width":5000,"height":1500,"caption":"Kapitalis"},"image":{"@id":"https:\/\/kapitalis.com\/tunisie\/#\/schema\/logo\/image\/"},"sameAs":["https:\/\/www.facebook.com\/KapitalisInfo\/","https:\/\/x.com\/KapitalisInfo","https:\/\/www.youtube.com\/channel\/UC-yDYrHyfFBWWZaOw3FPg9Q"]},{"@type":"Person","@id":"https:\/\/kapitalis.com\/tunisie\/#\/schema\/person\/74bbde0154d49d790a92aaeac5bc01d5","name":"Yusra NY","url":"https:\/\/kapitalis.com\/tunisie\/author\/yuza_adam\/"}]}},"_links":{"self":[{"href":"https:\/\/kapitalis.com\/tunisie\/wp-json\/wp\/v2\/posts\/330239","targetHints":{"allow":["GET"]}}],"collection":[{"href":"https:\/\/kapitalis.com\/tunisie\/wp-json\/wp\/v2\/posts"}],"about":[{"href":"https:\/\/kapitalis.com\/tunisie\/wp-json\/wp\/v2\/types\/post"}],"author":[{"embeddable":true,"href":"https:\/\/kapitalis.com\/tunisie\/wp-json\/wp\/v2\/users\/6"}],"replies":[{"embeddable":true,"href":"https:\/\/kapitalis.com\/tunisie\/wp-json\/wp\/v2\/comments?post=330239"}],"version-history":[{"count":0,"href":"https:\/\/kapitalis.com\/tunisie\/wp-json\/wp\/v2\/posts\/330239\/revisions"}],"wp:featuredmedia":[{"embeddable":true,"href":"https:\/\/kapitalis.com\/tunisie\/wp-json\/wp\/v2\/media\/330244"}],"wp:attachment":[{"href":"https:\/\/kapitalis.com\/tunisie\/wp-json\/wp\/v2\/media?parent=330239"}],"wp:term":[{"taxonomy":"category","embeddable":true,"href":"https:\/\/kapitalis.com\/tunisie\/wp-json\/wp\/v2\/categories?post=330239"},{"taxonomy":"post_tag","embeddable":true,"href":"https:\/\/kapitalis.com\/tunisie\/wp-json\/wp\/v2\/tags?post=330239"}],"curies":[{"name":"wp","href":"https:\/\/api.w.org\/{rel}","templated":true}]}}