{"id":330576,"date":"2021-01-03T10:14:06","date_gmt":"2021-01-03T09:14:06","guid":{"rendered":"http:\/\/kapitalis.com\/tunisie\/?p=330576"},"modified":"2021-01-03T10:14:08","modified_gmt":"2021-01-03T09:14:08","slug":"lecrivain-tunisien-yamen-manai-fait-partie-des-recommandations-litteraires-de-2021-du-new-york-times","status":"publish","type":"post","link":"https:\/\/kapitalis.com\/tunisie\/2021\/01\/03\/lecrivain-tunisien-yamen-manai-fait-partie-des-recommandations-litteraires-de-2021-du-new-york-times\/","title":{"rendered":"L&rsquo;\u00e9crivain tunisien Yamen Mana\u00ef fait partie des recommandations litt\u00e9raires de 2021 du New York Times"},"content":{"rendered":"\n<div class=\"wp-block-image\"><figure class=\"aligncenter size-large\"><img decoding=\"async\" src=\"http:\/\/kapitalis.com\/tunisie\/wp-content\/uploads\/2021\/01\/Untitled-1.jpg\" alt=\"\" class=\"wp-image-330583\"\/><\/figure><\/div>\n\n\n\n<p><strong><em>Le roman \u00ab&nbsp;L\u2019amas ardent&nbsp;\u00bb \u00e9crit par le jeune \u00e9crivain tunisien Yamen Mana\u00ef figure dans la liste des livres \u00e0 lire en 2021 du journal am\u00e9ricain The New York Times.<\/em><\/strong><\/p>\n\n\n\n<!--more-->\n\n\n\n<p>Comme chaque ann\u00e9e le c\u00e9l\u00e8bre quotidien new-yorkais \u00ab&nbsp;The New York Times&nbsp;\u00bb (NYT) annonce une nouvelle s\u00e9lection de livres qu\u2019il recommande \u00e0 ses lecteurs \u00e0 l\u2019occasion du nouvel an.<\/p>\n\n\n\n<p>Parmi les livres recommand\u00e9s dans la nouvelle liste de 2021, figurent de grands \u00e9crivains comme Fyodor Dosto\u00efevski, Marguerite Duras, Haruki Murakami, George Perec, Hoda Barakat \u2026 Mais on y trouve \u00e9galement l\u2019\u00e9crivain tunisien Yamen Mana\u00ef avec son roman \u00ab&nbsp;L\u2019amas ardent&nbsp;\u00bb, paru en 2017 aux \u00e9ditions Elyzard.<\/p>\n\n\n\n<p>Aur\u00e9ol\u00e9 de plusieurs prix litt\u00e9raires nationaux et internationaux dont le Comar d\u2019or de 2017, le Prix des cinq continents de la francophonie ou encore le Grand prix du roman M\u00e9tis, \u00ab&nbsp;L\u2019amas ardent&nbsp;\u00bb est une fable moderne qui dresse le portrait d\u2019une Tunisie agit\u00e9e o\u00f9 les fanatiques de Dieu ne sont pas \u00e0 l\u2019abri de sa foudre.<\/p>\n\n\n\n<p>Ecrit en langue fran\u00e7aise, le roman vient d\u2019\u00eatre traduit en anglais par Lara Vergnaud sous le titre \u00ab&nbsp;The ardent swarm&nbsp;\u00bb.<\/p>\n\n\n\n<p><strong>Fawz Benali<\/strong><\/p>\n","protected":false},"excerpt":{"rendered":"<p>Le roman \u00ab&nbsp;L\u2019amas ardent&nbsp;\u00bb \u00e9crit par le jeune \u00e9crivain tunisien Yamen Mana\u00ef figure dans la liste des livres \u00e0 lire en 2021 du journal am\u00e9ricain The New York Times.<\/p>\n","protected":false},"author":26,"featured_media":330583,"comment_status":"open","ping_status":"open","sticky":false,"template":"","format":"standard","meta":{"footnotes":""},"categories":[994,2433],"tags":[17282,84861,37337,6699,37336],"class_list":["post-330576","post","type-post","status-publish","format-standard","has-post-thumbnail","hentry","category-culture","category-tunisie","tag-comar-dor","tag-editions-elyzard","tag-lamas-ardent","tag-new-york-times","tag-yamen-manai"],"yoast_head":"<!-- This site is optimized with the Yoast SEO plugin v26.6 - https:\/\/yoast.com\/wordpress\/plugins\/seo\/ -->\n<title>L&#039;\u00e9crivain tunisien Yamen Mana\u00ef fait partie des recommandations litt\u00e9raires de 2021 du New York Times - Kapitalis<\/title>\n<meta name=\"robots\" content=\"index, follow, max-snippet:-1, max-image-preview:large, max-video-preview:-1\" \/>\n<link rel=\"canonical\" href=\"https:\/\/kapitalis.com\/tunisie\/2021\/01\/03\/lecrivain-tunisien-yamen-manai-fait-partie-des-recommandations-litteraires-de-2021-du-new-york-times\/\" \/>\n<meta property=\"og:locale\" content=\"fr_FR\" \/>\n<meta property=\"og:type\" content=\"article\" \/>\n<meta property=\"og:title\" content=\"L&#039;\u00e9crivain tunisien Yamen Mana\u00ef fait partie des recommandations litt\u00e9raires de 2021 du New York Times - Kapitalis\" \/>\n<meta property=\"og:description\" content=\"Le roman \u00ab&nbsp;L\u2019amas ardent&nbsp;\u00bb \u00e9crit par le jeune \u00e9crivain tunisien Yamen Mana\u00ef figure dans la liste des livres \u00e0 lire en 2021 du journal am\u00e9ricain The New York Times.\" \/>\n<meta property=\"og:url\" content=\"https:\/\/kapitalis.com\/tunisie\/2021\/01\/03\/lecrivain-tunisien-yamen-manai-fait-partie-des-recommandations-litteraires-de-2021-du-new-york-times\/\" \/>\n<meta property=\"og:site_name\" content=\"Kapitalis\" \/>\n<meta property=\"article:publisher\" content=\"https:\/\/www.facebook.com\/KapitalisInfo\/\" \/>\n<meta property=\"article:published_time\" content=\"2021-01-03T09:14:06+00:00\" \/>\n<meta property=\"article:modified_time\" content=\"2021-01-03T09:14:08+00:00\" \/>\n<meta property=\"og:image\" content=\"https:\/\/kapitalis.com\/tunisie\/wp-content\/uploads\/2022\/05\/kapitalis-logo-fb.png\" \/>\n\t<meta property=\"og:image:width\" content=\"1200\" \/>\n\t<meta property=\"og:image:height\" content=\"630\" \/>\n\t<meta property=\"og:image:type\" content=\"image\/png\" \/>\n<meta name=\"author\" content=\"Fawz BenAli\" \/>\n<meta name=\"twitter:card\" content=\"summary_large_image\" \/>\n<meta name=\"twitter:creator\" content=\"@KapitalisInfo\" \/>\n<meta name=\"twitter:site\" content=\"@KapitalisInfo\" \/>\n<meta name=\"twitter:label1\" content=\"\u00c9crit par\" \/>\n\t<meta name=\"twitter:data1\" content=\"Fawz BenAli\" \/>\n\t<meta name=\"twitter:label2\" content=\"Dur\u00e9e de lecture estim\u00e9e\" \/>\n\t<meta name=\"twitter:data2\" content=\"1 minute\" \/>\n<script type=\"application\/ld+json\" class=\"yoast-schema-graph\">{\"@context\":\"https:\/\/schema.org\",\"@graph\":[{\"@type\":\"Article\",\"@id\":\"https:\/\/kapitalis.com\/tunisie\/2021\/01\/03\/lecrivain-tunisien-yamen-manai-fait-partie-des-recommandations-litteraires-de-2021-du-new-york-times\/#article\",\"isPartOf\":{\"@id\":\"https:\/\/kapitalis.com\/tunisie\/2021\/01\/03\/lecrivain-tunisien-yamen-manai-fait-partie-des-recommandations-litteraires-de-2021-du-new-york-times\/\"},\"author\":{\"name\":\"Fawz BenAli\",\"@id\":\"https:\/\/kapitalis.com\/tunisie\/#\/schema\/person\/73a5ecc1f6ae540c6ed91342eadca948\"},\"headline\":\"L&rsquo;\u00e9crivain tunisien Yamen Mana\u00ef fait partie des recommandations litt\u00e9raires de 2021 du New York Times\",\"datePublished\":\"2021-01-03T09:14:06+00:00\",\"dateModified\":\"2021-01-03T09:14:08+00:00\",\"mainEntityOfPage\":{\"@id\":\"https:\/\/kapitalis.com\/tunisie\/2021\/01\/03\/lecrivain-tunisien-yamen-manai-fait-partie-des-recommandations-litteraires-de-2021-du-new-york-times\/\"},\"wordCount\":220,\"commentCount\":1,\"publisher\":{\"@id\":\"https:\/\/kapitalis.com\/tunisie\/#organization\"},\"image\":{\"@id\":\"https:\/\/kapitalis.com\/tunisie\/2021\/01\/03\/lecrivain-tunisien-yamen-manai-fait-partie-des-recommandations-litteraires-de-2021-du-new-york-times\/#primaryimage\"},\"thumbnailUrl\":\"\",\"keywords\":[\"Comar d'Or\",\"\u00e9ditions Elyzard\",\"L'Amas ardent\",\"New York Times\",\"Yamen Manai\"],\"articleSection\":[\"CULTURE\",\"Tunisie\"],\"inLanguage\":\"fr-FR\",\"potentialAction\":[{\"@type\":\"CommentAction\",\"name\":\"Comment\",\"target\":[\"https:\/\/kapitalis.com\/tunisie\/2021\/01\/03\/lecrivain-tunisien-yamen-manai-fait-partie-des-recommandations-litteraires-de-2021-du-new-york-times\/#respond\"]}]},{\"@type\":\"WebPage\",\"@id\":\"https:\/\/kapitalis.com\/tunisie\/2021\/01\/03\/lecrivain-tunisien-yamen-manai-fait-partie-des-recommandations-litteraires-de-2021-du-new-york-times\/\",\"url\":\"https:\/\/kapitalis.com\/tunisie\/2021\/01\/03\/lecrivain-tunisien-yamen-manai-fait-partie-des-recommandations-litteraires-de-2021-du-new-york-times\/\",\"name\":\"L'\u00e9crivain tunisien Yamen Mana\u00ef fait partie des recommandations litt\u00e9raires de 2021 du New York Times - Kapitalis\",\"isPartOf\":{\"@id\":\"https:\/\/kapitalis.com\/tunisie\/#website\"},\"primaryImageOfPage\":{\"@id\":\"https:\/\/kapitalis.com\/tunisie\/2021\/01\/03\/lecrivain-tunisien-yamen-manai-fait-partie-des-recommandations-litteraires-de-2021-du-new-york-times\/#primaryimage\"},\"image\":{\"@id\":\"https:\/\/kapitalis.com\/tunisie\/2021\/01\/03\/lecrivain-tunisien-yamen-manai-fait-partie-des-recommandations-litteraires-de-2021-du-new-york-times\/#primaryimage\"},\"thumbnailUrl\":\"\",\"datePublished\":\"2021-01-03T09:14:06+00:00\",\"dateModified\":\"2021-01-03T09:14:08+00:00\",\"breadcrumb\":{\"@id\":\"https:\/\/kapitalis.com\/tunisie\/2021\/01\/03\/lecrivain-tunisien-yamen-manai-fait-partie-des-recommandations-litteraires-de-2021-du-new-york-times\/#breadcrumb\"},\"inLanguage\":\"fr-FR\",\"potentialAction\":[{\"@type\":\"ReadAction\",\"target\":[\"https:\/\/kapitalis.com\/tunisie\/2021\/01\/03\/lecrivain-tunisien-yamen-manai-fait-partie-des-recommandations-litteraires-de-2021-du-new-york-times\/\"]}]},{\"@type\":\"ImageObject\",\"inLanguage\":\"fr-FR\",\"@id\":\"https:\/\/kapitalis.com\/tunisie\/2021\/01\/03\/lecrivain-tunisien-yamen-manai-fait-partie-des-recommandations-litteraires-de-2021-du-new-york-times\/#primaryimage\",\"url\":\"\",\"contentUrl\":\"\"},{\"@type\":\"BreadcrumbList\",\"@id\":\"https:\/\/kapitalis.com\/tunisie\/2021\/01\/03\/lecrivain-tunisien-yamen-manai-fait-partie-des-recommandations-litteraires-de-2021-du-new-york-times\/#breadcrumb\",\"itemListElement\":[{\"@type\":\"ListItem\",\"position\":1,\"name\":\"Accueil\",\"item\":\"https:\/\/kapitalis.com\/tunisie\/\"},{\"@type\":\"ListItem\",\"position\":2,\"name\":\"L&rsquo;\u00e9crivain tunisien Yamen Mana\u00ef fait partie des recommandations litt\u00e9raires de 2021 du New York Times\"}]},{\"@type\":\"WebSite\",\"@id\":\"https:\/\/kapitalis.com\/tunisie\/#website\",\"url\":\"https:\/\/kapitalis.com\/tunisie\/\",\"name\":\"Kapitalis\",\"description\":\"L&#039;actualit\u00e9 en Tunisie et dans le monde\",\"publisher\":{\"@id\":\"https:\/\/kapitalis.com\/tunisie\/#organization\"},\"potentialAction\":[{\"@type\":\"SearchAction\",\"target\":{\"@type\":\"EntryPoint\",\"urlTemplate\":\"https:\/\/kapitalis.com\/tunisie\/?s={search_term_string}\"},\"query-input\":{\"@type\":\"PropertyValueSpecification\",\"valueRequired\":true,\"valueName\":\"search_term_string\"}}],\"inLanguage\":\"fr-FR\"},{\"@type\":\"Organization\",\"@id\":\"https:\/\/kapitalis.com\/tunisie\/#organization\",\"name\":\"Kapitalis\",\"url\":\"https:\/\/kapitalis.com\/tunisie\/\",\"logo\":{\"@type\":\"ImageObject\",\"inLanguage\":\"fr-FR\",\"@id\":\"https:\/\/kapitalis.com\/tunisie\/#\/schema\/logo\/image\/\",\"url\":\"https:\/\/kapitalis.com\/tunisie\/wp-content\/uploads\/2022\/05\/Kapitalis-big-size.png\",\"contentUrl\":\"https:\/\/kapitalis.com\/tunisie\/wp-content\/uploads\/2022\/05\/Kapitalis-big-size.png\",\"width\":5000,\"height\":1500,\"caption\":\"Kapitalis\"},\"image\":{\"@id\":\"https:\/\/kapitalis.com\/tunisie\/#\/schema\/logo\/image\/\"},\"sameAs\":[\"https:\/\/www.facebook.com\/KapitalisInfo\/\",\"https:\/\/x.com\/KapitalisInfo\",\"https:\/\/www.youtube.com\/channel\/UC-yDYrHyfFBWWZaOw3FPg9Q\"]},{\"@type\":\"Person\",\"@id\":\"https:\/\/kapitalis.com\/tunisie\/#\/schema\/person\/73a5ecc1f6ae540c6ed91342eadca948\",\"name\":\"Fawz BenAli\",\"url\":\"https:\/\/kapitalis.com\/tunisie\/author\/fawz\/\"}]}<\/script>\n<!-- \/ Yoast SEO plugin. -->","yoast_head_json":{"title":"L'\u00e9crivain tunisien Yamen Mana\u00ef fait partie des recommandations litt\u00e9raires de 2021 du New York Times - Kapitalis","robots":{"index":"index","follow":"follow","max-snippet":"max-snippet:-1","max-image-preview":"max-image-preview:large","max-video-preview":"max-video-preview:-1"},"canonical":"https:\/\/kapitalis.com\/tunisie\/2021\/01\/03\/lecrivain-tunisien-yamen-manai-fait-partie-des-recommandations-litteraires-de-2021-du-new-york-times\/","og_locale":"fr_FR","og_type":"article","og_title":"L'\u00e9crivain tunisien Yamen Mana\u00ef fait partie des recommandations litt\u00e9raires de 2021 du New York Times - Kapitalis","og_description":"Le roman \u00ab&nbsp;L\u2019amas ardent&nbsp;\u00bb \u00e9crit par le jeune \u00e9crivain tunisien Yamen Mana\u00ef figure dans la liste des livres \u00e0 lire en 2021 du journal am\u00e9ricain The New York Times.","og_url":"https:\/\/kapitalis.com\/tunisie\/2021\/01\/03\/lecrivain-tunisien-yamen-manai-fait-partie-des-recommandations-litteraires-de-2021-du-new-york-times\/","og_site_name":"Kapitalis","article_publisher":"https:\/\/www.facebook.com\/KapitalisInfo\/","article_published_time":"2021-01-03T09:14:06+00:00","article_modified_time":"2021-01-03T09:14:08+00:00","og_image":[{"width":1200,"height":630,"url":"https:\/\/kapitalis.com\/tunisie\/wp-content\/uploads\/2022\/05\/kapitalis-logo-fb.png","type":"image\/png"}],"author":"Fawz BenAli","twitter_card":"summary_large_image","twitter_creator":"@KapitalisInfo","twitter_site":"@KapitalisInfo","twitter_misc":{"\u00c9crit par":"Fawz BenAli","Dur\u00e9e de lecture estim\u00e9e":"1 minute"},"schema":{"@context":"https:\/\/schema.org","@graph":[{"@type":"Article","@id":"https:\/\/kapitalis.com\/tunisie\/2021\/01\/03\/lecrivain-tunisien-yamen-manai-fait-partie-des-recommandations-litteraires-de-2021-du-new-york-times\/#article","isPartOf":{"@id":"https:\/\/kapitalis.com\/tunisie\/2021\/01\/03\/lecrivain-tunisien-yamen-manai-fait-partie-des-recommandations-litteraires-de-2021-du-new-york-times\/"},"author":{"name":"Fawz BenAli","@id":"https:\/\/kapitalis.com\/tunisie\/#\/schema\/person\/73a5ecc1f6ae540c6ed91342eadca948"},"headline":"L&rsquo;\u00e9crivain tunisien Yamen Mana\u00ef fait partie des recommandations litt\u00e9raires de 2021 du New York Times","datePublished":"2021-01-03T09:14:06+00:00","dateModified":"2021-01-03T09:14:08+00:00","mainEntityOfPage":{"@id":"https:\/\/kapitalis.com\/tunisie\/2021\/01\/03\/lecrivain-tunisien-yamen-manai-fait-partie-des-recommandations-litteraires-de-2021-du-new-york-times\/"},"wordCount":220,"commentCount":1,"publisher":{"@id":"https:\/\/kapitalis.com\/tunisie\/#organization"},"image":{"@id":"https:\/\/kapitalis.com\/tunisie\/2021\/01\/03\/lecrivain-tunisien-yamen-manai-fait-partie-des-recommandations-litteraires-de-2021-du-new-york-times\/#primaryimage"},"thumbnailUrl":"","keywords":["Comar d'Or","\u00e9ditions Elyzard","L'Amas ardent","New York Times","Yamen Manai"],"articleSection":["CULTURE","Tunisie"],"inLanguage":"fr-FR","potentialAction":[{"@type":"CommentAction","name":"Comment","target":["https:\/\/kapitalis.com\/tunisie\/2021\/01\/03\/lecrivain-tunisien-yamen-manai-fait-partie-des-recommandations-litteraires-de-2021-du-new-york-times\/#respond"]}]},{"@type":"WebPage","@id":"https:\/\/kapitalis.com\/tunisie\/2021\/01\/03\/lecrivain-tunisien-yamen-manai-fait-partie-des-recommandations-litteraires-de-2021-du-new-york-times\/","url":"https:\/\/kapitalis.com\/tunisie\/2021\/01\/03\/lecrivain-tunisien-yamen-manai-fait-partie-des-recommandations-litteraires-de-2021-du-new-york-times\/","name":"L'\u00e9crivain tunisien Yamen Mana\u00ef fait partie des recommandations litt\u00e9raires de 2021 du New York Times - Kapitalis","isPartOf":{"@id":"https:\/\/kapitalis.com\/tunisie\/#website"},"primaryImageOfPage":{"@id":"https:\/\/kapitalis.com\/tunisie\/2021\/01\/03\/lecrivain-tunisien-yamen-manai-fait-partie-des-recommandations-litteraires-de-2021-du-new-york-times\/#primaryimage"},"image":{"@id":"https:\/\/kapitalis.com\/tunisie\/2021\/01\/03\/lecrivain-tunisien-yamen-manai-fait-partie-des-recommandations-litteraires-de-2021-du-new-york-times\/#primaryimage"},"thumbnailUrl":"","datePublished":"2021-01-03T09:14:06+00:00","dateModified":"2021-01-03T09:14:08+00:00","breadcrumb":{"@id":"https:\/\/kapitalis.com\/tunisie\/2021\/01\/03\/lecrivain-tunisien-yamen-manai-fait-partie-des-recommandations-litteraires-de-2021-du-new-york-times\/#breadcrumb"},"inLanguage":"fr-FR","potentialAction":[{"@type":"ReadAction","target":["https:\/\/kapitalis.com\/tunisie\/2021\/01\/03\/lecrivain-tunisien-yamen-manai-fait-partie-des-recommandations-litteraires-de-2021-du-new-york-times\/"]}]},{"@type":"ImageObject","inLanguage":"fr-FR","@id":"https:\/\/kapitalis.com\/tunisie\/2021\/01\/03\/lecrivain-tunisien-yamen-manai-fait-partie-des-recommandations-litteraires-de-2021-du-new-york-times\/#primaryimage","url":"","contentUrl":""},{"@type":"BreadcrumbList","@id":"https:\/\/kapitalis.com\/tunisie\/2021\/01\/03\/lecrivain-tunisien-yamen-manai-fait-partie-des-recommandations-litteraires-de-2021-du-new-york-times\/#breadcrumb","itemListElement":[{"@type":"ListItem","position":1,"name":"Accueil","item":"https:\/\/kapitalis.com\/tunisie\/"},{"@type":"ListItem","position":2,"name":"L&rsquo;\u00e9crivain tunisien Yamen Mana\u00ef fait partie des recommandations litt\u00e9raires de 2021 du New York Times"}]},{"@type":"WebSite","@id":"https:\/\/kapitalis.com\/tunisie\/#website","url":"https:\/\/kapitalis.com\/tunisie\/","name":"Kapitalis","description":"L&#039;actualit\u00e9 en Tunisie et dans le monde","publisher":{"@id":"https:\/\/kapitalis.com\/tunisie\/#organization"},"potentialAction":[{"@type":"SearchAction","target":{"@type":"EntryPoint","urlTemplate":"https:\/\/kapitalis.com\/tunisie\/?s={search_term_string}"},"query-input":{"@type":"PropertyValueSpecification","valueRequired":true,"valueName":"search_term_string"}}],"inLanguage":"fr-FR"},{"@type":"Organization","@id":"https:\/\/kapitalis.com\/tunisie\/#organization","name":"Kapitalis","url":"https:\/\/kapitalis.com\/tunisie\/","logo":{"@type":"ImageObject","inLanguage":"fr-FR","@id":"https:\/\/kapitalis.com\/tunisie\/#\/schema\/logo\/image\/","url":"https:\/\/kapitalis.com\/tunisie\/wp-content\/uploads\/2022\/05\/Kapitalis-big-size.png","contentUrl":"https:\/\/kapitalis.com\/tunisie\/wp-content\/uploads\/2022\/05\/Kapitalis-big-size.png","width":5000,"height":1500,"caption":"Kapitalis"},"image":{"@id":"https:\/\/kapitalis.com\/tunisie\/#\/schema\/logo\/image\/"},"sameAs":["https:\/\/www.facebook.com\/KapitalisInfo\/","https:\/\/x.com\/KapitalisInfo","https:\/\/www.youtube.com\/channel\/UC-yDYrHyfFBWWZaOw3FPg9Q"]},{"@type":"Person","@id":"https:\/\/kapitalis.com\/tunisie\/#\/schema\/person\/73a5ecc1f6ae540c6ed91342eadca948","name":"Fawz BenAli","url":"https:\/\/kapitalis.com\/tunisie\/author\/fawz\/"}]}},"_links":{"self":[{"href":"https:\/\/kapitalis.com\/tunisie\/wp-json\/wp\/v2\/posts\/330576","targetHints":{"allow":["GET"]}}],"collection":[{"href":"https:\/\/kapitalis.com\/tunisie\/wp-json\/wp\/v2\/posts"}],"about":[{"href":"https:\/\/kapitalis.com\/tunisie\/wp-json\/wp\/v2\/types\/post"}],"author":[{"embeddable":true,"href":"https:\/\/kapitalis.com\/tunisie\/wp-json\/wp\/v2\/users\/26"}],"replies":[{"embeddable":true,"href":"https:\/\/kapitalis.com\/tunisie\/wp-json\/wp\/v2\/comments?post=330576"}],"version-history":[{"count":0,"href":"https:\/\/kapitalis.com\/tunisie\/wp-json\/wp\/v2\/posts\/330576\/revisions"}],"wp:featuredmedia":[{"embeddable":true,"href":"https:\/\/kapitalis.com\/tunisie\/wp-json\/wp\/v2\/media\/330583"}],"wp:attachment":[{"href":"https:\/\/kapitalis.com\/tunisie\/wp-json\/wp\/v2\/media?parent=330576"}],"wp:term":[{"taxonomy":"category","embeddable":true,"href":"https:\/\/kapitalis.com\/tunisie\/wp-json\/wp\/v2\/categories?post=330576"},{"taxonomy":"post_tag","embeddable":true,"href":"https:\/\/kapitalis.com\/tunisie\/wp-json\/wp\/v2\/tags?post=330576"}],"curies":[{"name":"wp","href":"https:\/\/api.w.org\/{rel}","templated":true}]}}