{"id":330596,"date":"2021-01-03T09:46:24","date_gmt":"2021-01-03T08:46:24","guid":{"rendered":"http:\/\/kapitalis.com\/tunisie\/?p=330596"},"modified":"2021-01-03T09:48:58","modified_gmt":"2021-01-03T08:48:58","slug":"avenue-bourguiba-un-creuset-de-la-crise-economique-en-tunisie","status":"publish","type":"post","link":"https:\/\/kapitalis.com\/tunisie\/2021\/01\/03\/avenue-bourguiba-un-creuset-de-la-crise-economique-en-tunisie\/","title":{"rendered":"Avenue Bourguiba, un creuset de la crise \u00e9conomique en Tunisie!"},"content":{"rendered":"\n<figure class=\"wp-block-image size-large is-resized\"><img loading=\"lazy\" decoding=\"async\" src=\"http:\/\/kapitalis.com\/tunisie\/wp-content\/uploads\/2015\/12\/Tunis-Avenue-Bourguiba.jpg\" alt=\"\" class=\"wp-image-29221\" width=\"580\" height=\"352\"\/><figcaption><em>L&rsquo;avenue Bourguiba nous balance en pleine figure l\u2019ampleur de la crise travers\u00e9e par la Tunisie, 10 ans apr\u00e8s la R\u00e9volte du Jasmin<\/em>.<\/figcaption><\/figure>\n\n\n\n<p><strong><em>Ce 2e jour de janvier 2021, ma chambre au 18e \u00e9tage de l\u2019H\u00f4tel Africa m\u2019offre une vue imprenable : un ciel bleu pourpre, un soleil magnifique et une vue lat\u00e9rale sur la mer m\u00e9diterran\u00e9enne. Mais, d\u00e8s qu\u2019on traverse la porte-tambour de l\u2019h\u00f4tel, l\u2019Avenue Bourguiba nous balance et en pleine figure, l\u2019ampleur de la crise travers\u00e9e par la Tunisie, 10 ans, presque jour pour jour, apr\u00e8s la R\u00e9volte du Jasmin. D\u00e9labrement avanc\u00e9 d\u2019immeubles, barricades, barbel\u00e9s, hommes en armes, pancartes syndicales, pi\u00e9tons aux traits tir\u00e9s, mendiants et d\u00e9tritus par terre\u2026 seuls les \u00e9difices bancaires arborent la \u00abrichesse\u00bb, m\u00eame si, \u00e0 leurs portes, des trafiquants de devises harc\u00e8lent les rares touristes! Ambiance\u2026<\/em><\/strong><\/p>\n\n\n\n<p>Par <strong>Moktar Lamari<\/strong>, Ph.D. *<\/p>\n\n\n\n<!--more-->\n\n\n\n<div class=\"wp-block-image\"><figure class=\"alignleft size-large is-resized\"><img decoding=\"async\" src=\"http:\/\/kapitalis.com\/tunisie\/wp-content\/uploads\/2019\/10\/Moktar-Lamari.jpg\" alt=\"\" class=\"wp-image-246439\" width=\"200\"\/><\/figure><\/div>\n\n\n\n<p>Natif de Tunis des ann\u00e9es 1950, je ne reconnais plus ma ville natale, m\u00eame si je reviens au pays, au moins deux fois par an. Ce matin, j\u2019ai parcouru \u00e0 pied et tranquillement les 1500 m\u00e8tres s\u00e9parant la sortie de la M\u00e9dina jusqu\u2019au c\u00f4t\u00e9 TGM (gare du train blanc liant Tunis-Goulette-Marsa).<\/p>\n\n\n\n<h3 class=\"wp-block-heading\">Un condens\u00e9 de la crise\u2026 en 40 minutes de marche<\/h3>\n\n\n\n<p>Et tout est l\u00e0 pour me demander pourquoi un tel d\u00e9labrement, pourquoi ces \u00e9lites et gouvernements ne font rien pour r\u00e9habiliter Tunis, anciens et vieux quartiers, et pourquoi la soci\u00e9t\u00e9 civile ne bouge pas pour contrer la d\u00e9ch\u00e9ance de cette ville, ayant trois mille ans d\u2019histoire et de civilisation.<\/p>\n\n\n\n<p>Tous les quartiers et rues attenants \u00e0 l\u2019Avenue Bourguiba sont balafr\u00e9s par ces immeubles mal entretenus et quasiment insalubres et d\u00e9vast\u00e9s par le manque d\u2019entretien (peintures fan\u00e9es, balcons fracass\u00e9s, toits enfonc\u00e9s, persiennes en lambeaux, murs d\u00e9goulinants, etc.). Un probl\u00e8me de mal-gouvernance, une carence de gestion et un jeu de sp\u00e9culateurs fonciers seraient \u00e0 l\u2019origine de ce craqu\u00e8lement de la ville. En cause, des probl\u00e8mes d\u2019occupation ill\u00e9gale, des litiges qui s\u2019\u00e9ternisent au sujet de l\u2019appropriation, un d\u00e9sinvestissement dans le bien public, le bien indivisible, pris en otage par un syst\u00e8me de justice d\u00e9suet et incapable de raisonner la propri\u00e9t\u00e9 en termes \u00e9conomiques (juges, avocats, sp\u00e9culateurs, entre autres). Ces immeubles ont \u00e9t\u00e9 d\u00e9sert\u00e9s par leurs propri\u00e9taires fran\u00e7ais \u00e0 l\u2019ind\u00e9pendance et depuis, c\u2019est le laisser-aller et c\u2019est le d\u00e9labrement \u00e0 petit feu!<\/p>\n\n\n\n<p>Tout ou presque donne l\u2019impression que Tunis est aujourd\u2019hui laiss\u00e9e pour compte! Les immeubles de la ville moderne, cr\u00e9\u00e9e entre 1880 et 1955, craquent et se craquellent au vu et au su de tout le monde. Dans l\u2019indiff\u00e9rence totale! La salet\u00e9 des trottoirs ajoute une autre couche aux malheurs de la ville et de ses fans.<\/p>\n\n\n\n<p>Autre image d\u00e9plorable de Tunis d\u2019aujourd\u2019hui, a trait \u00e0 ces barricades install\u00e9es sur les trottoirs (de l\u2019ambassade de France au si\u00e8ge du minist\u00e8re de l\u2019Int\u00e9rieur), p\u00eale-m\u00eale, dans les passages pi\u00e9tons, avec des sacs de sable et des gu\u00e9rites en b\u00e9ton arm\u00e9, abritant des policiers en armes, pr\u00e8s \u00e0 tirer. Pour te promener, tu fr\u00f4les plusieurs fois l\u2019\u00e9paule d\u2019un policier arm\u00e9 et au regard s\u00e9v\u00e8re, sombre et inquisitoire. Bonjour l\u2019accueil!<\/p>\n\n\n\n<div class=\"wp-block-image\"><figure class=\"aligncenter size-large is-resized\"><img decoding=\"async\" src=\"http:\/\/kapitalis.com\/tunisie\/wp-content\/uploads\/2021\/01\/Hotel-International.jpg\" alt=\"\" class=\"wp-image-330597\" width=\"500\"\/><figcaption><em>H\u00f4tel International aux acc\u00e8s bloqu\u00e9s, la police est omnipr\u00e9sente.<\/em><\/figcaption><\/figure><\/div>\n\n\n\n<p>\u00c0 cela s\u2019ajoutent toutes ces pancartes mal \u00e9crites, mal con\u00e7ues qui bloquent les acc\u00e8s de l\u2019H\u00f4tel International (600 lits, 10 \u00e9tages, 300 employ\u00e9s et plus 600 m\u00e8tres de trottoirs). Une sc\u00e8ne qui montre combien les revendications et contestations syndicales d\u00e9truisent des emplois productifs et rongent vicieusement la cr\u00e9ation de richesse et du bien-\u00eatre.<\/p>\n\n\n\n<h3 class=\"wp-block-heading\">Banques imposantes\u2026 trafic de devises au grand jour<\/h3>\n\n\n\n<p>Dans ce centre-ville c\u00e9l\u00e8bre et connu pour ses manifestations du Printemps arabe, on se demande souvent o\u00f9 sont les \u00e9difices des grandes entreprises nationales, soci\u00e9t\u00e9s d\u2019\u00c9tat, entreprises industrielles, celles des services et du commerce international. Les banques ont tout \u00e9cras\u00e9 \u00e0 leur passage, elles ont d\u00e9figur\u00e9 cette art\u00e8re et d\u00e9multipli\u00e9 leurs succursales ou si\u00e8ges sociaux.<\/p>\n\n\n\n<p>Un miroir refl\u00e9tant la physionomie de la crise \u00e9conomique de la Tunisie d\u2019aujourd\u2019hui. Des banques, publiques, priv\u00e9es, arabes, internationales\u2026 et points de place pour le reste. L\u2019argent pour l\u2019argent!<\/p>\n\n\n\n<p>La prosp\u00e9rit\u00e9 de ces banques s\u2019est renforc\u00e9e les derni\u00e8res ann\u00e9es, avec des taux d\u2019int\u00e9r\u00eat excessifs et pratiques peu concurrentielles \u00e9difi\u00e9es et entretenues par les politiques mon\u00e9taires, sous l\u2019\u00e9gide de la Banque centrale, qui se trouve \u00e0 10 min \u00e0 pied de l\u2019avenue Bourguiba. Des politiques mon\u00e9taires d\u00e9vastatrices pour l\u2019investissement, handicapantes pour le march\u00e9 libre et peu soucieuses de la cr\u00e9ation des richesses mat\u00e9rielles.<\/p>\n\n\n\n<p>Mais, chose \u00e9tonnante, en plein de l\u2019avenue la plus polic\u00e9e de la Tunisie, les vendeurs \u00e0 la sauvette et les trafiquants de devises pullulent dans chaque coin de rue. Ils paradent au grand jour, en vous apostrophant : <em>\u00abSarf, sarf, sarf\u2026 dollars, euros\u2026\u00bb<\/em> Va savoir, o\u00f9 vont ces sommes colossales de devises d\u00e9tourn\u00e9es au grand jour au c\u0153ur de la ville de Tunis.<\/p>\n\n\n\n<div class=\"wp-block-image\"><figure class=\"aligncenter size-large is-resized\"><img decoding=\"async\" src=\"http:\/\/kapitalis.com\/tunisie\/wp-content\/uploads\/2015\/06\/Marche-central-de-Tunis4.jpg\" alt=\"\" class=\"wp-image-5532\" width=\"500\"\/><figcaption><em>March\u00e9 central de Tunis : la vitrine d&rsquo;une Tunisie laborieuse. <\/em><\/figcaption><\/figure><\/div>\n\n\n\n<h3 class=\"wp-block-heading\">March\u00e9 central : un \u00eelot de la Tunisie g\u00e9n\u00e9reuse et productive<\/h3>\n\n\n\n<p>\u00c0 moins de 500 m\u00e8tres de l\u2019avenue Bourguiba se dresse le march\u00e9 central de Tunis, un espace de quelques centaines de m\u00e8tres carr\u00e9s, pas plus! En vedette les poissons et fruits de mer\u2026 tout y est, des produits frais, des produits bio, des couleurs, des odeurs\u2026 dans un d\u00e9cor sublime et une ambiance sociale et humaine unique. Du m\u00e9rou \u00e0 22 dinars le kg, des pieuvres \u00e0 30 dinars le kg, des crevettes royales \u00e0 22 dinars le kg\u2026<\/p>\n\n\n\n<p>Les l\u00e9gumes, les fruits, les plantes, les fleurs, les fromages, du pain traditionnel, de l\u2019huile, des olives\u2026 pour pas cher et tr\u00e8s beaux \u00e0 voir!<\/p>\n\n\n\n<p>C\u2019est une preuve de la Tunisie profonde, la Tunisie qui travaille en silence, une Tunisie qui produit et qui honore, encore et encore, son image de marque : le grenier de Rome!<\/p>\n\n\n\n<p>Et, pas pour rien, la crise \u00e9conomique que traverse la Tunisie post-2011 est att\u00e9nu\u00e9e, un tant soit peu, par l\u2019augmentation exponentielle des exportations de ces produits de terroir, ces produits agroalimentaires qui font encore la richesse et le bonheur des acheteurs et vendeurs qui se croisent dans cet espace \u00e9conomique par excellence : le march\u00e9 libre, le march\u00e9 o\u00f9 se croisent l\u2019offre et la demande, par la magie de la main invisible de la r\u00e9gulation du couple prix-qualit\u00e9.<\/p>\n\n\n\n<div class=\"wp-block-image\"><figure class=\"aligncenter size-large is-resized\"><img decoding=\"async\" src=\"http:\/\/kapitalis.com\/tunisie\/wp-content\/uploads\/2021\/01\/Barbeles-ambassade-de-France.jpg\" alt=\"\" class=\"wp-image-330598\" width=\"500\"\/><figcaption><em>Le si\u00e8ge de l\u00a0\u00bbambassade de France prot\u00e9g\u00e9 par les barbel\u00e9s.<\/em><\/figcaption><\/figure><\/div>\n\n\n\n<h3 class=\"wp-block-heading\">Honn\u00eates gens et attitudes : le capital humain en question!<\/h3>\n\n\n\n<p>Une impression qui ne trompe pas. Lors de ma sortie matinale, de ce 2 janvier 2021, je m\u2019arr\u00eate un moment devant la statue d\u2019Ibn Khaldoun, un natif de Tunis de 1332 (mort dans son exil au Caire en 1406). Et je ne peux m\u2019emp\u00eacher de penser aux \u00e9crits de ce fondateur de la sociologie moderne, et notamment \u00e0 ses explications et th\u00e9ories au sujet des d\u00e9terminants de la grandeur et la d\u00e9ch\u00e9ance des nations.<\/p>\n\n\n\n<p>Et dans ma r\u00e9flexion, je regarde les barricades et les policiers en arme prot\u00e9geant l\u2019ambassade de France et les blocs de b\u00e9ton qui balafrent le paysage et bloquent la tr\u00e8s belle rue de Jamel Abdennacer (du nom du c\u00e9l\u00e8bre leader de la pens\u00e9e politique panarabe et ex-pr\u00e9sident de l\u2019\u00c9gypte). Pas besoin de vous dire que le carr\u00e9 est plein de paradoxes, riche d\u2019enseignes et d\u2019enseignements\u2026<\/p>\n\n\n\n<div class=\"wp-block-image\"><figure class=\"aligncenter size-large is-resized\"><img decoding=\"async\" src=\"http:\/\/kapitalis.com\/tunisie\/wp-content\/uploads\/2021\/01\/Cafe-Univers.jpg\" alt=\"\" class=\"wp-image-330599\" width=\"500\"\/><figcaption><em>Caf\u00e9 L&rsquo;Univers : des clients aux regards livides, sans projets, sans sourire\u2026<\/em><\/figcaption><\/figure><\/div>\n\n\n\n<p>Juste apr\u00e8s, je m\u2019engouffre dans le c\u00e9l\u00e8bre caf\u00e9 L\u2019Univers (en plein avenue Bourguiba), \u00e0 deux pas de la statue d\u2019Ibn Khaldoun, pour me remettre en sirotant un expresso et un verre d\u2019eau (m\u00e9dication quotidienne oblige). Il \u00e9tait presque 10 heures du matin, et \u00e9tonnamment, il y avait des clients qui \u00e9taient \u00e0 leur \u00e9ni\u00e8me Celtia, la bi\u00e8re locale. Seul, chacun dans son coin, rien \u00e0 dire, pas de journaux entre les mains et encore moins de livres \u00e0 lire chez cette quinzaine de clients attabl\u00e9s, et aux regards livides, sans projets, sans sourire\u2026 Que des hommes \u00e9videmment! Une image d\u00e9chirante, une image de d\u00e9ch\u00e9ance humaine, grandeur nature!<\/p>\n\n\n\n<p>Cette image renvoie aux visiteurs \u00e9trangers l\u2019image d\u2019une frange de population, jeune et moins jeune, qui n\u2019a pas de projets et dont la productivit\u00e9, comme la valeur ajout\u00e9e sociale, est plus dans la zone n\u00e9gative que dans la zone positive. Une frange qui n\u2019a rien \u00e0 voir avec la R\u00e9volte du Jasmin, une frange qui a baiss\u00e9 les bras, rien \u00e0 faire, rien \u00e0 dire\u2026<\/p>\n\n\n\n<p>J\u2019ai d\u00fb en fin de matin\u00e9e m\u2019entretenir, tour \u00e0 tour, avec deux grands amis autour d\u2019une table discr\u00e8te dans le bar de mon h\u00f4tel : un PDG d\u2019une grande soci\u00e9t\u00e9 d\u2019\u00c9tat et un professeur d\u2019\u00e9conomie dans une c\u00e9l\u00e8bre universit\u00e9 d&rsquo;\u00e9conomie et de gestion \u00e0 Tunis. Faces masqu\u00e9es, distanciation sociale en r\u00e8gle, mes deux interlocuteurs m\u2019ont expliqu\u00e9 leur lecture de la crise \u00e9conomique actuelle. J\u2019ai retenu deux phrases qui en disent long sur leur engagement pour sortir l\u2019\u00e9conomie tunisienne de l\u2019emprise politique et des carcans religieux qui \u00e9crasent le sens du travail et bloquent les ambitions du bien-\u00eatre collectif.<\/p>\n\n\n\n<p>Le PDG me dit : <em>\u00abOn travaille fort pour sortir la Tunisie de sa crise \u00e9conomique et pour trouver des march\u00e9s internationaux au Canada et aux Etats-Unis\u2026\u00bb<\/em> et il ajoute : <em>\u00abLes querelles politiques doivent arr\u00eater, les \u00e9migr\u00e9s doivent nous \u00e9pauler et nous soutenir dans nos efforts\u00bb<\/em>. Le professeur universitaire me dit du haut de ses 65 ans : <em>\u00abLe pays est en quasi-faillite, m\u00eame les animaux du zoo du Belv\u00e9d\u00e8re meurent de faim aujourd\u2019hui. Le gouvernement doit agir pour r\u00e9duire ses gaspillages\u2026 Moi, tant et aussi longtemps que je suis en sant\u00e9, je vais enseigner et former mes \u00e9tudiants au doctorat, je dois beaucoup de choses \u00e0 ma Tunisie\u2026\u00bb.<\/em><\/p>\n\n\n\n<p>* <em>Universitaire au Canada<\/em>.<\/p>\n\n\n\n<h4 class=\"wp-block-heading\"><em>Articles du m\u00eame auteur dans Kapitalis:  <\/em><\/h4>\n\n\n\n<figure class=\"wp-block-embed-wordpress wp-block-embed is-type-wp-embed is-provider-kapitalis\"><div class=\"wp-block-embed__wrapper\">\n<blockquote class=\"wp-embedded-content\" data-secret=\"uIX0zXf85y\"><a href=\"https:\/\/kapitalis.com\/tunisie\/2020\/12\/30\/tunisie-emoi-des-economistes-desarroi-de-leconomie\/\">Tunisie : \u00e9moi des \u00e9conomistes, d\u00e9sarroi de l\u2019\u00e9conomie !<\/a><\/blockquote><iframe loading=\"lazy\" class=\"wp-embedded-content\" sandbox=\"allow-scripts\" security=\"restricted\" style=\"position: absolute; clip: rect(1px, 1px, 1px, 1px);\" title=\"\u00ab\u00a0Tunisie : \u00e9moi des \u00e9conomistes, d\u00e9sarroi de l\u2019\u00e9conomie !\u00a0\u00bb &#8212; Kapitalis\" src=\"https:\/\/kapitalis.com\/tunisie\/2020\/12\/30\/tunisie-emoi-des-economistes-desarroi-de-leconomie\/embed\/#?secret=R8qbzoACRW#?secret=uIX0zXf85y\" data-secret=\"uIX0zXf85y\" width=\"600\" height=\"338\" frameborder=\"0\" marginwidth=\"0\" marginheight=\"0\" scrolling=\"no\"><\/iframe>\n<\/div><\/figure>\n\n\n\n<figure class=\"wp-block-embed-wordpress wp-block-embed is-type-wp-embed is-provider-kapitalis\"><div class=\"wp-block-embed__wrapper\">\n<blockquote class=\"wp-embedded-content\" data-secret=\"jff23wEx8q\"><a href=\"https:\/\/kapitalis.com\/tunisie\/2020\/12\/24\/jasettes-et-girouettes-quel-dialogue-national-pour-la-tunisie\/\">Jasettes et girouettes : quel dialogue national pour la Tunisie ?<\/a><\/blockquote><iframe loading=\"lazy\" class=\"wp-embedded-content\" sandbox=\"allow-scripts\" security=\"restricted\" style=\"position: absolute; clip: rect(1px, 1px, 1px, 1px);\" title=\"\u00ab\u00a0Jasettes et girouettes : quel dialogue national pour la Tunisie ?\u00a0\u00bb &#8212; Kapitalis\" src=\"https:\/\/kapitalis.com\/tunisie\/2020\/12\/24\/jasettes-et-girouettes-quel-dialogue-national-pour-la-tunisie\/embed\/#?secret=U6bSGHcJAm#?secret=jff23wEx8q\" data-secret=\"jff23wEx8q\" width=\"600\" height=\"338\" frameborder=\"0\" marginwidth=\"0\" marginheight=\"0\" scrolling=\"no\"><\/iframe>\n<\/div><\/figure>\n\n\n\n<figure class=\"wp-block-embed-wordpress wp-block-embed is-type-wp-embed is-provider-kapitalis\"><div class=\"wp-block-embed__wrapper\">\n<blockquote class=\"wp-embedded-content\" data-secret=\"VknjjMLV3u\"><a href=\"https:\/\/kapitalis.com\/tunisie\/2020\/12\/10\/le-budget-2021-soins-palliatifs-pour-la-revolte-du-jasmin\/\">Le Budget 2021 : soins palliatifs pour la R\u00e9volte du Jasmin?<\/a><\/blockquote><iframe loading=\"lazy\" class=\"wp-embedded-content\" sandbox=\"allow-scripts\" security=\"restricted\" style=\"position: absolute; clip: rect(1px, 1px, 1px, 1px);\" title=\"\u00ab\u00a0Le Budget 2021 : soins palliatifs pour la R\u00e9volte du Jasmin?\u00a0\u00bb &#8212; Kapitalis\" src=\"https:\/\/kapitalis.com\/tunisie\/2020\/12\/10\/le-budget-2021-soins-palliatifs-pour-la-revolte-du-jasmin\/embed\/#?secret=Fc8zb5xPOb#?secret=VknjjMLV3u\" data-secret=\"VknjjMLV3u\" width=\"600\" height=\"338\" frameborder=\"0\" marginwidth=\"0\" marginheight=\"0\" scrolling=\"no\"><\/iframe>\n<\/div><\/figure>\n","protected":false},"excerpt":{"rendered":"<p>Ce 2e jour de janvier 2021, ma chambre au 18e \u00e9tage de l\u2019H\u00f4tel Africa m\u2019offre une vue imprenable : un ciel bleu pourpre, un soleil magnifique et une vue lat\u00e9rale sur la mer m\u00e9diterran\u00e9enne. Mais, d\u00e8s qu\u2019on traverse la porte-tambour de l\u2019h\u00f4tel, l\u2019Avenue Bourguiba nous balance et en pleine figure, l\u2019ampleur de la crise travers\u00e9e&#8230;<\/p>\n","protected":false},"author":8,"featured_media":330597,"comment_status":"open","ping_status":"open","sticky":false,"template":"","format":"standard","meta":{"footnotes":""},"categories":[992,995,1000,2433],"tags":[72687,248,86214,86213,86215,74726,64491,62643],"class_list":["post-330596","post","type-post","status-publish","format-standard","has-post-thumbnail","hentry","category-a-la-une","category-economie","category-tribune","category-tunisie","tag-avenue-bourguiba","tag-crise-economique","tag-hotel-africa","tag-hotel-international","tag-marche-central-de-tunis","tag-revolte-du-jasmin","tag-tunis","tag-tunisie"],"yoast_head":"<!-- This site is optimized with the Yoast SEO plugin v26.6 - https:\/\/yoast.com\/wordpress\/plugins\/seo\/ -->\n<title>Avenue Bourguiba, un creuset de la crise \u00e9conomique en Tunisie! - Kapitalis<\/title>\n<meta name=\"robots\" content=\"index, follow, max-snippet:-1, max-image-preview:large, max-video-preview:-1\" \/>\n<link rel=\"canonical\" href=\"https:\/\/kapitalis.com\/tunisie\/2021\/01\/03\/avenue-bourguiba-un-creuset-de-la-crise-economique-en-tunisie\/\" \/>\n<meta property=\"og:locale\" content=\"fr_FR\" \/>\n<meta property=\"og:type\" content=\"article\" \/>\n<meta property=\"og:title\" content=\"Avenue Bourguiba, un creuset de la crise \u00e9conomique en Tunisie! - Kapitalis\" \/>\n<meta property=\"og:description\" content=\"Ce 2e jour de janvier 2021, ma chambre au 18e \u00e9tage de l\u2019H\u00f4tel Africa m\u2019offre une vue imprenable : un ciel bleu pourpre, un soleil magnifique et une vue lat\u00e9rale sur la mer m\u00e9diterran\u00e9enne. Mais, d\u00e8s qu\u2019on traverse la porte-tambour de l\u2019h\u00f4tel, l\u2019Avenue Bourguiba nous balance et en pleine figure, l\u2019ampleur de la crise travers\u00e9e...\" \/>\n<meta property=\"og:url\" content=\"https:\/\/kapitalis.com\/tunisie\/2021\/01\/03\/avenue-bourguiba-un-creuset-de-la-crise-economique-en-tunisie\/\" \/>\n<meta property=\"og:site_name\" content=\"Kapitalis\" \/>\n<meta property=\"article:publisher\" content=\"https:\/\/www.facebook.com\/KapitalisInfo\/\" \/>\n<meta property=\"article:published_time\" content=\"2021-01-03T08:46:24+00:00\" \/>\n<meta property=\"article:modified_time\" content=\"2021-01-03T08:48:58+00:00\" \/>\n<meta property=\"og:image\" content=\"https:\/\/kapitalis.com\/tunisie\/wp-content\/uploads\/2022\/05\/kapitalis-logo-fb.png\" \/>\n\t<meta property=\"og:image:width\" content=\"1200\" \/>\n\t<meta property=\"og:image:height\" content=\"630\" \/>\n\t<meta property=\"og:image:type\" content=\"image\/png\" \/>\n<meta name=\"author\" content=\"webmaster kapitalis\" \/>\n<meta name=\"twitter:card\" content=\"summary_large_image\" \/>\n<meta name=\"twitter:creator\" content=\"@KapitalisInfo\" \/>\n<meta name=\"twitter:site\" content=\"@KapitalisInfo\" \/>\n<meta name=\"twitter:label1\" content=\"\u00c9crit par\" \/>\n\t<meta name=\"twitter:data1\" content=\"webmaster kapitalis\" \/>\n\t<meta name=\"twitter:label2\" content=\"Dur\u00e9e de lecture estim\u00e9e\" \/>\n\t<meta name=\"twitter:data2\" content=\"9 minutes\" \/>\n<script type=\"application\/ld+json\" class=\"yoast-schema-graph\">{\"@context\":\"https:\/\/schema.org\",\"@graph\":[{\"@type\":\"Article\",\"@id\":\"https:\/\/kapitalis.com\/tunisie\/2021\/01\/03\/avenue-bourguiba-un-creuset-de-la-crise-economique-en-tunisie\/#article\",\"isPartOf\":{\"@id\":\"https:\/\/kapitalis.com\/tunisie\/2021\/01\/03\/avenue-bourguiba-un-creuset-de-la-crise-economique-en-tunisie\/\"},\"author\":{\"name\":\"webmaster kapitalis\",\"@id\":\"https:\/\/kapitalis.com\/tunisie\/#\/schema\/person\/d71f33a9ca44f7bad4698210b480c8e9\"},\"headline\":\"Avenue Bourguiba, un creuset de la crise \u00e9conomique en Tunisie!\",\"datePublished\":\"2021-01-03T08:46:24+00:00\",\"dateModified\":\"2021-01-03T08:48:58+00:00\",\"mainEntityOfPage\":{\"@id\":\"https:\/\/kapitalis.com\/tunisie\/2021\/01\/03\/avenue-bourguiba-un-creuset-de-la-crise-economique-en-tunisie\/\"},\"wordCount\":1781,\"commentCount\":8,\"publisher\":{\"@id\":\"https:\/\/kapitalis.com\/tunisie\/#organization\"},\"image\":{\"@id\":\"https:\/\/kapitalis.com\/tunisie\/2021\/01\/03\/avenue-bourguiba-un-creuset-de-la-crise-economique-en-tunisie\/#primaryimage\"},\"thumbnailUrl\":\"\",\"keywords\":[\"avenue Bourguiba\",\"crise \u00e9conomique\",\"H\u00f4tel Africa\",\"H\u00f4tel International\",\"March\u00e9 central de Tunis\",\"r\u00e9volte du Jasmin\",\"Tunis\",\"Tunisie\"],\"articleSection\":[\"A LA UNE\",\"ECONOMIE\",\"TRIBUNE\",\"Tunisie\"],\"inLanguage\":\"fr-FR\",\"potentialAction\":[{\"@type\":\"CommentAction\",\"name\":\"Comment\",\"target\":[\"https:\/\/kapitalis.com\/tunisie\/2021\/01\/03\/avenue-bourguiba-un-creuset-de-la-crise-economique-en-tunisie\/#respond\"]}]},{\"@type\":\"WebPage\",\"@id\":\"https:\/\/kapitalis.com\/tunisie\/2021\/01\/03\/avenue-bourguiba-un-creuset-de-la-crise-economique-en-tunisie\/\",\"url\":\"https:\/\/kapitalis.com\/tunisie\/2021\/01\/03\/avenue-bourguiba-un-creuset-de-la-crise-economique-en-tunisie\/\",\"name\":\"Avenue Bourguiba, un creuset de la crise \u00e9conomique en Tunisie! - Kapitalis\",\"isPartOf\":{\"@id\":\"https:\/\/kapitalis.com\/tunisie\/#website\"},\"primaryImageOfPage\":{\"@id\":\"https:\/\/kapitalis.com\/tunisie\/2021\/01\/03\/avenue-bourguiba-un-creuset-de-la-crise-economique-en-tunisie\/#primaryimage\"},\"image\":{\"@id\":\"https:\/\/kapitalis.com\/tunisie\/2021\/01\/03\/avenue-bourguiba-un-creuset-de-la-crise-economique-en-tunisie\/#primaryimage\"},\"thumbnailUrl\":\"\",\"datePublished\":\"2021-01-03T08:46:24+00:00\",\"dateModified\":\"2021-01-03T08:48:58+00:00\",\"breadcrumb\":{\"@id\":\"https:\/\/kapitalis.com\/tunisie\/2021\/01\/03\/avenue-bourguiba-un-creuset-de-la-crise-economique-en-tunisie\/#breadcrumb\"},\"inLanguage\":\"fr-FR\",\"potentialAction\":[{\"@type\":\"ReadAction\",\"target\":[\"https:\/\/kapitalis.com\/tunisie\/2021\/01\/03\/avenue-bourguiba-un-creuset-de-la-crise-economique-en-tunisie\/\"]}]},{\"@type\":\"ImageObject\",\"inLanguage\":\"fr-FR\",\"@id\":\"https:\/\/kapitalis.com\/tunisie\/2021\/01\/03\/avenue-bourguiba-un-creuset-de-la-crise-economique-en-tunisie\/#primaryimage\",\"url\":\"\",\"contentUrl\":\"\"},{\"@type\":\"BreadcrumbList\",\"@id\":\"https:\/\/kapitalis.com\/tunisie\/2021\/01\/03\/avenue-bourguiba-un-creuset-de-la-crise-economique-en-tunisie\/#breadcrumb\",\"itemListElement\":[{\"@type\":\"ListItem\",\"position\":1,\"name\":\"Accueil\",\"item\":\"https:\/\/kapitalis.com\/tunisie\/\"},{\"@type\":\"ListItem\",\"position\":2,\"name\":\"Avenue Bourguiba, un creuset de la crise \u00e9conomique en Tunisie!\"}]},{\"@type\":\"WebSite\",\"@id\":\"https:\/\/kapitalis.com\/tunisie\/#website\",\"url\":\"https:\/\/kapitalis.com\/tunisie\/\",\"name\":\"Kapitalis\",\"description\":\"L&#039;actualit\u00e9 en Tunisie et dans le monde\",\"publisher\":{\"@id\":\"https:\/\/kapitalis.com\/tunisie\/#organization\"},\"potentialAction\":[{\"@type\":\"SearchAction\",\"target\":{\"@type\":\"EntryPoint\",\"urlTemplate\":\"https:\/\/kapitalis.com\/tunisie\/?s={search_term_string}\"},\"query-input\":{\"@type\":\"PropertyValueSpecification\",\"valueRequired\":true,\"valueName\":\"search_term_string\"}}],\"inLanguage\":\"fr-FR\"},{\"@type\":\"Organization\",\"@id\":\"https:\/\/kapitalis.com\/tunisie\/#organization\",\"name\":\"Kapitalis\",\"url\":\"https:\/\/kapitalis.com\/tunisie\/\",\"logo\":{\"@type\":\"ImageObject\",\"inLanguage\":\"fr-FR\",\"@id\":\"https:\/\/kapitalis.com\/tunisie\/#\/schema\/logo\/image\/\",\"url\":\"https:\/\/kapitalis.com\/tunisie\/wp-content\/uploads\/2022\/05\/Kapitalis-big-size.png\",\"contentUrl\":\"https:\/\/kapitalis.com\/tunisie\/wp-content\/uploads\/2022\/05\/Kapitalis-big-size.png\",\"width\":5000,\"height\":1500,\"caption\":\"Kapitalis\"},\"image\":{\"@id\":\"https:\/\/kapitalis.com\/tunisie\/#\/schema\/logo\/image\/\"},\"sameAs\":[\"https:\/\/www.facebook.com\/KapitalisInfo\/\",\"https:\/\/x.com\/KapitalisInfo\",\"https:\/\/www.youtube.com\/channel\/UC-yDYrHyfFBWWZaOw3FPg9Q\"]},{\"@type\":\"Person\",\"@id\":\"https:\/\/kapitalis.com\/tunisie\/#\/schema\/person\/d71f33a9ca44f7bad4698210b480c8e9\",\"name\":\"webmaster kapitalis\",\"url\":\"https:\/\/kapitalis.com\/tunisie\/author\/webmaster-kapitalis\/\"}]}<\/script>\n<!-- \/ Yoast SEO plugin. -->","yoast_head_json":{"title":"Avenue Bourguiba, un creuset de la crise \u00e9conomique en Tunisie! - Kapitalis","robots":{"index":"index","follow":"follow","max-snippet":"max-snippet:-1","max-image-preview":"max-image-preview:large","max-video-preview":"max-video-preview:-1"},"canonical":"https:\/\/kapitalis.com\/tunisie\/2021\/01\/03\/avenue-bourguiba-un-creuset-de-la-crise-economique-en-tunisie\/","og_locale":"fr_FR","og_type":"article","og_title":"Avenue Bourguiba, un creuset de la crise \u00e9conomique en Tunisie! - Kapitalis","og_description":"Ce 2e jour de janvier 2021, ma chambre au 18e \u00e9tage de l\u2019H\u00f4tel Africa m\u2019offre une vue imprenable : un ciel bleu pourpre, un soleil magnifique et une vue lat\u00e9rale sur la mer m\u00e9diterran\u00e9enne. Mais, d\u00e8s qu\u2019on traverse la porte-tambour de l\u2019h\u00f4tel, l\u2019Avenue Bourguiba nous balance et en pleine figure, l\u2019ampleur de la crise travers\u00e9e...","og_url":"https:\/\/kapitalis.com\/tunisie\/2021\/01\/03\/avenue-bourguiba-un-creuset-de-la-crise-economique-en-tunisie\/","og_site_name":"Kapitalis","article_publisher":"https:\/\/www.facebook.com\/KapitalisInfo\/","article_published_time":"2021-01-03T08:46:24+00:00","article_modified_time":"2021-01-03T08:48:58+00:00","og_image":[{"width":1200,"height":630,"url":"https:\/\/kapitalis.com\/tunisie\/wp-content\/uploads\/2022\/05\/kapitalis-logo-fb.png","type":"image\/png"}],"author":"webmaster kapitalis","twitter_card":"summary_large_image","twitter_creator":"@KapitalisInfo","twitter_site":"@KapitalisInfo","twitter_misc":{"\u00c9crit par":"webmaster kapitalis","Dur\u00e9e de lecture estim\u00e9e":"9 minutes"},"schema":{"@context":"https:\/\/schema.org","@graph":[{"@type":"Article","@id":"https:\/\/kapitalis.com\/tunisie\/2021\/01\/03\/avenue-bourguiba-un-creuset-de-la-crise-economique-en-tunisie\/#article","isPartOf":{"@id":"https:\/\/kapitalis.com\/tunisie\/2021\/01\/03\/avenue-bourguiba-un-creuset-de-la-crise-economique-en-tunisie\/"},"author":{"name":"webmaster kapitalis","@id":"https:\/\/kapitalis.com\/tunisie\/#\/schema\/person\/d71f33a9ca44f7bad4698210b480c8e9"},"headline":"Avenue Bourguiba, un creuset de la crise \u00e9conomique en Tunisie!","datePublished":"2021-01-03T08:46:24+00:00","dateModified":"2021-01-03T08:48:58+00:00","mainEntityOfPage":{"@id":"https:\/\/kapitalis.com\/tunisie\/2021\/01\/03\/avenue-bourguiba-un-creuset-de-la-crise-economique-en-tunisie\/"},"wordCount":1781,"commentCount":8,"publisher":{"@id":"https:\/\/kapitalis.com\/tunisie\/#organization"},"image":{"@id":"https:\/\/kapitalis.com\/tunisie\/2021\/01\/03\/avenue-bourguiba-un-creuset-de-la-crise-economique-en-tunisie\/#primaryimage"},"thumbnailUrl":"","keywords":["avenue Bourguiba","crise \u00e9conomique","H\u00f4tel Africa","H\u00f4tel International","March\u00e9 central de Tunis","r\u00e9volte du Jasmin","Tunis","Tunisie"],"articleSection":["A LA UNE","ECONOMIE","TRIBUNE","Tunisie"],"inLanguage":"fr-FR","potentialAction":[{"@type":"CommentAction","name":"Comment","target":["https:\/\/kapitalis.com\/tunisie\/2021\/01\/03\/avenue-bourguiba-un-creuset-de-la-crise-economique-en-tunisie\/#respond"]}]},{"@type":"WebPage","@id":"https:\/\/kapitalis.com\/tunisie\/2021\/01\/03\/avenue-bourguiba-un-creuset-de-la-crise-economique-en-tunisie\/","url":"https:\/\/kapitalis.com\/tunisie\/2021\/01\/03\/avenue-bourguiba-un-creuset-de-la-crise-economique-en-tunisie\/","name":"Avenue Bourguiba, un creuset de la crise \u00e9conomique en Tunisie! - Kapitalis","isPartOf":{"@id":"https:\/\/kapitalis.com\/tunisie\/#website"},"primaryImageOfPage":{"@id":"https:\/\/kapitalis.com\/tunisie\/2021\/01\/03\/avenue-bourguiba-un-creuset-de-la-crise-economique-en-tunisie\/#primaryimage"},"image":{"@id":"https:\/\/kapitalis.com\/tunisie\/2021\/01\/03\/avenue-bourguiba-un-creuset-de-la-crise-economique-en-tunisie\/#primaryimage"},"thumbnailUrl":"","datePublished":"2021-01-03T08:46:24+00:00","dateModified":"2021-01-03T08:48:58+00:00","breadcrumb":{"@id":"https:\/\/kapitalis.com\/tunisie\/2021\/01\/03\/avenue-bourguiba-un-creuset-de-la-crise-economique-en-tunisie\/#breadcrumb"},"inLanguage":"fr-FR","potentialAction":[{"@type":"ReadAction","target":["https:\/\/kapitalis.com\/tunisie\/2021\/01\/03\/avenue-bourguiba-un-creuset-de-la-crise-economique-en-tunisie\/"]}]},{"@type":"ImageObject","inLanguage":"fr-FR","@id":"https:\/\/kapitalis.com\/tunisie\/2021\/01\/03\/avenue-bourguiba-un-creuset-de-la-crise-economique-en-tunisie\/#primaryimage","url":"","contentUrl":""},{"@type":"BreadcrumbList","@id":"https:\/\/kapitalis.com\/tunisie\/2021\/01\/03\/avenue-bourguiba-un-creuset-de-la-crise-economique-en-tunisie\/#breadcrumb","itemListElement":[{"@type":"ListItem","position":1,"name":"Accueil","item":"https:\/\/kapitalis.com\/tunisie\/"},{"@type":"ListItem","position":2,"name":"Avenue Bourguiba, un creuset de la crise \u00e9conomique en Tunisie!"}]},{"@type":"WebSite","@id":"https:\/\/kapitalis.com\/tunisie\/#website","url":"https:\/\/kapitalis.com\/tunisie\/","name":"Kapitalis","description":"L&#039;actualit\u00e9 en Tunisie et dans le monde","publisher":{"@id":"https:\/\/kapitalis.com\/tunisie\/#organization"},"potentialAction":[{"@type":"SearchAction","target":{"@type":"EntryPoint","urlTemplate":"https:\/\/kapitalis.com\/tunisie\/?s={search_term_string}"},"query-input":{"@type":"PropertyValueSpecification","valueRequired":true,"valueName":"search_term_string"}}],"inLanguage":"fr-FR"},{"@type":"Organization","@id":"https:\/\/kapitalis.com\/tunisie\/#organization","name":"Kapitalis","url":"https:\/\/kapitalis.com\/tunisie\/","logo":{"@type":"ImageObject","inLanguage":"fr-FR","@id":"https:\/\/kapitalis.com\/tunisie\/#\/schema\/logo\/image\/","url":"https:\/\/kapitalis.com\/tunisie\/wp-content\/uploads\/2022\/05\/Kapitalis-big-size.png","contentUrl":"https:\/\/kapitalis.com\/tunisie\/wp-content\/uploads\/2022\/05\/Kapitalis-big-size.png","width":5000,"height":1500,"caption":"Kapitalis"},"image":{"@id":"https:\/\/kapitalis.com\/tunisie\/#\/schema\/logo\/image\/"},"sameAs":["https:\/\/www.facebook.com\/KapitalisInfo\/","https:\/\/x.com\/KapitalisInfo","https:\/\/www.youtube.com\/channel\/UC-yDYrHyfFBWWZaOw3FPg9Q"]},{"@type":"Person","@id":"https:\/\/kapitalis.com\/tunisie\/#\/schema\/person\/d71f33a9ca44f7bad4698210b480c8e9","name":"webmaster kapitalis","url":"https:\/\/kapitalis.com\/tunisie\/author\/webmaster-kapitalis\/"}]}},"_links":{"self":[{"href":"https:\/\/kapitalis.com\/tunisie\/wp-json\/wp\/v2\/posts\/330596","targetHints":{"allow":["GET"]}}],"collection":[{"href":"https:\/\/kapitalis.com\/tunisie\/wp-json\/wp\/v2\/posts"}],"about":[{"href":"https:\/\/kapitalis.com\/tunisie\/wp-json\/wp\/v2\/types\/post"}],"author":[{"embeddable":true,"href":"https:\/\/kapitalis.com\/tunisie\/wp-json\/wp\/v2\/users\/8"}],"replies":[{"embeddable":true,"href":"https:\/\/kapitalis.com\/tunisie\/wp-json\/wp\/v2\/comments?post=330596"}],"version-history":[{"count":0,"href":"https:\/\/kapitalis.com\/tunisie\/wp-json\/wp\/v2\/posts\/330596\/revisions"}],"wp:featuredmedia":[{"embeddable":true,"href":"https:\/\/kapitalis.com\/tunisie\/wp-json\/wp\/v2\/media\/330597"}],"wp:attachment":[{"href":"https:\/\/kapitalis.com\/tunisie\/wp-json\/wp\/v2\/media?parent=330596"}],"wp:term":[{"taxonomy":"category","embeddable":true,"href":"https:\/\/kapitalis.com\/tunisie\/wp-json\/wp\/v2\/categories?post=330596"},{"taxonomy":"post_tag","embeddable":true,"href":"https:\/\/kapitalis.com\/tunisie\/wp-json\/wp\/v2\/tags?post=330596"}],"curies":[{"name":"wp","href":"https:\/\/api.w.org\/{rel}","templated":true}]}}