{"id":330607,"date":"2021-01-03T12:30:37","date_gmt":"2021-01-03T11:30:37","guid":{"rendered":"http:\/\/kapitalis.com\/tunisie\/?p=330607"},"modified":"2021-01-03T12:30:41","modified_gmt":"2021-01-03T11:30:41","slug":"opera-de-tunis-retour-des-sorties-theatre-du-5-au-9-janvier","status":"publish","type":"post","link":"https:\/\/kapitalis.com\/tunisie\/2021\/01\/03\/opera-de-tunis-retour-des-sorties-theatre-du-5-au-9-janvier\/","title":{"rendered":"Op\u00e9ra de Tunis : Retour des \u00ab\u00a0Sorties Th\u00e9\u00e2tre\u00a0\u00bb du 5 au 9 janvier"},"content":{"rendered":"\n<div class=\"wp-block-image\"><figure class=\"aligncenter size-large\"><img decoding=\"async\" src=\"http:\/\/kapitalis.com\/tunisie\/wp-content\/uploads\/2021\/01\/Untitled-2.jpg\" alt=\"\" class=\"wp-image-330610\"\/><\/figure><\/div>\n\n\n\n<p><strong><em>Plusieurs nouvelles pi\u00e8ces de th\u00e9\u00e2tres tunisiennes sont au programme des \u00ab\u00a0Sorties Th\u00e9\u00e2tre\u00a0\u00bb que propose l\u2019Op\u00e9ra de Tunis (Cit\u00e9 de la Culture) du 5 au 9 janvier 2021.<\/em><\/strong><\/p>\n\n\n\n<!--more-->\n\n\n\n<p>\u00ab&nbsp;Les Sorties Th\u00e9\u00e2tre&nbsp;\u00bb est une nouvelle manifestation d\u00e9di\u00e9e \u00e0 la d\u00e9couverte des derni\u00e8res productions th\u00e9\u00e2trales tunisiennes. Organis\u00e9 par le P\u00f4le Th\u00e9\u00e2tre et Arts sc\u00e9niques du Th\u00e9\u00e2tre de l\u2019Op\u00e9ra de Tunis, ce mini festival devait d\u2019abord avoir lieu au mois d\u2019octobre dernier, mais a d\u00fb \u00eatre report\u00e9 \u00e0 cause de la deuxi\u00e8me vague de la pand\u00e9mie du Coronavirus (Covid-19) qui a emp\u00each\u00e9 l\u2019ensemble des \u00e9v\u00e9nements culturels d\u2019avoir lieu \u00e0 cette p\u00e9riode.<\/p>\n\n\n\n<p>Cette premi\u00e8re \u00e9dition sera plac\u00e9e sous le th\u00e8me \u00ab&nbsp;R\u00e9sistance et c\u00e9l\u00e9bration de la vie&nbsp;\u00bb et donnera \u00e0 voir six nouvelles pi\u00e8ces de th\u00e9\u00e2tre tunisiennes.<\/p>\n\n\n\n<h4 class=\"wp-block-heading\"><strong>Le programme&nbsp;:<\/strong><\/h4>\n\n\n\n<p><strong>Mardi 05 janvier&nbsp;:<\/strong> \u00ab&nbsp;RAWAH&nbsp;\u00bb de Fatma Fellah&nbsp;;<\/p>\n\n\n\n<p><strong>Mercredi 06 janvier\u00a0:<\/strong> \u00ab\u00a0SOUKOUN\u00a0\u00bb de Nomen Hamda\u00a0;<\/p>\n\n\n\n<p><strong>Jeudi 07 janvier\u00a0:<\/strong> \u00ab\u00a0HANNIBAL\u00a0\u00bb de Taher Issa Belarbi et \u00ab\u00a0AL HAWEREB\u00a0\u00bb de Hafedh Khalifa\u00a0;<\/p>\n\n\n\n<p><strong>Vendredi 08 janvier\u00a0:<\/strong> \u00ab\u00a0PAPA CELLOPHANE\u00a0\u00bb d\u2019Abdelkader Ben Said\u00a0;<\/p>\n\n\n\n<p><strong>Samedi \u00a009 janvier<\/strong>\u00a0<strong>:<\/strong> \u00ab\u00a0SAADA\u00a0\u00bb de Nizar Saidi.<\/p>\n\n\n\n<p class=\"has-text-align-right\"><strong>Fawz Benali<\/strong><\/p>\n","protected":false},"excerpt":{"rendered":"<p>Plusieurs nouvelles pi\u00e8ces de th\u00e9\u00e2tres tunisiennes sont au programme des \u00ab\u00a0Sorties Th\u00e9\u00e2tre\u00a0\u00bb que propose l\u2019Op\u00e9ra de Tunis (Cit\u00e9 de la Culture) du 5 au 9 janvier 2021.<\/p>\n","protected":false},"author":26,"featured_media":330610,"comment_status":"open","ping_status":"open","sticky":false,"template":"","format":"standard","meta":{"footnotes":""},"categories":[994,2433],"tags":[43554,86218,80587,76231],"class_list":["post-330607","post","type-post","status-publish","format-standard","has-post-thumbnail","hentry","category-culture","category-tunisie","tag-cite-de-la-culture-de-tunis","tag-les-sorties-theatre","tag-opera-de-tunis","tag-theatre-tunisien"],"yoast_head":"<!-- This site is optimized with the Yoast SEO plugin v26.6 - https:\/\/yoast.com\/wordpress\/plugins\/seo\/ -->\n<title>Op\u00e9ra de Tunis : Retour des &quot;Sorties Th\u00e9\u00e2tre&quot; du 5 au 9 janvier - Kapitalis<\/title>\n<meta name=\"robots\" content=\"index, follow, max-snippet:-1, max-image-preview:large, max-video-preview:-1\" \/>\n<link rel=\"canonical\" href=\"https:\/\/kapitalis.com\/tunisie\/2021\/01\/03\/opera-de-tunis-retour-des-sorties-theatre-du-5-au-9-janvier\/\" \/>\n<meta property=\"og:locale\" content=\"fr_FR\" \/>\n<meta property=\"og:type\" content=\"article\" \/>\n<meta property=\"og:title\" content=\"Op\u00e9ra de Tunis : Retour des &quot;Sorties Th\u00e9\u00e2tre&quot; du 5 au 9 janvier - Kapitalis\" \/>\n<meta property=\"og:description\" content=\"Plusieurs nouvelles pi\u00e8ces de th\u00e9\u00e2tres tunisiennes sont au programme des \u00ab\u00a0Sorties Th\u00e9\u00e2tre\u00a0\u00bb que propose l\u2019Op\u00e9ra de Tunis (Cit\u00e9 de la Culture) du 5 au 9 janvier 2021.\" \/>\n<meta property=\"og:url\" content=\"https:\/\/kapitalis.com\/tunisie\/2021\/01\/03\/opera-de-tunis-retour-des-sorties-theatre-du-5-au-9-janvier\/\" \/>\n<meta property=\"og:site_name\" content=\"Kapitalis\" \/>\n<meta property=\"article:publisher\" content=\"https:\/\/www.facebook.com\/KapitalisInfo\/\" \/>\n<meta property=\"article:published_time\" content=\"2021-01-03T11:30:37+00:00\" \/>\n<meta property=\"article:modified_time\" content=\"2021-01-03T11:30:41+00:00\" \/>\n<meta property=\"og:image\" content=\"https:\/\/kapitalis.com\/tunisie\/wp-content\/uploads\/2022\/05\/kapitalis-logo-fb.png\" \/>\n\t<meta property=\"og:image:width\" content=\"1200\" \/>\n\t<meta property=\"og:image:height\" content=\"630\" \/>\n\t<meta property=\"og:image:type\" content=\"image\/png\" \/>\n<meta name=\"author\" content=\"Fawz BenAli\" \/>\n<meta name=\"twitter:card\" content=\"summary_large_image\" \/>\n<meta name=\"twitter:creator\" content=\"@KapitalisInfo\" \/>\n<meta name=\"twitter:site\" content=\"@KapitalisInfo\" \/>\n<meta name=\"twitter:label1\" content=\"\u00c9crit par\" \/>\n\t<meta name=\"twitter:data1\" content=\"Fawz BenAli\" \/>\n\t<meta name=\"twitter:label2\" content=\"Dur\u00e9e de lecture estim\u00e9e\" \/>\n\t<meta name=\"twitter:data2\" content=\"1 minute\" \/>\n<script type=\"application\/ld+json\" class=\"yoast-schema-graph\">{\"@context\":\"https:\/\/schema.org\",\"@graph\":[{\"@type\":\"Article\",\"@id\":\"https:\/\/kapitalis.com\/tunisie\/2021\/01\/03\/opera-de-tunis-retour-des-sorties-theatre-du-5-au-9-janvier\/#article\",\"isPartOf\":{\"@id\":\"https:\/\/kapitalis.com\/tunisie\/2021\/01\/03\/opera-de-tunis-retour-des-sorties-theatre-du-5-au-9-janvier\/\"},\"author\":{\"name\":\"Fawz BenAli\",\"@id\":\"https:\/\/kapitalis.com\/tunisie\/#\/schema\/person\/73a5ecc1f6ae540c6ed91342eadca948\"},\"headline\":\"Op\u00e9ra de Tunis : Retour des \u00ab\u00a0Sorties Th\u00e9\u00e2tre\u00a0\u00bb du 5 au 9 janvier\",\"datePublished\":\"2021-01-03T11:30:37+00:00\",\"dateModified\":\"2021-01-03T11:30:41+00:00\",\"mainEntityOfPage\":{\"@id\":\"https:\/\/kapitalis.com\/tunisie\/2021\/01\/03\/opera-de-tunis-retour-des-sorties-theatre-du-5-au-9-janvier\/\"},\"wordCount\":212,\"commentCount\":0,\"publisher\":{\"@id\":\"https:\/\/kapitalis.com\/tunisie\/#organization\"},\"image\":{\"@id\":\"https:\/\/kapitalis.com\/tunisie\/2021\/01\/03\/opera-de-tunis-retour-des-sorties-theatre-du-5-au-9-janvier\/#primaryimage\"},\"thumbnailUrl\":\"\",\"keywords\":[\"Cit\u00e9 de la Culture de Tunis\",\"Les sorties th\u00e9\u00e2tre\",\"Op\u00e9ra de Tunis\",\"th\u00e9\u00e2tre tunisien\"],\"articleSection\":[\"CULTURE\",\"Tunisie\"],\"inLanguage\":\"fr-FR\",\"potentialAction\":[{\"@type\":\"CommentAction\",\"name\":\"Comment\",\"target\":[\"https:\/\/kapitalis.com\/tunisie\/2021\/01\/03\/opera-de-tunis-retour-des-sorties-theatre-du-5-au-9-janvier\/#respond\"]}]},{\"@type\":\"WebPage\",\"@id\":\"https:\/\/kapitalis.com\/tunisie\/2021\/01\/03\/opera-de-tunis-retour-des-sorties-theatre-du-5-au-9-janvier\/\",\"url\":\"https:\/\/kapitalis.com\/tunisie\/2021\/01\/03\/opera-de-tunis-retour-des-sorties-theatre-du-5-au-9-janvier\/\",\"name\":\"Op\u00e9ra de Tunis : Retour des \\\"Sorties Th\u00e9\u00e2tre\\\" du 5 au 9 janvier - Kapitalis\",\"isPartOf\":{\"@id\":\"https:\/\/kapitalis.com\/tunisie\/#website\"},\"primaryImageOfPage\":{\"@id\":\"https:\/\/kapitalis.com\/tunisie\/2021\/01\/03\/opera-de-tunis-retour-des-sorties-theatre-du-5-au-9-janvier\/#primaryimage\"},\"image\":{\"@id\":\"https:\/\/kapitalis.com\/tunisie\/2021\/01\/03\/opera-de-tunis-retour-des-sorties-theatre-du-5-au-9-janvier\/#primaryimage\"},\"thumbnailUrl\":\"\",\"datePublished\":\"2021-01-03T11:30:37+00:00\",\"dateModified\":\"2021-01-03T11:30:41+00:00\",\"breadcrumb\":{\"@id\":\"https:\/\/kapitalis.com\/tunisie\/2021\/01\/03\/opera-de-tunis-retour-des-sorties-theatre-du-5-au-9-janvier\/#breadcrumb\"},\"inLanguage\":\"fr-FR\",\"potentialAction\":[{\"@type\":\"ReadAction\",\"target\":[\"https:\/\/kapitalis.com\/tunisie\/2021\/01\/03\/opera-de-tunis-retour-des-sorties-theatre-du-5-au-9-janvier\/\"]}]},{\"@type\":\"ImageObject\",\"inLanguage\":\"fr-FR\",\"@id\":\"https:\/\/kapitalis.com\/tunisie\/2021\/01\/03\/opera-de-tunis-retour-des-sorties-theatre-du-5-au-9-janvier\/#primaryimage\",\"url\":\"\",\"contentUrl\":\"\"},{\"@type\":\"BreadcrumbList\",\"@id\":\"https:\/\/kapitalis.com\/tunisie\/2021\/01\/03\/opera-de-tunis-retour-des-sorties-theatre-du-5-au-9-janvier\/#breadcrumb\",\"itemListElement\":[{\"@type\":\"ListItem\",\"position\":1,\"name\":\"Accueil\",\"item\":\"https:\/\/kapitalis.com\/tunisie\/\"},{\"@type\":\"ListItem\",\"position\":2,\"name\":\"Op\u00e9ra de Tunis : Retour des \u00ab\u00a0Sorties Th\u00e9\u00e2tre\u00a0\u00bb du 5 au 9 janvier\"}]},{\"@type\":\"WebSite\",\"@id\":\"https:\/\/kapitalis.com\/tunisie\/#website\",\"url\":\"https:\/\/kapitalis.com\/tunisie\/\",\"name\":\"Kapitalis\",\"description\":\"L&#039;actualit\u00e9 en Tunisie et dans le monde\",\"publisher\":{\"@id\":\"https:\/\/kapitalis.com\/tunisie\/#organization\"},\"potentialAction\":[{\"@type\":\"SearchAction\",\"target\":{\"@type\":\"EntryPoint\",\"urlTemplate\":\"https:\/\/kapitalis.com\/tunisie\/?s={search_term_string}\"},\"query-input\":{\"@type\":\"PropertyValueSpecification\",\"valueRequired\":true,\"valueName\":\"search_term_string\"}}],\"inLanguage\":\"fr-FR\"},{\"@type\":\"Organization\",\"@id\":\"https:\/\/kapitalis.com\/tunisie\/#organization\",\"name\":\"Kapitalis\",\"url\":\"https:\/\/kapitalis.com\/tunisie\/\",\"logo\":{\"@type\":\"ImageObject\",\"inLanguage\":\"fr-FR\",\"@id\":\"https:\/\/kapitalis.com\/tunisie\/#\/schema\/logo\/image\/\",\"url\":\"https:\/\/kapitalis.com\/tunisie\/wp-content\/uploads\/2022\/05\/Kapitalis-big-size.png\",\"contentUrl\":\"https:\/\/kapitalis.com\/tunisie\/wp-content\/uploads\/2022\/05\/Kapitalis-big-size.png\",\"width\":5000,\"height\":1500,\"caption\":\"Kapitalis\"},\"image\":{\"@id\":\"https:\/\/kapitalis.com\/tunisie\/#\/schema\/logo\/image\/\"},\"sameAs\":[\"https:\/\/www.facebook.com\/KapitalisInfo\/\",\"https:\/\/x.com\/KapitalisInfo\",\"https:\/\/www.youtube.com\/channel\/UC-yDYrHyfFBWWZaOw3FPg9Q\"]},{\"@type\":\"Person\",\"@id\":\"https:\/\/kapitalis.com\/tunisie\/#\/schema\/person\/73a5ecc1f6ae540c6ed91342eadca948\",\"name\":\"Fawz BenAli\",\"url\":\"https:\/\/kapitalis.com\/tunisie\/author\/fawz\/\"}]}<\/script>\n<!-- \/ Yoast SEO plugin. -->","yoast_head_json":{"title":"Op\u00e9ra de Tunis : Retour des \"Sorties Th\u00e9\u00e2tre\" du 5 au 9 janvier - Kapitalis","robots":{"index":"index","follow":"follow","max-snippet":"max-snippet:-1","max-image-preview":"max-image-preview:large","max-video-preview":"max-video-preview:-1"},"canonical":"https:\/\/kapitalis.com\/tunisie\/2021\/01\/03\/opera-de-tunis-retour-des-sorties-theatre-du-5-au-9-janvier\/","og_locale":"fr_FR","og_type":"article","og_title":"Op\u00e9ra de Tunis : Retour des \"Sorties Th\u00e9\u00e2tre\" du 5 au 9 janvier - Kapitalis","og_description":"Plusieurs nouvelles pi\u00e8ces de th\u00e9\u00e2tres tunisiennes sont au programme des \u00ab\u00a0Sorties Th\u00e9\u00e2tre\u00a0\u00bb que propose l\u2019Op\u00e9ra de Tunis (Cit\u00e9 de la Culture) du 5 au 9 janvier 2021.","og_url":"https:\/\/kapitalis.com\/tunisie\/2021\/01\/03\/opera-de-tunis-retour-des-sorties-theatre-du-5-au-9-janvier\/","og_site_name":"Kapitalis","article_publisher":"https:\/\/www.facebook.com\/KapitalisInfo\/","article_published_time":"2021-01-03T11:30:37+00:00","article_modified_time":"2021-01-03T11:30:41+00:00","og_image":[{"width":1200,"height":630,"url":"https:\/\/kapitalis.com\/tunisie\/wp-content\/uploads\/2022\/05\/kapitalis-logo-fb.png","type":"image\/png"}],"author":"Fawz BenAli","twitter_card":"summary_large_image","twitter_creator":"@KapitalisInfo","twitter_site":"@KapitalisInfo","twitter_misc":{"\u00c9crit par":"Fawz BenAli","Dur\u00e9e de lecture estim\u00e9e":"1 minute"},"schema":{"@context":"https:\/\/schema.org","@graph":[{"@type":"Article","@id":"https:\/\/kapitalis.com\/tunisie\/2021\/01\/03\/opera-de-tunis-retour-des-sorties-theatre-du-5-au-9-janvier\/#article","isPartOf":{"@id":"https:\/\/kapitalis.com\/tunisie\/2021\/01\/03\/opera-de-tunis-retour-des-sorties-theatre-du-5-au-9-janvier\/"},"author":{"name":"Fawz BenAli","@id":"https:\/\/kapitalis.com\/tunisie\/#\/schema\/person\/73a5ecc1f6ae540c6ed91342eadca948"},"headline":"Op\u00e9ra de Tunis : Retour des \u00ab\u00a0Sorties Th\u00e9\u00e2tre\u00a0\u00bb du 5 au 9 janvier","datePublished":"2021-01-03T11:30:37+00:00","dateModified":"2021-01-03T11:30:41+00:00","mainEntityOfPage":{"@id":"https:\/\/kapitalis.com\/tunisie\/2021\/01\/03\/opera-de-tunis-retour-des-sorties-theatre-du-5-au-9-janvier\/"},"wordCount":212,"commentCount":0,"publisher":{"@id":"https:\/\/kapitalis.com\/tunisie\/#organization"},"image":{"@id":"https:\/\/kapitalis.com\/tunisie\/2021\/01\/03\/opera-de-tunis-retour-des-sorties-theatre-du-5-au-9-janvier\/#primaryimage"},"thumbnailUrl":"","keywords":["Cit\u00e9 de la Culture de Tunis","Les sorties th\u00e9\u00e2tre","Op\u00e9ra de Tunis","th\u00e9\u00e2tre tunisien"],"articleSection":["CULTURE","Tunisie"],"inLanguage":"fr-FR","potentialAction":[{"@type":"CommentAction","name":"Comment","target":["https:\/\/kapitalis.com\/tunisie\/2021\/01\/03\/opera-de-tunis-retour-des-sorties-theatre-du-5-au-9-janvier\/#respond"]}]},{"@type":"WebPage","@id":"https:\/\/kapitalis.com\/tunisie\/2021\/01\/03\/opera-de-tunis-retour-des-sorties-theatre-du-5-au-9-janvier\/","url":"https:\/\/kapitalis.com\/tunisie\/2021\/01\/03\/opera-de-tunis-retour-des-sorties-theatre-du-5-au-9-janvier\/","name":"Op\u00e9ra de Tunis : Retour des \"Sorties Th\u00e9\u00e2tre\" du 5 au 9 janvier - Kapitalis","isPartOf":{"@id":"https:\/\/kapitalis.com\/tunisie\/#website"},"primaryImageOfPage":{"@id":"https:\/\/kapitalis.com\/tunisie\/2021\/01\/03\/opera-de-tunis-retour-des-sorties-theatre-du-5-au-9-janvier\/#primaryimage"},"image":{"@id":"https:\/\/kapitalis.com\/tunisie\/2021\/01\/03\/opera-de-tunis-retour-des-sorties-theatre-du-5-au-9-janvier\/#primaryimage"},"thumbnailUrl":"","datePublished":"2021-01-03T11:30:37+00:00","dateModified":"2021-01-03T11:30:41+00:00","breadcrumb":{"@id":"https:\/\/kapitalis.com\/tunisie\/2021\/01\/03\/opera-de-tunis-retour-des-sorties-theatre-du-5-au-9-janvier\/#breadcrumb"},"inLanguage":"fr-FR","potentialAction":[{"@type":"ReadAction","target":["https:\/\/kapitalis.com\/tunisie\/2021\/01\/03\/opera-de-tunis-retour-des-sorties-theatre-du-5-au-9-janvier\/"]}]},{"@type":"ImageObject","inLanguage":"fr-FR","@id":"https:\/\/kapitalis.com\/tunisie\/2021\/01\/03\/opera-de-tunis-retour-des-sorties-theatre-du-5-au-9-janvier\/#primaryimage","url":"","contentUrl":""},{"@type":"BreadcrumbList","@id":"https:\/\/kapitalis.com\/tunisie\/2021\/01\/03\/opera-de-tunis-retour-des-sorties-theatre-du-5-au-9-janvier\/#breadcrumb","itemListElement":[{"@type":"ListItem","position":1,"name":"Accueil","item":"https:\/\/kapitalis.com\/tunisie\/"},{"@type":"ListItem","position":2,"name":"Op\u00e9ra de Tunis : Retour des \u00ab\u00a0Sorties Th\u00e9\u00e2tre\u00a0\u00bb du 5 au 9 janvier"}]},{"@type":"WebSite","@id":"https:\/\/kapitalis.com\/tunisie\/#website","url":"https:\/\/kapitalis.com\/tunisie\/","name":"Kapitalis","description":"L&#039;actualit\u00e9 en Tunisie et dans le monde","publisher":{"@id":"https:\/\/kapitalis.com\/tunisie\/#organization"},"potentialAction":[{"@type":"SearchAction","target":{"@type":"EntryPoint","urlTemplate":"https:\/\/kapitalis.com\/tunisie\/?s={search_term_string}"},"query-input":{"@type":"PropertyValueSpecification","valueRequired":true,"valueName":"search_term_string"}}],"inLanguage":"fr-FR"},{"@type":"Organization","@id":"https:\/\/kapitalis.com\/tunisie\/#organization","name":"Kapitalis","url":"https:\/\/kapitalis.com\/tunisie\/","logo":{"@type":"ImageObject","inLanguage":"fr-FR","@id":"https:\/\/kapitalis.com\/tunisie\/#\/schema\/logo\/image\/","url":"https:\/\/kapitalis.com\/tunisie\/wp-content\/uploads\/2022\/05\/Kapitalis-big-size.png","contentUrl":"https:\/\/kapitalis.com\/tunisie\/wp-content\/uploads\/2022\/05\/Kapitalis-big-size.png","width":5000,"height":1500,"caption":"Kapitalis"},"image":{"@id":"https:\/\/kapitalis.com\/tunisie\/#\/schema\/logo\/image\/"},"sameAs":["https:\/\/www.facebook.com\/KapitalisInfo\/","https:\/\/x.com\/KapitalisInfo","https:\/\/www.youtube.com\/channel\/UC-yDYrHyfFBWWZaOw3FPg9Q"]},{"@type":"Person","@id":"https:\/\/kapitalis.com\/tunisie\/#\/schema\/person\/73a5ecc1f6ae540c6ed91342eadca948","name":"Fawz BenAli","url":"https:\/\/kapitalis.com\/tunisie\/author\/fawz\/"}]}},"_links":{"self":[{"href":"https:\/\/kapitalis.com\/tunisie\/wp-json\/wp\/v2\/posts\/330607","targetHints":{"allow":["GET"]}}],"collection":[{"href":"https:\/\/kapitalis.com\/tunisie\/wp-json\/wp\/v2\/posts"}],"about":[{"href":"https:\/\/kapitalis.com\/tunisie\/wp-json\/wp\/v2\/types\/post"}],"author":[{"embeddable":true,"href":"https:\/\/kapitalis.com\/tunisie\/wp-json\/wp\/v2\/users\/26"}],"replies":[{"embeddable":true,"href":"https:\/\/kapitalis.com\/tunisie\/wp-json\/wp\/v2\/comments?post=330607"}],"version-history":[{"count":0,"href":"https:\/\/kapitalis.com\/tunisie\/wp-json\/wp\/v2\/posts\/330607\/revisions"}],"wp:featuredmedia":[{"embeddable":true,"href":"https:\/\/kapitalis.com\/tunisie\/wp-json\/wp\/v2\/media\/330610"}],"wp:attachment":[{"href":"https:\/\/kapitalis.com\/tunisie\/wp-json\/wp\/v2\/media?parent=330607"}],"wp:term":[{"taxonomy":"category","embeddable":true,"href":"https:\/\/kapitalis.com\/tunisie\/wp-json\/wp\/v2\/categories?post=330607"},{"taxonomy":"post_tag","embeddable":true,"href":"https:\/\/kapitalis.com\/tunisie\/wp-json\/wp\/v2\/tags?post=330607"}],"curies":[{"name":"wp","href":"https:\/\/api.w.org\/{rel}","templated":true}]}}